{"id":15199,"date":"2021-05-01T13:57:39","date_gmt":"2021-05-01T11:57:39","guid":{"rendered":"https:\/\/evertonfc.cz\/?p=15199"},"modified":"2021-05-01T19:17:28","modified_gmt":"2021-05-01T17:17:28","slug":"preview-everton-aston-villa-8","status":"publish","type":"post","link":"https:\/\/evertonfc.cz\/index.php\/2021\/05\/01\/preview-everton-aston-villa-8\/","title":{"rendered":"Preview: Everton &#8211; Aston Villa"},"content":{"rendered":"<h4>Nej\u010dast\u011bji hran\u00fd z\u00e1pas v historii anglick\u00e9 nejvy\u0161\u0161\u00ed sout\u011b\u017ee, 205. vz\u00e1jemn\u00e9 ligov\u00e9 kl\u00e1n\u00ed tradi\u010dn\u00edch klub\u016f \u201ezakladatel\u016f\u201c, nebo nov\u011b tak\u00e9 Kazoo derby. Takov\u00fd je pl\u00e1n pro prvom\u00e1jov\u00fd ve\u010der. Teda, pokud jste bl\u00e1zen s modrou nemoc\u00ed.<\/h4>\n<p>Krom\u011b toho, \u017ee oba kluby st\u00e1ly u po\u010d\u00e1tku fotbalov\u00e9 sout\u011b\u017ee, poj\u00ed je nov\u011b i nov\u00fd sponzor na dresu. Pokud jste snad v bl\u00e1hov\u00e9m mamonu za\u010dali na s\u00edti internetov\u00e9ho prodejce aut sledovat, dostalo se i v\u00e1m nevy\u017e\u00e1dan\u00fdch novinek z prost\u0159ed\u00ed birminghamsk\u00e9ho klubu. Apropos, rozpoznal n\u011bkdo v logu sponzora membranofon?<\/p>\n<p>Prvn\u00ed m\u00e1j, to nen\u00ed jen l\u00e1sky \u010das, ale i sv\u00e1tek pr\u00e1ce. U n\u00e1s se tato p\u0159ipom\u00ednka t\u011bch, kdo vybojovali lep\u0161\u00ed pracovn\u00ed podm\u00ednky, z\u00a0pochopiteln\u00fdch d\u016fvod\u016f \u00fapln\u011b nenos\u00ed, ale fakt, \u017ee pro Everton je to teprve p\u00e1t\u00e9 dom\u00e1c\u00ed utk\u00e1n\u00ed v\u00a0tento den v\u00a0cel\u00e9 jeho historii zna\u010d\u00ed, \u017ee v\u00a0Brit\u00e1nii m\u011bl tento den sv\u00e9 zvl\u00e1\u0161tn\u00ed m\u00edsto. Ostatn\u011b, na tento den p\u0159ipad\u00e1 i nejni\u017e\u0161\u00ed dom\u00e1c\u00ed n\u00e1v\u0161t\u011bva, v\u00a0roce 1935 pr\u00fd bylo na Goodison Parku jen 7802 div\u00e1k\u016f. Btw., v\u00a0t\u011bch 4 dosavadn\u00edch prvom\u00e1jov\u00fdch ma\u010d\u00edch jsme doma je\u0161t\u011b nevyhr\u00e1li. Shit..<\/p>\n<p>Tak\u00e9 neb\u00fdv\u00e1 zvykem, aby se dva t\u00fdmy v EPL poprv\u00e9 utkali a\u017e v kv\u011btnu. M\u016f\u017ee za to, jak jinak, koronavirus, kter\u00fd v lednu zkosil n\u011bkolik hr\u00e1\u010d\u016f Villans a s dohr\u00e1vkou se dost ot\u00e1lelo. Jako by a\u017e tento duel p\u0159ipomn\u011bl veden\u00ed sout\u011b\u017ee, \u017ee n\u011bco chyb\u00ed, nov\u00fd term\u00edn tak byl vybr\u00e1n a\u017e v\u010dera. Hr\u00e1t se bude ve \u010dtvrtek 13.5.<\/p>\n<h4><strong>Ze soupe\u0159ova t\u00e1bora<\/strong><\/h4>\n<p>Aston Villa vstoupila do sout\u011b\u017ee podobn\u011b dob\u0159e jako Everton. \u010cty\u0159i v\u00fdhry, a nemohu se nezm\u00ednit, \u017ee nas\u00e1zela 7, slovy sedm, kousk\u016f do s\u00edt\u011b redshite. Aby to nezaniklo, r\u00e1d bych tomu pro lep\u0161\u00ed n\u00e1zornost v\u011bnoval sedm kor\u00e1lk\u016f \u00b0 \u00b0 \u00b0 \u00b0 \u00b0 \u00b0 \u00b0. D\u011bkujeme, Villo!<\/p>\n<p>Postupem \u010dasu ale Villans trochu odpadli a\u017e na sou\u010dasnou 11. p\u0159\u00ed\u010dku. Na vin\u011b, snad krom\u011b koronaviru, je \u00fanorov\u00e9 zran\u011bn\u00ed nejv\u011bt\u0161\u00ed hv\u011bzdy birminghamsk\u00fdch, Jacka Grealishe. Zran\u011bn\u00ed holen\u011b by \u0161p\u00edlmachra nem\u011blo pustit ani do dne\u0161n\u00edho z\u00e1pasu. Stejn\u011b jako Trezegueta a lednovou posilu Sansona. Z\u00e1loha ale disponuje \u0159adou znamenit\u00fdch hr\u00e1\u010d\u016f, jmenovit\u011b John McGinn, p\u0159ekvapiv\u011b produktivn\u00ed Anwar El Ghazi, defenzivn\u00ed Douglas Luiz a tak\u00e9 dob\u0159e zn\u00e1m\u00fd Ross Barkley. Ten v\u00a0t\u00fdmu zat\u00edm jen hostuje, ale mana\u017eer AV Dean Smith se ned\u00e1vno diplomaticky vyj\u00e1d\u0159il, \u017ee ten z\u016fstane hr\u00e1\u010dem Chelsea.<\/p>\n<p>Dobr\u00fdm kaufem se ukazuje z Brentfordu p\u0159\u00edchoz\u00ed Ollie Watkins, kter\u00fd se v sez\u00f3n\u011b trefil u\u017e 14kr\u00e1t a za\u010dal spl\u00e1cet svou cenovku okolo 30 milion\u016f liber. Nebo eur. Po dlouh\u00e9m zran\u011bn\u00ed se do tr\u00e9ninku vr\u00e1til i Brazilec Wesley.<\/p>\n<h4><strong>Dom\u00e1c\u00ed faz\u00f3na<\/strong><\/h4>\n<p>Everton \u010dek\u00e1 na z\u00e1v\u011br sez\u00f3ny l\u00edt\u00fd boj o poh\u00e1ry. P\u0159itom se ned\u00e1 \u0159\u00edct, \u017ee by si na to vyhradil n\u011bjakou velkou formu. Doma 3 z\u00e1pasy nevyhr\u00e1l a celkov\u011b to doma na GP bez fanou\u0161k\u016f nen\u00ed ono, jak v\u0161ichni v\u00edme. Posledn\u00ed 3 v\u00fdhry jsou ze skupiny jednobrankov\u00fdch a ani v jednom p\u0159\u00edpad\u011b to nebyl koncert. Alespo\u0148 jedna dobr\u00e1 zpr\u00e1va, vyjma Doucour\u00e9ho a Gbamina jsou v\u0161ichni zdr\u00e1vi. A o zdrav\u00ed by n\u00e1m m\u011blo j\u00edt p\u0159edev\u0161\u00edm!<\/p>\n<p>V\u011b\u0159\u00edm, \u017ee se n\u00e1m poda\u0159\u00ed nav\u00e1zat na bilanci z posledn\u00edch z\u00e1pas\u016f s Villans, neprohr\u00e1li jsme ji\u017e 9kr\u00e1t od roku 2008. Dal\u0161\u00ed 3 body jsou velmi pot\u0159ebn\u00e9, snad je v\u0161echny udr\u017e\u00edme i za cenu omr\u00e1\u010den\u00ed nezaujat\u00fdch televizn\u00edch div\u00e1k\u016f! COYB!<\/p>\n<p><strong>Co<\/strong>: Everton FC \u2013 Aston Villa FC, 34. kolo Premier League<br \/>\n<strong>Kdy<\/strong>: sobota 1. kv\u011btna 2021 od 21:00 SE\u010c<br \/>\n<strong>TV<\/strong>: na stanici Premier sport \u2013 p\u0159\u00edm\u00fd p\u0159enos<br \/>\n<strong>Kde<\/strong>: Goodison Park \u2013 Goodison Rd, Liverpool L4 4EL<br \/>\n<strong>Rozhod\u010d\u00ed<\/strong>: Simon Hooper <strong>Postrann\u00ed<\/strong><strong>:\u00a0<\/strong>Harry Lennard, Derek Eaton <strong>\u010ctvrt\u00fd<\/strong> <strong>rozhod\u010d\u00ed<\/strong><strong>:\u00a0<\/strong>Andy Madley<br \/>\n<strong>VAR<\/strong><strong>:<\/strong> Graham Scott <strong>Asistent VAR<\/strong><strong>:\u00a0<\/strong>Peter Kirkup<\/p>\n","protected":false},"excerpt":{"rendered":"<p>Nej\u010dast\u011bji hran\u00fd z\u00e1pas v\u00a0historii anglick\u00e9 nejvy\u0161\u0161\u00ed sout\u011b\u017ee, 205. vz\u00e1jemn\u00e9 ligov\u00e9 kl\u00e1n\u00ed tradi\u010dn\u00edch klub\u016f \u201ezakladatel\u016f\u201c, nebo nov\u011b tak\u00e9 Kazoo derby. Takov\u00fd je pl\u00e1n pro prvom\u00e1jov\u00fd ve\u010der. Teda, pokud jste bl\u00e1zen s\u00a0modrou nemoc\u00ed.<\/p>\n","protected":false},"author":10,"featured_media":15198,"comment_status":"open","ping_status":"closed","sticky":false,"template":"","format":"standard","meta":{"_eb_attr":"","_monsterinsights_skip_tracking":false,"_monsterinsights_sitenote_active":false,"_monsterinsights_sitenote_note":"","_monsterinsights_sitenote_category":0,"footnotes":""},"categories":[4],"tags":[],"yoast_head":"<!-- This site is optimized with the Yoast SEO plugin v23.4 - https:\/\/yoast.com\/wordpress\/plugins\/seo\/ -->\n<title>Preview: Everton - Aston Villa - Official Czech &amp; Slovak Everton Supporters&#039; Club<\/title>\n<meta name=\"robots\" content=\"index, follow, max-snippet:-1, max-image-preview:large, max-video-preview:-1\" \/>\n<link rel=\"canonical\" href=\"https:\/\/evertonfc.cz\/index.php\/2021\/05\/01\/preview-everton-aston-villa-8\/\" \/>\n<meta property=\"og:locale\" content=\"cs_CZ\" \/>\n<meta property=\"og:type\" content=\"article\" \/>\n<meta property=\"og:title\" content=\"Preview: Everton - Aston Villa - Official Czech &amp; Slovak Everton Supporters&#039; Club\" \/>\n<meta property=\"og:description\" content=\"Nej\u010dast\u011bji hran\u00fd z\u00e1pas v\u00a0historii anglick\u00e9 nejvy\u0161\u0161\u00ed sout\u011b\u017ee, 205. vz\u00e1jemn\u00e9 ligov\u00e9 kl\u00e1n\u00ed tradi\u010dn\u00edch klub\u016f \u201ezakladatel\u016f\u201c, nebo nov\u011b tak\u00e9 Kazoo derby. Takov\u00fd je pl\u00e1n pro prvom\u00e1jov\u00fd ve\u010der. Teda, pokud jste bl\u00e1zen s\u00a0modrou nemoc\u00ed.\" \/>\n<meta property=\"og:url\" content=\"https:\/\/evertonfc.cz\/index.php\/2021\/05\/01\/preview-everton-aston-villa-8\/\" \/>\n<meta property=\"og:site_name\" content=\"Official Czech &amp; Slovak Everton Supporters&#039; Club\" \/>\n<meta property=\"article:publisher\" content=\"https:\/\/www.facebook.com\/everton.fans.cz.sk\" \/>\n<meta property=\"article:published_time\" content=\"2021-05-01T11:57:39+00:00\" \/>\n<meta property=\"article:modified_time\" content=\"2021-05-01T17:17:28+00:00\" \/>\n<meta property=\"og:image\" content=\"https:\/\/evertonfc.cz\/wp-content\/uploads\/2021\/05\/kazoo.jpg\" \/>\n\t<meta property=\"og:image:width\" content=\"720\" \/>\n\t<meta property=\"og:image:height\" content=\"405\" \/>\n\t<meta property=\"og:image:type\" content=\"image\/jpeg\" \/>\n<meta name=\"author\" content=\"Fip\" \/>\n<meta name=\"twitter:card\" content=\"summary_large_image\" \/>\n<meta name=\"twitter:label1\" content=\"Napsal(a)\" \/>\n\t<meta name=\"twitter:data1\" content=\"Fip\" \/>\n\t<meta name=\"twitter:label2\" content=\"Odhadovan\u00e1 doba \u010dten\u00ed\" \/>\n\t<meta name=\"twitter:data2\" content=\"3 minuty\" \/>\n<script type=\"application\/ld+json\" class=\"yoast-schema-graph\">{\"@context\":\"https:\/\/schema.org\",\"@graph\":[{\"@type\":\"Article\",\"@id\":\"https:\/\/evertonfc.cz\/index.php\/2021\/05\/01\/preview-everton-aston-villa-8\/#article\",\"isPartOf\":{\"@id\":\"https:\/\/evertonfc.cz\/index.php\/2021\/05\/01\/preview-everton-aston-villa-8\/\"},\"author\":{\"name\":\"Fip\",\"@id\":\"https:\/\/evertonfc.cz\/#\/schema\/person\/35904009755e8eaa0dc1a5f5f0419002\"},\"headline\":\"Preview: Everton &#8211; Aston Villa\",\"datePublished\":\"2021-05-01T11:57:39+00:00\",\"dateModified\":\"2021-05-01T17:17:28+00:00\",\"mainEntityOfPage\":{\"@id\":\"https:\/\/evertonfc.cz\/index.php\/2021\/05\/01\/preview-everton-aston-villa-8\/\"},\"wordCount\":705,\"commentCount\":12,\"publisher\":{\"@id\":\"https:\/\/evertonfc.cz\/#organization\"},\"image\":{\"@id\":\"https:\/\/evertonfc.cz\/index.php\/2021\/05\/01\/preview-everton-aston-villa-8\/#primaryimage\"},\"thumbnailUrl\":\"https:\/\/evertonfc.cz\/wp-content\/uploads\/2021\/05\/kazoo.jpg\",\"articleSection\":[\"Z\u00e1pasy\"],\"inLanguage\":\"cs\",\"potentialAction\":[{\"@type\":\"CommentAction\",\"name\":\"Comment\",\"target\":[\"https:\/\/evertonfc.cz\/index.php\/2021\/05\/01\/preview-everton-aston-villa-8\/#respond\"]}]},{\"@type\":\"WebPage\",\"@id\":\"https:\/\/evertonfc.cz\/index.php\/2021\/05\/01\/preview-everton-aston-villa-8\/\",\"url\":\"https:\/\/evertonfc.cz\/index.php\/2021\/05\/01\/preview-everton-aston-villa-8\/\",\"name\":\"Preview: Everton - Aston Villa - Official Czech &amp; Slovak Everton Supporters&#039; Club\",\"isPartOf\":{\"@id\":\"https:\/\/evertonfc.cz\/#website\"},\"primaryImageOfPage\":{\"@id\":\"https:\/\/evertonfc.cz\/index.php\/2021\/05\/01\/preview-everton-aston-villa-8\/#primaryimage\"},\"image\":{\"@id\":\"https:\/\/evertonfc.cz\/index.php\/2021\/05\/01\/preview-everton-aston-villa-8\/#primaryimage\"},\"thumbnailUrl\":\"https:\/\/evertonfc.cz\/wp-content\/uploads\/2021\/05\/kazoo.jpg\",\"datePublished\":\"2021-05-01T11:57:39+00:00\",\"dateModified\":\"2021-05-01T17:17:28+00:00\",\"breadcrumb\":{\"@id\":\"https:\/\/evertonfc.cz\/index.php\/2021\/05\/01\/preview-everton-aston-villa-8\/#breadcrumb\"},\"inLanguage\":\"cs\",\"potentialAction\":[{\"@type\":\"ReadAction\",\"target\":[\"https:\/\/evertonfc.cz\/index.php\/2021\/05\/01\/preview-everton-aston-villa-8\/\"]}]},{\"@type\":\"ImageObject\",\"inLanguage\":\"cs\",\"@id\":\"https:\/\/evertonfc.cz\/index.php\/2021\/05\/01\/preview-everton-aston-villa-8\/#primaryimage\",\"url\":\"https:\/\/evertonfc.cz\/wp-content\/uploads\/2021\/05\/kazoo.jpg\",\"contentUrl\":\"https:\/\/evertonfc.cz\/wp-content\/uploads\/2021\/05\/kazoo.jpg\",\"width\":720,\"height\":405},{\"@type\":\"BreadcrumbList\",\"@id\":\"https:\/\/evertonfc.cz\/index.php\/2021\/05\/01\/preview-everton-aston-villa-8\/#breadcrumb\",\"itemListElement\":[{\"@type\":\"ListItem\",\"position\":1,\"name\":\"Home\",\"item\":\"https:\/\/evertonfc.cz\/\"},{\"@type\":\"ListItem\",\"position\":2,\"name\":\"Preview: Everton &#8211; Aston Villa\"}]},{\"@type\":\"WebSite\",\"@id\":\"https:\/\/evertonfc.cz\/#website\",\"url\":\"https:\/\/evertonfc.cz\/\",\"name\":\"Official Czech &amp; Slovak Everton Supporters&#039; Club\",\"description\":\"\",\"publisher\":{\"@id\":\"https:\/\/evertonfc.cz\/#organization\"},\"potentialAction\":[{\"@type\":\"SearchAction\",\"target\":{\"@type\":\"EntryPoint\",\"urlTemplate\":\"https:\/\/evertonfc.cz\/?s={search_term_string}\"},\"query-input\":{\"@type\":\"PropertyValueSpecification\",\"valueRequired\":true,\"valueName\":\"search_term_string\"}}],\"inLanguage\":\"cs\"},{\"@type\":\"Organization\",\"@id\":\"https:\/\/evertonfc.cz\/#organization\",\"name\":\"Official Czech & Slovak Everton Supporters' Club\",\"url\":\"https:\/\/evertonfc.cz\/\",\"logo\":{\"@type\":\"ImageObject\",\"inLanguage\":\"cs\",\"@id\":\"https:\/\/evertonfc.cz\/#\/schema\/logo\/image\/\",\"url\":\"https:\/\/evertonfc.cz\/wp-content\/uploads\/2019\/05\/logo.png\",\"contentUrl\":\"https:\/\/evertonfc.cz\/wp-content\/uploads\/2019\/05\/logo.png\",\"width\":112,\"height\":112,\"caption\":\"Official Czech & Slovak Everton Supporters' Club\"},\"image\":{\"@id\":\"https:\/\/evertonfc.cz\/#\/schema\/logo\/image\/\"},\"sameAs\":[\"https:\/\/www.facebook.com\/everton.fans.cz.sk\"]},{\"@type\":\"Person\",\"@id\":\"https:\/\/evertonfc.cz\/#\/schema\/person\/35904009755e8eaa0dc1a5f5f0419002\",\"name\":\"Fip\",\"url\":\"https:\/\/evertonfc.cz\/index.php\/author\/fip\/\"}]}<\/script>\n<!-- \/ Yoast SEO plugin. -->","yoast_head_json":{"title":"Preview: Everton - Aston Villa - Official Czech &amp; Slovak Everton Supporters&#039; Club","robots":{"index":"index","follow":"follow","max-snippet":"max-snippet:-1","max-image-preview":"max-image-preview:large","max-video-preview":"max-video-preview:-1"},"canonical":"https:\/\/evertonfc.cz\/index.php\/2021\/05\/01\/preview-everton-aston-villa-8\/","og_locale":"cs_CZ","og_type":"article","og_title":"Preview: Everton - Aston Villa - Official Czech &amp; Slovak Everton Supporters&#039; Club","og_description":"Nej\u010dast\u011bji hran\u00fd z\u00e1pas v\u00a0historii anglick\u00e9 nejvy\u0161\u0161\u00ed sout\u011b\u017ee, 205. vz\u00e1jemn\u00e9 ligov\u00e9 kl\u00e1n\u00ed tradi\u010dn\u00edch klub\u016f \u201ezakladatel\u016f\u201c, nebo nov\u011b tak\u00e9 Kazoo derby. Takov\u00fd je pl\u00e1n pro prvom\u00e1jov\u00fd ve\u010der. Teda, pokud jste bl\u00e1zen s\u00a0modrou nemoc\u00ed.","og_url":"https:\/\/evertonfc.cz\/index.php\/2021\/05\/01\/preview-everton-aston-villa-8\/","og_site_name":"Official Czech &amp; Slovak Everton Supporters&#039; Club","article_publisher":"https:\/\/www.facebook.com\/everton.fans.cz.sk","article_published_time":"2021-05-01T11:57:39+00:00","article_modified_time":"2021-05-01T17:17:28+00:00","og_image":[{"width":720,"height":405,"url":"https:\/\/evertonfc.cz\/wp-content\/uploads\/2021\/05\/kazoo.jpg","type":"image\/jpeg"}],"author":"Fip","twitter_card":"summary_large_image","twitter_misc":{"Napsal(a)":"Fip","Odhadovan\u00e1 doba \u010dten\u00ed":"3 minuty"},"schema":{"@context":"https:\/\/schema.org","@graph":[{"@type":"Article","@id":"https:\/\/evertonfc.cz\/index.php\/2021\/05\/01\/preview-everton-aston-villa-8\/#article","isPartOf":{"@id":"https:\/\/evertonfc.cz\/index.php\/2021\/05\/01\/preview-everton-aston-villa-8\/"},"author":{"name":"Fip","@id":"https:\/\/evertonfc.cz\/#\/schema\/person\/35904009755e8eaa0dc1a5f5f0419002"},"headline":"Preview: Everton &#8211; Aston Villa","datePublished":"2021-05-01T11:57:39+00:00","dateModified":"2021-05-01T17:17:28+00:00","mainEntityOfPage":{"@id":"https:\/\/evertonfc.cz\/index.php\/2021\/05\/01\/preview-everton-aston-villa-8\/"},"wordCount":705,"commentCount":12,"publisher":{"@id":"https:\/\/evertonfc.cz\/#organization"},"image":{"@id":"https:\/\/evertonfc.cz\/index.php\/2021\/05\/01\/preview-everton-aston-villa-8\/#primaryimage"},"thumbnailUrl":"https:\/\/evertonfc.cz\/wp-content\/uploads\/2021\/05\/kazoo.jpg","articleSection":["Z\u00e1pasy"],"inLanguage":"cs","potentialAction":[{"@type":"CommentAction","name":"Comment","target":["https:\/\/evertonfc.cz\/index.php\/2021\/05\/01\/preview-everton-aston-villa-8\/#respond"]}]},{"@type":"WebPage","@id":"https:\/\/evertonfc.cz\/index.php\/2021\/05\/01\/preview-everton-aston-villa-8\/","url":"https:\/\/evertonfc.cz\/index.php\/2021\/05\/01\/preview-everton-aston-villa-8\/","name":"Preview: Everton - Aston Villa - Official Czech &amp; Slovak Everton Supporters&#039; Club","isPartOf":{"@id":"https:\/\/evertonfc.cz\/#website"},"primaryImageOfPage":{"@id":"https:\/\/evertonfc.cz\/index.php\/2021\/05\/01\/preview-everton-aston-villa-8\/#primaryimage"},"image":{"@id":"https:\/\/evertonfc.cz\/index.php\/2021\/05\/01\/preview-everton-aston-villa-8\/#primaryimage"},"thumbnailUrl":"https:\/\/evertonfc.cz\/wp-content\/uploads\/2021\/05\/kazoo.jpg","datePublished":"2021-05-01T11:57:39+00:00","dateModified":"2021-05-01T17:17:28+00:00","breadcrumb":{"@id":"https:\/\/evertonfc.cz\/index.php\/2021\/05\/01\/preview-everton-aston-villa-8\/#breadcrumb"},"inLanguage":"cs","potentialAction":[{"@type":"ReadAction","target":["https:\/\/evertonfc.cz\/index.php\/2021\/05\/01\/preview-everton-aston-villa-8\/"]}]},{"@type":"ImageObject","inLanguage":"cs","@id":"https:\/\/evertonfc.cz\/index.php\/2021\/05\/01\/preview-everton-aston-villa-8\/#primaryimage","url":"https:\/\/evertonfc.cz\/wp-content\/uploads\/2021\/05\/kazoo.jpg","contentUrl":"https:\/\/evertonfc.cz\/wp-content\/uploads\/2021\/05\/kazoo.jpg","width":720,"height":405},{"@type":"BreadcrumbList","@id":"https:\/\/evertonfc.cz\/index.php\/2021\/05\/01\/preview-everton-aston-villa-8\/#breadcrumb","itemListElement":[{"@type":"ListItem","position":1,"name":"Home","item":"https:\/\/evertonfc.cz\/"},{"@type":"ListItem","position":2,"name":"Preview: Everton &#8211; Aston Villa"}]},{"@type":"WebSite","@id":"https:\/\/evertonfc.cz\/#website","url":"https:\/\/evertonfc.cz\/","name":"Official Czech &amp; Slovak Everton Supporters&#039; Club","description":"","publisher":{"@id":"https:\/\/evertonfc.cz\/#organization"},"potentialAction":[{"@type":"SearchAction","target":{"@type":"EntryPoint","urlTemplate":"https:\/\/evertonfc.cz\/?s={search_term_string}"},"query-input":{"@type":"PropertyValueSpecification","valueRequired":true,"valueName":"search_term_string"}}],"inLanguage":"cs"},{"@type":"Organization","@id":"https:\/\/evertonfc.cz\/#organization","name":"Official Czech & Slovak Everton Supporters' Club","url":"https:\/\/evertonfc.cz\/","logo":{"@type":"ImageObject","inLanguage":"cs","@id":"https:\/\/evertonfc.cz\/#\/schema\/logo\/image\/","url":"https:\/\/evertonfc.cz\/wp-content\/uploads\/2019\/05\/logo.png","contentUrl":"https:\/\/evertonfc.cz\/wp-content\/uploads\/2019\/05\/logo.png","width":112,"height":112,"caption":"Official Czech & Slovak Everton Supporters' Club"},"image":{"@id":"https:\/\/evertonfc.cz\/#\/schema\/logo\/image\/"},"sameAs":["https:\/\/www.facebook.com\/everton.fans.cz.sk"]},{"@type":"Person","@id":"https:\/\/evertonfc.cz\/#\/schema\/person\/35904009755e8eaa0dc1a5f5f0419002","name":"Fip","url":"https:\/\/evertonfc.cz\/index.php\/author\/fip\/"}]}},"_links":{"self":[{"href":"https:\/\/evertonfc.cz\/index.php\/wp-json\/wp\/v2\/posts\/15199"}],"collection":[{"href":"https:\/\/evertonfc.cz\/index.php\/wp-json\/wp\/v2\/posts"}],"about":[{"href":"https:\/\/evertonfc.cz\/index.php\/wp-json\/wp\/v2\/types\/post"}],"author":[{"embeddable":true,"href":"https:\/\/evertonfc.cz\/index.php\/wp-json\/wp\/v2\/users\/10"}],"replies":[{"embeddable":true,"href":"https:\/\/evertonfc.cz\/index.php\/wp-json\/wp\/v2\/comments?post=15199"}],"version-history":[{"count":5,"href":"https:\/\/evertonfc.cz\/index.php\/wp-json\/wp\/v2\/posts\/15199\/revisions"}],"predecessor-version":[{"id":15204,"href":"https:\/\/evertonfc.cz\/index.php\/wp-json\/wp\/v2\/posts\/15199\/revisions\/15204"}],"wp:featuredmedia":[{"embeddable":true,"href":"https:\/\/evertonfc.cz\/index.php\/wp-json\/wp\/v2\/media\/15198"}],"wp:attachment":[{"href":"https:\/\/evertonfc.cz\/index.php\/wp-json\/wp\/v2\/media?parent=15199"}],"wp:term":[{"taxonomy":"category","embeddable":true,"href":"https:\/\/evertonfc.cz\/index.php\/wp-json\/wp\/v2\/categories?post=15199"},{"taxonomy":"post_tag","embeddable":true,"href":"https:\/\/evertonfc.cz\/index.php\/wp-json\/wp\/v2\/tags?post=15199"}],"curies":[{"name":"wp","href":"https:\/\/api.w.org\/{rel}","templated":true}]}}