{"id":15209,"date":"2021-05-02T14:34:15","date_gmt":"2021-05-02T12:34:15","guid":{"rendered":"https:\/\/evertonfc.cz\/?p=15209"},"modified":"2021-11-01T09:00:05","modified_gmt":"2021-11-01T08:00:05","slug":"everton-aston-villa","status":"publish","type":"post","link":"https:\/\/evertonfc.cz\/index.php\/2021\/05\/02\/everton-aston-villa\/","title":{"rendered":"Everton &#8211; Aston Villa 1:2"},"content":{"rendered":"<h4>Everton po dal\u0161\u00edm nep\u0159esv\u011bd\u010div\u00e9m v\u00fdkonu ztratil v\u0161echny t\u0159i body, kter\u00e9 putuj\u00ed tentokr\u00e1t do Birminghamu. Aston Villa zlomila nep\u0159\u00edznivou s\u00e9rii a po v\u00edce jak 12 letech naplno bodovala v Goodison Parku.<\/h4>\n<p>Dom\u00e1c\u00ed strat\u00e9g Carlo Ancelotti vsadil na osv\u011bd\u010denou sestavu, ze kter\u00e9 na posledn\u00ed chv\u00edli vypadl James Rodriguez (drobn\u00e9 zran\u011bn\u00ed p\u0159i p\u0159edz\u00e1pasov\u00e9 rozcvi\u010dce). Do z\u00e1kladn\u00ed sestavy se tak v rozestaven\u00ed 4-2-3-1 dostal Alex Iwobi, jako \u0161t\u00edtov\u00fd z\u00e1lo\u017en\u00edk dostal prostor v z\u00e1kladu mo\u017en\u00e1 trochu p\u0159ekvapiv\u011b Andr\u00e9 Gomes nam\u00edsto Toma Daviese. Hostuj\u00edc\u00ed kou\u010d Dean Smith sice postr\u00e1dal tahouna ofenzivy Jacka Grealishe, ale na h\u0159i\u0161ti to p\u0159\u00edli\u0161 vid\u011bt nebylo, \u010dtve\u0159ice El Ghazi &#8211; star\u00fd zn\u00e1m\u00fd Barkley &#8211; Traor\u00e9 a Ollie Watkins na hrotu \u00fatoku p\u016fsobila velmi kompaktn\u011b.<\/p>\n<h4>Vla\u017en\u00fd vstup a dva rychl\u00e9 g\u00f3ly<\/h4>\n<p>Prvn\u00ed desetiminutovka z\u00e1pasu se nesla v duchu vz\u00e1jemn\u00e9ho o\u0165uk\u00e1v\u00e1n\u00ed a seznamov\u00e1n\u00ed star\u00fdch zn\u00e1m\u00fdch. Zato zbytek prvn\u00edho polo\u010dasu byl diametr\u00e1ln\u011b odli\u0161n\u00fd, hr\u00e1lo se v dobr\u00e9m tempu nahoru dol\u016f. Sk\u00f3re z\u00e1pasu otev\u0159el u\u017e v 13. minut\u011b Ollie Watkins\u00a0 &#8211; Mason Holgate pod tlakem nedok\u00e1zal udr\u017eet m\u00ed\u010d, ani ho odehr\u00e1t do bezpe\u010d\u00ed a drav\u00fd Watkins toho vyu\u017eil. Ve sk\u00f3rov\u00e1n\u00ed mu nezabr\u00e1nil ani dob\u0159e vyb\u011bhnuv\u0161\u00ed Pickford , <strong>1:0<\/strong> pro Villans! O p\u00e1r minut pozd\u011bji si Watkins nab\u011bhl do dal\u0161\u00ed velk\u00e9 \u0161ance, tentokr\u00e1t v\u0161ak souboj vyhr\u00e1l dom\u00e1c\u00ed g\u00f3lman. V devaten\u00e1ct\u00e9 minut\u011b u\u017e ale g\u00f3l padl, na\u0161t\u011bst\u00ed ale do branky Villans. Karamelky potvrdily, \u017ee standartn\u00ed situace a n\u00e1sledn\u00e9 g\u00f3ly hlavou ovl\u00e1daj\u00ed dob\u0159e, po v\u00fdborn\u011b kopnut\u00e9m rohu od L. Digneho se na zadn\u00ed ty\u010di do vzduchu vy\u0161rouboval Dominic Calvert-Lewin a srovnal na pr\u016fb\u011b\u017en\u00fdch <strong>1:1<\/strong>!<\/p>\n<h4>\u0160ance st\u0159\u00edd\u00e1 \u0161anci<\/h4>\n<p>Prakticky ihned po vst\u0159elen\u00e9 brance musel Pickford op\u011bt zasahovat p\u0159i dvou \u00fato\u010dn\u00fdch v\u00fdpadech Watkinse, na\u0161t\u011bst\u00ed \u00fasp\u011b\u0161n\u011b. Mason Holgate zjevn\u011b v\u016fbec nechytil \u00favod z\u00e1pasu a jeho prostory ob\u010das zely pr\u00e1zdnotou. V t\u0159iadvac\u00e1t\u00e9 minut\u011b poslal Gomes ze st\u0159edu \u00fato\u010dn\u00e9 poloviny centr do obl\u00edben\u00e9ho prostoru L. Digneho, kter\u00fd ho z prvn\u00ed poslal plac\u00edrkou na nab\u00edhaj\u00edc\u00edho Calvert-Lewina. Ten se vrhnul neohro\u017een\u011b hlavou nap\u0159ed mezi dva br\u00e1n\u00edc\u00ed hr\u00e1\u010de Villans, ale ve sk\u00f3rov\u00e1n\u00ed mu perfektn\u00edm reflexivn\u00edm z\u00e1krokem zabr\u00e1nil hostuj\u00edc\u00ed g\u00f3lman Martinez. N\u00e1sledn\u00e9 minuty hovo\u0159ily op\u011bt sp\u00ed\u0161e pro Villans, Pickford ale nadvakr\u00e1t skv\u011ble zne\u0161kodnil pokus A.Traor\u00e9ho. Nem\u00e9n\u011b dob\u0159e si vedl i proti zakon\u010den\u00ed Ollieho Watkinse, reflexivn\u00edm z\u00e1krokem zabr\u00e1nil Villans ve sk\u00f3rov\u00e1n\u00ed, z n\u00e1sledn\u00e9 dor\u00e1\u017eky nap\u00e1lil El Ghazi b\u0159evno. V\u00fd\u010det velk\u00fdch \u0161anc\u00ed uzav\u0159el v 37. minut\u011b Ross Barkley, kter\u00fd si pot\u00e1hl m\u00ed\u010d st\u0159edem h\u0159i\u0161t\u011b, lehce obe\u0161el br\u00e1n\u00edc\u00edho hr\u00e1\u010de a nap\u00e1lil m\u00ed\u010d p\u0159\u00edmo do ty\u010de.<\/p>\n<h4>Druh\u00fd polo\u010das &#8211; v\u00edce taktiky, m\u00e9n\u011b zakon\u010den\u00ed<\/h4>\n<p>Do druh\u00e9ho polo\u010dasu nastoupily oba t\u00fdmy bez st\u0159\u00edd\u00e1n\u00ed, na prvn\u00ed zaj\u00edmavou \u0161anci se \u010dekalo zhruba 10 minut. Richarlison si dob\u0159e nab\u011bhl na centr za obranu, je\u0161t\u011b l\u00e9pe zpracoval, ale zakon\u010den\u00ed na vzd\u00e1len\u011bj\u0161\u00ed ty\u010d \u0161lo bohu\u017eel vedle. \u0160anc\u00ed se nab\u00edzelo poskrovnu, proto Carlo Ancelloti pot\u0159eboval d\u00e1t mu\u017estvu nov\u00fd impulz &#8211; na h\u0159i\u0161t\u011b p\u0159i\u0161el Fabian Delph a o p\u00e1r minut pozd\u011bji Bernard. Rozuzlen\u00ed tedy p\u0159inesla a\u017e osmdes\u00e1t\u00e1 minuta a souhra k\u0159\u00eddeln\u00edk\u016f Aston Villy &#8211; Traor\u00e9 poslal m\u00ed\u010d El Ghazimu, kter\u00fd z hranice v\u00e1pna obst\u0159elil marn\u011b se natahuj\u00edc\u00edho Pickforda &#8211; <strong>1:2<\/strong> pro Villans. Do konce utk\u00e1n\u00ed u\u017e se nestalo nic, co by mohlo ovlivnit v\u00fdsledek a proto Toffees mus\u00ed spolknout na vlastn\u00edm stadionu dal\u0161\u00ed ho\u0159kou pilulku.<\/p>\n<p style=\"text-align: right;\"><span style=\"font-size: 8pt;\">(foto zdroj: evertonfc.com)<\/span><\/p>\n<p><strong>Branky:<\/strong> 19. Dominic Calvert-Lewin\u00a0 &#8211; 13. Ollie Watkins 80. Anwar El Ghazi<\/p>\n<p><strong>\u017dK:<\/strong> 41.\u00a0Douglas Luiz ,90.\u00a0Anwar El Ghazi<\/p>\n<p><strong>Everton FC: <\/strong>Jordan Pickford, S\u00e9amus Coleman, Ben Godfrey, Mason Holgate, Lucas Digne, Allan, Andr\u00e9 Gomes (70. Fabian Delph), Alex Iwobi (76. Bernard), Gylfi Sigurdsson (82. Joshua King), Richarlison, Dominic Calvert-Lewin<strong><br \/>\nAston Villa:<\/strong> Emiliano Mart\u00ednez, Ezri Konsa, Tyrone Mings, Matt Targett, Matthew Cash, Douglas Luiz, John McGinn, Bertrand Traor\u00e9 (88. Jacob Ramsey), Ross Barkley, Anwar El Ghazi (90+2. Keinan Davis), Ollie Watkins<strong><br \/>\nRozhod\u010d\u00ed:<\/strong> Simon Hooper<\/p>\n","protected":false},"excerpt":{"rendered":"<p>Everton po dal\u0161\u00edm nep\u0159esv\u011bd\u010div\u00e9m v\u00fdkonu ztratil v\u0161echny t\u0159i body, kter\u00e9 putuj\u00ed tentokr\u00e1t do Birminghamu. Aston Villa zlomila nep\u0159\u00edznivou s\u00e9rii a po v\u00edce jak 12 letech naplno bodovala v Goodison Parku.<\/p>\n","protected":false},"author":562,"featured_media":15207,"comment_status":"open","ping_status":"closed","sticky":false,"template":"","format":"standard","meta":{"_eb_attr":"","_monsterinsights_skip_tracking":false,"_monsterinsights_sitenote_active":false,"_monsterinsights_sitenote_note":"","_monsterinsights_sitenote_category":0,"footnotes":""},"categories":[4],"tags":[],"yoast_head":"<!-- This site is optimized with the Yoast SEO plugin v23.4 - https:\/\/yoast.com\/wordpress\/plugins\/seo\/ -->\n<title>Everton - Aston Villa 1:2 - Official Czech &amp; Slovak Everton Supporters&#039; Club<\/title>\n<meta name=\"robots\" content=\"index, follow, max-snippet:-1, max-image-preview:large, max-video-preview:-1\" \/>\n<link rel=\"canonical\" href=\"https:\/\/evertonfc.cz\/index.php\/2021\/05\/02\/everton-aston-villa\/\" \/>\n<meta property=\"og:locale\" content=\"cs_CZ\" \/>\n<meta property=\"og:type\" content=\"article\" \/>\n<meta property=\"og:title\" content=\"Everton - Aston Villa 1:2 - Official Czech &amp; Slovak Everton Supporters&#039; Club\" \/>\n<meta property=\"og:description\" content=\"Everton po dal\u0161\u00edm nep\u0159esv\u011bd\u010div\u00e9m v\u00fdkonu ztratil v\u0161echny t\u0159i body, kter\u00e9 putuj\u00ed tentokr\u00e1t do Birminghamu. Aston Villa zlomila nep\u0159\u00edznivou s\u00e9rii a po v\u00edce jak 12 letech naplno bodovala v Goodison Parku.\" \/>\n<meta property=\"og:url\" content=\"https:\/\/evertonfc.cz\/index.php\/2021\/05\/02\/everton-aston-villa\/\" \/>\n<meta property=\"og:site_name\" content=\"Official Czech &amp; Slovak Everton Supporters&#039; Club\" \/>\n<meta property=\"article:publisher\" content=\"https:\/\/www.facebook.com\/everton.fans.cz.sk\" \/>\n<meta property=\"article:published_time\" content=\"2021-05-02T12:34:15+00:00\" \/>\n<meta property=\"article:modified_time\" content=\"2021-11-01T08:00:05+00:00\" \/>\n<meta property=\"og:image\" content=\"https:\/\/evertonfc.cz\/wp-content\/uploads\/2021\/05\/everton-1-2-aston-villa-01-05-2021.jpg\" \/>\n\t<meta property=\"og:image:width\" content=\"720\" \/>\n\t<meta property=\"og:image:height\" content=\"405\" \/>\n\t<meta property=\"og:image:type\" content=\"image\/jpeg\" \/>\n<meta name=\"author\" content=\"Petr\" \/>\n<meta name=\"twitter:card\" content=\"summary_large_image\" \/>\n<meta name=\"twitter:label1\" content=\"Napsal(a)\" \/>\n\t<meta name=\"twitter:data1\" content=\"Petr\" \/>\n\t<meta name=\"twitter:label2\" content=\"Odhadovan\u00e1 doba \u010dten\u00ed\" \/>\n\t<meta name=\"twitter:data2\" content=\"3 minuty\" \/>\n<script type=\"application\/ld+json\" class=\"yoast-schema-graph\">{\"@context\":\"https:\/\/schema.org\",\"@graph\":[{\"@type\":\"Article\",\"@id\":\"https:\/\/evertonfc.cz\/index.php\/2021\/05\/02\/everton-aston-villa\/#article\",\"isPartOf\":{\"@id\":\"https:\/\/evertonfc.cz\/index.php\/2021\/05\/02\/everton-aston-villa\/\"},\"author\":{\"name\":\"Petr\",\"@id\":\"https:\/\/evertonfc.cz\/#\/schema\/person\/5b54d20cd919070efc6fd6f92621fc50\"},\"headline\":\"Everton &#8211; Aston Villa 1:2\",\"datePublished\":\"2021-05-02T12:34:15+00:00\",\"dateModified\":\"2021-11-01T08:00:05+00:00\",\"mainEntityOfPage\":{\"@id\":\"https:\/\/evertonfc.cz\/index.php\/2021\/05\/02\/everton-aston-villa\/\"},\"wordCount\":788,\"commentCount\":12,\"publisher\":{\"@id\":\"https:\/\/evertonfc.cz\/#organization\"},\"image\":{\"@id\":\"https:\/\/evertonfc.cz\/index.php\/2021\/05\/02\/everton-aston-villa\/#primaryimage\"},\"thumbnailUrl\":\"https:\/\/evertonfc.cz\/wp-content\/uploads\/2021\/05\/everton-1-2-aston-villa-01-05-2021.jpg\",\"articleSection\":[\"Z\u00e1pasy\"],\"inLanguage\":\"cs\",\"potentialAction\":[{\"@type\":\"CommentAction\",\"name\":\"Comment\",\"target\":[\"https:\/\/evertonfc.cz\/index.php\/2021\/05\/02\/everton-aston-villa\/#respond\"]}]},{\"@type\":\"WebPage\",\"@id\":\"https:\/\/evertonfc.cz\/index.php\/2021\/05\/02\/everton-aston-villa\/\",\"url\":\"https:\/\/evertonfc.cz\/index.php\/2021\/05\/02\/everton-aston-villa\/\",\"name\":\"Everton - Aston Villa 1:2 - Official Czech &amp; Slovak Everton Supporters&#039; Club\",\"isPartOf\":{\"@id\":\"https:\/\/evertonfc.cz\/#website\"},\"primaryImageOfPage\":{\"@id\":\"https:\/\/evertonfc.cz\/index.php\/2021\/05\/02\/everton-aston-villa\/#primaryimage\"},\"image\":{\"@id\":\"https:\/\/evertonfc.cz\/index.php\/2021\/05\/02\/everton-aston-villa\/#primaryimage\"},\"thumbnailUrl\":\"https:\/\/evertonfc.cz\/wp-content\/uploads\/2021\/05\/everton-1-2-aston-villa-01-05-2021.jpg\",\"datePublished\":\"2021-05-02T12:34:15+00:00\",\"dateModified\":\"2021-11-01T08:00:05+00:00\",\"breadcrumb\":{\"@id\":\"https:\/\/evertonfc.cz\/index.php\/2021\/05\/02\/everton-aston-villa\/#breadcrumb\"},\"inLanguage\":\"cs\",\"potentialAction\":[{\"@type\":\"ReadAction\",\"target\":[\"https:\/\/evertonfc.cz\/index.php\/2021\/05\/02\/everton-aston-villa\/\"]}]},{\"@type\":\"ImageObject\",\"inLanguage\":\"cs\",\"@id\":\"https:\/\/evertonfc.cz\/index.php\/2021\/05\/02\/everton-aston-villa\/#primaryimage\",\"url\":\"https:\/\/evertonfc.cz\/wp-content\/uploads\/2021\/05\/everton-1-2-aston-villa-01-05-2021.jpg\",\"contentUrl\":\"https:\/\/evertonfc.cz\/wp-content\/uploads\/2021\/05\/everton-1-2-aston-villa-01-05-2021.jpg\",\"width\":720,\"height\":405},{\"@type\":\"BreadcrumbList\",\"@id\":\"https:\/\/evertonfc.cz\/index.php\/2021\/05\/02\/everton-aston-villa\/#breadcrumb\",\"itemListElement\":[{\"@type\":\"ListItem\",\"position\":1,\"name\":\"Home\",\"item\":\"https:\/\/evertonfc.cz\/\"},{\"@type\":\"ListItem\",\"position\":2,\"name\":\"Everton &#8211; Aston Villa 1:2\"}]},{\"@type\":\"WebSite\",\"@id\":\"https:\/\/evertonfc.cz\/#website\",\"url\":\"https:\/\/evertonfc.cz\/\",\"name\":\"Official Czech &amp; Slovak Everton Supporters&#039; Club\",\"description\":\"\",\"publisher\":{\"@id\":\"https:\/\/evertonfc.cz\/#organization\"},\"potentialAction\":[{\"@type\":\"SearchAction\",\"target\":{\"@type\":\"EntryPoint\",\"urlTemplate\":\"https:\/\/evertonfc.cz\/?s={search_term_string}\"},\"query-input\":{\"@type\":\"PropertyValueSpecification\",\"valueRequired\":true,\"valueName\":\"search_term_string\"}}],\"inLanguage\":\"cs\"},{\"@type\":\"Organization\",\"@id\":\"https:\/\/evertonfc.cz\/#organization\",\"name\":\"Official Czech & Slovak Everton Supporters' Club\",\"url\":\"https:\/\/evertonfc.cz\/\",\"logo\":{\"@type\":\"ImageObject\",\"inLanguage\":\"cs\",\"@id\":\"https:\/\/evertonfc.cz\/#\/schema\/logo\/image\/\",\"url\":\"https:\/\/evertonfc.cz\/wp-content\/uploads\/2019\/05\/logo.png\",\"contentUrl\":\"https:\/\/evertonfc.cz\/wp-content\/uploads\/2019\/05\/logo.png\",\"width\":112,\"height\":112,\"caption\":\"Official Czech & Slovak Everton Supporters' Club\"},\"image\":{\"@id\":\"https:\/\/evertonfc.cz\/#\/schema\/logo\/image\/\"},\"sameAs\":[\"https:\/\/www.facebook.com\/everton.fans.cz.sk\"]},{\"@type\":\"Person\",\"@id\":\"https:\/\/evertonfc.cz\/#\/schema\/person\/5b54d20cd919070efc6fd6f92621fc50\",\"name\":\"Petr\",\"url\":\"https:\/\/evertonfc.cz\/index.php\/author\/petr\/\"}]}<\/script>\n<!-- \/ Yoast SEO plugin. -->","yoast_head_json":{"title":"Everton - Aston Villa 1:2 - Official Czech &amp; Slovak Everton Supporters&#039; Club","robots":{"index":"index","follow":"follow","max-snippet":"max-snippet:-1","max-image-preview":"max-image-preview:large","max-video-preview":"max-video-preview:-1"},"canonical":"https:\/\/evertonfc.cz\/index.php\/2021\/05\/02\/everton-aston-villa\/","og_locale":"cs_CZ","og_type":"article","og_title":"Everton - Aston Villa 1:2 - Official Czech &amp; Slovak Everton Supporters&#039; Club","og_description":"Everton po dal\u0161\u00edm nep\u0159esv\u011bd\u010div\u00e9m v\u00fdkonu ztratil v\u0161echny t\u0159i body, kter\u00e9 putuj\u00ed tentokr\u00e1t do Birminghamu. Aston Villa zlomila nep\u0159\u00edznivou s\u00e9rii a po v\u00edce jak 12 letech naplno bodovala v Goodison Parku.","og_url":"https:\/\/evertonfc.cz\/index.php\/2021\/05\/02\/everton-aston-villa\/","og_site_name":"Official Czech &amp; Slovak Everton Supporters&#039; Club","article_publisher":"https:\/\/www.facebook.com\/everton.fans.cz.sk","article_published_time":"2021-05-02T12:34:15+00:00","article_modified_time":"2021-11-01T08:00:05+00:00","og_image":[{"width":720,"height":405,"url":"https:\/\/evertonfc.cz\/wp-content\/uploads\/2021\/05\/everton-1-2-aston-villa-01-05-2021.jpg","type":"image\/jpeg"}],"author":"Petr","twitter_card":"summary_large_image","twitter_misc":{"Napsal(a)":"Petr","Odhadovan\u00e1 doba \u010dten\u00ed":"3 minuty"},"schema":{"@context":"https:\/\/schema.org","@graph":[{"@type":"Article","@id":"https:\/\/evertonfc.cz\/index.php\/2021\/05\/02\/everton-aston-villa\/#article","isPartOf":{"@id":"https:\/\/evertonfc.cz\/index.php\/2021\/05\/02\/everton-aston-villa\/"},"author":{"name":"Petr","@id":"https:\/\/evertonfc.cz\/#\/schema\/person\/5b54d20cd919070efc6fd6f92621fc50"},"headline":"Everton &#8211; Aston Villa 1:2","datePublished":"2021-05-02T12:34:15+00:00","dateModified":"2021-11-01T08:00:05+00:00","mainEntityOfPage":{"@id":"https:\/\/evertonfc.cz\/index.php\/2021\/05\/02\/everton-aston-villa\/"},"wordCount":788,"commentCount":12,"publisher":{"@id":"https:\/\/evertonfc.cz\/#organization"},"image":{"@id":"https:\/\/evertonfc.cz\/index.php\/2021\/05\/02\/everton-aston-villa\/#primaryimage"},"thumbnailUrl":"https:\/\/evertonfc.cz\/wp-content\/uploads\/2021\/05\/everton-1-2-aston-villa-01-05-2021.jpg","articleSection":["Z\u00e1pasy"],"inLanguage":"cs","potentialAction":[{"@type":"CommentAction","name":"Comment","target":["https:\/\/evertonfc.cz\/index.php\/2021\/05\/02\/everton-aston-villa\/#respond"]}]},{"@type":"WebPage","@id":"https:\/\/evertonfc.cz\/index.php\/2021\/05\/02\/everton-aston-villa\/","url":"https:\/\/evertonfc.cz\/index.php\/2021\/05\/02\/everton-aston-villa\/","name":"Everton - Aston Villa 1:2 - Official Czech &amp; Slovak Everton Supporters&#039; Club","isPartOf":{"@id":"https:\/\/evertonfc.cz\/#website"},"primaryImageOfPage":{"@id":"https:\/\/evertonfc.cz\/index.php\/2021\/05\/02\/everton-aston-villa\/#primaryimage"},"image":{"@id":"https:\/\/evertonfc.cz\/index.php\/2021\/05\/02\/everton-aston-villa\/#primaryimage"},"thumbnailUrl":"https:\/\/evertonfc.cz\/wp-content\/uploads\/2021\/05\/everton-1-2-aston-villa-01-05-2021.jpg","datePublished":"2021-05-02T12:34:15+00:00","dateModified":"2021-11-01T08:00:05+00:00","breadcrumb":{"@id":"https:\/\/evertonfc.cz\/index.php\/2021\/05\/02\/everton-aston-villa\/#breadcrumb"},"inLanguage":"cs","potentialAction":[{"@type":"ReadAction","target":["https:\/\/evertonfc.cz\/index.php\/2021\/05\/02\/everton-aston-villa\/"]}]},{"@type":"ImageObject","inLanguage":"cs","@id":"https:\/\/evertonfc.cz\/index.php\/2021\/05\/02\/everton-aston-villa\/#primaryimage","url":"https:\/\/evertonfc.cz\/wp-content\/uploads\/2021\/05\/everton-1-2-aston-villa-01-05-2021.jpg","contentUrl":"https:\/\/evertonfc.cz\/wp-content\/uploads\/2021\/05\/everton-1-2-aston-villa-01-05-2021.jpg","width":720,"height":405},{"@type":"BreadcrumbList","@id":"https:\/\/evertonfc.cz\/index.php\/2021\/05\/02\/everton-aston-villa\/#breadcrumb","itemListElement":[{"@type":"ListItem","position":1,"name":"Home","item":"https:\/\/evertonfc.cz\/"},{"@type":"ListItem","position":2,"name":"Everton &#8211; Aston Villa 1:2"}]},{"@type":"WebSite","@id":"https:\/\/evertonfc.cz\/#website","url":"https:\/\/evertonfc.cz\/","name":"Official Czech &amp; Slovak Everton Supporters&#039; Club","description":"","publisher":{"@id":"https:\/\/evertonfc.cz\/#organization"},"potentialAction":[{"@type":"SearchAction","target":{"@type":"EntryPoint","urlTemplate":"https:\/\/evertonfc.cz\/?s={search_term_string}"},"query-input":{"@type":"PropertyValueSpecification","valueRequired":true,"valueName":"search_term_string"}}],"inLanguage":"cs"},{"@type":"Organization","@id":"https:\/\/evertonfc.cz\/#organization","name":"Official Czech & Slovak Everton Supporters' Club","url":"https:\/\/evertonfc.cz\/","logo":{"@type":"ImageObject","inLanguage":"cs","@id":"https:\/\/evertonfc.cz\/#\/schema\/logo\/image\/","url":"https:\/\/evertonfc.cz\/wp-content\/uploads\/2019\/05\/logo.png","contentUrl":"https:\/\/evertonfc.cz\/wp-content\/uploads\/2019\/05\/logo.png","width":112,"height":112,"caption":"Official Czech & Slovak Everton Supporters' Club"},"image":{"@id":"https:\/\/evertonfc.cz\/#\/schema\/logo\/image\/"},"sameAs":["https:\/\/www.facebook.com\/everton.fans.cz.sk"]},{"@type":"Person","@id":"https:\/\/evertonfc.cz\/#\/schema\/person\/5b54d20cd919070efc6fd6f92621fc50","name":"Petr","url":"https:\/\/evertonfc.cz\/index.php\/author\/petr\/"}]}},"_links":{"self":[{"href":"https:\/\/evertonfc.cz\/index.php\/wp-json\/wp\/v2\/posts\/15209"}],"collection":[{"href":"https:\/\/evertonfc.cz\/index.php\/wp-json\/wp\/v2\/posts"}],"about":[{"href":"https:\/\/evertonfc.cz\/index.php\/wp-json\/wp\/v2\/types\/post"}],"author":[{"embeddable":true,"href":"https:\/\/evertonfc.cz\/index.php\/wp-json\/wp\/v2\/users\/562"}],"replies":[{"embeddable":true,"href":"https:\/\/evertonfc.cz\/index.php\/wp-json\/wp\/v2\/comments?post=15209"}],"version-history":[{"count":7,"href":"https:\/\/evertonfc.cz\/index.php\/wp-json\/wp\/v2\/posts\/15209\/revisions"}],"predecessor-version":[{"id":15216,"href":"https:\/\/evertonfc.cz\/index.php\/wp-json\/wp\/v2\/posts\/15209\/revisions\/15216"}],"wp:featuredmedia":[{"embeddable":true,"href":"https:\/\/evertonfc.cz\/index.php\/wp-json\/wp\/v2\/media\/15207"}],"wp:attachment":[{"href":"https:\/\/evertonfc.cz\/index.php\/wp-json\/wp\/v2\/media?parent=15209"}],"wp:term":[{"taxonomy":"category","embeddable":true,"href":"https:\/\/evertonfc.cz\/index.php\/wp-json\/wp\/v2\/categories?post=15209"},{"taxonomy":"post_tag","embeddable":true,"href":"https:\/\/evertonfc.cz\/index.php\/wp-json\/wp\/v2\/tags?post=15209"}],"curies":[{"name":"wp","href":"https:\/\/api.w.org\/{rel}","templated":true}]}}