{"id":15219,"date":"2021-05-04T10:20:45","date_gmt":"2021-05-04T08:20:45","guid":{"rendered":"https:\/\/evertonfc.cz\/?p=15219"},"modified":"2021-05-04T18:00:59","modified_gmt":"2021-05-04T16:00:59","slug":"everton-w-arsenal-w-12","status":"publish","type":"post","link":"https:\/\/evertonfc.cz\/index.php\/2021\/05\/04\/everton-w-arsenal-w-12\/","title":{"rendered":"Everton W &#8211; Arsenal W 1:2"},"content":{"rendered":"<h4>Everton se po osmi z\u00e1pasech stal prvn\u00edm t\u00fdmem, kter\u00fd dok\u00e1zal vst\u0159elit Arsenalu branku. Na bodov\u00fd zisk to bohu\u017eel nesta\u010dilo. Gunners si zp\u011bt do Lond\u00fdna vezou v\u0161echny body za v\u00edt\u011bzstv\u00ed 2:1.<\/h4>\n<p>Arsenal p\u0159ijel na Walton Hall Park s c\u00edlem z\u00edskat t\u0159\u00ed body a s nimi i jistou \u00fa\u010dast v p\u0159\u00ed\u0161t\u00edm ro\u010dn\u00edku Champions League. Po zku\u0161enostech z p\u0159edchoz\u00edch vz\u00e1jemn\u00fdch z\u00e1pas\u016f se to lond\u00fd\u0148ank\u00e1m mohlo zd\u00e1t jako snadn\u00fd \u00fakol. Opak byl ale pravdou: zachr\u00e1nila je a\u017e penalta v posledn\u00edch sekund\u00e1ch prodlou\u017een\u00e9ho \u010dasu.<\/p>\n<h4>Prvn\u00ed polo\u010das<\/h4>\n<p>za\u010dal dle o\u010dek\u00e1v\u00e1n\u00ed. Everton v defenziv\u011b odol\u00e1val a p\u0159ihl\u00ed\u017eel kombinaci Arsenalu. Sporadick\u00e9 pr\u016fniky s m\u00ed\u010dem do hloubky soupe\u0159ovy poloviny podnikaly jen na hrotu hraj\u00edc\u00ed Raso s Emslie. Prvn\u00ed opravdu seri\u00f3zn\u00ed \u0161anci z\u00e1pasu m\u011bla po \u010dtvrthodin\u011b hry Jordan Nobbs, jej\u00ed\u017e tvrdou st\u0159elu MacIver vyrazila reflexn\u00edm z\u00e1krokem nad b\u0159evno. Ve 20. minut\u011b p\u0159ekvapila na\u0161\u00ed brank\u00e1\u0159ku malou dom\u016f z mal\u00e9ho v\u00e1pna Christiansen, ale na\u0161t\u011bst\u00ed tato obrann\u00e1 akce \u017e\u00e1dnou \u0161kodu nezp\u016fsobila. Ve 22. minut\u011b se po dlouh\u00e9m n\u00e1kopu do v\u00e1pna a po inteligentn\u00edm pasu Maritz k m\u00ed\u010di dostala McCabe\u00a0 a zlehka p\u0159ehodila MacIver &#8211; <strong>0:1<\/strong>. V druh\u00e9 p\u016fli polo\u010dasu p\u0159idal karamely na aktivit\u011b sm\u011brem dop\u0159edu, hlavn\u011b na\u0161e hrotov\u00e1 dvojice se state\u010dn\u011b prob\u00edjela a vyv\u00e1\u017eela m\u00ed\u010de, ov\u0161em k ohro\u017een\u00ed branky soupe\u0159ek to nevedlo. Za Arsenal m\u011bla mo\u017enost zv\u00fd\u0161it p\u0159inejmen\u0161\u00edm je\u0161t\u011b kapit\u00e1nka Little, ale p\u0159est\u0159elila.<\/p>\n<h4>Druh\u00fd polo\u010das<\/h4>\n<p>za\u010dal velmi slibn\u011b. D\u00e1my v modr\u00e9m za\u010daly hr\u00e1t s Gunners vyrovnanou partii, urputn\u00e9 napad\u00e1n\u00ed Raso vn\u00e1\u0161elo neklid do zadn\u00edch \u0159ad lond\u00fd\u0148anek.\u00a0 Asi nejlep\u0161\u00ed \u0161anci v \u00favod druh\u00e9 p\u016fle m\u011bl ale Arsenal. Ov\u0161em Miedema m\u00edsto st\u0159ely volila p\u0159ihr\u00e1vku. Za n\u00e1s p\u00e1lila tvrd\u011b, ale nep\u0159esn\u011b Christiansen. Kanon\u00fdrky seznaly, \u017ee nep\u0159ijely hr\u00e1t s t\u00fdmem druh\u00e9 kategorie a p\u0159idaly je\u0161t\u011b v\u00edce na sv\u00e9m \u00fasil\u00ed. Maritz v g\u00f3lov\u00e9 \u0161anci vyp\u00e1lila pod tlakem Sevecke nad. V 73. minut\u011b vyslala Christiansen vysok\u00fd centr do v\u00e1pna, kter\u00fd v\u016fbec nevypadal nebezpe\u010dn\u011b a byl tak\u00e9 tak vyhodnocen obranou Arsenlalu. Na konci p\u0159ihr\u00e1vky ale byla <strong>Megan Finnigan<\/strong>, kter\u00e1 rovn\u011b\u017e nen\u00e1padnou hlavi\u010dkou p\u0159ekvapila Zinsberger v brance host\u00ed &#8211; <strong>1:1<\/strong>. Po vyrovn\u00e1n\u00ed vrhl Arsenal v\u0161e do \u00fatoku. Za\u010dal dvoj\u00edm st\u0159\u00edd\u00e1n\u00edm. U n\u00e1s vyst\u0159\u00eddala Magill Raso a nebezpe\u010dn\u011b p\u00e1lila Izzy. Z\u00e1pas sp\u011bl k n\u00e1mi tvrd\u011b vyd\u0159en\u00e9, ale zaslou\u017een\u00e9 rem\u00edze. A\u017e v posledn\u00edch sekund\u00e1ch nastaven\u00ed faulovala Finnigan ve v\u00e1pn\u011b McCabe a z na\u0159\u00edzen\u00e9 penalty Kim Little bezpe\u010dn\u011b zav\u011bsila &#8211;<strong> 1:2<\/strong>.<\/p>\n<h4>Shrnut\u00ed<\/h4>\n<p>V z\u00e1pase dr\u017eel Arsenal m\u00ed\u010d 64 % \u010dasu, celkov\u011b vyst\u0159eli 14 kr\u00e1t (Everton 5 kr\u00e1t), do br\u00e1ny sm\u011b\u0159ovaly\u00a0 4 arsenalsk\u00e9 st\u0159ely oproti jedin\u00e9 evertonsk\u00e9. I tato \u010d\u00edsla dokl\u00e1daj\u00ed, kdo byl v z\u00e1pase favoritem. P\u0159esto mysl\u00edm, \u017ee karamely p\u0159edvedly v r\u00e1mci sv\u00fdch mo\u017enost\u00ed velmi dobr\u00fd v\u00fdkon. Na\u0161e urputnost a nasazen\u00ed do zna\u010dn\u00e9 m\u00edry nahradily rozd\u00edl v technick\u00fdch schopnostech a z\u00e1v\u011bre\u010dn\u00e1 rem\u00edza by dle m\u00e9ho n\u00e1zoru tomuto ma\u010di velmi slu\u0161ela. I kdy\u017e je t\u0159eba p\u0159ipustit, \u017ee Arsenalu se ve st\u0159elb\u011b dnes (na\u0161t\u011bst\u00ed) v\u016fbec neda\u0159ilo. I nejlep\u0161\u00ed st\u0159elkyn\u011b lo\u0148sk\u00fdch dvou ro\u010dn\u00edku a zat\u00edm i tohoto Vivianne Meidema vy\u0161la napr\u00e1zdno, co\u017e je pro n\u00ed netypick\u00e9. Kirk tento z\u00e1pas od za\u010d\u00e1tku bral jako ochutn\u00e1vku toho, co n\u00e1s bude p\u0159\u00ed\u0161t\u00ed rok \u010dekat v boji o prvn\u00ed t\u0159i p\u0159\u00ed\u010dky. Rozhodn\u011b to nebude proch\u00e1zka r\u016f\u017eov\u00fdm sadem. Come on, you blue Girls!<\/p>\n<p style=\"text-align: right;\"><span style=\"font-size: 8pt;\"><em>Fotografie: McCabe a MacIver (zdroj: https:\/\/womenscompetitions.thefa.com\/)<\/em><\/span><\/p>\n<p><strong>Branky: <\/strong>Finnigan (73\u00b4) &#8211; McCabe (22\u00b4), Little (90+ 4\u00b4)<\/p>\n<p><strong>\u017dK:<\/strong> Christiansen, Finnigan &#8211; Miedema<\/p>\n<p><strong>Everton (5-3-2):<\/strong>\u00a0 MacIvr &#8211; Pattinson, Sevecke, George, Finnigan, Moe Wold &#8211; Scott, Christiansen, Graham (46\u00b4 S\u00f8rensen) &#8211; Emslie, Raso (85\u00b4Magill)<\/p>\n<p><strong>Arsenal (4-3-3):<\/strong> Zinsberger &#8211; Maritz, Williamson, McCabe, Walti &#8211; Mead (81\u00b4 Catley),\u00a0 Nobbs (81\u00b4 Roord), Little &#8211; van de Donk, Miedema,\u00a0 Foord<\/p>\n<p><strong>Rouhod\u010d\u00ed:<\/strong>\u00a0Sarah Garratt<\/p>\n","protected":false},"excerpt":{"rendered":"<p>Everton se po osmi z\u00e1pasech stal prvn\u00edm t\u00fdmem, kter\u00fd dok\u00e1zal vst\u0159elit Arsenalu branku. Na bodov\u00fd zisk to bohu\u017eel nesta\u010dilo. Gunners si zp\u011bt do Lond\u00fdna vezou v\u0161echny body za v\u00edt\u011bzstv\u00ed 2:1.<\/p>\n","protected":false},"author":26,"featured_media":15222,"comment_status":"open","ping_status":"closed","sticky":false,"template":"","format":"standard","meta":{"_eb_attr":"","_monsterinsights_skip_tracking":false,"_monsterinsights_sitenote_active":false,"_monsterinsights_sitenote_note":"","_monsterinsights_sitenote_category":0,"footnotes":""},"categories":[110],"tags":[],"yoast_head":"<!-- This site is optimized with the Yoast SEO plugin v23.4 - https:\/\/yoast.com\/wordpress\/plugins\/seo\/ -->\n<title>Everton W - Arsenal W 1:2 - Official Czech &amp; Slovak Everton Supporters&#039; Club<\/title>\n<meta name=\"robots\" content=\"index, follow, max-snippet:-1, max-image-preview:large, max-video-preview:-1\" \/>\n<link rel=\"canonical\" href=\"https:\/\/evertonfc.cz\/index.php\/2021\/05\/04\/everton-w-arsenal-w-12\/\" \/>\n<meta property=\"og:locale\" content=\"cs_CZ\" \/>\n<meta property=\"og:type\" content=\"article\" \/>\n<meta property=\"og:title\" content=\"Everton W - Arsenal W 1:2 - Official Czech &amp; Slovak Everton Supporters&#039; Club\" \/>\n<meta property=\"og:description\" content=\"Everton se po osmi z\u00e1pasech stal prvn\u00edm t\u00fdmem, kter\u00fd dok\u00e1zal vst\u0159elit Arsenalu branku. Na bodov\u00fd zisk to bohu\u017eel nesta\u010dilo. Gunners si zp\u011bt do Lond\u00fdna vezou v\u0161echny body za v\u00edt\u011bzstv\u00ed 2:1.\" \/>\n<meta property=\"og:url\" content=\"https:\/\/evertonfc.cz\/index.php\/2021\/05\/04\/everton-w-arsenal-w-12\/\" \/>\n<meta property=\"og:site_name\" content=\"Official Czech &amp; Slovak Everton Supporters&#039; Club\" \/>\n<meta property=\"article:publisher\" content=\"https:\/\/www.facebook.com\/everton.fans.cz.sk\" \/>\n<meta property=\"article:published_time\" content=\"2021-05-04T08:20:45+00:00\" \/>\n<meta property=\"article:modified_time\" content=\"2021-05-04T16:00:59+00:00\" \/>\n<meta property=\"og:image\" content=\"https:\/\/evertonfc.cz\/wp-content\/uploads\/2021\/05\/MacIver_McCabe_2_5_2021_web.jpg\" \/>\n\t<meta property=\"og:image:width\" content=\"720\" \/>\n\t<meta property=\"og:image:height\" content=\"405\" \/>\n\t<meta property=\"og:image:type\" content=\"image\/jpeg\" \/>\n<meta name=\"author\" content=\"Karamela\" \/>\n<meta name=\"twitter:card\" content=\"summary_large_image\" \/>\n<meta name=\"twitter:label1\" content=\"Napsal(a)\" \/>\n\t<meta name=\"twitter:data1\" content=\"Karamela\" \/>\n\t<meta name=\"twitter:label2\" content=\"Odhadovan\u00e1 doba \u010dten\u00ed\" \/>\n\t<meta name=\"twitter:data2\" content=\"3 minuty\" \/>\n<script type=\"application\/ld+json\" class=\"yoast-schema-graph\">{\"@context\":\"https:\/\/schema.org\",\"@graph\":[{\"@type\":\"Article\",\"@id\":\"https:\/\/evertonfc.cz\/index.php\/2021\/05\/04\/everton-w-arsenal-w-12\/#article\",\"isPartOf\":{\"@id\":\"https:\/\/evertonfc.cz\/index.php\/2021\/05\/04\/everton-w-arsenal-w-12\/\"},\"author\":{\"name\":\"Karamela\",\"@id\":\"https:\/\/evertonfc.cz\/#\/schema\/person\/e9a24a80a32efa1344dd2c4e5882185c\"},\"headline\":\"Everton W &#8211; Arsenal W 1:2\",\"datePublished\":\"2021-05-04T08:20:45+00:00\",\"dateModified\":\"2021-05-04T16:00:59+00:00\",\"mainEntityOfPage\":{\"@id\":\"https:\/\/evertonfc.cz\/index.php\/2021\/05\/04\/everton-w-arsenal-w-12\/\"},\"wordCount\":761,\"commentCount\":2,\"publisher\":{\"@id\":\"https:\/\/evertonfc.cz\/#organization\"},\"image\":{\"@id\":\"https:\/\/evertonfc.cz\/index.php\/2021\/05\/04\/everton-w-arsenal-w-12\/#primaryimage\"},\"thumbnailUrl\":\"https:\/\/evertonfc.cz\/wp-content\/uploads\/2021\/05\/MacIver_McCabe_2_5_2021_web.jpg\",\"articleSection\":[\"Everton Women\"],\"inLanguage\":\"cs\",\"potentialAction\":[{\"@type\":\"CommentAction\",\"name\":\"Comment\",\"target\":[\"https:\/\/evertonfc.cz\/index.php\/2021\/05\/04\/everton-w-arsenal-w-12\/#respond\"]}]},{\"@type\":\"WebPage\",\"@id\":\"https:\/\/evertonfc.cz\/index.php\/2021\/05\/04\/everton-w-arsenal-w-12\/\",\"url\":\"https:\/\/evertonfc.cz\/index.php\/2021\/05\/04\/everton-w-arsenal-w-12\/\",\"name\":\"Everton W - Arsenal W 1:2 - Official Czech &amp; Slovak Everton Supporters&#039; Club\",\"isPartOf\":{\"@id\":\"https:\/\/evertonfc.cz\/#website\"},\"primaryImageOfPage\":{\"@id\":\"https:\/\/evertonfc.cz\/index.php\/2021\/05\/04\/everton-w-arsenal-w-12\/#primaryimage\"},\"image\":{\"@id\":\"https:\/\/evertonfc.cz\/index.php\/2021\/05\/04\/everton-w-arsenal-w-12\/#primaryimage\"},\"thumbnailUrl\":\"https:\/\/evertonfc.cz\/wp-content\/uploads\/2021\/05\/MacIver_McCabe_2_5_2021_web.jpg\",\"datePublished\":\"2021-05-04T08:20:45+00:00\",\"dateModified\":\"2021-05-04T16:00:59+00:00\",\"breadcrumb\":{\"@id\":\"https:\/\/evertonfc.cz\/index.php\/2021\/05\/04\/everton-w-arsenal-w-12\/#breadcrumb\"},\"inLanguage\":\"cs\",\"potentialAction\":[{\"@type\":\"ReadAction\",\"target\":[\"https:\/\/evertonfc.cz\/index.php\/2021\/05\/04\/everton-w-arsenal-w-12\/\"]}]},{\"@type\":\"ImageObject\",\"inLanguage\":\"cs\",\"@id\":\"https:\/\/evertonfc.cz\/index.php\/2021\/05\/04\/everton-w-arsenal-w-12\/#primaryimage\",\"url\":\"https:\/\/evertonfc.cz\/wp-content\/uploads\/2021\/05\/MacIver_McCabe_2_5_2021_web.jpg\",\"contentUrl\":\"https:\/\/evertonfc.cz\/wp-content\/uploads\/2021\/05\/MacIver_McCabe_2_5_2021_web.jpg\",\"width\":720,\"height\":405},{\"@type\":\"BreadcrumbList\",\"@id\":\"https:\/\/evertonfc.cz\/index.php\/2021\/05\/04\/everton-w-arsenal-w-12\/#breadcrumb\",\"itemListElement\":[{\"@type\":\"ListItem\",\"position\":1,\"name\":\"Home\",\"item\":\"https:\/\/evertonfc.cz\/\"},{\"@type\":\"ListItem\",\"position\":2,\"name\":\"Everton W &#8211; Arsenal W 1:2\"}]},{\"@type\":\"WebSite\",\"@id\":\"https:\/\/evertonfc.cz\/#website\",\"url\":\"https:\/\/evertonfc.cz\/\",\"name\":\"Official Czech &amp; Slovak Everton Supporters&#039; Club\",\"description\":\"\",\"publisher\":{\"@id\":\"https:\/\/evertonfc.cz\/#organization\"},\"potentialAction\":[{\"@type\":\"SearchAction\",\"target\":{\"@type\":\"EntryPoint\",\"urlTemplate\":\"https:\/\/evertonfc.cz\/?s={search_term_string}\"},\"query-input\":{\"@type\":\"PropertyValueSpecification\",\"valueRequired\":true,\"valueName\":\"search_term_string\"}}],\"inLanguage\":\"cs\"},{\"@type\":\"Organization\",\"@id\":\"https:\/\/evertonfc.cz\/#organization\",\"name\":\"Official Czech & Slovak Everton Supporters' Club\",\"url\":\"https:\/\/evertonfc.cz\/\",\"logo\":{\"@type\":\"ImageObject\",\"inLanguage\":\"cs\",\"@id\":\"https:\/\/evertonfc.cz\/#\/schema\/logo\/image\/\",\"url\":\"https:\/\/evertonfc.cz\/wp-content\/uploads\/2019\/05\/logo.png\",\"contentUrl\":\"https:\/\/evertonfc.cz\/wp-content\/uploads\/2019\/05\/logo.png\",\"width\":112,\"height\":112,\"caption\":\"Official Czech & Slovak Everton Supporters' Club\"},\"image\":{\"@id\":\"https:\/\/evertonfc.cz\/#\/schema\/logo\/image\/\"},\"sameAs\":[\"https:\/\/www.facebook.com\/everton.fans.cz.sk\"]},{\"@type\":\"Person\",\"@id\":\"https:\/\/evertonfc.cz\/#\/schema\/person\/e9a24a80a32efa1344dd2c4e5882185c\",\"name\":\"Karamela\",\"url\":\"https:\/\/evertonfc.cz\/index.php\/author\/karamela\/\"}]}<\/script>\n<!-- \/ Yoast SEO plugin. -->","yoast_head_json":{"title":"Everton W - Arsenal W 1:2 - Official Czech &amp; Slovak Everton Supporters&#039; Club","robots":{"index":"index","follow":"follow","max-snippet":"max-snippet:-1","max-image-preview":"max-image-preview:large","max-video-preview":"max-video-preview:-1"},"canonical":"https:\/\/evertonfc.cz\/index.php\/2021\/05\/04\/everton-w-arsenal-w-12\/","og_locale":"cs_CZ","og_type":"article","og_title":"Everton W - Arsenal W 1:2 - Official Czech &amp; Slovak Everton Supporters&#039; Club","og_description":"Everton se po osmi z\u00e1pasech stal prvn\u00edm t\u00fdmem, kter\u00fd dok\u00e1zal vst\u0159elit Arsenalu branku. Na bodov\u00fd zisk to bohu\u017eel nesta\u010dilo. Gunners si zp\u011bt do Lond\u00fdna vezou v\u0161echny body za v\u00edt\u011bzstv\u00ed 2:1.","og_url":"https:\/\/evertonfc.cz\/index.php\/2021\/05\/04\/everton-w-arsenal-w-12\/","og_site_name":"Official Czech &amp; Slovak Everton Supporters&#039; Club","article_publisher":"https:\/\/www.facebook.com\/everton.fans.cz.sk","article_published_time":"2021-05-04T08:20:45+00:00","article_modified_time":"2021-05-04T16:00:59+00:00","og_image":[{"width":720,"height":405,"url":"https:\/\/evertonfc.cz\/wp-content\/uploads\/2021\/05\/MacIver_McCabe_2_5_2021_web.jpg","type":"image\/jpeg"}],"author":"Karamela","twitter_card":"summary_large_image","twitter_misc":{"Napsal(a)":"Karamela","Odhadovan\u00e1 doba \u010dten\u00ed":"3 minuty"},"schema":{"@context":"https:\/\/schema.org","@graph":[{"@type":"Article","@id":"https:\/\/evertonfc.cz\/index.php\/2021\/05\/04\/everton-w-arsenal-w-12\/#article","isPartOf":{"@id":"https:\/\/evertonfc.cz\/index.php\/2021\/05\/04\/everton-w-arsenal-w-12\/"},"author":{"name":"Karamela","@id":"https:\/\/evertonfc.cz\/#\/schema\/person\/e9a24a80a32efa1344dd2c4e5882185c"},"headline":"Everton W &#8211; Arsenal W 1:2","datePublished":"2021-05-04T08:20:45+00:00","dateModified":"2021-05-04T16:00:59+00:00","mainEntityOfPage":{"@id":"https:\/\/evertonfc.cz\/index.php\/2021\/05\/04\/everton-w-arsenal-w-12\/"},"wordCount":761,"commentCount":2,"publisher":{"@id":"https:\/\/evertonfc.cz\/#organization"},"image":{"@id":"https:\/\/evertonfc.cz\/index.php\/2021\/05\/04\/everton-w-arsenal-w-12\/#primaryimage"},"thumbnailUrl":"https:\/\/evertonfc.cz\/wp-content\/uploads\/2021\/05\/MacIver_McCabe_2_5_2021_web.jpg","articleSection":["Everton Women"],"inLanguage":"cs","potentialAction":[{"@type":"CommentAction","name":"Comment","target":["https:\/\/evertonfc.cz\/index.php\/2021\/05\/04\/everton-w-arsenal-w-12\/#respond"]}]},{"@type":"WebPage","@id":"https:\/\/evertonfc.cz\/index.php\/2021\/05\/04\/everton-w-arsenal-w-12\/","url":"https:\/\/evertonfc.cz\/index.php\/2021\/05\/04\/everton-w-arsenal-w-12\/","name":"Everton W - Arsenal W 1:2 - Official Czech &amp; Slovak Everton Supporters&#039; Club","isPartOf":{"@id":"https:\/\/evertonfc.cz\/#website"},"primaryImageOfPage":{"@id":"https:\/\/evertonfc.cz\/index.php\/2021\/05\/04\/everton-w-arsenal-w-12\/#primaryimage"},"image":{"@id":"https:\/\/evertonfc.cz\/index.php\/2021\/05\/04\/everton-w-arsenal-w-12\/#primaryimage"},"thumbnailUrl":"https:\/\/evertonfc.cz\/wp-content\/uploads\/2021\/05\/MacIver_McCabe_2_5_2021_web.jpg","datePublished":"2021-05-04T08:20:45+00:00","dateModified":"2021-05-04T16:00:59+00:00","breadcrumb":{"@id":"https:\/\/evertonfc.cz\/index.php\/2021\/05\/04\/everton-w-arsenal-w-12\/#breadcrumb"},"inLanguage":"cs","potentialAction":[{"@type":"ReadAction","target":["https:\/\/evertonfc.cz\/index.php\/2021\/05\/04\/everton-w-arsenal-w-12\/"]}]},{"@type":"ImageObject","inLanguage":"cs","@id":"https:\/\/evertonfc.cz\/index.php\/2021\/05\/04\/everton-w-arsenal-w-12\/#primaryimage","url":"https:\/\/evertonfc.cz\/wp-content\/uploads\/2021\/05\/MacIver_McCabe_2_5_2021_web.jpg","contentUrl":"https:\/\/evertonfc.cz\/wp-content\/uploads\/2021\/05\/MacIver_McCabe_2_5_2021_web.jpg","width":720,"height":405},{"@type":"BreadcrumbList","@id":"https:\/\/evertonfc.cz\/index.php\/2021\/05\/04\/everton-w-arsenal-w-12\/#breadcrumb","itemListElement":[{"@type":"ListItem","position":1,"name":"Home","item":"https:\/\/evertonfc.cz\/"},{"@type":"ListItem","position":2,"name":"Everton W &#8211; Arsenal W 1:2"}]},{"@type":"WebSite","@id":"https:\/\/evertonfc.cz\/#website","url":"https:\/\/evertonfc.cz\/","name":"Official Czech &amp; Slovak Everton Supporters&#039; Club","description":"","publisher":{"@id":"https:\/\/evertonfc.cz\/#organization"},"potentialAction":[{"@type":"SearchAction","target":{"@type":"EntryPoint","urlTemplate":"https:\/\/evertonfc.cz\/?s={search_term_string}"},"query-input":{"@type":"PropertyValueSpecification","valueRequired":true,"valueName":"search_term_string"}}],"inLanguage":"cs"},{"@type":"Organization","@id":"https:\/\/evertonfc.cz\/#organization","name":"Official Czech & Slovak Everton Supporters' Club","url":"https:\/\/evertonfc.cz\/","logo":{"@type":"ImageObject","inLanguage":"cs","@id":"https:\/\/evertonfc.cz\/#\/schema\/logo\/image\/","url":"https:\/\/evertonfc.cz\/wp-content\/uploads\/2019\/05\/logo.png","contentUrl":"https:\/\/evertonfc.cz\/wp-content\/uploads\/2019\/05\/logo.png","width":112,"height":112,"caption":"Official Czech & Slovak Everton Supporters' Club"},"image":{"@id":"https:\/\/evertonfc.cz\/#\/schema\/logo\/image\/"},"sameAs":["https:\/\/www.facebook.com\/everton.fans.cz.sk"]},{"@type":"Person","@id":"https:\/\/evertonfc.cz\/#\/schema\/person\/e9a24a80a32efa1344dd2c4e5882185c","name":"Karamela","url":"https:\/\/evertonfc.cz\/index.php\/author\/karamela\/"}]}},"_links":{"self":[{"href":"https:\/\/evertonfc.cz\/index.php\/wp-json\/wp\/v2\/posts\/15219"}],"collection":[{"href":"https:\/\/evertonfc.cz\/index.php\/wp-json\/wp\/v2\/posts"}],"about":[{"href":"https:\/\/evertonfc.cz\/index.php\/wp-json\/wp\/v2\/types\/post"}],"author":[{"embeddable":true,"href":"https:\/\/evertonfc.cz\/index.php\/wp-json\/wp\/v2\/users\/26"}],"replies":[{"embeddable":true,"href":"https:\/\/evertonfc.cz\/index.php\/wp-json\/wp\/v2\/comments?post=15219"}],"version-history":[{"count":12,"href":"https:\/\/evertonfc.cz\/index.php\/wp-json\/wp\/v2\/posts\/15219\/revisions"}],"predecessor-version":[{"id":15234,"href":"https:\/\/evertonfc.cz\/index.php\/wp-json\/wp\/v2\/posts\/15219\/revisions\/15234"}],"wp:featuredmedia":[{"embeddable":true,"href":"https:\/\/evertonfc.cz\/index.php\/wp-json\/wp\/v2\/media\/15222"}],"wp:attachment":[{"href":"https:\/\/evertonfc.cz\/index.php\/wp-json\/wp\/v2\/media?parent=15219"}],"wp:term":[{"taxonomy":"category","embeddable":true,"href":"https:\/\/evertonfc.cz\/index.php\/wp-json\/wp\/v2\/categories?post=15219"},{"taxonomy":"post_tag","embeddable":true,"href":"https:\/\/evertonfc.cz\/index.php\/wp-json\/wp\/v2\/tags?post=15219"}],"curies":[{"name":"wp","href":"https:\/\/api.w.org\/{rel}","templated":true}]}}