{"id":1522,"date":"2019-01-09T16:43:37","date_gmt":"2019-01-09T15:43:37","guid":{"rendered":"http:\/\/evertonfc.cz\/?p=1522"},"modified":"2019-01-23T22:20:18","modified_gmt":"2019-01-23T21:20:18","slug":"moshiri-investoval-som-250-milionov-do-muzea","status":"publish","type":"post","link":"https:\/\/evertonfc.cz\/index.php\/2019\/01\/09\/moshiri-investoval-som-250-milionov-do-muzea\/","title":{"rendered":"Moshiri: Investoval som 250 mili\u00f3nov do m\u00fazea"},"content":{"rendered":"<h4>V\u00e4\u010d\u0161inov\u00fd vlastn\u00edk Evertonu, 63 ro\u010dn\u00fd Ir\u00e1nec, op\u00e4\u0165 nebol sk\u00fapy na slovo. Tentoraz sa rozre\u010dnil na v\u00fdro\u010dnom valnom zhroma\u017eden\u00ed, tradi\u010dne vo Philharmonic Hall v centre Liverpoolu.<\/h4>\n<p>Priemyseln\u00fd magn\u00e1t, vlastniaci moment\u00e1lne 68.6 percentn\u00fd podiel v klube, sa priznal, \u017ee len bohapust\u00e9 nalievanie pe\u0148az\u00ed nesta\u010d\u00ed. Za\u010diatkom leta by sa jeho akcie mali e\u0161te rozr\u00e1s\u0165 na portf\u00f3lio 77.2 percenta.<\/p>\n<p><em>\u201eFinancovanie nie je v\u0161etko. Minul som 250 mili\u00f3nov, aby som premenil m\u00fazeum na konkurencieschopn\u00fd t\u00edm. Treba to robi\u0165 spr\u00e1vne, vyhadzovanie pe\u0148az\u00ed nie je odpove\u010fou. Nie s\u00fa to len slov\u00e1, berieme ve\u013emi v\u00e1\u017ene to, \u010do tu chceme robi\u0165. Som aj fan\u00fa\u0161ikom a ke\u010f sa pozriem na tabu\u013eku, 11. miesto nie je dos\u0165 dobr\u00e9. Mysl\u00edm si, \u017ee to v\u0161etci vieme.<\/em><\/p>\n<p><em>\u0164a\u017ekos\u0165ou, ktor\u00fa sme za\u017eili je, \u017ee sme stratili troch z na\u0161ich k\u013e\u00fa\u010dov\u00fdch hr\u00e1\u010dov: John Stones, Ross Barkley a Romelu. Boli mlad\u00ed, mali n\u00edzke platy a za Stonesa sme s\u00edce z\u00edskali 45 mili\u00f3nov libier, ale mal n\u00edzky plat. Ak by sme ho chceli nahradi\u0165 hr\u00e1\u010dom rovnakej kvality, museli by sme plati\u0165 200 tis\u00edc t\u00fd\u017edenne. To sme nespravili. Predali sme Lukaka za 75 mili\u00f3nov. Zar\u00e1bal 70 tis\u00edc t\u00fd\u017edenne. V pr\u00edpade, \u017ee by sme ho chceli nahradi\u0165, museli by sme min\u00fa\u0165 120 mili\u00f3nov a plati\u0165 250 tis\u00edc t\u00fd\u017edenne. Pr\u00e1ve preto tu potrebujeme futbalov\u00fdch expertov Marcelovho kalibru. Infra\u0161trukt\u00fara je d\u00f4le\u017eit\u00e1 a mus\u00ed by\u0165 v s\u00falade s finan\u010dn\u00fdm fair-play. M\u00f4\u017eete plati\u0165 ve\u013ek\u00e9 prestupov\u00e9 \u010diastky, ale je potrebn\u00e9 zachova\u0165 mzdy na rovnakej \u00farovn\u00ed a to je v\u00fdzva. Pou\u010dili sme sa, mali sme smolu, zl\u00fd \u00fasudok. Ale c\u00edtim, \u017ee prestupy, ktor\u00e9 sme spravili v lete ukazuj\u00fa, \u017ee ideme spr\u00e1vnym smerom. Bolo to v\u0161ak \u0165a\u017ek\u00e9.<\/em><\/p>\n<p><em>Zmenil som svoj n\u00e1zor na FA Cup. A to nielen ja, ale cel\u00e1 Premier League. Tak\u017ee vyhra\u0165 FA Cup je teraz ve\u013ek\u00fdm \u00faspechom a je to ve\u013ek\u00e1 cena. Hovorili sme s Marcelom a Billom a vyjadrili sme svoj postoj k poh\u00e1ru. Marco, dok\u00e1\u017ee\u0161 to!\u201c<\/em><\/p>\n<p>\u0160portov\u00fd riadite\u013e Evertonu Marcel Brands bol v\u010dera zaraden\u00fd medzi \u010dlenov rady predstavenstva. Zohr\u00e1 tak v\u00e4\u010d\u0161iu \u00falohu vo veden\u00ed klubu. Nebude sa stara\u0165 len o n\u00e1bor nov\u00fdch hr\u00e1\u010dov, ale dlhodobo aj o celkov\u00fa futbalov\u00fa strat\u00e9giu klubu.<\/p>\n<p><em>\u201eJe pre m\u0148a pote\u0161en\u00edm ozn\u00e1mi\u0165 menovanie Marcela do rady predstavenstva klubu. Toto rozhodnutie potvrdzuje d\u00f4le\u017eitos\u0165 a st\u00e1los\u0165 poz\u00edcie \u0161portov\u00e9ho riadite\u013ea v \u0161trukt\u00fare n\u00e1\u0161ho klubu. V kone\u010dnom d\u00f4sledku to znamen\u00e1 boj o dom\u00e1ce tituly a trofeje. Nielen poh\u00e1re, ale aj z\u00edskanie titulov v Premier League. Tie\u017e to znamen\u00e1 pravidelne hra\u0165 Ligu Majstrov. Robi\u0165 to na svetovej \u00farovni, na novom svetovo uzn\u00e1vanom \u0161tadi\u00f3ne.\u201c<\/em><\/p>\n<p>Vyhl\u00e1sila to nov\u00e1 CEO Evertonu, Denise Barrett-Baxendale. \u010eal\u0161ie potvrdenie toho, \u017ee Everton m\u00e1 v najbli\u017e\u0161\u00edch 10 rokoch stanoven\u00e9 len tie najvy\u0161\u0161ie ciele.<\/p>\n<p style=\"text-align: center;\"><a href=\"https:\/\/www.facebook.com\/everton.fans.cz.sk\/\" target=\"_blank\" rel=\"noopener\">Sledujte n\u00e1s aj na Facebooku:\u00a0Everton FC &#8211; CZ\/SK<\/a><\/p>\n","protected":false},"excerpt":{"rendered":"<p>V\u00e4\u010d\u0161inov\u00fd vlastn\u00edk Evertonu, 63 ro\u010dn\u00fd Ir\u00e1nec, op\u00e4\u0165 nebol sk\u00fapy na slovo. Tentoraz sa rozre\u010dnil na v\u00fdro\u010dnom valnom zhroma\u017eden\u00ed, tradi\u010dne vo&hellip;<\/p>\n","protected":false},"author":14,"featured_media":1503,"comment_status":"open","ping_status":"closed","sticky":false,"template":"","format":"standard","meta":{"_eb_attr":"","_monsterinsights_skip_tracking":false,"_monsterinsights_sitenote_active":false,"_monsterinsights_sitenote_note":"","_monsterinsights_sitenote_category":0,"footnotes":""},"categories":[1],"tags":[],"yoast_head":"<!-- This site is optimized with the Yoast SEO plugin v23.4 - https:\/\/yoast.com\/wordpress\/plugins\/seo\/ -->\n<title>Moshiri: Investoval som 250 mili\u00f3nov do m\u00fazea - Official Czech &amp; Slovak Everton Supporters&#039; Club<\/title>\n<meta name=\"robots\" content=\"index, follow, max-snippet:-1, max-image-preview:large, max-video-preview:-1\" \/>\n<link rel=\"canonical\" href=\"https:\/\/evertonfc.cz\/index.php\/2019\/01\/09\/moshiri-investoval-som-250-milionov-do-muzea\/\" \/>\n<meta property=\"og:locale\" content=\"cs_CZ\" \/>\n<meta property=\"og:type\" content=\"article\" \/>\n<meta property=\"og:title\" content=\"Moshiri: Investoval som 250 mili\u00f3nov do m\u00fazea - Official Czech &amp; Slovak Everton Supporters&#039; Club\" \/>\n<meta property=\"og:description\" content=\"V\u00e4\u010d\u0161inov\u00fd vlastn\u00edk Evertonu, 63 ro\u010dn\u00fd Ir\u00e1nec, op\u00e4\u0165 nebol sk\u00fapy na slovo. Tentoraz sa rozre\u010dnil na v\u00fdro\u010dnom valnom zhroma\u017eden\u00ed, tradi\u010dne vo&hellip;\" \/>\n<meta property=\"og:url\" content=\"https:\/\/evertonfc.cz\/index.php\/2019\/01\/09\/moshiri-investoval-som-250-milionov-do-muzea\/\" \/>\n<meta property=\"og:site_name\" content=\"Official Czech &amp; Slovak Everton Supporters&#039; Club\" \/>\n<meta property=\"article:publisher\" content=\"https:\/\/www.facebook.com\/everton.fans.cz.sk\" \/>\n<meta property=\"article:published_time\" content=\"2019-01-09T15:43:37+00:00\" \/>\n<meta property=\"article:modified_time\" content=\"2019-01-23T21:20:18+00:00\" \/>\n<meta property=\"og:image\" content=\"https:\/\/evertonfc.cz\/wp-content\/uploads\/2019\/01\/moshiri_9_1_2019.jpg\" \/>\n\t<meta property=\"og:image:width\" content=\"720\" \/>\n\t<meta property=\"og:image:height\" content=\"405\" \/>\n\t<meta property=\"og:image:type\" content=\"image\/jpeg\" \/>\n<meta name=\"author\" content=\"kukol113\" \/>\n<meta name=\"twitter:card\" content=\"summary_large_image\" \/>\n<meta name=\"twitter:label1\" content=\"Napsal(a)\" \/>\n\t<meta name=\"twitter:data1\" content=\"kukol113\" \/>\n\t<meta name=\"twitter:label2\" content=\"Odhadovan\u00e1 doba \u010dten\u00ed\" \/>\n\t<meta name=\"twitter:data2\" content=\"3 minuty\" \/>\n<script type=\"application\/ld+json\" class=\"yoast-schema-graph\">{\"@context\":\"https:\/\/schema.org\",\"@graph\":[{\"@type\":\"Article\",\"@id\":\"https:\/\/evertonfc.cz\/index.php\/2019\/01\/09\/moshiri-investoval-som-250-milionov-do-muzea\/#article\",\"isPartOf\":{\"@id\":\"https:\/\/evertonfc.cz\/index.php\/2019\/01\/09\/moshiri-investoval-som-250-milionov-do-muzea\/\"},\"author\":{\"name\":\"kukol113\",\"@id\":\"https:\/\/evertonfc.cz\/#\/schema\/person\/654445285615a131e512042061de9cd8\"},\"headline\":\"Moshiri: Investoval som 250 mili\u00f3nov do m\u00fazea\",\"datePublished\":\"2019-01-09T15:43:37+00:00\",\"dateModified\":\"2019-01-23T21:20:18+00:00\",\"mainEntityOfPage\":{\"@id\":\"https:\/\/evertonfc.cz\/index.php\/2019\/01\/09\/moshiri-investoval-som-250-milionov-do-muzea\/\"},\"wordCount\":535,\"commentCount\":0,\"publisher\":{\"@id\":\"https:\/\/evertonfc.cz\/#organization\"},\"image\":{\"@id\":\"https:\/\/evertonfc.cz\/index.php\/2019\/01\/09\/moshiri-investoval-som-250-milionov-do-muzea\/#primaryimage\"},\"thumbnailUrl\":\"https:\/\/evertonfc.cz\/wp-content\/uploads\/2019\/01\/moshiri_9_1_2019.jpg\",\"articleSection\":[\"Rozhovory\"],\"inLanguage\":\"cs\",\"potentialAction\":[{\"@type\":\"CommentAction\",\"name\":\"Comment\",\"target\":[\"https:\/\/evertonfc.cz\/index.php\/2019\/01\/09\/moshiri-investoval-som-250-milionov-do-muzea\/#respond\"]}]},{\"@type\":\"WebPage\",\"@id\":\"https:\/\/evertonfc.cz\/index.php\/2019\/01\/09\/moshiri-investoval-som-250-milionov-do-muzea\/\",\"url\":\"https:\/\/evertonfc.cz\/index.php\/2019\/01\/09\/moshiri-investoval-som-250-milionov-do-muzea\/\",\"name\":\"Moshiri: Investoval som 250 mili\u00f3nov do m\u00fazea - Official Czech &amp; Slovak Everton Supporters&#039; Club\",\"isPartOf\":{\"@id\":\"https:\/\/evertonfc.cz\/#website\"},\"primaryImageOfPage\":{\"@id\":\"https:\/\/evertonfc.cz\/index.php\/2019\/01\/09\/moshiri-investoval-som-250-milionov-do-muzea\/#primaryimage\"},\"image\":{\"@id\":\"https:\/\/evertonfc.cz\/index.php\/2019\/01\/09\/moshiri-investoval-som-250-milionov-do-muzea\/#primaryimage\"},\"thumbnailUrl\":\"https:\/\/evertonfc.cz\/wp-content\/uploads\/2019\/01\/moshiri_9_1_2019.jpg\",\"datePublished\":\"2019-01-09T15:43:37+00:00\",\"dateModified\":\"2019-01-23T21:20:18+00:00\",\"breadcrumb\":{\"@id\":\"https:\/\/evertonfc.cz\/index.php\/2019\/01\/09\/moshiri-investoval-som-250-milionov-do-muzea\/#breadcrumb\"},\"inLanguage\":\"cs\",\"potentialAction\":[{\"@type\":\"ReadAction\",\"target\":[\"https:\/\/evertonfc.cz\/index.php\/2019\/01\/09\/moshiri-investoval-som-250-milionov-do-muzea\/\"]}]},{\"@type\":\"ImageObject\",\"inLanguage\":\"cs\",\"@id\":\"https:\/\/evertonfc.cz\/index.php\/2019\/01\/09\/moshiri-investoval-som-250-milionov-do-muzea\/#primaryimage\",\"url\":\"https:\/\/evertonfc.cz\/wp-content\/uploads\/2019\/01\/moshiri_9_1_2019.jpg\",\"contentUrl\":\"https:\/\/evertonfc.cz\/wp-content\/uploads\/2019\/01\/moshiri_9_1_2019.jpg\",\"width\":720,\"height\":405},{\"@type\":\"BreadcrumbList\",\"@id\":\"https:\/\/evertonfc.cz\/index.php\/2019\/01\/09\/moshiri-investoval-som-250-milionov-do-muzea\/#breadcrumb\",\"itemListElement\":[{\"@type\":\"ListItem\",\"position\":1,\"name\":\"Home\",\"item\":\"https:\/\/evertonfc.cz\/\"},{\"@type\":\"ListItem\",\"position\":2,\"name\":\"Moshiri: Investoval som 250 mili\u00f3nov do m\u00fazea\"}]},{\"@type\":\"WebSite\",\"@id\":\"https:\/\/evertonfc.cz\/#website\",\"url\":\"https:\/\/evertonfc.cz\/\",\"name\":\"Official Czech &amp; Slovak Everton Supporters&#039; Club\",\"description\":\"\",\"publisher\":{\"@id\":\"https:\/\/evertonfc.cz\/#organization\"},\"potentialAction\":[{\"@type\":\"SearchAction\",\"target\":{\"@type\":\"EntryPoint\",\"urlTemplate\":\"https:\/\/evertonfc.cz\/?s={search_term_string}\"},\"query-input\":{\"@type\":\"PropertyValueSpecification\",\"valueRequired\":true,\"valueName\":\"search_term_string\"}}],\"inLanguage\":\"cs\"},{\"@type\":\"Organization\",\"@id\":\"https:\/\/evertonfc.cz\/#organization\",\"name\":\"Official Czech & Slovak Everton Supporters' Club\",\"url\":\"https:\/\/evertonfc.cz\/\",\"logo\":{\"@type\":\"ImageObject\",\"inLanguage\":\"cs\",\"@id\":\"https:\/\/evertonfc.cz\/#\/schema\/logo\/image\/\",\"url\":\"https:\/\/evertonfc.cz\/wp-content\/uploads\/2019\/05\/logo.png\",\"contentUrl\":\"https:\/\/evertonfc.cz\/wp-content\/uploads\/2019\/05\/logo.png\",\"width\":112,\"height\":112,\"caption\":\"Official Czech & Slovak Everton Supporters' Club\"},\"image\":{\"@id\":\"https:\/\/evertonfc.cz\/#\/schema\/logo\/image\/\"},\"sameAs\":[\"https:\/\/www.facebook.com\/everton.fans.cz.sk\"]},{\"@type\":\"Person\",\"@id\":\"https:\/\/evertonfc.cz\/#\/schema\/person\/654445285615a131e512042061de9cd8\",\"name\":\"kukol113\",\"url\":\"https:\/\/evertonfc.cz\/index.php\/author\/kukol113\/\"}]}<\/script>\n<!-- \/ Yoast SEO plugin. -->","yoast_head_json":{"title":"Moshiri: Investoval som 250 mili\u00f3nov do m\u00fazea - Official Czech &amp; Slovak Everton Supporters&#039; Club","robots":{"index":"index","follow":"follow","max-snippet":"max-snippet:-1","max-image-preview":"max-image-preview:large","max-video-preview":"max-video-preview:-1"},"canonical":"https:\/\/evertonfc.cz\/index.php\/2019\/01\/09\/moshiri-investoval-som-250-milionov-do-muzea\/","og_locale":"cs_CZ","og_type":"article","og_title":"Moshiri: Investoval som 250 mili\u00f3nov do m\u00fazea - Official Czech &amp; Slovak Everton Supporters&#039; Club","og_description":"V\u00e4\u010d\u0161inov\u00fd vlastn\u00edk Evertonu, 63 ro\u010dn\u00fd Ir\u00e1nec, op\u00e4\u0165 nebol sk\u00fapy na slovo. Tentoraz sa rozre\u010dnil na v\u00fdro\u010dnom valnom zhroma\u017eden\u00ed, tradi\u010dne vo&hellip;","og_url":"https:\/\/evertonfc.cz\/index.php\/2019\/01\/09\/moshiri-investoval-som-250-milionov-do-muzea\/","og_site_name":"Official Czech &amp; Slovak Everton Supporters&#039; Club","article_publisher":"https:\/\/www.facebook.com\/everton.fans.cz.sk","article_published_time":"2019-01-09T15:43:37+00:00","article_modified_time":"2019-01-23T21:20:18+00:00","og_image":[{"width":720,"height":405,"url":"https:\/\/evertonfc.cz\/wp-content\/uploads\/2019\/01\/moshiri_9_1_2019.jpg","type":"image\/jpeg"}],"author":"kukol113","twitter_card":"summary_large_image","twitter_misc":{"Napsal(a)":"kukol113","Odhadovan\u00e1 doba \u010dten\u00ed":"3 minuty"},"schema":{"@context":"https:\/\/schema.org","@graph":[{"@type":"Article","@id":"https:\/\/evertonfc.cz\/index.php\/2019\/01\/09\/moshiri-investoval-som-250-milionov-do-muzea\/#article","isPartOf":{"@id":"https:\/\/evertonfc.cz\/index.php\/2019\/01\/09\/moshiri-investoval-som-250-milionov-do-muzea\/"},"author":{"name":"kukol113","@id":"https:\/\/evertonfc.cz\/#\/schema\/person\/654445285615a131e512042061de9cd8"},"headline":"Moshiri: Investoval som 250 mili\u00f3nov do m\u00fazea","datePublished":"2019-01-09T15:43:37+00:00","dateModified":"2019-01-23T21:20:18+00:00","mainEntityOfPage":{"@id":"https:\/\/evertonfc.cz\/index.php\/2019\/01\/09\/moshiri-investoval-som-250-milionov-do-muzea\/"},"wordCount":535,"commentCount":0,"publisher":{"@id":"https:\/\/evertonfc.cz\/#organization"},"image":{"@id":"https:\/\/evertonfc.cz\/index.php\/2019\/01\/09\/moshiri-investoval-som-250-milionov-do-muzea\/#primaryimage"},"thumbnailUrl":"https:\/\/evertonfc.cz\/wp-content\/uploads\/2019\/01\/moshiri_9_1_2019.jpg","articleSection":["Rozhovory"],"inLanguage":"cs","potentialAction":[{"@type":"CommentAction","name":"Comment","target":["https:\/\/evertonfc.cz\/index.php\/2019\/01\/09\/moshiri-investoval-som-250-milionov-do-muzea\/#respond"]}]},{"@type":"WebPage","@id":"https:\/\/evertonfc.cz\/index.php\/2019\/01\/09\/moshiri-investoval-som-250-milionov-do-muzea\/","url":"https:\/\/evertonfc.cz\/index.php\/2019\/01\/09\/moshiri-investoval-som-250-milionov-do-muzea\/","name":"Moshiri: Investoval som 250 mili\u00f3nov do m\u00fazea - Official Czech &amp; Slovak Everton Supporters&#039; Club","isPartOf":{"@id":"https:\/\/evertonfc.cz\/#website"},"primaryImageOfPage":{"@id":"https:\/\/evertonfc.cz\/index.php\/2019\/01\/09\/moshiri-investoval-som-250-milionov-do-muzea\/#primaryimage"},"image":{"@id":"https:\/\/evertonfc.cz\/index.php\/2019\/01\/09\/moshiri-investoval-som-250-milionov-do-muzea\/#primaryimage"},"thumbnailUrl":"https:\/\/evertonfc.cz\/wp-content\/uploads\/2019\/01\/moshiri_9_1_2019.jpg","datePublished":"2019-01-09T15:43:37+00:00","dateModified":"2019-01-23T21:20:18+00:00","breadcrumb":{"@id":"https:\/\/evertonfc.cz\/index.php\/2019\/01\/09\/moshiri-investoval-som-250-milionov-do-muzea\/#breadcrumb"},"inLanguage":"cs","potentialAction":[{"@type":"ReadAction","target":["https:\/\/evertonfc.cz\/index.php\/2019\/01\/09\/moshiri-investoval-som-250-milionov-do-muzea\/"]}]},{"@type":"ImageObject","inLanguage":"cs","@id":"https:\/\/evertonfc.cz\/index.php\/2019\/01\/09\/moshiri-investoval-som-250-milionov-do-muzea\/#primaryimage","url":"https:\/\/evertonfc.cz\/wp-content\/uploads\/2019\/01\/moshiri_9_1_2019.jpg","contentUrl":"https:\/\/evertonfc.cz\/wp-content\/uploads\/2019\/01\/moshiri_9_1_2019.jpg","width":720,"height":405},{"@type":"BreadcrumbList","@id":"https:\/\/evertonfc.cz\/index.php\/2019\/01\/09\/moshiri-investoval-som-250-milionov-do-muzea\/#breadcrumb","itemListElement":[{"@type":"ListItem","position":1,"name":"Home","item":"https:\/\/evertonfc.cz\/"},{"@type":"ListItem","position":2,"name":"Moshiri: Investoval som 250 mili\u00f3nov do m\u00fazea"}]},{"@type":"WebSite","@id":"https:\/\/evertonfc.cz\/#website","url":"https:\/\/evertonfc.cz\/","name":"Official Czech &amp; Slovak Everton Supporters&#039; Club","description":"","publisher":{"@id":"https:\/\/evertonfc.cz\/#organization"},"potentialAction":[{"@type":"SearchAction","target":{"@type":"EntryPoint","urlTemplate":"https:\/\/evertonfc.cz\/?s={search_term_string}"},"query-input":{"@type":"PropertyValueSpecification","valueRequired":true,"valueName":"search_term_string"}}],"inLanguage":"cs"},{"@type":"Organization","@id":"https:\/\/evertonfc.cz\/#organization","name":"Official Czech & Slovak Everton Supporters' Club","url":"https:\/\/evertonfc.cz\/","logo":{"@type":"ImageObject","inLanguage":"cs","@id":"https:\/\/evertonfc.cz\/#\/schema\/logo\/image\/","url":"https:\/\/evertonfc.cz\/wp-content\/uploads\/2019\/05\/logo.png","contentUrl":"https:\/\/evertonfc.cz\/wp-content\/uploads\/2019\/05\/logo.png","width":112,"height":112,"caption":"Official Czech & Slovak Everton Supporters' Club"},"image":{"@id":"https:\/\/evertonfc.cz\/#\/schema\/logo\/image\/"},"sameAs":["https:\/\/www.facebook.com\/everton.fans.cz.sk"]},{"@type":"Person","@id":"https:\/\/evertonfc.cz\/#\/schema\/person\/654445285615a131e512042061de9cd8","name":"kukol113","url":"https:\/\/evertonfc.cz\/index.php\/author\/kukol113\/"}]}},"_links":{"self":[{"href":"https:\/\/evertonfc.cz\/index.php\/wp-json\/wp\/v2\/posts\/1522"}],"collection":[{"href":"https:\/\/evertonfc.cz\/index.php\/wp-json\/wp\/v2\/posts"}],"about":[{"href":"https:\/\/evertonfc.cz\/index.php\/wp-json\/wp\/v2\/types\/post"}],"author":[{"embeddable":true,"href":"https:\/\/evertonfc.cz\/index.php\/wp-json\/wp\/v2\/users\/14"}],"replies":[{"embeddable":true,"href":"https:\/\/evertonfc.cz\/index.php\/wp-json\/wp\/v2\/comments?post=1522"}],"version-history":[{"count":1,"href":"https:\/\/evertonfc.cz\/index.php\/wp-json\/wp\/v2\/posts\/1522\/revisions"}],"predecessor-version":[{"id":1523,"href":"https:\/\/evertonfc.cz\/index.php\/wp-json\/wp\/v2\/posts\/1522\/revisions\/1523"}],"wp:featuredmedia":[{"embeddable":true,"href":"https:\/\/evertonfc.cz\/index.php\/wp-json\/wp\/v2\/media\/1503"}],"wp:attachment":[{"href":"https:\/\/evertonfc.cz\/index.php\/wp-json\/wp\/v2\/media?parent=1522"}],"wp:term":[{"taxonomy":"category","embeddable":true,"href":"https:\/\/evertonfc.cz\/index.php\/wp-json\/wp\/v2\/categories?post=1522"},{"taxonomy":"post_tag","embeddable":true,"href":"https:\/\/evertonfc.cz\/index.php\/wp-json\/wp\/v2\/tags?post=1522"}],"curies":[{"name":"wp","href":"https:\/\/api.w.org\/{rel}","templated":true}]}}