{"id":1524,"date":"2019-01-11T12:05:22","date_gmt":"2019-01-11T11:05:22","guid":{"rendered":"http:\/\/evertonfc.cz\/?p=1524"},"modified":"2019-01-23T22:19:54","modified_gmt":"2019-01-23T21:19:54","slug":"preview-everton-bournemouth","status":"publish","type":"post","link":"https:\/\/evertonfc.cz\/index.php\/2019\/01\/11\/preview-everton-bournemouth\/","title":{"rendered":"Preview: Everton &#8211; Bournemouth"},"content":{"rendered":"<h4>P\u0159i pohledu na ligovou tabulku a ned\u00e1vn\u00e9 v\u00fdsledky lze konstatovat, \u017ee ned\u011bln\u00ed utk\u00e1n\u00ed na Goodison Parku bude nevypo\u010ditateln\u00fdm soubojem dvou vyrovnan\u00fdch celk\u016f s hr\u016fzostra\u0161nou formou (hor\u0161\u00ed je v tomto ohledu pouze posledn\u00ed Huddersfield).<\/h4>\n<p>Za\u010dn\u011bme z\u00e1pasov\u00fdmi fakty Evertonu:<\/p>\n<ul>\n<li>jeho t\u00fdden star\u00e1 v\u00fdhra v FA Cupu nad soupe\u0159em ze \u010dtvrt\u00e9 ligy byla jen druh\u00fdm triumfem v posledn\u00edch dev\u00edti duelech (dv\u011b rem\u00edzy, p\u011bt proher)<\/li>\n<li>na dom\u00e1c\u00ed p\u016fd\u011b nevyhr\u00e1l v posledn\u00edch \u010dty\u0159ech ligov\u00fdch kolech, po dvou rem\u00edz\u00e1ch a prohr\u00e1ch<\/li>\n<li>prohr\u00e1l \u010dty\u0159i z posledn\u00edch p\u011bti ligov\u00fdch kol, stejn\u00fd po\u010det por\u00e1\u017eek si p\u0159ipsal v \u00favodn\u00edch 16 kolech leto\u0161n\u00ed sez\u00f3ny.<\/li>\n<\/ul>\n<p>P\u011bkn\u00e9, \u017ee? Na druhou stranu Bournemouth je na tom s formou snad je\u0161t\u011b h\u016f\u0159e:<\/p>\n<ul>\n<li>prohr\u00e1l \u0161est po sob\u011b jdouc\u00edch venkovn\u00edch z\u00e1pas\u016f v lize<\/li>\n<li>zv\u00edt\u011bzil pouze dvakr\u00e1t v posledn\u00edch 13 sout\u011b\u017en\u00edch st\u0159etnut\u00edch, p\u0159i\u010dem\u017e a\u017e desetkr\u00e1t ode\u0161el pora\u017een<\/li>\n<li>v posledn\u00edch \u010dty\u0159ech z\u00e1pasech inkasoval 15 branek.<\/li>\n<\/ul>\n<p>Oba t\u00fdmy p\u0159itom po 21 kolech aktu\u00e1ln\u00edho ro\u010dn\u00edku Premier League nasb\u00edraly stejn\u00fd po\u010det bod\u016f (27) a rovn\u011b\u017e nast\u0159\u00edlely stejn\u00fd po\u010det branek (31). Des\u00e1t\u00ed Toffees jsou lep\u0161\u00ed ne\u017e Cherries pouze v\u00a0po\u010dtu inkasovan\u00fdch g\u00f3l\u016f (31 ku 40).<\/p>\n<p>Dost v\u0161ak bylo statistick\u00fdch \u00fadaj\u016f. Dal\u0161\u00edm d\u016fle\u017eit\u00fdm poznatkem je, \u017ee minul\u00fdm v\u00edkendem skon\u010dil v\u00edce ne\u017e m\u011bs\u00edc dlouh\u00fd n\u00e1ro\u010dn\u00fd program anglick\u00e9ho fotbalu, a tak v\u00edtan\u00e1 t\u00fddenn\u00ed p\u0159est\u00e1vka od z\u00e1pas\u016f, b\u011bhem n\u00ed\u017e se kone\u010dn\u011b mohlo odpo\u010d\u00edvat a d\u016fkladn\u011b st\u0159\u00e1dat taktick\u00e9 strategie, m\u016f\u017ee b\u00fdt odrazem k\u00a0lep\u0161\u00edm z\u00edt\u0159k\u016fm.<\/p>\n<p>Up\u00edn\u00e1n\u00ed k\u00a0lep\u0161\u00edm z\u00edt\u0159k\u016fm bylo v\u016fbec v\u00a0t\u00e1bo\u0159e Evertonu v\u00a0tomto t\u00fddnu velmi popul\u00e1rn\u00ed. Na v\u00fdro\u010dn\u00ed sch\u016fzi hovo\u0159ily o velk\u00fdch pl\u00e1nech klubu v\u0161echny kompetentn\u00ed osoby z\u00a0veden\u00ed a z\u00e1rove\u0148 tak\u00e9 vyj\u00e1d\u0159ily d\u016fv\u011bru mana\u017eerovi Silvovi. Ten pot\u00e9 na p\u0159edz\u00e1pasov\u00e9 tiskov\u00e9 konferenci spr\u00e1vn\u011b podotkl, \u017ee cesta k\u00a0lep\u0161\u00edm v\u00fdsledk\u016fm vede p\u0159es nalezen\u00ed ztracen\u00e9ho sebev\u011bdom\u00ed, kter\u00e9 bylo naposledy vid\u011bno na za\u010d\u00e1tku prosince v\u00a095. minut\u011b derby na Anfieldu (p\u0159\u00edvlastkov\u00e1 v\u011bta je ji\u017e parafr\u00e1z\u00ed autora \u010dl\u00e1nku, nikoliv mana\u017eera).<\/p>\n<p>I kdy\u017e se v\u00a0lednu na Goodison Parku zat\u00edm neposilovalo, fanou\u0161ci s\u00a0netrp\u011blivost\u00ed vyhl\u00ed\u017eej\u00ed ned\u011bln\u00ed slo\u017een\u00ed z\u00e1kladn\u00ed sestavy. U n\u011bkolika m\u00edst toti\u017e vis\u00ed otazn\u00edk, jmenovit\u011b potom u stopersk\u00e9 dvojice, prav\u00e9ho obr\u00e1nce, k\u0159\u00eddeln\u00edk\u016f a \u00fato\u010dn\u00edka. Aby t\u011bch otazn\u00edk\u016f nebylo m\u00e1lo, Silva p\u0159ipustil, \u017ee si dovede p\u0159edstavit oba lev\u00e9 beky Digneho a Bainese v\u00a0t\u00e9 sam\u00e9 jeden\u00e1ctce na h\u0159i\u0161ti.<\/p>\n<p>Bournemouth naopak vstoupil do lednov\u00e9ho p\u0159estupov\u00e9ho okna velmi zhurta a zalovil mezi n\u00e1hradn\u00edky v Liverpoolu. Na p\u016flro\u010dn\u00ed hostov\u00e1n\u00ed si vyp\u016fj\u010dil prav\u00e9ho obr\u00e1nce Nathaniela Clyna a za ohromuj\u00edc\u00edch 19 milion\u016f liber koupil 21let\u00e9ho \u00fato\u010dn\u00edka Dominica Solankeho.<\/p>\n<p>Solanke si v\u0161ak mus\u00ed je\u0161t\u011b po\u010dkat na premi\u00e9ru v\u00a0nov\u00e9m p\u016fsobi\u0161ti, a\u017e do \u00fanora ho na h\u0159i\u0161t\u011b nepust\u00ed zran\u011bn\u00ed. Mlad\u00fd Angli\u010dan tak roz\u0161\u00ed\u0159il po\u010detnou marodku Cherries. Vych\u00e1zej\u00edc\u00ed mana\u017eersk\u00e9 hv\u011bzd\u011b Eddiemu Howeovi toti\u017e chyb\u00ed dlouhodob\u011b zran\u011bn\u00ed Smith, Cook a Francis, nav\u00edc v ned\u011bli je nejist\u00fd start d\u016fle\u017eit\u00e9 \u010dtve\u0159ice Gosling, King, Fraser a Wilson. Hlavn\u011b posledn\u00edm dvou jmenovan\u00fdch se v leto\u0161n\u00ed sez\u00f3n\u011b n\u00e1ramn\u011b da\u0159\u00ed, Ryan Fraser je s\u00a0dev\u00edti asistencemi nejlep\u0161\u00edm nahr\u00e1va\u010dem ligy a Callum Wilson vs\u00edtil u\u017e dev\u011bt ligov\u00fdch branek. Ne nadarmo kolem n\u011bho krou\u017e\u00ed Chelsea.<\/p>\n<p>Utk\u00e1n\u00ed vys\u00edl\u00e1 p\u0159\u00edm\u00fdm p\u0159enosem stanice Digi sport 4.<\/p>\n<p><strong>Co:\u00a0<\/strong>Everton FC \u2013 AFC Bournemouth, 22. kolo Premier League<br \/>\n<strong>Kdy:\u00a0<\/strong>13. 1. 2019 od 15:15 SE\u010c<br \/>\n<strong>Kde:<\/strong>\u00a0Goodison Park, Liverpool (kapacita: 40 221)<br \/>\n<strong>Rozhod\u010d\u00ed:<\/strong>\u00a0Anthony Taylor<\/p>\n","protected":false},"excerpt":{"rendered":"<p>P\u0159i pohledu na ligovou tabulku a ned\u00e1vn\u00e9 v\u00fdsledky lze konstatovat, \u017ee ned\u011bln\u00ed utk\u00e1n\u00ed na Goodison Parku bude nevypo\u010ditateln\u00fdm soubojem dvou&hellip;<\/p>\n","protected":false},"author":6,"featured_media":1500,"comment_status":"open","ping_status":"closed","sticky":false,"template":"","format":"standard","meta":{"_eb_attr":"","_monsterinsights_skip_tracking":false,"_monsterinsights_sitenote_active":false,"_monsterinsights_sitenote_note":"","_monsterinsights_sitenote_category":0,"footnotes":""},"categories":[4],"tags":[],"yoast_head":"<!-- This site is optimized with the Yoast SEO plugin v23.4 - https:\/\/yoast.com\/wordpress\/plugins\/seo\/ -->\n<title>Preview: Everton - Bournemouth - Official Czech &amp; Slovak Everton Supporters&#039; Club<\/title>\n<meta name=\"robots\" content=\"index, follow, max-snippet:-1, max-image-preview:large, max-video-preview:-1\" \/>\n<link rel=\"canonical\" href=\"https:\/\/evertonfc.cz\/index.php\/2019\/01\/11\/preview-everton-bournemouth\/\" \/>\n<meta property=\"og:locale\" content=\"cs_CZ\" \/>\n<meta property=\"og:type\" content=\"article\" \/>\n<meta property=\"og:title\" content=\"Preview: Everton - Bournemouth - Official Czech &amp; Slovak Everton Supporters&#039; Club\" \/>\n<meta property=\"og:description\" content=\"P\u0159i pohledu na ligovou tabulku a ned\u00e1vn\u00e9 v\u00fdsledky lze konstatovat, \u017ee ned\u011bln\u00ed utk\u00e1n\u00ed na Goodison Parku bude nevypo\u010ditateln\u00fdm soubojem dvou&hellip;\" \/>\n<meta property=\"og:url\" content=\"https:\/\/evertonfc.cz\/index.php\/2019\/01\/11\/preview-everton-bournemouth\/\" \/>\n<meta property=\"og:site_name\" content=\"Official Czech &amp; Slovak Everton Supporters&#039; Club\" \/>\n<meta property=\"article:publisher\" content=\"https:\/\/www.facebook.com\/everton.fans.cz.sk\" \/>\n<meta property=\"article:published_time\" content=\"2019-01-11T11:05:22+00:00\" \/>\n<meta property=\"article:modified_time\" content=\"2019-01-23T21:19:54+00:00\" \/>\n<meta property=\"og:image\" content=\"https:\/\/evertonfc.cz\/wp-content\/uploads\/2019\/01\/howe_11_1_2019.jpg\" \/>\n\t<meta property=\"og:image:width\" content=\"720\" \/>\n\t<meta property=\"og:image:height\" content=\"405\" \/>\n\t<meta property=\"og:image:type\" content=\"image\/jpeg\" \/>\n<meta name=\"author\" content=\"Ri\u010di\" \/>\n<meta name=\"twitter:card\" content=\"summary_large_image\" \/>\n<meta name=\"twitter:creator\" content=\"@rbrejsa\" \/>\n<meta name=\"twitter:label1\" content=\"Napsal(a)\" \/>\n\t<meta name=\"twitter:data1\" content=\"Ri\u010di\" \/>\n\t<meta name=\"twitter:label2\" content=\"Odhadovan\u00e1 doba \u010dten\u00ed\" \/>\n\t<meta name=\"twitter:data2\" content=\"4 minuty\" \/>\n<script type=\"application\/ld+json\" class=\"yoast-schema-graph\">{\"@context\":\"https:\/\/schema.org\",\"@graph\":[{\"@type\":\"Article\",\"@id\":\"https:\/\/evertonfc.cz\/index.php\/2019\/01\/11\/preview-everton-bournemouth\/#article\",\"isPartOf\":{\"@id\":\"https:\/\/evertonfc.cz\/index.php\/2019\/01\/11\/preview-everton-bournemouth\/\"},\"author\":{\"name\":\"Ri\u010di\",\"@id\":\"https:\/\/evertonfc.cz\/#\/schema\/person\/f7a5daedb2ffee98480bc70e191aaef1\"},\"headline\":\"Preview: Everton &#8211; Bournemouth\",\"datePublished\":\"2019-01-11T11:05:22+00:00\",\"dateModified\":\"2019-01-23T21:19:54+00:00\",\"mainEntityOfPage\":{\"@id\":\"https:\/\/evertonfc.cz\/index.php\/2019\/01\/11\/preview-everton-bournemouth\/\"},\"wordCount\":720,\"commentCount\":0,\"publisher\":{\"@id\":\"https:\/\/evertonfc.cz\/#organization\"},\"image\":{\"@id\":\"https:\/\/evertonfc.cz\/index.php\/2019\/01\/11\/preview-everton-bournemouth\/#primaryimage\"},\"thumbnailUrl\":\"https:\/\/evertonfc.cz\/wp-content\/uploads\/2019\/01\/howe_11_1_2019.jpg\",\"articleSection\":[\"Z\u00e1pasy\"],\"inLanguage\":\"cs\",\"potentialAction\":[{\"@type\":\"CommentAction\",\"name\":\"Comment\",\"target\":[\"https:\/\/evertonfc.cz\/index.php\/2019\/01\/11\/preview-everton-bournemouth\/#respond\"]}]},{\"@type\":\"WebPage\",\"@id\":\"https:\/\/evertonfc.cz\/index.php\/2019\/01\/11\/preview-everton-bournemouth\/\",\"url\":\"https:\/\/evertonfc.cz\/index.php\/2019\/01\/11\/preview-everton-bournemouth\/\",\"name\":\"Preview: Everton - Bournemouth - Official Czech &amp; Slovak Everton Supporters&#039; Club\",\"isPartOf\":{\"@id\":\"https:\/\/evertonfc.cz\/#website\"},\"primaryImageOfPage\":{\"@id\":\"https:\/\/evertonfc.cz\/index.php\/2019\/01\/11\/preview-everton-bournemouth\/#primaryimage\"},\"image\":{\"@id\":\"https:\/\/evertonfc.cz\/index.php\/2019\/01\/11\/preview-everton-bournemouth\/#primaryimage\"},\"thumbnailUrl\":\"https:\/\/evertonfc.cz\/wp-content\/uploads\/2019\/01\/howe_11_1_2019.jpg\",\"datePublished\":\"2019-01-11T11:05:22+00:00\",\"dateModified\":\"2019-01-23T21:19:54+00:00\",\"breadcrumb\":{\"@id\":\"https:\/\/evertonfc.cz\/index.php\/2019\/01\/11\/preview-everton-bournemouth\/#breadcrumb\"},\"inLanguage\":\"cs\",\"potentialAction\":[{\"@type\":\"ReadAction\",\"target\":[\"https:\/\/evertonfc.cz\/index.php\/2019\/01\/11\/preview-everton-bournemouth\/\"]}]},{\"@type\":\"ImageObject\",\"inLanguage\":\"cs\",\"@id\":\"https:\/\/evertonfc.cz\/index.php\/2019\/01\/11\/preview-everton-bournemouth\/#primaryimage\",\"url\":\"https:\/\/evertonfc.cz\/wp-content\/uploads\/2019\/01\/howe_11_1_2019.jpg\",\"contentUrl\":\"https:\/\/evertonfc.cz\/wp-content\/uploads\/2019\/01\/howe_11_1_2019.jpg\",\"width\":720,\"height\":405},{\"@type\":\"BreadcrumbList\",\"@id\":\"https:\/\/evertonfc.cz\/index.php\/2019\/01\/11\/preview-everton-bournemouth\/#breadcrumb\",\"itemListElement\":[{\"@type\":\"ListItem\",\"position\":1,\"name\":\"Home\",\"item\":\"https:\/\/evertonfc.cz\/\"},{\"@type\":\"ListItem\",\"position\":2,\"name\":\"Preview: Everton &#8211; Bournemouth\"}]},{\"@type\":\"WebSite\",\"@id\":\"https:\/\/evertonfc.cz\/#website\",\"url\":\"https:\/\/evertonfc.cz\/\",\"name\":\"Official Czech &amp; Slovak Everton Supporters&#039; Club\",\"description\":\"\",\"publisher\":{\"@id\":\"https:\/\/evertonfc.cz\/#organization\"},\"potentialAction\":[{\"@type\":\"SearchAction\",\"target\":{\"@type\":\"EntryPoint\",\"urlTemplate\":\"https:\/\/evertonfc.cz\/?s={search_term_string}\"},\"query-input\":{\"@type\":\"PropertyValueSpecification\",\"valueRequired\":true,\"valueName\":\"search_term_string\"}}],\"inLanguage\":\"cs\"},{\"@type\":\"Organization\",\"@id\":\"https:\/\/evertonfc.cz\/#organization\",\"name\":\"Official Czech & Slovak Everton Supporters' Club\",\"url\":\"https:\/\/evertonfc.cz\/\",\"logo\":{\"@type\":\"ImageObject\",\"inLanguage\":\"cs\",\"@id\":\"https:\/\/evertonfc.cz\/#\/schema\/logo\/image\/\",\"url\":\"https:\/\/evertonfc.cz\/wp-content\/uploads\/2019\/05\/logo.png\",\"contentUrl\":\"https:\/\/evertonfc.cz\/wp-content\/uploads\/2019\/05\/logo.png\",\"width\":112,\"height\":112,\"caption\":\"Official Czech & Slovak Everton Supporters' Club\"},\"image\":{\"@id\":\"https:\/\/evertonfc.cz\/#\/schema\/logo\/image\/\"},\"sameAs\":[\"https:\/\/www.facebook.com\/everton.fans.cz.sk\"]},{\"@type\":\"Person\",\"@id\":\"https:\/\/evertonfc.cz\/#\/schema\/person\/f7a5daedb2ffee98480bc70e191aaef1\",\"name\":\"Ri\u010di\",\"sameAs\":[\"https:\/\/x.com\/rbrejsa\"],\"url\":\"https:\/\/evertonfc.cz\/index.php\/author\/rici\/\"}]}<\/script>\n<!-- \/ Yoast SEO plugin. -->","yoast_head_json":{"title":"Preview: Everton - Bournemouth - Official Czech &amp; Slovak Everton Supporters&#039; Club","robots":{"index":"index","follow":"follow","max-snippet":"max-snippet:-1","max-image-preview":"max-image-preview:large","max-video-preview":"max-video-preview:-1"},"canonical":"https:\/\/evertonfc.cz\/index.php\/2019\/01\/11\/preview-everton-bournemouth\/","og_locale":"cs_CZ","og_type":"article","og_title":"Preview: Everton - Bournemouth - Official Czech &amp; Slovak Everton Supporters&#039; Club","og_description":"P\u0159i pohledu na ligovou tabulku a ned\u00e1vn\u00e9 v\u00fdsledky lze konstatovat, \u017ee ned\u011bln\u00ed utk\u00e1n\u00ed na Goodison Parku bude nevypo\u010ditateln\u00fdm soubojem dvou&hellip;","og_url":"https:\/\/evertonfc.cz\/index.php\/2019\/01\/11\/preview-everton-bournemouth\/","og_site_name":"Official Czech &amp; Slovak Everton Supporters&#039; Club","article_publisher":"https:\/\/www.facebook.com\/everton.fans.cz.sk","article_published_time":"2019-01-11T11:05:22+00:00","article_modified_time":"2019-01-23T21:19:54+00:00","og_image":[{"width":720,"height":405,"url":"https:\/\/evertonfc.cz\/wp-content\/uploads\/2019\/01\/howe_11_1_2019.jpg","type":"image\/jpeg"}],"author":"Ri\u010di","twitter_card":"summary_large_image","twitter_creator":"@rbrejsa","twitter_misc":{"Napsal(a)":"Ri\u010di","Odhadovan\u00e1 doba \u010dten\u00ed":"4 minuty"},"schema":{"@context":"https:\/\/schema.org","@graph":[{"@type":"Article","@id":"https:\/\/evertonfc.cz\/index.php\/2019\/01\/11\/preview-everton-bournemouth\/#article","isPartOf":{"@id":"https:\/\/evertonfc.cz\/index.php\/2019\/01\/11\/preview-everton-bournemouth\/"},"author":{"name":"Ri\u010di","@id":"https:\/\/evertonfc.cz\/#\/schema\/person\/f7a5daedb2ffee98480bc70e191aaef1"},"headline":"Preview: Everton &#8211; Bournemouth","datePublished":"2019-01-11T11:05:22+00:00","dateModified":"2019-01-23T21:19:54+00:00","mainEntityOfPage":{"@id":"https:\/\/evertonfc.cz\/index.php\/2019\/01\/11\/preview-everton-bournemouth\/"},"wordCount":720,"commentCount":0,"publisher":{"@id":"https:\/\/evertonfc.cz\/#organization"},"image":{"@id":"https:\/\/evertonfc.cz\/index.php\/2019\/01\/11\/preview-everton-bournemouth\/#primaryimage"},"thumbnailUrl":"https:\/\/evertonfc.cz\/wp-content\/uploads\/2019\/01\/howe_11_1_2019.jpg","articleSection":["Z\u00e1pasy"],"inLanguage":"cs","potentialAction":[{"@type":"CommentAction","name":"Comment","target":["https:\/\/evertonfc.cz\/index.php\/2019\/01\/11\/preview-everton-bournemouth\/#respond"]}]},{"@type":"WebPage","@id":"https:\/\/evertonfc.cz\/index.php\/2019\/01\/11\/preview-everton-bournemouth\/","url":"https:\/\/evertonfc.cz\/index.php\/2019\/01\/11\/preview-everton-bournemouth\/","name":"Preview: Everton - Bournemouth - Official Czech &amp; Slovak Everton Supporters&#039; Club","isPartOf":{"@id":"https:\/\/evertonfc.cz\/#website"},"primaryImageOfPage":{"@id":"https:\/\/evertonfc.cz\/index.php\/2019\/01\/11\/preview-everton-bournemouth\/#primaryimage"},"image":{"@id":"https:\/\/evertonfc.cz\/index.php\/2019\/01\/11\/preview-everton-bournemouth\/#primaryimage"},"thumbnailUrl":"https:\/\/evertonfc.cz\/wp-content\/uploads\/2019\/01\/howe_11_1_2019.jpg","datePublished":"2019-01-11T11:05:22+00:00","dateModified":"2019-01-23T21:19:54+00:00","breadcrumb":{"@id":"https:\/\/evertonfc.cz\/index.php\/2019\/01\/11\/preview-everton-bournemouth\/#breadcrumb"},"inLanguage":"cs","potentialAction":[{"@type":"ReadAction","target":["https:\/\/evertonfc.cz\/index.php\/2019\/01\/11\/preview-everton-bournemouth\/"]}]},{"@type":"ImageObject","inLanguage":"cs","@id":"https:\/\/evertonfc.cz\/index.php\/2019\/01\/11\/preview-everton-bournemouth\/#primaryimage","url":"https:\/\/evertonfc.cz\/wp-content\/uploads\/2019\/01\/howe_11_1_2019.jpg","contentUrl":"https:\/\/evertonfc.cz\/wp-content\/uploads\/2019\/01\/howe_11_1_2019.jpg","width":720,"height":405},{"@type":"BreadcrumbList","@id":"https:\/\/evertonfc.cz\/index.php\/2019\/01\/11\/preview-everton-bournemouth\/#breadcrumb","itemListElement":[{"@type":"ListItem","position":1,"name":"Home","item":"https:\/\/evertonfc.cz\/"},{"@type":"ListItem","position":2,"name":"Preview: Everton &#8211; Bournemouth"}]},{"@type":"WebSite","@id":"https:\/\/evertonfc.cz\/#website","url":"https:\/\/evertonfc.cz\/","name":"Official Czech &amp; Slovak Everton Supporters&#039; Club","description":"","publisher":{"@id":"https:\/\/evertonfc.cz\/#organization"},"potentialAction":[{"@type":"SearchAction","target":{"@type":"EntryPoint","urlTemplate":"https:\/\/evertonfc.cz\/?s={search_term_string}"},"query-input":{"@type":"PropertyValueSpecification","valueRequired":true,"valueName":"search_term_string"}}],"inLanguage":"cs"},{"@type":"Organization","@id":"https:\/\/evertonfc.cz\/#organization","name":"Official Czech & Slovak Everton Supporters' Club","url":"https:\/\/evertonfc.cz\/","logo":{"@type":"ImageObject","inLanguage":"cs","@id":"https:\/\/evertonfc.cz\/#\/schema\/logo\/image\/","url":"https:\/\/evertonfc.cz\/wp-content\/uploads\/2019\/05\/logo.png","contentUrl":"https:\/\/evertonfc.cz\/wp-content\/uploads\/2019\/05\/logo.png","width":112,"height":112,"caption":"Official Czech & Slovak Everton Supporters' Club"},"image":{"@id":"https:\/\/evertonfc.cz\/#\/schema\/logo\/image\/"},"sameAs":["https:\/\/www.facebook.com\/everton.fans.cz.sk"]},{"@type":"Person","@id":"https:\/\/evertonfc.cz\/#\/schema\/person\/f7a5daedb2ffee98480bc70e191aaef1","name":"Ri\u010di","sameAs":["https:\/\/x.com\/rbrejsa"],"url":"https:\/\/evertonfc.cz\/index.php\/author\/rici\/"}]}},"_links":{"self":[{"href":"https:\/\/evertonfc.cz\/index.php\/wp-json\/wp\/v2\/posts\/1524"}],"collection":[{"href":"https:\/\/evertonfc.cz\/index.php\/wp-json\/wp\/v2\/posts"}],"about":[{"href":"https:\/\/evertonfc.cz\/index.php\/wp-json\/wp\/v2\/types\/post"}],"author":[{"embeddable":true,"href":"https:\/\/evertonfc.cz\/index.php\/wp-json\/wp\/v2\/users\/6"}],"replies":[{"embeddable":true,"href":"https:\/\/evertonfc.cz\/index.php\/wp-json\/wp\/v2\/comments?post=1524"}],"version-history":[{"count":1,"href":"https:\/\/evertonfc.cz\/index.php\/wp-json\/wp\/v2\/posts\/1524\/revisions"}],"predecessor-version":[{"id":1525,"href":"https:\/\/evertonfc.cz\/index.php\/wp-json\/wp\/v2\/posts\/1524\/revisions\/1525"}],"wp:featuredmedia":[{"embeddable":true,"href":"https:\/\/evertonfc.cz\/index.php\/wp-json\/wp\/v2\/media\/1500"}],"wp:attachment":[{"href":"https:\/\/evertonfc.cz\/index.php\/wp-json\/wp\/v2\/media?parent=1524"}],"wp:term":[{"taxonomy":"category","embeddable":true,"href":"https:\/\/evertonfc.cz\/index.php\/wp-json\/wp\/v2\/categories?post=1524"},{"taxonomy":"post_tag","embeddable":true,"href":"https:\/\/evertonfc.cz\/index.php\/wp-json\/wp\/v2\/tags?post=1524"}],"curies":[{"name":"wp","href":"https:\/\/api.w.org\/{rel}","templated":true}]}}