{"id":1526,"date":"2019-01-13T22:06:26","date_gmt":"2019-01-13T21:06:26","guid":{"rendered":"http:\/\/evertonfc.cz\/?p=1526"},"modified":"2019-01-23T22:19:44","modified_gmt":"2019-01-23T21:19:44","slug":"everton-bournemouth-20","status":"publish","type":"post","link":"https:\/\/evertonfc.cz\/index.php\/2019\/01\/13\/everton-bournemouth-20\/","title":{"rendered":"Everton &#8211; Bournemouth 2:0"},"content":{"rendered":"<h4>T\u0159icet dlouh\u00fdch a mizern\u00fdch \u00favodn\u00edch minut z\u00e1pasu s\u00a0Bournemouthem trvalo, ne\u017e se Everton probral a za\u010dal p\u0159edv\u00e1d\u011bt v\u00fdkon, kter\u00fd snesl p\u0159\u00edsn\u011bj\u0161\u00ed krit\u00e9ria, ale kter\u00fd hlavn\u011b p\u0159inesl tolik k\u00fd\u017een\u00e9 v\u00edt\u011bzstv\u00ed.<\/h4>\n<div id=\"NewsPostDetailContent\">\n<p>Mana\u017eer Silva u\u010dinil oproti t\u00fdden star\u00e9mu utk\u00e1n\u00ed FA Cupu \u0161est zm\u011bn v z\u00e1kladn\u00ed sestav\u011b. Od prvn\u00ed minuty nastoupili Pickford, Kenny, Keane, Digne, Gomes a Richarlison, naopak ze sestavy vypadli Stekelenburg, Kenny, Mina, Digne, Davies a Calvert-Lewin. Zku\u0161en\u00fd Baines se neve\u0161el ani na lavi\u010dku n\u00e1hradn\u00edk\u016f.<\/p>\n<p>\u010casto diskutovan\u00e1 ofenzivn\u00ed trojice Toffees potom nastoupila ve slo\u017een\u00ed Lookman, Richarlison, Bernard.<\/p>\n<p>Host\u016fm se nestihl uzdravit kl\u00ed\u010dov\u00fd \u00fato\u010dn\u00edk a autor leto\u0161n\u00edch dev\u00edti ligov\u00fdch branek Callum Wilson. Na druhou stranu zdrav\u00ed povolilo hr\u00e1t od prvn\u00ed minuty Goslingovi, Fraserovi i Kingovi. Debut za Bournemouth si odbyl prav\u00fd bek Clyne, hostuj\u00edc\u00ed z Liverpoolu.<\/p>\n<p>Everton vstoupil do siln\u011b de\u0161tiv\u00e9ho utk\u00e1n\u00ed velmi ospale a byli to Cherries, kte\u0159\u00ed m\u011bli bl\u00ed\u017ee k \u00favodn\u00ed brance. King v 14. minut\u011b na p\u016fl\u00edc\u00ed \u010d\u00e1\u0159e p\u0159etla\u010dil Zoumu, voln\u00e9ho m\u00ed\u010de se zmocnil Stanislas, kter\u00fd okam\u017eit\u011b vysunul mlad\u00e9ho Brookse, jeho\u017e zakon\u010den\u00ed zastavila ty\u010d. Toffees se z re\u017eimu hibernace probrali a\u017e po p\u016flhodin\u011b utk\u00e1n\u00ed a ze zv\u00fd\u0161en\u00e9 aktivity pramenila Keanova \u0161ance ve 42. minut\u011b. Anglick\u00fd stoper po Digneho centru pohladil b\u0159evno.<\/p>\n<p>Jak dob\u0159e Everton zakon\u010dil prvn\u00ed polo\u010das, tak stejn\u011b zah\u00e1jil ten druh\u00fd. Na jeho za\u010d\u00e1tku se objevil v obrovsk\u00e9 mo\u017enosti Richarlison, ale zbl\u00edzka trefil pouze Ak\u00e9ho stoj\u00edc\u00edho na brankov\u00e9 \u010d\u00e1\u0159e. Na druh\u00e9 stran\u011b kontroloval kapit\u00e1n host\u00ed Cook, po rohov\u00e9m kopu nasm\u011broval svou hlavi\u010dku p\u016fl metru nad b\u0159evno.<\/p>\n<p>Kdy je lep\u0161\u00ed si otev\u0159\u00edt st\u0159eleck\u00fd \u00fa\u010det v nov\u00e9m p\u016fsobi\u0161ti ne\u017e v dob\u011b, kdy se tv\u016fj t\u00fdm tr\u00e1p\u00ed v zakon\u010den\u00ed? Odra\u017een\u00fd m\u00ed\u010d po rohov\u00e9m kopu uzmul v 61. minut\u011b aktivn\u00ed Digne a p\u0159esn\u00fdm centrem na\u0161el Zoumu, jen\u017e po skv\u011bl\u00e9 hlavi\u010dce vst\u0159elil prvn\u00ed g\u00f3l v Evertonu \u2013\u00a0<strong>1:0<\/strong>. Posl\u00e9ze m\u011bl mo\u017enost nav\u00fd\u0161it veden\u00ed Toffees Richarlison, po Sigurdssonov\u011b nab\u00eddce v\u0161ak o metr hlavi\u010dkou v\u00a0p\u00e1du minul br\u00e1nu.<\/p>\n<p>Jak u\u017e u Evertonu b\u00fdv\u00e1 zvykem, pokud dr\u017e\u00ed veden\u00ed, z\u00e1v\u011bre\u010dn\u00e9 minuty z\u00e1pasu jsou velmi nerv\u00f3zn\u00ed. Ne nadarmo i dnes do konce z\u00e1v\u011bre\u010dn\u00e9ho hvizdu dostali \u017elutou kartu hned \u010dty\u0159i hr\u00e1\u010di, a zejm\u00e9na Gomes nebyl daleko od vylou\u010den\u00ed. Bournemouth si ke konci duelu podle o\u010dek\u00e1v\u00e1n\u00ed vytvo\u0159il tlak, Everton ale d\u00edky kl\u00ed\u010dov\u00fdm obrann\u00fdm z\u00e1sah\u016fm Pickforda a Keanea proti Fraserovi a Goslingovi udr\u017eel \u010dist\u00e9 konto, a nakonec v\u00a0posledn\u00edch vte\u0159in\u00e1ch pe\u010detil v\u00edt\u011bzstv\u00ed. V\u00fdborn\u00fd Lookman korunoval sv\u016fj v\u00fdkon p\u0159ihr\u00e1vkou st\u0159\u00eddaj\u00edc\u00edmu Calvertovi-Lewinovi, kter\u00fd ve v\u00e1pn\u011b z\u00a0prvn\u00edho doteku p\u0159esn\u011b zam\u00ed\u0159il k\u00a0ty\u010di \u2013\u00a0<strong>2:0<\/strong>.<\/p>\n<p>Everton po v\u00edce ne\u017e dvou m\u011bs\u00edc\u00edch dok\u00e1zal triumfovat ve dvou sout\u011b\u017en\u00edch z\u00e1pasech po sob\u011b a nejen mana\u017eer Marco Silva douf\u00e1, \u017ee zlep\u0161en\u00e9 v\u00fdsledky pomohou pozvednout sebev\u011bdom\u00ed t\u00fdmu, proto\u017ee Toffees um\u00ed hr\u00e1t fotbal, jen se nesm\u00ed b\u00e1t.<\/p>\n<p><strong>Branky:<\/strong>\u00a061. Kurt Zouma, 90+5. Dominic Calvert-Lewin<\/p>\n<p><strong>\u017dK:<\/strong>\u00a038. Bernard, 65. Michael Keane, 66. Andr\u00e9 Gomes, 66. Kurt Zouma, 84. Richarlison<\/p>\n<p><strong>Everton:<\/strong>\u00a0Jordan Pickford, S\u00e9amus Coleman, Michael Keane, Kurt Zouma, Lucas Digne, Andr\u00e9 Gomes, Idrissa Gueye, Gylfi Sigurdsson (90+3. Yerry Mina), Bernard (78. Theo Walcott), Ademola Lookman, Richarlison (87. Dominic Calvert-Lewin)<\/p>\n<p><strong>Bournemouth:<\/strong>\u00a0Asmir Begovi\u0107, Nathaniel Clyne, Steve Cook, Nathan Ak\u00e9, Adam Smith, Junior Stanislas (68. Lys Mousset), Jefferson Lerma, Dan Gosling, Ryan Fraser, David Brooks (83. Jordon Ibe), Joshua King<\/p>\n<p><strong>Rozhod\u010d\u00ed:\u00a0<\/strong>Anthony Taylor<\/p>\n<p><strong>Div\u00e1ci:\u00a0<\/strong>38 113<\/p>\n<\/div>\n<div id=\"news-detail-footer\"><\/div>\n","protected":false},"excerpt":{"rendered":"<p>T\u0159icet dlouh\u00fdch a mizern\u00fdch \u00favodn\u00edch minut z\u00e1pasu s\u00a0Bournemouthem trvalo, ne\u017e se Everton probral a za\u010dal p\u0159edv\u00e1d\u011bt v\u00fdkon, kter\u00fd snesl p\u0159\u00edsn\u011bj\u0161\u00ed&hellip;<\/p>\n","protected":false},"author":6,"featured_media":1509,"comment_status":"open","ping_status":"closed","sticky":false,"template":"","format":"standard","meta":{"_eb_attr":"","_monsterinsights_skip_tracking":false,"_monsterinsights_sitenote_active":false,"_monsterinsights_sitenote_note":"","_monsterinsights_sitenote_category":0,"footnotes":""},"categories":[4],"tags":[],"yoast_head":"<!-- This site is optimized with the Yoast SEO plugin v23.4 - https:\/\/yoast.com\/wordpress\/plugins\/seo\/ -->\n<title>Everton - Bournemouth 2:0 - Official Czech &amp; Slovak Everton Supporters&#039; Club<\/title>\n<meta name=\"robots\" content=\"index, follow, max-snippet:-1, max-image-preview:large, max-video-preview:-1\" \/>\n<link rel=\"canonical\" href=\"https:\/\/evertonfc.cz\/index.php\/2019\/01\/13\/everton-bournemouth-20\/\" \/>\n<meta property=\"og:locale\" content=\"cs_CZ\" \/>\n<meta property=\"og:type\" content=\"article\" \/>\n<meta property=\"og:title\" content=\"Everton - Bournemouth 2:0 - Official Czech &amp; Slovak Everton Supporters&#039; Club\" \/>\n<meta property=\"og:description\" content=\"T\u0159icet dlouh\u00fdch a mizern\u00fdch \u00favodn\u00edch minut z\u00e1pasu s\u00a0Bournemouthem trvalo, ne\u017e se Everton probral a za\u010dal p\u0159edv\u00e1d\u011bt v\u00fdkon, kter\u00fd snesl p\u0159\u00edsn\u011bj\u0161\u00ed&hellip;\" \/>\n<meta property=\"og:url\" content=\"https:\/\/evertonfc.cz\/index.php\/2019\/01\/13\/everton-bournemouth-20\/\" \/>\n<meta property=\"og:site_name\" content=\"Official Czech &amp; Slovak Everton Supporters&#039; Club\" \/>\n<meta property=\"article:publisher\" content=\"https:\/\/www.facebook.com\/everton.fans.cz.sk\" \/>\n<meta property=\"article:published_time\" content=\"2019-01-13T21:06:26+00:00\" \/>\n<meta property=\"article:modified_time\" content=\"2019-01-23T21:19:44+00:00\" \/>\n<meta property=\"og:image\" content=\"https:\/\/evertonfc.cz\/wp-content\/uploads\/2019\/01\/zouma_13_1_2019.jpg\" \/>\n\t<meta property=\"og:image:width\" content=\"720\" \/>\n\t<meta property=\"og:image:height\" content=\"405\" \/>\n\t<meta property=\"og:image:type\" content=\"image\/jpeg\" \/>\n<meta name=\"author\" content=\"Ri\u010di\" \/>\n<meta name=\"twitter:card\" content=\"summary_large_image\" \/>\n<meta name=\"twitter:creator\" content=\"@rbrejsa\" \/>\n<meta name=\"twitter:label1\" content=\"Napsal(a)\" \/>\n\t<meta name=\"twitter:data1\" content=\"Ri\u010di\" \/>\n\t<meta name=\"twitter:label2\" content=\"Odhadovan\u00e1 doba \u010dten\u00ed\" \/>\n\t<meta name=\"twitter:data2\" content=\"3 minuty\" \/>\n<script type=\"application\/ld+json\" class=\"yoast-schema-graph\">{\"@context\":\"https:\/\/schema.org\",\"@graph\":[{\"@type\":\"Article\",\"@id\":\"https:\/\/evertonfc.cz\/index.php\/2019\/01\/13\/everton-bournemouth-20\/#article\",\"isPartOf\":{\"@id\":\"https:\/\/evertonfc.cz\/index.php\/2019\/01\/13\/everton-bournemouth-20\/\"},\"author\":{\"name\":\"Ri\u010di\",\"@id\":\"https:\/\/evertonfc.cz\/#\/schema\/person\/f7a5daedb2ffee98480bc70e191aaef1\"},\"headline\":\"Everton &#8211; Bournemouth 2:0\",\"datePublished\":\"2019-01-13T21:06:26+00:00\",\"dateModified\":\"2019-01-23T21:19:44+00:00\",\"mainEntityOfPage\":{\"@id\":\"https:\/\/evertonfc.cz\/index.php\/2019\/01\/13\/everton-bournemouth-20\/\"},\"wordCount\":658,\"commentCount\":0,\"publisher\":{\"@id\":\"https:\/\/evertonfc.cz\/#organization\"},\"image\":{\"@id\":\"https:\/\/evertonfc.cz\/index.php\/2019\/01\/13\/everton-bournemouth-20\/#primaryimage\"},\"thumbnailUrl\":\"https:\/\/evertonfc.cz\/wp-content\/uploads\/2019\/01\/zouma_13_1_2019.jpg\",\"articleSection\":[\"Z\u00e1pasy\"],\"inLanguage\":\"cs\",\"potentialAction\":[{\"@type\":\"CommentAction\",\"name\":\"Comment\",\"target\":[\"https:\/\/evertonfc.cz\/index.php\/2019\/01\/13\/everton-bournemouth-20\/#respond\"]}]},{\"@type\":\"WebPage\",\"@id\":\"https:\/\/evertonfc.cz\/index.php\/2019\/01\/13\/everton-bournemouth-20\/\",\"url\":\"https:\/\/evertonfc.cz\/index.php\/2019\/01\/13\/everton-bournemouth-20\/\",\"name\":\"Everton - Bournemouth 2:0 - Official Czech &amp; Slovak Everton Supporters&#039; Club\",\"isPartOf\":{\"@id\":\"https:\/\/evertonfc.cz\/#website\"},\"primaryImageOfPage\":{\"@id\":\"https:\/\/evertonfc.cz\/index.php\/2019\/01\/13\/everton-bournemouth-20\/#primaryimage\"},\"image\":{\"@id\":\"https:\/\/evertonfc.cz\/index.php\/2019\/01\/13\/everton-bournemouth-20\/#primaryimage\"},\"thumbnailUrl\":\"https:\/\/evertonfc.cz\/wp-content\/uploads\/2019\/01\/zouma_13_1_2019.jpg\",\"datePublished\":\"2019-01-13T21:06:26+00:00\",\"dateModified\":\"2019-01-23T21:19:44+00:00\",\"breadcrumb\":{\"@id\":\"https:\/\/evertonfc.cz\/index.php\/2019\/01\/13\/everton-bournemouth-20\/#breadcrumb\"},\"inLanguage\":\"cs\",\"potentialAction\":[{\"@type\":\"ReadAction\",\"target\":[\"https:\/\/evertonfc.cz\/index.php\/2019\/01\/13\/everton-bournemouth-20\/\"]}]},{\"@type\":\"ImageObject\",\"inLanguage\":\"cs\",\"@id\":\"https:\/\/evertonfc.cz\/index.php\/2019\/01\/13\/everton-bournemouth-20\/#primaryimage\",\"url\":\"https:\/\/evertonfc.cz\/wp-content\/uploads\/2019\/01\/zouma_13_1_2019.jpg\",\"contentUrl\":\"https:\/\/evertonfc.cz\/wp-content\/uploads\/2019\/01\/zouma_13_1_2019.jpg\",\"width\":720,\"height\":405},{\"@type\":\"BreadcrumbList\",\"@id\":\"https:\/\/evertonfc.cz\/index.php\/2019\/01\/13\/everton-bournemouth-20\/#breadcrumb\",\"itemListElement\":[{\"@type\":\"ListItem\",\"position\":1,\"name\":\"Home\",\"item\":\"https:\/\/evertonfc.cz\/\"},{\"@type\":\"ListItem\",\"position\":2,\"name\":\"Everton &#8211; Bournemouth 2:0\"}]},{\"@type\":\"WebSite\",\"@id\":\"https:\/\/evertonfc.cz\/#website\",\"url\":\"https:\/\/evertonfc.cz\/\",\"name\":\"Official Czech &amp; Slovak Everton Supporters&#039; Club\",\"description\":\"\",\"publisher\":{\"@id\":\"https:\/\/evertonfc.cz\/#organization\"},\"potentialAction\":[{\"@type\":\"SearchAction\",\"target\":{\"@type\":\"EntryPoint\",\"urlTemplate\":\"https:\/\/evertonfc.cz\/?s={search_term_string}\"},\"query-input\":{\"@type\":\"PropertyValueSpecification\",\"valueRequired\":true,\"valueName\":\"search_term_string\"}}],\"inLanguage\":\"cs\"},{\"@type\":\"Organization\",\"@id\":\"https:\/\/evertonfc.cz\/#organization\",\"name\":\"Official Czech & Slovak Everton Supporters' Club\",\"url\":\"https:\/\/evertonfc.cz\/\",\"logo\":{\"@type\":\"ImageObject\",\"inLanguage\":\"cs\",\"@id\":\"https:\/\/evertonfc.cz\/#\/schema\/logo\/image\/\",\"url\":\"https:\/\/evertonfc.cz\/wp-content\/uploads\/2019\/05\/logo.png\",\"contentUrl\":\"https:\/\/evertonfc.cz\/wp-content\/uploads\/2019\/05\/logo.png\",\"width\":112,\"height\":112,\"caption\":\"Official Czech & Slovak Everton Supporters' Club\"},\"image\":{\"@id\":\"https:\/\/evertonfc.cz\/#\/schema\/logo\/image\/\"},\"sameAs\":[\"https:\/\/www.facebook.com\/everton.fans.cz.sk\"]},{\"@type\":\"Person\",\"@id\":\"https:\/\/evertonfc.cz\/#\/schema\/person\/f7a5daedb2ffee98480bc70e191aaef1\",\"name\":\"Ri\u010di\",\"sameAs\":[\"https:\/\/x.com\/rbrejsa\"],\"url\":\"https:\/\/evertonfc.cz\/index.php\/author\/rici\/\"}]}<\/script>\n<!-- \/ Yoast SEO plugin. -->","yoast_head_json":{"title":"Everton - Bournemouth 2:0 - Official Czech &amp; Slovak Everton Supporters&#039; Club","robots":{"index":"index","follow":"follow","max-snippet":"max-snippet:-1","max-image-preview":"max-image-preview:large","max-video-preview":"max-video-preview:-1"},"canonical":"https:\/\/evertonfc.cz\/index.php\/2019\/01\/13\/everton-bournemouth-20\/","og_locale":"cs_CZ","og_type":"article","og_title":"Everton - Bournemouth 2:0 - Official Czech &amp; Slovak Everton Supporters&#039; Club","og_description":"T\u0159icet dlouh\u00fdch a mizern\u00fdch \u00favodn\u00edch minut z\u00e1pasu s\u00a0Bournemouthem trvalo, ne\u017e se Everton probral a za\u010dal p\u0159edv\u00e1d\u011bt v\u00fdkon, kter\u00fd snesl p\u0159\u00edsn\u011bj\u0161\u00ed&hellip;","og_url":"https:\/\/evertonfc.cz\/index.php\/2019\/01\/13\/everton-bournemouth-20\/","og_site_name":"Official Czech &amp; Slovak Everton Supporters&#039; Club","article_publisher":"https:\/\/www.facebook.com\/everton.fans.cz.sk","article_published_time":"2019-01-13T21:06:26+00:00","article_modified_time":"2019-01-23T21:19:44+00:00","og_image":[{"width":720,"height":405,"url":"https:\/\/evertonfc.cz\/wp-content\/uploads\/2019\/01\/zouma_13_1_2019.jpg","type":"image\/jpeg"}],"author":"Ri\u010di","twitter_card":"summary_large_image","twitter_creator":"@rbrejsa","twitter_misc":{"Napsal(a)":"Ri\u010di","Odhadovan\u00e1 doba \u010dten\u00ed":"3 minuty"},"schema":{"@context":"https:\/\/schema.org","@graph":[{"@type":"Article","@id":"https:\/\/evertonfc.cz\/index.php\/2019\/01\/13\/everton-bournemouth-20\/#article","isPartOf":{"@id":"https:\/\/evertonfc.cz\/index.php\/2019\/01\/13\/everton-bournemouth-20\/"},"author":{"name":"Ri\u010di","@id":"https:\/\/evertonfc.cz\/#\/schema\/person\/f7a5daedb2ffee98480bc70e191aaef1"},"headline":"Everton &#8211; Bournemouth 2:0","datePublished":"2019-01-13T21:06:26+00:00","dateModified":"2019-01-23T21:19:44+00:00","mainEntityOfPage":{"@id":"https:\/\/evertonfc.cz\/index.php\/2019\/01\/13\/everton-bournemouth-20\/"},"wordCount":658,"commentCount":0,"publisher":{"@id":"https:\/\/evertonfc.cz\/#organization"},"image":{"@id":"https:\/\/evertonfc.cz\/index.php\/2019\/01\/13\/everton-bournemouth-20\/#primaryimage"},"thumbnailUrl":"https:\/\/evertonfc.cz\/wp-content\/uploads\/2019\/01\/zouma_13_1_2019.jpg","articleSection":["Z\u00e1pasy"],"inLanguage":"cs","potentialAction":[{"@type":"CommentAction","name":"Comment","target":["https:\/\/evertonfc.cz\/index.php\/2019\/01\/13\/everton-bournemouth-20\/#respond"]}]},{"@type":"WebPage","@id":"https:\/\/evertonfc.cz\/index.php\/2019\/01\/13\/everton-bournemouth-20\/","url":"https:\/\/evertonfc.cz\/index.php\/2019\/01\/13\/everton-bournemouth-20\/","name":"Everton - Bournemouth 2:0 - Official Czech &amp; Slovak Everton Supporters&#039; Club","isPartOf":{"@id":"https:\/\/evertonfc.cz\/#website"},"primaryImageOfPage":{"@id":"https:\/\/evertonfc.cz\/index.php\/2019\/01\/13\/everton-bournemouth-20\/#primaryimage"},"image":{"@id":"https:\/\/evertonfc.cz\/index.php\/2019\/01\/13\/everton-bournemouth-20\/#primaryimage"},"thumbnailUrl":"https:\/\/evertonfc.cz\/wp-content\/uploads\/2019\/01\/zouma_13_1_2019.jpg","datePublished":"2019-01-13T21:06:26+00:00","dateModified":"2019-01-23T21:19:44+00:00","breadcrumb":{"@id":"https:\/\/evertonfc.cz\/index.php\/2019\/01\/13\/everton-bournemouth-20\/#breadcrumb"},"inLanguage":"cs","potentialAction":[{"@type":"ReadAction","target":["https:\/\/evertonfc.cz\/index.php\/2019\/01\/13\/everton-bournemouth-20\/"]}]},{"@type":"ImageObject","inLanguage":"cs","@id":"https:\/\/evertonfc.cz\/index.php\/2019\/01\/13\/everton-bournemouth-20\/#primaryimage","url":"https:\/\/evertonfc.cz\/wp-content\/uploads\/2019\/01\/zouma_13_1_2019.jpg","contentUrl":"https:\/\/evertonfc.cz\/wp-content\/uploads\/2019\/01\/zouma_13_1_2019.jpg","width":720,"height":405},{"@type":"BreadcrumbList","@id":"https:\/\/evertonfc.cz\/index.php\/2019\/01\/13\/everton-bournemouth-20\/#breadcrumb","itemListElement":[{"@type":"ListItem","position":1,"name":"Home","item":"https:\/\/evertonfc.cz\/"},{"@type":"ListItem","position":2,"name":"Everton &#8211; Bournemouth 2:0"}]},{"@type":"WebSite","@id":"https:\/\/evertonfc.cz\/#website","url":"https:\/\/evertonfc.cz\/","name":"Official Czech &amp; Slovak Everton Supporters&#039; Club","description":"","publisher":{"@id":"https:\/\/evertonfc.cz\/#organization"},"potentialAction":[{"@type":"SearchAction","target":{"@type":"EntryPoint","urlTemplate":"https:\/\/evertonfc.cz\/?s={search_term_string}"},"query-input":{"@type":"PropertyValueSpecification","valueRequired":true,"valueName":"search_term_string"}}],"inLanguage":"cs"},{"@type":"Organization","@id":"https:\/\/evertonfc.cz\/#organization","name":"Official Czech & Slovak Everton Supporters' Club","url":"https:\/\/evertonfc.cz\/","logo":{"@type":"ImageObject","inLanguage":"cs","@id":"https:\/\/evertonfc.cz\/#\/schema\/logo\/image\/","url":"https:\/\/evertonfc.cz\/wp-content\/uploads\/2019\/05\/logo.png","contentUrl":"https:\/\/evertonfc.cz\/wp-content\/uploads\/2019\/05\/logo.png","width":112,"height":112,"caption":"Official Czech & Slovak Everton Supporters' Club"},"image":{"@id":"https:\/\/evertonfc.cz\/#\/schema\/logo\/image\/"},"sameAs":["https:\/\/www.facebook.com\/everton.fans.cz.sk"]},{"@type":"Person","@id":"https:\/\/evertonfc.cz\/#\/schema\/person\/f7a5daedb2ffee98480bc70e191aaef1","name":"Ri\u010di","sameAs":["https:\/\/x.com\/rbrejsa"],"url":"https:\/\/evertonfc.cz\/index.php\/author\/rici\/"}]}},"_links":{"self":[{"href":"https:\/\/evertonfc.cz\/index.php\/wp-json\/wp\/v2\/posts\/1526"}],"collection":[{"href":"https:\/\/evertonfc.cz\/index.php\/wp-json\/wp\/v2\/posts"}],"about":[{"href":"https:\/\/evertonfc.cz\/index.php\/wp-json\/wp\/v2\/types\/post"}],"author":[{"embeddable":true,"href":"https:\/\/evertonfc.cz\/index.php\/wp-json\/wp\/v2\/users\/6"}],"replies":[{"embeddable":true,"href":"https:\/\/evertonfc.cz\/index.php\/wp-json\/wp\/v2\/comments?post=1526"}],"version-history":[{"count":1,"href":"https:\/\/evertonfc.cz\/index.php\/wp-json\/wp\/v2\/posts\/1526\/revisions"}],"predecessor-version":[{"id":1527,"href":"https:\/\/evertonfc.cz\/index.php\/wp-json\/wp\/v2\/posts\/1526\/revisions\/1527"}],"wp:featuredmedia":[{"embeddable":true,"href":"https:\/\/evertonfc.cz\/index.php\/wp-json\/wp\/v2\/media\/1509"}],"wp:attachment":[{"href":"https:\/\/evertonfc.cz\/index.php\/wp-json\/wp\/v2\/media?parent=1526"}],"wp:term":[{"taxonomy":"category","embeddable":true,"href":"https:\/\/evertonfc.cz\/index.php\/wp-json\/wp\/v2\/categories?post=1526"},{"taxonomy":"post_tag","embeddable":true,"href":"https:\/\/evertonfc.cz\/index.php\/wp-json\/wp\/v2\/tags?post=1526"}],"curies":[{"name":"wp","href":"https:\/\/api.w.org\/{rel}","templated":true}]}}