{"id":1528,"date":"2019-01-16T22:07:44","date_gmt":"2019-01-16T21:07:44","guid":{"rendered":"http:\/\/evertonfc.cz\/?p=1528"},"modified":"2021-02-24T14:34:46","modified_gmt":"2021-02-24T13:34:46","slug":"vlasic-ocakavam-ze-ma-predaju","status":"publish","type":"post","link":"https:\/\/evertonfc.cz\/index.php\/2019\/01\/16\/vlasic-ocakavam-ze-ma-predaju\/","title":{"rendered":"Vla\u0161i\u0107: O\u010dak\u00e1vam, \u017ee ma predaj\u00fa"},"content":{"rendered":"<h4>Chorv\u00e1tsky stredopoliar je na sez\u00f3nnom hos\u0165ovan\u00ed v CSKA Moskva. Po\u010das zimnej prest\u00e1vky sa rozhovoril pre dom\u00e1ce m\u00e9di\u00e1. Rozhovor v jeho celej d\u013a\u017eke v\u00e1m prin\u00e1\u0161a exkluz\u00edvne len na\u0161a redakcia.<\/h4>\n<p>Nikola je bezpochyby nadan\u00fd futbalista. \u0160port m\u00e1 v g\u00e9noch rovnako, ako cel\u00e1 jeho rodina. V roku 2014 bol dokonca britsk\u00fdm denn\u00edkom\u00a0<a href=\"https:\/\/www.theguardian.com\/football\/blog\/ng-interactive\/2014\/oct\/14\/next-generation-2014-40-of-the-best-young-talents-in-world-football\" target=\"_blank\" rel=\"noopener noreferrer\">The Guardian<\/a>\u00a0zaraden\u00fd medzi 40 najlep\u0161\u00edch futbalistov naroden\u00fdch v ro\u010dn\u00edku 97. Jednoducho talent na neprem\u00e1rnenie. Len\u017ee vrcholov\u00fd futbal neodp\u00fa\u0161\u0165a a po 8 mili\u00f3novom prestupe sa veci zvrtli. Nepodaren\u00e1 sez\u00f3na, pretlak v k\u00e1dri, mana\u017e\u00e9rska kr\u00edza. To v\u0161etko prispelo k tomu, aby si Chorv\u00e1t za\u010dal d\u00e1va\u0165 dve a dve dokopy a podnikol kroky, aby neprem\u00e1rnil jedno z najd\u00f4le\u017eitej\u0161\u00edch obdob\u00ed svojej akt\u00edvnej kari\u00e9ry. Po spolo\u010dnom rozhovore so Silvom prist\u00fapili na rie\u0161enie hos\u0165ovan\u00edm a Chorv\u00e1t si vybral mo\u017eno kult\u00farne bli\u017e\u0161iu Premier League, t\u00fa rusk\u00fa.<\/p>\n<p>V\u00fdsledok? Hr\u00e1\u010d z\u00e1kladnej zostavy najstar\u0161ieho a druh\u00e9ho naj\u00faspe\u0161nej\u0161ieho futbalov\u00e9ho klubu v krajine. A to minul\u00fd rok osl\u00e1vil len 21 rokov. Odohran\u00fdch m\u00e1 u\u017e dvadsa\u0165 z\u00e1pasov vo v\u0161etk\u00fdch s\u00fa\u0165a\u017eiach, so \u0161tatistikou siedmych g\u00f3lov a \u0161tyroch asistencii. Rozhodne m\u00e1 len vysok\u00e9 ciele.<\/p>\n<p><em>\u201eChcem vyhra\u0165 rusk\u00fd \u0161ampion\u00e1t s CSKA, preto\u017ee st\u00e1le nem\u00e1m seniorsk\u00fa trofej. Mysl\u00edm, \u017ee teraz je na to ve\u013emi dobr\u00fd moment, m\u00e1me dobr\u00fa poz\u00edciu, preto\u017ee sme bl\u00edzko ved\u00facemu Zenitu. M\u00e1me kvalitu, nevid\u00edm v lige nikoho lep\u0161ieho ako my. Zenit a niektor\u00e9 \u010fal\u0161ie kluby maj\u00fa viac pe\u0148az\u00ed a drah\u0161\u00edch hr\u00e1\u010dov, ale nie s\u00fa lep\u0161\u00ed ako my. \u00c1no, sme nesk\u00fasen\u00ed, ale sme dobr\u00ed, motivovan\u00ed, kvalitn\u00ed, siln\u00ed, dobre vyv\u00e1\u017een\u00ed a veden\u00ed. Mysl\u00edm si, \u017ee CSKA m\u00e1 skvel\u00fa \u0161portov\u00fa politiku, pokia\u013e ide o vytvorenie t\u00edmu. M\u00e1me skvel\u00fa ch\u00e9miu v \u0161atni, na jar budeme e\u0161te viac energickej\u0161\u00ed, viac sk\u00fasenej\u0161\u00ed a d\u00fafam, \u017ee aj zdrav\u0161\u00ed ne\u017e vlani na jese\u0148, ke\u010f n\u00e1m \u010dasto ch\u00fdbali piati a\u017e \u0161iesti hr\u00e1\u010di z\u00e1kladnej zostavy.\u201d<\/em><\/p>\n<p>Ak niekomu ch\u00fdbaj\u00fa znalosti o ruskej najvy\u0161\u0161ej s\u00fa\u0165a\u017ei, Nikola objasnil niektor\u00e9 z\u00e1kutia tejto ligy, ktor\u00e1 m\u00f4\u017ee by\u0165 v na\u0161ich kon\u010din\u00e1ch ve\u013ekou nezn\u00e1mou. Moment\u00e1lne je v\u0161ak na programe zimn\u00e1 prest\u00e1vka, trvaj\u00faca do marca. \u010co sa mu za jese\u0148 stihlo zap\u00e1\u010di\u0165?<\/p>\n<p><em>\u201eNeistota! S k\u00fdmko\u013evek hr\u00e1me, vieme, \u017ee \u010del\u00edme ve\u013emi \u0165a\u017ekej v\u00fdzve a ob\u00e1vame sa v\u00fdsledku. Milujem t\u00fato neistotu pred ka\u017edou hrou, to ma viac motivuje. Nevedel som, \u017ee liga bude tak nepr\u00edjemn\u00e1 a t\u00edmy s\u00fa tak vyv\u00e1\u017een\u00e9. Ale sme jedin\u00ed, ktor\u00ed na p\u00f4de s\u00fapera e\u0161te neboli porazen\u00ed. Ale je to trochu divn\u00e9, ke\u010f sa dostanete do miest ako Macha\u010dkala. Ako keby ste boli v \u00faplne inom svete, nikdy som to predt\u00fdm neza\u017eil. Opusten\u00e9 ulice, opusten\u00e9 cel\u00e9 mesto. Je to smutn\u00e9 vidie\u0165, ale je to aj skvel\u00e1 sk\u00fasenos\u0165 a som r\u00e1d, \u017ee som to videl. Kv\u00f4li ve\u013ek\u00fdm mrazom u\u017e tie\u017e viem, \u010do to znamen\u00e1 zamrznut\u00fd ter\u00e9n, a je \u0165a\u017ek\u00e9 hra\u0165 na \u0148om. Nie som fan\u00fa\u0161ik umel\u00e9ho tr\u00e1vnika ale niektor\u00e9 \u0161tadi\u00f3ny ho musia ma\u0165 pre chladn\u00e9 podnebie. Ak by sa toto vyrie\u0161ilo, liga by bola skuto\u010dn\u00fdm l\u00e1kadlom pre davy, preto\u017ee maj\u00fa fantastick\u00e9 \u0161tadi\u00f3ny, obzvl\u00e1\u0161\u0165 teraz, ke\u010f niektor\u00e9 z nich urobili pre Majstrovstv\u00e1 sveta. Nie s\u00fa tam \u017eiadni futbalov\u00ed chulig\u00e1ni a nest\u00e1va sa, \u017ee preru\u0161uj\u00fa z\u00e1pas pre pot\u00fd\u010dky alebo tak. Bolo mi povedan\u00e9 ve\u013ea o nepokojoch na derby CSKA a Spartak Moskva. Vl\u00e1dne tam s\u00edce neuverite\u013en\u00e1 rivalita, ale nebolo to tak stra\u0161ideln\u00e9. St\u00e1le mi v\u0161ak hovoria, \u017ee na \u0161tadi\u00f3ne Spartaku bud\u00fa ur\u010dite v\u00fdtr\u017enosti. Je to ako ke\u010f hr\u00e1 Dinamo a Hajduk, tak\u017ee v Poljude je v\u017edy trochu bl\u00e1znivo. Rozhodcovia s\u00fa ve\u013emi dobr\u00ed, nem\u00e1m \u017eiadne v\u00e4\u010d\u0161ie v\u00fdhrady. Spoluhr\u00e1\u010di mi povedali, \u017ee Zenit je privilegovan\u00fd, ale nec\u00edtil som to. Hrali sme proti Zenitu a bol to spravodliv\u00fd duel.\u201d<\/em><\/p>\n<p>Futbal samozrejme nie je 24 hodinov\u00e1 z\u00e1le\u017eitos\u0165 a tak sa iste dostane aj na s\u00fakromn\u00fd \u017eivot, v ktorom sa naskytne \u0161anca pozn\u00e1va\u0165 svet, in\u00fd jazyk. Pre n\u00e1s, ako b\u00fdval\u00fd v\u00fdchodn\u00fd blok, mo\u017eno nie a\u017e tak vzdialen\u00e1 kult\u00fara. Pre zn\u00e1meho futbalistu, ktor\u00e9ho zastavuj\u00fa na ulici na po\u010dkanie, \u0161anca odreagova\u0165 sa.<\/p>\n<p><em>\u201cFan\u00fa\u0161ikovia CSKA ma naozaj miluj\u00fa, ale neviem, \u010do si myslia fan\u00fa\u0161ikovia Spartaka. Po tom, \u010do som v derby sk\u00f3roval, som hne\u010f poc\u00edtil zmenu. V obchodoch, re\u0161taur\u00e1ci\u00e1ch ma \u013eudia zastavili, po\u017eiadali o fotografovanie. Je to mil\u00e9. Moskva je skvel\u00e9 mesto, kr\u00e1sne, pon\u00faka ve\u013ea mo\u017enost\u00ed. Ale nem\u00e1m r\u00e1d ten chlad, nikto ho nem\u00e1 r\u00e1d. \u017dij\u00fa tu dobr\u00ed a l\u00e1skav\u00ed \u013eudia. Ke\u010f im poviete, \u017ee ste Chorv\u00e1t, maj\u00fa v\u00e1s e\u0161te rad\u0161ej. Existuje nieko\u013eko pr\u00edjemn\u00fdch re\u0161taur\u00e1ci\u00ed, ktor\u00e9 ob\u013eubujem, jedlo je skvel\u00e9, m\u00f4\u017eete si objedna\u0165 hoci\u010do a v\u017edy je to ve\u013emi chutn\u00e9. Som nad\u0161en\u00fd jedlom v re\u0161taur\u00e1ci\u00e1ch a rovnako aj v klube. Ak som chcel \u00eds\u0165 ve\u010der von, nebol \u010das, preto\u017ee sme v\u017edy hr\u00e1vali dvakr\u00e1t t\u00fd\u017edenne a trikr\u00e1t boli reprezenta\u010dn\u00e9 prest\u00e1vky. No no\u010dn\u00e9 kluby s\u00fa lacn\u00e9, hoci karaoke je viac popul\u00e1rne. Uctievaj\u00fa spievanie s jedlom a n\u00e1pojmi a ich re\u0161taur\u00e1cie s\u00fa ve\u010der, najm\u00e4 cez v\u00edkendy, pln\u00e9 karaoke.\u201d<\/em><\/p>\n<p>Najm\u00e4 s t\u00fdm jazykom je to trochu \u0165a\u017e\u0161ie. Klub sa v\u00e1s v\u0161ak sna\u017e\u00ed adaptova\u0165 \u010do najlep\u0161ie. Je v\u00e1m k dispoz\u00edcii v\u0161etko, \u010do pom\u00f4\u017ee k v\u00fdkonom na ihrisku. Od prekladate\u013eov a\u017e po osobn\u00e9ho \u0161of\u00e9ra.<\/p>\n<p><em>\u201cJe mi k dispoz\u00edcii 24 hod\u00edn denne. Ale nechcem ho zneu\u017e\u00edva\u0165, v\u00e4\u010d\u0161inou ma voz\u00ed na tr\u00e9ning a z tr\u00e9ningu. Chcel som \u0161of\u00e9rova\u0165, ale v klube mi povedali, \u017ee variant s vodi\u010dom je ove\u013ea lep\u0161\u00ed, preto\u017ee jazda m\u00f4\u017ee trva\u0165 dlh\u0161ie ako jednu hodinu, a ak idete do centra, je to ako \u00eds\u0165 na v\u00fdlet. M\u00f4j vodi\u010d je vynikaj\u00faci a hovor\u00ed po anglicky, to je ve\u013ek\u00e1 v\u00fdhoda. Sna\u017e\u00edm sa u\u010di\u0165 po rusky, ale kv\u00f4li pln\u00e9mu programu toho nest\u00edham ve\u013ea. Rozumiem dos\u0165, ale s hovoren\u00edm to je \u0165a\u017e\u0161ie. Jednoduch\u00e9 vety v\u0161ak zvl\u00e1dam dobre. M\u00e1me dvoch prekladate\u013eov, jeden pre na\u0161eho japonsk\u00e9ho Nishimuru a ten m\u00e1 \u013eahk\u00fa pr\u00e1cu. Druh\u00fd m\u00e1 osem cudzincov a zab\u00edja ho, ke\u010f mus\u00ed preklada\u0165 v\u0161etko. Hlavne preto, \u017ee to mus\u00ed prelo\u017ei\u0165 do portugal\u010diny a nie do angli\u010dtiny. Som ohromen\u00fd r\u00fdchlos\u0165ou a presnos\u0165ou pr\u00e1ce tohto mu\u017ea. Tr\u00e9ner sotva vyslov\u00ed vetu a on ve\u013emi plynul\u00fdm sp\u00f4sobom preklad\u00e1 do dvoch jazykov. Ako keby vopred vedel, \u010do tr\u00e9ner povie.\u201d<\/em><\/p>\n<p>Moskovsk\u00fd klub sa netaj\u00ed t\u00fdm, \u017ee by r\u00e1d z\u00edskal Vla\u0161i\u0107a i natrvalo, av\u0161ak brzd\u00ed ich prestupov\u00e1 suma z\u00e1visiaca od ich formy. A t\u00fa mlad\u00fd Chorv\u00e1t teraz jednozna\u010dne m\u00e1. Na ot\u00e1zku, \u010di by veril sebe a svojmu teraj\u0161iemu zamestn\u00e1vate\u013eovi v eventu\u00e1lnom s\u00faboji s Evertonom odpovedal bez v\u00e1hania.<\/p>\n<p><em>\u201c\u00c1no, nevzdali sme sa ani proti Realu, dvakr\u00e1t sme vyhrali. Realisticky, Everton je bl\u00edzko AS R\u00edm. S nimi sme hrali v Moskve a hl\u00fapo sme ich podcenili. Mohli by sme hra\u0165 s Evertonom, bolo by to fajn. \u010c\u00edtal som, \u010do povedal riadite\u013e klubu a bolo mi to \u013e\u00fato, ale nebol som prekvapen\u00fd, preto\u017ee \u013eudia v klube mi u\u017e vysvet\u013eovali, ak\u00e1 je ich finan\u010dn\u00e1 situ\u00e1cia. Klub vybudoval nov\u00fd \u0161tadi\u00f3n a mal ve\u013ea dlhov, tak\u017ee teraz nem\u00f4\u017eu prem\u00fd\u0161\u013ea\u0165 o tak\u00fdch ve\u013ek\u00fdch prestupoch a spom\u00edna sa suma nad 12 mili\u00f3nov eur. Navy\u0161e ekonomick\u00e1 situ\u00e1cia v Rusku nie je najlep\u0161ia. Je to \u0161koda, preto\u017ee CSKA je skvel\u00fd klub, m\u00e1 mlad\u00fd a \u00faspe\u0161n\u00fd t\u00edm, atmosf\u00e9ra je rodinne priate\u013esk\u00e1, a tento rok sme ur\u010dite pripraven\u00ed na \u010fal\u0161\u00ed krok. Bohu\u017eia\u013e, probl\u00e9m je v tom, \u017ee \u010d\u00edm lep\u0161ie hr\u00e1m, t\u00fdm \u0165a\u017e\u0161ie ma bude k\u00fapi\u0165, preto\u017ee moja hodnota rastie.\u201d<\/em><\/p>\n<p>T\u00e9ma Everton je pre sebavedom\u00e9ho Nikolu jasnou z\u00e1le\u017eitos\u0165ou. Je a\u017e prekvapuj\u00face, \u017ee tento mlad\u00edk pom\u00fd\u0161\u013ea na trval\u00fd odchod z Merseyside ako na hotov\u00fa vec, ktor\u00e1 je len ot\u00e1zkou \u010dasu. Ako s\u00e1m povedal, vieru stratil a pri od\u00f4vodnen\u00ed nenechal nitku such\u00fa na viacer\u00fdch.<\/p>\n<p><em>\u201c\u00daprimne povedan\u00e9, never\u00edm, \u017ee so mnou e\u0161te po\u010d\u00edtaj\u00fa. Everton minul\u00fd rok minul 100 mili\u00f3nov dol\u00e1rov na posil\u00e1ch. Iba traja hr\u00e1\u010di &#8211; Richarlison, Mina a Digne &#8211; st\u00e1li asi 90 mili\u00f3nov. Everton preto h\u013ead\u00e1 ve\u013ek\u00e9 men\u00e1 a hr\u00e1\u010dov z ve\u013ek\u00fdch klubov, ako je Barcelona. Napriek tejto obrovskej invest\u00edcie do t\u00edmu s\u00fa moment\u00e1lne na 11. mieste, \u010do znamen\u00e1, \u017ee v lete bud\u00fa nasledova\u0165 nov\u00e9 ve\u013ek\u00e9 n\u00e1kupy. Viem, \u017ee klub sa pevne rozhodol sk\u00fasi\u0165 by\u0165 nov\u00fd Tottenham, ktor\u00fd sa pripoj\u00ed k elite. Je logick\u00e9 teda, \u017ee bude pre m\u0148a \u0165a\u017ek\u00e9 hra\u0165 v t\u00edme Top 6 Premier League, \u010do bude vy\u017eadova\u0165 nov\u00e9 50 mili\u00f3nov\u00e9 posily. O\u010dak\u00e1vam, \u017ee ma predaj\u00fa hne\u010f, ako dostan\u00fa prv\u00fa ponuku. Ke\u010f som bol v Evertone, uvedomil som si, \u017ee Angli\u010dania podce\u0148uj\u00fa v\u0161etky eur\u00f3pske ligy. A pochybujem, \u017ee na niekoho zap\u00f4sob\u00ed to, \u010do som urobil v ruskej lige. Rusk\u00e1 alebo chorv\u00e1tska liga, v\u0161etky s\u00fa pre nich rovnak\u00e9.\u201c<\/em><\/p>\n<p><em>\u201eV\u0161etko sa zmenilo po odchode Koemana. Futbal, ktor\u00fd hr\u00e1val Big Sam, bol stra\u0161n\u00fd, ak by sa dal nazva\u0165 v\u00f4bec futbalom. Nemal som \u017eiadne postavenie v t\u00edme, ani \u010das na ihrisku. A ke\u010f som ho dostal, ani som nevedel, \u010di m\u00e1m by\u0165 \u0161\u0165astn\u00fd alebo ne\u0161\u0165astn\u00fd, preto\u017ee som na ihrisku len zbesilo behal dopredu a dozadu bez nejak\u00e9ho zmyslu a t\u00fa\u017eby hra\u0165. V takomto futbale nem\u00e1m miesto. Ten t\u00edm bol vystra\u0161en\u00fd v\u0161etk\u00fdm, najm\u00e4 fan\u00fa\u0161ikmi. Osobne nem\u00e1m \u010do vy\u010d\u00edta\u0165 Marcovi Silvovi, preto\u017ee vedel o z\u00e1ujme Evertonu od konca minul\u00e9ho roka. A ak sledoval, \u010do sa deje v klube, m\u0148a nemohol vidie\u0165 hra\u0165, preto\u017ee som nehral. Po\u010das leta priviedol ve\u013emi drah\u00e9ho hr\u00e1\u010da a logicky sa so mnou ve\u013emi netr\u00e1pil. Je pravda, \u017ee Evertonu nepriniesol o\u010dak\u00e1van\u00fd prelom, ale aspo\u0148 fan\u00fa\u0161ikovia sa teraz pozeraj\u00fa na norm\u00e1lny futbal, v ktorom sa chlapci pok\u00fa\u0161aj\u00fa sk\u00f3rova\u0165 a vyhra\u0165.\u201c<\/em><\/p>\n<p>Na\u0161\u0165astie na Toffees nezanevrel, ako obe\u0165 sa s\u00edce c\u00edti, no vinu odmieta h\u00e1dza\u0165 na klub ako celok.<\/p>\n<p><em>\u201eKlub je skvel\u00fd, fan\u00fa\u0161ikovia s\u00fa ve\u013emi dobr\u00ed a nec\u00edtim vo\u010di nim \u017eiadnu trpkos\u0165. Ale c\u00edtil som, \u017ee sa o m\u0148a ve\u013emi nezauj\u00edmaj\u00fa, ako keby ma podce\u0148ovali, preto\u017ee som pri\u0161iel z HNL. A ke\u010f prinesiete za p\u00e1r dn\u00ed troch hr\u00e1\u010dov z Barcelony, potom je jasn\u00e9, \u017ee nem\u00e1te ve\u013ek\u00fa starostlivos\u0165 o t\u00fdch, ktor\u00ed pri\u0161li z malej ligy.\u201d<\/em><\/p>\n<p>\u0160pekuluje sa o jeho bud\u00facnosti po tejto sez\u00f3ne a tak prezradil, kde by chcel hr\u00e1va\u0165 a \u010do ho presved\u010d\u00ed zmeni\u0165 p\u00f4sobisko. V poslednej dobe ho sp\u00e1jali dokonca s talianskou Serie A, na \u010do vraj je e\u0161te mlad\u00fd.<\/p>\n<p><em>\u201cJa by som umiestnil \u0160panielsko na prv\u00e9 miesto. Ka\u017ed\u00fd t\u00edm hr\u00e1 futbal, a to dos\u0165 ofenz\u00edvne. Je tam ve\u013ea driblingu, dostatok priestoru a to sa mi naozaj p\u00e1\u010di. V Taliansku vid\u00edm hr\u00e1\u010dov ako Halilovi\u010d, Coric a Rogue sediaci na lavi\u010dke a s\u00fa to skvel\u00ed hr\u00e1\u010di. Je logick\u00e9 sa ich potom op\u00fdta\u0165, ak\u00e9 to tam je. \u010co h\u013eadaj\u00fa? Je t\u00e1 taktika tak\u00e1 zlo\u017eit\u00e1 a \u0165a\u017ek\u00e1? Mus\u00edte by\u0165 robotom, aby ste to zvl\u00e1dli? Ak v\u0161ak ku mne pr\u00edde klub alebo tr\u00e9ner s presved\u010div\u00fdm pr\u00edbehom, nebolo by pre m\u0148a \u0165a\u017ek\u00e9 \u00eds\u0165 do Serie A. Tak\u017ee klub a tr\u00e9ner musia veri\u0165 vo m\u0148a a nie, \u017ee so mnou len doplnia k\u00e1der. Gon\u010darenko (tr\u00e9ner CSKA) mi povedal, \u017ee vid\u00ed hr\u00e1\u010da, ktor\u00fd bude hra\u0165, ma\u0165 slobodu. Bude vidie\u0165 m\u00f4j dribling v akcii. Ke\u010f som pri\u0161iel do CSKA, hne\u010f som c\u00edtil, \u017ee naozaj chceli vo m\u0148a veri\u0165. Vedel som u\u017e predt\u00fdm, nako\u013eko je to d\u00f4le\u017eit\u00e9 a z tohoto d\u00f4vodu to bude pri v\u00fdbere klubu v\u017edy na prvom mieste. Chcem hra\u0165 tam, kde o m\u0148a stoja, nie niekde, kde budem len do po\u010dtu.\u201d<\/em><\/p>\n<p style=\"text-align: right;\"><span style=\"font-size: 8pt;\">(p\u00f4vodn\u00fd rozhovor:\u00a0<a href=\"https:\/\/sportske.jutarnji.hr\/nogomet\/nogomet-mix\/nikola-vlasic-za-sn-otkrio-sto-mu-se-sprema-u-evertonu-oni-ce-traziti-pojacanja-od-50-milijuna-a-ocekujem-da-ce-me-prodati-cim-dobiju-prvu-ponudu\/8256587\/?fbclid=IwAR3Njm_Ub2AcKA4df-Co_EtSI_5CS9KREKX3KdH8VS8IAX3jJt9bltXp6R8\">Sportske Novosti<\/a>)<\/span><\/p>\n","protected":false},"excerpt":{"rendered":"<p>Chorv\u00e1tsky stredopoliar je na sez\u00f3nnom hos\u0165ovan\u00ed v CSKA Moskva. Po\u010das zimnej prest\u00e1vky sa rozhovoril pre dom\u00e1ce m\u00e9di\u00e1. Rozhovor v jeho celej d\u013a\u017eke v\u00e1m prin\u00e1\u0161a exkluz\u00edvne len na\u0161a redakcia.<\/p>\n","protected":false},"author":1,"featured_media":1508,"comment_status":"open","ping_status":"closed","sticky":false,"template":"","format":"standard","meta":{"_eb_attr":"","_monsterinsights_skip_tracking":false,"_monsterinsights_sitenote_active":false,"_monsterinsights_sitenote_note":"","_monsterinsights_sitenote_category":0,"footnotes":""},"categories":[1],"tags":[],"yoast_head":"<!-- This site is optimized with the Yoast SEO plugin v23.4 - https:\/\/yoast.com\/wordpress\/plugins\/seo\/ -->\n<title>Vla\u0161i\u0107: O\u010dak\u00e1vam, \u017ee ma predaj\u00fa - Official Czech &amp; Slovak Everton Supporters&#039; Club<\/title>\n<meta name=\"robots\" content=\"index, follow, max-snippet:-1, max-image-preview:large, max-video-preview:-1\" \/>\n<link rel=\"canonical\" href=\"https:\/\/evertonfc.cz\/index.php\/2019\/01\/16\/vlasic-ocakavam-ze-ma-predaju\/\" \/>\n<meta property=\"og:locale\" content=\"cs_CZ\" \/>\n<meta property=\"og:type\" content=\"article\" \/>\n<meta property=\"og:title\" content=\"Vla\u0161i\u0107: O\u010dak\u00e1vam, \u017ee ma predaj\u00fa - Official Czech &amp; Slovak Everton Supporters&#039; Club\" \/>\n<meta property=\"og:description\" content=\"Chorv\u00e1tsky stredopoliar je na sez\u00f3nnom hos\u0165ovan\u00ed v CSKA Moskva. Po\u010das zimnej prest\u00e1vky sa rozhovoril pre dom\u00e1ce m\u00e9di\u00e1. Rozhovor v jeho celej d\u013a\u017eke v\u00e1m prin\u00e1\u0161a exkluz\u00edvne len na\u0161a redakcia.\" \/>\n<meta property=\"og:url\" content=\"https:\/\/evertonfc.cz\/index.php\/2019\/01\/16\/vlasic-ocakavam-ze-ma-predaju\/\" \/>\n<meta property=\"og:site_name\" content=\"Official Czech &amp; Slovak Everton Supporters&#039; Club\" \/>\n<meta property=\"article:publisher\" content=\"https:\/\/www.facebook.com\/everton.fans.cz.sk\" \/>\n<meta property=\"article:published_time\" content=\"2019-01-16T21:07:44+00:00\" \/>\n<meta property=\"article:modified_time\" content=\"2021-02-24T13:34:46+00:00\" \/>\n<meta property=\"og:image\" content=\"https:\/\/evertonfc.cz\/wp-content\/uploads\/2019\/01\/vlasic_16_1_2019.jpg\" \/>\n\t<meta property=\"og:image:width\" content=\"720\" \/>\n\t<meta property=\"og:image:height\" content=\"405\" \/>\n\t<meta property=\"og:image:type\" content=\"image\/jpeg\" \/>\n<meta name=\"author\" content=\"BlueBlooded\" \/>\n<meta name=\"twitter:card\" content=\"summary_large_image\" \/>\n<meta name=\"twitter:label1\" content=\"Napsal(a)\" \/>\n\t<meta name=\"twitter:data1\" content=\"BlueBlooded\" \/>\n\t<meta name=\"twitter:label2\" content=\"Odhadovan\u00e1 doba \u010dten\u00ed\" \/>\n\t<meta name=\"twitter:data2\" content=\"8 minut\" \/>\n<script type=\"application\/ld+json\" class=\"yoast-schema-graph\">{\"@context\":\"https:\/\/schema.org\",\"@graph\":[{\"@type\":\"Article\",\"@id\":\"https:\/\/evertonfc.cz\/index.php\/2019\/01\/16\/vlasic-ocakavam-ze-ma-predaju\/#article\",\"isPartOf\":{\"@id\":\"https:\/\/evertonfc.cz\/index.php\/2019\/01\/16\/vlasic-ocakavam-ze-ma-predaju\/\"},\"author\":{\"name\":\"BlueBlooded\",\"@id\":\"https:\/\/evertonfc.cz\/#\/schema\/person\/d4493b8cbea51532597fbc4685698916\"},\"headline\":\"Vla\u0161i\u0107: O\u010dak\u00e1vam, \u017ee ma predaj\u00fa\",\"datePublished\":\"2019-01-16T21:07:44+00:00\",\"dateModified\":\"2021-02-24T13:34:46+00:00\",\"mainEntityOfPage\":{\"@id\":\"https:\/\/evertonfc.cz\/index.php\/2019\/01\/16\/vlasic-ocakavam-ze-ma-predaju\/\"},\"wordCount\":2232,\"commentCount\":0,\"publisher\":{\"@id\":\"https:\/\/evertonfc.cz\/#organization\"},\"image\":{\"@id\":\"https:\/\/evertonfc.cz\/index.php\/2019\/01\/16\/vlasic-ocakavam-ze-ma-predaju\/#primaryimage\"},\"thumbnailUrl\":\"https:\/\/evertonfc.cz\/wp-content\/uploads\/2019\/01\/vlasic_16_1_2019.jpg\",\"articleSection\":[\"Rozhovory\"],\"inLanguage\":\"cs\",\"potentialAction\":[{\"@type\":\"CommentAction\",\"name\":\"Comment\",\"target\":[\"https:\/\/evertonfc.cz\/index.php\/2019\/01\/16\/vlasic-ocakavam-ze-ma-predaju\/#respond\"]}]},{\"@type\":\"WebPage\",\"@id\":\"https:\/\/evertonfc.cz\/index.php\/2019\/01\/16\/vlasic-ocakavam-ze-ma-predaju\/\",\"url\":\"https:\/\/evertonfc.cz\/index.php\/2019\/01\/16\/vlasic-ocakavam-ze-ma-predaju\/\",\"name\":\"Vla\u0161i\u0107: O\u010dak\u00e1vam, \u017ee ma predaj\u00fa - Official Czech &amp; Slovak Everton Supporters&#039; Club\",\"isPartOf\":{\"@id\":\"https:\/\/evertonfc.cz\/#website\"},\"primaryImageOfPage\":{\"@id\":\"https:\/\/evertonfc.cz\/index.php\/2019\/01\/16\/vlasic-ocakavam-ze-ma-predaju\/#primaryimage\"},\"image\":{\"@id\":\"https:\/\/evertonfc.cz\/index.php\/2019\/01\/16\/vlasic-ocakavam-ze-ma-predaju\/#primaryimage\"},\"thumbnailUrl\":\"https:\/\/evertonfc.cz\/wp-content\/uploads\/2019\/01\/vlasic_16_1_2019.jpg\",\"datePublished\":\"2019-01-16T21:07:44+00:00\",\"dateModified\":\"2021-02-24T13:34:46+00:00\",\"breadcrumb\":{\"@id\":\"https:\/\/evertonfc.cz\/index.php\/2019\/01\/16\/vlasic-ocakavam-ze-ma-predaju\/#breadcrumb\"},\"inLanguage\":\"cs\",\"potentialAction\":[{\"@type\":\"ReadAction\",\"target\":[\"https:\/\/evertonfc.cz\/index.php\/2019\/01\/16\/vlasic-ocakavam-ze-ma-predaju\/\"]}]},{\"@type\":\"ImageObject\",\"inLanguage\":\"cs\",\"@id\":\"https:\/\/evertonfc.cz\/index.php\/2019\/01\/16\/vlasic-ocakavam-ze-ma-predaju\/#primaryimage\",\"url\":\"https:\/\/evertonfc.cz\/wp-content\/uploads\/2019\/01\/vlasic_16_1_2019.jpg\",\"contentUrl\":\"https:\/\/evertonfc.cz\/wp-content\/uploads\/2019\/01\/vlasic_16_1_2019.jpg\",\"width\":720,\"height\":405},{\"@type\":\"BreadcrumbList\",\"@id\":\"https:\/\/evertonfc.cz\/index.php\/2019\/01\/16\/vlasic-ocakavam-ze-ma-predaju\/#breadcrumb\",\"itemListElement\":[{\"@type\":\"ListItem\",\"position\":1,\"name\":\"Home\",\"item\":\"https:\/\/evertonfc.cz\/\"},{\"@type\":\"ListItem\",\"position\":2,\"name\":\"Vla\u0161i\u0107: O\u010dak\u00e1vam, \u017ee ma predaj\u00fa\"}]},{\"@type\":\"WebSite\",\"@id\":\"https:\/\/evertonfc.cz\/#website\",\"url\":\"https:\/\/evertonfc.cz\/\",\"name\":\"Official Czech &amp; Slovak Everton Supporters&#039; Club\",\"description\":\"\",\"publisher\":{\"@id\":\"https:\/\/evertonfc.cz\/#organization\"},\"potentialAction\":[{\"@type\":\"SearchAction\",\"target\":{\"@type\":\"EntryPoint\",\"urlTemplate\":\"https:\/\/evertonfc.cz\/?s={search_term_string}\"},\"query-input\":{\"@type\":\"PropertyValueSpecification\",\"valueRequired\":true,\"valueName\":\"search_term_string\"}}],\"inLanguage\":\"cs\"},{\"@type\":\"Organization\",\"@id\":\"https:\/\/evertonfc.cz\/#organization\",\"name\":\"Official Czech & Slovak Everton Supporters' Club\",\"url\":\"https:\/\/evertonfc.cz\/\",\"logo\":{\"@type\":\"ImageObject\",\"inLanguage\":\"cs\",\"@id\":\"https:\/\/evertonfc.cz\/#\/schema\/logo\/image\/\",\"url\":\"https:\/\/evertonfc.cz\/wp-content\/uploads\/2019\/05\/logo.png\",\"contentUrl\":\"https:\/\/evertonfc.cz\/wp-content\/uploads\/2019\/05\/logo.png\",\"width\":112,\"height\":112,\"caption\":\"Official Czech & Slovak Everton Supporters' Club\"},\"image\":{\"@id\":\"https:\/\/evertonfc.cz\/#\/schema\/logo\/image\/\"},\"sameAs\":[\"https:\/\/www.facebook.com\/everton.fans.cz.sk\"]},{\"@type\":\"Person\",\"@id\":\"https:\/\/evertonfc.cz\/#\/schema\/person\/d4493b8cbea51532597fbc4685698916\",\"name\":\"BlueBlooded\",\"url\":\"https:\/\/evertonfc.cz\/index.php\/author\/admin\/\"}]}<\/script>\n<!-- \/ Yoast SEO plugin. -->","yoast_head_json":{"title":"Vla\u0161i\u0107: O\u010dak\u00e1vam, \u017ee ma predaj\u00fa - Official Czech &amp; Slovak Everton Supporters&#039; Club","robots":{"index":"index","follow":"follow","max-snippet":"max-snippet:-1","max-image-preview":"max-image-preview:large","max-video-preview":"max-video-preview:-1"},"canonical":"https:\/\/evertonfc.cz\/index.php\/2019\/01\/16\/vlasic-ocakavam-ze-ma-predaju\/","og_locale":"cs_CZ","og_type":"article","og_title":"Vla\u0161i\u0107: O\u010dak\u00e1vam, \u017ee ma predaj\u00fa - Official Czech &amp; Slovak Everton Supporters&#039; Club","og_description":"Chorv\u00e1tsky stredopoliar je na sez\u00f3nnom hos\u0165ovan\u00ed v CSKA Moskva. Po\u010das zimnej prest\u00e1vky sa rozhovoril pre dom\u00e1ce m\u00e9di\u00e1. Rozhovor v jeho celej d\u013a\u017eke v\u00e1m prin\u00e1\u0161a exkluz\u00edvne len na\u0161a redakcia.","og_url":"https:\/\/evertonfc.cz\/index.php\/2019\/01\/16\/vlasic-ocakavam-ze-ma-predaju\/","og_site_name":"Official Czech &amp; Slovak Everton Supporters&#039; Club","article_publisher":"https:\/\/www.facebook.com\/everton.fans.cz.sk","article_published_time":"2019-01-16T21:07:44+00:00","article_modified_time":"2021-02-24T13:34:46+00:00","og_image":[{"width":720,"height":405,"url":"https:\/\/evertonfc.cz\/wp-content\/uploads\/2019\/01\/vlasic_16_1_2019.jpg","type":"image\/jpeg"}],"author":"BlueBlooded","twitter_card":"summary_large_image","twitter_misc":{"Napsal(a)":"BlueBlooded","Odhadovan\u00e1 doba \u010dten\u00ed":"8 minut"},"schema":{"@context":"https:\/\/schema.org","@graph":[{"@type":"Article","@id":"https:\/\/evertonfc.cz\/index.php\/2019\/01\/16\/vlasic-ocakavam-ze-ma-predaju\/#article","isPartOf":{"@id":"https:\/\/evertonfc.cz\/index.php\/2019\/01\/16\/vlasic-ocakavam-ze-ma-predaju\/"},"author":{"name":"BlueBlooded","@id":"https:\/\/evertonfc.cz\/#\/schema\/person\/d4493b8cbea51532597fbc4685698916"},"headline":"Vla\u0161i\u0107: O\u010dak\u00e1vam, \u017ee ma predaj\u00fa","datePublished":"2019-01-16T21:07:44+00:00","dateModified":"2021-02-24T13:34:46+00:00","mainEntityOfPage":{"@id":"https:\/\/evertonfc.cz\/index.php\/2019\/01\/16\/vlasic-ocakavam-ze-ma-predaju\/"},"wordCount":2232,"commentCount":0,"publisher":{"@id":"https:\/\/evertonfc.cz\/#organization"},"image":{"@id":"https:\/\/evertonfc.cz\/index.php\/2019\/01\/16\/vlasic-ocakavam-ze-ma-predaju\/#primaryimage"},"thumbnailUrl":"https:\/\/evertonfc.cz\/wp-content\/uploads\/2019\/01\/vlasic_16_1_2019.jpg","articleSection":["Rozhovory"],"inLanguage":"cs","potentialAction":[{"@type":"CommentAction","name":"Comment","target":["https:\/\/evertonfc.cz\/index.php\/2019\/01\/16\/vlasic-ocakavam-ze-ma-predaju\/#respond"]}]},{"@type":"WebPage","@id":"https:\/\/evertonfc.cz\/index.php\/2019\/01\/16\/vlasic-ocakavam-ze-ma-predaju\/","url":"https:\/\/evertonfc.cz\/index.php\/2019\/01\/16\/vlasic-ocakavam-ze-ma-predaju\/","name":"Vla\u0161i\u0107: O\u010dak\u00e1vam, \u017ee ma predaj\u00fa - Official Czech &amp; Slovak Everton Supporters&#039; Club","isPartOf":{"@id":"https:\/\/evertonfc.cz\/#website"},"primaryImageOfPage":{"@id":"https:\/\/evertonfc.cz\/index.php\/2019\/01\/16\/vlasic-ocakavam-ze-ma-predaju\/#primaryimage"},"image":{"@id":"https:\/\/evertonfc.cz\/index.php\/2019\/01\/16\/vlasic-ocakavam-ze-ma-predaju\/#primaryimage"},"thumbnailUrl":"https:\/\/evertonfc.cz\/wp-content\/uploads\/2019\/01\/vlasic_16_1_2019.jpg","datePublished":"2019-01-16T21:07:44+00:00","dateModified":"2021-02-24T13:34:46+00:00","breadcrumb":{"@id":"https:\/\/evertonfc.cz\/index.php\/2019\/01\/16\/vlasic-ocakavam-ze-ma-predaju\/#breadcrumb"},"inLanguage":"cs","potentialAction":[{"@type":"ReadAction","target":["https:\/\/evertonfc.cz\/index.php\/2019\/01\/16\/vlasic-ocakavam-ze-ma-predaju\/"]}]},{"@type":"ImageObject","inLanguage":"cs","@id":"https:\/\/evertonfc.cz\/index.php\/2019\/01\/16\/vlasic-ocakavam-ze-ma-predaju\/#primaryimage","url":"https:\/\/evertonfc.cz\/wp-content\/uploads\/2019\/01\/vlasic_16_1_2019.jpg","contentUrl":"https:\/\/evertonfc.cz\/wp-content\/uploads\/2019\/01\/vlasic_16_1_2019.jpg","width":720,"height":405},{"@type":"BreadcrumbList","@id":"https:\/\/evertonfc.cz\/index.php\/2019\/01\/16\/vlasic-ocakavam-ze-ma-predaju\/#breadcrumb","itemListElement":[{"@type":"ListItem","position":1,"name":"Home","item":"https:\/\/evertonfc.cz\/"},{"@type":"ListItem","position":2,"name":"Vla\u0161i\u0107: O\u010dak\u00e1vam, \u017ee ma predaj\u00fa"}]},{"@type":"WebSite","@id":"https:\/\/evertonfc.cz\/#website","url":"https:\/\/evertonfc.cz\/","name":"Official Czech &amp; Slovak Everton Supporters&#039; Club","description":"","publisher":{"@id":"https:\/\/evertonfc.cz\/#organization"},"potentialAction":[{"@type":"SearchAction","target":{"@type":"EntryPoint","urlTemplate":"https:\/\/evertonfc.cz\/?s={search_term_string}"},"query-input":{"@type":"PropertyValueSpecification","valueRequired":true,"valueName":"search_term_string"}}],"inLanguage":"cs"},{"@type":"Organization","@id":"https:\/\/evertonfc.cz\/#organization","name":"Official Czech & Slovak Everton Supporters' Club","url":"https:\/\/evertonfc.cz\/","logo":{"@type":"ImageObject","inLanguage":"cs","@id":"https:\/\/evertonfc.cz\/#\/schema\/logo\/image\/","url":"https:\/\/evertonfc.cz\/wp-content\/uploads\/2019\/05\/logo.png","contentUrl":"https:\/\/evertonfc.cz\/wp-content\/uploads\/2019\/05\/logo.png","width":112,"height":112,"caption":"Official Czech & Slovak Everton Supporters' Club"},"image":{"@id":"https:\/\/evertonfc.cz\/#\/schema\/logo\/image\/"},"sameAs":["https:\/\/www.facebook.com\/everton.fans.cz.sk"]},{"@type":"Person","@id":"https:\/\/evertonfc.cz\/#\/schema\/person\/d4493b8cbea51532597fbc4685698916","name":"BlueBlooded","url":"https:\/\/evertonfc.cz\/index.php\/author\/admin\/"}]}},"_links":{"self":[{"href":"https:\/\/evertonfc.cz\/index.php\/wp-json\/wp\/v2\/posts\/1528"}],"collection":[{"href":"https:\/\/evertonfc.cz\/index.php\/wp-json\/wp\/v2\/posts"}],"about":[{"href":"https:\/\/evertonfc.cz\/index.php\/wp-json\/wp\/v2\/types\/post"}],"author":[{"embeddable":true,"href":"https:\/\/evertonfc.cz\/index.php\/wp-json\/wp\/v2\/users\/1"}],"replies":[{"embeddable":true,"href":"https:\/\/evertonfc.cz\/index.php\/wp-json\/wp\/v2\/comments?post=1528"}],"version-history":[{"count":4,"href":"https:\/\/evertonfc.cz\/index.php\/wp-json\/wp\/v2\/posts\/1528\/revisions"}],"predecessor-version":[{"id":14293,"href":"https:\/\/evertonfc.cz\/index.php\/wp-json\/wp\/v2\/posts\/1528\/revisions\/14293"}],"wp:featuredmedia":[{"embeddable":true,"href":"https:\/\/evertonfc.cz\/index.php\/wp-json\/wp\/v2\/media\/1508"}],"wp:attachment":[{"href":"https:\/\/evertonfc.cz\/index.php\/wp-json\/wp\/v2\/media?parent=1528"}],"wp:term":[{"taxonomy":"category","embeddable":true,"href":"https:\/\/evertonfc.cz\/index.php\/wp-json\/wp\/v2\/categories?post=1528"},{"taxonomy":"post_tag","embeddable":true,"href":"https:\/\/evertonfc.cz\/index.php\/wp-json\/wp\/v2\/tags?post=1528"}],"curies":[{"name":"wp","href":"https:\/\/api.w.org\/{rel}","templated":true}]}}