{"id":15325,"date":"2021-05-13T16:47:51","date_gmt":"2021-05-13T14:47:51","guid":{"rendered":"https:\/\/evertonfc.cz\/?p=15325"},"modified":"2021-05-13T18:16:09","modified_gmt":"2021-05-13T16:16:09","slug":"preview-aston-villa-everton-8","status":"publish","type":"post","link":"https:\/\/evertonfc.cz\/index.php\/2021\/05\/13\/preview-aston-villa-everton-8\/","title":{"rendered":"Preview: Aston Villa \u2013 Everton"},"content":{"rendered":"<h4>Konec sez\u00f3ny se bl\u00ed\u017e\u00ed a v hektick\u00e9m fini\u0161i jsou 3 body opravdu d\u016fle\u017eit\u00e9. V\u00fdsledek zp\u0159ed \u010dtrn\u00e1cti dn\u016f vol\u00e1 po odvet\u011b. Jedeme na v\u00fdlet a to n\u00e1m letos d\u011bl\u00e1 dob\u0159e. T\u011b\u0161 se, Birminghame!<\/h4>\n<p>Carlo Ancelotti p\u0159iznal, \u017ee Liga mistr\u016f u\u017e to asi nebude. Everton to nane\u0161t\u011bst\u00ed nem\u00e1 ve sv\u00fdch rukou. Nahr\u00e1la n\u00e1m sice prohra Chelsea v\u00a0derby s\u00a0Arsenalem. Gunners n\u00e1s p\u0159edsko\u010dili na 8. m\u00edst\u011b, ale odstup na modr\u00fd lond\u00fdnsk\u00fd t\u00fdm nenarostl. Li\u0161ky ale p\u0159emohly United a o n\u011bco n\u00e1m utekly. I p\u0159es v\u00fdhodu 2 z\u00e1pas\u016f k\u00a0dobru je ztr\u00e1ta 9 bod\u016f na 4. m\u00edsto velik\u00e1.<\/p>\n<p>Prohra United podtrhla titul City, no j\u00e1 jim gratulovat nebudu. Mo\u017en\u00e1 ale, \u017ee trochu v\u00a0sout\u011b\u017ei polev\u00ed, Everton s\u00a0nimi hraje posledn\u00ed kolo, 6 dn\u00ed p\u0159ed jejich velk\u00fdm fin\u00e1le. Mo\u017en\u00e1. United naopak maj\u00ed co napravovat a dnes se nab\u00edz\u00ed \u201ederby\u201c proti redshite. A to by n\u00e1m taky bodlo.<\/p>\n<p>Carlo na tiskovce potvrdil, \u017ee dnes to budeme muset zvl\u00e1dnout bez Kolumbijc\u016f. Bude tak t\u0159eba znovu dvojn\u00e1sobn\u00e9ho soust\u0159ed\u011bn\u00ed, kter\u00e9 ji\u017e tolikr\u00e1t p\u0159ineslo radost na v\u00fdjezdu. Toffees se dopustili na h\u0159i\u0161t\u00edch soupe\u0159\u016f nejm\u00e9n\u011b defenzivn\u00edch chyb (3), na dom\u00e1c\u00edm h\u0159i\u0161ti naproti tomu nejv\u00edce (13). Bohu\u017eel tuhle informaci z jednoho webu o fantasy footballu jsem nedok\u00e1zal nikde ov\u011b\u0159it, tak\u017ee bez z\u00e1ruky. Co je ale ov\u011b\u0159iteln\u00e9 je, \u017ee venku Everton inkasoval jen 15kr\u00e1t. L\u00e9pe, resp. stejn\u011b na tom jsou u\u017e jen kluby z Manchesteru.<\/p>\n<p>Nastoupit by mohl po zran\u011bn\u00ed Abdoulaye Doucour\u00e9, co\u017e by bylo v\u00fdrazn\u00fdm upgradem z\u00e1lohy oproti dom\u00e1c\u00edmu z\u00e1pasu. Spolu s Tomem Daviesem a Allanem z\u00e1loha vypad\u00e1 solidn\u011bji ne\u017e se dv\u011bma hr\u00e1\u010di nach\u00e1zej\u00edc\u00edmi se zcela mimo formu \u2013 Andr\u00e9 Gomesem a Alexem Iwobim.<\/p>\n<p>Co jsme se je\u0161t\u011b dozv\u011bd\u011bli od Carla? Josh King se mohl radovat ze sv\u00e9 prvn\u00ed branky za Everton, ale zabr\u00e1nil tomu h\u00e1zenk\u00e1\u0159 Craig Dawson a liknavost rozhod\u010d\u00edch u videa. Takov\u00e1 nespravedlnost! Pustil jsem si z\u00e1znam znovu a pomalu, ale jist\u00fd jsem si t\u00edm nebyl. Havn\u00ed je, \u017ee ty zlat\u00fd body z\u00a0West Hamu n\u00e1m u\u017e nikdo nevezme.<\/p>\n<p>Aston Villa bude pravd\u011bpodobn\u011b znovu bez Jacka Grealishe. Dean Smith nazna\u010dil, \u017ee u\u017e p\u00e1r dn\u00ed tr\u00e9nuje znovu s\u00a0t\u00fdmem, tak\u017ee by mohl n\u011bjakou minutu na h\u0159i\u0161ti zvl\u00e1dnout, na z\u00e1kladn\u00ed XI to ale nevypad\u00e1.<\/p>\n<p>Co\u017e o to, bez Grealishe hraj\u00ed Villans u\u017e p\u0159es dva m\u011bs\u00edce, dal\u0161\u00ed absence je ale nov\u00e1, by\u0165 kr\u00e1tkodob\u00e1. Po 2 \u017elut\u00fdch kart\u00e1ch nedohr\u00e1l proti United Ollie Watkins a proti Evertonu si odpyk\u00e1 jednoz\u00e1pasov\u00fd trest. A \u017ee to je oslaben\u00ed, o to si nebudeme p\u0159\u00edt. Na Goodisonu na\u0161i obranu nep\u011bkn\u011b tr\u00e1pil. Koho postav\u00ed m\u00edsto n\u011bj? Brazilec Wesley nebude po dlouh\u00e9m zran\u011bn\u00ed asi p\u0159ipraven, mlad\u00edk Louie Barry by byl dosti divokou s\u00e1zkou, tak\u017ee se na hrot posune pravd\u011bpodobn\u011b Bertrand Traor\u00e9.<\/p>\n<p>Villans u\u017e hraj\u00ed nejsp\u00ed\u0161e o um\u00edst\u011bn\u00ed mezi 10. a 12. m\u00edstem. Tak jako tak je to velk\u00fd pokrok proti lo\u0148sk\u00e9 sez\u00f3n\u011b, kdy se zachra\u0148ovali v posledn\u00edm kole. V\u011b\u0159\u00edm, \u017ee rozd\u00edl v motivaci bude zn\u00e1t a Evertonians budou moci slavit dal\u0161\u00ed v\u00fdhru venku. V\u0161ak n\u00e1m poh\u00e1ry nespadnou do kl\u00edna zadarmo.<\/p>\n<p><strong>Co:<\/strong> Aston Villa FC \u2013 Everton FC, dohr\u00e1vka 19. kola Premier League<br \/>\n<strong>Kdy:<\/strong> 13. kv\u011btna 2021, od 19:00 SE\u010c<br \/>\n<strong>Kde:<\/strong> Villa Park,\u00a0Trinity Road, Birmingham,\u00a0B6\u00a06HE<br \/>\n<strong>TV: <\/strong>P\u0159\u00edm\u00fd p\u0159enos na stanici Premier Sport od 18:55<br \/>\n<strong>Rozhod\u010d\u00ed:<\/strong>\u00a0Martin Atkinson\u00a0<strong>&#8211;\u00a0<\/strong>Dan Cook, Constantine Hatzidakis\u00a0 <strong>\u010ctvrt\u00fd <\/strong><strong>rozhod\u010d\u00ed:<\/strong> Craig Pawson<br \/>\n<strong>Videorozhod\u010d\u00ed:<\/strong> Graham Scott\u00a0 <strong>Asistent videorozhod\u010d\u00edho:<\/strong><strong>\u00a0<\/strong>Nick Hopton<\/p>\n","protected":false},"excerpt":{"rendered":"<p>Konec sez\u00f3ny se bl\u00ed\u017e\u00ed a v hektick\u00e9m fini\u0161i jsou 3 body opravdu d\u016fle\u017eit\u00e9. V\u00fdsledek z p\u0159ed \u010dtrn\u00e1cti dny vol\u00e1 po odvet\u011b. Jedeme na v\u00fdlet a to n\u00e1m letos d\u011bl\u00e1 dob\u0159e. T\u011b\u0161 se, Birminghame!<\/p>\n","protected":false},"author":10,"featured_media":15296,"comment_status":"open","ping_status":"closed","sticky":false,"template":"","format":"standard","meta":{"_eb_attr":"","_monsterinsights_skip_tracking":false,"_monsterinsights_sitenote_active":false,"_monsterinsights_sitenote_note":"","_monsterinsights_sitenote_category":0,"footnotes":""},"categories":[4],"tags":[],"yoast_head":"<!-- This site is optimized with the Yoast SEO plugin v23.4 - https:\/\/yoast.com\/wordpress\/plugins\/seo\/ -->\n<title>Preview: Aston Villa \u2013 Everton - Official Czech &amp; Slovak Everton Supporters&#039; Club<\/title>\n<meta name=\"robots\" content=\"index, follow, max-snippet:-1, max-image-preview:large, max-video-preview:-1\" \/>\n<link rel=\"canonical\" href=\"https:\/\/evertonfc.cz\/index.php\/2021\/05\/13\/preview-aston-villa-everton-8\/\" \/>\n<meta property=\"og:locale\" content=\"cs_CZ\" \/>\n<meta property=\"og:type\" content=\"article\" \/>\n<meta property=\"og:title\" content=\"Preview: Aston Villa \u2013 Everton - Official Czech &amp; Slovak Everton Supporters&#039; Club\" \/>\n<meta property=\"og:description\" content=\"Konec sez\u00f3ny se bl\u00ed\u017e\u00ed a v hektick\u00e9m fini\u0161i jsou 3 body opravdu d\u016fle\u017eit\u00e9. V\u00fdsledek z p\u0159ed \u010dtrn\u00e1cti dny vol\u00e1 po odvet\u011b. Jedeme na v\u00fdlet a to n\u00e1m letos d\u011bl\u00e1 dob\u0159e. T\u011b\u0161 se, Birminghame!\" \/>\n<meta property=\"og:url\" content=\"https:\/\/evertonfc.cz\/index.php\/2021\/05\/13\/preview-aston-villa-everton-8\/\" \/>\n<meta property=\"og:site_name\" content=\"Official Czech &amp; Slovak Everton Supporters&#039; Club\" \/>\n<meta property=\"article:publisher\" content=\"https:\/\/www.facebook.com\/everton.fans.cz.sk\" \/>\n<meta property=\"article:published_time\" content=\"2021-05-13T14:47:51+00:00\" \/>\n<meta property=\"article:modified_time\" content=\"2021-05-13T16:16:09+00:00\" \/>\n<meta property=\"og:image\" content=\"https:\/\/evertonfc.cz\/wp-content\/uploads\/2021\/05\/Aston-Villa-VS-Everton.jpg\" \/>\n\t<meta property=\"og:image:width\" content=\"720\" \/>\n\t<meta property=\"og:image:height\" content=\"405\" \/>\n\t<meta property=\"og:image:type\" content=\"image\/jpeg\" \/>\n<meta name=\"author\" content=\"Fip\" \/>\n<meta name=\"twitter:card\" content=\"summary_large_image\" \/>\n<meta name=\"twitter:label1\" content=\"Napsal(a)\" \/>\n\t<meta name=\"twitter:data1\" content=\"Fip\" \/>\n\t<meta name=\"twitter:label2\" content=\"Odhadovan\u00e1 doba \u010dten\u00ed\" \/>\n\t<meta name=\"twitter:data2\" content=\"3 minuty\" \/>\n<script type=\"application\/ld+json\" class=\"yoast-schema-graph\">{\"@context\":\"https:\/\/schema.org\",\"@graph\":[{\"@type\":\"Article\",\"@id\":\"https:\/\/evertonfc.cz\/index.php\/2021\/05\/13\/preview-aston-villa-everton-8\/#article\",\"isPartOf\":{\"@id\":\"https:\/\/evertonfc.cz\/index.php\/2021\/05\/13\/preview-aston-villa-everton-8\/\"},\"author\":{\"name\":\"Fip\",\"@id\":\"https:\/\/evertonfc.cz\/#\/schema\/person\/35904009755e8eaa0dc1a5f5f0419002\"},\"headline\":\"Preview: Aston Villa \u2013 Everton\",\"datePublished\":\"2021-05-13T14:47:51+00:00\",\"dateModified\":\"2021-05-13T16:16:09+00:00\",\"mainEntityOfPage\":{\"@id\":\"https:\/\/evertonfc.cz\/index.php\/2021\/05\/13\/preview-aston-villa-everton-8\/\"},\"wordCount\":665,\"commentCount\":2,\"publisher\":{\"@id\":\"https:\/\/evertonfc.cz\/#organization\"},\"image\":{\"@id\":\"https:\/\/evertonfc.cz\/index.php\/2021\/05\/13\/preview-aston-villa-everton-8\/#primaryimage\"},\"thumbnailUrl\":\"https:\/\/evertonfc.cz\/wp-content\/uploads\/2021\/05\/Aston-Villa-VS-Everton.jpg\",\"articleSection\":[\"Z\u00e1pasy\"],\"inLanguage\":\"cs\",\"potentialAction\":[{\"@type\":\"CommentAction\",\"name\":\"Comment\",\"target\":[\"https:\/\/evertonfc.cz\/index.php\/2021\/05\/13\/preview-aston-villa-everton-8\/#respond\"]}]},{\"@type\":\"WebPage\",\"@id\":\"https:\/\/evertonfc.cz\/index.php\/2021\/05\/13\/preview-aston-villa-everton-8\/\",\"url\":\"https:\/\/evertonfc.cz\/index.php\/2021\/05\/13\/preview-aston-villa-everton-8\/\",\"name\":\"Preview: Aston Villa \u2013 Everton - Official Czech &amp; Slovak Everton Supporters&#039; Club\",\"isPartOf\":{\"@id\":\"https:\/\/evertonfc.cz\/#website\"},\"primaryImageOfPage\":{\"@id\":\"https:\/\/evertonfc.cz\/index.php\/2021\/05\/13\/preview-aston-villa-everton-8\/#primaryimage\"},\"image\":{\"@id\":\"https:\/\/evertonfc.cz\/index.php\/2021\/05\/13\/preview-aston-villa-everton-8\/#primaryimage\"},\"thumbnailUrl\":\"https:\/\/evertonfc.cz\/wp-content\/uploads\/2021\/05\/Aston-Villa-VS-Everton.jpg\",\"datePublished\":\"2021-05-13T14:47:51+00:00\",\"dateModified\":\"2021-05-13T16:16:09+00:00\",\"breadcrumb\":{\"@id\":\"https:\/\/evertonfc.cz\/index.php\/2021\/05\/13\/preview-aston-villa-everton-8\/#breadcrumb\"},\"inLanguage\":\"cs\",\"potentialAction\":[{\"@type\":\"ReadAction\",\"target\":[\"https:\/\/evertonfc.cz\/index.php\/2021\/05\/13\/preview-aston-villa-everton-8\/\"]}]},{\"@type\":\"ImageObject\",\"inLanguage\":\"cs\",\"@id\":\"https:\/\/evertonfc.cz\/index.php\/2021\/05\/13\/preview-aston-villa-everton-8\/#primaryimage\",\"url\":\"https:\/\/evertonfc.cz\/wp-content\/uploads\/2021\/05\/Aston-Villa-VS-Everton.jpg\",\"contentUrl\":\"https:\/\/evertonfc.cz\/wp-content\/uploads\/2021\/05\/Aston-Villa-VS-Everton.jpg\",\"width\":720,\"height\":405},{\"@type\":\"BreadcrumbList\",\"@id\":\"https:\/\/evertonfc.cz\/index.php\/2021\/05\/13\/preview-aston-villa-everton-8\/#breadcrumb\",\"itemListElement\":[{\"@type\":\"ListItem\",\"position\":1,\"name\":\"Home\",\"item\":\"https:\/\/evertonfc.cz\/\"},{\"@type\":\"ListItem\",\"position\":2,\"name\":\"Preview: Aston Villa \u2013 Everton\"}]},{\"@type\":\"WebSite\",\"@id\":\"https:\/\/evertonfc.cz\/#website\",\"url\":\"https:\/\/evertonfc.cz\/\",\"name\":\"Official Czech &amp; Slovak Everton Supporters&#039; Club\",\"description\":\"\",\"publisher\":{\"@id\":\"https:\/\/evertonfc.cz\/#organization\"},\"potentialAction\":[{\"@type\":\"SearchAction\",\"target\":{\"@type\":\"EntryPoint\",\"urlTemplate\":\"https:\/\/evertonfc.cz\/?s={search_term_string}\"},\"query-input\":{\"@type\":\"PropertyValueSpecification\",\"valueRequired\":true,\"valueName\":\"search_term_string\"}}],\"inLanguage\":\"cs\"},{\"@type\":\"Organization\",\"@id\":\"https:\/\/evertonfc.cz\/#organization\",\"name\":\"Official Czech & Slovak Everton Supporters' Club\",\"url\":\"https:\/\/evertonfc.cz\/\",\"logo\":{\"@type\":\"ImageObject\",\"inLanguage\":\"cs\",\"@id\":\"https:\/\/evertonfc.cz\/#\/schema\/logo\/image\/\",\"url\":\"https:\/\/evertonfc.cz\/wp-content\/uploads\/2019\/05\/logo.png\",\"contentUrl\":\"https:\/\/evertonfc.cz\/wp-content\/uploads\/2019\/05\/logo.png\",\"width\":112,\"height\":112,\"caption\":\"Official Czech & Slovak Everton Supporters' Club\"},\"image\":{\"@id\":\"https:\/\/evertonfc.cz\/#\/schema\/logo\/image\/\"},\"sameAs\":[\"https:\/\/www.facebook.com\/everton.fans.cz.sk\"]},{\"@type\":\"Person\",\"@id\":\"https:\/\/evertonfc.cz\/#\/schema\/person\/35904009755e8eaa0dc1a5f5f0419002\",\"name\":\"Fip\",\"url\":\"https:\/\/evertonfc.cz\/index.php\/author\/fip\/\"}]}<\/script>\n<!-- \/ Yoast SEO plugin. -->","yoast_head_json":{"title":"Preview: Aston Villa \u2013 Everton - Official Czech &amp; Slovak Everton Supporters&#039; Club","robots":{"index":"index","follow":"follow","max-snippet":"max-snippet:-1","max-image-preview":"max-image-preview:large","max-video-preview":"max-video-preview:-1"},"canonical":"https:\/\/evertonfc.cz\/index.php\/2021\/05\/13\/preview-aston-villa-everton-8\/","og_locale":"cs_CZ","og_type":"article","og_title":"Preview: Aston Villa \u2013 Everton - Official Czech &amp; Slovak Everton Supporters&#039; Club","og_description":"Konec sez\u00f3ny se bl\u00ed\u017e\u00ed a v hektick\u00e9m fini\u0161i jsou 3 body opravdu d\u016fle\u017eit\u00e9. V\u00fdsledek z p\u0159ed \u010dtrn\u00e1cti dny vol\u00e1 po odvet\u011b. Jedeme na v\u00fdlet a to n\u00e1m letos d\u011bl\u00e1 dob\u0159e. T\u011b\u0161 se, Birminghame!","og_url":"https:\/\/evertonfc.cz\/index.php\/2021\/05\/13\/preview-aston-villa-everton-8\/","og_site_name":"Official Czech &amp; Slovak Everton Supporters&#039; Club","article_publisher":"https:\/\/www.facebook.com\/everton.fans.cz.sk","article_published_time":"2021-05-13T14:47:51+00:00","article_modified_time":"2021-05-13T16:16:09+00:00","og_image":[{"width":720,"height":405,"url":"https:\/\/evertonfc.cz\/wp-content\/uploads\/2021\/05\/Aston-Villa-VS-Everton.jpg","type":"image\/jpeg"}],"author":"Fip","twitter_card":"summary_large_image","twitter_misc":{"Napsal(a)":"Fip","Odhadovan\u00e1 doba \u010dten\u00ed":"3 minuty"},"schema":{"@context":"https:\/\/schema.org","@graph":[{"@type":"Article","@id":"https:\/\/evertonfc.cz\/index.php\/2021\/05\/13\/preview-aston-villa-everton-8\/#article","isPartOf":{"@id":"https:\/\/evertonfc.cz\/index.php\/2021\/05\/13\/preview-aston-villa-everton-8\/"},"author":{"name":"Fip","@id":"https:\/\/evertonfc.cz\/#\/schema\/person\/35904009755e8eaa0dc1a5f5f0419002"},"headline":"Preview: Aston Villa \u2013 Everton","datePublished":"2021-05-13T14:47:51+00:00","dateModified":"2021-05-13T16:16:09+00:00","mainEntityOfPage":{"@id":"https:\/\/evertonfc.cz\/index.php\/2021\/05\/13\/preview-aston-villa-everton-8\/"},"wordCount":665,"commentCount":2,"publisher":{"@id":"https:\/\/evertonfc.cz\/#organization"},"image":{"@id":"https:\/\/evertonfc.cz\/index.php\/2021\/05\/13\/preview-aston-villa-everton-8\/#primaryimage"},"thumbnailUrl":"https:\/\/evertonfc.cz\/wp-content\/uploads\/2021\/05\/Aston-Villa-VS-Everton.jpg","articleSection":["Z\u00e1pasy"],"inLanguage":"cs","potentialAction":[{"@type":"CommentAction","name":"Comment","target":["https:\/\/evertonfc.cz\/index.php\/2021\/05\/13\/preview-aston-villa-everton-8\/#respond"]}]},{"@type":"WebPage","@id":"https:\/\/evertonfc.cz\/index.php\/2021\/05\/13\/preview-aston-villa-everton-8\/","url":"https:\/\/evertonfc.cz\/index.php\/2021\/05\/13\/preview-aston-villa-everton-8\/","name":"Preview: Aston Villa \u2013 Everton - Official Czech &amp; Slovak Everton Supporters&#039; Club","isPartOf":{"@id":"https:\/\/evertonfc.cz\/#website"},"primaryImageOfPage":{"@id":"https:\/\/evertonfc.cz\/index.php\/2021\/05\/13\/preview-aston-villa-everton-8\/#primaryimage"},"image":{"@id":"https:\/\/evertonfc.cz\/index.php\/2021\/05\/13\/preview-aston-villa-everton-8\/#primaryimage"},"thumbnailUrl":"https:\/\/evertonfc.cz\/wp-content\/uploads\/2021\/05\/Aston-Villa-VS-Everton.jpg","datePublished":"2021-05-13T14:47:51+00:00","dateModified":"2021-05-13T16:16:09+00:00","breadcrumb":{"@id":"https:\/\/evertonfc.cz\/index.php\/2021\/05\/13\/preview-aston-villa-everton-8\/#breadcrumb"},"inLanguage":"cs","potentialAction":[{"@type":"ReadAction","target":["https:\/\/evertonfc.cz\/index.php\/2021\/05\/13\/preview-aston-villa-everton-8\/"]}]},{"@type":"ImageObject","inLanguage":"cs","@id":"https:\/\/evertonfc.cz\/index.php\/2021\/05\/13\/preview-aston-villa-everton-8\/#primaryimage","url":"https:\/\/evertonfc.cz\/wp-content\/uploads\/2021\/05\/Aston-Villa-VS-Everton.jpg","contentUrl":"https:\/\/evertonfc.cz\/wp-content\/uploads\/2021\/05\/Aston-Villa-VS-Everton.jpg","width":720,"height":405},{"@type":"BreadcrumbList","@id":"https:\/\/evertonfc.cz\/index.php\/2021\/05\/13\/preview-aston-villa-everton-8\/#breadcrumb","itemListElement":[{"@type":"ListItem","position":1,"name":"Home","item":"https:\/\/evertonfc.cz\/"},{"@type":"ListItem","position":2,"name":"Preview: Aston Villa \u2013 Everton"}]},{"@type":"WebSite","@id":"https:\/\/evertonfc.cz\/#website","url":"https:\/\/evertonfc.cz\/","name":"Official Czech &amp; Slovak Everton Supporters&#039; Club","description":"","publisher":{"@id":"https:\/\/evertonfc.cz\/#organization"},"potentialAction":[{"@type":"SearchAction","target":{"@type":"EntryPoint","urlTemplate":"https:\/\/evertonfc.cz\/?s={search_term_string}"},"query-input":{"@type":"PropertyValueSpecification","valueRequired":true,"valueName":"search_term_string"}}],"inLanguage":"cs"},{"@type":"Organization","@id":"https:\/\/evertonfc.cz\/#organization","name":"Official Czech & Slovak Everton Supporters' Club","url":"https:\/\/evertonfc.cz\/","logo":{"@type":"ImageObject","inLanguage":"cs","@id":"https:\/\/evertonfc.cz\/#\/schema\/logo\/image\/","url":"https:\/\/evertonfc.cz\/wp-content\/uploads\/2019\/05\/logo.png","contentUrl":"https:\/\/evertonfc.cz\/wp-content\/uploads\/2019\/05\/logo.png","width":112,"height":112,"caption":"Official Czech & Slovak Everton Supporters' Club"},"image":{"@id":"https:\/\/evertonfc.cz\/#\/schema\/logo\/image\/"},"sameAs":["https:\/\/www.facebook.com\/everton.fans.cz.sk"]},{"@type":"Person","@id":"https:\/\/evertonfc.cz\/#\/schema\/person\/35904009755e8eaa0dc1a5f5f0419002","name":"Fip","url":"https:\/\/evertonfc.cz\/index.php\/author\/fip\/"}]}},"_links":{"self":[{"href":"https:\/\/evertonfc.cz\/index.php\/wp-json\/wp\/v2\/posts\/15325"}],"collection":[{"href":"https:\/\/evertonfc.cz\/index.php\/wp-json\/wp\/v2\/posts"}],"about":[{"href":"https:\/\/evertonfc.cz\/index.php\/wp-json\/wp\/v2\/types\/post"}],"author":[{"embeddable":true,"href":"https:\/\/evertonfc.cz\/index.php\/wp-json\/wp\/v2\/users\/10"}],"replies":[{"embeddable":true,"href":"https:\/\/evertonfc.cz\/index.php\/wp-json\/wp\/v2\/comments?post=15325"}],"version-history":[{"count":4,"href":"https:\/\/evertonfc.cz\/index.php\/wp-json\/wp\/v2\/posts\/15325\/revisions"}],"predecessor-version":[{"id":15330,"href":"https:\/\/evertonfc.cz\/index.php\/wp-json\/wp\/v2\/posts\/15325\/revisions\/15330"}],"wp:featuredmedia":[{"embeddable":true,"href":"https:\/\/evertonfc.cz\/index.php\/wp-json\/wp\/v2\/media\/15296"}],"wp:attachment":[{"href":"https:\/\/evertonfc.cz\/index.php\/wp-json\/wp\/v2\/media?parent=15325"}],"wp:term":[{"taxonomy":"category","embeddable":true,"href":"https:\/\/evertonfc.cz\/index.php\/wp-json\/wp\/v2\/categories?post=15325"},{"taxonomy":"post_tag","embeddable":true,"href":"https:\/\/evertonfc.cz\/index.php\/wp-json\/wp\/v2\/tags?post=15325"}],"curies":[{"name":"wp","href":"https:\/\/api.w.org\/{rel}","templated":true}]}}