{"id":15333,"date":"2021-05-13T22:40:32","date_gmt":"2021-05-13T20:40:32","guid":{"rendered":"https:\/\/evertonfc.cz\/?p=15333"},"modified":"2021-05-13T22:48:01","modified_gmt":"2021-05-13T20:48:01","slug":"aston-villa-everton-00","status":"publish","type":"post","link":"https:\/\/evertonfc.cz\/index.php\/2021\/05\/13\/aston-villa-everton-00\/","title":{"rendered":"Aston Villa \u2013 Everton 0:0"},"content":{"rendered":"<h4>V dohr\u00e1vke 19. kola Everton nepotvrdil \u00fa\u017easn\u00fa formu na ihrisk\u00e1ch s\u00faperov v\u00a0tejto sez\u00f3ne. Naopak sklamal pri snahe hra\u0165 bud\u00faci rok Eur\u00f3pu, ke\u010f nevyu\u017eil z\u00e1pas k\u00a0dobru.<\/h4>\n<p>Od skvel\u00e9ho v\u00fdsledku z\u00a0London Stadium spravil Ancelotti dve zmeny v\u00a0zostave. Jednu vyn\u00faten\u00fa predstavoval Holgate na mieste zranen\u00e9ho Minu, a\u00a0druh\u00fa taktick\u00fa v\u00a0podobe posadenia Daviesa v\u00a0prospech n\u00e1vratu Doucour\u00e9ho z\u00a0\u00fanavovej zlomeniny nohy. Inak bol pl\u00e1n hry rovnak\u00fd, udrie\u0165 z\u00a0bloku 5-3-2.<\/p>\n<h4><strong>Prv\u00fd pol\u010das<\/strong><\/h4>\n<p>\u00davodn\u00e9 dejstvo malo vcelku mierumilovn\u00fd \u0161tart. \u017diadny t\u00edm nepri\u0161iel s\u00a0n\u00e1padom prekvapi\u0165 s\u00fapera okam\u017eit\u00fdm z\u00e1sypom \u00fatokov. Av\u0161ak The Villans sa op\u00e4\u0165 prezentovali futbalovej\u0161ie, dr\u017eali loptu a\u00a0spo\u010diatku aj vysoko pressovali rozohr\u00e1vku host\u00ed v\u00a0oran\u017eovom. T\u00ed volili u\u017e tradi\u010dne skeptickej\u0161\u00ed pr\u00edstup, spoliehaj\u00fac sa na nejak\u00fd ten g\u00f3l hlavou Calverta-Lewina, ktor\u00fd ich m\u00e1 v\u00a0lige najviac, konkr\u00e9tne sedem.<\/p>\n<p>Extr\u00e9mne podaren\u00e9 \u0161ance sa nekonali ani po ust\u00e1len\u00ed hry, hoci prudk\u00fd hlavi\u010dkov\u00fd pokus Mingsa po takmer dvadsiatich min\u00fatach minul ty\u010d. \u010eal\u0161ie vzr\u00fa\u0161o predstavovalo len h\u00e1ro Dominica, ktor\u00fd na p\u00e1r sek\u00fand stratil gumi\u010dku do copu, a\u00a0zastrel tak svojimi ku\u010derami div\u00e1kom v\u00fdh\u013ead na zbytok hracej plochy.<\/p>\n<p>Na Evertone ma za prv\u00fdch 45 min\u00fa\u0165 najviac zaujala schopnos\u0165 so \u017eeleznou pravidelnos\u0165ou dokonale zatavi\u0165 s\u013eubne sa rozv\u00edjaj\u00faci pohyb lopty smerom k s\u00faperovej br\u00e1ne. A to rozhodnutiami vlastn\u00fdch hr\u00e1\u010dov. Ako vern\u00e9ho fan\u00fa\u0161ika ma to st\u00e1le prekvapuje, z\u00e1rove\u0148 zar\u00e1\u017ea a neust\u00e1le udivuje&#8230;<\/p>\n<h4><strong>Druh\u00fd pol\u010das<\/strong><\/h4>\n<p>Preto som bol a\u017e nad\u0161en\u00fd, ke\u010f sa prejavila taktick\u00e1 zmena po n\u00e1vrate zo \u0161atn\u00ed. Everton, podobne ako v\u00a0z\u00e1pase s\u00a0Kladiv\u00e1rmi pre\u0161iel na form\u00e1ciu 4-4-2 a\u00a0bol akt\u00edvnej\u0161\u00ed smerom dopredu, \u010do sa na oko javilo pozit\u00edvne. \u017dia\u013e, \u00fa\u017eitok z\u00a0toho nebol. Na\u0161u proaktivitu nepotrestala ani Villa, v\u00e4\u010d\u0161ie diery v\u00a0obrane nena\u0161la.<\/p>\n<p>Za zmienku stoj\u00ed Pickfordom vyrazen\u00fd priamy kop El-Ghaziho. Potom pri\u0161lo na striedania. Gomes za Everton, Grealish za Aston Villu. To\u013eko k\u00a0intenci\u00e1m oboch mana\u017e\u00e9rov. Ancelotti op\u00e4\u0165 nevyu\u017eil v\u0161etky mo\u017enosti z\u00a0lavi\u010dky, hoci sa pri honbe za priam tabu\u013ekov\u00fdm pokladom n\u00e1ramne \u017eiadali.<\/p>\n<p>T\u00e1to pasivita spolo\u010dne s\u00a0nepremenen\u00fdmi \u0161ancami Calverta-Lewina po centri Digneho,\u00a0n\u00e1dejnej akcii Richarlisona, a\u00a0p\u00e1r pokusmi mimo, viedla k\u00a0de\u013ebe bodov. S\u00a0\u0148ou mus\u00ed by\u0165 spokojnej\u0161\u00ed Dean Smith.<\/p>\n<h4><strong>Carlo Ancelotti:<\/strong><\/h4>\n<blockquote><p><em>\u201eV druhom pol\u010dase sme boli omnoho lep\u0161\u00ed, vytvorili sme si v\u00e4\u010d\u0161\u00ed tlak v\u00a0ofenz\u00edve. Mohli sme vyhra\u0165, ale nevyhrali sme. Ni\u010d to pre n\u00e1s v\u0161ak nemen\u00ed, bojujeme do konca sez\u00f3ny. Odohrali sme dva \u0165a\u017ek\u00e9 z\u00e1pasy vonku proti West Hamu a\u00a0Aston Ville, a\u00a0z\u00edskali sme \u0161tyri body. Bolo by lep\u0161ie, keby sme z\u00edskali \u0161es\u0165. Mohli sme by\u0165 efekt\u00edvnej\u0161\u00ed. Mysl\u00edm, \u017ee t\u00edm podal siln\u00fd v\u00fdkon, \u00fato\u010dn\u00edci tie\u017e tvrdo pracovali defenz\u00edvne. Je to bod a\u00a0teraz m\u00e1me skvel\u00fa pr\u00edle\u017eitos\u0165 doma v\u00a0nasleduj\u00facich dvoch z\u00e1pasoch.\u201c<\/em><\/p><\/blockquote>\n<hr \/>\n<p><strong>Zostrihy + z\u00e1pas:<\/strong> <a href=\"https:\/\/www.fullmatchesandshows.com\/2021\/05\/12\/aston-villa-vs-everton-highlights-full-match-2\/\" target=\"_blank\" rel=\"noopener\">fullmatchesandshows.com<\/a>\u00a0 <strong>Mu\u017e z\u00e1pasu redakcie: <\/strong>Ben Godfrey<\/p>\n<p><strong>\u017dlt\u00e9 karty: <\/strong>43\u00b4 Traor\u00e9, 55\u00b4 Sigurdsson, 90\u00b4 McGinn<\/p>\n<p><strong>Aston Villa FC:\u00a0<\/strong>Mart\u00ednez \u2013 Cash (45+2\u00b4 Elmohamady), Konsa, Mings, Targett \u2013 McGinn, Luiz \u2013 Traor\u00e9 (72\u00b4 Grealish), Barkley (65\u00b4 Ramsey), El-Ghazi \u2013 Davis<\/p>\n<p><strong>Everton FC:\u00a0<\/strong>Pickford \u2013 Coleman (75. Iwobi), Godfrey, Keane, Holgate, Digne \u2013 Doucour\u00e9, Allan, Sigurdsson (67\u00b4 Gomes) \u2013 Calvert-Lewin, Richarlison<\/p>\n<p><strong>Rozhodca:\u00a0<\/strong>Martin Atkinson \u00a0<strong>Bez div\u00e1kov<\/strong><\/p>\n","protected":false},"excerpt":{"rendered":"<p>V dohr\u00e1vke 19. kola Everton nepotvrdil \u00fa\u017easn\u00fa formu na ihrisk\u00e1ch s\u00faperov v\u00a0tejto sez\u00f3ne. Naopak sklamal pri snahe hra\u0165 bud\u00faci rok Eur\u00f3pu, ke\u010f nevyu\u017eil z\u00e1pas k\u00a0dobru.<\/p>\n","protected":false},"author":1,"featured_media":15335,"comment_status":"open","ping_status":"closed","sticky":false,"template":"","format":"standard","meta":{"_eb_attr":"","_monsterinsights_skip_tracking":false,"_monsterinsights_sitenote_active":false,"_monsterinsights_sitenote_note":"","_monsterinsights_sitenote_category":0,"footnotes":""},"categories":[4],"tags":[],"yoast_head":"<!-- This site is optimized with the Yoast SEO plugin v23.4 - https:\/\/yoast.com\/wordpress\/plugins\/seo\/ -->\n<title>Aston Villa \u2013 Everton 0:0 - Official Czech &amp; Slovak Everton Supporters&#039; Club<\/title>\n<meta name=\"robots\" content=\"index, follow, max-snippet:-1, max-image-preview:large, max-video-preview:-1\" \/>\n<link rel=\"canonical\" href=\"https:\/\/evertonfc.cz\/index.php\/2021\/05\/13\/aston-villa-everton-00\/\" \/>\n<meta property=\"og:locale\" content=\"cs_CZ\" \/>\n<meta property=\"og:type\" content=\"article\" \/>\n<meta property=\"og:title\" content=\"Aston Villa \u2013 Everton 0:0 - Official Czech &amp; Slovak Everton Supporters&#039; Club\" \/>\n<meta property=\"og:description\" content=\"V dohr\u00e1vke 19. kola Everton nepotvrdil \u00fa\u017easn\u00fa formu na ihrisk\u00e1ch s\u00faperov v\u00a0tejto sez\u00f3ne. Naopak sklamal pri snahe hra\u0165 bud\u00faci rok Eur\u00f3pu, ke\u010f nevyu\u017eil z\u00e1pas k\u00a0dobru.\" \/>\n<meta property=\"og:url\" content=\"https:\/\/evertonfc.cz\/index.php\/2021\/05\/13\/aston-villa-everton-00\/\" \/>\n<meta property=\"og:site_name\" content=\"Official Czech &amp; Slovak Everton Supporters&#039; Club\" \/>\n<meta property=\"article:publisher\" content=\"https:\/\/www.facebook.com\/everton.fans.cz.sk\" \/>\n<meta property=\"article:published_time\" content=\"2021-05-13T20:40:32+00:00\" \/>\n<meta property=\"article:modified_time\" content=\"2021-05-13T20:48:01+00:00\" \/>\n<meta property=\"og:image\" content=\"https:\/\/evertonfc.cz\/wp-content\/uploads\/2021\/05\/Calvert-Lewin-against-Aston-Villa-evertonfc.com-13-5-2021.jpg\" \/>\n\t<meta property=\"og:image:width\" content=\"720\" \/>\n\t<meta property=\"og:image:height\" content=\"405\" \/>\n\t<meta property=\"og:image:type\" content=\"image\/jpeg\" \/>\n<meta name=\"author\" content=\"BlueBlooded\" \/>\n<meta name=\"twitter:card\" content=\"summary_large_image\" \/>\n<meta name=\"twitter:label1\" content=\"Napsal(a)\" \/>\n\t<meta name=\"twitter:data1\" content=\"BlueBlooded\" \/>\n\t<meta name=\"twitter:label2\" content=\"Odhadovan\u00e1 doba \u010dten\u00ed\" \/>\n\t<meta name=\"twitter:data2\" content=\"3 minuty\" \/>\n<script type=\"application\/ld+json\" class=\"yoast-schema-graph\">{\"@context\":\"https:\/\/schema.org\",\"@graph\":[{\"@type\":\"Article\",\"@id\":\"https:\/\/evertonfc.cz\/index.php\/2021\/05\/13\/aston-villa-everton-00\/#article\",\"isPartOf\":{\"@id\":\"https:\/\/evertonfc.cz\/index.php\/2021\/05\/13\/aston-villa-everton-00\/\"},\"author\":{\"name\":\"BlueBlooded\",\"@id\":\"https:\/\/evertonfc.cz\/#\/schema\/person\/d4493b8cbea51532597fbc4685698916\"},\"headline\":\"Aston Villa \u2013 Everton 0:0\",\"datePublished\":\"2021-05-13T20:40:32+00:00\",\"dateModified\":\"2021-05-13T20:48:01+00:00\",\"mainEntityOfPage\":{\"@id\":\"https:\/\/evertonfc.cz\/index.php\/2021\/05\/13\/aston-villa-everton-00\/\"},\"wordCount\":593,\"commentCount\":6,\"publisher\":{\"@id\":\"https:\/\/evertonfc.cz\/#organization\"},\"image\":{\"@id\":\"https:\/\/evertonfc.cz\/index.php\/2021\/05\/13\/aston-villa-everton-00\/#primaryimage\"},\"thumbnailUrl\":\"https:\/\/evertonfc.cz\/wp-content\/uploads\/2021\/05\/Calvert-Lewin-against-Aston-Villa-evertonfc.com-13-5-2021.jpg\",\"articleSection\":[\"Z\u00e1pasy\"],\"inLanguage\":\"cs\",\"potentialAction\":[{\"@type\":\"CommentAction\",\"name\":\"Comment\",\"target\":[\"https:\/\/evertonfc.cz\/index.php\/2021\/05\/13\/aston-villa-everton-00\/#respond\"]}]},{\"@type\":\"WebPage\",\"@id\":\"https:\/\/evertonfc.cz\/index.php\/2021\/05\/13\/aston-villa-everton-00\/\",\"url\":\"https:\/\/evertonfc.cz\/index.php\/2021\/05\/13\/aston-villa-everton-00\/\",\"name\":\"Aston Villa \u2013 Everton 0:0 - Official Czech &amp; Slovak Everton Supporters&#039; Club\",\"isPartOf\":{\"@id\":\"https:\/\/evertonfc.cz\/#website\"},\"primaryImageOfPage\":{\"@id\":\"https:\/\/evertonfc.cz\/index.php\/2021\/05\/13\/aston-villa-everton-00\/#primaryimage\"},\"image\":{\"@id\":\"https:\/\/evertonfc.cz\/index.php\/2021\/05\/13\/aston-villa-everton-00\/#primaryimage\"},\"thumbnailUrl\":\"https:\/\/evertonfc.cz\/wp-content\/uploads\/2021\/05\/Calvert-Lewin-against-Aston-Villa-evertonfc.com-13-5-2021.jpg\",\"datePublished\":\"2021-05-13T20:40:32+00:00\",\"dateModified\":\"2021-05-13T20:48:01+00:00\",\"breadcrumb\":{\"@id\":\"https:\/\/evertonfc.cz\/index.php\/2021\/05\/13\/aston-villa-everton-00\/#breadcrumb\"},\"inLanguage\":\"cs\",\"potentialAction\":[{\"@type\":\"ReadAction\",\"target\":[\"https:\/\/evertonfc.cz\/index.php\/2021\/05\/13\/aston-villa-everton-00\/\"]}]},{\"@type\":\"ImageObject\",\"inLanguage\":\"cs\",\"@id\":\"https:\/\/evertonfc.cz\/index.php\/2021\/05\/13\/aston-villa-everton-00\/#primaryimage\",\"url\":\"https:\/\/evertonfc.cz\/wp-content\/uploads\/2021\/05\/Calvert-Lewin-against-Aston-Villa-evertonfc.com-13-5-2021.jpg\",\"contentUrl\":\"https:\/\/evertonfc.cz\/wp-content\/uploads\/2021\/05\/Calvert-Lewin-against-Aston-Villa-evertonfc.com-13-5-2021.jpg\",\"width\":720,\"height\":405},{\"@type\":\"BreadcrumbList\",\"@id\":\"https:\/\/evertonfc.cz\/index.php\/2021\/05\/13\/aston-villa-everton-00\/#breadcrumb\",\"itemListElement\":[{\"@type\":\"ListItem\",\"position\":1,\"name\":\"Home\",\"item\":\"https:\/\/evertonfc.cz\/\"},{\"@type\":\"ListItem\",\"position\":2,\"name\":\"Aston Villa \u2013 Everton 0:0\"}]},{\"@type\":\"WebSite\",\"@id\":\"https:\/\/evertonfc.cz\/#website\",\"url\":\"https:\/\/evertonfc.cz\/\",\"name\":\"Official Czech &amp; Slovak Everton Supporters&#039; Club\",\"description\":\"\",\"publisher\":{\"@id\":\"https:\/\/evertonfc.cz\/#organization\"},\"potentialAction\":[{\"@type\":\"SearchAction\",\"target\":{\"@type\":\"EntryPoint\",\"urlTemplate\":\"https:\/\/evertonfc.cz\/?s={search_term_string}\"},\"query-input\":{\"@type\":\"PropertyValueSpecification\",\"valueRequired\":true,\"valueName\":\"search_term_string\"}}],\"inLanguage\":\"cs\"},{\"@type\":\"Organization\",\"@id\":\"https:\/\/evertonfc.cz\/#organization\",\"name\":\"Official Czech & Slovak Everton Supporters' Club\",\"url\":\"https:\/\/evertonfc.cz\/\",\"logo\":{\"@type\":\"ImageObject\",\"inLanguage\":\"cs\",\"@id\":\"https:\/\/evertonfc.cz\/#\/schema\/logo\/image\/\",\"url\":\"https:\/\/evertonfc.cz\/wp-content\/uploads\/2019\/05\/logo.png\",\"contentUrl\":\"https:\/\/evertonfc.cz\/wp-content\/uploads\/2019\/05\/logo.png\",\"width\":112,\"height\":112,\"caption\":\"Official Czech & Slovak Everton Supporters' Club\"},\"image\":{\"@id\":\"https:\/\/evertonfc.cz\/#\/schema\/logo\/image\/\"},\"sameAs\":[\"https:\/\/www.facebook.com\/everton.fans.cz.sk\"]},{\"@type\":\"Person\",\"@id\":\"https:\/\/evertonfc.cz\/#\/schema\/person\/d4493b8cbea51532597fbc4685698916\",\"name\":\"BlueBlooded\",\"url\":\"https:\/\/evertonfc.cz\/index.php\/author\/admin\/\"}]}<\/script>\n<!-- \/ Yoast SEO plugin. -->","yoast_head_json":{"title":"Aston Villa \u2013 Everton 0:0 - Official Czech &amp; Slovak Everton Supporters&#039; Club","robots":{"index":"index","follow":"follow","max-snippet":"max-snippet:-1","max-image-preview":"max-image-preview:large","max-video-preview":"max-video-preview:-1"},"canonical":"https:\/\/evertonfc.cz\/index.php\/2021\/05\/13\/aston-villa-everton-00\/","og_locale":"cs_CZ","og_type":"article","og_title":"Aston Villa \u2013 Everton 0:0 - Official Czech &amp; Slovak Everton Supporters&#039; Club","og_description":"V dohr\u00e1vke 19. kola Everton nepotvrdil \u00fa\u017easn\u00fa formu na ihrisk\u00e1ch s\u00faperov v\u00a0tejto sez\u00f3ne. Naopak sklamal pri snahe hra\u0165 bud\u00faci rok Eur\u00f3pu, ke\u010f nevyu\u017eil z\u00e1pas k\u00a0dobru.","og_url":"https:\/\/evertonfc.cz\/index.php\/2021\/05\/13\/aston-villa-everton-00\/","og_site_name":"Official Czech &amp; Slovak Everton Supporters&#039; Club","article_publisher":"https:\/\/www.facebook.com\/everton.fans.cz.sk","article_published_time":"2021-05-13T20:40:32+00:00","article_modified_time":"2021-05-13T20:48:01+00:00","og_image":[{"width":720,"height":405,"url":"https:\/\/evertonfc.cz\/wp-content\/uploads\/2021\/05\/Calvert-Lewin-against-Aston-Villa-evertonfc.com-13-5-2021.jpg","type":"image\/jpeg"}],"author":"BlueBlooded","twitter_card":"summary_large_image","twitter_misc":{"Napsal(a)":"BlueBlooded","Odhadovan\u00e1 doba \u010dten\u00ed":"3 minuty"},"schema":{"@context":"https:\/\/schema.org","@graph":[{"@type":"Article","@id":"https:\/\/evertonfc.cz\/index.php\/2021\/05\/13\/aston-villa-everton-00\/#article","isPartOf":{"@id":"https:\/\/evertonfc.cz\/index.php\/2021\/05\/13\/aston-villa-everton-00\/"},"author":{"name":"BlueBlooded","@id":"https:\/\/evertonfc.cz\/#\/schema\/person\/d4493b8cbea51532597fbc4685698916"},"headline":"Aston Villa \u2013 Everton 0:0","datePublished":"2021-05-13T20:40:32+00:00","dateModified":"2021-05-13T20:48:01+00:00","mainEntityOfPage":{"@id":"https:\/\/evertonfc.cz\/index.php\/2021\/05\/13\/aston-villa-everton-00\/"},"wordCount":593,"commentCount":6,"publisher":{"@id":"https:\/\/evertonfc.cz\/#organization"},"image":{"@id":"https:\/\/evertonfc.cz\/index.php\/2021\/05\/13\/aston-villa-everton-00\/#primaryimage"},"thumbnailUrl":"https:\/\/evertonfc.cz\/wp-content\/uploads\/2021\/05\/Calvert-Lewin-against-Aston-Villa-evertonfc.com-13-5-2021.jpg","articleSection":["Z\u00e1pasy"],"inLanguage":"cs","potentialAction":[{"@type":"CommentAction","name":"Comment","target":["https:\/\/evertonfc.cz\/index.php\/2021\/05\/13\/aston-villa-everton-00\/#respond"]}]},{"@type":"WebPage","@id":"https:\/\/evertonfc.cz\/index.php\/2021\/05\/13\/aston-villa-everton-00\/","url":"https:\/\/evertonfc.cz\/index.php\/2021\/05\/13\/aston-villa-everton-00\/","name":"Aston Villa \u2013 Everton 0:0 - Official Czech &amp; Slovak Everton Supporters&#039; Club","isPartOf":{"@id":"https:\/\/evertonfc.cz\/#website"},"primaryImageOfPage":{"@id":"https:\/\/evertonfc.cz\/index.php\/2021\/05\/13\/aston-villa-everton-00\/#primaryimage"},"image":{"@id":"https:\/\/evertonfc.cz\/index.php\/2021\/05\/13\/aston-villa-everton-00\/#primaryimage"},"thumbnailUrl":"https:\/\/evertonfc.cz\/wp-content\/uploads\/2021\/05\/Calvert-Lewin-against-Aston-Villa-evertonfc.com-13-5-2021.jpg","datePublished":"2021-05-13T20:40:32+00:00","dateModified":"2021-05-13T20:48:01+00:00","breadcrumb":{"@id":"https:\/\/evertonfc.cz\/index.php\/2021\/05\/13\/aston-villa-everton-00\/#breadcrumb"},"inLanguage":"cs","potentialAction":[{"@type":"ReadAction","target":["https:\/\/evertonfc.cz\/index.php\/2021\/05\/13\/aston-villa-everton-00\/"]}]},{"@type":"ImageObject","inLanguage":"cs","@id":"https:\/\/evertonfc.cz\/index.php\/2021\/05\/13\/aston-villa-everton-00\/#primaryimage","url":"https:\/\/evertonfc.cz\/wp-content\/uploads\/2021\/05\/Calvert-Lewin-against-Aston-Villa-evertonfc.com-13-5-2021.jpg","contentUrl":"https:\/\/evertonfc.cz\/wp-content\/uploads\/2021\/05\/Calvert-Lewin-against-Aston-Villa-evertonfc.com-13-5-2021.jpg","width":720,"height":405},{"@type":"BreadcrumbList","@id":"https:\/\/evertonfc.cz\/index.php\/2021\/05\/13\/aston-villa-everton-00\/#breadcrumb","itemListElement":[{"@type":"ListItem","position":1,"name":"Home","item":"https:\/\/evertonfc.cz\/"},{"@type":"ListItem","position":2,"name":"Aston Villa \u2013 Everton 0:0"}]},{"@type":"WebSite","@id":"https:\/\/evertonfc.cz\/#website","url":"https:\/\/evertonfc.cz\/","name":"Official Czech &amp; Slovak Everton Supporters&#039; Club","description":"","publisher":{"@id":"https:\/\/evertonfc.cz\/#organization"},"potentialAction":[{"@type":"SearchAction","target":{"@type":"EntryPoint","urlTemplate":"https:\/\/evertonfc.cz\/?s={search_term_string}"},"query-input":{"@type":"PropertyValueSpecification","valueRequired":true,"valueName":"search_term_string"}}],"inLanguage":"cs"},{"@type":"Organization","@id":"https:\/\/evertonfc.cz\/#organization","name":"Official Czech & Slovak Everton Supporters' Club","url":"https:\/\/evertonfc.cz\/","logo":{"@type":"ImageObject","inLanguage":"cs","@id":"https:\/\/evertonfc.cz\/#\/schema\/logo\/image\/","url":"https:\/\/evertonfc.cz\/wp-content\/uploads\/2019\/05\/logo.png","contentUrl":"https:\/\/evertonfc.cz\/wp-content\/uploads\/2019\/05\/logo.png","width":112,"height":112,"caption":"Official Czech & Slovak Everton Supporters' Club"},"image":{"@id":"https:\/\/evertonfc.cz\/#\/schema\/logo\/image\/"},"sameAs":["https:\/\/www.facebook.com\/everton.fans.cz.sk"]},{"@type":"Person","@id":"https:\/\/evertonfc.cz\/#\/schema\/person\/d4493b8cbea51532597fbc4685698916","name":"BlueBlooded","url":"https:\/\/evertonfc.cz\/index.php\/author\/admin\/"}]}},"_links":{"self":[{"href":"https:\/\/evertonfc.cz\/index.php\/wp-json\/wp\/v2\/posts\/15333"}],"collection":[{"href":"https:\/\/evertonfc.cz\/index.php\/wp-json\/wp\/v2\/posts"}],"about":[{"href":"https:\/\/evertonfc.cz\/index.php\/wp-json\/wp\/v2\/types\/post"}],"author":[{"embeddable":true,"href":"https:\/\/evertonfc.cz\/index.php\/wp-json\/wp\/v2\/users\/1"}],"replies":[{"embeddable":true,"href":"https:\/\/evertonfc.cz\/index.php\/wp-json\/wp\/v2\/comments?post=15333"}],"version-history":[{"count":4,"href":"https:\/\/evertonfc.cz\/index.php\/wp-json\/wp\/v2\/posts\/15333\/revisions"}],"predecessor-version":[{"id":15339,"href":"https:\/\/evertonfc.cz\/index.php\/wp-json\/wp\/v2\/posts\/15333\/revisions\/15339"}],"wp:featuredmedia":[{"embeddable":true,"href":"https:\/\/evertonfc.cz\/index.php\/wp-json\/wp\/v2\/media\/15335"}],"wp:attachment":[{"href":"https:\/\/evertonfc.cz\/index.php\/wp-json\/wp\/v2\/media?parent=15333"}],"wp:term":[{"taxonomy":"category","embeddable":true,"href":"https:\/\/evertonfc.cz\/index.php\/wp-json\/wp\/v2\/categories?post=15333"},{"taxonomy":"post_tag","embeddable":true,"href":"https:\/\/evertonfc.cz\/index.php\/wp-json\/wp\/v2\/tags?post=15333"}],"curies":[{"name":"wp","href":"https:\/\/api.w.org\/{rel}","templated":true}]}}