{"id":15343,"date":"2021-05-15T16:26:07","date_gmt":"2021-05-15T14:26:07","guid":{"rendered":"https:\/\/evertonfc.cz\/?p=15343"},"modified":"2021-05-21T21:46:53","modified_gmt":"2021-05-21T19:46:53","slug":"fans-forum-zbiera-podnety-na-esl","status":"publish","type":"post","link":"https:\/\/evertonfc.cz\/index.php\/2021\/05\/15\/fans-forum-zbiera-podnety-na-esl\/","title":{"rendered":"Fans Forum zbiera podnety na ESL"},"content":{"rendered":"<h4>V stredu 12. m\u00e1ja sa n\u00e1\u0161 \u010cesk\u00fd a\u00a0slovensk\u00fd klub podporovate\u013eov z\u00fa\u010dastnil online diskusie ofici\u00e1lneho f\u00f3ra fan\u00fa\u0161ikov Evertonu na zber podnetov oh\u013eadom Super League.<\/h4>\n<p>Ako ste mohli postrehn\u00fa\u0165 v\u00a0anglick\u00fdch m\u00e9di\u00e1ch, ned\u00e1vna snaha \u0161iestich klubov Premier League odtrhn\u00fa\u0165 sa a vytvori\u0165 Eur\u00f3psku Super Ligu viedol k tomu, \u017ee vl\u00e1da Ve\u013ekej Brit\u00e1nie ur\u00fdchlila pl\u00e1novan\u00fa kontrolu ostrovn\u00e9ho futbalu fan\u00fa\u0161ikmi. Po diskusii medzi f\u00f3rom fan\u00fa\u0161ikov Evertonu a\u00a0samotn\u00fdm klubom informovala Denise Barrett-Baxendale \u2013 gener\u00e1lna riadite\u013eka EFC \u2013 prostredn\u00edctvom emailu o z\u00e1v\u00e4zku zabezpe\u010di\u0165 pre Evertonians vypo\u010dutie ich n\u00e1zorov oh\u013eadom tejto rozporuplnej t\u00e9my.<\/p>\n<p>Denise po\u017eadovala, aby ak\u00e9ko\u013evek siln\u00e9 n\u00e1zory alebo n\u00e1pady posielali fan\u00fa\u0161ikovia e-mailom na f\u00f3rum. To vy\u00fastilo vo v\u00fdznamn\u00fa odozvu. Do minul\u00e9ho t\u00fd\u017ed\u0148a klub obdr\u017eal stovky odpoved\u00ed t\u00fdkaj\u00facich sa cel\u00e9ho radu probl\u00e9mov. Vr\u00e1tane reakcie klubu na Super League, \u010fal\u0161\u00edch krokov, ktor\u00e9 by pr\u00edslu\u0161n\u00e9 org\u00e1ny mohli zv\u00e1\u017ei\u0165, vlastn\u00edckych modelov, reformy eur\u00f3pskych s\u00fa\u0165a\u017e\u00ed a zast\u00fapenia fan\u00fa\u0161ikov.<\/p>\n<p>O zhrnutie t\u00fdchto zisten\u00ed sa Fans Forum s klubom podelilo na spolo\u010dnom stretnut\u00ed 29. apr\u00edla 2021. Dohodli sa na zv\u00fd\u0161en\u00ed sp\u00e4tnej v\u00e4zby, ktor\u00e1 sa predlo\u017e\u00ed sp\u00e4\u0165 klubu. Jednou z f\u00e1z tohto procesu bolo aj zvolanie s\u00e9rie workshopov s r\u00f4znymi sekciami fan\u00fa\u0161ikovskej z\u00e1kladne. To zah\u0155\u0148alo aj online stretnutie s eur\u00f3pskymi fanklubmi a ich predstavite\u013emi. Za ten n\u00e1\u0161 som sa z\u00fa\u010dastnil ja, ako predseda.<\/p>\n<h4><strong>Ciele online stretnutia:<\/strong><\/h4>\n<ul>\n<li>Poskytnutie a zhrnutie doteraj\u0161ej sp\u00e4tnej v\u00e4zby.<\/li>\n<li>Vytvorenie diskusie a sp\u00e4tnej v\u00e4zbu o tom, ako najlep\u0161ie z\u00edska\u0165 \u010fal\u0161ie poznatky v k\u013e\u00fa\u010dov\u00fdch oblastiach okolo riadenia futbalu, regul\u00e1cie, zapojenia fan\u00fa\u0161ikov a \u0161ir\u0161ieho stavu futbalu.<\/li>\n<li>Poskytnutie preh\u013eadu \u010dasovej osi konzult\u00e1cie a \u010fal\u0161\u00edch krokov.<\/li>\n<\/ul>\n<p>Pom\u00f4\u017ee to utv\u00e1ra\u0165 s\u00e9riu prieskumov, ktor\u00e9 bude Everton distribuova\u0165 \u0161ir\u0161ej fan\u00fa\u0161ikovskej z\u00e1kladni, pos\u00fadi\u0165 c\u00edtenie fan\u00fa\u0161ikov a zabezpe\u010di\u0165, aby klub z\u00edskal \u00fapln\u00fd a pravdiv\u00fd obraz my\u0161lienok a v\u00f4le v\u0161etk\u00fdch Evertonians v k\u013e\u00fa\u010dov\u00fdch z\u00e1le\u017eitostiach t\u00fdkaj\u00facich sa bud\u00facnosti futbalu. Tieto inform\u00e1cie pom\u00f4\u017eu a podporia klub pri spom\u00ednan\u00fdch vl\u00e1dnych kontrol\u00e1ch, ktor\u00e9 bud\u00fa nasledova\u0165.<\/p>\n<p>Za \u010cesk\u00fd a slovensk\u00fd klub podporovate\u013eov som odprezentoval nasledovn\u00e9 n\u00e1zory. Boli utv\u00e1ran\u00e9 aj z poznatkov v diskusi\u00e1ch na na\u0161om webe, tie\u017e zo s\u00fakromnej komunik\u00e1cie z u\u017e\u0161\u00edm jadrom fanklubu, ktor\u00e9 sa pozn\u00e1 osobne.<\/p>\n<h4><strong>Odozva na reakciu klubu<\/strong><\/h4>\n<p><em>Klub \u010desk\u00fdch a slovensk\u00fdch podporovate\u013eov je nesmierne hrd\u00fd na Everton za reakciu na ot\u00e1zku Eur\u00f3pskej Super Ligy. I\u0161lo o siln\u00fd a hlasn\u00fd odkaz pre cel\u00fd svet, ako sme zhodnotili, nako\u013eko o tom informovala dokonca aj tla\u010d v na\u0161ich krajin\u00e1ch, zatia\u013e \u010do hlas ostatn\u00fdch z\u00fa\u010dastnen\u00fdch v anglick\u00fdch m\u00e9di\u00e1ch bol sotva pov\u0161imnute\u013en\u00fd.<\/em><\/p>\n<h4><strong>O\u00a0treste pre z\u00fa\u010dastnen\u00e9 kluby<\/strong><\/h4>\n<p><em>D\u00f4razne ho odpor\u00fa\u010dame. Ale pod\u013ea n\u00e1\u0161ho n\u00e1zoru by sa mal uplat\u0148ova\u0165 iba na najvy\u0161\u0161iu \u00farove\u0148 riadenia \/ majite\u013eov klubov, aby sa ochr\u00e1nili priaznivci dotknut\u00fdch klubov a samozrejme hr\u00e1\u010di s ich kr\u00e1tkou kari\u00e9rou. T\u00ed nemali absol\u00fatne \u017eiadny vplyv na rozhodnutie vst\u00fapi\u0165 do Eur\u00f3pskej Super Ligy. Dokonca ve\u013ek\u00e1 v\u00e4\u010d\u0161ina z nich sa r\u00e1zne postavila proti celej my\u0161lienke. Nemusia trpie\u0165 v d\u00f4sledku nezodpovedn\u00fdch krokov \u013eud\u00ed pri moci. Bolo by ve\u013emi tvrd\u00e9 a nespravodliv\u00e9 ods\u00fadi\u0165 ich napr\u00edklad na zostup, \u010di in\u00e9 v\u00e1\u017ene potrestanie.<\/em><\/p>\n<h4><strong>O\u00a0nasledovn\u00fdch krokoch na ochranu futbalovej pyram\u00eddy<\/strong><\/h4>\n<p><em>Do bud\u00facnosti odpor\u00fa\u010dame pozrie\u0165 sa na cestu vyrovnania konkurencie. Sme si ve\u013emi dobre vedom\u00ed, \u017ee vo futbale bohatstvo znamen\u00e1 \u00faspech. A takzvan\u00e9 super kluby len nah\u00e1\u0148aj\u00fa peniaze na zaplatenie svojich dlhov. Bohat\u00ed nemusia by\u0165 e\u0161te bohat\u0161\u00ed a chudobn\u00ed e\u0161te chudobnej\u0161\u00ed. Po celom svete m\u00e1me ve\u013ea skvel\u00fdch pr\u00edkladov. Ve\u013emi potrebn\u00e9 platov\u00e9 stropy, pr\u00edsne pravidl\u00e1 vyv\u00e1\u017eenia z\u00e1robkov a v\u00fddavkov, nov\u00e9 pr\u00edsne a konkr\u00e9tne vlastn\u00edcke kompetencie, silnej\u0161ia finan\u010dn\u00e1 fair play, povinn\u00e9 zast\u00fapenie fan\u00fa\u0161ikov na \u010dele klubov s mo\u017enos\u0165ou vetova\u0165 rozhodnutia. Aby sme sa neust\u00e1le nemuseli b\u00e1\u0165, \u017ee by dedi\u010dstvo na\u0161ich klubov zaniklo, zad\u013a\u017eilo sa, alebo premenilo na chodiace reklamy, pr\u00e1\u010dovne pe\u0148az\u00ed, \u010di \u013eahk\u00e9 v\u00fdnosy na akciovom trhu.<\/em><\/p>\n<h4 style=\"text-align: center;\"><span style=\"font-size: 18pt;\"><strong>&#8230;<\/strong><\/span><\/h4>\n<p>Skromne d\u00fafam, \u017ee sa s nimi zhoduje v\u00e4\u010d\u0161ina na\u0161ich \u010dlenov, a aj (zatia\u013e) ne\u010dlenov. Naozaj nebol \u010das zorganizova\u0165 na na\u0161ich str\u00e1nkach patri\u010dn\u00fd prieskum verejnej mienky. Ak m\u00e1 niekto \u010fal\u0161ie n\u00e1zory k tejto t\u00e9me, chcel by nie\u010do vytkn\u00fa\u0165 v n\u00e1zoroch prezentovan\u00fdch v na\u0161om mene, pros\u00edm nech sa vyjadr\u00ed v koment\u00e1roch pod t\u00fdmto \u010dl\u00e1nkom. O \u010fal\u0161om dian\u00ed v tejto t\u00e9me v\u00e1s budeme informova\u0165.<\/p>\n","protected":false},"excerpt":{"rendered":"<p>V stredu 12. m\u00e1ja sa n\u00e1\u0161 \u010cesk\u00fd a\u00a0slovensk\u00fd klub podporovate\u013eov z\u00fa\u010dastnil online diskusie ofici\u00e1lneho f\u00f3ra fan\u00fa\u0161ikov Evertonu na zber podnetov oh\u013eadom Super League.<\/p>\n","protected":false},"author":1,"featured_media":9514,"comment_status":"open","ping_status":"closed","sticky":false,"template":"","format":"standard","meta":{"_eb_attr":"","_monsterinsights_skip_tracking":false,"_monsterinsights_sitenote_active":false,"_monsterinsights_sitenote_note":"","_monsterinsights_sitenote_category":0,"footnotes":""},"categories":[85],"tags":[],"yoast_head":"<!-- This site is optimized with the Yoast SEO plugin v23.4 - https:\/\/yoast.com\/wordpress\/plugins\/seo\/ -->\n<title>Fans Forum zbiera podnety na ESL - Official Czech &amp; Slovak Everton Supporters&#039; Club<\/title>\n<meta name=\"robots\" content=\"index, follow, max-snippet:-1, max-image-preview:large, max-video-preview:-1\" \/>\n<link rel=\"canonical\" href=\"https:\/\/evertonfc.cz\/index.php\/2021\/05\/15\/fans-forum-zbiera-podnety-na-esl\/\" \/>\n<meta property=\"og:locale\" content=\"cs_CZ\" \/>\n<meta property=\"og:type\" content=\"article\" \/>\n<meta property=\"og:title\" content=\"Fans Forum zbiera podnety na ESL - Official Czech &amp; Slovak Everton Supporters&#039; Club\" \/>\n<meta property=\"og:description\" content=\"V stredu 12. m\u00e1ja sa n\u00e1\u0161 \u010cesk\u00fd a\u00a0slovensk\u00fd klub podporovate\u013eov z\u00fa\u010dastnil online diskusie ofici\u00e1lneho f\u00f3ra fan\u00fa\u0161ikov Evertonu na zber podnetov oh\u013eadom Super League.\" \/>\n<meta property=\"og:url\" content=\"https:\/\/evertonfc.cz\/index.php\/2021\/05\/15\/fans-forum-zbiera-podnety-na-esl\/\" \/>\n<meta property=\"og:site_name\" content=\"Official Czech &amp; Slovak Everton Supporters&#039; Club\" \/>\n<meta property=\"article:publisher\" content=\"https:\/\/www.facebook.com\/everton.fans.cz.sk\" \/>\n<meta property=\"article:published_time\" content=\"2021-05-15T14:26:07+00:00\" \/>\n<meta property=\"article:modified_time\" content=\"2021-05-21T19:46:53+00:00\" \/>\n<meta property=\"og:image\" content=\"https:\/\/evertonfc.cz\/wp-content\/uploads\/2019\/10\/everton-v-west-ham-19-10-1.jpg\" \/>\n\t<meta property=\"og:image:width\" content=\"720\" \/>\n\t<meta property=\"og:image:height\" content=\"405\" \/>\n\t<meta property=\"og:image:type\" content=\"image\/jpeg\" \/>\n<meta name=\"author\" content=\"BlueBlooded\" \/>\n<meta name=\"twitter:card\" content=\"summary_large_image\" \/>\n<meta name=\"twitter:label1\" content=\"Napsal(a)\" \/>\n\t<meta name=\"twitter:data1\" content=\"BlueBlooded\" \/>\n\t<meta name=\"twitter:label2\" content=\"Odhadovan\u00e1 doba \u010dten\u00ed\" \/>\n\t<meta name=\"twitter:data2\" content=\"3 minuty\" \/>\n<script type=\"application\/ld+json\" class=\"yoast-schema-graph\">{\"@context\":\"https:\/\/schema.org\",\"@graph\":[{\"@type\":\"Article\",\"@id\":\"https:\/\/evertonfc.cz\/index.php\/2021\/05\/15\/fans-forum-zbiera-podnety-na-esl\/#article\",\"isPartOf\":{\"@id\":\"https:\/\/evertonfc.cz\/index.php\/2021\/05\/15\/fans-forum-zbiera-podnety-na-esl\/\"},\"author\":{\"name\":\"BlueBlooded\",\"@id\":\"https:\/\/evertonfc.cz\/#\/schema\/person\/d4493b8cbea51532597fbc4685698916\"},\"headline\":\"Fans Forum zbiera podnety na ESL\",\"datePublished\":\"2021-05-15T14:26:07+00:00\",\"dateModified\":\"2021-05-21T19:46:53+00:00\",\"mainEntityOfPage\":{\"@id\":\"https:\/\/evertonfc.cz\/index.php\/2021\/05\/15\/fans-forum-zbiera-podnety-na-esl\/\"},\"wordCount\":860,\"commentCount\":4,\"publisher\":{\"@id\":\"https:\/\/evertonfc.cz\/#organization\"},\"image\":{\"@id\":\"https:\/\/evertonfc.cz\/index.php\/2021\/05\/15\/fans-forum-zbiera-podnety-na-esl\/#primaryimage\"},\"thumbnailUrl\":\"https:\/\/evertonfc.cz\/wp-content\/uploads\/2019\/10\/everton-v-west-ham-19-10-1.jpg\",\"articleSection\":[\"Supporters' Club\"],\"inLanguage\":\"cs\",\"potentialAction\":[{\"@type\":\"CommentAction\",\"name\":\"Comment\",\"target\":[\"https:\/\/evertonfc.cz\/index.php\/2021\/05\/15\/fans-forum-zbiera-podnety-na-esl\/#respond\"]}]},{\"@type\":\"WebPage\",\"@id\":\"https:\/\/evertonfc.cz\/index.php\/2021\/05\/15\/fans-forum-zbiera-podnety-na-esl\/\",\"url\":\"https:\/\/evertonfc.cz\/index.php\/2021\/05\/15\/fans-forum-zbiera-podnety-na-esl\/\",\"name\":\"Fans Forum zbiera podnety na ESL - Official Czech &amp; Slovak Everton Supporters&#039; Club\",\"isPartOf\":{\"@id\":\"https:\/\/evertonfc.cz\/#website\"},\"primaryImageOfPage\":{\"@id\":\"https:\/\/evertonfc.cz\/index.php\/2021\/05\/15\/fans-forum-zbiera-podnety-na-esl\/#primaryimage\"},\"image\":{\"@id\":\"https:\/\/evertonfc.cz\/index.php\/2021\/05\/15\/fans-forum-zbiera-podnety-na-esl\/#primaryimage\"},\"thumbnailUrl\":\"https:\/\/evertonfc.cz\/wp-content\/uploads\/2019\/10\/everton-v-west-ham-19-10-1.jpg\",\"datePublished\":\"2021-05-15T14:26:07+00:00\",\"dateModified\":\"2021-05-21T19:46:53+00:00\",\"breadcrumb\":{\"@id\":\"https:\/\/evertonfc.cz\/index.php\/2021\/05\/15\/fans-forum-zbiera-podnety-na-esl\/#breadcrumb\"},\"inLanguage\":\"cs\",\"potentialAction\":[{\"@type\":\"ReadAction\",\"target\":[\"https:\/\/evertonfc.cz\/index.php\/2021\/05\/15\/fans-forum-zbiera-podnety-na-esl\/\"]}]},{\"@type\":\"ImageObject\",\"inLanguage\":\"cs\",\"@id\":\"https:\/\/evertonfc.cz\/index.php\/2021\/05\/15\/fans-forum-zbiera-podnety-na-esl\/#primaryimage\",\"url\":\"https:\/\/evertonfc.cz\/wp-content\/uploads\/2019\/10\/everton-v-west-ham-19-10-1.jpg\",\"contentUrl\":\"https:\/\/evertonfc.cz\/wp-content\/uploads\/2019\/10\/everton-v-west-ham-19-10-1.jpg\",\"width\":720,\"height\":405},{\"@type\":\"BreadcrumbList\",\"@id\":\"https:\/\/evertonfc.cz\/index.php\/2021\/05\/15\/fans-forum-zbiera-podnety-na-esl\/#breadcrumb\",\"itemListElement\":[{\"@type\":\"ListItem\",\"position\":1,\"name\":\"Home\",\"item\":\"https:\/\/evertonfc.cz\/\"},{\"@type\":\"ListItem\",\"position\":2,\"name\":\"Fans Forum zbiera podnety na ESL\"}]},{\"@type\":\"WebSite\",\"@id\":\"https:\/\/evertonfc.cz\/#website\",\"url\":\"https:\/\/evertonfc.cz\/\",\"name\":\"Official Czech &amp; Slovak Everton Supporters&#039; Club\",\"description\":\"\",\"publisher\":{\"@id\":\"https:\/\/evertonfc.cz\/#organization\"},\"potentialAction\":[{\"@type\":\"SearchAction\",\"target\":{\"@type\":\"EntryPoint\",\"urlTemplate\":\"https:\/\/evertonfc.cz\/?s={search_term_string}\"},\"query-input\":{\"@type\":\"PropertyValueSpecification\",\"valueRequired\":true,\"valueName\":\"search_term_string\"}}],\"inLanguage\":\"cs\"},{\"@type\":\"Organization\",\"@id\":\"https:\/\/evertonfc.cz\/#organization\",\"name\":\"Official Czech & Slovak Everton Supporters' Club\",\"url\":\"https:\/\/evertonfc.cz\/\",\"logo\":{\"@type\":\"ImageObject\",\"inLanguage\":\"cs\",\"@id\":\"https:\/\/evertonfc.cz\/#\/schema\/logo\/image\/\",\"url\":\"https:\/\/evertonfc.cz\/wp-content\/uploads\/2019\/05\/logo.png\",\"contentUrl\":\"https:\/\/evertonfc.cz\/wp-content\/uploads\/2019\/05\/logo.png\",\"width\":112,\"height\":112,\"caption\":\"Official Czech & Slovak Everton Supporters' Club\"},\"image\":{\"@id\":\"https:\/\/evertonfc.cz\/#\/schema\/logo\/image\/\"},\"sameAs\":[\"https:\/\/www.facebook.com\/everton.fans.cz.sk\"]},{\"@type\":\"Person\",\"@id\":\"https:\/\/evertonfc.cz\/#\/schema\/person\/d4493b8cbea51532597fbc4685698916\",\"name\":\"BlueBlooded\",\"url\":\"https:\/\/evertonfc.cz\/index.php\/author\/admin\/\"}]}<\/script>\n<!-- \/ Yoast SEO plugin. -->","yoast_head_json":{"title":"Fans Forum zbiera podnety na ESL - Official Czech &amp; Slovak Everton Supporters&#039; Club","robots":{"index":"index","follow":"follow","max-snippet":"max-snippet:-1","max-image-preview":"max-image-preview:large","max-video-preview":"max-video-preview:-1"},"canonical":"https:\/\/evertonfc.cz\/index.php\/2021\/05\/15\/fans-forum-zbiera-podnety-na-esl\/","og_locale":"cs_CZ","og_type":"article","og_title":"Fans Forum zbiera podnety na ESL - Official Czech &amp; Slovak Everton Supporters&#039; Club","og_description":"V stredu 12. m\u00e1ja sa n\u00e1\u0161 \u010cesk\u00fd a\u00a0slovensk\u00fd klub podporovate\u013eov z\u00fa\u010dastnil online diskusie ofici\u00e1lneho f\u00f3ra fan\u00fa\u0161ikov Evertonu na zber podnetov oh\u013eadom Super League.","og_url":"https:\/\/evertonfc.cz\/index.php\/2021\/05\/15\/fans-forum-zbiera-podnety-na-esl\/","og_site_name":"Official Czech &amp; Slovak Everton Supporters&#039; Club","article_publisher":"https:\/\/www.facebook.com\/everton.fans.cz.sk","article_published_time":"2021-05-15T14:26:07+00:00","article_modified_time":"2021-05-21T19:46:53+00:00","og_image":[{"width":720,"height":405,"url":"https:\/\/evertonfc.cz\/wp-content\/uploads\/2019\/10\/everton-v-west-ham-19-10-1.jpg","type":"image\/jpeg"}],"author":"BlueBlooded","twitter_card":"summary_large_image","twitter_misc":{"Napsal(a)":"BlueBlooded","Odhadovan\u00e1 doba \u010dten\u00ed":"3 minuty"},"schema":{"@context":"https:\/\/schema.org","@graph":[{"@type":"Article","@id":"https:\/\/evertonfc.cz\/index.php\/2021\/05\/15\/fans-forum-zbiera-podnety-na-esl\/#article","isPartOf":{"@id":"https:\/\/evertonfc.cz\/index.php\/2021\/05\/15\/fans-forum-zbiera-podnety-na-esl\/"},"author":{"name":"BlueBlooded","@id":"https:\/\/evertonfc.cz\/#\/schema\/person\/d4493b8cbea51532597fbc4685698916"},"headline":"Fans Forum zbiera podnety na ESL","datePublished":"2021-05-15T14:26:07+00:00","dateModified":"2021-05-21T19:46:53+00:00","mainEntityOfPage":{"@id":"https:\/\/evertonfc.cz\/index.php\/2021\/05\/15\/fans-forum-zbiera-podnety-na-esl\/"},"wordCount":860,"commentCount":4,"publisher":{"@id":"https:\/\/evertonfc.cz\/#organization"},"image":{"@id":"https:\/\/evertonfc.cz\/index.php\/2021\/05\/15\/fans-forum-zbiera-podnety-na-esl\/#primaryimage"},"thumbnailUrl":"https:\/\/evertonfc.cz\/wp-content\/uploads\/2019\/10\/everton-v-west-ham-19-10-1.jpg","articleSection":["Supporters' Club"],"inLanguage":"cs","potentialAction":[{"@type":"CommentAction","name":"Comment","target":["https:\/\/evertonfc.cz\/index.php\/2021\/05\/15\/fans-forum-zbiera-podnety-na-esl\/#respond"]}]},{"@type":"WebPage","@id":"https:\/\/evertonfc.cz\/index.php\/2021\/05\/15\/fans-forum-zbiera-podnety-na-esl\/","url":"https:\/\/evertonfc.cz\/index.php\/2021\/05\/15\/fans-forum-zbiera-podnety-na-esl\/","name":"Fans Forum zbiera podnety na ESL - Official Czech &amp; Slovak Everton Supporters&#039; Club","isPartOf":{"@id":"https:\/\/evertonfc.cz\/#website"},"primaryImageOfPage":{"@id":"https:\/\/evertonfc.cz\/index.php\/2021\/05\/15\/fans-forum-zbiera-podnety-na-esl\/#primaryimage"},"image":{"@id":"https:\/\/evertonfc.cz\/index.php\/2021\/05\/15\/fans-forum-zbiera-podnety-na-esl\/#primaryimage"},"thumbnailUrl":"https:\/\/evertonfc.cz\/wp-content\/uploads\/2019\/10\/everton-v-west-ham-19-10-1.jpg","datePublished":"2021-05-15T14:26:07+00:00","dateModified":"2021-05-21T19:46:53+00:00","breadcrumb":{"@id":"https:\/\/evertonfc.cz\/index.php\/2021\/05\/15\/fans-forum-zbiera-podnety-na-esl\/#breadcrumb"},"inLanguage":"cs","potentialAction":[{"@type":"ReadAction","target":["https:\/\/evertonfc.cz\/index.php\/2021\/05\/15\/fans-forum-zbiera-podnety-na-esl\/"]}]},{"@type":"ImageObject","inLanguage":"cs","@id":"https:\/\/evertonfc.cz\/index.php\/2021\/05\/15\/fans-forum-zbiera-podnety-na-esl\/#primaryimage","url":"https:\/\/evertonfc.cz\/wp-content\/uploads\/2019\/10\/everton-v-west-ham-19-10-1.jpg","contentUrl":"https:\/\/evertonfc.cz\/wp-content\/uploads\/2019\/10\/everton-v-west-ham-19-10-1.jpg","width":720,"height":405},{"@type":"BreadcrumbList","@id":"https:\/\/evertonfc.cz\/index.php\/2021\/05\/15\/fans-forum-zbiera-podnety-na-esl\/#breadcrumb","itemListElement":[{"@type":"ListItem","position":1,"name":"Home","item":"https:\/\/evertonfc.cz\/"},{"@type":"ListItem","position":2,"name":"Fans Forum zbiera podnety na ESL"}]},{"@type":"WebSite","@id":"https:\/\/evertonfc.cz\/#website","url":"https:\/\/evertonfc.cz\/","name":"Official Czech &amp; Slovak Everton Supporters&#039; Club","description":"","publisher":{"@id":"https:\/\/evertonfc.cz\/#organization"},"potentialAction":[{"@type":"SearchAction","target":{"@type":"EntryPoint","urlTemplate":"https:\/\/evertonfc.cz\/?s={search_term_string}"},"query-input":{"@type":"PropertyValueSpecification","valueRequired":true,"valueName":"search_term_string"}}],"inLanguage":"cs"},{"@type":"Organization","@id":"https:\/\/evertonfc.cz\/#organization","name":"Official Czech & Slovak Everton Supporters' Club","url":"https:\/\/evertonfc.cz\/","logo":{"@type":"ImageObject","inLanguage":"cs","@id":"https:\/\/evertonfc.cz\/#\/schema\/logo\/image\/","url":"https:\/\/evertonfc.cz\/wp-content\/uploads\/2019\/05\/logo.png","contentUrl":"https:\/\/evertonfc.cz\/wp-content\/uploads\/2019\/05\/logo.png","width":112,"height":112,"caption":"Official Czech & Slovak Everton Supporters' Club"},"image":{"@id":"https:\/\/evertonfc.cz\/#\/schema\/logo\/image\/"},"sameAs":["https:\/\/www.facebook.com\/everton.fans.cz.sk"]},{"@type":"Person","@id":"https:\/\/evertonfc.cz\/#\/schema\/person\/d4493b8cbea51532597fbc4685698916","name":"BlueBlooded","url":"https:\/\/evertonfc.cz\/index.php\/author\/admin\/"}]}},"_links":{"self":[{"href":"https:\/\/evertonfc.cz\/index.php\/wp-json\/wp\/v2\/posts\/15343"}],"collection":[{"href":"https:\/\/evertonfc.cz\/index.php\/wp-json\/wp\/v2\/posts"}],"about":[{"href":"https:\/\/evertonfc.cz\/index.php\/wp-json\/wp\/v2\/types\/post"}],"author":[{"embeddable":true,"href":"https:\/\/evertonfc.cz\/index.php\/wp-json\/wp\/v2\/users\/1"}],"replies":[{"embeddable":true,"href":"https:\/\/evertonfc.cz\/index.php\/wp-json\/wp\/v2\/comments?post=15343"}],"version-history":[{"count":5,"href":"https:\/\/evertonfc.cz\/index.php\/wp-json\/wp\/v2\/posts\/15343\/revisions"}],"predecessor-version":[{"id":15348,"href":"https:\/\/evertonfc.cz\/index.php\/wp-json\/wp\/v2\/posts\/15343\/revisions\/15348"}],"wp:featuredmedia":[{"embeddable":true,"href":"https:\/\/evertonfc.cz\/index.php\/wp-json\/wp\/v2\/media\/9514"}],"wp:attachment":[{"href":"https:\/\/evertonfc.cz\/index.php\/wp-json\/wp\/v2\/media?parent=15343"}],"wp:term":[{"taxonomy":"category","embeddable":true,"href":"https:\/\/evertonfc.cz\/index.php\/wp-json\/wp\/v2\/categories?post=15343"},{"taxonomy":"post_tag","embeddable":true,"href":"https:\/\/evertonfc.cz\/index.php\/wp-json\/wp\/v2\/tags?post=15343"}],"curies":[{"name":"wp","href":"https:\/\/api.w.org\/{rel}","templated":true}]}}