{"id":15350,"date":"2021-05-16T12:08:57","date_gmt":"2021-05-16T10:08:57","guid":{"rendered":"https:\/\/evertonfc.cz\/?p=15350"},"modified":"2021-05-16T22:04:26","modified_gmt":"2021-05-16T20:04:26","slug":"preview-everton-sheffield-united-3","status":"publish","type":"post","link":"https:\/\/evertonfc.cz\/index.php\/2021\/05\/16\/preview-everton-sheffield-united-3\/","title":{"rendered":"Preview: Everton &#8211; Sheffield United"},"content":{"rendered":"<h4>Rozkaz mana\u017eera Ancelottiho zn\u00ed jasn\u011b: t\u0159i v\u00fdhry. Ale zn\u00e1te tu o velk\u00e9m favoritovi, kter\u00fd si doma hraje na J\u00e1no\u0161\u00edka, \u017ee?<\/h4>\n<p>Premier League skon\u010d\u00ed p\u0159\u00ed\u0161t\u00ed t\u00fdden a je t\u0159eba odehr\u00e1t je\u0161t\u011b t\u0159i kola. Everton je st\u00e1le je\u0161t\u011b ve h\u0159e o evropsk\u00e9 poh\u00e1ry (dnes v\u0161ichni Evertonians fand\u00ed Wolverhamptonu) a v posledn\u00edm dne\u0161n\u00edm z\u00e1pase p\u0159iv\u00edt\u00e1 na Goodison Parku Sheffield United, kter\u00fd je u\u017e jist\u00fdm sestupuj\u00edc\u00edm a t\u00e9m\u011b\u0159 ur\u010dit\u011b i posledn\u00ed z\u016fstane. Jen\u017ee zat\u00edmco v tabulce z\u00e1pas\u016f venku je Everton \u010dtvrt\u00fd, tak v z\u00e1pasech doma je a\u017e patn\u00e1ct\u00fd. T\u00fdmy, kter\u00e9 jsou v utk\u00e1n\u00edch venku lep\u0161\u00ed? Oba Manchestery a Leicester &#8211; prvn\u00ed trojka zat\u00edmn\u00edho celkov\u00e9ho po\u0159ad\u00ed. A Everton m\u00e1 je\u0161t\u011b dva z\u00e1pasy doma&#8230;<\/p>\n<p>Nicm\u00e9n\u011b pozice velk\u00e9ho favorita dnes ve\u010der se ned\u00e1 oddiskutovat. Blades ji\u017e b\u011bhem sez\u00f3ny nep\u0159ekvapiv\u011b vyhodili mana\u017eera Chrise Wildera a sez\u00f3nu dokon\u010duje z pozice toho do\u010dasn\u00e9ho Paul Heckingbottom. Sheffieldu United se neda\u0159\u00ed ani nyn\u00ed, \u010destnou v\u00fdjimkou byla v\u00fdhra nad Brightonem, ale jinak jejich starosti dob\u0159e charakterizuje sk\u00f3re &#8211; pouze 18 vst\u0159elen\u00fdch branek v 35 z\u00e1pasech &#8211; a 17 bod\u016f. Historicky jde o jeden z v\u00fdznamn\u011bj\u0161\u00edch klub\u016f, dokonce jako jeden ze \u010dty\u0159 vyhr\u00e1l aspo\u0148 jednou v\u0161echny \u010dty\u0159i nejvy\u0161\u0161\u00ed sout\u011b\u017ee. A na Bramall Lane, kde hraj\u00ed Blades dodnes, se hr\u00e1l prvn\u00ed z\u00e1pas v roce 1862!<\/p>\n<p>Za Sheffield United hraj\u00ed i dva b\u00fdval\u00ed hr\u00e1\u010di Evertonu. Ob\u011bma po sez\u00f3n\u011b kon\u010d\u00ed smlouva. A zat\u00edmco ukon\u010den\u00ed kari\u00e9ry by u Phila Jagielky ve v\u011bku 38 rok\u016f nebylo p\u0159ekvapen\u00ed, tak Jack Rodwell pravd\u011bpodobn\u011b podep\u00ed\u0161e jinde. Heckingbottom zat\u00edm trv\u00e1 na tom, \u017ee u t\u00e9to dvojice (stejn\u011b jako u dal\u0161\u00edch t\u0159\u00ed hr\u00e1\u010d\u016f) mus\u00ed o p\u0159\u00edpadn\u00e9 nov\u00e9 smlouv\u011b rozhodnout nov\u00fd mana\u017eer. Ohledn\u011b vyt\u00ed\u017eenosti obou jen dodejme, \u017ee Jagielka je pravideln\u011b nominov\u00e1n aspo\u0148 na lavi\u010dku a sem tam st\u0159\u00edd\u00e1, Rodwell obvykle ani nen\u00ed nominov\u00e1n k z\u00e1pasu.<\/p>\n<p>Kv\u016fli zran\u011bn\u00e9mu stehnu bude dnes chyb\u011bt Berge, Burke si zlomil nohu, tak\u017ee taky nebude a zran\u011bn\u00ed p\u00e1nve nepust\u00ed do z\u00e1pasu Ampada, kter\u00fd v klubu hostuje do konce sez\u00f3ny z Chelsea. Evertonu se ji\u017e uzdravil Rodr\u00edguez, tak\u017ee pokud se nezran\u00ed b\u011bhem rozcvi\u010den\u00ed, tak by m\u011bl hr\u00e1t. Jedin\u00fdmi absent\u00e9ry tak jsou Gbamin a Mina.<\/p>\n<p><strong>Co:\u00a0<\/strong>Everton FC &#8211; Sheffield United FC, 36. kolo Premier League<br \/>\n<strong>Kdy:\u00a0<\/strong>16. 5. 2021 od 20:00<br \/>\n<strong>Kde: <\/strong>Goodison Park, Liverpool<br \/>\n<strong>TV:\u00a0<\/strong>P\u0159\u00edm\u00fd p\u0159enos na stanici Premier Sport<br \/>\n<strong>Rozhod\u010d\u00ed:\u00a0<\/strong>Jonathan Moss &#8211; Marc Perry, Timothy Wood\u00a0<strong>\u010ctvrt\u00fd rozhod\u010d\u00ed:\u00a0<\/strong>Lee Mason<br \/>\n<strong>Videorozhod\u010d\u00ed:\u00a0<\/strong>Simon Hooper\u00a0<strong>Asistent videorozhod\u010d\u00edho:\u00a0<\/strong>Peter Kirkup<\/p>\n","protected":false},"excerpt":{"rendered":"<p>Rozkaz mana\u017eera Ancelottiho zn\u00ed jasn\u011b: t\u0159i v\u00fdhry. Ale zn\u00e1te tu o velk\u00e9m favoritovi, kter\u00fd si doma hraje na J\u00e1no\u0161\u00edka, \u017ee?<\/p>\n","protected":false},"author":12,"featured_media":15349,"comment_status":"open","ping_status":"closed","sticky":false,"template":"","format":"standard","meta":{"_eb_attr":"","_monsterinsights_skip_tracking":false,"_monsterinsights_sitenote_active":false,"_monsterinsights_sitenote_note":"","_monsterinsights_sitenote_category":0,"footnotes":""},"categories":[4],"tags":[],"yoast_head":"<!-- This site is optimized with the Yoast SEO plugin v23.4 - https:\/\/yoast.com\/wordpress\/plugins\/seo\/ -->\n<title>Preview: Everton - Sheffield United - Official Czech &amp; Slovak Everton Supporters&#039; Club<\/title>\n<meta name=\"robots\" content=\"index, follow, max-snippet:-1, max-image-preview:large, max-video-preview:-1\" \/>\n<link rel=\"canonical\" href=\"https:\/\/evertonfc.cz\/index.php\/2021\/05\/16\/preview-everton-sheffield-united-3\/\" \/>\n<meta property=\"og:locale\" content=\"cs_CZ\" \/>\n<meta property=\"og:type\" content=\"article\" \/>\n<meta property=\"og:title\" content=\"Preview: Everton - Sheffield United - Official Czech &amp; Slovak Everton Supporters&#039; Club\" \/>\n<meta property=\"og:description\" content=\"Rozkaz mana\u017eera Ancelottiho zn\u00ed jasn\u011b: t\u0159i v\u00fdhry. Ale zn\u00e1te tu o velk\u00e9m favoritovi, kter\u00fd si doma hraje na J\u00e1no\u0161\u00edka, \u017ee?\" \/>\n<meta property=\"og:url\" content=\"https:\/\/evertonfc.cz\/index.php\/2021\/05\/16\/preview-everton-sheffield-united-3\/\" \/>\n<meta property=\"og:site_name\" content=\"Official Czech &amp; Slovak Everton Supporters&#039; Club\" \/>\n<meta property=\"article:publisher\" content=\"https:\/\/www.facebook.com\/everton.fans.cz.sk\" \/>\n<meta property=\"article:published_time\" content=\"2021-05-16T10:08:57+00:00\" \/>\n<meta property=\"article:modified_time\" content=\"2021-05-16T20:04:26+00:00\" \/>\n<meta property=\"og:image\" content=\"https:\/\/evertonfc.cz\/wp-content\/uploads\/2021\/05\/Everton-VS-Sheffield-United.jpg\" \/>\n\t<meta property=\"og:image:width\" content=\"720\" \/>\n\t<meta property=\"og:image:height\" content=\"405\" \/>\n\t<meta property=\"og:image:type\" content=\"image\/jpeg\" \/>\n<meta name=\"author\" content=\"Javor\" \/>\n<meta name=\"twitter:card\" content=\"summary_large_image\" \/>\n<meta name=\"twitter:creator\" content=\"@LoudinJan\" \/>\n<meta name=\"twitter:label1\" content=\"Napsal(a)\" \/>\n\t<meta name=\"twitter:data1\" content=\"Javor\" \/>\n\t<meta name=\"twitter:label2\" content=\"Odhadovan\u00e1 doba \u010dten\u00ed\" \/>\n\t<meta name=\"twitter:data2\" content=\"2 minuty\" \/>\n<script type=\"application\/ld+json\" class=\"yoast-schema-graph\">{\"@context\":\"https:\/\/schema.org\",\"@graph\":[{\"@type\":\"Article\",\"@id\":\"https:\/\/evertonfc.cz\/index.php\/2021\/05\/16\/preview-everton-sheffield-united-3\/#article\",\"isPartOf\":{\"@id\":\"https:\/\/evertonfc.cz\/index.php\/2021\/05\/16\/preview-everton-sheffield-united-3\/\"},\"author\":{\"name\":\"Javor\",\"@id\":\"https:\/\/evertonfc.cz\/#\/schema\/person\/b30daf6a5852f4811f8207a17ec1bf78\"},\"headline\":\"Preview: Everton &#8211; Sheffield United\",\"datePublished\":\"2021-05-16T10:08:57+00:00\",\"dateModified\":\"2021-05-16T20:04:26+00:00\",\"mainEntityOfPage\":{\"@id\":\"https:\/\/evertonfc.cz\/index.php\/2021\/05\/16\/preview-everton-sheffield-united-3\/\"},\"wordCount\":488,\"commentCount\":17,\"publisher\":{\"@id\":\"https:\/\/evertonfc.cz\/#organization\"},\"image\":{\"@id\":\"https:\/\/evertonfc.cz\/index.php\/2021\/05\/16\/preview-everton-sheffield-united-3\/#primaryimage\"},\"thumbnailUrl\":\"https:\/\/evertonfc.cz\/wp-content\/uploads\/2021\/05\/Everton-VS-Sheffield-United.jpg\",\"articleSection\":[\"Z\u00e1pasy\"],\"inLanguage\":\"cs\",\"potentialAction\":[{\"@type\":\"CommentAction\",\"name\":\"Comment\",\"target\":[\"https:\/\/evertonfc.cz\/index.php\/2021\/05\/16\/preview-everton-sheffield-united-3\/#respond\"]}]},{\"@type\":\"WebPage\",\"@id\":\"https:\/\/evertonfc.cz\/index.php\/2021\/05\/16\/preview-everton-sheffield-united-3\/\",\"url\":\"https:\/\/evertonfc.cz\/index.php\/2021\/05\/16\/preview-everton-sheffield-united-3\/\",\"name\":\"Preview: Everton - Sheffield United - Official Czech &amp; Slovak Everton Supporters&#039; Club\",\"isPartOf\":{\"@id\":\"https:\/\/evertonfc.cz\/#website\"},\"primaryImageOfPage\":{\"@id\":\"https:\/\/evertonfc.cz\/index.php\/2021\/05\/16\/preview-everton-sheffield-united-3\/#primaryimage\"},\"image\":{\"@id\":\"https:\/\/evertonfc.cz\/index.php\/2021\/05\/16\/preview-everton-sheffield-united-3\/#primaryimage\"},\"thumbnailUrl\":\"https:\/\/evertonfc.cz\/wp-content\/uploads\/2021\/05\/Everton-VS-Sheffield-United.jpg\",\"datePublished\":\"2021-05-16T10:08:57+00:00\",\"dateModified\":\"2021-05-16T20:04:26+00:00\",\"breadcrumb\":{\"@id\":\"https:\/\/evertonfc.cz\/index.php\/2021\/05\/16\/preview-everton-sheffield-united-3\/#breadcrumb\"},\"inLanguage\":\"cs\",\"potentialAction\":[{\"@type\":\"ReadAction\",\"target\":[\"https:\/\/evertonfc.cz\/index.php\/2021\/05\/16\/preview-everton-sheffield-united-3\/\"]}]},{\"@type\":\"ImageObject\",\"inLanguage\":\"cs\",\"@id\":\"https:\/\/evertonfc.cz\/index.php\/2021\/05\/16\/preview-everton-sheffield-united-3\/#primaryimage\",\"url\":\"https:\/\/evertonfc.cz\/wp-content\/uploads\/2021\/05\/Everton-VS-Sheffield-United.jpg\",\"contentUrl\":\"https:\/\/evertonfc.cz\/wp-content\/uploads\/2021\/05\/Everton-VS-Sheffield-United.jpg\",\"width\":720,\"height\":405},{\"@type\":\"BreadcrumbList\",\"@id\":\"https:\/\/evertonfc.cz\/index.php\/2021\/05\/16\/preview-everton-sheffield-united-3\/#breadcrumb\",\"itemListElement\":[{\"@type\":\"ListItem\",\"position\":1,\"name\":\"Home\",\"item\":\"https:\/\/evertonfc.cz\/\"},{\"@type\":\"ListItem\",\"position\":2,\"name\":\"Preview: Everton &#8211; Sheffield United\"}]},{\"@type\":\"WebSite\",\"@id\":\"https:\/\/evertonfc.cz\/#website\",\"url\":\"https:\/\/evertonfc.cz\/\",\"name\":\"Official Czech &amp; Slovak Everton Supporters&#039; Club\",\"description\":\"\",\"publisher\":{\"@id\":\"https:\/\/evertonfc.cz\/#organization\"},\"potentialAction\":[{\"@type\":\"SearchAction\",\"target\":{\"@type\":\"EntryPoint\",\"urlTemplate\":\"https:\/\/evertonfc.cz\/?s={search_term_string}\"},\"query-input\":{\"@type\":\"PropertyValueSpecification\",\"valueRequired\":true,\"valueName\":\"search_term_string\"}}],\"inLanguage\":\"cs\"},{\"@type\":\"Organization\",\"@id\":\"https:\/\/evertonfc.cz\/#organization\",\"name\":\"Official Czech & Slovak Everton Supporters' Club\",\"url\":\"https:\/\/evertonfc.cz\/\",\"logo\":{\"@type\":\"ImageObject\",\"inLanguage\":\"cs\",\"@id\":\"https:\/\/evertonfc.cz\/#\/schema\/logo\/image\/\",\"url\":\"https:\/\/evertonfc.cz\/wp-content\/uploads\/2019\/05\/logo.png\",\"contentUrl\":\"https:\/\/evertonfc.cz\/wp-content\/uploads\/2019\/05\/logo.png\",\"width\":112,\"height\":112,\"caption\":\"Official Czech & Slovak Everton Supporters' Club\"},\"image\":{\"@id\":\"https:\/\/evertonfc.cz\/#\/schema\/logo\/image\/\"},\"sameAs\":[\"https:\/\/www.facebook.com\/everton.fans.cz.sk\"]},{\"@type\":\"Person\",\"@id\":\"https:\/\/evertonfc.cz\/#\/schema\/person\/b30daf6a5852f4811f8207a17ec1bf78\",\"name\":\"Javor\",\"sameAs\":[\"https:\/\/x.com\/LoudinJan\"],\"url\":\"https:\/\/evertonfc.cz\/index.php\/author\/javor\/\"}]}<\/script>\n<!-- \/ Yoast SEO plugin. -->","yoast_head_json":{"title":"Preview: Everton - Sheffield United - Official Czech &amp; Slovak Everton Supporters&#039; Club","robots":{"index":"index","follow":"follow","max-snippet":"max-snippet:-1","max-image-preview":"max-image-preview:large","max-video-preview":"max-video-preview:-1"},"canonical":"https:\/\/evertonfc.cz\/index.php\/2021\/05\/16\/preview-everton-sheffield-united-3\/","og_locale":"cs_CZ","og_type":"article","og_title":"Preview: Everton - Sheffield United - Official Czech &amp; Slovak Everton Supporters&#039; Club","og_description":"Rozkaz mana\u017eera Ancelottiho zn\u00ed jasn\u011b: t\u0159i v\u00fdhry. Ale zn\u00e1te tu o velk\u00e9m favoritovi, kter\u00fd si doma hraje na J\u00e1no\u0161\u00edka, \u017ee?","og_url":"https:\/\/evertonfc.cz\/index.php\/2021\/05\/16\/preview-everton-sheffield-united-3\/","og_site_name":"Official Czech &amp; Slovak Everton Supporters&#039; Club","article_publisher":"https:\/\/www.facebook.com\/everton.fans.cz.sk","article_published_time":"2021-05-16T10:08:57+00:00","article_modified_time":"2021-05-16T20:04:26+00:00","og_image":[{"width":720,"height":405,"url":"https:\/\/evertonfc.cz\/wp-content\/uploads\/2021\/05\/Everton-VS-Sheffield-United.jpg","type":"image\/jpeg"}],"author":"Javor","twitter_card":"summary_large_image","twitter_creator":"@LoudinJan","twitter_misc":{"Napsal(a)":"Javor","Odhadovan\u00e1 doba \u010dten\u00ed":"2 minuty"},"schema":{"@context":"https:\/\/schema.org","@graph":[{"@type":"Article","@id":"https:\/\/evertonfc.cz\/index.php\/2021\/05\/16\/preview-everton-sheffield-united-3\/#article","isPartOf":{"@id":"https:\/\/evertonfc.cz\/index.php\/2021\/05\/16\/preview-everton-sheffield-united-3\/"},"author":{"name":"Javor","@id":"https:\/\/evertonfc.cz\/#\/schema\/person\/b30daf6a5852f4811f8207a17ec1bf78"},"headline":"Preview: Everton &#8211; Sheffield United","datePublished":"2021-05-16T10:08:57+00:00","dateModified":"2021-05-16T20:04:26+00:00","mainEntityOfPage":{"@id":"https:\/\/evertonfc.cz\/index.php\/2021\/05\/16\/preview-everton-sheffield-united-3\/"},"wordCount":488,"commentCount":17,"publisher":{"@id":"https:\/\/evertonfc.cz\/#organization"},"image":{"@id":"https:\/\/evertonfc.cz\/index.php\/2021\/05\/16\/preview-everton-sheffield-united-3\/#primaryimage"},"thumbnailUrl":"https:\/\/evertonfc.cz\/wp-content\/uploads\/2021\/05\/Everton-VS-Sheffield-United.jpg","articleSection":["Z\u00e1pasy"],"inLanguage":"cs","potentialAction":[{"@type":"CommentAction","name":"Comment","target":["https:\/\/evertonfc.cz\/index.php\/2021\/05\/16\/preview-everton-sheffield-united-3\/#respond"]}]},{"@type":"WebPage","@id":"https:\/\/evertonfc.cz\/index.php\/2021\/05\/16\/preview-everton-sheffield-united-3\/","url":"https:\/\/evertonfc.cz\/index.php\/2021\/05\/16\/preview-everton-sheffield-united-3\/","name":"Preview: Everton - Sheffield United - Official Czech &amp; Slovak Everton Supporters&#039; Club","isPartOf":{"@id":"https:\/\/evertonfc.cz\/#website"},"primaryImageOfPage":{"@id":"https:\/\/evertonfc.cz\/index.php\/2021\/05\/16\/preview-everton-sheffield-united-3\/#primaryimage"},"image":{"@id":"https:\/\/evertonfc.cz\/index.php\/2021\/05\/16\/preview-everton-sheffield-united-3\/#primaryimage"},"thumbnailUrl":"https:\/\/evertonfc.cz\/wp-content\/uploads\/2021\/05\/Everton-VS-Sheffield-United.jpg","datePublished":"2021-05-16T10:08:57+00:00","dateModified":"2021-05-16T20:04:26+00:00","breadcrumb":{"@id":"https:\/\/evertonfc.cz\/index.php\/2021\/05\/16\/preview-everton-sheffield-united-3\/#breadcrumb"},"inLanguage":"cs","potentialAction":[{"@type":"ReadAction","target":["https:\/\/evertonfc.cz\/index.php\/2021\/05\/16\/preview-everton-sheffield-united-3\/"]}]},{"@type":"ImageObject","inLanguage":"cs","@id":"https:\/\/evertonfc.cz\/index.php\/2021\/05\/16\/preview-everton-sheffield-united-3\/#primaryimage","url":"https:\/\/evertonfc.cz\/wp-content\/uploads\/2021\/05\/Everton-VS-Sheffield-United.jpg","contentUrl":"https:\/\/evertonfc.cz\/wp-content\/uploads\/2021\/05\/Everton-VS-Sheffield-United.jpg","width":720,"height":405},{"@type":"BreadcrumbList","@id":"https:\/\/evertonfc.cz\/index.php\/2021\/05\/16\/preview-everton-sheffield-united-3\/#breadcrumb","itemListElement":[{"@type":"ListItem","position":1,"name":"Home","item":"https:\/\/evertonfc.cz\/"},{"@type":"ListItem","position":2,"name":"Preview: Everton &#8211; Sheffield United"}]},{"@type":"WebSite","@id":"https:\/\/evertonfc.cz\/#website","url":"https:\/\/evertonfc.cz\/","name":"Official Czech &amp; Slovak Everton Supporters&#039; Club","description":"","publisher":{"@id":"https:\/\/evertonfc.cz\/#organization"},"potentialAction":[{"@type":"SearchAction","target":{"@type":"EntryPoint","urlTemplate":"https:\/\/evertonfc.cz\/?s={search_term_string}"},"query-input":{"@type":"PropertyValueSpecification","valueRequired":true,"valueName":"search_term_string"}}],"inLanguage":"cs"},{"@type":"Organization","@id":"https:\/\/evertonfc.cz\/#organization","name":"Official Czech & Slovak Everton Supporters' Club","url":"https:\/\/evertonfc.cz\/","logo":{"@type":"ImageObject","inLanguage":"cs","@id":"https:\/\/evertonfc.cz\/#\/schema\/logo\/image\/","url":"https:\/\/evertonfc.cz\/wp-content\/uploads\/2019\/05\/logo.png","contentUrl":"https:\/\/evertonfc.cz\/wp-content\/uploads\/2019\/05\/logo.png","width":112,"height":112,"caption":"Official Czech & Slovak Everton Supporters' Club"},"image":{"@id":"https:\/\/evertonfc.cz\/#\/schema\/logo\/image\/"},"sameAs":["https:\/\/www.facebook.com\/everton.fans.cz.sk"]},{"@type":"Person","@id":"https:\/\/evertonfc.cz\/#\/schema\/person\/b30daf6a5852f4811f8207a17ec1bf78","name":"Javor","sameAs":["https:\/\/x.com\/LoudinJan"],"url":"https:\/\/evertonfc.cz\/index.php\/author\/javor\/"}]}},"_links":{"self":[{"href":"https:\/\/evertonfc.cz\/index.php\/wp-json\/wp\/v2\/posts\/15350"}],"collection":[{"href":"https:\/\/evertonfc.cz\/index.php\/wp-json\/wp\/v2\/posts"}],"about":[{"href":"https:\/\/evertonfc.cz\/index.php\/wp-json\/wp\/v2\/types\/post"}],"author":[{"embeddable":true,"href":"https:\/\/evertonfc.cz\/index.php\/wp-json\/wp\/v2\/users\/12"}],"replies":[{"embeddable":true,"href":"https:\/\/evertonfc.cz\/index.php\/wp-json\/wp\/v2\/comments?post=15350"}],"version-history":[{"count":3,"href":"https:\/\/evertonfc.cz\/index.php\/wp-json\/wp\/v2\/posts\/15350\/revisions"}],"predecessor-version":[{"id":15353,"href":"https:\/\/evertonfc.cz\/index.php\/wp-json\/wp\/v2\/posts\/15350\/revisions\/15353"}],"wp:featuredmedia":[{"embeddable":true,"href":"https:\/\/evertonfc.cz\/index.php\/wp-json\/wp\/v2\/media\/15349"}],"wp:attachment":[{"href":"https:\/\/evertonfc.cz\/index.php\/wp-json\/wp\/v2\/media?parent=15350"}],"wp:term":[{"taxonomy":"category","embeddable":true,"href":"https:\/\/evertonfc.cz\/index.php\/wp-json\/wp\/v2\/categories?post=15350"},{"taxonomy":"post_tag","embeddable":true,"href":"https:\/\/evertonfc.cz\/index.php\/wp-json\/wp\/v2\/tags?post=15350"}],"curies":[{"name":"wp","href":"https:\/\/api.w.org\/{rel}","templated":true}]}}