{"id":15356,"date":"2021-05-16T22:23:43","date_gmt":"2021-05-16T20:23:43","guid":{"rendered":"https:\/\/evertonfc.cz\/?p=15356"},"modified":"2021-05-19T09:44:50","modified_gmt":"2021-05-19T07:44:50","slug":"everton-sheffield-united-01","status":"publish","type":"post","link":"https:\/\/evertonfc.cz\/index.php\/2021\/05\/16\/everton-sheffield-united-01\/","title":{"rendered":"Everton &#8211; Sheffield United 0:1"},"content":{"rendered":"<h4><span style=\"text-decoration: line-through;\">Online hate<\/span>. Hr\u00e1\u010di Evertonu se dnes rozhodli prov\u00e9st z\u00e1t\u011b\u017eov\u00e9 testy t\u00e9to kampan\u011b proti nen\u00e1visti na soci\u00e1ln\u00edch s\u00edt\u00edch. Nutno uznat, \u017ee soupe\u0159 podal jeden ze sv\u00fdch nejlep\u0161\u00edch v\u00fdkon\u016f v sez\u00f3n\u011b. Toffees tak pravd\u011bpodobn\u011b nebudou evropsk\u00e9 poh\u00e1ry zaj\u00edmat ani p\u0159\u00ed\u0161t\u00ed sez\u00f3nu.<\/h4>\n<p>Bylo to ps\u00e1no ve hv\u011bzd\u00e1ch i v\u00a0pr\u016fvodci p\u00e1n\u011b Javora. Od leto\u0161n\u00edho Evertonu a jeho dom\u00e1c\u00ed formy se to skoro dalo \u010dekat. Pokud ale chcete do poh\u00e1r\u016f, mus\u00edte ji\u017e jist\u00e9ho sestupuj\u00edc\u00edho porazit. Blades jsou i po poko\u0159en\u00ed Goodison Parku ve h\u0159e o titul nejbezzub\u011bj\u0161\u00edho t\u00fdmu v\u00a0historii Premier League, na minimum Derby ze sez\u00f3ny 2007\/08 jim st\u00e1le chyb\u00ed jedna branka.<\/p>\n<p>Everton nastoupil po dlouh\u00e9 dob\u011b s\u00a0Doucour\u00e9m v\u00a0z\u00e1kladu, v\u00a0rozestaven\u00ed, co na prvn\u00ed pohled vypadalo 3-4-3, ale podle samotn\u00e9ho Ancelottiho \u0161lo snad sp\u00ed\u0161e o 4-4-2 nebo tak n\u011bco.<\/p>\n<h4>Prvn\u00ed polo\u010das<\/h4>\n<p>A tak se to stalo. Jack Robinson u\u017e v\u00a07. minut\u011b se n\u011bjak dostal p\u0159es n\u011bkolik hr\u00e1\u010d\u016f v\u00a0modr\u00e9m, zbyl\u00e9 obr\u00e1nce oklamal p\u0159ihr\u00e1vkou nap\u0159\u00ed\u010d mal\u00fdm v\u00e1pnem, kde si na m\u00ed\u010d po\u010d\u00edhal 17tilet\u00fd Daniel Jebbisson. Jeho prvn\u00ed start v\u00a0sez\u00f3n\u011b \u2013<strong> 0:1<\/strong>. P\u0159ece bychom necht\u011bli, aby fanou\u0161ci v\u00a0Sheffieldu nem\u011bli po sez\u00f3n\u011b nic hezk\u00e9ho, na\u010d by mohli vzpom\u00ednat.<\/p>\n<p>Neblah\u00e1 p\u0159edtucha tak dostala dostatek prostoru, jak si v\u0161echny Evertonians vychutnat a v n\u00e1sleduj\u00edc\u00ed hodince a p\u016fl je p\u011bkn\u011b podusit. Je\u0161t\u011b do polo\u010dasu se st\u0159elami \u00a0p\u0159ed v\u00e1pnem sna\u017eili o srovn\u00e1n\u00ed DCL, po n\u011bm Allan, jeho\u017e r\u00e1na po rohu dala Ramsdaleovi po\u0159\u00e1dn\u011b zabrat. Ale host\u00e9 velmi jasn\u011b v\u011bd\u011bli, \u017ee by bylo zbyte\u010dn\u00e9 se uch\u00fdlit k n\u011bjak\u00e9 pasivn\u00ed h\u0159e. Nejlep\u0161\u00ed obrana je \u00fatok, Evertonu se tak nedost\u00e1valo prostoru k n\u011bjak\u00e9mu trvalej\u0161\u00edmu tlaku.<\/p>\n<p>Fleck z fleku vypr\u00e1\u0161il Pickfordovi rukavice. Mason Holgate a jeho mal\u00e9 dom\u016f u\u017e p\u0159ivedly jist\u011b nejednoho p\u0159\u00edznivce na pokraj zoufalstv\u00ed a beznad\u011bje. Ramsdale reflexivn\u011b vyrazil Richarlisonovu velkou \u0161anci p\u0159ed sebe, DCL snad s \u00famyslem omr\u00e1\u010dit g\u00f3lmana a z\u00edskat v\u00fdhodu do budoucna \u0161anci promarnil. Na nezn\u00e1m\u00fd ter\u010d mimo galaxii pak m\u00ed\u0159il Richarlison po vyb\u00eddnut\u00ed od Keanea.<\/p>\n<h4>Druh\u00fd polo\u010das<\/h4>\n<p>N\u011bjak\u00fd ten hate neust\u00e1l Holgate a z\u016fstal v kabin\u011b, jeho m\u00edsto zaujal Sigurdsson. V jak\u00e9msi zast\u00edrac\u00edm man\u00e9vru se Toffees soust\u0159edili na kumulov\u00e1n\u00ed roh\u016f, ale centry se toho ve\u010dera ne a ne poda\u0159it. \u010cas bez ud\u00e1lost\u00ed rychle ut\u00edkal. Frustraci nedok\u00e1zal zakr\u00fdt James Rodriguez a po dvou ost\u0159ej\u0161\u00edch z\u00e1kroc\u00edch jej Ancelotti pro jistotu vym\u011bnil za Bernarda. Spolu s n\u00edm na h\u0159i\u0161t\u011b poslal Gomese a to u\u017e jsme v\u0161ichni za\u010dali tu\u0161it. Oba hr\u00e1\u010di jsou patrn\u011b p\u0159ena\u0161e\u010di \u0161edovlasosti, n\u00e1kaza se \u0161\u00ed\u0159\u00ed vizu\u00e1ln\u011b, inkuba\u010dn\u00ed doba se po\u010d\u00edt\u00e1 na minuty. Yorkshi\u0159an\u016fm se da\u0159ilo vyv\u00e1\u017eet m\u00ed\u010de do bezpe\u010d\u00ed, p\u0159\u00edpadn\u011b zahustit prostor p\u0159ed vlastn\u00ed brankou. N\u00e1znaky byly, ale po pravd\u011b nebylo z \u010deho vyrovnat. Omlouv\u00e1m se v\u0161em, v\u00edc jsem toho nevid\u011bl. Nic o \u010dem bych cht\u011bl ps\u00e1t, nic o \u010dem byste cht\u011bli \u010d\u00edst.<\/p>\n<p style=\"text-align: right;\"><span style=\"font-size: 8pt;\">foto zdroj: www.theguardian.com<\/span><\/p>\n<p><strong>Hr\u00e1\u010d z\u00e1pasu redakce<\/strong>: t\u011b\u017ek\u00e1 volba, ale Allan p\u016fsobil dojmem, \u017ee se sna\u017e\u00ed.<\/p>\n<p><strong>Branka: <\/strong>7. Jebbison (Robinson)<\/p>\n<p><strong>\u017dlut\u00e9 karty:<\/strong> 66. J.Rodriguez \u2013 26. Basham, 81. Baldock, 90. J.Robinson<\/p>\n<p><strong>Everton:<\/strong> Pickford \u2013 Holgate (45. Sigurdsson), Keane, Godfrey \u2013 Coleman, Doucour\u00e9 (78. A.Gomes), Allan, Digne \u2013 J.Rodr\u00edguez (78. Bernard) &#8211; Calvert-Lewin, Richarlison.<\/p>\n<p style=\"text-align: left;\"><strong>Sheffield United:<\/strong> Ramsdale \u2013 Basham, Egan, J.Robinson \u2013 Baldock, Norwood, Fleck, Stevens \u2013 McGoldrick, Jebbison, Osborn.<\/p>\n<p><strong>Rozhod\u010d\u00ed:<\/strong> Jonathan Moss\u00a0 <strong>Bez div\u00e1k\u016f<\/strong><\/p>\n","protected":false},"excerpt":{"rendered":"<p>(stop)Online hate. Hr\u00e1\u010di Evertonu se dnes rozhodli prov\u00e9st z\u00e1t\u011b\u017eov\u00e9 testy t\u00e9to kampan\u011b proti nen\u00e1visti na soci\u00e1ln\u00edch s\u00edt\u00edch. Nutno uznat, \u017ee soupe\u0159 podal jeden ze sv\u00fdch nejlep\u0161\u00edch v\u00fdkon\u016f v\u00a0sez\u00f3n\u011b. Toffees tak pravd\u011bpodobn\u011b nebudou evropsk\u00e9 poh\u00e1ry zaj\u00edmat ani p\u0159\u00ed\u0161t\u00ed sez\u00f3nu.<\/p>\n","protected":false},"author":10,"featured_media":15355,"comment_status":"open","ping_status":"closed","sticky":false,"template":"","format":"standard","meta":{"_eb_attr":"","_monsterinsights_skip_tracking":false,"_monsterinsights_sitenote_active":false,"_monsterinsights_sitenote_note":"","_monsterinsights_sitenote_category":0,"footnotes":""},"categories":[4],"tags":[],"yoast_head":"<!-- This site is optimized with the Yoast SEO plugin v23.4 - https:\/\/yoast.com\/wordpress\/plugins\/seo\/ -->\n<title>Everton - Sheffield United 0:1 - Official Czech &amp; Slovak Everton Supporters&#039; Club<\/title>\n<meta name=\"robots\" content=\"index, follow, max-snippet:-1, max-image-preview:large, max-video-preview:-1\" \/>\n<link rel=\"canonical\" href=\"https:\/\/evertonfc.cz\/index.php\/2021\/05\/16\/everton-sheffield-united-01\/\" \/>\n<meta property=\"og:locale\" content=\"cs_CZ\" \/>\n<meta property=\"og:type\" content=\"article\" \/>\n<meta property=\"og:title\" content=\"Everton - Sheffield United 0:1 - Official Czech &amp; Slovak Everton Supporters&#039; Club\" \/>\n<meta property=\"og:description\" content=\"(stop)Online hate. Hr\u00e1\u010di Evertonu se dnes rozhodli prov\u00e9st z\u00e1t\u011b\u017eov\u00e9 testy t\u00e9to kampan\u011b proti nen\u00e1visti na soci\u00e1ln\u00edch s\u00edt\u00edch. Nutno uznat, \u017ee soupe\u0159 podal jeden ze sv\u00fdch nejlep\u0161\u00edch v\u00fdkon\u016f v\u00a0sez\u00f3n\u011b. Toffees tak pravd\u011bpodobn\u011b nebudou evropsk\u00e9 poh\u00e1ry zaj\u00edmat ani p\u0159\u00ed\u0161t\u00ed sez\u00f3nu.\" \/>\n<meta property=\"og:url\" content=\"https:\/\/evertonfc.cz\/index.php\/2021\/05\/16\/everton-sheffield-united-01\/\" \/>\n<meta property=\"og:site_name\" content=\"Official Czech &amp; Slovak Everton Supporters&#039; Club\" \/>\n<meta property=\"article:publisher\" content=\"https:\/\/www.facebook.com\/everton.fans.cz.sk\" \/>\n<meta property=\"article:published_time\" content=\"2021-05-16T20:23:43+00:00\" \/>\n<meta property=\"article:modified_time\" content=\"2021-05-19T07:44:50+00:00\" \/>\n<meta property=\"og:image\" content=\"https:\/\/evertonfc.cz\/wp-content\/uploads\/2021\/05\/sheffield.jpg\" \/>\n\t<meta property=\"og:image:width\" content=\"720\" \/>\n\t<meta property=\"og:image:height\" content=\"405\" \/>\n\t<meta property=\"og:image:type\" content=\"image\/jpeg\" \/>\n<meta name=\"author\" content=\"Fip\" \/>\n<meta name=\"twitter:card\" content=\"summary_large_image\" \/>\n<meta name=\"twitter:label1\" content=\"Napsal(a)\" \/>\n\t<meta name=\"twitter:data1\" content=\"Fip\" \/>\n\t<meta name=\"twitter:label2\" content=\"Odhadovan\u00e1 doba \u010dten\u00ed\" \/>\n\t<meta name=\"twitter:data2\" content=\"3 minuty\" \/>\n<script type=\"application\/ld+json\" class=\"yoast-schema-graph\">{\"@context\":\"https:\/\/schema.org\",\"@graph\":[{\"@type\":\"Article\",\"@id\":\"https:\/\/evertonfc.cz\/index.php\/2021\/05\/16\/everton-sheffield-united-01\/#article\",\"isPartOf\":{\"@id\":\"https:\/\/evertonfc.cz\/index.php\/2021\/05\/16\/everton-sheffield-united-01\/\"},\"author\":{\"name\":\"Fip\",\"@id\":\"https:\/\/evertonfc.cz\/#\/schema\/person\/35904009755e8eaa0dc1a5f5f0419002\"},\"headline\":\"Everton &#8211; Sheffield United 0:1\",\"datePublished\":\"2021-05-16T20:23:43+00:00\",\"dateModified\":\"2021-05-19T07:44:50+00:00\",\"mainEntityOfPage\":{\"@id\":\"https:\/\/evertonfc.cz\/index.php\/2021\/05\/16\/everton-sheffield-united-01\/\"},\"wordCount\":662,\"commentCount\":5,\"publisher\":{\"@id\":\"https:\/\/evertonfc.cz\/#organization\"},\"image\":{\"@id\":\"https:\/\/evertonfc.cz\/index.php\/2021\/05\/16\/everton-sheffield-united-01\/#primaryimage\"},\"thumbnailUrl\":\"https:\/\/evertonfc.cz\/wp-content\/uploads\/2021\/05\/sheffield.jpg\",\"articleSection\":[\"Z\u00e1pasy\"],\"inLanguage\":\"cs\",\"potentialAction\":[{\"@type\":\"CommentAction\",\"name\":\"Comment\",\"target\":[\"https:\/\/evertonfc.cz\/index.php\/2021\/05\/16\/everton-sheffield-united-01\/#respond\"]}]},{\"@type\":\"WebPage\",\"@id\":\"https:\/\/evertonfc.cz\/index.php\/2021\/05\/16\/everton-sheffield-united-01\/\",\"url\":\"https:\/\/evertonfc.cz\/index.php\/2021\/05\/16\/everton-sheffield-united-01\/\",\"name\":\"Everton - Sheffield United 0:1 - Official Czech &amp; Slovak Everton Supporters&#039; Club\",\"isPartOf\":{\"@id\":\"https:\/\/evertonfc.cz\/#website\"},\"primaryImageOfPage\":{\"@id\":\"https:\/\/evertonfc.cz\/index.php\/2021\/05\/16\/everton-sheffield-united-01\/#primaryimage\"},\"image\":{\"@id\":\"https:\/\/evertonfc.cz\/index.php\/2021\/05\/16\/everton-sheffield-united-01\/#primaryimage\"},\"thumbnailUrl\":\"https:\/\/evertonfc.cz\/wp-content\/uploads\/2021\/05\/sheffield.jpg\",\"datePublished\":\"2021-05-16T20:23:43+00:00\",\"dateModified\":\"2021-05-19T07:44:50+00:00\",\"breadcrumb\":{\"@id\":\"https:\/\/evertonfc.cz\/index.php\/2021\/05\/16\/everton-sheffield-united-01\/#breadcrumb\"},\"inLanguage\":\"cs\",\"potentialAction\":[{\"@type\":\"ReadAction\",\"target\":[\"https:\/\/evertonfc.cz\/index.php\/2021\/05\/16\/everton-sheffield-united-01\/\"]}]},{\"@type\":\"ImageObject\",\"inLanguage\":\"cs\",\"@id\":\"https:\/\/evertonfc.cz\/index.php\/2021\/05\/16\/everton-sheffield-united-01\/#primaryimage\",\"url\":\"https:\/\/evertonfc.cz\/wp-content\/uploads\/2021\/05\/sheffield.jpg\",\"contentUrl\":\"https:\/\/evertonfc.cz\/wp-content\/uploads\/2021\/05\/sheffield.jpg\",\"width\":720,\"height\":405},{\"@type\":\"BreadcrumbList\",\"@id\":\"https:\/\/evertonfc.cz\/index.php\/2021\/05\/16\/everton-sheffield-united-01\/#breadcrumb\",\"itemListElement\":[{\"@type\":\"ListItem\",\"position\":1,\"name\":\"Home\",\"item\":\"https:\/\/evertonfc.cz\/\"},{\"@type\":\"ListItem\",\"position\":2,\"name\":\"Everton &#8211; Sheffield United 0:1\"}]},{\"@type\":\"WebSite\",\"@id\":\"https:\/\/evertonfc.cz\/#website\",\"url\":\"https:\/\/evertonfc.cz\/\",\"name\":\"Official Czech &amp; Slovak Everton Supporters&#039; Club\",\"description\":\"\",\"publisher\":{\"@id\":\"https:\/\/evertonfc.cz\/#organization\"},\"potentialAction\":[{\"@type\":\"SearchAction\",\"target\":{\"@type\":\"EntryPoint\",\"urlTemplate\":\"https:\/\/evertonfc.cz\/?s={search_term_string}\"},\"query-input\":{\"@type\":\"PropertyValueSpecification\",\"valueRequired\":true,\"valueName\":\"search_term_string\"}}],\"inLanguage\":\"cs\"},{\"@type\":\"Organization\",\"@id\":\"https:\/\/evertonfc.cz\/#organization\",\"name\":\"Official Czech & Slovak Everton Supporters' Club\",\"url\":\"https:\/\/evertonfc.cz\/\",\"logo\":{\"@type\":\"ImageObject\",\"inLanguage\":\"cs\",\"@id\":\"https:\/\/evertonfc.cz\/#\/schema\/logo\/image\/\",\"url\":\"https:\/\/evertonfc.cz\/wp-content\/uploads\/2019\/05\/logo.png\",\"contentUrl\":\"https:\/\/evertonfc.cz\/wp-content\/uploads\/2019\/05\/logo.png\",\"width\":112,\"height\":112,\"caption\":\"Official Czech & Slovak Everton Supporters' Club\"},\"image\":{\"@id\":\"https:\/\/evertonfc.cz\/#\/schema\/logo\/image\/\"},\"sameAs\":[\"https:\/\/www.facebook.com\/everton.fans.cz.sk\"]},{\"@type\":\"Person\",\"@id\":\"https:\/\/evertonfc.cz\/#\/schema\/person\/35904009755e8eaa0dc1a5f5f0419002\",\"name\":\"Fip\",\"url\":\"https:\/\/evertonfc.cz\/index.php\/author\/fip\/\"}]}<\/script>\n<!-- \/ Yoast SEO plugin. -->","yoast_head_json":{"title":"Everton - Sheffield United 0:1 - Official Czech &amp; Slovak Everton Supporters&#039; Club","robots":{"index":"index","follow":"follow","max-snippet":"max-snippet:-1","max-image-preview":"max-image-preview:large","max-video-preview":"max-video-preview:-1"},"canonical":"https:\/\/evertonfc.cz\/index.php\/2021\/05\/16\/everton-sheffield-united-01\/","og_locale":"cs_CZ","og_type":"article","og_title":"Everton - Sheffield United 0:1 - Official Czech &amp; Slovak Everton Supporters&#039; Club","og_description":"(stop)Online hate. Hr\u00e1\u010di Evertonu se dnes rozhodli prov\u00e9st z\u00e1t\u011b\u017eov\u00e9 testy t\u00e9to kampan\u011b proti nen\u00e1visti na soci\u00e1ln\u00edch s\u00edt\u00edch. Nutno uznat, \u017ee soupe\u0159 podal jeden ze sv\u00fdch nejlep\u0161\u00edch v\u00fdkon\u016f v\u00a0sez\u00f3n\u011b. Toffees tak pravd\u011bpodobn\u011b nebudou evropsk\u00e9 poh\u00e1ry zaj\u00edmat ani p\u0159\u00ed\u0161t\u00ed sez\u00f3nu.","og_url":"https:\/\/evertonfc.cz\/index.php\/2021\/05\/16\/everton-sheffield-united-01\/","og_site_name":"Official Czech &amp; Slovak Everton Supporters&#039; Club","article_publisher":"https:\/\/www.facebook.com\/everton.fans.cz.sk","article_published_time":"2021-05-16T20:23:43+00:00","article_modified_time":"2021-05-19T07:44:50+00:00","og_image":[{"width":720,"height":405,"url":"https:\/\/evertonfc.cz\/wp-content\/uploads\/2021\/05\/sheffield.jpg","type":"image\/jpeg"}],"author":"Fip","twitter_card":"summary_large_image","twitter_misc":{"Napsal(a)":"Fip","Odhadovan\u00e1 doba \u010dten\u00ed":"3 minuty"},"schema":{"@context":"https:\/\/schema.org","@graph":[{"@type":"Article","@id":"https:\/\/evertonfc.cz\/index.php\/2021\/05\/16\/everton-sheffield-united-01\/#article","isPartOf":{"@id":"https:\/\/evertonfc.cz\/index.php\/2021\/05\/16\/everton-sheffield-united-01\/"},"author":{"name":"Fip","@id":"https:\/\/evertonfc.cz\/#\/schema\/person\/35904009755e8eaa0dc1a5f5f0419002"},"headline":"Everton &#8211; Sheffield United 0:1","datePublished":"2021-05-16T20:23:43+00:00","dateModified":"2021-05-19T07:44:50+00:00","mainEntityOfPage":{"@id":"https:\/\/evertonfc.cz\/index.php\/2021\/05\/16\/everton-sheffield-united-01\/"},"wordCount":662,"commentCount":5,"publisher":{"@id":"https:\/\/evertonfc.cz\/#organization"},"image":{"@id":"https:\/\/evertonfc.cz\/index.php\/2021\/05\/16\/everton-sheffield-united-01\/#primaryimage"},"thumbnailUrl":"https:\/\/evertonfc.cz\/wp-content\/uploads\/2021\/05\/sheffield.jpg","articleSection":["Z\u00e1pasy"],"inLanguage":"cs","potentialAction":[{"@type":"CommentAction","name":"Comment","target":["https:\/\/evertonfc.cz\/index.php\/2021\/05\/16\/everton-sheffield-united-01\/#respond"]}]},{"@type":"WebPage","@id":"https:\/\/evertonfc.cz\/index.php\/2021\/05\/16\/everton-sheffield-united-01\/","url":"https:\/\/evertonfc.cz\/index.php\/2021\/05\/16\/everton-sheffield-united-01\/","name":"Everton - Sheffield United 0:1 - Official Czech &amp; Slovak Everton Supporters&#039; Club","isPartOf":{"@id":"https:\/\/evertonfc.cz\/#website"},"primaryImageOfPage":{"@id":"https:\/\/evertonfc.cz\/index.php\/2021\/05\/16\/everton-sheffield-united-01\/#primaryimage"},"image":{"@id":"https:\/\/evertonfc.cz\/index.php\/2021\/05\/16\/everton-sheffield-united-01\/#primaryimage"},"thumbnailUrl":"https:\/\/evertonfc.cz\/wp-content\/uploads\/2021\/05\/sheffield.jpg","datePublished":"2021-05-16T20:23:43+00:00","dateModified":"2021-05-19T07:44:50+00:00","breadcrumb":{"@id":"https:\/\/evertonfc.cz\/index.php\/2021\/05\/16\/everton-sheffield-united-01\/#breadcrumb"},"inLanguage":"cs","potentialAction":[{"@type":"ReadAction","target":["https:\/\/evertonfc.cz\/index.php\/2021\/05\/16\/everton-sheffield-united-01\/"]}]},{"@type":"ImageObject","inLanguage":"cs","@id":"https:\/\/evertonfc.cz\/index.php\/2021\/05\/16\/everton-sheffield-united-01\/#primaryimage","url":"https:\/\/evertonfc.cz\/wp-content\/uploads\/2021\/05\/sheffield.jpg","contentUrl":"https:\/\/evertonfc.cz\/wp-content\/uploads\/2021\/05\/sheffield.jpg","width":720,"height":405},{"@type":"BreadcrumbList","@id":"https:\/\/evertonfc.cz\/index.php\/2021\/05\/16\/everton-sheffield-united-01\/#breadcrumb","itemListElement":[{"@type":"ListItem","position":1,"name":"Home","item":"https:\/\/evertonfc.cz\/"},{"@type":"ListItem","position":2,"name":"Everton &#8211; Sheffield United 0:1"}]},{"@type":"WebSite","@id":"https:\/\/evertonfc.cz\/#website","url":"https:\/\/evertonfc.cz\/","name":"Official Czech &amp; Slovak Everton Supporters&#039; Club","description":"","publisher":{"@id":"https:\/\/evertonfc.cz\/#organization"},"potentialAction":[{"@type":"SearchAction","target":{"@type":"EntryPoint","urlTemplate":"https:\/\/evertonfc.cz\/?s={search_term_string}"},"query-input":{"@type":"PropertyValueSpecification","valueRequired":true,"valueName":"search_term_string"}}],"inLanguage":"cs"},{"@type":"Organization","@id":"https:\/\/evertonfc.cz\/#organization","name":"Official Czech & Slovak Everton Supporters' Club","url":"https:\/\/evertonfc.cz\/","logo":{"@type":"ImageObject","inLanguage":"cs","@id":"https:\/\/evertonfc.cz\/#\/schema\/logo\/image\/","url":"https:\/\/evertonfc.cz\/wp-content\/uploads\/2019\/05\/logo.png","contentUrl":"https:\/\/evertonfc.cz\/wp-content\/uploads\/2019\/05\/logo.png","width":112,"height":112,"caption":"Official Czech & Slovak Everton Supporters' Club"},"image":{"@id":"https:\/\/evertonfc.cz\/#\/schema\/logo\/image\/"},"sameAs":["https:\/\/www.facebook.com\/everton.fans.cz.sk"]},{"@type":"Person","@id":"https:\/\/evertonfc.cz\/#\/schema\/person\/35904009755e8eaa0dc1a5f5f0419002","name":"Fip","url":"https:\/\/evertonfc.cz\/index.php\/author\/fip\/"}]}},"_links":{"self":[{"href":"https:\/\/evertonfc.cz\/index.php\/wp-json\/wp\/v2\/posts\/15356"}],"collection":[{"href":"https:\/\/evertonfc.cz\/index.php\/wp-json\/wp\/v2\/posts"}],"about":[{"href":"https:\/\/evertonfc.cz\/index.php\/wp-json\/wp\/v2\/types\/post"}],"author":[{"embeddable":true,"href":"https:\/\/evertonfc.cz\/index.php\/wp-json\/wp\/v2\/users\/10"}],"replies":[{"embeddable":true,"href":"https:\/\/evertonfc.cz\/index.php\/wp-json\/wp\/v2\/comments?post=15356"}],"version-history":[{"count":9,"href":"https:\/\/evertonfc.cz\/index.php\/wp-json\/wp\/v2\/posts\/15356\/revisions"}],"predecessor-version":[{"id":15369,"href":"https:\/\/evertonfc.cz\/index.php\/wp-json\/wp\/v2\/posts\/15356\/revisions\/15369"}],"wp:featuredmedia":[{"embeddable":true,"href":"https:\/\/evertonfc.cz\/index.php\/wp-json\/wp\/v2\/media\/15355"}],"wp:attachment":[{"href":"https:\/\/evertonfc.cz\/index.php\/wp-json\/wp\/v2\/media?parent=15356"}],"wp:term":[{"taxonomy":"category","embeddable":true,"href":"https:\/\/evertonfc.cz\/index.php\/wp-json\/wp\/v2\/categories?post=15356"},{"taxonomy":"post_tag","embeddable":true,"href":"https:\/\/evertonfc.cz\/index.php\/wp-json\/wp\/v2\/tags?post=15356"}],"curies":[{"name":"wp","href":"https:\/\/api.w.org\/{rel}","templated":true}]}}