{"id":15371,"date":"2021-05-19T12:30:10","date_gmt":"2021-05-19T10:30:10","guid":{"rendered":"https:\/\/evertonfc.cz\/?p=15371"},"modified":"2021-05-19T18:49:27","modified_gmt":"2021-05-19T16:49:27","slug":"preview-everton-wolverhampton-wanderers-4","status":"publish","type":"post","link":"https:\/\/evertonfc.cz\/index.php\/2021\/05\/19\/preview-everton-wolverhampton-wanderers-4\/","title":{"rendered":"Preview: Everton \u2013 Wolverhampton Wanderers"},"content":{"rendered":"<h4>V najnov\u0161om vydan\u00ed rel\u00e1cie \u201eSn\u00edvajte s nami\u201c budeme sledova\u0165 osudy \u0165a\u017eko sk\u00fa\u0161an\u00fdch Karameliek, ktor\u00e9 v\u00a0spleti futbalov\u00fdch intr\u00edg m\u00e1rne bojuj\u00fa o\u00a0emigr\u00e1ciu na kontinent.<\/h4>\n<p>V\u00a0hlavnej \u00falohe ne\u010darodejn\u00edka sa op\u00e4\u0165 predstav\u00ed najv\u00e4\u010d\u0161ia hviezda talianskeho p\u00f4vodu, Carlo Ancelotti! V\u00a0tej ved\u013eaj\u0161ej zase \u0161aman z\u00a0\u010diernej stredozeme, Nuno Esp\u00edrito Santo, portugalsk\u00e1 st\u00e1lica s\u00fapera. \u010eal\u0161ie podporn\u00e9 role zast\u00fapia vl\u010d\u00ed futbalisti a\u00a0nebude ch\u00fdba\u0165 ani po\u010detn\u00fd komparz v\u00a0podobe ochotn\u00edkov v\u00a0modrom.<\/p>\n<h4><strong><em>\u201eI don&#8217;t think of all the misery, but of the beauty that still remains.\u201c<\/em><\/strong><\/h4>\n<p>Cit\u00e1t z\u00a0jednej z\u00a0najpodstatnej\u0161\u00edch kn\u00edh 20. storo\u010dia ma priv\u00e1dza k\u00a0rozhodnutiu, \u017ee nebudem pokra\u010dova\u0165 v\u00a0satirickom podt\u00f3ne tohto \u010dl\u00e1nku, ale op\u00e4\u0165 raz prenech\u00e1m miesto n\u00e1deji na jednej z\u00a0posledn\u00fdch \u0161t\u00e1ci\u00ed tohtosez\u00f3nneho \u0165a\u017eenia. Z\u00a0n\u00e1vratom div\u00e1kov na trib\u00fany Starej D\u00e1my sa toti\u017e nie\u010do tak\u00e9 patr\u00ed.<\/p>\n<p>V\u0161etci si ve\u013emi dobre pam\u00e4t\u00e1me na za\u010diatok zimy, kedy len chab\u00fdch dvetis\u00edc fan\u00fa\u0161ikov dodalo gur\u00e1\u017e vtedy e\u0161te bojovn\u00edkom v modrom, \u010do rezultovalo v cenn\u00e9 v\u00fdhry nad Chelsea a Arsenalom. Podobn\u00fa vzpruhu, tentoraz v po\u010dte 6500, potrebuje na\u0161a letargick\u00e1 banda aj dnes. Vybrala si toti\u017e naozaj najhor\u0161\u00ed \u010das na v\u00fdkonnostn\u00fd \u0161trajk. Klubu ide takpovediac o v\u0161etko, snahy za oponami vynalo\u017eil naozaj dos\u0165. Zvy\u0161ok je \u013eudsk\u00fd faktor.<\/p>\n<p>\u0160atna ale ide paradoxne len proti sebe. Ak by niekto mal ma\u0165 z\u00e1ujem na \u00fa\u010dasti v eur\u00f3pskych poh\u00e1roch, tak by to boli najm\u00e4 hr\u00e1\u010di a ich kari\u00e9rne \u017eivotopisy, v\u00e4\u010d\u0161iny z nich z\u00edvaj\u00face pr\u00e1zdnotou v kolonke \u201eLiga majstrov\u201c. V\u00fdhra nad Kladiv\u00e1rmi bohu\u017eia\u013e pokropila sny vern\u00fdch \u017eivou vodou, preto o to \u0165a\u017e\u0161ie sa triezve z potupnej prehry zo zostupuj\u00facim Sheffieldom. Vo vlastn\u00fdch ruk\u00e1ch to u\u017e nieko\u013ek\u00fdmi vlastn\u00fdmi chybami nem\u00e1me.<\/p>\n<p>S\u00a0posledn\u00fdmi dvomi z\u00e1pasmi m\u00f4\u017eeme skon\u010di\u0165 desiaty, ale aj \u0161iesty. Arsenal aj Leeds s\u00fa toti\u017e v\u00fdkonovo \u010di v\u00fdsledkovo schopn\u00ed dehonestova\u0165 na\u0161u sez\u00f3nu aj o\u00a0dve prie\u010dky ni\u017e\u0161ie. Jedin\u00e1 istota spo\u010d\u00edva vo fakte, \u017ee znova skon\u010d\u00edme a\u017e za mestsk\u00fdm rivalom, ktor\u00e9ho predbehn\u00fa\u0165 je u\u017e nemo\u017en\u00e9.<\/p>\n<h4><strong>Faktor motiv\u00e1cia +1<\/strong><\/h4>\n<p>Reakcia hr\u00e1\u010dov na posledn\u00fd dom\u00e1ci z\u00e1pas sez\u00f3ny by bola ve\u013emi n\u00e1povedn\u00e1, ak by sme st\u00e1le hrali bez podpory div\u00e1kov. Uk\u00e1zalo by sa, ak\u00fd vie by\u0165 Carlo motiv\u00e1tor, a \u010di to v\u0161etci v \u0161atni maj\u00fa v hlave pohromade. Chris Bascombe z The Telegraph informuje, \u017ee Ancelotti u\u017e hr\u00e1\u010dom spytoval svedomie a spochyb\u0148oval ich lojalitu. Vraj ka\u017ed\u00fd, kto nechce hra\u0165 za Everton m\u00f4\u017ee lete od\u00eds\u0165, dr\u017ea\u0165 ho nebude.<\/p>\n<p>Medzi z\u00e1stup od\u00eddencov po Walcottovi sa ur\u010dite zarad\u00ed aj Josh King, ktor\u00e9ho polro\u010dn\u00fd v\u00fdlet na Merseyside p\u00f4sob\u00ed ve\u013emi n\u00fadzovo. Na tento duel u\u017e bude k\u00a0dispoz\u00edcii, proti Sheffieldu nenast\u00fapil pre probl\u00e9my so zadn\u00fdm stehenn\u00fdm svalom. Yerry Mina je u\u017e tie\u017e pripraven\u00fd, mimo ost\u00e1va Gbamin.<\/p>\n<h4><strong>Toothless Wolves<\/strong><\/h4>\n<p>V\u00a0t\u00e1bore pri\u0161elcov maj\u00fa tie\u017e svoje starosti. Od postupu do Premier League prv\u00fdkr\u00e1t klop\u00fdtaj\u00fa, a\u00a0na svedom\u00ed to maj\u00fa aj zranenia, fenom\u00e9n pandemick\u00fdch v\u00fdkonov nevyn\u00edmaj\u00fac. Klubov\u00fd talizman v\u00a0\u00fatoku Ra\u00fal Jim\u00e9nez st\u00e1le nem\u00e1 odobren\u00fd svoj zdravotn\u00fd stav. Po hororovom zranen\u00ed lebky mu ju zak\u00e1zali pou\u017e\u00edva\u0165 na futbalov\u00e9 \u00fa\u010dely, \u010di\u017ee jeho n\u00e1vrat je st\u00e1le ot\u00e1zny, hoci Santo ho prekvapivo nevyl\u00fa\u010dil.<\/p>\n<p>Nebezpe\u010dn\u00ed kr\u00eddeln\u00edci Podence s Netom tie\u017e nenast\u00fapia. Prv\u00fd pre oper\u00e1ciu slab\u00edn, druh\u00fd pre koleno. Nepom\u00f4\u017ee ani obranca Jonny, sp\u00e4\u0165 s\u00fa v\u0161ak stop\u00e9r Boly a bek Marcal. Aby sme to zhrnuli, pot\u00fdkaj\u00fa sa s rovnak\u00fdm probl\u00e9mom ako Everton. Nedok\u00e1\u017eu nahradi\u0165 hr\u00e1\u010dov prv\u00e9ho sledu, za\u010do pykaj\u00fa nedostatkom g\u00f3lov, kreativity a \u010dast\u00fdmi zmenami taktiky. V Rio Ave skon\u010dil Esp\u00edrito Santo najhor\u0161ie jeden\u00e1sty. Zrejme to teda bude jeho najslab\u0161\u00ed mana\u017e\u00e9rsky ro\u010dn\u00edk, \u010do sa ligov\u00e9ho umiestnenia t\u00fdka.<\/p>\n<h4><strong>\u0160tatistick\u00e9 okienko:<\/strong><\/h4>\n<ul>\n<li>\u0160tatistika o\u010dak\u00e1van\u00fdch g\u00f3lov Evertonu v druhom pol\u010dase proti Sheffieldu bola iba na hodnote 0,19. Druh\u00e1 najni\u017e\u0161ia, ak\u00fa v\u00a0Premier League v tejto sez\u00f3ne zaznamenali.<\/li>\n<li>Everton po janu\u00e1rovom v\u00ed\u0165azstve 2:1 na Molineux Stadium m\u00f4\u017ee zaknihova\u0165 svoje prv\u00e9 ligov\u00e9 double nad Wolves od svojho posledn\u00e9ho \u0165a\u017eenia v sez\u00f3ne 1975\/76.<\/li>\n<li>Vlci si od rem\u00edzy 0:0 v septembri 1977 neudr\u017eali \u010dist\u00e9 konto ako hostia ani v jednom z posledn\u00fdch 12 z\u00e1pasov proti Evertonu vo v\u0161etk\u00fdch s\u00fa\u0165a\u017eiach.<\/li>\n<li>\u0160es\u0165 z posledn\u00fdch 15 ligov\u00fdch g\u00f3lov strelen\u00fdch v stretnutiach Evertonu a Wolverhamptonu bolo vsieten\u00fdch v \u00favodnej \u0161tvr\u0165hodine hry.<\/li>\n<\/ul>\n<h3 style=\"text-align: center;\"><span style=\"color: #3366ff;\"><strong><em>Up The Toffees !!!<\/em><\/strong><\/span><\/h3>\n<hr \/>\n<p><strong>\u010co:<\/strong> Everton FC \u2013 Wolverhampton Wanderers FC, 37. kolo Premier League<br \/>\n<strong>Kedy:<\/strong> 19.5. 2021 od 19:00 SE\u010c<br \/>\n<strong>Ako:<\/strong> PREMIER Sport \u2013 priamy prenos<br \/>\n<strong>Kde:<\/strong> Goodison Park \u2013 Goodison Rd, Liverpool L4 4EL (povolen\u00e1 kapacita: 6 500)<br \/>\n<strong>Rozhodca:<\/strong> Andy Madley <strong>Asistenti:<\/strong> S. Long, D. Eaton <strong>\u0160tvrt\u00fd rozhodca:<\/strong> D. Coote<br \/>\n<strong>VAR: <\/strong>Graham Scott <strong>Asistent VAR: <\/strong>Dan Robathan<\/p>\n","protected":false},"excerpt":{"rendered":"<p>V najnov\u0161om vydan\u00ed rel\u00e1cie \u201eSn\u00edvajte s nami\u201c budeme sledova\u0165 osudy \u0165a\u017eko sk\u00fa\u0161an\u00fdch Karameliek, ktor\u00e9 v\u00a0spleti futbalov\u00fdch intr\u00edg m\u00e1rne bojuj\u00fa o\u00a0emigr\u00e1ciu na kontinent.<\/p>\n","protected":false},"author":1,"featured_media":15370,"comment_status":"open","ping_status":"closed","sticky":false,"template":"","format":"standard","meta":{"_eb_attr":"","_monsterinsights_skip_tracking":false,"_monsterinsights_sitenote_active":false,"_monsterinsights_sitenote_note":"","_monsterinsights_sitenote_category":0,"footnotes":""},"categories":[4],"tags":[],"yoast_head":"<!-- This site is optimized with the Yoast SEO plugin v23.4 - https:\/\/yoast.com\/wordpress\/plugins\/seo\/ -->\n<title>Preview: Everton \u2013 Wolverhampton Wanderers - Official Czech &amp; Slovak Everton Supporters&#039; Club<\/title>\n<meta name=\"robots\" content=\"index, follow, max-snippet:-1, max-image-preview:large, max-video-preview:-1\" \/>\n<link rel=\"canonical\" href=\"https:\/\/evertonfc.cz\/index.php\/2021\/05\/19\/preview-everton-wolverhampton-wanderers-4\/\" \/>\n<meta property=\"og:locale\" content=\"cs_CZ\" \/>\n<meta property=\"og:type\" content=\"article\" \/>\n<meta property=\"og:title\" content=\"Preview: Everton \u2013 Wolverhampton Wanderers - Official Czech &amp; Slovak Everton Supporters&#039; Club\" \/>\n<meta property=\"og:description\" content=\"V najnov\u0161om vydan\u00ed rel\u00e1cie \u201eSn\u00edvajte s nami\u201c budeme sledova\u0165 osudy \u0165a\u017eko sk\u00fa\u0161an\u00fdch Karameliek, ktor\u00e9 v\u00a0spleti futbalov\u00fdch intr\u00edg m\u00e1rne bojuj\u00fa o\u00a0emigr\u00e1ciu na kontinent.\" \/>\n<meta property=\"og:url\" content=\"https:\/\/evertonfc.cz\/index.php\/2021\/05\/19\/preview-everton-wolverhampton-wanderers-4\/\" \/>\n<meta property=\"og:site_name\" content=\"Official Czech &amp; Slovak Everton Supporters&#039; Club\" \/>\n<meta property=\"article:publisher\" content=\"https:\/\/www.facebook.com\/everton.fans.cz.sk\" \/>\n<meta property=\"article:published_time\" content=\"2021-05-19T10:30:10+00:00\" \/>\n<meta property=\"article:modified_time\" content=\"2021-05-19T16:49:27+00:00\" \/>\n<meta property=\"og:image\" content=\"https:\/\/evertonfc.cz\/wp-content\/uploads\/2021\/05\/Everton-VS-Wolverhampton-Wanderers.png\" \/>\n\t<meta property=\"og:image:width\" content=\"720\" \/>\n\t<meta property=\"og:image:height\" content=\"405\" \/>\n\t<meta property=\"og:image:type\" content=\"image\/png\" \/>\n<meta name=\"author\" content=\"BlueBlooded\" \/>\n<meta name=\"twitter:card\" content=\"summary_large_image\" \/>\n<meta name=\"twitter:label1\" content=\"Napsal(a)\" \/>\n\t<meta name=\"twitter:data1\" content=\"BlueBlooded\" \/>\n\t<meta name=\"twitter:label2\" content=\"Odhadovan\u00e1 doba \u010dten\u00ed\" \/>\n\t<meta name=\"twitter:data2\" content=\"4 minuty\" \/>\n<script type=\"application\/ld+json\" class=\"yoast-schema-graph\">{\"@context\":\"https:\/\/schema.org\",\"@graph\":[{\"@type\":\"Article\",\"@id\":\"https:\/\/evertonfc.cz\/index.php\/2021\/05\/19\/preview-everton-wolverhampton-wanderers-4\/#article\",\"isPartOf\":{\"@id\":\"https:\/\/evertonfc.cz\/index.php\/2021\/05\/19\/preview-everton-wolverhampton-wanderers-4\/\"},\"author\":{\"name\":\"BlueBlooded\",\"@id\":\"https:\/\/evertonfc.cz\/#\/schema\/person\/d4493b8cbea51532597fbc4685698916\"},\"headline\":\"Preview: Everton \u2013 Wolverhampton Wanderers\",\"datePublished\":\"2021-05-19T10:30:10+00:00\",\"dateModified\":\"2021-05-19T16:49:27+00:00\",\"mainEntityOfPage\":{\"@id\":\"https:\/\/evertonfc.cz\/index.php\/2021\/05\/19\/preview-everton-wolverhampton-wanderers-4\/\"},\"wordCount\":887,\"commentCount\":10,\"publisher\":{\"@id\":\"https:\/\/evertonfc.cz\/#organization\"},\"image\":{\"@id\":\"https:\/\/evertonfc.cz\/index.php\/2021\/05\/19\/preview-everton-wolverhampton-wanderers-4\/#primaryimage\"},\"thumbnailUrl\":\"https:\/\/evertonfc.cz\/wp-content\/uploads\/2021\/05\/Everton-VS-Wolverhampton-Wanderers.png\",\"articleSection\":[\"Z\u00e1pasy\"],\"inLanguage\":\"cs\",\"potentialAction\":[{\"@type\":\"CommentAction\",\"name\":\"Comment\",\"target\":[\"https:\/\/evertonfc.cz\/index.php\/2021\/05\/19\/preview-everton-wolverhampton-wanderers-4\/#respond\"]}]},{\"@type\":\"WebPage\",\"@id\":\"https:\/\/evertonfc.cz\/index.php\/2021\/05\/19\/preview-everton-wolverhampton-wanderers-4\/\",\"url\":\"https:\/\/evertonfc.cz\/index.php\/2021\/05\/19\/preview-everton-wolverhampton-wanderers-4\/\",\"name\":\"Preview: Everton \u2013 Wolverhampton Wanderers - Official Czech &amp; Slovak Everton Supporters&#039; Club\",\"isPartOf\":{\"@id\":\"https:\/\/evertonfc.cz\/#website\"},\"primaryImageOfPage\":{\"@id\":\"https:\/\/evertonfc.cz\/index.php\/2021\/05\/19\/preview-everton-wolverhampton-wanderers-4\/#primaryimage\"},\"image\":{\"@id\":\"https:\/\/evertonfc.cz\/index.php\/2021\/05\/19\/preview-everton-wolverhampton-wanderers-4\/#primaryimage\"},\"thumbnailUrl\":\"https:\/\/evertonfc.cz\/wp-content\/uploads\/2021\/05\/Everton-VS-Wolverhampton-Wanderers.png\",\"datePublished\":\"2021-05-19T10:30:10+00:00\",\"dateModified\":\"2021-05-19T16:49:27+00:00\",\"breadcrumb\":{\"@id\":\"https:\/\/evertonfc.cz\/index.php\/2021\/05\/19\/preview-everton-wolverhampton-wanderers-4\/#breadcrumb\"},\"inLanguage\":\"cs\",\"potentialAction\":[{\"@type\":\"ReadAction\",\"target\":[\"https:\/\/evertonfc.cz\/index.php\/2021\/05\/19\/preview-everton-wolverhampton-wanderers-4\/\"]}]},{\"@type\":\"ImageObject\",\"inLanguage\":\"cs\",\"@id\":\"https:\/\/evertonfc.cz\/index.php\/2021\/05\/19\/preview-everton-wolverhampton-wanderers-4\/#primaryimage\",\"url\":\"https:\/\/evertonfc.cz\/wp-content\/uploads\/2021\/05\/Everton-VS-Wolverhampton-Wanderers.png\",\"contentUrl\":\"https:\/\/evertonfc.cz\/wp-content\/uploads\/2021\/05\/Everton-VS-Wolverhampton-Wanderers.png\",\"width\":720,\"height\":405},{\"@type\":\"BreadcrumbList\",\"@id\":\"https:\/\/evertonfc.cz\/index.php\/2021\/05\/19\/preview-everton-wolverhampton-wanderers-4\/#breadcrumb\",\"itemListElement\":[{\"@type\":\"ListItem\",\"position\":1,\"name\":\"Home\",\"item\":\"https:\/\/evertonfc.cz\/\"},{\"@type\":\"ListItem\",\"position\":2,\"name\":\"Preview: Everton \u2013 Wolverhampton Wanderers\"}]},{\"@type\":\"WebSite\",\"@id\":\"https:\/\/evertonfc.cz\/#website\",\"url\":\"https:\/\/evertonfc.cz\/\",\"name\":\"Official Czech &amp; Slovak Everton Supporters&#039; Club\",\"description\":\"\",\"publisher\":{\"@id\":\"https:\/\/evertonfc.cz\/#organization\"},\"potentialAction\":[{\"@type\":\"SearchAction\",\"target\":{\"@type\":\"EntryPoint\",\"urlTemplate\":\"https:\/\/evertonfc.cz\/?s={search_term_string}\"},\"query-input\":{\"@type\":\"PropertyValueSpecification\",\"valueRequired\":true,\"valueName\":\"search_term_string\"}}],\"inLanguage\":\"cs\"},{\"@type\":\"Organization\",\"@id\":\"https:\/\/evertonfc.cz\/#organization\",\"name\":\"Official Czech & Slovak Everton Supporters' Club\",\"url\":\"https:\/\/evertonfc.cz\/\",\"logo\":{\"@type\":\"ImageObject\",\"inLanguage\":\"cs\",\"@id\":\"https:\/\/evertonfc.cz\/#\/schema\/logo\/image\/\",\"url\":\"https:\/\/evertonfc.cz\/wp-content\/uploads\/2019\/05\/logo.png\",\"contentUrl\":\"https:\/\/evertonfc.cz\/wp-content\/uploads\/2019\/05\/logo.png\",\"width\":112,\"height\":112,\"caption\":\"Official Czech & Slovak Everton Supporters' Club\"},\"image\":{\"@id\":\"https:\/\/evertonfc.cz\/#\/schema\/logo\/image\/\"},\"sameAs\":[\"https:\/\/www.facebook.com\/everton.fans.cz.sk\"]},{\"@type\":\"Person\",\"@id\":\"https:\/\/evertonfc.cz\/#\/schema\/person\/d4493b8cbea51532597fbc4685698916\",\"name\":\"BlueBlooded\",\"url\":\"https:\/\/evertonfc.cz\/index.php\/author\/admin\/\"}]}<\/script>\n<!-- \/ Yoast SEO plugin. -->","yoast_head_json":{"title":"Preview: Everton \u2013 Wolverhampton Wanderers - Official Czech &amp; Slovak Everton Supporters&#039; Club","robots":{"index":"index","follow":"follow","max-snippet":"max-snippet:-1","max-image-preview":"max-image-preview:large","max-video-preview":"max-video-preview:-1"},"canonical":"https:\/\/evertonfc.cz\/index.php\/2021\/05\/19\/preview-everton-wolverhampton-wanderers-4\/","og_locale":"cs_CZ","og_type":"article","og_title":"Preview: Everton \u2013 Wolverhampton Wanderers - Official Czech &amp; Slovak Everton Supporters&#039; Club","og_description":"V najnov\u0161om vydan\u00ed rel\u00e1cie \u201eSn\u00edvajte s nami\u201c budeme sledova\u0165 osudy \u0165a\u017eko sk\u00fa\u0161an\u00fdch Karameliek, ktor\u00e9 v\u00a0spleti futbalov\u00fdch intr\u00edg m\u00e1rne bojuj\u00fa o\u00a0emigr\u00e1ciu na kontinent.","og_url":"https:\/\/evertonfc.cz\/index.php\/2021\/05\/19\/preview-everton-wolverhampton-wanderers-4\/","og_site_name":"Official Czech &amp; Slovak Everton Supporters&#039; Club","article_publisher":"https:\/\/www.facebook.com\/everton.fans.cz.sk","article_published_time":"2021-05-19T10:30:10+00:00","article_modified_time":"2021-05-19T16:49:27+00:00","og_image":[{"width":720,"height":405,"url":"https:\/\/evertonfc.cz\/wp-content\/uploads\/2021\/05\/Everton-VS-Wolverhampton-Wanderers.png","type":"image\/png"}],"author":"BlueBlooded","twitter_card":"summary_large_image","twitter_misc":{"Napsal(a)":"BlueBlooded","Odhadovan\u00e1 doba \u010dten\u00ed":"4 minuty"},"schema":{"@context":"https:\/\/schema.org","@graph":[{"@type":"Article","@id":"https:\/\/evertonfc.cz\/index.php\/2021\/05\/19\/preview-everton-wolverhampton-wanderers-4\/#article","isPartOf":{"@id":"https:\/\/evertonfc.cz\/index.php\/2021\/05\/19\/preview-everton-wolverhampton-wanderers-4\/"},"author":{"name":"BlueBlooded","@id":"https:\/\/evertonfc.cz\/#\/schema\/person\/d4493b8cbea51532597fbc4685698916"},"headline":"Preview: Everton \u2013 Wolverhampton Wanderers","datePublished":"2021-05-19T10:30:10+00:00","dateModified":"2021-05-19T16:49:27+00:00","mainEntityOfPage":{"@id":"https:\/\/evertonfc.cz\/index.php\/2021\/05\/19\/preview-everton-wolverhampton-wanderers-4\/"},"wordCount":887,"commentCount":10,"publisher":{"@id":"https:\/\/evertonfc.cz\/#organization"},"image":{"@id":"https:\/\/evertonfc.cz\/index.php\/2021\/05\/19\/preview-everton-wolverhampton-wanderers-4\/#primaryimage"},"thumbnailUrl":"https:\/\/evertonfc.cz\/wp-content\/uploads\/2021\/05\/Everton-VS-Wolverhampton-Wanderers.png","articleSection":["Z\u00e1pasy"],"inLanguage":"cs","potentialAction":[{"@type":"CommentAction","name":"Comment","target":["https:\/\/evertonfc.cz\/index.php\/2021\/05\/19\/preview-everton-wolverhampton-wanderers-4\/#respond"]}]},{"@type":"WebPage","@id":"https:\/\/evertonfc.cz\/index.php\/2021\/05\/19\/preview-everton-wolverhampton-wanderers-4\/","url":"https:\/\/evertonfc.cz\/index.php\/2021\/05\/19\/preview-everton-wolverhampton-wanderers-4\/","name":"Preview: Everton \u2013 Wolverhampton Wanderers - Official Czech &amp; Slovak Everton Supporters&#039; Club","isPartOf":{"@id":"https:\/\/evertonfc.cz\/#website"},"primaryImageOfPage":{"@id":"https:\/\/evertonfc.cz\/index.php\/2021\/05\/19\/preview-everton-wolverhampton-wanderers-4\/#primaryimage"},"image":{"@id":"https:\/\/evertonfc.cz\/index.php\/2021\/05\/19\/preview-everton-wolverhampton-wanderers-4\/#primaryimage"},"thumbnailUrl":"https:\/\/evertonfc.cz\/wp-content\/uploads\/2021\/05\/Everton-VS-Wolverhampton-Wanderers.png","datePublished":"2021-05-19T10:30:10+00:00","dateModified":"2021-05-19T16:49:27+00:00","breadcrumb":{"@id":"https:\/\/evertonfc.cz\/index.php\/2021\/05\/19\/preview-everton-wolverhampton-wanderers-4\/#breadcrumb"},"inLanguage":"cs","potentialAction":[{"@type":"ReadAction","target":["https:\/\/evertonfc.cz\/index.php\/2021\/05\/19\/preview-everton-wolverhampton-wanderers-4\/"]}]},{"@type":"ImageObject","inLanguage":"cs","@id":"https:\/\/evertonfc.cz\/index.php\/2021\/05\/19\/preview-everton-wolverhampton-wanderers-4\/#primaryimage","url":"https:\/\/evertonfc.cz\/wp-content\/uploads\/2021\/05\/Everton-VS-Wolverhampton-Wanderers.png","contentUrl":"https:\/\/evertonfc.cz\/wp-content\/uploads\/2021\/05\/Everton-VS-Wolverhampton-Wanderers.png","width":720,"height":405},{"@type":"BreadcrumbList","@id":"https:\/\/evertonfc.cz\/index.php\/2021\/05\/19\/preview-everton-wolverhampton-wanderers-4\/#breadcrumb","itemListElement":[{"@type":"ListItem","position":1,"name":"Home","item":"https:\/\/evertonfc.cz\/"},{"@type":"ListItem","position":2,"name":"Preview: Everton \u2013 Wolverhampton Wanderers"}]},{"@type":"WebSite","@id":"https:\/\/evertonfc.cz\/#website","url":"https:\/\/evertonfc.cz\/","name":"Official Czech &amp; Slovak Everton Supporters&#039; Club","description":"","publisher":{"@id":"https:\/\/evertonfc.cz\/#organization"},"potentialAction":[{"@type":"SearchAction","target":{"@type":"EntryPoint","urlTemplate":"https:\/\/evertonfc.cz\/?s={search_term_string}"},"query-input":{"@type":"PropertyValueSpecification","valueRequired":true,"valueName":"search_term_string"}}],"inLanguage":"cs"},{"@type":"Organization","@id":"https:\/\/evertonfc.cz\/#organization","name":"Official Czech & Slovak Everton Supporters' Club","url":"https:\/\/evertonfc.cz\/","logo":{"@type":"ImageObject","inLanguage":"cs","@id":"https:\/\/evertonfc.cz\/#\/schema\/logo\/image\/","url":"https:\/\/evertonfc.cz\/wp-content\/uploads\/2019\/05\/logo.png","contentUrl":"https:\/\/evertonfc.cz\/wp-content\/uploads\/2019\/05\/logo.png","width":112,"height":112,"caption":"Official Czech & Slovak Everton Supporters' Club"},"image":{"@id":"https:\/\/evertonfc.cz\/#\/schema\/logo\/image\/"},"sameAs":["https:\/\/www.facebook.com\/everton.fans.cz.sk"]},{"@type":"Person","@id":"https:\/\/evertonfc.cz\/#\/schema\/person\/d4493b8cbea51532597fbc4685698916","name":"BlueBlooded","url":"https:\/\/evertonfc.cz\/index.php\/author\/admin\/"}]}},"_links":{"self":[{"href":"https:\/\/evertonfc.cz\/index.php\/wp-json\/wp\/v2\/posts\/15371"}],"collection":[{"href":"https:\/\/evertonfc.cz\/index.php\/wp-json\/wp\/v2\/posts"}],"about":[{"href":"https:\/\/evertonfc.cz\/index.php\/wp-json\/wp\/v2\/types\/post"}],"author":[{"embeddable":true,"href":"https:\/\/evertonfc.cz\/index.php\/wp-json\/wp\/v2\/users\/1"}],"replies":[{"embeddable":true,"href":"https:\/\/evertonfc.cz\/index.php\/wp-json\/wp\/v2\/comments?post=15371"}],"version-history":[{"count":4,"href":"https:\/\/evertonfc.cz\/index.php\/wp-json\/wp\/v2\/posts\/15371\/revisions"}],"predecessor-version":[{"id":15385,"href":"https:\/\/evertonfc.cz\/index.php\/wp-json\/wp\/v2\/posts\/15371\/revisions\/15385"}],"wp:featuredmedia":[{"embeddable":true,"href":"https:\/\/evertonfc.cz\/index.php\/wp-json\/wp\/v2\/media\/15370"}],"wp:attachment":[{"href":"https:\/\/evertonfc.cz\/index.php\/wp-json\/wp\/v2\/media?parent=15371"}],"wp:term":[{"taxonomy":"category","embeddable":true,"href":"https:\/\/evertonfc.cz\/index.php\/wp-json\/wp\/v2\/categories?post=15371"},{"taxonomy":"post_tag","embeddable":true,"href":"https:\/\/evertonfc.cz\/index.php\/wp-json\/wp\/v2\/tags?post=15371"}],"curies":[{"name":"wp","href":"https:\/\/api.w.org\/{rel}","templated":true}]}}