{"id":15389,"date":"2021-05-19T21:16:41","date_gmt":"2021-05-19T19:16:41","guid":{"rendered":"https:\/\/evertonfc.cz\/?p=15389"},"modified":"2021-05-19T22:01:22","modified_gmt":"2021-05-19T20:01:22","slug":"everton-wolverhampton-wanderers-1-0","status":"publish","type":"post","link":"https:\/\/evertonfc.cz\/index.php\/2021\/05\/19\/everton-wolverhampton-wanderers-1-0\/","title":{"rendered":"Everton &#8211; Wolverhampton Wanderers 1:0"},"content":{"rendered":"<h4>V patn\u00e1cti dom\u00e1c\u00edch z\u00e1pasech aktu\u00e1ln\u00edho ligov\u00e9ho ro\u010dn\u00edku nastoupil Everton bez fanou\u0161k\u016f v hledi\u0161ti a zaknihoval pouh\u00e9 t\u0159i v\u00fdhry, ve zb\u00fdvaj\u00edc\u00edch t\u0159ech duelech mu sed\u011blo za z\u00e1dy aspo\u0148 p\u00e1r tis\u00edc p\u0159\u00edznivc\u016f a poka\u017ed\u00e9 zv\u00edt\u011bzil. N\u00e1hoda?<\/h4>\n<p>I p\u0159es kritiku nepoveden\u00e9ho v\u00fdkonu v utk\u00e1n\u00ed proti Sheffieldu United provedl Carlo Ancelotti pouze dv\u011b zm\u011bny v z\u00e1kladn\u00ed sestav\u011b, z toho nav\u00edc je\u0161t\u011b jednu vynucenou. Zran\u011bn\u00e9ho \u010di unaven\u00e9ho Jamese nahradil Sigurdsson a rozt\u011bkan\u00e9ho Holgatea ji\u017e uzdraven\u00fd Mina, kter\u00fd zaujal pozici ve stopersk\u00e9 dvojici s Keanem. Ancelotti p\u0159itom zvolil rozestaven\u00ed 4-4-2 s Godfreym na prav\u00e9m beku a Colemanem se Sigurdsson na kraj\u00edch z\u00e1lohy.<\/p>\n<p>Do proslun\u011bn\u00e9ho podve\u010deru l\u00e9pe vstoupili host\u00e9, kte\u0159\u00ed h\u00fd\u0159ili v\u011bt\u0161\u00ed aktivitou a sebev\u011bdom\u00edm. Na Evertonu byla c\u00edtit t\u011b\u017ek\u00e1 deka v\u00edkendov\u00e9 zklam\u00e1n\u00ed, na\u0161t\u011bst\u00ed v dobr\u00e9 form\u011b se nach\u00e1z\u00ed aspo\u0148 brank\u00e1\u0159 Pickford, kter\u00fd zklikvidoval \u0161tiplav\u00e9 pokusy Gibbse-Whitea a Traor\u00e9ho. Toffees se do prvn\u00ed v\u00e1\u017en\u011bj\u0161\u00ed \u0161ance dostali a\u017e v z\u00e1v\u011bru prvn\u00edho polo\u010dasu, ale Richarlison\u016fv pokus zbl\u00edzka po rohov\u00e9m kopu z\u016fstal zblokov\u00e1n protihr\u00e1\u010dem.<\/p>\n<p>Polo\u010dasov\u00e1 rozmluva tentokr\u00e1t pomohla o\u017eivit v\u00fdkon Toffees, kte\u0159\u00ed otev\u0159eli sk\u00f3re ji\u017e t\u0159i minuty po p\u0159\u00edchodu ze \u0161atny. Na Sigurdsson\u016fv roh si nasko\u010dil Richarlison a utnul ligovou \u0161\u0148\u016fru deseti z\u00e1pas\u016f bez vst\u0159elen\u00e9 branky &#8211; <strong>1:0<\/strong>.<\/p>\n<p>Dom\u00e1c\u00ed pokra\u010dovali ve zlep\u0161en\u00e9m p\u0159edstaven\u00ed, kter\u00e9 sice m\u011blo daleko od fotbalov\u00e9 n\u00e1dhery, ale stoprocentn\u00ed nasazen\u00ed a pravideln\u00e9 p\u0159ekro\u010den\u00ed p\u016fl\u00edc\u00ed \u010d\u00e1ry t\u011b\u0161ilo nejen \u0161est a p\u016fl tis\u00edce Bluenoses v Goodison Parku.<\/p>\n<p>Dvacet minut p\u0159ed koncem otestoval pozornost Ruddyho, brank\u00e1\u0159e Evertonu v letech 2005 a\u017e 2010 s jedn\u00edm odchytan\u00fdm z\u00e1pasem, st\u0159elou z \u00fahlu Calvert-Lewin a n\u00e1sledn\u011b dvakr\u00e1t nebezpe\u010dn\u011b p\u00e1lil z d\u00e1lky Sigurdsson, ke g\u00f3lov\u00e9 radosti ale v\u017edy chyb\u011blo p\u00e1r decimetr\u016f.<\/p>\n<p>Radost se v\u0161ak p\u0159eci jen dostavila, a to ta lep\u0161\u00ed, t\u0159\u00edbodov\u00e1, kter\u00e1 z\u00e1rove\u0148 znamen\u00e1, \u017ee k ned\u011bln\u00edmu posledn\u00edmu kolu sez\u00f3ny na p\u016fd\u011b mistr\u016f ze City pocestuje Everton jako osm\u00fd celek tabulky.<\/p>\n<blockquote class=\"twitter-tweet\">\n<p dir=\"ltr\" lang=\"en\">Three games at home this season with our fans and 3 victories. You make the difference. <a href=\"https:\/\/twitter.com\/hashtag\/COYB?src=hash&amp;ref_src=twsrc%5Etfw\">#COYB<\/a> <a href=\"https:\/\/t.co\/22G1Qa54B5\">pic.twitter.com\/22G1Qa54B5<\/a><\/p>\n<p>\u2014 Carlo Ancelotti (@MrAncelotti) <a href=\"https:\/\/twitter.com\/MrAncelotti\/status\/1395106503607074828?ref_src=twsrc%5Etfw\">May 19, 2021<\/a><\/p><\/blockquote>\n<p><script async src=\"https:\/\/platform.twitter.com\/widgets.js\" charset=\"utf-8\"><\/script><\/p>\n<p><strong>Branka:<\/strong> 48. Richarlison<\/p>\n<p><strong>\u017dK:<\/strong> 80. N\u00e9lson Semedo<\/p>\n<p><strong>Everton:<\/strong> Jordan Pickford, S\u00e9amus Coleman (82. Tom Davies), Lucas Digne, Ben Godfrey, Michael Keane, Yerry Mina, Gylfi Sigurdsson (86. Andr\u00e9 Gomes), Allan, Abdoulaye Doucour\u00e9 (90. Mason Holgate), Dominic Calvert-Lewin, Richarlison<\/p>\n<p><strong>Wolverhampton Wanderers:<\/strong> John Ruddy, Willy Boly (80. Leander Dendoncker), Conor Coady, N\u00e9lson Semedo, Max Kilman, Rayan A\u00eft Nouri, Jo\u00e3o Moutinho (80. V\u00edtor Ferreira), R\u00faben Neves, Morgan Gibbs-White (68. Willian Jos\u00e9), Adama Traor\u00e9, F\u00e1bio Silva<\/p>\n<p><strong>Rozhod\u010d\u00ed:<\/strong> Andy Madley<\/p>\n<p><strong>Div\u00e1ci:<\/strong> 6 500<\/p>\n","protected":false},"excerpt":{"rendered":"<p>V patn\u00e1cti dom\u00e1c\u00edch z\u00e1pasech aktu\u00e1ln\u00edho ligov\u00e9ho ro\u010dn\u00edku nastoupil Everton bez fanou\u0161k\u016f v hledi\u0161ti a zaknihoval pouh\u00e9 t\u0159i v\u00fdhry, ve zb\u00fdvaj\u00edc\u00edch t\u0159ech duelech mu sed\u011blo za z\u00e1dy aspo\u0148 p\u00e1r tis\u00edc p\u0159\u00edznivc\u016f a poka\u017ed\u00e9 zv\u00edt\u011bzil. N\u00e1hoda?<\/p>\n","protected":false},"author":6,"featured_media":15388,"comment_status":"open","ping_status":"closed","sticky":false,"template":"","format":"standard","meta":{"_eb_attr":"","_monsterinsights_skip_tracking":false,"_monsterinsights_sitenote_active":false,"_monsterinsights_sitenote_note":"","_monsterinsights_sitenote_category":0,"footnotes":""},"categories":[4],"tags":[],"yoast_head":"<!-- This site is optimized with the Yoast SEO plugin v23.4 - https:\/\/yoast.com\/wordpress\/plugins\/seo\/ -->\n<title>Everton - Wolverhampton Wanderers 1:0 - Official Czech &amp; Slovak Everton Supporters&#039; Club<\/title>\n<meta name=\"description\" content=\"V patn\u00e1cti dom\u00e1c\u00edch z\u00e1pasech aktu\u00e1ln\u00edho ligov\u00e9ho ro\u010dn\u00edku nastoupil Everton bez fanou\u0161k\u016f v hledi\u0161ti a zaknihoval pouh\u00e9 t\u0159i v\u00fdhry, ve zb\u00fdvaj\u00edc\u00edch t\u0159ech duelech mu sed\u011blo za z\u00e1dy aspo\u0148 p\u00e1r tis\u00edc p\u0159\u00edznivc\u016f a poka\u017ed\u00e9 zv\u00edt\u011bzil. N\u00e1hoda?\" \/>\n<meta name=\"robots\" content=\"index, follow, max-snippet:-1, max-image-preview:large, max-video-preview:-1\" \/>\n<link rel=\"canonical\" href=\"https:\/\/evertonfc.cz\/index.php\/2021\/05\/19\/everton-wolverhampton-wanderers-1-0\/\" \/>\n<meta property=\"og:locale\" content=\"cs_CZ\" \/>\n<meta property=\"og:type\" content=\"article\" \/>\n<meta property=\"og:title\" content=\"Everton - Wolverhampton Wanderers 1:0 - Official Czech &amp; Slovak Everton Supporters&#039; Club\" \/>\n<meta property=\"og:description\" content=\"V patn\u00e1cti dom\u00e1c\u00edch z\u00e1pasech aktu\u00e1ln\u00edho ligov\u00e9ho ro\u010dn\u00edku nastoupil Everton bez fanou\u0161k\u016f v hledi\u0161ti a zaknihoval pouh\u00e9 t\u0159i v\u00fdhry, ve zb\u00fdvaj\u00edc\u00edch t\u0159ech duelech mu sed\u011blo za z\u00e1dy aspo\u0148 p\u00e1r tis\u00edc p\u0159\u00edznivc\u016f a poka\u017ed\u00e9 zv\u00edt\u011bzil. N\u00e1hoda?\" \/>\n<meta property=\"og:url\" content=\"https:\/\/evertonfc.cz\/index.php\/2021\/05\/19\/everton-wolverhampton-wanderers-1-0\/\" \/>\n<meta property=\"og:site_name\" content=\"Official Czech &amp; Slovak Everton Supporters&#039; Club\" \/>\n<meta property=\"article:publisher\" content=\"https:\/\/www.facebook.com\/everton.fans.cz.sk\" \/>\n<meta property=\"article:published_time\" content=\"2021-05-19T19:16:41+00:00\" \/>\n<meta property=\"article:modified_time\" content=\"2021-05-19T20:01:22+00:00\" \/>\n<meta property=\"og:image\" content=\"https:\/\/evertonfc.cz\/wp-content\/uploads\/2021\/05\/richarlison_19_5_2021.jpg\" \/>\n\t<meta property=\"og:image:width\" content=\"720\" \/>\n\t<meta property=\"og:image:height\" content=\"405\" \/>\n\t<meta property=\"og:image:type\" content=\"image\/jpeg\" \/>\n<meta name=\"author\" content=\"Ri\u010di\" \/>\n<meta name=\"twitter:card\" content=\"summary_large_image\" \/>\n<meta name=\"twitter:creator\" content=\"@rbrejsa\" \/>\n<meta name=\"twitter:label1\" content=\"Napsal(a)\" \/>\n\t<meta name=\"twitter:data1\" content=\"Ri\u010di\" \/>\n\t<meta name=\"twitter:label2\" content=\"Odhadovan\u00e1 doba \u010dten\u00ed\" \/>\n\t<meta name=\"twitter:data2\" content=\"2 minuty\" \/>\n<script type=\"application\/ld+json\" class=\"yoast-schema-graph\">{\"@context\":\"https:\/\/schema.org\",\"@graph\":[{\"@type\":\"Article\",\"@id\":\"https:\/\/evertonfc.cz\/index.php\/2021\/05\/19\/everton-wolverhampton-wanderers-1-0\/#article\",\"isPartOf\":{\"@id\":\"https:\/\/evertonfc.cz\/index.php\/2021\/05\/19\/everton-wolverhampton-wanderers-1-0\/\"},\"author\":{\"name\":\"Ri\u010di\",\"@id\":\"https:\/\/evertonfc.cz\/#\/schema\/person\/f7a5daedb2ffee98480bc70e191aaef1\"},\"headline\":\"Everton &#8211; Wolverhampton Wanderers 1:0\",\"datePublished\":\"2021-05-19T19:16:41+00:00\",\"dateModified\":\"2021-05-19T20:01:22+00:00\",\"mainEntityOfPage\":{\"@id\":\"https:\/\/evertonfc.cz\/index.php\/2021\/05\/19\/everton-wolverhampton-wanderers-1-0\/\"},\"wordCount\":512,\"commentCount\":2,\"publisher\":{\"@id\":\"https:\/\/evertonfc.cz\/#organization\"},\"image\":{\"@id\":\"https:\/\/evertonfc.cz\/index.php\/2021\/05\/19\/everton-wolverhampton-wanderers-1-0\/#primaryimage\"},\"thumbnailUrl\":\"https:\/\/evertonfc.cz\/wp-content\/uploads\/2021\/05\/richarlison_19_5_2021.jpg\",\"articleSection\":[\"Z\u00e1pasy\"],\"inLanguage\":\"cs\",\"potentialAction\":[{\"@type\":\"CommentAction\",\"name\":\"Comment\",\"target\":[\"https:\/\/evertonfc.cz\/index.php\/2021\/05\/19\/everton-wolverhampton-wanderers-1-0\/#respond\"]}]},{\"@type\":\"WebPage\",\"@id\":\"https:\/\/evertonfc.cz\/index.php\/2021\/05\/19\/everton-wolverhampton-wanderers-1-0\/\",\"url\":\"https:\/\/evertonfc.cz\/index.php\/2021\/05\/19\/everton-wolverhampton-wanderers-1-0\/\",\"name\":\"Everton - Wolverhampton Wanderers 1:0 - Official Czech &amp; Slovak Everton Supporters&#039; Club\",\"isPartOf\":{\"@id\":\"https:\/\/evertonfc.cz\/#website\"},\"primaryImageOfPage\":{\"@id\":\"https:\/\/evertonfc.cz\/index.php\/2021\/05\/19\/everton-wolverhampton-wanderers-1-0\/#primaryimage\"},\"image\":{\"@id\":\"https:\/\/evertonfc.cz\/index.php\/2021\/05\/19\/everton-wolverhampton-wanderers-1-0\/#primaryimage\"},\"thumbnailUrl\":\"https:\/\/evertonfc.cz\/wp-content\/uploads\/2021\/05\/richarlison_19_5_2021.jpg\",\"datePublished\":\"2021-05-19T19:16:41+00:00\",\"dateModified\":\"2021-05-19T20:01:22+00:00\",\"description\":\"V patn\u00e1cti dom\u00e1c\u00edch z\u00e1pasech aktu\u00e1ln\u00edho ligov\u00e9ho ro\u010dn\u00edku nastoupil Everton bez fanou\u0161k\u016f v hledi\u0161ti a zaknihoval pouh\u00e9 t\u0159i v\u00fdhry, ve zb\u00fdvaj\u00edc\u00edch t\u0159ech duelech mu sed\u011blo za z\u00e1dy aspo\u0148 p\u00e1r tis\u00edc p\u0159\u00edznivc\u016f a poka\u017ed\u00e9 zv\u00edt\u011bzil. N\u00e1hoda?\",\"breadcrumb\":{\"@id\":\"https:\/\/evertonfc.cz\/index.php\/2021\/05\/19\/everton-wolverhampton-wanderers-1-0\/#breadcrumb\"},\"inLanguage\":\"cs\",\"potentialAction\":[{\"@type\":\"ReadAction\",\"target\":[\"https:\/\/evertonfc.cz\/index.php\/2021\/05\/19\/everton-wolverhampton-wanderers-1-0\/\"]}]},{\"@type\":\"ImageObject\",\"inLanguage\":\"cs\",\"@id\":\"https:\/\/evertonfc.cz\/index.php\/2021\/05\/19\/everton-wolverhampton-wanderers-1-0\/#primaryimage\",\"url\":\"https:\/\/evertonfc.cz\/wp-content\/uploads\/2021\/05\/richarlison_19_5_2021.jpg\",\"contentUrl\":\"https:\/\/evertonfc.cz\/wp-content\/uploads\/2021\/05\/richarlison_19_5_2021.jpg\",\"width\":720,\"height\":405},{\"@type\":\"BreadcrumbList\",\"@id\":\"https:\/\/evertonfc.cz\/index.php\/2021\/05\/19\/everton-wolverhampton-wanderers-1-0\/#breadcrumb\",\"itemListElement\":[{\"@type\":\"ListItem\",\"position\":1,\"name\":\"Home\",\"item\":\"https:\/\/evertonfc.cz\/\"},{\"@type\":\"ListItem\",\"position\":2,\"name\":\"Everton &#8211; Wolverhampton Wanderers 1:0\"}]},{\"@type\":\"WebSite\",\"@id\":\"https:\/\/evertonfc.cz\/#website\",\"url\":\"https:\/\/evertonfc.cz\/\",\"name\":\"Official Czech &amp; Slovak Everton Supporters&#039; Club\",\"description\":\"\",\"publisher\":{\"@id\":\"https:\/\/evertonfc.cz\/#organization\"},\"potentialAction\":[{\"@type\":\"SearchAction\",\"target\":{\"@type\":\"EntryPoint\",\"urlTemplate\":\"https:\/\/evertonfc.cz\/?s={search_term_string}\"},\"query-input\":{\"@type\":\"PropertyValueSpecification\",\"valueRequired\":true,\"valueName\":\"search_term_string\"}}],\"inLanguage\":\"cs\"},{\"@type\":\"Organization\",\"@id\":\"https:\/\/evertonfc.cz\/#organization\",\"name\":\"Official Czech & Slovak Everton Supporters' Club\",\"url\":\"https:\/\/evertonfc.cz\/\",\"logo\":{\"@type\":\"ImageObject\",\"inLanguage\":\"cs\",\"@id\":\"https:\/\/evertonfc.cz\/#\/schema\/logo\/image\/\",\"url\":\"https:\/\/evertonfc.cz\/wp-content\/uploads\/2019\/05\/logo.png\",\"contentUrl\":\"https:\/\/evertonfc.cz\/wp-content\/uploads\/2019\/05\/logo.png\",\"width\":112,\"height\":112,\"caption\":\"Official Czech & Slovak Everton Supporters' Club\"},\"image\":{\"@id\":\"https:\/\/evertonfc.cz\/#\/schema\/logo\/image\/\"},\"sameAs\":[\"https:\/\/www.facebook.com\/everton.fans.cz.sk\"]},{\"@type\":\"Person\",\"@id\":\"https:\/\/evertonfc.cz\/#\/schema\/person\/f7a5daedb2ffee98480bc70e191aaef1\",\"name\":\"Ri\u010di\",\"sameAs\":[\"https:\/\/x.com\/rbrejsa\"],\"url\":\"https:\/\/evertonfc.cz\/index.php\/author\/rici\/\"}]}<\/script>\n<!-- \/ Yoast SEO plugin. -->","yoast_head_json":{"title":"Everton - Wolverhampton Wanderers 1:0 - Official Czech &amp; Slovak Everton Supporters&#039; Club","description":"V patn\u00e1cti dom\u00e1c\u00edch z\u00e1pasech aktu\u00e1ln\u00edho ligov\u00e9ho ro\u010dn\u00edku nastoupil Everton bez fanou\u0161k\u016f v hledi\u0161ti a zaknihoval pouh\u00e9 t\u0159i v\u00fdhry, ve zb\u00fdvaj\u00edc\u00edch t\u0159ech duelech mu sed\u011blo za z\u00e1dy aspo\u0148 p\u00e1r tis\u00edc p\u0159\u00edznivc\u016f a poka\u017ed\u00e9 zv\u00edt\u011bzil. N\u00e1hoda?","robots":{"index":"index","follow":"follow","max-snippet":"max-snippet:-1","max-image-preview":"max-image-preview:large","max-video-preview":"max-video-preview:-1"},"canonical":"https:\/\/evertonfc.cz\/index.php\/2021\/05\/19\/everton-wolverhampton-wanderers-1-0\/","og_locale":"cs_CZ","og_type":"article","og_title":"Everton - Wolverhampton Wanderers 1:0 - Official Czech &amp; Slovak Everton Supporters&#039; Club","og_description":"V patn\u00e1cti dom\u00e1c\u00edch z\u00e1pasech aktu\u00e1ln\u00edho ligov\u00e9ho ro\u010dn\u00edku nastoupil Everton bez fanou\u0161k\u016f v hledi\u0161ti a zaknihoval pouh\u00e9 t\u0159i v\u00fdhry, ve zb\u00fdvaj\u00edc\u00edch t\u0159ech duelech mu sed\u011blo za z\u00e1dy aspo\u0148 p\u00e1r tis\u00edc p\u0159\u00edznivc\u016f a poka\u017ed\u00e9 zv\u00edt\u011bzil. N\u00e1hoda?","og_url":"https:\/\/evertonfc.cz\/index.php\/2021\/05\/19\/everton-wolverhampton-wanderers-1-0\/","og_site_name":"Official Czech &amp; Slovak Everton Supporters&#039; Club","article_publisher":"https:\/\/www.facebook.com\/everton.fans.cz.sk","article_published_time":"2021-05-19T19:16:41+00:00","article_modified_time":"2021-05-19T20:01:22+00:00","og_image":[{"width":720,"height":405,"url":"https:\/\/evertonfc.cz\/wp-content\/uploads\/2021\/05\/richarlison_19_5_2021.jpg","type":"image\/jpeg"}],"author":"Ri\u010di","twitter_card":"summary_large_image","twitter_creator":"@rbrejsa","twitter_misc":{"Napsal(a)":"Ri\u010di","Odhadovan\u00e1 doba \u010dten\u00ed":"2 minuty"},"schema":{"@context":"https:\/\/schema.org","@graph":[{"@type":"Article","@id":"https:\/\/evertonfc.cz\/index.php\/2021\/05\/19\/everton-wolverhampton-wanderers-1-0\/#article","isPartOf":{"@id":"https:\/\/evertonfc.cz\/index.php\/2021\/05\/19\/everton-wolverhampton-wanderers-1-0\/"},"author":{"name":"Ri\u010di","@id":"https:\/\/evertonfc.cz\/#\/schema\/person\/f7a5daedb2ffee98480bc70e191aaef1"},"headline":"Everton &#8211; Wolverhampton Wanderers 1:0","datePublished":"2021-05-19T19:16:41+00:00","dateModified":"2021-05-19T20:01:22+00:00","mainEntityOfPage":{"@id":"https:\/\/evertonfc.cz\/index.php\/2021\/05\/19\/everton-wolverhampton-wanderers-1-0\/"},"wordCount":512,"commentCount":2,"publisher":{"@id":"https:\/\/evertonfc.cz\/#organization"},"image":{"@id":"https:\/\/evertonfc.cz\/index.php\/2021\/05\/19\/everton-wolverhampton-wanderers-1-0\/#primaryimage"},"thumbnailUrl":"https:\/\/evertonfc.cz\/wp-content\/uploads\/2021\/05\/richarlison_19_5_2021.jpg","articleSection":["Z\u00e1pasy"],"inLanguage":"cs","potentialAction":[{"@type":"CommentAction","name":"Comment","target":["https:\/\/evertonfc.cz\/index.php\/2021\/05\/19\/everton-wolverhampton-wanderers-1-0\/#respond"]}]},{"@type":"WebPage","@id":"https:\/\/evertonfc.cz\/index.php\/2021\/05\/19\/everton-wolverhampton-wanderers-1-0\/","url":"https:\/\/evertonfc.cz\/index.php\/2021\/05\/19\/everton-wolverhampton-wanderers-1-0\/","name":"Everton - Wolverhampton Wanderers 1:0 - Official Czech &amp; Slovak Everton Supporters&#039; Club","isPartOf":{"@id":"https:\/\/evertonfc.cz\/#website"},"primaryImageOfPage":{"@id":"https:\/\/evertonfc.cz\/index.php\/2021\/05\/19\/everton-wolverhampton-wanderers-1-0\/#primaryimage"},"image":{"@id":"https:\/\/evertonfc.cz\/index.php\/2021\/05\/19\/everton-wolverhampton-wanderers-1-0\/#primaryimage"},"thumbnailUrl":"https:\/\/evertonfc.cz\/wp-content\/uploads\/2021\/05\/richarlison_19_5_2021.jpg","datePublished":"2021-05-19T19:16:41+00:00","dateModified":"2021-05-19T20:01:22+00:00","description":"V patn\u00e1cti dom\u00e1c\u00edch z\u00e1pasech aktu\u00e1ln\u00edho ligov\u00e9ho ro\u010dn\u00edku nastoupil Everton bez fanou\u0161k\u016f v hledi\u0161ti a zaknihoval pouh\u00e9 t\u0159i v\u00fdhry, ve zb\u00fdvaj\u00edc\u00edch t\u0159ech duelech mu sed\u011blo za z\u00e1dy aspo\u0148 p\u00e1r tis\u00edc p\u0159\u00edznivc\u016f a poka\u017ed\u00e9 zv\u00edt\u011bzil. N\u00e1hoda?","breadcrumb":{"@id":"https:\/\/evertonfc.cz\/index.php\/2021\/05\/19\/everton-wolverhampton-wanderers-1-0\/#breadcrumb"},"inLanguage":"cs","potentialAction":[{"@type":"ReadAction","target":["https:\/\/evertonfc.cz\/index.php\/2021\/05\/19\/everton-wolverhampton-wanderers-1-0\/"]}]},{"@type":"ImageObject","inLanguage":"cs","@id":"https:\/\/evertonfc.cz\/index.php\/2021\/05\/19\/everton-wolverhampton-wanderers-1-0\/#primaryimage","url":"https:\/\/evertonfc.cz\/wp-content\/uploads\/2021\/05\/richarlison_19_5_2021.jpg","contentUrl":"https:\/\/evertonfc.cz\/wp-content\/uploads\/2021\/05\/richarlison_19_5_2021.jpg","width":720,"height":405},{"@type":"BreadcrumbList","@id":"https:\/\/evertonfc.cz\/index.php\/2021\/05\/19\/everton-wolverhampton-wanderers-1-0\/#breadcrumb","itemListElement":[{"@type":"ListItem","position":1,"name":"Home","item":"https:\/\/evertonfc.cz\/"},{"@type":"ListItem","position":2,"name":"Everton &#8211; Wolverhampton Wanderers 1:0"}]},{"@type":"WebSite","@id":"https:\/\/evertonfc.cz\/#website","url":"https:\/\/evertonfc.cz\/","name":"Official Czech &amp; Slovak Everton Supporters&#039; Club","description":"","publisher":{"@id":"https:\/\/evertonfc.cz\/#organization"},"potentialAction":[{"@type":"SearchAction","target":{"@type":"EntryPoint","urlTemplate":"https:\/\/evertonfc.cz\/?s={search_term_string}"},"query-input":{"@type":"PropertyValueSpecification","valueRequired":true,"valueName":"search_term_string"}}],"inLanguage":"cs"},{"@type":"Organization","@id":"https:\/\/evertonfc.cz\/#organization","name":"Official Czech & Slovak Everton Supporters' Club","url":"https:\/\/evertonfc.cz\/","logo":{"@type":"ImageObject","inLanguage":"cs","@id":"https:\/\/evertonfc.cz\/#\/schema\/logo\/image\/","url":"https:\/\/evertonfc.cz\/wp-content\/uploads\/2019\/05\/logo.png","contentUrl":"https:\/\/evertonfc.cz\/wp-content\/uploads\/2019\/05\/logo.png","width":112,"height":112,"caption":"Official Czech & Slovak Everton Supporters' Club"},"image":{"@id":"https:\/\/evertonfc.cz\/#\/schema\/logo\/image\/"},"sameAs":["https:\/\/www.facebook.com\/everton.fans.cz.sk"]},{"@type":"Person","@id":"https:\/\/evertonfc.cz\/#\/schema\/person\/f7a5daedb2ffee98480bc70e191aaef1","name":"Ri\u010di","sameAs":["https:\/\/x.com\/rbrejsa"],"url":"https:\/\/evertonfc.cz\/index.php\/author\/rici\/"}]}},"_links":{"self":[{"href":"https:\/\/evertonfc.cz\/index.php\/wp-json\/wp\/v2\/posts\/15389"}],"collection":[{"href":"https:\/\/evertonfc.cz\/index.php\/wp-json\/wp\/v2\/posts"}],"about":[{"href":"https:\/\/evertonfc.cz\/index.php\/wp-json\/wp\/v2\/types\/post"}],"author":[{"embeddable":true,"href":"https:\/\/evertonfc.cz\/index.php\/wp-json\/wp\/v2\/users\/6"}],"replies":[{"embeddable":true,"href":"https:\/\/evertonfc.cz\/index.php\/wp-json\/wp\/v2\/comments?post=15389"}],"version-history":[{"count":4,"href":"https:\/\/evertonfc.cz\/index.php\/wp-json\/wp\/v2\/posts\/15389\/revisions"}],"predecessor-version":[{"id":15397,"href":"https:\/\/evertonfc.cz\/index.php\/wp-json\/wp\/v2\/posts\/15389\/revisions\/15397"}],"wp:featuredmedia":[{"embeddable":true,"href":"https:\/\/evertonfc.cz\/index.php\/wp-json\/wp\/v2\/media\/15388"}],"wp:attachment":[{"href":"https:\/\/evertonfc.cz\/index.php\/wp-json\/wp\/v2\/media?parent=15389"}],"wp:term":[{"taxonomy":"category","embeddable":true,"href":"https:\/\/evertonfc.cz\/index.php\/wp-json\/wp\/v2\/categories?post=15389"},{"taxonomy":"post_tag","embeddable":true,"href":"https:\/\/evertonfc.cz\/index.php\/wp-json\/wp\/v2\/tags?post=15389"}],"curies":[{"name":"wp","href":"https:\/\/api.w.org\/{rel}","templated":true}]}}