{"id":15590,"date":"2021-06-20T10:54:47","date_gmt":"2021-06-20T08:54:47","guid":{"rendered":"https:\/\/evertonfc.cz\/?p=15590"},"modified":"2021-06-20T20:27:55","modified_gmt":"2021-06-20T18:27:55","slug":"broadheadova-neskora-sanca","status":"publish","type":"post","link":"https:\/\/evertonfc.cz\/index.php\/2021\/06\/20\/broadheadova-neskora-sanca\/","title":{"rendered":"Broadheadova neskor\u00e1 \u0161anca"},"content":{"rendered":"<h4>Walesk\u00fd \u00fato\u010dn\u00edk, ktor\u00fd p\u00f4sob\u00ed v\u00a0akad\u00e9mii na Finch Farm u\u017e od svojich desiatich rokov, si po jarnej \u010dasti sez\u00f3ny U23 vysl\u00fa\u017eil pred\u013a\u017eenie zmluvy, ktor\u00e1 mala toto leto vypr\u0161a\u0165.<\/h4>\n<p>Nov\u00fd, a\u017e dvojro\u010dn\u00fd kontrakt udr\u017e\u00ed Nathana vo farb\u00e1ch kr\u00e1\u013eovskej modrej do leta 2023. Pri\u010dinil sa o to svojimi 11 g\u00f3lmi v\u00a0rovnakom po\u010dte stretnut\u00ed v\u00fdberu Evertonu do 23 rokov. Od 1. marca bol nominovan\u00fd a\u017e do deviatich ligov\u00fdch s\u00fapisiek z\u00e1pasov prv\u00e9ho t\u00edmu. Debut v Premier League mu doprial Ancelotti.<\/p>\n<p>A to ako n\u00e1hradn\u00edkovi pri bezg\u00f3lovej rem\u00edze na ihrisku Brightonu &amp; Hove Albion 12. apr\u00edla, ke\u010f vystriedal dve min\u00faty pred koncom Toma Daviesa. Sez\u00f3nu zakon\u010dil pripojen\u00edm sa na reprezenta\u010dn\u00e9 s\u00fastredenie Walesu pred prebiehaj\u00facim eur\u00f3pskym \u0161ampion\u00e1tom. A za to v\u0161etko v\u010fa\u010d\u00ed zmene poz\u00edcie na ihrisku mana\u017e\u00e9rom Davidom Unsworthom. Ten ho z krajnej poz\u00edcie kr\u00eddla presunul na hrot \u00fatoku.<\/p>\n<h4><strong>Prv\u00fdkr\u00e1t sa predstavil v\u00a0Eur\u00f3pskej lige<\/strong><\/h4>\n<p>Rod\u00e1k z walesk\u00e9ho Bangoru v rovnakom meste zapo\u010dal svoje prv\u00e9 futbalov\u00e9 kroky, aby sa nesk\u00f4r presunul do Wrexhamu, tie\u017e walesk\u00e9ho celku, ktor\u00fd ale hr\u00e1va v anglickej futbalovej pyram\u00edde. V desiatich rokoch ho prijali do akad\u00e9mie Evertonu a v roku 2014 dostal \u0161tipendium. Odv\u010fa\u010dil sa za to v nasleduj\u00facej sez\u00f3ne 2015\/16, ke\u010f sa stal najlep\u0161\u00edm strelcom v\u00fdberu U18 Kevina Sheedyho a dopomohol tak k v\u00fdhre dorastencov v Dallas Cupe. O sez\u00f3nu nesk\u00f4r prenikol do U23 a vysl\u00fa\u017eil si trojro\u010dn\u00fa zmluvu. Za ml\u00e1de\u017en\u00edcke reprezent\u00e1cie Walesu hral od U17 do U21.<\/p>\n<p>Debut v prvom t\u00edme Evertonu pri\u0161iel v decembri 2017, ke\u010f striedal v skupinovej f\u00e1ze Eur\u00f3pskej ligy proti Apollonu Limassol na Cypre, kde Everton vyhral 3:0. Za osem min\u00fat na ihrisku si stihol prip\u00edsa\u0165 aj asistenciu na tret\u00ed g\u00f3l Nikolu Vla\u0161i\u0107a. V sez\u00f3ne 2018\/19 sa stal najlep\u0161\u00edm hr\u00e1\u010dom U23, ke\u010f t\u00edm Davida Unswortha zaknihoval v\u00ed\u0165azstvo v lige aj v poh\u00e1ri. Treba spomen\u00fa\u0165 aj jeho \u00fa\u010das\u0165 a g\u00f3l v dueli o SportPesa Trophy so seniorsk\u00fdm mu\u017estvom proti africkej Gor Mahii v tej istej sez\u00f3ne.<\/p>\n<p>Odmenou mu bola \u00fa\u010das\u0165 na letnom tr\u00e9ningovom kempe v \u0161panielskom Algarve s reprezent\u00e1ciou Walesu pod veden\u00edm Ryana Giggsa. Uznanie pokra\u010dovalo tie\u017e predsez\u00f3nnej pr\u00edprave Marca Silvu, kde mlad\u00fd kr\u00eddeln\u00edk pod\u00e1val s\u013eubn\u00e9 v\u00fdkony a podp\u00edsal aj ro\u010dn\u00e9 pred\u013a\u017eenie kontraktu a n\u00e1sledne putoval na hos\u0165ovanie.<\/p>\n<p>Na rok si ho po\u017ei\u010dal vtedy tre\u0165oligov\u00fd Burton Albion. Nathan strelil dva g\u00f3ly pri svojom debute a \u010fal\u0161\u00edm vyradil Bournemouth z ligov\u00e9ho poh\u00e1ra. Prip\u00edsal si aj dve asistencie, ale potom pri\u0161lo v\u00e1\u017enej\u0161ie decembrov\u00e9 zranenie zadn\u00e9ho stehenn\u00e9ho svalu. Po jeho dolie\u010den\u00ed rovnak\u00fa minut\u00e1\u017e u\u017e nedost\u00e1val, a zastavil sa na \u010d\u00edsle 22 odohran\u00fdch z\u00e1pasov za The Brewers. Na \u010fal\u0161ie hos\u0165ovanie pred rokom neodi\u0161iel kv\u00f4li zraneniu.<\/p>\n<h4><strong>Po podpise novej zmluvy:<\/strong><\/h4>\n<blockquote><p><span style=\"font-size: 12pt;\"><em>\u201eNov\u00e1 zmluva pre m\u0148a znamen\u00e1 ve\u013ea. Som tu od desiatich rokov a postup vo vekov\u00fdch skupin\u00e1ch bol neuverite\u013en\u00fd z\u00e1\u017eitok &#8211; a d\u00fafam, \u017ee t\u00fdch z\u00e1\u017eitkov bude e\u0161te ove\u013ea viac. Chcem hra\u0165 za Everton. Hlavn\u00fdm cie\u013eom pre m\u0148a je hr\u00e1va\u0165 v Goodison Parku a d\u00e1va\u0165 g\u00f3ly v Goodison Parku. Tr\u00e9noval som s prv\u00fdm t\u00edmom, v\u0161etci chlapci s\u00fa dobr\u00ed a\u00a0u\u017e\u00edvam si to. Sledujem pohyby \u00fato\u010dn\u00edkov, Richarlisona a Doma, a sna\u017e\u00edm sa od nich ka\u017ed\u00fd de\u0148 u\u010di\u0165. Chcel som z\u00edska\u0165 viac \u010dasu na ihrisku a t\u00fa pr\u00edle\u017eitos\u0165 som si u\u017eil. To je v\u0161etko, \u010do chcete: by\u0165 okolo prv\u00e9ho t\u00edmu d\u00fafaj\u00fac, \u017ee sa do neho dostanete.\u201c<\/em><\/span><\/p>\n<p><span style=\"font-size: 12pt;\"><em>\u201eNa za\u010diatku sez\u00f3ny som sa zranil a vedel som, \u017ee mus\u00edm tvrdo pracova\u0165 a dosta\u0165 sa sp\u00e4\u0165. Zmenil som poz\u00edciu na \u00fato\u010dn\u00edka, \u010do mi dalo viac pr\u00edle\u017eitost\u00ed pred br\u00e1nou. Bolo to d\u00f4le\u017eit\u00e9 obdobie v mojej kari\u00e9re, ale pr\u00edli\u0161 som nad t\u00fdm nerozm\u00fd\u0161\u013eal. Nechcete na seba vyv\u00edja\u0165 pr\u00edli\u0161 ve\u013ek\u00fd tlak. \u017dijem de\u0148 za d\u0148om, tvrdo pracujem a uvid\u00edm, \u010do sa stane. M\u00f4\u017eem hra\u0165 kdeko\u013evek vpredu, ale hra\u0165 ako \u00fato\u010dn\u00edk by mohol by\u0165 \u010fal\u0161\u00ed krok v mojej kari\u00e9re.\u201c<\/em><\/span><\/p><\/blockquote>\n<h4><strong>Ancelotti a\u00a0spol v\u00a0\u0148om nie\u010do videli<\/strong><\/h4>\n<p>Broadhead m\u00e1 u\u017e 23 rokov. O rok viac ako Tom Davies, ktor\u00fd m\u00e1 na konte u\u017e 151 seniorsk\u00fdch z\u00e1pasov. Nathan len 21. Tento mlad\u00edk je jedn\u00fdm z posledn\u00fdch exempl\u00e1rov doteraj\u0161ieho ne\u00faspe\u0161n\u00e9ho fungovania akad\u00e9mie, ktor\u00e1 a\u017e pr\u00edli\u0161 dlho dr\u017eala n\u00e1dejn\u00e9 talenty v pohodl\u00ed Finch Farm a nezmyselnej vekovej kateg\u00f3rie U23. Zodpovedn\u00e9 org\u00e1ny ju od\u00f4vod\u0148ovali ve\u013emi \u0165a\u017ek\u00fdm prechodom chlapcov do mu\u017esk\u00e9ho futbalu.<\/p>\n<p>Realita je v\u0161ak tak\u00e1, \u017ee \u0165a\u017ek\u00fd prechod b\u00fdva v\u00e4\u010d\u0161inou sp\u00f4soben\u00fd nedostato\u010dnou kvalitou hr\u00e1\u010dov a zriedkav\u00e9mu vystaveniu seniorsk\u00fdm podmienkam v A t\u00edmoch, kde panuje obrovsk\u00e1 konkurencia a tlak na v\u00fdsledky.<\/p>\n<p>Marcel Brands sa to v\u00a0Evertone sna\u017e\u00ed zmeni\u0165 \u0161truktur\u00e1lnymi zmenami, zn\u00ed\u017een\u00edm vekov\u00e9ho priemeru, a\u00a0v\u00a0neposlednom rade aj stopnut\u00edm rozd\u00e1vania nezmyseln\u00fdch zml\u00fav odrasten\u00fdm bezn\u00e1dejn\u00fdm pr\u00edpadom. V\u00a0pr\u00edpade Broadheada zohrala rolu jeho efektivita pred br\u00e1nou v spom\u00ednanej\u00a0jarnej \u010dasti sez\u00f3ny Premier League 2, ktor\u00e1 sa dostala do pozornosti b\u00fdval\u00e9ho mana\u017e\u00e9ra Ancelottiho.<\/p>\n<p>Pod\u013ea inform\u00e1ci\u00ed port\u00e1lu The Athletic tr\u00e9nersk\u00fd \u0161t\u00e1b oce\u0148oval jeho r\u00fdchlostn\u00fd profil, univerz\u00e1lnos\u0165 v ofenz\u00edve. Konsenzus bol ten, \u017ee len m\u00e1lo hr\u00e1\u010dov v s\u00fa\u010dasnom k\u00e1dri disponuje takou dynamikou, a sk\u00f4r \u010di nesk\u00f4r sa Nathan ocitne v A t\u00edme nejak\u00e9ho t\u00edmu, \u010di u\u017e v Championship alebo mo\u017eno aj v Premier League. Everton sa samozrejme nevyl\u00fa\u010dil. Tak\u017ee pri\u0161lo od Ancelottiho a spol odpor\u00fa\u010danie pred\u013a\u017ei\u0165 zmluvu.<\/p>\n<p>V pl\u00e1ne bolo aj poskytnutie v\u00e4\u010d\u0161ieho mno\u017estva \u0161anc\u00ed ku koncu sez\u00f3ny, a nielen jemu, ale situ\u00e1cia v tabu\u013eke sa vyv\u00edjala nerozhodn\u00fdm smerom, \u010di\u017ee nepriaznivo pre mlad\u00e9 n\u00e1deje. Preto odchod Ancelottiho m\u00f4\u017ee pr\u00eds\u0165 ako rana pre mlad\u00edka na v\u00e1\u017ekach medzi prv\u00fdm a rezervn\u00fdm t\u00edmom. Bernard aj Iwobi maj\u00fa svoje kari\u00e9ry na Merseyside nahnut\u00e9, klub ve\u013ea mo\u017enost\u00ed na krajoch ihriska nem\u00e1, a v\u0161eobecne mu\u017estvu ch\u00fdba r\u00fdchlos\u0165 a \u0165ah na br\u00e1nu. Nov\u00fd mana\u017e\u00e9r n\u00e1m cez letn\u00e9 mesiace ur\u010dite napovie viac.<\/p>\n<p style=\"text-align: right;\"><span style=\"font-size: 8pt;\">(fotozdroj: evertonfc.com)<\/span><\/p>\n","protected":false},"excerpt":{"rendered":"<p>Walesk\u00fd \u00fato\u010dn\u00edk, ktor\u00fd p\u00f4sob\u00ed v\u00a0akad\u00e9mii na Finch Farm u\u017e od svojich desiatich rokov, si po jarnej \u010dasti sez\u00f3ny U23 vysl\u00fa\u017eil pred\u013a\u017eenie zmluvy, ktor\u00e1 mala toto leto vypr\u0161a\u0165.<\/p>\n","protected":false},"author":1,"featured_media":15591,"comment_status":"open","ping_status":"closed","sticky":false,"template":"","format":"standard","meta":{"_eb_attr":"","_monsterinsights_skip_tracking":false,"_monsterinsights_sitenote_active":false,"_monsterinsights_sitenote_note":"","_monsterinsights_sitenote_category":0,"footnotes":""},"categories":[42],"tags":[],"yoast_head":"<!-- This site is optimized with the Yoast SEO plugin v23.4 - https:\/\/yoast.com\/wordpress\/plugins\/seo\/ -->\n<title>Broadheadova neskor\u00e1 \u0161anca - Official Czech &amp; Slovak Everton Supporters&#039; Club<\/title>\n<meta name=\"robots\" content=\"index, follow, max-snippet:-1, max-image-preview:large, max-video-preview:-1\" \/>\n<link rel=\"canonical\" href=\"https:\/\/evertonfc.cz\/index.php\/2021\/06\/20\/broadheadova-neskora-sanca\/\" \/>\n<meta property=\"og:locale\" content=\"cs_CZ\" \/>\n<meta property=\"og:type\" content=\"article\" \/>\n<meta property=\"og:title\" content=\"Broadheadova neskor\u00e1 \u0161anca - Official Czech &amp; Slovak Everton Supporters&#039; Club\" \/>\n<meta property=\"og:description\" content=\"Walesk\u00fd \u00fato\u010dn\u00edk, ktor\u00fd p\u00f4sob\u00ed v\u00a0akad\u00e9mii na Finch Farm u\u017e od svojich desiatich rokov, si po jarnej \u010dasti sez\u00f3ny U23 vysl\u00fa\u017eil pred\u013a\u017eenie zmluvy, ktor\u00e1 mala toto leto vypr\u0161a\u0165.\" \/>\n<meta property=\"og:url\" content=\"https:\/\/evertonfc.cz\/index.php\/2021\/06\/20\/broadheadova-neskora-sanca\/\" \/>\n<meta property=\"og:site_name\" content=\"Official Czech &amp; Slovak Everton Supporters&#039; Club\" \/>\n<meta property=\"article:publisher\" content=\"https:\/\/www.facebook.com\/everton.fans.cz.sk\" \/>\n<meta property=\"article:published_time\" content=\"2021-06-20T08:54:47+00:00\" \/>\n<meta property=\"article:modified_time\" content=\"2021-06-20T18:27:55+00:00\" \/>\n<meta property=\"og:image\" content=\"https:\/\/evertonfc.cz\/wp-content\/uploads\/2021\/06\/Nathan-Broadhead-20-6-2021.jpg\" \/>\n\t<meta property=\"og:image:width\" content=\"720\" \/>\n\t<meta property=\"og:image:height\" content=\"405\" \/>\n\t<meta property=\"og:image:type\" content=\"image\/jpeg\" \/>\n<meta name=\"author\" content=\"BlueBlooded\" \/>\n<meta name=\"twitter:card\" content=\"summary_large_image\" \/>\n<meta name=\"twitter:label1\" content=\"Napsal(a)\" \/>\n\t<meta name=\"twitter:data1\" content=\"BlueBlooded\" \/>\n\t<meta name=\"twitter:label2\" content=\"Odhadovan\u00e1 doba \u010dten\u00ed\" \/>\n\t<meta name=\"twitter:data2\" content=\"4 minuty\" \/>\n<script type=\"application\/ld+json\" class=\"yoast-schema-graph\">{\"@context\":\"https:\/\/schema.org\",\"@graph\":[{\"@type\":\"Article\",\"@id\":\"https:\/\/evertonfc.cz\/index.php\/2021\/06\/20\/broadheadova-neskora-sanca\/#article\",\"isPartOf\":{\"@id\":\"https:\/\/evertonfc.cz\/index.php\/2021\/06\/20\/broadheadova-neskora-sanca\/\"},\"author\":{\"name\":\"BlueBlooded\",\"@id\":\"https:\/\/evertonfc.cz\/#\/schema\/person\/d4493b8cbea51532597fbc4685698916\"},\"headline\":\"Broadheadova neskor\u00e1 \u0161anca\",\"datePublished\":\"2021-06-20T08:54:47+00:00\",\"dateModified\":\"2021-06-20T18:27:55+00:00\",\"mainEntityOfPage\":{\"@id\":\"https:\/\/evertonfc.cz\/index.php\/2021\/06\/20\/broadheadova-neskora-sanca\/\"},\"wordCount\":1163,\"commentCount\":1,\"publisher\":{\"@id\":\"https:\/\/evertonfc.cz\/#organization\"},\"image\":{\"@id\":\"https:\/\/evertonfc.cz\/index.php\/2021\/06\/20\/broadheadova-neskora-sanca\/#primaryimage\"},\"thumbnailUrl\":\"https:\/\/evertonfc.cz\/wp-content\/uploads\/2021\/06\/Nathan-Broadhead-20-6-2021.jpg\",\"articleSection\":[\"Aktuality\"],\"inLanguage\":\"cs\",\"potentialAction\":[{\"@type\":\"CommentAction\",\"name\":\"Comment\",\"target\":[\"https:\/\/evertonfc.cz\/index.php\/2021\/06\/20\/broadheadova-neskora-sanca\/#respond\"]}]},{\"@type\":\"WebPage\",\"@id\":\"https:\/\/evertonfc.cz\/index.php\/2021\/06\/20\/broadheadova-neskora-sanca\/\",\"url\":\"https:\/\/evertonfc.cz\/index.php\/2021\/06\/20\/broadheadova-neskora-sanca\/\",\"name\":\"Broadheadova neskor\u00e1 \u0161anca - Official Czech &amp; Slovak Everton Supporters&#039; Club\",\"isPartOf\":{\"@id\":\"https:\/\/evertonfc.cz\/#website\"},\"primaryImageOfPage\":{\"@id\":\"https:\/\/evertonfc.cz\/index.php\/2021\/06\/20\/broadheadova-neskora-sanca\/#primaryimage\"},\"image\":{\"@id\":\"https:\/\/evertonfc.cz\/index.php\/2021\/06\/20\/broadheadova-neskora-sanca\/#primaryimage\"},\"thumbnailUrl\":\"https:\/\/evertonfc.cz\/wp-content\/uploads\/2021\/06\/Nathan-Broadhead-20-6-2021.jpg\",\"datePublished\":\"2021-06-20T08:54:47+00:00\",\"dateModified\":\"2021-06-20T18:27:55+00:00\",\"breadcrumb\":{\"@id\":\"https:\/\/evertonfc.cz\/index.php\/2021\/06\/20\/broadheadova-neskora-sanca\/#breadcrumb\"},\"inLanguage\":\"cs\",\"potentialAction\":[{\"@type\":\"ReadAction\",\"target\":[\"https:\/\/evertonfc.cz\/index.php\/2021\/06\/20\/broadheadova-neskora-sanca\/\"]}]},{\"@type\":\"ImageObject\",\"inLanguage\":\"cs\",\"@id\":\"https:\/\/evertonfc.cz\/index.php\/2021\/06\/20\/broadheadova-neskora-sanca\/#primaryimage\",\"url\":\"https:\/\/evertonfc.cz\/wp-content\/uploads\/2021\/06\/Nathan-Broadhead-20-6-2021.jpg\",\"contentUrl\":\"https:\/\/evertonfc.cz\/wp-content\/uploads\/2021\/06\/Nathan-Broadhead-20-6-2021.jpg\",\"width\":720,\"height\":405},{\"@type\":\"BreadcrumbList\",\"@id\":\"https:\/\/evertonfc.cz\/index.php\/2021\/06\/20\/broadheadova-neskora-sanca\/#breadcrumb\",\"itemListElement\":[{\"@type\":\"ListItem\",\"position\":1,\"name\":\"Home\",\"item\":\"https:\/\/evertonfc.cz\/\"},{\"@type\":\"ListItem\",\"position\":2,\"name\":\"Broadheadova neskor\u00e1 \u0161anca\"}]},{\"@type\":\"WebSite\",\"@id\":\"https:\/\/evertonfc.cz\/#website\",\"url\":\"https:\/\/evertonfc.cz\/\",\"name\":\"Official Czech &amp; Slovak Everton Supporters&#039; Club\",\"description\":\"\",\"publisher\":{\"@id\":\"https:\/\/evertonfc.cz\/#organization\"},\"potentialAction\":[{\"@type\":\"SearchAction\",\"target\":{\"@type\":\"EntryPoint\",\"urlTemplate\":\"https:\/\/evertonfc.cz\/?s={search_term_string}\"},\"query-input\":{\"@type\":\"PropertyValueSpecification\",\"valueRequired\":true,\"valueName\":\"search_term_string\"}}],\"inLanguage\":\"cs\"},{\"@type\":\"Organization\",\"@id\":\"https:\/\/evertonfc.cz\/#organization\",\"name\":\"Official Czech & Slovak Everton Supporters' Club\",\"url\":\"https:\/\/evertonfc.cz\/\",\"logo\":{\"@type\":\"ImageObject\",\"inLanguage\":\"cs\",\"@id\":\"https:\/\/evertonfc.cz\/#\/schema\/logo\/image\/\",\"url\":\"https:\/\/evertonfc.cz\/wp-content\/uploads\/2019\/05\/logo.png\",\"contentUrl\":\"https:\/\/evertonfc.cz\/wp-content\/uploads\/2019\/05\/logo.png\",\"width\":112,\"height\":112,\"caption\":\"Official Czech & Slovak Everton Supporters' Club\"},\"image\":{\"@id\":\"https:\/\/evertonfc.cz\/#\/schema\/logo\/image\/\"},\"sameAs\":[\"https:\/\/www.facebook.com\/everton.fans.cz.sk\"]},{\"@type\":\"Person\",\"@id\":\"https:\/\/evertonfc.cz\/#\/schema\/person\/d4493b8cbea51532597fbc4685698916\",\"name\":\"BlueBlooded\",\"url\":\"https:\/\/evertonfc.cz\/index.php\/author\/admin\/\"}]}<\/script>\n<!-- \/ Yoast SEO plugin. -->","yoast_head_json":{"title":"Broadheadova neskor\u00e1 \u0161anca - Official Czech &amp; Slovak Everton Supporters&#039; Club","robots":{"index":"index","follow":"follow","max-snippet":"max-snippet:-1","max-image-preview":"max-image-preview:large","max-video-preview":"max-video-preview:-1"},"canonical":"https:\/\/evertonfc.cz\/index.php\/2021\/06\/20\/broadheadova-neskora-sanca\/","og_locale":"cs_CZ","og_type":"article","og_title":"Broadheadova neskor\u00e1 \u0161anca - Official Czech &amp; Slovak Everton Supporters&#039; Club","og_description":"Walesk\u00fd \u00fato\u010dn\u00edk, ktor\u00fd p\u00f4sob\u00ed v\u00a0akad\u00e9mii na Finch Farm u\u017e od svojich desiatich rokov, si po jarnej \u010dasti sez\u00f3ny U23 vysl\u00fa\u017eil pred\u013a\u017eenie zmluvy, ktor\u00e1 mala toto leto vypr\u0161a\u0165.","og_url":"https:\/\/evertonfc.cz\/index.php\/2021\/06\/20\/broadheadova-neskora-sanca\/","og_site_name":"Official Czech &amp; Slovak Everton Supporters&#039; Club","article_publisher":"https:\/\/www.facebook.com\/everton.fans.cz.sk","article_published_time":"2021-06-20T08:54:47+00:00","article_modified_time":"2021-06-20T18:27:55+00:00","og_image":[{"width":720,"height":405,"url":"https:\/\/evertonfc.cz\/wp-content\/uploads\/2021\/06\/Nathan-Broadhead-20-6-2021.jpg","type":"image\/jpeg"}],"author":"BlueBlooded","twitter_card":"summary_large_image","twitter_misc":{"Napsal(a)":"BlueBlooded","Odhadovan\u00e1 doba \u010dten\u00ed":"4 minuty"},"schema":{"@context":"https:\/\/schema.org","@graph":[{"@type":"Article","@id":"https:\/\/evertonfc.cz\/index.php\/2021\/06\/20\/broadheadova-neskora-sanca\/#article","isPartOf":{"@id":"https:\/\/evertonfc.cz\/index.php\/2021\/06\/20\/broadheadova-neskora-sanca\/"},"author":{"name":"BlueBlooded","@id":"https:\/\/evertonfc.cz\/#\/schema\/person\/d4493b8cbea51532597fbc4685698916"},"headline":"Broadheadova neskor\u00e1 \u0161anca","datePublished":"2021-06-20T08:54:47+00:00","dateModified":"2021-06-20T18:27:55+00:00","mainEntityOfPage":{"@id":"https:\/\/evertonfc.cz\/index.php\/2021\/06\/20\/broadheadova-neskora-sanca\/"},"wordCount":1163,"commentCount":1,"publisher":{"@id":"https:\/\/evertonfc.cz\/#organization"},"image":{"@id":"https:\/\/evertonfc.cz\/index.php\/2021\/06\/20\/broadheadova-neskora-sanca\/#primaryimage"},"thumbnailUrl":"https:\/\/evertonfc.cz\/wp-content\/uploads\/2021\/06\/Nathan-Broadhead-20-6-2021.jpg","articleSection":["Aktuality"],"inLanguage":"cs","potentialAction":[{"@type":"CommentAction","name":"Comment","target":["https:\/\/evertonfc.cz\/index.php\/2021\/06\/20\/broadheadova-neskora-sanca\/#respond"]}]},{"@type":"WebPage","@id":"https:\/\/evertonfc.cz\/index.php\/2021\/06\/20\/broadheadova-neskora-sanca\/","url":"https:\/\/evertonfc.cz\/index.php\/2021\/06\/20\/broadheadova-neskora-sanca\/","name":"Broadheadova neskor\u00e1 \u0161anca - Official Czech &amp; Slovak Everton Supporters&#039; Club","isPartOf":{"@id":"https:\/\/evertonfc.cz\/#website"},"primaryImageOfPage":{"@id":"https:\/\/evertonfc.cz\/index.php\/2021\/06\/20\/broadheadova-neskora-sanca\/#primaryimage"},"image":{"@id":"https:\/\/evertonfc.cz\/index.php\/2021\/06\/20\/broadheadova-neskora-sanca\/#primaryimage"},"thumbnailUrl":"https:\/\/evertonfc.cz\/wp-content\/uploads\/2021\/06\/Nathan-Broadhead-20-6-2021.jpg","datePublished":"2021-06-20T08:54:47+00:00","dateModified":"2021-06-20T18:27:55+00:00","breadcrumb":{"@id":"https:\/\/evertonfc.cz\/index.php\/2021\/06\/20\/broadheadova-neskora-sanca\/#breadcrumb"},"inLanguage":"cs","potentialAction":[{"@type":"ReadAction","target":["https:\/\/evertonfc.cz\/index.php\/2021\/06\/20\/broadheadova-neskora-sanca\/"]}]},{"@type":"ImageObject","inLanguage":"cs","@id":"https:\/\/evertonfc.cz\/index.php\/2021\/06\/20\/broadheadova-neskora-sanca\/#primaryimage","url":"https:\/\/evertonfc.cz\/wp-content\/uploads\/2021\/06\/Nathan-Broadhead-20-6-2021.jpg","contentUrl":"https:\/\/evertonfc.cz\/wp-content\/uploads\/2021\/06\/Nathan-Broadhead-20-6-2021.jpg","width":720,"height":405},{"@type":"BreadcrumbList","@id":"https:\/\/evertonfc.cz\/index.php\/2021\/06\/20\/broadheadova-neskora-sanca\/#breadcrumb","itemListElement":[{"@type":"ListItem","position":1,"name":"Home","item":"https:\/\/evertonfc.cz\/"},{"@type":"ListItem","position":2,"name":"Broadheadova neskor\u00e1 \u0161anca"}]},{"@type":"WebSite","@id":"https:\/\/evertonfc.cz\/#website","url":"https:\/\/evertonfc.cz\/","name":"Official Czech &amp; Slovak Everton Supporters&#039; Club","description":"","publisher":{"@id":"https:\/\/evertonfc.cz\/#organization"},"potentialAction":[{"@type":"SearchAction","target":{"@type":"EntryPoint","urlTemplate":"https:\/\/evertonfc.cz\/?s={search_term_string}"},"query-input":{"@type":"PropertyValueSpecification","valueRequired":true,"valueName":"search_term_string"}}],"inLanguage":"cs"},{"@type":"Organization","@id":"https:\/\/evertonfc.cz\/#organization","name":"Official Czech & Slovak Everton Supporters' Club","url":"https:\/\/evertonfc.cz\/","logo":{"@type":"ImageObject","inLanguage":"cs","@id":"https:\/\/evertonfc.cz\/#\/schema\/logo\/image\/","url":"https:\/\/evertonfc.cz\/wp-content\/uploads\/2019\/05\/logo.png","contentUrl":"https:\/\/evertonfc.cz\/wp-content\/uploads\/2019\/05\/logo.png","width":112,"height":112,"caption":"Official Czech & Slovak Everton Supporters' Club"},"image":{"@id":"https:\/\/evertonfc.cz\/#\/schema\/logo\/image\/"},"sameAs":["https:\/\/www.facebook.com\/everton.fans.cz.sk"]},{"@type":"Person","@id":"https:\/\/evertonfc.cz\/#\/schema\/person\/d4493b8cbea51532597fbc4685698916","name":"BlueBlooded","url":"https:\/\/evertonfc.cz\/index.php\/author\/admin\/"}]}},"_links":{"self":[{"href":"https:\/\/evertonfc.cz\/index.php\/wp-json\/wp\/v2\/posts\/15590"}],"collection":[{"href":"https:\/\/evertonfc.cz\/index.php\/wp-json\/wp\/v2\/posts"}],"about":[{"href":"https:\/\/evertonfc.cz\/index.php\/wp-json\/wp\/v2\/types\/post"}],"author":[{"embeddable":true,"href":"https:\/\/evertonfc.cz\/index.php\/wp-json\/wp\/v2\/users\/1"}],"replies":[{"embeddable":true,"href":"https:\/\/evertonfc.cz\/index.php\/wp-json\/wp\/v2\/comments?post=15590"}],"version-history":[{"count":14,"href":"https:\/\/evertonfc.cz\/index.php\/wp-json\/wp\/v2\/posts\/15590\/revisions"}],"predecessor-version":[{"id":15604,"href":"https:\/\/evertonfc.cz\/index.php\/wp-json\/wp\/v2\/posts\/15590\/revisions\/15604"}],"wp:featuredmedia":[{"embeddable":true,"href":"https:\/\/evertonfc.cz\/index.php\/wp-json\/wp\/v2\/media\/15591"}],"wp:attachment":[{"href":"https:\/\/evertonfc.cz\/index.php\/wp-json\/wp\/v2\/media?parent=15590"}],"wp:term":[{"taxonomy":"category","embeddable":true,"href":"https:\/\/evertonfc.cz\/index.php\/wp-json\/wp\/v2\/categories?post=15590"},{"taxonomy":"post_tag","embeddable":true,"href":"https:\/\/evertonfc.cz\/index.php\/wp-json\/wp\/v2\/tags?post=15590"}],"curies":[{"name":"wp","href":"https:\/\/api.w.org\/{rel}","templated":true}]}}