{"id":15628,"date":"2021-06-23T11:42:29","date_gmt":"2021-06-23T09:42:29","guid":{"rendered":"https:\/\/evertonfc.cz\/?p=15628"},"modified":"2021-06-23T12:57:07","modified_gmt":"2021-06-23T10:57:07","slug":"reakcia-fanklubu-na-spravy-o-benitezovi","status":"publish","type":"post","link":"https:\/\/evertonfc.cz\/index.php\/2021\/06\/23\/reakcia-fanklubu-na-spravy-o-benitezovi\/","title":{"rendered":"Reakcia fanklubu na spr\u00e1vy o Ben\u00edtezovi"},"content":{"rendered":"<h4>Posledn\u00fd t\u00fd\u017ede\u0148 zosilneli tvrdenia, \u017ee b\u00fdval\u00fd \u00faspe\u0161n\u00fd mana\u017e\u00e9r Liverpoolu a nesk\u00f4r aj Newcastlu United, Rafael Ben\u00edtez, sa bl\u00ed\u017ei vymenovaniu za nov\u00e9ho mana\u017e\u00e9ra EFC.<\/h4>\n<p>A ofici\u00e1lny \u010cesk\u00fd a slovensk\u00fd klub podporovate\u013eov Evertonu to nemohol necha\u0165 bez odozvy. Aj v\u010dera r\u00e1no spo\u013eahliv\u00fd Dominic King pre Daily Mail, a \u00fa\u010det Paula Joycea na Twitteri potvrdili, \u017ee Ben\u00edtez na\u010falej zost\u00e1va kandid\u00e1tom \u010d\u00edslo jeden, aj po vlne kritiky od fan\u00fa\u0161ikov naprie\u010d soci\u00e1lnymi sie\u0165ami, \u010di po vulg\u00e1rnych aj nevulg\u00e1rnych transparentoch na br\u00e1nach Goodison Parku.<\/p>\n<p>Pod\u013ea t\u00fdchto spr\u00e1v sa \u0161panielsky lodivod z\u00fa\u010dastnil u\u017e \u0161tyroch k\u00f4l rokovan\u00ed, posledn\u00e9 pr\u00e1ve po spom\u00ednan\u00fdch protestoch. A\u00a0Moshiri vraj st\u00e1le vid\u00ed v\u00a0jeho osobe toho najpovolanej\u0161ieho na v\u00fdznamn\u00fa zmenu pomerov v\u00a0klube k\u00a0lep\u0161iemu, aj napriek negat\u00edvnym em\u00f3ci\u00e1m fan\u00fa\u0161ikov. Form\u00e1lne mu v\u0161ak kontrakt e\u0161te pon\u00faknut\u00fd nebol, tak\u017ee n\u00e1dej na ne\u010derven\u00fa zmenu e\u0161te st\u00e1le \u017eije, \u010do vyu\u017eil aj n\u00e1\u0161 fanklub.<\/p>\n<p>Po dohode u\u017e\u0161ieho jadra fanklubu sme zodpovedn\u00fdm osob\u00e1m cez ofici\u00e1lne kan\u00e1ly klubu adresovali men\u0161ie stanovisko v na\u0161om mene, kde sme prezentovali nev\u00f4\u013eu s modr\u00fdm scen\u00e1rom, kde hr\u00e1 Ben\u00edtez hlavn\u00fa rolu. Chceli sme aj touto trochou prispie\u0165 k\u00a0sp\u00e4tnej v\u00e4zbe klubu. Na\u0161e slovensk\u00e9 vyjadrenie z anglick\u00e9ho origin\u00e1lu, odoslan\u00e9ho v\u010dera, si teraz m\u00f4\u017eete pre\u010d\u00edta\u0165 v\u00a0nasleduj\u00facich riadkoch:<\/p>\n<h4 style=\"text-align: center;\"><strong>Stanovisko \u010desk\u00e9ho a\u00a0slovensk\u00e9ho klubu podporovate\u013eov Evertonu<\/strong><\/h4>\n<blockquote><p><em><span style=\"font-size: 12pt;\">\u010cesk\u00fd a slovensk\u00fd klub podporovate\u013eov Evertonu je hlboko znepokojen\u00ed vyhliadkami n\u00e1\u0161ho bud\u00faceho mana\u017e\u00e9ra. \u00dadajn\u00e1 siln\u00e1 kandidat\u00fara Rafaela Ben\u00edteza hl\u00e1sen\u00e1 r\u00f4znymi d\u00f4veryhodn\u00fdmi m\u00e9diami sp\u00f4sobuje nepokoje medzi priaznivcami po celom svete, vr\u00e1tane n\u00e1s, z ve\u013emi dobre zn\u00e1mych d\u00f4vodov.<\/span><\/em><\/p>\n<p><em><span style=\"font-size: 12pt;\">Nielen, \u017ee tr\u00e9noval a vyhr\u00e1val trofeje a derby s na\u0161im najv\u00e4\u010d\u0161\u00edm rivalom, a m\u00e1 takmer legend\u00e1rny status medzi fan\u00fa\u0161ikovskou z\u00e1klad\u0148ou Liverpoolu pre udalosti Istanbulu 2005, p\u00e1n Ben\u00edtez dokonca urazil cel\u00fd klub t\u00fdm, \u017ee n\u00e1s ozna\u010dil za \u201emal\u00fdch\u201c, preto\u017ee nemohol znies\u0165 svoju vlastn\u00fa nekompetentnos\u0165 pri rem\u00edze 0:0 na Anfielde. A jeho chab\u00e9 vysvetlenie v\u00fdznamu tejto sl\u00e1vnej vety ni\u010d na veci nemen\u00ed. S\u00a0ur\u010ditos\u0165ou sme \u201em\u00fazeum\u201c, ale v\u00a0\u017eiadnom pr\u00edpade mal\u00e9.<\/span><\/em><\/p>\n<p><em><span style=\"font-size: 12pt;\">Nie je n\u00e1hodou, \u017ee by bol prv\u00fdm b\u00fdval\u00fdm mana\u017e\u00e9rom \u010cerven\u00fdch, ktor\u00fd bude tr\u00e9nova\u0165 Everton. Pre ve\u013ek\u00fa v\u00e4\u010d\u0161inu fan\u00fa\u0161ikov, vr\u00e1tane na\u0161ich, je to prost\u00e9 a jednoduch\u00e9 nie. Niektor\u00ed z nich u\u017e nazna\u010duj\u00fa, \u017ee anga\u017eovanie p\u00e1na Ben\u00edteza by pre nich znamenalo koniec z\u00e1ujmu o\u00a0klub samotn\u00fd. Nehovoriac o tom, \u010do by sa dialo na trib\u00fanach Goodison Parku.<\/span><\/em><\/p>\n<p><em><span style=\"font-size: 12pt;\">\u017diaden mana\u017e\u00e9r v Eur\u00f3pe nebol doteraz pod tak\u00fdm drobnoh\u013eadom, ktor\u00fd ho tu \u010dak\u00e1. Ka\u017ed\u00e9 mal\u00e9 zav\u00e1hanie vo v\u00fdkonoch t\u00edmu bude ma\u0165 obrovsk\u00e9 reakcie, ktor\u00e9 nakoniec vy\u00fastia do ve\u013emi dobre zn\u00e1mej toxickej atmosf\u00e9ry, ktor\u00e1 sa v poslednej dobe, bohu\u017eia\u013e pravidelne vyskytuje na Starej D\u00e1me. Naozaj to chceme vidie\u0165 po\u010das jej posledn\u00fdch rokov?<\/span><\/em><\/p>\n<p><em><span style=\"font-size: 12pt;\">Sme plne presved\u010den\u00ed, \u017ee v s\u00fa\u010dasnej situ\u00e1cii existuj\u00fa lep\u0161\u00ed kandid\u00e1ti, takticky a\u00a0v\u00e1\u0161\u0148ou hodn\u00ed reprezentovania The People&#8217;s Club, pokra\u010duj\u00faci v trad\u00edci\u00e1ch, ktor\u00e9 s\u00fa hrd\u00e9 a modr\u00e9 skrz-naskrz. Ver\u00edme, \u017ee sa nakoniec rozhodnete spr\u00e1vne.<\/span><\/em><\/p>\n<p><em><span style=\"font-size: 12pt;\">\u00daprimne<\/span><\/em><\/p>\n<p><em><span style=\"font-size: 12pt;\">\u010cesk\u00fd a slovensk\u00fd klub priaznivcov Evertonu<\/span><\/em><\/p>\n<p style=\"text-align: right;\"><em><span style=\"font-size: 12pt;\">Utorok 22. j\u00fana 2021<\/span><\/em><\/p>\n<\/blockquote>\n<h4><strong>Reagovali aj dve hr\u00e1\u010dske legendy<\/strong><\/h4>\n<p>Fan\u00fa\u0161ikovia neboli jedin\u00ed, kto mal \u010do poveda\u0165 k zverejnen\u00fdm a stup\u0148uj\u00facim sa spr\u00e1vam. Pre beIN SPORTS sa v\u00a0\u0161t\u00fadiu vyjadril aj Andy Gray, b\u00fdval\u00fd hr\u00e1\u010d a\u00a0tie\u017e fan\u00fa\u0161ik The Toffees, ktor\u00fd s\u00a0Evertonom v\u00a0osemdesiatych rokoch vyhral FA Cup, dom\u00e1cu ligu a\u00a0aj Poh\u00e1r v\u00ed\u0165azov poh\u00e1rov:<\/p>\n<p><em>\u201eMysl\u00edm, \u017ee ak Farhad Moshiri s t\u00fdm z\u00e1jde \u010falej, aj keby nevedel, \u010do si Evertonians myslia, n\u00e1jde obrovsk\u00fa nev\u00f4\u013eu u v\u00e4\u010d\u0161iny z nich. Rozpr\u00e1val som sa z niektor\u00fdmi \u013eu\u010fmi, \u010do pozn\u00e1m z okolia Liverpoolu. A t\u00ed hovoria, \u017ee ak sa tak stane, na \u0161tadi\u00f3n sa nevr\u00e1tia. Keby to bolo desa\u0165, jeden\u00e1s\u0165 rokov dozadu, ke\u010f odi\u0161iel z Liverpoolu&#8230; mo\u017eno, ak to by to bol posledn\u00fd \u010dlovek, ktor\u00e9ho by mohli naja\u0165.&#8220;<\/em><\/p>\n<p><em>&#8222;Ale jeden\u00e1s\u0165 rokov potom? O\u010daril Rafa futbalov\u00fd svet ako kou\u010d v tom zmysle, \u017ee by mal tr\u00e9nova\u0165 Everton? Pod\u013ea m\u0148a ani trochu, a nemal by by\u0165 ani zva\u017eovan\u00fd do tejto pr\u00e1ce. Nezab\u00fadajme, \u017ee ke\u010f bol mana\u017e\u00e9rom Liverpoolu, k n\u00e1\u0161mu klubu sa spr\u00e1val nesmierne pov\u00fd\u0161enecky. Ten mal\u00fd klub, o ktorom hovoril. Futbalov\u00ed fan\u00fa\u0161ikovia maj\u00fa dlh\u00fa pam\u00e4\u0165. Nech\u00e1pem to. Farhad, rozm\u00fd\u0161\u013eaj znovu. Ve\u013emi r\u00fdchlo.\u201c<\/em><\/p>\n<p><a href=\"https:\/\/evertonfc.cz\/index.php\/2012\/09\/21\/southall-od-smetiara-az-po-brankarsku-elitu\/\" target=\"_blank\" rel=\"noopener\">Neville Southall<\/a> pre TalkSPORT sa taktie\u017e nechal po\u010du\u0165, \u017ee Ben\u00edtez a\u00a0Everton k\u00a0sebe nepatria. Rad\u0161ej by vraj videl na lavi\u010dke Goodison Parku Duncana Fergusona, pod ktor\u00fdm by to mu\u017estvo nikdy nefl\u00e1kalo:<\/p>\n<p><em>\u201eMysl\u00edm si, \u017ee Rafa Ben\u00edtez je dobr\u00fd mana\u017e\u00e9r. Ale je ten spr\u00e1vny pre Everton? Nie. V \u017eiadnom pr\u00edpade. On je Liverpool a fan\u00fa\u0161ikovia to neakceptuj\u00fa. A ak pr\u00edde na \u0161tadi\u00f3n, bude musie\u0165 vyprodukova\u0165 nie\u010do \u0161peci\u00e1lne. A moment\u00e1lne s mu\u017estvom, ktor\u00e9 m\u00e1me, by sa musel ve\u013emi sna\u017ei\u0165, preto\u017ee je to pr\u00e1ca na dlh\u0161ie.&#8220;<\/em><\/p>\n<p><em>&#8222;Ja by som rad\u0161ej mal Duncana, preto\u017ee pozrite sa&#8230; nikdy nezost\u00fapime, je dobr\u00fd mana\u017e\u00e9r a pod\u013ea m\u0148a jeden z najpodce\u0148ovanej\u0161\u00edch. Za\u010dal e\u0161te pred Ancelottim, dostal n\u00e1s do dobrej formy, a m\u00e1 znalosti o tom, \u010do rob\u00ed.&#8220;<\/em><\/p>\n<p><em>&#8222;Pozn\u00e1 klub od hora dole, pozn\u00e1 mlad\u0161\u00edch hr\u00e1\u010dov. Tak pre\u010do mu neda\u0165 ro\u010dn\u00fa zmluvu? Ur\u010dite nebudeme na tom hor\u0161ie ako teraz. Rafa Ben\u00edtez, nie. Svoj\u00edm sp\u00f4sobom dobr\u00fd mana\u017e\u00e9r, ale m\u00e1 pr\u00edli\u0161 ve\u013ea spojitost\u00ed s Liverpoolom.\u201c<\/em><\/p>\n","protected":false},"excerpt":{"rendered":"<p>Posledn\u00fd t\u00fd\u017ede\u0148 zosilneli tvrdenia, \u017ee b\u00fdval\u00fd \u00faspe\u0161n\u00fd mana\u017e\u00e9r Liverpoolu a nesk\u00f4r aj Newcastlu United, Rafael Ben\u00edtez, sa bl\u00ed\u017ei vymenovaniu za nov\u00e9ho mana\u017e\u00e9ra EFC.<\/p>\n","protected":false},"author":1,"featured_media":15630,"comment_status":"open","ping_status":"closed","sticky":false,"template":"","format":"standard","meta":{"_eb_attr":"","_monsterinsights_skip_tracking":false,"_monsterinsights_sitenote_active":false,"_monsterinsights_sitenote_note":"","_monsterinsights_sitenote_category":0,"footnotes":""},"categories":[42,85],"tags":[],"yoast_head":"<!-- This site is optimized with the Yoast SEO plugin v23.4 - https:\/\/yoast.com\/wordpress\/plugins\/seo\/ -->\n<title>Reakcia fanklubu na spr\u00e1vy o Ben\u00edtezovi - Official Czech &amp; Slovak Everton Supporters&#039; Club<\/title>\n<meta name=\"robots\" content=\"index, follow, max-snippet:-1, max-image-preview:large, max-video-preview:-1\" \/>\n<link rel=\"canonical\" href=\"https:\/\/evertonfc.cz\/index.php\/2021\/06\/23\/reakcia-fanklubu-na-spravy-o-benitezovi\/\" \/>\n<meta property=\"og:locale\" content=\"cs_CZ\" \/>\n<meta property=\"og:type\" content=\"article\" \/>\n<meta property=\"og:title\" content=\"Reakcia fanklubu na spr\u00e1vy o Ben\u00edtezovi - Official Czech &amp; Slovak Everton Supporters&#039; Club\" \/>\n<meta property=\"og:description\" content=\"Posledn\u00fd t\u00fd\u017ede\u0148 zosilneli tvrdenia, \u017ee b\u00fdval\u00fd \u00faspe\u0161n\u00fd mana\u017e\u00e9r Liverpoolu a nesk\u00f4r aj Newcastlu United, Rafael Ben\u00edtez, sa bl\u00ed\u017ei vymenovaniu za nov\u00e9ho mana\u017e\u00e9ra EFC.\" \/>\n<meta property=\"og:url\" content=\"https:\/\/evertonfc.cz\/index.php\/2021\/06\/23\/reakcia-fanklubu-na-spravy-o-benitezovi\/\" \/>\n<meta property=\"og:site_name\" content=\"Official Czech &amp; Slovak Everton Supporters&#039; Club\" \/>\n<meta property=\"article:publisher\" content=\"https:\/\/www.facebook.com\/everton.fans.cz.sk\" \/>\n<meta property=\"article:published_time\" content=\"2021-06-23T09:42:29+00:00\" \/>\n<meta property=\"article:modified_time\" content=\"2021-06-23T10:57:07+00:00\" \/>\n<meta property=\"og:image\" content=\"https:\/\/evertonfc.cz\/wp-content\/uploads\/2021\/06\/Rafael-Benitez-Everton-flag-23-6-2021.jpg\" \/>\n\t<meta property=\"og:image:width\" content=\"720\" \/>\n\t<meta property=\"og:image:height\" content=\"405\" \/>\n\t<meta property=\"og:image:type\" content=\"image\/jpeg\" \/>\n<meta name=\"author\" content=\"BlueBlooded\" \/>\n<meta name=\"twitter:card\" content=\"summary_large_image\" \/>\n<meta name=\"twitter:label1\" content=\"Napsal(a)\" \/>\n\t<meta name=\"twitter:data1\" content=\"BlueBlooded\" \/>\n\t<meta name=\"twitter:label2\" content=\"Odhadovan\u00e1 doba \u010dten\u00ed\" \/>\n\t<meta name=\"twitter:data2\" content=\"4 minuty\" \/>\n<script type=\"application\/ld+json\" class=\"yoast-schema-graph\">{\"@context\":\"https:\/\/schema.org\",\"@graph\":[{\"@type\":\"Article\",\"@id\":\"https:\/\/evertonfc.cz\/index.php\/2021\/06\/23\/reakcia-fanklubu-na-spravy-o-benitezovi\/#article\",\"isPartOf\":{\"@id\":\"https:\/\/evertonfc.cz\/index.php\/2021\/06\/23\/reakcia-fanklubu-na-spravy-o-benitezovi\/\"},\"author\":{\"name\":\"BlueBlooded\",\"@id\":\"https:\/\/evertonfc.cz\/#\/schema\/person\/d4493b8cbea51532597fbc4685698916\"},\"headline\":\"Reakcia fanklubu na spr\u00e1vy o Ben\u00edtezovi\",\"datePublished\":\"2021-06-23T09:42:29+00:00\",\"dateModified\":\"2021-06-23T10:57:07+00:00\",\"mainEntityOfPage\":{\"@id\":\"https:\/\/evertonfc.cz\/index.php\/2021\/06\/23\/reakcia-fanklubu-na-spravy-o-benitezovi\/\"},\"wordCount\":1048,\"commentCount\":31,\"publisher\":{\"@id\":\"https:\/\/evertonfc.cz\/#organization\"},\"image\":{\"@id\":\"https:\/\/evertonfc.cz\/index.php\/2021\/06\/23\/reakcia-fanklubu-na-spravy-o-benitezovi\/#primaryimage\"},\"thumbnailUrl\":\"https:\/\/evertonfc.cz\/wp-content\/uploads\/2021\/06\/Rafael-Benitez-Everton-flag-23-6-2021.jpg\",\"articleSection\":[\"Aktuality\",\"Supporters' Club\"],\"inLanguage\":\"cs\",\"potentialAction\":[{\"@type\":\"CommentAction\",\"name\":\"Comment\",\"target\":[\"https:\/\/evertonfc.cz\/index.php\/2021\/06\/23\/reakcia-fanklubu-na-spravy-o-benitezovi\/#respond\"]}]},{\"@type\":\"WebPage\",\"@id\":\"https:\/\/evertonfc.cz\/index.php\/2021\/06\/23\/reakcia-fanklubu-na-spravy-o-benitezovi\/\",\"url\":\"https:\/\/evertonfc.cz\/index.php\/2021\/06\/23\/reakcia-fanklubu-na-spravy-o-benitezovi\/\",\"name\":\"Reakcia fanklubu na spr\u00e1vy o Ben\u00edtezovi - Official Czech &amp; Slovak Everton Supporters&#039; Club\",\"isPartOf\":{\"@id\":\"https:\/\/evertonfc.cz\/#website\"},\"primaryImageOfPage\":{\"@id\":\"https:\/\/evertonfc.cz\/index.php\/2021\/06\/23\/reakcia-fanklubu-na-spravy-o-benitezovi\/#primaryimage\"},\"image\":{\"@id\":\"https:\/\/evertonfc.cz\/index.php\/2021\/06\/23\/reakcia-fanklubu-na-spravy-o-benitezovi\/#primaryimage\"},\"thumbnailUrl\":\"https:\/\/evertonfc.cz\/wp-content\/uploads\/2021\/06\/Rafael-Benitez-Everton-flag-23-6-2021.jpg\",\"datePublished\":\"2021-06-23T09:42:29+00:00\",\"dateModified\":\"2021-06-23T10:57:07+00:00\",\"breadcrumb\":{\"@id\":\"https:\/\/evertonfc.cz\/index.php\/2021\/06\/23\/reakcia-fanklubu-na-spravy-o-benitezovi\/#breadcrumb\"},\"inLanguage\":\"cs\",\"potentialAction\":[{\"@type\":\"ReadAction\",\"target\":[\"https:\/\/evertonfc.cz\/index.php\/2021\/06\/23\/reakcia-fanklubu-na-spravy-o-benitezovi\/\"]}]},{\"@type\":\"ImageObject\",\"inLanguage\":\"cs\",\"@id\":\"https:\/\/evertonfc.cz\/index.php\/2021\/06\/23\/reakcia-fanklubu-na-spravy-o-benitezovi\/#primaryimage\",\"url\":\"https:\/\/evertonfc.cz\/wp-content\/uploads\/2021\/06\/Rafael-Benitez-Everton-flag-23-6-2021.jpg\",\"contentUrl\":\"https:\/\/evertonfc.cz\/wp-content\/uploads\/2021\/06\/Rafael-Benitez-Everton-flag-23-6-2021.jpg\",\"width\":720,\"height\":405},{\"@type\":\"BreadcrumbList\",\"@id\":\"https:\/\/evertonfc.cz\/index.php\/2021\/06\/23\/reakcia-fanklubu-na-spravy-o-benitezovi\/#breadcrumb\",\"itemListElement\":[{\"@type\":\"ListItem\",\"position\":1,\"name\":\"Home\",\"item\":\"https:\/\/evertonfc.cz\/\"},{\"@type\":\"ListItem\",\"position\":2,\"name\":\"Reakcia fanklubu na spr\u00e1vy o Ben\u00edtezovi\"}]},{\"@type\":\"WebSite\",\"@id\":\"https:\/\/evertonfc.cz\/#website\",\"url\":\"https:\/\/evertonfc.cz\/\",\"name\":\"Official Czech &amp; Slovak Everton Supporters&#039; Club\",\"description\":\"\",\"publisher\":{\"@id\":\"https:\/\/evertonfc.cz\/#organization\"},\"potentialAction\":[{\"@type\":\"SearchAction\",\"target\":{\"@type\":\"EntryPoint\",\"urlTemplate\":\"https:\/\/evertonfc.cz\/?s={search_term_string}\"},\"query-input\":{\"@type\":\"PropertyValueSpecification\",\"valueRequired\":true,\"valueName\":\"search_term_string\"}}],\"inLanguage\":\"cs\"},{\"@type\":\"Organization\",\"@id\":\"https:\/\/evertonfc.cz\/#organization\",\"name\":\"Official Czech & Slovak Everton Supporters' Club\",\"url\":\"https:\/\/evertonfc.cz\/\",\"logo\":{\"@type\":\"ImageObject\",\"inLanguage\":\"cs\",\"@id\":\"https:\/\/evertonfc.cz\/#\/schema\/logo\/image\/\",\"url\":\"https:\/\/evertonfc.cz\/wp-content\/uploads\/2019\/05\/logo.png\",\"contentUrl\":\"https:\/\/evertonfc.cz\/wp-content\/uploads\/2019\/05\/logo.png\",\"width\":112,\"height\":112,\"caption\":\"Official Czech & Slovak Everton Supporters' Club\"},\"image\":{\"@id\":\"https:\/\/evertonfc.cz\/#\/schema\/logo\/image\/\"},\"sameAs\":[\"https:\/\/www.facebook.com\/everton.fans.cz.sk\"]},{\"@type\":\"Person\",\"@id\":\"https:\/\/evertonfc.cz\/#\/schema\/person\/d4493b8cbea51532597fbc4685698916\",\"name\":\"BlueBlooded\",\"url\":\"https:\/\/evertonfc.cz\/index.php\/author\/admin\/\"}]}<\/script>\n<!-- \/ Yoast SEO plugin. -->","yoast_head_json":{"title":"Reakcia fanklubu na spr\u00e1vy o Ben\u00edtezovi - Official Czech &amp; Slovak Everton Supporters&#039; Club","robots":{"index":"index","follow":"follow","max-snippet":"max-snippet:-1","max-image-preview":"max-image-preview:large","max-video-preview":"max-video-preview:-1"},"canonical":"https:\/\/evertonfc.cz\/index.php\/2021\/06\/23\/reakcia-fanklubu-na-spravy-o-benitezovi\/","og_locale":"cs_CZ","og_type":"article","og_title":"Reakcia fanklubu na spr\u00e1vy o Ben\u00edtezovi - Official Czech &amp; Slovak Everton Supporters&#039; Club","og_description":"Posledn\u00fd t\u00fd\u017ede\u0148 zosilneli tvrdenia, \u017ee b\u00fdval\u00fd \u00faspe\u0161n\u00fd mana\u017e\u00e9r Liverpoolu a nesk\u00f4r aj Newcastlu United, Rafael Ben\u00edtez, sa bl\u00ed\u017ei vymenovaniu za nov\u00e9ho mana\u017e\u00e9ra EFC.","og_url":"https:\/\/evertonfc.cz\/index.php\/2021\/06\/23\/reakcia-fanklubu-na-spravy-o-benitezovi\/","og_site_name":"Official Czech &amp; Slovak Everton Supporters&#039; Club","article_publisher":"https:\/\/www.facebook.com\/everton.fans.cz.sk","article_published_time":"2021-06-23T09:42:29+00:00","article_modified_time":"2021-06-23T10:57:07+00:00","og_image":[{"width":720,"height":405,"url":"https:\/\/evertonfc.cz\/wp-content\/uploads\/2021\/06\/Rafael-Benitez-Everton-flag-23-6-2021.jpg","type":"image\/jpeg"}],"author":"BlueBlooded","twitter_card":"summary_large_image","twitter_misc":{"Napsal(a)":"BlueBlooded","Odhadovan\u00e1 doba \u010dten\u00ed":"4 minuty"},"schema":{"@context":"https:\/\/schema.org","@graph":[{"@type":"Article","@id":"https:\/\/evertonfc.cz\/index.php\/2021\/06\/23\/reakcia-fanklubu-na-spravy-o-benitezovi\/#article","isPartOf":{"@id":"https:\/\/evertonfc.cz\/index.php\/2021\/06\/23\/reakcia-fanklubu-na-spravy-o-benitezovi\/"},"author":{"name":"BlueBlooded","@id":"https:\/\/evertonfc.cz\/#\/schema\/person\/d4493b8cbea51532597fbc4685698916"},"headline":"Reakcia fanklubu na spr\u00e1vy o Ben\u00edtezovi","datePublished":"2021-06-23T09:42:29+00:00","dateModified":"2021-06-23T10:57:07+00:00","mainEntityOfPage":{"@id":"https:\/\/evertonfc.cz\/index.php\/2021\/06\/23\/reakcia-fanklubu-na-spravy-o-benitezovi\/"},"wordCount":1048,"commentCount":31,"publisher":{"@id":"https:\/\/evertonfc.cz\/#organization"},"image":{"@id":"https:\/\/evertonfc.cz\/index.php\/2021\/06\/23\/reakcia-fanklubu-na-spravy-o-benitezovi\/#primaryimage"},"thumbnailUrl":"https:\/\/evertonfc.cz\/wp-content\/uploads\/2021\/06\/Rafael-Benitez-Everton-flag-23-6-2021.jpg","articleSection":["Aktuality","Supporters' Club"],"inLanguage":"cs","potentialAction":[{"@type":"CommentAction","name":"Comment","target":["https:\/\/evertonfc.cz\/index.php\/2021\/06\/23\/reakcia-fanklubu-na-spravy-o-benitezovi\/#respond"]}]},{"@type":"WebPage","@id":"https:\/\/evertonfc.cz\/index.php\/2021\/06\/23\/reakcia-fanklubu-na-spravy-o-benitezovi\/","url":"https:\/\/evertonfc.cz\/index.php\/2021\/06\/23\/reakcia-fanklubu-na-spravy-o-benitezovi\/","name":"Reakcia fanklubu na spr\u00e1vy o Ben\u00edtezovi - Official Czech &amp; Slovak Everton Supporters&#039; Club","isPartOf":{"@id":"https:\/\/evertonfc.cz\/#website"},"primaryImageOfPage":{"@id":"https:\/\/evertonfc.cz\/index.php\/2021\/06\/23\/reakcia-fanklubu-na-spravy-o-benitezovi\/#primaryimage"},"image":{"@id":"https:\/\/evertonfc.cz\/index.php\/2021\/06\/23\/reakcia-fanklubu-na-spravy-o-benitezovi\/#primaryimage"},"thumbnailUrl":"https:\/\/evertonfc.cz\/wp-content\/uploads\/2021\/06\/Rafael-Benitez-Everton-flag-23-6-2021.jpg","datePublished":"2021-06-23T09:42:29+00:00","dateModified":"2021-06-23T10:57:07+00:00","breadcrumb":{"@id":"https:\/\/evertonfc.cz\/index.php\/2021\/06\/23\/reakcia-fanklubu-na-spravy-o-benitezovi\/#breadcrumb"},"inLanguage":"cs","potentialAction":[{"@type":"ReadAction","target":["https:\/\/evertonfc.cz\/index.php\/2021\/06\/23\/reakcia-fanklubu-na-spravy-o-benitezovi\/"]}]},{"@type":"ImageObject","inLanguage":"cs","@id":"https:\/\/evertonfc.cz\/index.php\/2021\/06\/23\/reakcia-fanklubu-na-spravy-o-benitezovi\/#primaryimage","url":"https:\/\/evertonfc.cz\/wp-content\/uploads\/2021\/06\/Rafael-Benitez-Everton-flag-23-6-2021.jpg","contentUrl":"https:\/\/evertonfc.cz\/wp-content\/uploads\/2021\/06\/Rafael-Benitez-Everton-flag-23-6-2021.jpg","width":720,"height":405},{"@type":"BreadcrumbList","@id":"https:\/\/evertonfc.cz\/index.php\/2021\/06\/23\/reakcia-fanklubu-na-spravy-o-benitezovi\/#breadcrumb","itemListElement":[{"@type":"ListItem","position":1,"name":"Home","item":"https:\/\/evertonfc.cz\/"},{"@type":"ListItem","position":2,"name":"Reakcia fanklubu na spr\u00e1vy o Ben\u00edtezovi"}]},{"@type":"WebSite","@id":"https:\/\/evertonfc.cz\/#website","url":"https:\/\/evertonfc.cz\/","name":"Official Czech &amp; Slovak Everton Supporters&#039; Club","description":"","publisher":{"@id":"https:\/\/evertonfc.cz\/#organization"},"potentialAction":[{"@type":"SearchAction","target":{"@type":"EntryPoint","urlTemplate":"https:\/\/evertonfc.cz\/?s={search_term_string}"},"query-input":{"@type":"PropertyValueSpecification","valueRequired":true,"valueName":"search_term_string"}}],"inLanguage":"cs"},{"@type":"Organization","@id":"https:\/\/evertonfc.cz\/#organization","name":"Official Czech & Slovak Everton Supporters' Club","url":"https:\/\/evertonfc.cz\/","logo":{"@type":"ImageObject","inLanguage":"cs","@id":"https:\/\/evertonfc.cz\/#\/schema\/logo\/image\/","url":"https:\/\/evertonfc.cz\/wp-content\/uploads\/2019\/05\/logo.png","contentUrl":"https:\/\/evertonfc.cz\/wp-content\/uploads\/2019\/05\/logo.png","width":112,"height":112,"caption":"Official Czech & Slovak Everton Supporters' Club"},"image":{"@id":"https:\/\/evertonfc.cz\/#\/schema\/logo\/image\/"},"sameAs":["https:\/\/www.facebook.com\/everton.fans.cz.sk"]},{"@type":"Person","@id":"https:\/\/evertonfc.cz\/#\/schema\/person\/d4493b8cbea51532597fbc4685698916","name":"BlueBlooded","url":"https:\/\/evertonfc.cz\/index.php\/author\/admin\/"}]}},"_links":{"self":[{"href":"https:\/\/evertonfc.cz\/index.php\/wp-json\/wp\/v2\/posts\/15628"}],"collection":[{"href":"https:\/\/evertonfc.cz\/index.php\/wp-json\/wp\/v2\/posts"}],"about":[{"href":"https:\/\/evertonfc.cz\/index.php\/wp-json\/wp\/v2\/types\/post"}],"author":[{"embeddable":true,"href":"https:\/\/evertonfc.cz\/index.php\/wp-json\/wp\/v2\/users\/1"}],"replies":[{"embeddable":true,"href":"https:\/\/evertonfc.cz\/index.php\/wp-json\/wp\/v2\/comments?post=15628"}],"version-history":[{"count":7,"href":"https:\/\/evertonfc.cz\/index.php\/wp-json\/wp\/v2\/posts\/15628\/revisions"}],"predecessor-version":[{"id":15636,"href":"https:\/\/evertonfc.cz\/index.php\/wp-json\/wp\/v2\/posts\/15628\/revisions\/15636"}],"wp:featuredmedia":[{"embeddable":true,"href":"https:\/\/evertonfc.cz\/index.php\/wp-json\/wp\/v2\/media\/15630"}],"wp:attachment":[{"href":"https:\/\/evertonfc.cz\/index.php\/wp-json\/wp\/v2\/media?parent=15628"}],"wp:term":[{"taxonomy":"category","embeddable":true,"href":"https:\/\/evertonfc.cz\/index.php\/wp-json\/wp\/v2\/categories?post=15628"},{"taxonomy":"post_tag","embeddable":true,"href":"https:\/\/evertonfc.cz\/index.php\/wp-json\/wp\/v2\/tags?post=15628"}],"curies":[{"name":"wp","href":"https:\/\/api.w.org\/{rel}","templated":true}]}}