{"id":15642,"date":"2021-06-28T08:49:00","date_gmt":"2021-06-28T06:49:00","guid":{"rendered":"https:\/\/evertonfc.cz\/?p=15642"},"modified":"2021-07-12T07:40:41","modified_gmt":"2021-07-12T05:40:41","slug":"zhodnoceni-sezony-2020-21","status":"publish","type":"post","link":"https:\/\/evertonfc.cz\/index.php\/2021\/06\/28\/zhodnoceni-sezony-2020-21\/","title":{"rendered":"Zhodnocen\u00ed sez\u00f3ny 2020\/21"},"content":{"rendered":"<h4>&#8222;Pro\u010d ten jetel\u00ed\u010dek roste u vody?&#8220; &#8222;Co jste, hasi\u010di, co jste d\u011blali?&#8220; Pal\u010div\u00e9 ot\u00e1zky dne\u0161ka. A proto redakce s dostate\u010dn\u011b pon\u00ed\u017eenou suplikou po\u017e\u00e1dala ty nejbyst\u0159ej\u0161\u00ed mozky, kter\u00e9 tu jsou, aby s n\u00e1mi sd\u00edleli \u0161petku sv\u00e9 nebety\u010dn\u00e9 a nebesk\u00e9 moudrosti.<\/h4>\n<hr \/>\n<h4><span style=\"font-size: 12pt;\"><strong>P\u0159edn\u011b &#8211; d\u00edky za to, \u017ee jste si ud\u011blali \u010das. Oce\u0148ujeme to. Za\u010dn\u011bme stru\u010dn\u00fdm zhodnocen\u00edm jednotliv\u00fdch pozic. Nejd\u0159\u00edv tedy brank\u00e1\u0159i. Jak jsi byl spokojen s v\u00fdkony Pickforda? A kdy\u017e je dvojka Olsen zp\u011bt v AS \u0158\u00edm, m\u011bl by v\u00edc \u0161anc\u00ed dost\u00e1vat Virginia?<\/strong><\/span><\/h4>\n<p><strong>Krony: <\/strong>V\u00fdkony Pickforda byly v prvn\u00ed p\u016flce sezony pln\u00e9 chyb, nejen p\u0159i chyt\u00e1n\u00ed, ale i jeho rozehr\u00e1vka byla slab\u00e1. Na\u0161t\u011bst\u00ed ho tady podr\u017eel zbytek t\u00fdmu, bu\u010f jeho chyby napravili, nebo pokud u\u017e z chyby padl g\u00f3l, tak na druh\u00e9 stran\u011b jich v\u011bt\u0161inou padlo v\u00edce. Zhruba n\u011bkdy na p\u0159elomu listopadu a prosince se za\u010dal s v\u00fdkony zvedat a ke konci sezony to byl nakonec jeden z na\u0161ich nejlep\u0161\u00edch hr\u00e1\u010d\u016f. Bohu\u017eel svou formou \u0161el oproti v\u0161em ostatn\u00edm, tak\u017ee i kdy\u017e vychytal skoro nemo\u017en\u00e9, tak to \u010dasto na body ani tak nesta\u010dilo.<\/p>\n<p>Virginiovi bych ur\u010dit\u011b dal \u0161anci, aby d\u011blal dvojku v n\u00e1sleduj\u00edc\u00ed sezon\u011b. Vid\u011bl jsem ho v akci sice jen dvakr\u00e1t, ale chybu neud\u011blal, chytal dob\u0159e. Oproti Pickfordovi je u n\u011bj slab\u0161\u00ed rozehr\u00e1vka a \u010dten\u00ed hry, kde Pickford m\u016f\u017ee hr\u00e1t brank\u00e1\u0159sk\u00e9 libero, Virginia ur\u010dit\u011b zat\u00edm ne.<\/p>\n<p><strong>Tomm: <\/strong>Nepoda\u0159ila se mu prvn\u00ed polovina sez\u00f3ny. Ke konci se pak pomali\u010dku dost\u00e1val zp\u011bt do reprezenta\u010dn\u00ed formy. J\u00e1 jsem jeho dlouhodob\u00fdm zast\u00e1ncem a i p\u0159es ob\u010dasn\u00e9 minely je to pro m\u011b kvalitn\u00ed g\u00f3lman a neot\u0159esiteln\u00e1 jedni\u010dka. Virginia by v\u00edc \u0161anc\u00ed dost\u00e1vat m\u011bl, ale nejsp\u00ed\u0161e n\u011bkde jinde na hostov\u00e1n\u00ed. U n\u00e1s pot\u0159ebn\u00e9 zku\u0161enosti nez\u00edsk\u00e1.<\/p>\n<p><strong>Jan\u010di: <\/strong>Picky za m\u0148a fajn, nerobil zbyto\u010dn\u00e9 chyby a chytal na \u00farovni repre brank\u00e1ra. Mlad\u00fd Jo\u00e3o by ako dvojka posta\u010di\u0165 mohol. S\u00edce by som ako dvojku rad\u0161ej videl natrvalo Olsena, ale Jo\u00e3o je zadarmo, tak na \u010do zbyto\u010dne utr\u00e1ca\u0165. Priestor v poh\u00e1roch by dosta\u0165 mohol.<\/p>\n<p><strong>Karamela:<\/strong> S v\u00fdkony Pickforda jsem celkov\u011b nakonec spokojen, i kdy\u017e v pr\u016fb\u011bhu sez\u00f3ny jsem jej n\u011bkdy m\u011bl u\u017e dost. Mrz\u00ed m\u011b, \u017ee se Olsen vrac\u00ed zp\u011bt do \u0158\u00edma, mysl\u00edm si, \u017ee kdy\u017e byl postaven do z\u00e1pasu, po\u010d\u00ednal si slu\u0161n\u011b a byl by pro Pickforda p\u0159esn\u011b tou pravou konkurenc\u00ed. Virginia by vice \u0161anc\u00ed dost\u00e1vat m\u011bl. Ale boj\u00edm se, \u017ee jej \u010dek\u00e1 obvykl\u00fd osud brank\u00e1\u0159sk\u00fdch dvojek: odchyt\u00e1 p\u00e1r poh\u00e1rov\u00fdch z\u00e1pas\u016f a rad\u0161i zmiz\u00ed n\u011bkam d\u011blat jedni\u010dku.<\/p>\n<h4><img loading=\"lazy\" decoding=\"async\" class=\"wp-image-13731 aligncenter\" src=\"https:\/\/evertonfc.cz\/wp-content\/uploads\/2021\/01\/pickford_27_1_2021.jpg\" alt=\"\" width=\"640\" height=\"360\" srcset=\"https:\/\/evertonfc.cz\/wp-content\/uploads\/2021\/01\/pickford_27_1_2021.jpg 720w, https:\/\/evertonfc.cz\/wp-content\/uploads\/2021\/01\/pickford_27_1_2021-300x169.jpg 300w\" sizes=\"(max-width: 640px) 100vw, 640px\" \/><span style=\"font-size: 12pt;\"><strong>Jak vytvo\u0159it konkurenci na kraj\u00edch obrany? U\u017e n\u011bkolik rok\u016f se mluv\u00ed o n\u00e1hradn\u00edkovi\/n\u00e1stupn\u00edkovi Colemana, ale kde nic, tu nic (Holgate a Godfrey jsou prim\u00e1rn\u011b stope\u0159i). A m\u011bl by vlevo b\u00fdt prohl\u00e1\u0161en za dvojku Nkounkou nebo sp\u00ed\u0161e by m\u011bl Everton n\u011bkoho p\u0159iv\u00e9st? Souhlas\u00ed\u0161 se mnou, \u017ee st\u0159ed obrany odehr\u00e1l sez\u00f3nu celkem dob\u0159e?<\/strong><\/span><\/h4>\n<p><strong>Krony: <\/strong>Coleman je pro m\u011b st\u00e1le dost dobr\u00fd, aby hr\u00e1l d\u00e1le, ale n\u011bjakou n\u00e1hradu\/alternaci by to asi cht\u011blo. Nkounkoua nem\u016f\u017eu hodnotit, vid\u011bl jsem ho jen v poh\u00e1ru a pak v lize dostal p\u00e1r minut tu\u0161\u00edm. V poh\u00e1ru skv\u011bl\u00fd, ale m\u00e1lo minut na hodnocen\u00ed. Godfrey ale dle m\u00e9ho zvl\u00e1d\u00e1 i pozici beka bravurn\u011b a to na obou stran\u00e1ch. St\u0159ed obrany hr\u00e1l dob\u0159e a\u017e na ob\u010dasn\u00e9 chyby, ale neomyln\u00fd nen\u00ed nikdo a ani jeden ze stoper\u016f nem\u011bl n\u011bjak\u00e9 del\u0161\u00ed slab\u00e9 obdob\u00ed. Ka\u017ed\u00fd ze stoper\u016f m\u00e1 sv\u00e9 slab\u0161\u00ed i siln\u011bj\u0161\u00ed str\u00e1nky, je na mana\u017eerovi, aby na dan\u00fd z\u00e1pas vybral ty nejvhodn\u011bj\u0161\u00ed a CA se to dle m\u00e9ho slu\u0161n\u011b da\u0159ilo.<\/p>\n<p><strong>Tomm: <\/strong>Prav\u00fd kraj obrany mus\u00ed b\u00fdt na\u0161e priorita na p\u0159estupov\u00e9m trhu. Bohu\u017eel Coleman\u016fv &#8222;d\u016fchod&#8220; n\u00e1s bude hodn\u011b bolet. Krom\u011b kvalitn\u00edho hr\u00e1\u010de, kter\u00e9ho se n\u00e1m neda\u0159\u00ed nahradit, ztrat\u00edme tak\u00e9 kapit\u00e1na, co\u017e pro m\u011b bude daleko v\u011bt\u0161\u00ed probl\u00e9m. Up\u0159\u00edmn\u011b \u0159e\u010deno, jeho n\u00e1stupce v t\u00fdmu\u00a0 nevid\u00edm. U Nkounkoua plat\u00ed to stejn\u00e9 co u Virginii = hostov\u00e1n\u00ed.<\/p>\n<p>St\u0159ed obrany m\u00e1me oproti ostatn\u00edm post\u016fm dob\u0159e pokryt\u00fd a obstojn\u011b jsme zvl\u00e1dli situaci, kdy Mina byl zran\u011bn\u00fd a Holgate konzistentn\u011b \u0161patn\u00fd. Jednozna\u010dn\u011b n\u00e1\u0161 nejhor\u0161\u00ed hraj\u00edc\u00ed hr\u00e1\u010d. Nev\u00edm, co se stalo, ale minulou sez\u00f3nu byl jeden z nejlep\u0161\u00edch. Tro\u0161ku m\u011b mrz\u00ed, \u017ee ho drtiv\u00e1 v\u011bt\u0161ina fanou\u0161k\u016f (nebo aspo\u0148 ta hlasit\u011bj\u0161\u00ed \u010d\u00e1st) odepsala. J\u00e1 mu st\u00e1le v\u011b\u0159\u00edm a jsem p\u0159esv\u011bd\u010den, \u017ee se dok\u00e1\u017ee dostat do formy p\u0159ed zran\u011bn\u00edm.<\/p>\n<p>Godfrey? Za m\u011b p\u0159ekvapen\u00ed sez\u00f3ny. V\u00fdbornej univerz\u00e1l, co nevynechal jedinej souboj a hr\u00e1\u010d, kter\u00fd svou energi\u00ed dok\u00e1\u017ee nakazit ostatn\u00ed spoluhr\u00e1\u010de. Jeho p\u0159\u00ednos sm\u011brem dop\u0159edu je sice minim\u00e1ln\u00ed, ale od toho tam p\u0159ece nen\u00ed, \u017ee? Ka\u017edop\u00e1dn\u011b uvid\u00edme, jak si porad\u00ed s prokletou \u201eevertonskou druhou\u201c sez\u00f3nou.<\/p>\n<p><strong>Jan\u010di: <\/strong>Obrana bola tento rok po defenz\u00edvnej str\u00e1nke dobr\u00e1. Keane ako l\u00edder obrany vyspel a dobre to dirigoval. Prekvapil ma Godfrey, ktor\u00fd bol neskuto\u010dn\u00fd, naozaj brilantn\u00fd n\u00e1kup (ma\u0165 tak\u00fdch 11 na ihrisku, tak vyhr\u00e1me v\u0161etko asi). Tro\u0161ka ma sklamal Holgate, oproti minulej sez\u00f3ne bol len tie\u0148om toho, \u010do bol. Nkounkou ako dvojka za Digneho \u00e1no, pokia\u013e to nezapl\u00e1ta Ben. V akad\u00e9mii n\u00e1m rastie e\u0161te Small, ale prav\u00e1 ost\u00e1va slabinou, tam nem\u00e1me ni\u010d. \u010c\u00edtal som nie\u010do o Dumfriesovi z PSV za nie\u010do pod 13m, ale to bolo e\u0161te pred EURO, ale ktovie&#8230; Sn\u00e1\u010f ho Brands prehovor\u00ed.<\/p>\n<p><strong>Karamela:<\/strong> Souhlas\u00edm s t\u00edm, aby byl Nkounkou ofici\u00e1ln\u011b druhou volbou na levou stranu obrany. N\u00e1hradn\u00edka za Colemana si budeme muset p\u0159iv\u00e9st. A ud\u011blat jsme to m\u011bli u\u017e p\u0159ed jedn\u00edm, dv\u011bma lety. Nem\u00e1m nasledovanou na\u0161\u00ed akademii, mo\u017en\u00e1 tam teoreticky n\u011bjak\u00fd vhodn\u00fd n\u00e1hradn\u00edk nebo sp\u00ed\u0161e n\u00e1stupce bude. Ale kdy\u017e zohledn\u00edm, nakolik se n\u00e1m posledn\u00ed l\u00e9ta da\u0159\u00ed zapojovat odchovance akademie do prvn\u00edho t\u00fdmu, tak si mysl\u00edm, \u017ee nezbyde ne\u017e nakupovat. St\u0159ed obrany hr\u00e1l slu\u0161n\u011b, i kdy\u017e Keane pravideln\u011b prov\u011b\u0159oval spr\u00e1vnou funkci m\u00fdch koron\u00e1rn\u00edch tepen.<strong><img loading=\"lazy\" decoding=\"async\" class=\"wp-image-13547 aligncenter\" src=\"https:\/\/evertonfc.cz\/wp-content\/uploads\/2021\/01\/keane_14_2_2021.jpg\" alt=\"\" width=\"640\" height=\"360\" srcset=\"https:\/\/evertonfc.cz\/wp-content\/uploads\/2021\/01\/keane_14_2_2021.jpg 720w, https:\/\/evertonfc.cz\/wp-content\/uploads\/2021\/01\/keane_14_2_2021-300x169.jpg 300w\" sizes=\"(max-width: 640px) 100vw, 640px\" \/><\/strong><\/p>\n<h4><span style=\"font-size: 12pt;\"><strong>S v\u00fdkony Allana, Doucour\u00e9ho a Rodr\u00edgueze je nepochybn\u011b spokojenost. Mana\u017eer je ale pry\u010d a my budeme r\u00e1di, kdy\u017e Rodr\u00edguez v l\u00e9t\u011b neodejde. Co podle tebe vid\u011bl Ancelotti v Gomesovi, \u017ee ho celkem \u010dasto d\u00e1val do z\u00e1kladu? A fungovala celkov\u011b obrann\u00e1 \u010d\u00e1st z\u00e1lohy? Jak hodnot\u00ed\u0161 \u00fato\u010dnou \u010d\u00e1st z\u00e1lohy?<\/strong><\/span><\/h4>\n<p><strong>Krony: <\/strong>Z\u00e1loha byla nejsiln\u011bj\u0161\u00ed za spoustu let, pokud ov\u0161em hr\u00e1la v optim\u00e1ln\u00edm slo\u017een\u00ed &#8211; a v\u0161echny t\u0159i opory m\u011bly vleklej\u0161\u00ed zran\u011bn\u00ed, nav\u00edc James hr\u00e1l v n\u011bkolika z\u00e1pasech i k\u0159\u00eddlo. Ur\u010dit\u011b pot\u0159ebujeme pos\u00edlit i tady. Davies je fajn, um\u00ed zasko\u010dit a sezona se mu povedla, Sigi op\u011bt st\u0159\u00eddal nev\u00fdrazn\u00e9 a hv\u011bzdn\u00e9 z\u00e1pasy a okam\u017eiky. Gomes by byl hv\u011bzdou minul\u00e9ho desetilet\u00ed, um\u00ed skv\u011ble pokr\u00fdt m\u00ed\u010d, m\u00e1 dobrou techniku, ale nep\u0159id\u00e1v\u00e1 nic k tomu. Allan um\u00ed to stejn\u00e9, nav\u00edc sb\u00edr\u00e1 m\u00ed\u010de. James m\u00e1 nav\u00edc zase p\u0159esn\u00e9, p\u0159ekvapiv\u00e9 a rychl\u00e9 p\u0159ihr\u00e1vky nebo p\u0159enesen\u00ed hry, to Gomesovi chyb\u00ed, tedy alespo\u0148 po tom zran\u011bn\u00ed, p\u0159ed n\u00edm m\u011bl od v\u0161eho tro\u0161ku, byl to d\u0159\u00ed\u010d i kreativec z\u00e1rove\u0148, te\u010f u\u017e to tam nen\u00ed.<\/p>\n<p><strong>Tomm: <\/strong>Obrann\u00e1 \u010d\u00e1st byla v pohod\u011b. \u00dato\u010dn\u00e1 skoro neexistovala, ale to byl probl\u00e9m cel\u00e9ho t\u00fdmu. Sm\u011brem dop\u0159edu nulov\u00e1 kreativita, co\u017e m\u011blo za n\u00e1sledek vy\u0159azen\u00ed potenci\u00e1lu na\u0161ich \u00fato\u010d\u00edc\u00edch hr\u00e1\u010d\u016f ze hry.<\/p>\n<p>Allan a Doucour\u00e9 byli velice d\u016fle\u017eit\u00ed hr\u00e1\u010di. Neboj\u00edm se \u0159\u00edct, \u017ee dokonce nepostradateln\u00ed, co\u017e bylo vid\u011bt p\u0159i Allanov\u011b absenci. V\u00fdborn\u00ed b\u011b\u017eci, spolehliv\u00ed dozadu, dostate\u010dn\u011b agresivn\u00ed a u soupe\u0159\u016f zaslou\u017een\u011b neobl\u00edben\u00ed. Sm\u011brem dop\u0159edu u nich vid\u00edm v\u011bt\u0161\u00ed p\u0159\u00ednos ne\u017e sv\u00e9ho \u010dasu m\u011bl Gana. Ale tak jako u ostatn\u00edch plat\u00ed to stejn\u00e9. Pokud chcete hr\u00e1t za Everton, je t\u0159eba v \u00fato\u010dn\u00e9 f\u00e1zi tro\u0161ku v\u00edc ne\u017e jen nic nepokazit.<\/p>\n<p>Co vid\u011bl na Gomesovi? Ot\u00e1zka sp\u00ed\u0161 zn\u00ed: Co mu vadilo na ostatn\u00edch? Stav\u011bn\u00ed Gomese do z\u00e1kladu nebylo o jeho kvalit\u00e1ch, ale sp\u00ed\u0161e o nekvalit\u00e1ch konkurence. Co mu vadilo na Daviesovi, opravdu netu\u0161\u00edm, ale za m\u011b, kdy\u017e hr\u00e1l, tak byl jeden z lep\u0161\u00edch.<\/p>\n<p>Pak tu je je\u0161t\u011b Sigurdsson. Jeho hra stoj\u00ed a pad\u00e1 na h\u0159e cel\u00e9ho t\u00fdmu. Kdy\u017e se da\u0159\u00ed, v\u011bt\u0161inou b\u00fdv\u00e1 \u00fast\u0159edn\u00ed postava z\u00e1pasu. Spole\u010dn\u011b s Dignem jedin\u00ed kreativn\u00ed hr\u00e1\u010di v t\u00fdmu. Brzo mu kon\u010d\u00ed smlouva \u2013 bude se podepisovat nov\u00e1? J\u00e1 bych mu ji dal, ale s pom\u011brn\u011b men\u0161\u00edm ohodnocen\u00edm.<\/p>\n<p><strong>Jan\u010di: <\/strong>Takto&#8230; Rodriguez nech len ide, aj tak moc nehral, a nie\u010do z toho aj vytrieskame, ten tu bol len kv\u00f4li Ancelottimu, nie klubu. Trojica Allan \u2013 Doucour\u00e9 &#8211; Gomes mne osobne pri\u0161la najuniverz\u00e1lnej\u0161ia. Gomes tam mal uplatnenie, ke\u010f\u017ee on nie je nejak\u00fd \u0161print\u00e9r, ale m\u00e1 silu a dobre prep\u00e1ja \u00fatok a obranu, ale zase bez spom\u00ednan\u00e9ho dua bol polovi\u010dn\u00fd.<\/p>\n<p><strong>Karamela:<\/strong> D\u00edky tomu, \u017ee na tyto ot\u00e1zky odpov\u00edd\u00e1m pozd\u011b u\u017e v\u00edm, \u017ee Rodr\u00edguez v l\u00e9t\u011b nejsp\u00ed\u0161 odejde. Z jeho celkov\u00e9ho p\u016fsoben\u00ed na Goodison Parku jsem rozpa\u010dit\u00fd: z\u00e1blesky kr\u00e1sn\u00e9ho fotbalov\u00e9ho um\u011bn\u00ed st\u0159\u00eddal s \u010detn\u00fdmi chv\u00edlemi, kdy na tr\u00e1vn\u00edku doslova nebyl. Ch\u00e1pu, \u017ee to je nejsp\u00ed\u0161 velmi sympatick\u00fd a k\u0159ehk\u00fd \u010dlov\u011bk, kter\u00e9mu v dal\u0161\u00ed kari\u00e9\u0159e a \u017eivot\u011b p\u0159eji jen to dobr\u00e9. Za sebe bych ov\u0161em dal p\u0159ednost hr\u00e1\u010di t\u0159eba m\u00e9n\u011b geni\u00e1ln\u00edmu, ale zato vyrovnan\u011bj\u0161\u00edmu a schopn\u00e9mu nastoupit ve v\u011bt\u0161in\u011b z\u00e1pas\u016f.<\/p>\n<p>Co vid\u011bl Ancelotti v Gomesovi nev\u00edm, mo\u017en\u00e1 ur\u010ditou solidnost bez tendence k riskantn\u00edm experiment\u016fm. Na rozd\u00edl nap\u0159\u00edklad od Toma &#8222;Pirla&#8220; Daviese, u n\u011bho\u017e jeden nikdy nev\u00ed, zda p\u0159edvede kolos\u00e1ln\u00ed kiks nebo fotbalovou lah\u016fdku. Obrann\u00e1 \u010d\u00e1st z\u00e1lohy fungovala podle m\u00e9ho n\u00e1zoru asi nejl\u00e9pe z cel\u00e9ho t\u00fdmu. Godfrey, Allan, Doucour\u00e9 \u2013 kdykoliv byl n\u011bkdo z nich na h\u0159i\u0161ti, byl jsem v\u00fdrazn\u011b klidn\u011bj\u0161\u00ed. \u00dato\u010dnou \u010d\u00e1st z\u00e1lohy vid\u00edm p\u0159edev\u0161\u00edm jako nevyrovnanou.<img loading=\"lazy\" decoding=\"async\" class=\"wp-image-12312 aligncenter\" src=\"https:\/\/evertonfc.cz\/wp-content\/uploads\/2020\/10\/James-Everton-Brighton-3-10-2020.jpg\" alt=\"\" width=\"640\" height=\"360\" srcset=\"https:\/\/evertonfc.cz\/wp-content\/uploads\/2020\/10\/James-Everton-Brighton-3-10-2020.jpg 720w, https:\/\/evertonfc.cz\/wp-content\/uploads\/2020\/10\/James-Everton-Brighton-3-10-2020-300x169.jpg 300w\" sizes=\"(max-width: 640px) 100vw, 640px\" \/><\/p>\n<h4><span style=\"font-size: 12pt;\"><strong>Posledn\u00ed p\u00e1nov\u00e9 na holen\u00ed &#8211; \u00fato\u010dn\u00edci a k\u0159\u00eddla. A zde n\u00e1s opravdu tla\u010d\u00ed bota. King neprodlou\u017eil a Richarlison skoro ur\u010dit\u011b odejde. Za p\u0159edpokladu, \u017ee i nad\u00e1le budeme hr\u00e1t na jednoho hrota, tak pot\u0159ebujeme takov\u00e9 lidi t\u0159i. Jedni\u010dka je jasn\u00e1 &#8211; Calvert-Lewin. Ale koho k n\u011bmu? M\u011bl by za\u010d\u00edt dost\u00e1vat v\u00edce \u0161anc\u00ed st\u0159elecky disponovan\u00fd Simms? Jak hodnot\u00ed\u0161 \u00fato\u010dnou hru celkov\u011b?<\/strong><\/span><\/h4>\n<p><strong>Krony: <\/strong>Tady to bylo tak nap\u016fl. Rich a Calvert-Lewin super, napravo nic, pokud tam tedy nehr\u00e1l James. Rich tro\u0161ku p\u00e1lil \u0161ance, ale pracoval, neust\u00e1val ve snaze, produktivita slab\u0161\u00ed ne\u017e v p\u0159edchoz\u00edch sez\u00f3n\u00e1ch, ale st\u00e1le byl nebezpe\u010dn\u00fd a i t\u00edm obrany zam\u011bstn\u00e1val. DCL net\u0159eba vyzdvihovat, letos jedna z hv\u011bzd cel\u00e9 PL. A za nimi nic, \u017e\u00e1dn\u00fd z n\u00e1hradn\u00edk\u016f nehr\u00e1l ani pr\u016fm\u011brn\u011b.<\/p>\n<p>Doufal jsem, \u017ee Iwobi se sveze na \u00fasp\u011bchu t\u00fdmu a p\u0159i v\u00fdhr\u00e1ch, \u017ee prost\u011b sem tam d\u00e1 g\u00f3l, ob\u010das kvalitn\u011b zacentruje. Ale bohu\u017eel jemu se neda\u0159ilo, ani kdy\u017e zbytek t\u00fdmu jel na vln\u011b. P\u0159itom s m\u00ed\u010dem um\u00ed, rychlost celkem m\u00e1, ale n\u011bjak to ne a ne prodat. Simmse bych r\u00e1d v z\u00e1pase vid\u011bl, ale m\u016f\u017eu hodnotit jen na z\u00e1klad\u011b p\u00e1r sest\u0159ih\u016f &#8211; \u0159ekl bych \u017ee m\u00e1 p\u0159esn\u011b to, co chyb\u00ed Iwobimu, super v\u00fdb\u011br m\u00edsta a tak n\u011bjak mu to tam padne i kdy\u017e se to odraz\u00ed od jeho zad.<\/p>\n<p>Pokud Rich odejde, tak ur\u010dit\u011b bude nutn\u00e9 p\u0159it\u00e1hnout dv\u011b kvalitn\u00ed k\u0159\u00eddla, mo\u017en\u00e1 bych se neb\u00e1l roz\u0161\u00ed\u0159it tyhle posty o dal\u0161\u00ed hr\u00e1\u010de. Ale bude t\u011b\u017ek\u00e9 zbavit se finan\u010dn\u00ed z\u00e1t\u011b\u017ee plat\u016f nepot\u0159ebn\u00fdch hr\u00e1\u010d\u016f. Hlavn\u011b u zmi\u0148ovan\u00e9ho Iwobiho by to bolelo, p\u0159i\u0161el za velk\u00e9 pen\u00edze, plat nem\u00e1 mal\u00fd a prodat by se musel pod tr\u017en\u00ed hodnotou.<\/p>\n<p><strong>Tomm: <\/strong>Za\u010dnu odzadu. \u00dato\u010dn\u00e1 hra t\u00fdmu byla velmi \u0161patn\u00e1 a na\u0161\u00edm \u00fato\u010dn\u00edk\u016fm se nedost\u00e1vala pat\u0159i\u010dn\u00e1 podpora. DCL jasn\u00e1 jedni\u010dka, ale na jak dlouho? S Richarlisonem ur\u010dit\u011b nebylo n\u011bco v po\u0159\u00e1dku. Jakoby mu n\u011bco chyb\u011blo. Kamar\u00e1di, rodina, \u017eensk\u00e1, kalby, fanou\u0161ci? Nev\u00edm, kdo v klubu m\u00e1 tyto osobn\u00ed z\u00e1le\u017eitosti na starosti, ale j\u00e1 bych se neb\u00e1l uk\u00e1zat t\u00edmto sm\u011brem.<\/p>\n<p>Rich je velice aktivn\u00ed sm\u011brem ven k fanou\u0161k\u016fm, ale m\u00e1lokdy to bylo spojov\u00e1no s klubem. Jestli\u017ee v l\u00e9t\u011b odejde, budeme muset hr\u00e1t formace bez k\u0159\u00eddel.\u00a0 \u017d\u00e1dn\u00e9 k\u0159\u00eddeln\u00ed hr\u00e1\u010de nem\u00e1me a nav\u00edc je nedok\u00e1\u017eeme ani sehnat. Co se t\u00fdka Jamese, tak tady opravdu nev\u00edm, co m\u00e1m \u010dekat. \u010cetl jsem n\u011bco ohledn\u011b n\u011bjak\u00e9ho marastu ve smlouv\u011b sm\u011brem k Realu. Jemu ale n\u011bjak v\u011b\u0159\u00edm, \u017ee by mohl z\u016fstat.<\/p>\n<p>Simmse jsem skoro nevid\u011bl hr\u00e1t, ale reference nem\u00e1 \u0161patn\u00e9 a vzhledem k tomu, \u017ee pen\u00edze na rozhazov\u00e1n\u00ed nem\u00e1me, nem\u016f\u017eeme si dovolit ho poslat pry\u010d a p\u0159iv\u00e9st n\u00e1hradu. Mus\u00edme mu d\u00e1t prostor u n\u00e1s.<\/p>\n<p>P. S. Moiseho Keana u n\u00e1s nad\u00e1le nechci.<\/p>\n<p><strong>Jan\u010di: <\/strong>King mi ch\u00fdba\u0165 nebude, Richarlison m\u00e1 s\u00edce ve\u013ek\u00fd vplyv na \u00fato\u010dn\u00fa hru, ale nem\u00e1 tak\u00e9 \u0161tatistiky, aby niekto za neho vysolil povedzme 60-70 mega, tak\u017ee si mysl\u00edm \u017ee ostane, ale uvid\u00edme po Cope. DCL je samozrejmos\u0165, je u n\u00e1s zatia\u013e spokojn\u00fd. Kean ostane v PSG, tak\u017ee Simms by ako druh\u00fd hrot \u0161ancu mal dosta\u0165, m\u00e1 talent. Kr\u00eddlo mus\u00ed bezpodmiene\u010dne pr\u00eds\u0165, tie nem\u00e1me na Richarlisona a Gordona v\u00f4bec, Iwobiho ner\u00e1tam, to je \u0161koda re\u010di.<\/p>\n<p><strong>Karamela:<\/strong> Calvert\u2013Lewin aspiruje na to, \u017ee si jeho jm\u00e9no nech\u00e1m natisknout na nov\u00fd dres (To jen tak na okraj. Opravdu jsem z n\u011bj m\u011bl letos radost.). Kingova neprodlou\u017een\u00ed nelituji, ten p\u00e1n m\u011b ni\u010d\u00edm nezaujal. Odchodu Richarlisona bych asi m\u011bl litovat, ale nep\u0159i\u0161el mi v Evertonu pr\u00e1v\u011b \u0161\u0165astn\u00fd a tuto sez\u00f3nu se mu dvakr\u00e1t neda\u0159ilo. Tak\u017ee pokud za n\u011bj dostaneme slu\u0161n\u011b zaplaceno, s klidn\u00fdm srdcem se s n\u00edm roz\u017eehn\u00e1m.<\/p>\n<p>Simms by seri\u00f3zn\u00ed \u0161ance rozhodn\u011b dost\u00e1vat m\u011bl. A z hostov\u00e1n\u00ed z metropole nad Seinou bychom si podle m\u011b m\u011bli st\u00e1hnout Keana. Moc jin\u00fdch mo\u017enost\u00ed nevid\u00edm, ani kdy\u017e zohledn\u00edm pokrok v 3D tisku. Leda\u017ee by Brands v\u011bd\u011bl o n\u011bjak\u00e9m frustrovan\u00e9m talentu zah\u0159\u00edvaj\u00edc\u00edm lavi\u010dku v lucembursk\u00e9 lize, bezpe\u010dn\u011b mimo hled\u00e1\u010dek popul\u00e1rn\u011bj\u0161\u00edch klub\u016f, kter\u00fdm bychom tak vyp\u00e1lili rybn\u00edk. Co\u017e by se mi hodn\u011b l\u00edbilo.<strong><img loading=\"lazy\" decoding=\"async\" class=\"wp-image-14427 aligncenter\" src=\"https:\/\/evertonfc.cz\/wp-content\/uploads\/2021\/03\/Richarlison-vs-Southampton-2-3-2021-evertonfc.com_.jpg\" alt=\"\" width=\"640\" height=\"360\" srcset=\"https:\/\/evertonfc.cz\/wp-content\/uploads\/2021\/03\/Richarlison-vs-Southampton-2-3-2021-evertonfc.com_.jpg 720w, https:\/\/evertonfc.cz\/wp-content\/uploads\/2021\/03\/Richarlison-vs-Southampton-2-3-2021-evertonfc.com_-300x169.jpg 300w\" sizes=\"(max-width: 640px) 100vw, 640px\" \/><\/strong><\/p>\n<h4><span style=\"font-size: 12pt;\"><strong>Everton v z\u00e1pasech doma byl patn\u00e1ct\u00fd, Everton v z\u00e1pasech venku byl \u010dtvrt\u00fd. Co podle tebe stoj\u00ed za takov\u00fdm nepom\u011brem?<\/strong><\/span><\/h4>\n<p><strong>Krony: <\/strong>Asi souhrn v\u0161ech okolnost\u00ed a taky u\u017e si pak hr\u00e1\u010di vytv\u00e1\u0159eli i tlak sami na sebe a lepilo se to k sob\u011b. Doma mus\u00edme, mus\u00edme, mus\u00edme. Je to doma, ale ti fanou\u0161ci tam nejsou, ale vytvo\u0159ili si asi sami na sebe tlak a pak pochopiteln\u011b tlak rostl s ka\u017ed\u00fdm dal\u0161\u00edm ne\u00fasp\u011bchem.<\/p>\n<p><strong>Tomm: <\/strong>Doma se od n\u00e1s o\u010dek\u00e1v\u00e1, \u017ee budem \u00fato\u010dit a ur\u010dovat tempo hry. To neum\u00edme a ani na to nem\u00e1me hr\u00e1\u010de.<\/p>\n<p><strong>Jan\u010di: <\/strong>Everton vonku = Ancelotti. Everton doma = neviem, asi nepr\u00edtomnos\u0165 fan\u00fa\u0161ikov. Alebo sme proste podcenili s\u00faperov a pred v\u00fdkopom sme mali v hlav\u00e1ch u\u017e 3 body. Predsa len, Newcastle, Fulham, Sheffield apod., to nemohla by\u0165 n\u00e1hoda.<\/p>\n<p><strong>Karamela: <\/strong>Ji\u017e dal\u0161\u00ed dobu zast\u00e1v\u00e1m konspira\u010dn\u00ed teorii o toxick\u00e9m vlivu starobyl\u00fdch olovnat\u00fdch n\u00e1t\u011br\u016f na Old Lady. Pokud by se uk\u00e1zala jako pravdiv\u00e1, bylo by to skv\u011bl\u00e9 \u2013 p\u0159est\u011bhov\u00e1n\u00ed na nov\u00fd stadion, nebo finan\u010dn\u011b dostupn\u011bj\u0161\u00ed pr\u00e1ce se \u0161pachtl\u00ed a odbarvova\u010dem by v\u0161e elegantn\u011b vy\u0159e\u0161ily. Hor\u0161\u00ed je, pokud je na vin\u011b psychick\u00e1 labilita mu\u017estva. Zde m\u016f\u017ee pomoci nov\u00fd mana\u017eer (a nebo tak\u00e9 v\u0161e definitivn\u011b poh\u0159b\u00edt) a nebo siln\u00e1 osobnost v t\u00fdmu (kterou poh\u0159\u00edchu nem\u00e1me). P\u0159\u00edpadn\u011b n\u011bjak\u00e1 p\u011bkn\u00e1 kyti\u010dkovan\u00e1 tapeta v \u0161atn\u00e1ch. \u017d\u00e1dn\u00fd jin\u00fd d\u016fvod si neum\u00edm p\u0159edstavit.<\/p>\n<h4><strong><span style=\"font-size: 12pt;\">Po \u0161patn\u00e9m fini\u0161i skon\u010dil Everton des\u00e1t\u00fd a na evropsk\u00e9 poh\u00e1ry bude koukat jen v televizi. Od roku 2014 jsme se nedostali do prvn\u00ed \u0161estky. Stali jsme se pr\u016fm\u011brn\u00fdm ligov\u00fdm t\u00fdmem<\/span>?<\/strong><\/h4>\n<p><strong>Krony: <\/strong>Lep\u0161\u00ed pr\u016fm\u011br jsme bohu\u017eel u\u017e del\u0161\u00ed dobu. B\u00fdt nejlep\u0161\u00ed ze zbytku by m\u011bl b\u00fdt n\u00e1\u0161 c\u00edl aktu\u00e1ln\u011b a postupn\u011b se sunout v\u00fd\u0161e a v\u00fd\u0161e. Nejlep\u0161\u00ed ze zbytku 5. &#8211; 7. m\u00edsto nejh\u016f\u0159e.<\/p>\n<p><strong>Tomm: <\/strong>Nestali\u2026 Jsme. Evertonu fand\u00edm, mysl\u00edm, od n\u011bjak\u00fdho roku 98. Tehdy jsme m\u00e1lem vylet\u011bli z ligy a krom\u011b obdob\u00ed 06-14, kde jsme se to\u010dili mezi 6. &#8211; 8\u00a0 m\u00edstem, jsme byli klub v z\u00e1v\u011bsu za t\u011bmi top kluby, to jsme aj nad\u00e1le. Probl\u00e9m je, \u017ee ta \u0161pi\u010dka se n\u00e1m rozrostla o Tottenham a Leicester, tak\u017ee u\u017e nejsem 6. &#8211; 8. ale 8. &#8211; 10.<br \/>\nAle furt lep\u0161\u00ed jak fandit \u010derven\u00fdm, ne?<\/p>\n<p><strong>Jan\u010di: <\/strong>Priemern\u00fdm nie, len nevieme, a\u017e na Ancelottiho, vybra\u0165 mana\u017e\u00e9ra, potom je to piate cez deviate&#8230;<\/p>\n<p><strong>Karamela:<\/strong> Ano, naprosto nepochybn\u011b. A pokud bychom si to kone\u010dn\u011b p\u0159ipustili, mohlo by to b\u00fdt ku prosp\u011bchu v\u011bci. Nam\u00edsto p\u0159ehnan\u00fdch ambic a infarktov\u00fdch stav\u016f bychom mohli v klidu budovat konkurenceschopn\u00e9 mu\u017estvo.<img loading=\"lazy\" decoding=\"async\" class=\"aligncenter wp-image-15091\" src=\"https:\/\/evertonfc.cz\/wp-content\/uploads\/2021\/04\/Arsenal-0-1-Everton-players-24-4-2021.png\" alt=\"\" width=\"640\" height=\"360\" srcset=\"https:\/\/evertonfc.cz\/wp-content\/uploads\/2021\/04\/Arsenal-0-1-Everton-players-24-4-2021.png 720w, https:\/\/evertonfc.cz\/wp-content\/uploads\/2021\/04\/Arsenal-0-1-Everton-players-24-4-2021-300x169.png 300w\" sizes=\"(max-width: 640px) 100vw, 640px\" \/><\/p>\n<h4><span style=\"font-size: 12pt;\"><strong>Jak se t\u011b\u0161\u00ed\u0161 na nov\u00fd stadion? Z jak\u00fdch zdroj\u016f by m\u011bl b\u00fdt podle tebe financov\u00e1n? A jak celkov\u011b hodnot\u00ed\u0161 Mo\u0161\u00edr\u00edho p\u016fsoben\u00ed jako\u017eto majitele klubu?<\/strong><\/span><\/h4>\n<p><strong>Krony: <\/strong>T\u011b\u0161\u00edm se, ale m\u00e1m velk\u00fd h\u0159\u00edch, dosud jsem nebyl na Goodisonu, mus\u00edm to je\u0161t\u011b p\u0159ed dostavbou stihnout, v pl\u00e1nu to bylo p\u0159ed covidem, tak snad to n\u011bjak p\u016fjde.<\/p>\n<p>Co se t\u00fd\u010de financov\u00e1n\u00ed, zam\u011b\u0159il bych se na v\u0161echny dostupn\u00e9 mo\u017en\u00e9 dotace, pak teprve na soukrom\u00fd sektor a zbytek teprve ze zdroj\u016f klubu. Jsou n\u011bkter\u00e9 p\u0159\u00edpady, kter\u00e9 dokazuj\u00ed, \u017ee to jde vybudovat i s minim\u00e1ln\u00edmi n\u00e1klady. Pochopiteln\u011b v sou\u010dasn\u00e9 budouc\u00ed podob\u011b stadionu je t\u011b\u017ek\u00e9 dos\u00e1hnout na dotace, ale vypad\u00e1 to n\u00e1dhern\u011b.<\/p>\n<p>Co se t\u00fd\u010de Moshiriho &#8211; a\u0165 zaplat\u00ed posily, stadion a pak m\u016f\u017ee j\u00edt. Rozporupln\u00e9 pocity z n\u011bj, tak asi jako u v\u0161ech fans. M\u00e1me te\u010f pen\u00edze, ale nem\u016f\u017eeme je utr\u00e1cet, tam kde bychom v\u0161ichni cht\u011bli, nem\u016f\u017eeme se rozr\u016fst, tak\u017ee budeme bohat\u00fd klub s rodinn\u00fdm z\u00e1zem\u00edm? Nav\u00edc mi vad\u00ed jeho ignorov\u00e1n\u00ed vlastn\u00edch fans, tro\u0161ku se boj\u00edm.<\/p>\n<p><strong>Tomm: <\/strong>Novej stadion je sice fajn, ale j\u00e1 z toho n\u011bjakej v\u011bt\u0161\u00ed pro\u017eitek m\u00edt nebudu. To sp\u00ed\u0161 ocen\u00ed m\u00edstn\u00ed a t\u011bm to samoz\u0159ejm\u011b p\u0159eju. Ov\u0161em mus\u00edm \u0159\u00edct, \u017ee vizu\u00e1ln\u011b je n\u00e1dhernej, a tak douf\u00e1m, \u017ee se bude vizu\u00e1lu co nejv\u00edce podobat. Majitele hodnotit nem\u016f\u017eu, je tam kr\u00e1tkou dobu a nev\u00edm co v\u0161echno d\u011bl\u00e1\/ned\u011bl\u00e1. Pen\u00edze d\u00e1v\u00e1 ale\u2026 Z \u010desk\u00e9 ligy jsem pou\u010denej.<\/p>\n<p><strong>Jan\u010di: <\/strong>Na \u0161tadi\u00f3ne sa mi p\u00e1\u010di t\u00e1 historick\u00e1 stopa dokov, kde to bude postaven\u00e9, o\u0161aten\u00e1 do modern\u00e9ho kab\u00e1tu v tvare vlny, ke\u010f\u017ee je to pri rieke. Proste origin\u00e1lne. P\u00e1n Meis odviedol op\u00e4\u0165 v\u00fdborn\u00fa robotu. Okolo financi\u00ed som sa moc nedo\u010d\u00edtal, tak\u017ee neviem poveda\u0165, ale ur\u010dite tam bude figurova\u0165 aj Usmanov. A za p\u00e1na Moshriho som r\u00e1d, \u017ee klub m\u00f4\u017ee by\u0165 konkurencieschopn\u00fd a finan\u010dne stabiln\u00fd, len pros\u00edm nech do toho to\u013eko nekec\u00e1, lebo sa z toho stredu tabu\u013eky nikdy nevymoceme.<\/p>\n<p><strong>Karamela:<\/strong> Na nov\u00fd stadi\u00f3n se t\u011b\u0161\u00edm. M\u00e1m slabost pro architekturu spojenou s vodou, tak\u017ee Bramley-Moore Dock je velmi podle m\u00e9ho gusta. Akor\u00e1t pokud tam budeme hr\u00e1t tak, jak posledn\u00ed sez\u00f3ny hrajeme doma, bude si na b\u0159ehu z\u00e1livu fanou\u0161ek m\u00edsto \u0159\u00e1dn\u011b vychlazen\u00e9 pinty vychutn\u00e1vat \u010d\u00ed\u0161i bolehlavu.<\/p>\n<p>Z \u010deho by m\u011bl b\u00fdt stadi\u00f3n financov\u00e1n v\u016fbec nev\u00edm. V ide\u00e1ln\u00edm sv\u011bt\u011b z\u00e1mo\u017en\u00fdm anglick\u00fdm pivovarem, kter\u00fd pou\u017e\u00edv\u00e1 trvale udr\u017eiteln\u00e9 a fair trade zdroje ze kter\u00fdch vyr\u00e1b\u00ed piteln\u00e9 pivo. Co\u017e s jistotou nenastane. A douf\u00e1m, \u017ee to nebudou financovat ani Usmanovovi k\u00e1mo\u0161i. Tak\u017ee jak\u00fdkoliv kompromis mezi bude asi p\u0159ijateln\u00fd.<\/p>\n<p>K objektivn\u00edmu hodnocen\u00ed Moshiriho jako majitele asi nem\u00e1m dost objektivn\u00edch informac\u00ed. M\u011bl jsem sklon vid\u011bt jej jako byznysmena, kter\u00fd bere Everton jako investici, p\u0159ihl\u00ed\u017e\u00ed k jeho historii a respektuje n\u00e1zor fotbalov\u011b kompetentn\u011bj\u0161\u00edch \u010dlen\u016f boardu. Bohu\u017eel, jak sleduji aktu\u00e1ln\u00ed komedii okolo v\u00fdb\u011bru nov\u00e9ho mana\u017eera, za\u010d\u00edn\u00e1m se od tohoto n\u00e1zoru odkl\u00e1n\u011bt. Ale opakuji, v\u016fbec nev\u00edm, co se d\u011bje za zav\u0159en\u00fdmi dve\u0159mi veden\u00ed.<strong><img loading=\"lazy\" decoding=\"async\" class=\"wp-image-8694 aligncenter\" src=\"https:\/\/evertonfc.cz\/wp-content\/uploads\/2019\/07\/Bramley-Moore-southwest.jpg\" alt=\"\" width=\"640\" height=\"360\" srcset=\"https:\/\/evertonfc.cz\/wp-content\/uploads\/2019\/07\/Bramley-Moore-southwest.jpg 720w, https:\/\/evertonfc.cz\/wp-content\/uploads\/2019\/07\/Bramley-Moore-southwest-300x169.jpg 300w\" sizes=\"(max-width: 640px) 100vw, 640px\" \/><\/strong><\/p>\n<h4><span style=\"font-size: 12pt;\"><strong>Dopl\u0148 v\u011btu &#8222;V sez\u00f3n\u011b 2021-2022 budu pova\u017eovat za \u00fasp\u011bch, kdy\u017e Everton &#8230;.. &#8222;.<\/strong><\/span><\/h4>\n<p><strong>Krony: <\/strong>&#8230;budu pova\u017eovat za \u00fasp\u011bch, kdy\u017e Everton&#8230; ians budou \u0161\u0165astn\u00ed.<\/p>\n<p>Konkr\u00e9tn\u011bji? Dobr\u00fd fotbal na pohled (to je za m\u011b nejd\u016fle\u017eit\u011bj\u0161\u00ed, fotbal mus\u00ed bavit) a do sedm\u00e9ho m\u00edsta. Stavba stadionu za\u010dne. P\u0159ijde mana\u017eer, kter\u00fd vydr\u017e\u00ed d\u00e9le ne\u017e rok. N\u011bkdo z ml\u00e1de\u017ee se prosad\u00ed, odchovanec v k\u00e1dru chyb\u00ed (\u010dest Daviesovi jako\u017eto v\u00fdjimce).<\/p>\n<p><strong>Tomm: <\/strong>&#8230; v\u00a0posledn\u00edm kole po\u0161le Liverpool o ligu n\u00ed\u017e.<\/p>\n<p><strong>Jan\u010di: <\/strong>&#8230; sa kvalifikuje do Eur\u00f3pskej ligy.<\/p>\n<p><strong>Karamela: <\/strong>\u2026 stabilizuje sv\u00e9 v\u00fdkony na \u00farovni \u0161est\u00e9ho a\u017e osm\u00e9ho m\u00edsta tabulky a Everton Women postoup\u00ed mezi prvn\u00ed t\u0159i t\u00fdmy.<\/p>\n","protected":false},"excerpt":{"rendered":"<p>&#8222;Pro\u010d ten jetel\u00ed\u010dek roste u vody?&#8220; &#8222;Co jste, hasi\u010di, co jste d\u011blali?&#8220; Pal\u010div\u00e9 ot\u00e1zky dne\u0161ka. A proto redakce s dostate\u010dn\u011b pon\u00ed\u017eenou suplikou po\u017e\u00e1dala ty nejbyst\u0159ej\u0161\u00ed mozky, kter\u00e9 tu jsou, aby s n\u00e1mi sd\u00edleli \u0161petku sv\u00e9 nebety\u010dn\u00e9 a nebesk\u00e9 moudrosti.<\/p>\n","protected":false},"author":12,"featured_media":15645,"comment_status":"open","ping_status":"closed","sticky":false,"template":"","format":"standard","meta":{"_eb_attr":"","_monsterinsights_skip_tracking":false,"_monsterinsights_sitenote_active":false,"_monsterinsights_sitenote_note":"","_monsterinsights_sitenote_category":0,"footnotes":""},"categories":[15],"tags":[],"yoast_head":"<!-- This site is optimized with the Yoast SEO plugin v23.4 - https:\/\/yoast.com\/wordpress\/plugins\/seo\/ -->\n<title>Zhodnocen\u00ed sez\u00f3ny 2020\/21 - Official Czech &amp; Slovak Everton Supporters&#039; Club<\/title>\n<meta name=\"description\" content=\"&quot;Pro\u010d ten jetel\u00ed\u010dek roste u vody?&quot; &quot;Co jste, hasi\u010di, co jste d\u011blali?&quot; Pal\u010div\u00e9 ot\u00e1zky dne\u0161ka. A proto redakce s dostate\u010dn\u011b pon\u00ed\u017eenou suplikou po\u017e\u00e1dala ty nejbyst\u0159ej\u0161\u00ed mozky, kter\u00e9 tu jsou, aby s n\u00e1mi sd\u00edleli \u0161petku sv\u00e9 nebety\u010dn\u00e9 a nebesk\u00e9 moudrosti.\" \/>\n<meta name=\"robots\" content=\"index, follow, max-snippet:-1, max-image-preview:large, max-video-preview:-1\" \/>\n<link rel=\"canonical\" href=\"https:\/\/evertonfc.cz\/index.php\/2021\/06\/28\/zhodnoceni-sezony-2020-21\/\" \/>\n<meta property=\"og:locale\" content=\"cs_CZ\" \/>\n<meta property=\"og:type\" content=\"article\" \/>\n<meta property=\"og:title\" content=\"Zhodnocen\u00ed sez\u00f3ny 2020\/21 - Official Czech &amp; Slovak Everton Supporters&#039; Club\" \/>\n<meta property=\"og:description\" content=\"&quot;Pro\u010d ten jetel\u00ed\u010dek roste u vody?&quot; &quot;Co jste, hasi\u010di, co jste d\u011blali?&quot; Pal\u010div\u00e9 ot\u00e1zky dne\u0161ka. A proto redakce s dostate\u010dn\u011b pon\u00ed\u017eenou suplikou po\u017e\u00e1dala ty nejbyst\u0159ej\u0161\u00ed mozky, kter\u00e9 tu jsou, aby s n\u00e1mi sd\u00edleli \u0161petku sv\u00e9 nebety\u010dn\u00e9 a nebesk\u00e9 moudrosti.\" \/>\n<meta property=\"og:url\" content=\"https:\/\/evertonfc.cz\/index.php\/2021\/06\/28\/zhodnoceni-sezony-2020-21\/\" \/>\n<meta property=\"og:site_name\" content=\"Official Czech &amp; Slovak Everton Supporters&#039; Club\" \/>\n<meta property=\"article:publisher\" content=\"https:\/\/www.facebook.com\/everton.fans.cz.sk\" \/>\n<meta property=\"article:published_time\" content=\"2021-06-28T06:49:00+00:00\" \/>\n<meta property=\"article:modified_time\" content=\"2021-07-12T05:40:41+00:00\" \/>\n<meta property=\"og:image\" content=\"https:\/\/evertonfc.cz\/wp-content\/uploads\/2021\/06\/2021-21-Zhodnotenie-sezony-28-6-2021.jpg\" \/>\n\t<meta property=\"og:image:width\" content=\"720\" \/>\n\t<meta property=\"og:image:height\" content=\"405\" \/>\n\t<meta property=\"og:image:type\" content=\"image\/jpeg\" \/>\n<meta name=\"author\" content=\"Javor\" \/>\n<meta name=\"twitter:card\" content=\"summary_large_image\" \/>\n<meta name=\"twitter:creator\" content=\"@LoudinJan\" \/>\n<meta name=\"twitter:label1\" content=\"Napsal(a)\" \/>\n\t<meta name=\"twitter:data1\" content=\"Javor\" \/>\n\t<meta name=\"twitter:label2\" content=\"Odhadovan\u00e1 doba \u010dten\u00ed\" \/>\n\t<meta name=\"twitter:data2\" content=\"15 minut\" \/>\n<script type=\"application\/ld+json\" class=\"yoast-schema-graph\">{\"@context\":\"https:\/\/schema.org\",\"@graph\":[{\"@type\":\"Article\",\"@id\":\"https:\/\/evertonfc.cz\/index.php\/2021\/06\/28\/zhodnoceni-sezony-2020-21\/#article\",\"isPartOf\":{\"@id\":\"https:\/\/evertonfc.cz\/index.php\/2021\/06\/28\/zhodnoceni-sezony-2020-21\/\"},\"author\":{\"name\":\"Javor\",\"@id\":\"https:\/\/evertonfc.cz\/#\/schema\/person\/b30daf6a5852f4811f8207a17ec1bf78\"},\"headline\":\"Zhodnocen\u00ed sez\u00f3ny 2020\/21\",\"datePublished\":\"2021-06-28T06:49:00+00:00\",\"dateModified\":\"2021-07-12T05:40:41+00:00\",\"mainEntityOfPage\":{\"@id\":\"https:\/\/evertonfc.cz\/index.php\/2021\/06\/28\/zhodnoceni-sezony-2020-21\/\"},\"wordCount\":4028,\"commentCount\":2,\"publisher\":{\"@id\":\"https:\/\/evertonfc.cz\/#organization\"},\"image\":{\"@id\":\"https:\/\/evertonfc.cz\/index.php\/2021\/06\/28\/zhodnoceni-sezony-2020-21\/#primaryimage\"},\"thumbnailUrl\":\"https:\/\/evertonfc.cz\/wp-content\/uploads\/2021\/06\/2021-21-Zhodnotenie-sezony-28-6-2021.jpg\",\"articleSection\":[\"Zhodnocen\u00ed sez\u00f3n\"],\"inLanguage\":\"cs\",\"potentialAction\":[{\"@type\":\"CommentAction\",\"name\":\"Comment\",\"target\":[\"https:\/\/evertonfc.cz\/index.php\/2021\/06\/28\/zhodnoceni-sezony-2020-21\/#respond\"]}]},{\"@type\":\"WebPage\",\"@id\":\"https:\/\/evertonfc.cz\/index.php\/2021\/06\/28\/zhodnoceni-sezony-2020-21\/\",\"url\":\"https:\/\/evertonfc.cz\/index.php\/2021\/06\/28\/zhodnoceni-sezony-2020-21\/\",\"name\":\"Zhodnocen\u00ed sez\u00f3ny 2020\/21 - Official Czech &amp; Slovak Everton Supporters&#039; Club\",\"isPartOf\":{\"@id\":\"https:\/\/evertonfc.cz\/#website\"},\"primaryImageOfPage\":{\"@id\":\"https:\/\/evertonfc.cz\/index.php\/2021\/06\/28\/zhodnoceni-sezony-2020-21\/#primaryimage\"},\"image\":{\"@id\":\"https:\/\/evertonfc.cz\/index.php\/2021\/06\/28\/zhodnoceni-sezony-2020-21\/#primaryimage\"},\"thumbnailUrl\":\"https:\/\/evertonfc.cz\/wp-content\/uploads\/2021\/06\/2021-21-Zhodnotenie-sezony-28-6-2021.jpg\",\"datePublished\":\"2021-06-28T06:49:00+00:00\",\"dateModified\":\"2021-07-12T05:40:41+00:00\",\"description\":\"\\\"Pro\u010d ten jetel\u00ed\u010dek roste u vody?\\\" \\\"Co jste, hasi\u010di, co jste d\u011blali?\\\" Pal\u010div\u00e9 ot\u00e1zky dne\u0161ka. A proto redakce s dostate\u010dn\u011b pon\u00ed\u017eenou suplikou po\u017e\u00e1dala ty nejbyst\u0159ej\u0161\u00ed mozky, kter\u00e9 tu jsou, aby s n\u00e1mi sd\u00edleli \u0161petku sv\u00e9 nebety\u010dn\u00e9 a nebesk\u00e9 moudrosti.\",\"breadcrumb\":{\"@id\":\"https:\/\/evertonfc.cz\/index.php\/2021\/06\/28\/zhodnoceni-sezony-2020-21\/#breadcrumb\"},\"inLanguage\":\"cs\",\"potentialAction\":[{\"@type\":\"ReadAction\",\"target\":[\"https:\/\/evertonfc.cz\/index.php\/2021\/06\/28\/zhodnoceni-sezony-2020-21\/\"]}]},{\"@type\":\"ImageObject\",\"inLanguage\":\"cs\",\"@id\":\"https:\/\/evertonfc.cz\/index.php\/2021\/06\/28\/zhodnoceni-sezony-2020-21\/#primaryimage\",\"url\":\"https:\/\/evertonfc.cz\/wp-content\/uploads\/2021\/06\/2021-21-Zhodnotenie-sezony-28-6-2021.jpg\",\"contentUrl\":\"https:\/\/evertonfc.cz\/wp-content\/uploads\/2021\/06\/2021-21-Zhodnotenie-sezony-28-6-2021.jpg\",\"width\":720,\"height\":405},{\"@type\":\"BreadcrumbList\",\"@id\":\"https:\/\/evertonfc.cz\/index.php\/2021\/06\/28\/zhodnoceni-sezony-2020-21\/#breadcrumb\",\"itemListElement\":[{\"@type\":\"ListItem\",\"position\":1,\"name\":\"Home\",\"item\":\"https:\/\/evertonfc.cz\/\"},{\"@type\":\"ListItem\",\"position\":2,\"name\":\"Zhodnocen\u00ed sez\u00f3ny 2020\/21\"}]},{\"@type\":\"WebSite\",\"@id\":\"https:\/\/evertonfc.cz\/#website\",\"url\":\"https:\/\/evertonfc.cz\/\",\"name\":\"Official Czech &amp; Slovak Everton Supporters&#039; Club\",\"description\":\"\",\"publisher\":{\"@id\":\"https:\/\/evertonfc.cz\/#organization\"},\"potentialAction\":[{\"@type\":\"SearchAction\",\"target\":{\"@type\":\"EntryPoint\",\"urlTemplate\":\"https:\/\/evertonfc.cz\/?s={search_term_string}\"},\"query-input\":{\"@type\":\"PropertyValueSpecification\",\"valueRequired\":true,\"valueName\":\"search_term_string\"}}],\"inLanguage\":\"cs\"},{\"@type\":\"Organization\",\"@id\":\"https:\/\/evertonfc.cz\/#organization\",\"name\":\"Official Czech & Slovak Everton Supporters' Club\",\"url\":\"https:\/\/evertonfc.cz\/\",\"logo\":{\"@type\":\"ImageObject\",\"inLanguage\":\"cs\",\"@id\":\"https:\/\/evertonfc.cz\/#\/schema\/logo\/image\/\",\"url\":\"https:\/\/evertonfc.cz\/wp-content\/uploads\/2019\/05\/logo.png\",\"contentUrl\":\"https:\/\/evertonfc.cz\/wp-content\/uploads\/2019\/05\/logo.png\",\"width\":112,\"height\":112,\"caption\":\"Official Czech & Slovak Everton Supporters' Club\"},\"image\":{\"@id\":\"https:\/\/evertonfc.cz\/#\/schema\/logo\/image\/\"},\"sameAs\":[\"https:\/\/www.facebook.com\/everton.fans.cz.sk\"]},{\"@type\":\"Person\",\"@id\":\"https:\/\/evertonfc.cz\/#\/schema\/person\/b30daf6a5852f4811f8207a17ec1bf78\",\"name\":\"Javor\",\"sameAs\":[\"https:\/\/x.com\/LoudinJan\"],\"url\":\"https:\/\/evertonfc.cz\/index.php\/author\/javor\/\"}]}<\/script>\n<!-- \/ Yoast SEO plugin. -->","yoast_head_json":{"title":"Zhodnocen\u00ed sez\u00f3ny 2020\/21 - Official Czech &amp; Slovak Everton Supporters&#039; Club","description":"\"Pro\u010d ten jetel\u00ed\u010dek roste u vody?\" \"Co jste, hasi\u010di, co jste d\u011blali?\" Pal\u010div\u00e9 ot\u00e1zky dne\u0161ka. A proto redakce s dostate\u010dn\u011b pon\u00ed\u017eenou suplikou po\u017e\u00e1dala ty nejbyst\u0159ej\u0161\u00ed mozky, kter\u00e9 tu jsou, aby s n\u00e1mi sd\u00edleli \u0161petku sv\u00e9 nebety\u010dn\u00e9 a nebesk\u00e9 moudrosti.","robots":{"index":"index","follow":"follow","max-snippet":"max-snippet:-1","max-image-preview":"max-image-preview:large","max-video-preview":"max-video-preview:-1"},"canonical":"https:\/\/evertonfc.cz\/index.php\/2021\/06\/28\/zhodnoceni-sezony-2020-21\/","og_locale":"cs_CZ","og_type":"article","og_title":"Zhodnocen\u00ed sez\u00f3ny 2020\/21 - Official Czech &amp; Slovak Everton Supporters&#039; Club","og_description":"\"Pro\u010d ten jetel\u00ed\u010dek roste u vody?\" \"Co jste, hasi\u010di, co jste d\u011blali?\" Pal\u010div\u00e9 ot\u00e1zky dne\u0161ka. A proto redakce s dostate\u010dn\u011b pon\u00ed\u017eenou suplikou po\u017e\u00e1dala ty nejbyst\u0159ej\u0161\u00ed mozky, kter\u00e9 tu jsou, aby s n\u00e1mi sd\u00edleli \u0161petku sv\u00e9 nebety\u010dn\u00e9 a nebesk\u00e9 moudrosti.","og_url":"https:\/\/evertonfc.cz\/index.php\/2021\/06\/28\/zhodnoceni-sezony-2020-21\/","og_site_name":"Official Czech &amp; Slovak Everton Supporters&#039; Club","article_publisher":"https:\/\/www.facebook.com\/everton.fans.cz.sk","article_published_time":"2021-06-28T06:49:00+00:00","article_modified_time":"2021-07-12T05:40:41+00:00","og_image":[{"width":720,"height":405,"url":"https:\/\/evertonfc.cz\/wp-content\/uploads\/2021\/06\/2021-21-Zhodnotenie-sezony-28-6-2021.jpg","type":"image\/jpeg"}],"author":"Javor","twitter_card":"summary_large_image","twitter_creator":"@LoudinJan","twitter_misc":{"Napsal(a)":"Javor","Odhadovan\u00e1 doba \u010dten\u00ed":"15 minut"},"schema":{"@context":"https:\/\/schema.org","@graph":[{"@type":"Article","@id":"https:\/\/evertonfc.cz\/index.php\/2021\/06\/28\/zhodnoceni-sezony-2020-21\/#article","isPartOf":{"@id":"https:\/\/evertonfc.cz\/index.php\/2021\/06\/28\/zhodnoceni-sezony-2020-21\/"},"author":{"name":"Javor","@id":"https:\/\/evertonfc.cz\/#\/schema\/person\/b30daf6a5852f4811f8207a17ec1bf78"},"headline":"Zhodnocen\u00ed sez\u00f3ny 2020\/21","datePublished":"2021-06-28T06:49:00+00:00","dateModified":"2021-07-12T05:40:41+00:00","mainEntityOfPage":{"@id":"https:\/\/evertonfc.cz\/index.php\/2021\/06\/28\/zhodnoceni-sezony-2020-21\/"},"wordCount":4028,"commentCount":2,"publisher":{"@id":"https:\/\/evertonfc.cz\/#organization"},"image":{"@id":"https:\/\/evertonfc.cz\/index.php\/2021\/06\/28\/zhodnoceni-sezony-2020-21\/#primaryimage"},"thumbnailUrl":"https:\/\/evertonfc.cz\/wp-content\/uploads\/2021\/06\/2021-21-Zhodnotenie-sezony-28-6-2021.jpg","articleSection":["Zhodnocen\u00ed sez\u00f3n"],"inLanguage":"cs","potentialAction":[{"@type":"CommentAction","name":"Comment","target":["https:\/\/evertonfc.cz\/index.php\/2021\/06\/28\/zhodnoceni-sezony-2020-21\/#respond"]}]},{"@type":"WebPage","@id":"https:\/\/evertonfc.cz\/index.php\/2021\/06\/28\/zhodnoceni-sezony-2020-21\/","url":"https:\/\/evertonfc.cz\/index.php\/2021\/06\/28\/zhodnoceni-sezony-2020-21\/","name":"Zhodnocen\u00ed sez\u00f3ny 2020\/21 - Official Czech &amp; Slovak Everton Supporters&#039; Club","isPartOf":{"@id":"https:\/\/evertonfc.cz\/#website"},"primaryImageOfPage":{"@id":"https:\/\/evertonfc.cz\/index.php\/2021\/06\/28\/zhodnoceni-sezony-2020-21\/#primaryimage"},"image":{"@id":"https:\/\/evertonfc.cz\/index.php\/2021\/06\/28\/zhodnoceni-sezony-2020-21\/#primaryimage"},"thumbnailUrl":"https:\/\/evertonfc.cz\/wp-content\/uploads\/2021\/06\/2021-21-Zhodnotenie-sezony-28-6-2021.jpg","datePublished":"2021-06-28T06:49:00+00:00","dateModified":"2021-07-12T05:40:41+00:00","description":"\"Pro\u010d ten jetel\u00ed\u010dek roste u vody?\" \"Co jste, hasi\u010di, co jste d\u011blali?\" Pal\u010div\u00e9 ot\u00e1zky dne\u0161ka. A proto redakce s dostate\u010dn\u011b pon\u00ed\u017eenou suplikou po\u017e\u00e1dala ty nejbyst\u0159ej\u0161\u00ed mozky, kter\u00e9 tu jsou, aby s n\u00e1mi sd\u00edleli \u0161petku sv\u00e9 nebety\u010dn\u00e9 a nebesk\u00e9 moudrosti.","breadcrumb":{"@id":"https:\/\/evertonfc.cz\/index.php\/2021\/06\/28\/zhodnoceni-sezony-2020-21\/#breadcrumb"},"inLanguage":"cs","potentialAction":[{"@type":"ReadAction","target":["https:\/\/evertonfc.cz\/index.php\/2021\/06\/28\/zhodnoceni-sezony-2020-21\/"]}]},{"@type":"ImageObject","inLanguage":"cs","@id":"https:\/\/evertonfc.cz\/index.php\/2021\/06\/28\/zhodnoceni-sezony-2020-21\/#primaryimage","url":"https:\/\/evertonfc.cz\/wp-content\/uploads\/2021\/06\/2021-21-Zhodnotenie-sezony-28-6-2021.jpg","contentUrl":"https:\/\/evertonfc.cz\/wp-content\/uploads\/2021\/06\/2021-21-Zhodnotenie-sezony-28-6-2021.jpg","width":720,"height":405},{"@type":"BreadcrumbList","@id":"https:\/\/evertonfc.cz\/index.php\/2021\/06\/28\/zhodnoceni-sezony-2020-21\/#breadcrumb","itemListElement":[{"@type":"ListItem","position":1,"name":"Home","item":"https:\/\/evertonfc.cz\/"},{"@type":"ListItem","position":2,"name":"Zhodnocen\u00ed sez\u00f3ny 2020\/21"}]},{"@type":"WebSite","@id":"https:\/\/evertonfc.cz\/#website","url":"https:\/\/evertonfc.cz\/","name":"Official Czech &amp; Slovak Everton Supporters&#039; Club","description":"","publisher":{"@id":"https:\/\/evertonfc.cz\/#organization"},"potentialAction":[{"@type":"SearchAction","target":{"@type":"EntryPoint","urlTemplate":"https:\/\/evertonfc.cz\/?s={search_term_string}"},"query-input":{"@type":"PropertyValueSpecification","valueRequired":true,"valueName":"search_term_string"}}],"inLanguage":"cs"},{"@type":"Organization","@id":"https:\/\/evertonfc.cz\/#organization","name":"Official Czech & Slovak Everton Supporters' Club","url":"https:\/\/evertonfc.cz\/","logo":{"@type":"ImageObject","inLanguage":"cs","@id":"https:\/\/evertonfc.cz\/#\/schema\/logo\/image\/","url":"https:\/\/evertonfc.cz\/wp-content\/uploads\/2019\/05\/logo.png","contentUrl":"https:\/\/evertonfc.cz\/wp-content\/uploads\/2019\/05\/logo.png","width":112,"height":112,"caption":"Official Czech & Slovak Everton Supporters' Club"},"image":{"@id":"https:\/\/evertonfc.cz\/#\/schema\/logo\/image\/"},"sameAs":["https:\/\/www.facebook.com\/everton.fans.cz.sk"]},{"@type":"Person","@id":"https:\/\/evertonfc.cz\/#\/schema\/person\/b30daf6a5852f4811f8207a17ec1bf78","name":"Javor","sameAs":["https:\/\/x.com\/LoudinJan"],"url":"https:\/\/evertonfc.cz\/index.php\/author\/javor\/"}]}},"_links":{"self":[{"href":"https:\/\/evertonfc.cz\/index.php\/wp-json\/wp\/v2\/posts\/15642"}],"collection":[{"href":"https:\/\/evertonfc.cz\/index.php\/wp-json\/wp\/v2\/posts"}],"about":[{"href":"https:\/\/evertonfc.cz\/index.php\/wp-json\/wp\/v2\/types\/post"}],"author":[{"embeddable":true,"href":"https:\/\/evertonfc.cz\/index.php\/wp-json\/wp\/v2\/users\/12"}],"replies":[{"embeddable":true,"href":"https:\/\/evertonfc.cz\/index.php\/wp-json\/wp\/v2\/comments?post=15642"}],"version-history":[{"count":17,"href":"https:\/\/evertonfc.cz\/index.php\/wp-json\/wp\/v2\/posts\/15642\/revisions"}],"predecessor-version":[{"id":15661,"href":"https:\/\/evertonfc.cz\/index.php\/wp-json\/wp\/v2\/posts\/15642\/revisions\/15661"}],"wp:featuredmedia":[{"embeddable":true,"href":"https:\/\/evertonfc.cz\/index.php\/wp-json\/wp\/v2\/media\/15645"}],"wp:attachment":[{"href":"https:\/\/evertonfc.cz\/index.php\/wp-json\/wp\/v2\/media?parent=15642"}],"wp:term":[{"taxonomy":"category","embeddable":true,"href":"https:\/\/evertonfc.cz\/index.php\/wp-json\/wp\/v2\/categories?post=15642"},{"taxonomy":"post_tag","embeddable":true,"href":"https:\/\/evertonfc.cz\/index.php\/wp-json\/wp\/v2\/tags?post=15642"}],"curies":[{"name":"wp","href":"https:\/\/api.w.org\/{rel}","templated":true}]}}