{"id":15663,"date":"2021-06-30T21:36:45","date_gmt":"2021-06-30T19:36:45","guid":{"rendered":"https:\/\/evertonfc.cz\/?p=15663"},"modified":"2021-07-05T11:56:13","modified_gmt":"2021-07-05T09:56:13","slug":"novym-manazerem-evertonu-je-rafael-benitez","status":"publish","type":"post","link":"https:\/\/evertonfc.cz\/index.php\/2021\/06\/30\/novym-manazerem-evertonu-je-rafael-benitez\/","title":{"rendered":"Nov\u00fdm mana\u017eerem Evertonu je Rafael Ben\u00edtez"},"content":{"rendered":"<h4>Dny spekulac\u00ed jsou u konce. Everton p\u0159eb\u00edr\u00e1 \u0161pan\u011blsk\u00fd mana\u017eer, kter\u00fd to u\u017e ve m\u011bst\u011b zn\u00e1.<\/h4>\n<p>A\u010d je dnes t\u00e9m\u011b\u0159 v\u00fdhradn\u011b zn\u00e1m jako mana\u017eer, tak i on m\u00e1 za sebou fotbalovou hr\u00e1\u010dskou kari\u00e9ru. Rod\u00e1k z Madridu odehr\u00e1l rok za c\u00e9\u010dko Realu, na\u010de\u017e si s Castill\u00f3nem zahr\u00e1l ve druh\u00e9 lize. Nejv\u00edc \u010dasu ale str\u00e1vil v t\u00fdmu Parly, kter\u00fd tehdy hr\u00e1l t\u0159et\u00ed ligu. Zdrav\u00ed ale neslou\u017eilo a tak ukon\u010dil hr\u00e1\u010dskou kari\u00e9ru v pouh\u00fdch 26 letech. To ji\u017e m\u011bl n\u011bjak\u00fd ten rok v kapse diplom z madridsk\u00e9 univerzity, kde vystudoval t\u011blesnou v\u00fdchovu.<\/p>\n<p>O t\u0159i roky pozd\u011bji si ud\u011blal tren\u00e9rsk\u00e9 zkou\u0161ky a v roce 1993 za\u010dal tr\u00e9novat b\u00e9\u010dko Realu Madrid. Tam \u010dasem pov\u00fd\u0161il na asistenta del Bosqueho u \u00e1\u010dka, na\u010de\u017e se tren\u00e9rsky osamostatnil. \u0160tace v Pamplon\u011b a ve Valladollidu byly neusp\u011b\u0161n\u00e9, ale s Tenerife postoupil do nejvy\u0161\u0161\u00ed ligy. To pro n\u011bj znamenalo tren\u00e9rsk\u00e9 pov\u00fd\u0161en\u00ed &#8211; p\u0159evzal Valencii.<\/p>\n<p>Ta v sez\u00f3n\u011b 2000-2001 prohr\u00e1la fin\u00e1le Ligy mistr\u016f na penalty proti Bayernu Mnichov a nav\u00edc ode\u0161el kapit\u00e1n Mendieta do Barcelony. To ale v\u016fbec nevadilo, t\u00fdm kolem Roberta Ayaly, Kilyho G\u00f3nzaleze a Johna Carewa zvl\u00e1dl vyhr\u00e1t titul a tot\u00e9\u017e zopakoval v sez\u00f3n\u011b 2003-2004, kdy vyhr\u00e1l i Poh\u00e1r UEFA. Ze t\u0159\u00ed sez\u00f3n tak Ben\u00edtez vyt\u011b\u017eil dva tituly a jednu v\u00fdhru v evropsk\u00fdch poh\u00e1rech &#8211; to je slu\u0161n\u00e1 bilance. Bylo jasn\u00e9, \u017ee ho Valencia neudr\u017e\u00ed&#8230;<\/p>\n<p>.. proto\u017ee z\u00e1jem projevil FC Liverpool. Na tuhle nab\u00eddku samoz\u0159ejm\u011b k\u00fdvl &#8211; a stal se tak prvn\u00edm \u0161pan\u011blsk\u00fdm mana\u017eerem v anglick\u00e9 lize. Ve sv\u00e9 prvn\u00ed sez\u00f3n\u011b hned vyhr\u00e1l Ligu mistr\u016f, p\u0159i\u010dem\u017e v\u00edt\u011bznou penaltu ve fin\u00e1le proti AC Mil\u00e1n vst\u0159elil \u010desk\u00fd \u00fato\u010dn\u00edk Vladim\u00edr \u0160micer. Ligu se ale vyhr\u00e1t nepovedlo a postupem \u010dasu se za\u010dal s nov\u00fdmi americk\u00fdmi majiteli klubu h\u00e1dat. V\u00fdsledkem byl odchod po vz\u00e1jemn\u00e9 dohod\u011b v roce 2010. Bez pr\u00e1ce byl pouze n\u011bkolik dn\u00ed, kdy\u017e po n\u011bm s\u00e1hnul Inter Mil\u00e1n. Tam ale str\u00e1vil jen p\u016fl roku&#8230;<\/p>\n<p>Dal\u0161\u00ed \u0161tace? Chelsea, Neapol, Real Madrid, Newcastle. S Chelsea vyhr\u00e1l Evropskou ligu, ale p\u016fvodn\u011b ho fanou\u0161ci nep\u0159ijali &#8211; kv\u016fli v\u00fdrok\u016fm na adresu klubu, kdy\u017e d\u011blal mana\u017eera Liverpoolu. V Realu to bylo s fanou\u0161ky to sam\u00e9, tam vydr\u017eel p\u016fl roku. S Newcastlem postoupil do Premier League, p\u0159i\u010dem\u017e se po sv\u00e9m vyhazovu nelichotiv\u011b vyj\u00e1d\u0159il na adresu majitele klubu. A zat\u00edm posledn\u00edm klubem, kter\u00fd vedl, byl \u010d\u00ednsk\u00fd Dalian Profesionnal. Tam skon\u010dil letos v lednu po vz\u00e1jemn\u00e9 dohod\u011b, jako zdroj uvedl obavy o sv\u00e9 zdrav\u00ed a zdrav\u00ed sv\u00e9 rodiny kv\u016fli koronaviru.<\/p>\n<p>Smlouva s Evertonem byla podeps\u00e1na na t\u0159i roky.<\/p>\n<p style=\"text-align: right;\"><em><span style=\"font-size: 8pt;\">(fotozdroj: evertonfc.com)<\/span><\/em><\/p>\n","protected":false},"excerpt":{"rendered":"<p>Dny spekulac\u00ed jsou u konce. Everton p\u0159eb\u00edr\u00e1 \u0161pan\u011blsk\u00fd mana\u017eer, kter\u00fd to u\u017e ve m\u011bst\u011b zn\u00e1.<\/p>\n","protected":false},"author":12,"featured_media":15665,"comment_status":"open","ping_status":"closed","sticky":false,"template":"","format":"standard","meta":{"_eb_attr":"","_monsterinsights_skip_tracking":false,"_monsterinsights_sitenote_active":false,"_monsterinsights_sitenote_note":"","_monsterinsights_sitenote_category":0,"footnotes":""},"categories":[42],"tags":[],"yoast_head":"<!-- This site is optimized with the Yoast SEO plugin v23.4 - https:\/\/yoast.com\/wordpress\/plugins\/seo\/ -->\n<title>Nov\u00fdm mana\u017eerem Evertonu je Rafael Ben\u00edtez - Official Czech &amp; Slovak Everton Supporters&#039; Club<\/title>\n<meta name=\"description\" content=\"Dny spekulac\u00ed jsou u konce. Everton p\u0159eb\u00edr\u00e1 \u0161pan\u011blsk\u00fd mana\u017eer, kter\u00fd to u\u017e ve m\u011bst\u011b zn\u00e1.\" \/>\n<meta name=\"robots\" content=\"index, follow, max-snippet:-1, max-image-preview:large, max-video-preview:-1\" \/>\n<link rel=\"canonical\" href=\"https:\/\/evertonfc.cz\/index.php\/2021\/06\/30\/novym-manazerem-evertonu-je-rafael-benitez\/\" \/>\n<meta property=\"og:locale\" content=\"cs_CZ\" \/>\n<meta property=\"og:type\" content=\"article\" \/>\n<meta property=\"og:title\" content=\"Nov\u00fdm mana\u017eerem Evertonu je Rafael Ben\u00edtez - Official Czech &amp; Slovak Everton Supporters&#039; Club\" \/>\n<meta property=\"og:description\" content=\"Dny spekulac\u00ed jsou u konce. Everton p\u0159eb\u00edr\u00e1 \u0161pan\u011blsk\u00fd mana\u017eer, kter\u00fd to u\u017e ve m\u011bst\u011b zn\u00e1.\" \/>\n<meta property=\"og:url\" content=\"https:\/\/evertonfc.cz\/index.php\/2021\/06\/30\/novym-manazerem-evertonu-je-rafael-benitez\/\" \/>\n<meta property=\"og:site_name\" content=\"Official Czech &amp; Slovak Everton Supporters&#039; Club\" \/>\n<meta property=\"article:publisher\" content=\"https:\/\/www.facebook.com\/everton.fans.cz.sk\" \/>\n<meta property=\"article:published_time\" content=\"2021-06-30T19:36:45+00:00\" \/>\n<meta property=\"article:modified_time\" content=\"2021-07-05T09:56:13+00:00\" \/>\n<meta property=\"og:image\" content=\"https:\/\/evertonfc.cz\/wp-content\/uploads\/2021\/06\/Rafael-Benitez-30-6-2021.jpg\" \/>\n\t<meta property=\"og:image:width\" content=\"720\" \/>\n\t<meta property=\"og:image:height\" content=\"405\" \/>\n\t<meta property=\"og:image:type\" content=\"image\/jpeg\" \/>\n<meta name=\"author\" content=\"Javor\" \/>\n<meta name=\"twitter:card\" content=\"summary_large_image\" \/>\n<meta name=\"twitter:creator\" content=\"@LoudinJan\" \/>\n<meta name=\"twitter:label1\" content=\"Napsal(a)\" \/>\n\t<meta name=\"twitter:data1\" content=\"Javor\" \/>\n\t<meta name=\"twitter:label2\" content=\"Odhadovan\u00e1 doba \u010dten\u00ed\" \/>\n\t<meta name=\"twitter:data2\" content=\"2 minuty\" \/>\n<script type=\"application\/ld+json\" class=\"yoast-schema-graph\">{\"@context\":\"https:\/\/schema.org\",\"@graph\":[{\"@type\":\"Article\",\"@id\":\"https:\/\/evertonfc.cz\/index.php\/2021\/06\/30\/novym-manazerem-evertonu-je-rafael-benitez\/#article\",\"isPartOf\":{\"@id\":\"https:\/\/evertonfc.cz\/index.php\/2021\/06\/30\/novym-manazerem-evertonu-je-rafael-benitez\/\"},\"author\":{\"name\":\"Javor\",\"@id\":\"https:\/\/evertonfc.cz\/#\/schema\/person\/b30daf6a5852f4811f8207a17ec1bf78\"},\"headline\":\"Nov\u00fdm mana\u017eerem Evertonu je Rafael Ben\u00edtez\",\"datePublished\":\"2021-06-30T19:36:45+00:00\",\"dateModified\":\"2021-07-05T09:56:13+00:00\",\"mainEntityOfPage\":{\"@id\":\"https:\/\/evertonfc.cz\/index.php\/2021\/06\/30\/novym-manazerem-evertonu-je-rafael-benitez\/\"},\"wordCount\":530,\"commentCount\":11,\"publisher\":{\"@id\":\"https:\/\/evertonfc.cz\/#organization\"},\"image\":{\"@id\":\"https:\/\/evertonfc.cz\/index.php\/2021\/06\/30\/novym-manazerem-evertonu-je-rafael-benitez\/#primaryimage\"},\"thumbnailUrl\":\"https:\/\/evertonfc.cz\/wp-content\/uploads\/2021\/06\/Rafael-Benitez-30-6-2021.jpg\",\"articleSection\":[\"Aktuality\"],\"inLanguage\":\"cs\",\"potentialAction\":[{\"@type\":\"CommentAction\",\"name\":\"Comment\",\"target\":[\"https:\/\/evertonfc.cz\/index.php\/2021\/06\/30\/novym-manazerem-evertonu-je-rafael-benitez\/#respond\"]}]},{\"@type\":\"WebPage\",\"@id\":\"https:\/\/evertonfc.cz\/index.php\/2021\/06\/30\/novym-manazerem-evertonu-je-rafael-benitez\/\",\"url\":\"https:\/\/evertonfc.cz\/index.php\/2021\/06\/30\/novym-manazerem-evertonu-je-rafael-benitez\/\",\"name\":\"Nov\u00fdm mana\u017eerem Evertonu je Rafael Ben\u00edtez - Official Czech &amp; Slovak Everton Supporters&#039; Club\",\"isPartOf\":{\"@id\":\"https:\/\/evertonfc.cz\/#website\"},\"primaryImageOfPage\":{\"@id\":\"https:\/\/evertonfc.cz\/index.php\/2021\/06\/30\/novym-manazerem-evertonu-je-rafael-benitez\/#primaryimage\"},\"image\":{\"@id\":\"https:\/\/evertonfc.cz\/index.php\/2021\/06\/30\/novym-manazerem-evertonu-je-rafael-benitez\/#primaryimage\"},\"thumbnailUrl\":\"https:\/\/evertonfc.cz\/wp-content\/uploads\/2021\/06\/Rafael-Benitez-30-6-2021.jpg\",\"datePublished\":\"2021-06-30T19:36:45+00:00\",\"dateModified\":\"2021-07-05T09:56:13+00:00\",\"description\":\"Dny spekulac\u00ed jsou u konce. Everton p\u0159eb\u00edr\u00e1 \u0161pan\u011blsk\u00fd mana\u017eer, kter\u00fd to u\u017e ve m\u011bst\u011b zn\u00e1.\",\"breadcrumb\":{\"@id\":\"https:\/\/evertonfc.cz\/index.php\/2021\/06\/30\/novym-manazerem-evertonu-je-rafael-benitez\/#breadcrumb\"},\"inLanguage\":\"cs\",\"potentialAction\":[{\"@type\":\"ReadAction\",\"target\":[\"https:\/\/evertonfc.cz\/index.php\/2021\/06\/30\/novym-manazerem-evertonu-je-rafael-benitez\/\"]}]},{\"@type\":\"ImageObject\",\"inLanguage\":\"cs\",\"@id\":\"https:\/\/evertonfc.cz\/index.php\/2021\/06\/30\/novym-manazerem-evertonu-je-rafael-benitez\/#primaryimage\",\"url\":\"https:\/\/evertonfc.cz\/wp-content\/uploads\/2021\/06\/Rafael-Benitez-30-6-2021.jpg\",\"contentUrl\":\"https:\/\/evertonfc.cz\/wp-content\/uploads\/2021\/06\/Rafael-Benitez-30-6-2021.jpg\",\"width\":720,\"height\":405},{\"@type\":\"BreadcrumbList\",\"@id\":\"https:\/\/evertonfc.cz\/index.php\/2021\/06\/30\/novym-manazerem-evertonu-je-rafael-benitez\/#breadcrumb\",\"itemListElement\":[{\"@type\":\"ListItem\",\"position\":1,\"name\":\"Home\",\"item\":\"https:\/\/evertonfc.cz\/\"},{\"@type\":\"ListItem\",\"position\":2,\"name\":\"Nov\u00fdm mana\u017eerem Evertonu je Rafael Ben\u00edtez\"}]},{\"@type\":\"WebSite\",\"@id\":\"https:\/\/evertonfc.cz\/#website\",\"url\":\"https:\/\/evertonfc.cz\/\",\"name\":\"Official Czech &amp; Slovak Everton Supporters&#039; Club\",\"description\":\"\",\"publisher\":{\"@id\":\"https:\/\/evertonfc.cz\/#organization\"},\"potentialAction\":[{\"@type\":\"SearchAction\",\"target\":{\"@type\":\"EntryPoint\",\"urlTemplate\":\"https:\/\/evertonfc.cz\/?s={search_term_string}\"},\"query-input\":{\"@type\":\"PropertyValueSpecification\",\"valueRequired\":true,\"valueName\":\"search_term_string\"}}],\"inLanguage\":\"cs\"},{\"@type\":\"Organization\",\"@id\":\"https:\/\/evertonfc.cz\/#organization\",\"name\":\"Official Czech & Slovak Everton Supporters' Club\",\"url\":\"https:\/\/evertonfc.cz\/\",\"logo\":{\"@type\":\"ImageObject\",\"inLanguage\":\"cs\",\"@id\":\"https:\/\/evertonfc.cz\/#\/schema\/logo\/image\/\",\"url\":\"https:\/\/evertonfc.cz\/wp-content\/uploads\/2019\/05\/logo.png\",\"contentUrl\":\"https:\/\/evertonfc.cz\/wp-content\/uploads\/2019\/05\/logo.png\",\"width\":112,\"height\":112,\"caption\":\"Official Czech & Slovak Everton Supporters' Club\"},\"image\":{\"@id\":\"https:\/\/evertonfc.cz\/#\/schema\/logo\/image\/\"},\"sameAs\":[\"https:\/\/www.facebook.com\/everton.fans.cz.sk\"]},{\"@type\":\"Person\",\"@id\":\"https:\/\/evertonfc.cz\/#\/schema\/person\/b30daf6a5852f4811f8207a17ec1bf78\",\"name\":\"Javor\",\"sameAs\":[\"https:\/\/x.com\/LoudinJan\"],\"url\":\"https:\/\/evertonfc.cz\/index.php\/author\/javor\/\"}]}<\/script>\n<!-- \/ Yoast SEO plugin. -->","yoast_head_json":{"title":"Nov\u00fdm mana\u017eerem Evertonu je Rafael Ben\u00edtez - Official Czech &amp; Slovak Everton Supporters&#039; Club","description":"Dny spekulac\u00ed jsou u konce. Everton p\u0159eb\u00edr\u00e1 \u0161pan\u011blsk\u00fd mana\u017eer, kter\u00fd to u\u017e ve m\u011bst\u011b zn\u00e1.","robots":{"index":"index","follow":"follow","max-snippet":"max-snippet:-1","max-image-preview":"max-image-preview:large","max-video-preview":"max-video-preview:-1"},"canonical":"https:\/\/evertonfc.cz\/index.php\/2021\/06\/30\/novym-manazerem-evertonu-je-rafael-benitez\/","og_locale":"cs_CZ","og_type":"article","og_title":"Nov\u00fdm mana\u017eerem Evertonu je Rafael Ben\u00edtez - Official Czech &amp; Slovak Everton Supporters&#039; Club","og_description":"Dny spekulac\u00ed jsou u konce. Everton p\u0159eb\u00edr\u00e1 \u0161pan\u011blsk\u00fd mana\u017eer, kter\u00fd to u\u017e ve m\u011bst\u011b zn\u00e1.","og_url":"https:\/\/evertonfc.cz\/index.php\/2021\/06\/30\/novym-manazerem-evertonu-je-rafael-benitez\/","og_site_name":"Official Czech &amp; Slovak Everton Supporters&#039; Club","article_publisher":"https:\/\/www.facebook.com\/everton.fans.cz.sk","article_published_time":"2021-06-30T19:36:45+00:00","article_modified_time":"2021-07-05T09:56:13+00:00","og_image":[{"width":720,"height":405,"url":"https:\/\/evertonfc.cz\/wp-content\/uploads\/2021\/06\/Rafael-Benitez-30-6-2021.jpg","type":"image\/jpeg"}],"author":"Javor","twitter_card":"summary_large_image","twitter_creator":"@LoudinJan","twitter_misc":{"Napsal(a)":"Javor","Odhadovan\u00e1 doba \u010dten\u00ed":"2 minuty"},"schema":{"@context":"https:\/\/schema.org","@graph":[{"@type":"Article","@id":"https:\/\/evertonfc.cz\/index.php\/2021\/06\/30\/novym-manazerem-evertonu-je-rafael-benitez\/#article","isPartOf":{"@id":"https:\/\/evertonfc.cz\/index.php\/2021\/06\/30\/novym-manazerem-evertonu-je-rafael-benitez\/"},"author":{"name":"Javor","@id":"https:\/\/evertonfc.cz\/#\/schema\/person\/b30daf6a5852f4811f8207a17ec1bf78"},"headline":"Nov\u00fdm mana\u017eerem Evertonu je Rafael Ben\u00edtez","datePublished":"2021-06-30T19:36:45+00:00","dateModified":"2021-07-05T09:56:13+00:00","mainEntityOfPage":{"@id":"https:\/\/evertonfc.cz\/index.php\/2021\/06\/30\/novym-manazerem-evertonu-je-rafael-benitez\/"},"wordCount":530,"commentCount":11,"publisher":{"@id":"https:\/\/evertonfc.cz\/#organization"},"image":{"@id":"https:\/\/evertonfc.cz\/index.php\/2021\/06\/30\/novym-manazerem-evertonu-je-rafael-benitez\/#primaryimage"},"thumbnailUrl":"https:\/\/evertonfc.cz\/wp-content\/uploads\/2021\/06\/Rafael-Benitez-30-6-2021.jpg","articleSection":["Aktuality"],"inLanguage":"cs","potentialAction":[{"@type":"CommentAction","name":"Comment","target":["https:\/\/evertonfc.cz\/index.php\/2021\/06\/30\/novym-manazerem-evertonu-je-rafael-benitez\/#respond"]}]},{"@type":"WebPage","@id":"https:\/\/evertonfc.cz\/index.php\/2021\/06\/30\/novym-manazerem-evertonu-je-rafael-benitez\/","url":"https:\/\/evertonfc.cz\/index.php\/2021\/06\/30\/novym-manazerem-evertonu-je-rafael-benitez\/","name":"Nov\u00fdm mana\u017eerem Evertonu je Rafael Ben\u00edtez - Official Czech &amp; Slovak Everton Supporters&#039; Club","isPartOf":{"@id":"https:\/\/evertonfc.cz\/#website"},"primaryImageOfPage":{"@id":"https:\/\/evertonfc.cz\/index.php\/2021\/06\/30\/novym-manazerem-evertonu-je-rafael-benitez\/#primaryimage"},"image":{"@id":"https:\/\/evertonfc.cz\/index.php\/2021\/06\/30\/novym-manazerem-evertonu-je-rafael-benitez\/#primaryimage"},"thumbnailUrl":"https:\/\/evertonfc.cz\/wp-content\/uploads\/2021\/06\/Rafael-Benitez-30-6-2021.jpg","datePublished":"2021-06-30T19:36:45+00:00","dateModified":"2021-07-05T09:56:13+00:00","description":"Dny spekulac\u00ed jsou u konce. Everton p\u0159eb\u00edr\u00e1 \u0161pan\u011blsk\u00fd mana\u017eer, kter\u00fd to u\u017e ve m\u011bst\u011b zn\u00e1.","breadcrumb":{"@id":"https:\/\/evertonfc.cz\/index.php\/2021\/06\/30\/novym-manazerem-evertonu-je-rafael-benitez\/#breadcrumb"},"inLanguage":"cs","potentialAction":[{"@type":"ReadAction","target":["https:\/\/evertonfc.cz\/index.php\/2021\/06\/30\/novym-manazerem-evertonu-je-rafael-benitez\/"]}]},{"@type":"ImageObject","inLanguage":"cs","@id":"https:\/\/evertonfc.cz\/index.php\/2021\/06\/30\/novym-manazerem-evertonu-je-rafael-benitez\/#primaryimage","url":"https:\/\/evertonfc.cz\/wp-content\/uploads\/2021\/06\/Rafael-Benitez-30-6-2021.jpg","contentUrl":"https:\/\/evertonfc.cz\/wp-content\/uploads\/2021\/06\/Rafael-Benitez-30-6-2021.jpg","width":720,"height":405},{"@type":"BreadcrumbList","@id":"https:\/\/evertonfc.cz\/index.php\/2021\/06\/30\/novym-manazerem-evertonu-je-rafael-benitez\/#breadcrumb","itemListElement":[{"@type":"ListItem","position":1,"name":"Home","item":"https:\/\/evertonfc.cz\/"},{"@type":"ListItem","position":2,"name":"Nov\u00fdm mana\u017eerem Evertonu je Rafael Ben\u00edtez"}]},{"@type":"WebSite","@id":"https:\/\/evertonfc.cz\/#website","url":"https:\/\/evertonfc.cz\/","name":"Official Czech &amp; Slovak Everton Supporters&#039; Club","description":"","publisher":{"@id":"https:\/\/evertonfc.cz\/#organization"},"potentialAction":[{"@type":"SearchAction","target":{"@type":"EntryPoint","urlTemplate":"https:\/\/evertonfc.cz\/?s={search_term_string}"},"query-input":{"@type":"PropertyValueSpecification","valueRequired":true,"valueName":"search_term_string"}}],"inLanguage":"cs"},{"@type":"Organization","@id":"https:\/\/evertonfc.cz\/#organization","name":"Official Czech & Slovak Everton Supporters' Club","url":"https:\/\/evertonfc.cz\/","logo":{"@type":"ImageObject","inLanguage":"cs","@id":"https:\/\/evertonfc.cz\/#\/schema\/logo\/image\/","url":"https:\/\/evertonfc.cz\/wp-content\/uploads\/2019\/05\/logo.png","contentUrl":"https:\/\/evertonfc.cz\/wp-content\/uploads\/2019\/05\/logo.png","width":112,"height":112,"caption":"Official Czech & Slovak Everton Supporters' Club"},"image":{"@id":"https:\/\/evertonfc.cz\/#\/schema\/logo\/image\/"},"sameAs":["https:\/\/www.facebook.com\/everton.fans.cz.sk"]},{"@type":"Person","@id":"https:\/\/evertonfc.cz\/#\/schema\/person\/b30daf6a5852f4811f8207a17ec1bf78","name":"Javor","sameAs":["https:\/\/x.com\/LoudinJan"],"url":"https:\/\/evertonfc.cz\/index.php\/author\/javor\/"}]}},"_links":{"self":[{"href":"https:\/\/evertonfc.cz\/index.php\/wp-json\/wp\/v2\/posts\/15663"}],"collection":[{"href":"https:\/\/evertonfc.cz\/index.php\/wp-json\/wp\/v2\/posts"}],"about":[{"href":"https:\/\/evertonfc.cz\/index.php\/wp-json\/wp\/v2\/types\/post"}],"author":[{"embeddable":true,"href":"https:\/\/evertonfc.cz\/index.php\/wp-json\/wp\/v2\/users\/12"}],"replies":[{"embeddable":true,"href":"https:\/\/evertonfc.cz\/index.php\/wp-json\/wp\/v2\/comments?post=15663"}],"version-history":[{"count":3,"href":"https:\/\/evertonfc.cz\/index.php\/wp-json\/wp\/v2\/posts\/15663\/revisions"}],"predecessor-version":[{"id":15667,"href":"https:\/\/evertonfc.cz\/index.php\/wp-json\/wp\/v2\/posts\/15663\/revisions\/15667"}],"wp:featuredmedia":[{"embeddable":true,"href":"https:\/\/evertonfc.cz\/index.php\/wp-json\/wp\/v2\/media\/15665"}],"wp:attachment":[{"href":"https:\/\/evertonfc.cz\/index.php\/wp-json\/wp\/v2\/media?parent=15663"}],"wp:term":[{"taxonomy":"category","embeddable":true,"href":"https:\/\/evertonfc.cz\/index.php\/wp-json\/wp\/v2\/categories?post=15663"},{"taxonomy":"post_tag","embeddable":true,"href":"https:\/\/evertonfc.cz\/index.php\/wp-json\/wp\/v2\/tags?post=15663"}],"curies":[{"name":"wp","href":"https:\/\/api.w.org\/{rel}","templated":true}]}}