{"id":15677,"date":"2021-07-03T10:26:14","date_gmt":"2021-07-03T08:26:14","guid":{"rendered":"https:\/\/evertonfc.cz\/?p=15677"},"modified":"2021-07-06T17:02:45","modified_gmt":"2021-07-06T15:02:45","slug":"prichazi-kenza-dali","status":"publish","type":"post","link":"https:\/\/evertonfc.cz\/index.php\/2021\/07\/03\/prichazi-kenza-dali\/","title":{"rendered":"P\u0159ich\u00e1z\u00ed Kenza Dali"},"content":{"rendered":"<h4>Everton zkompletoval prvn\u00ed leto\u0161n\u00ed p\u0159estup: z West Hamu p\u0159ich\u00e1z\u00ed Kenza Dali.<\/h4>\n<p>Ofenzivn\u00ed z\u00e1lo\u017enice Kenza Dali se narodila p\u0159ed dev\u011btadvaceti lety na b\u0159ez\u00edch Rhony v Saine -Colombe v rodin\u011b s al\u017e\u00edrsk\u00fdmi ko\u0159eny. Prvn\u00ed fotbalov\u00e9 zku\u0161enosti z\u00edskala v ml\u00e1de\u017enick\u00e9m t\u00fdmu Lyonu, za kter\u00fd ov\u0161em nastupovala p\u0159ev\u00e1\u017en\u011b v jeho B-t\u00fdmu hraj\u00edc\u00edm t\u0159et\u00ed ligu. V Lyonu ji\u017e jako dosp\u011bl\u00e1 str\u00e1vila s p\u0159est\u00e1vkou celkem p\u011bt let. Za tuto dobu bohu\u017eel nastoupila jen k 7 z\u00e1pas\u016fm. Nejprve to bylo kv\u016fli siln\u00e9 konkurenci, pot\u00e9 pro zran\u011bn\u00ed kolena. P\u0159esto s Lyonem slavila dvakr\u00e1t ligov\u00fd triumf (2010 a 2017) a zisk ligov\u00e9ho poh\u00e1ru (2017).<\/p>\n<p>Jej\u00ed nejslavn\u011bj\u0161\u00ed \u0161tac\u00ed bylo p\u016fsoben\u00ed v jist\u00e9m pa\u0159\u00ed\u017esk\u00e9m fotbalov\u00e9m klubu U svat\u00e9ho Jeron\u00fdma, kde str\u00e1vila p\u011bt let a v 89 utk\u00e1n\u00edch vst\u0159elila 36 g\u00f3l\u016f. V dal\u0161\u00edch sez\u00f3n\u00e1ch a klubech se j\u00ed ji\u017e na tento \u00factyhodn\u00fd g\u00f3lov\u00fd v\u00fdkon nav\u00e1zat nepoda\u0159ilo. Ale ve sv\u00e9m posledn\u00edm p\u016fsobi\u0161ti ve West Hamu se ve 44 utk\u00e1n\u00edch trefila t\u0159in\u00e1ctkr\u00e1t, co\u017e tak\u00e9 nen\u00ed v\u016fbec \u0161patn\u00e9. Od roku 2014 reprezentuje Francii, za kterou ve 34 utk\u00e1n\u00edch sk\u00f3rovala v \u0161esti p\u0159\u00edpadech.<\/p>\n<p>Kenza se v z\u00e1loze c\u00edt\u00ed jako ryba ve vod\u011b, nej\u010dast\u011bji zast\u00e1v\u00e1 roli box to box z\u00e1lo\u017enice nebo typick\u00e9 des\u00edtky.\u00a0 V Evertonu se t\u011b\u0161\u00ed na spolupr\u00e1ci se svoj\u00ed reprezenta\u010dn\u00ed kolegyn\u00ed Gauvin a rovn\u011b\u017e mo\u017enost jej\u00ed souhry s Christiansen vypad\u00e1 velmi zaj\u00edmav\u011b. V ka\u017ed\u00e9m p\u0159\u00edpad\u011b jde o velmi slibnou posilu a o dal\u0161\u00ed d\u016fvod pro\u010d i v nov\u00e9 sez\u00f3n\u011b sledovat Everton Women. Bienvenue \u00e0 bord, Kenza!<\/p>\n<p style=\"text-align: right;\"><span style=\"font-size: 8pt;\"><em>zdroje: wikipedia.org, <\/em><em>evertonfc.com<br \/>\n<\/em><em>fotografie: evertonfc.com\u00a0<\/em><\/span><\/p>\n","protected":false},"excerpt":{"rendered":"<p>Everton zkompletoval prvn\u00ed leto\u0161n\u00ed p\u0159estup: z West Hamu p\u0159ich\u00e1z\u00ed Kenza Dali.<\/p>\n","protected":false},"author":26,"featured_media":15716,"comment_status":"open","ping_status":"closed","sticky":false,"template":"","format":"standard","meta":{"_eb_attr":"","_monsterinsights_skip_tracking":false,"_monsterinsights_sitenote_active":false,"_monsterinsights_sitenote_note":"","_monsterinsights_sitenote_category":0,"footnotes":""},"categories":[110],"tags":[],"yoast_head":"<!-- This site is optimized with the Yoast SEO plugin v23.4 - https:\/\/yoast.com\/wordpress\/plugins\/seo\/ -->\n<title>P\u0159ich\u00e1z\u00ed Kenza Dali - Official Czech &amp; Slovak Everton Supporters&#039; Club<\/title>\n<meta name=\"robots\" content=\"index, follow, max-snippet:-1, max-image-preview:large, max-video-preview:-1\" \/>\n<link rel=\"canonical\" href=\"https:\/\/evertonfc.cz\/index.php\/2021\/07\/03\/prichazi-kenza-dali\/\" \/>\n<meta property=\"og:locale\" content=\"cs_CZ\" \/>\n<meta property=\"og:type\" content=\"article\" \/>\n<meta property=\"og:title\" content=\"P\u0159ich\u00e1z\u00ed Kenza Dali - Official Czech &amp; Slovak Everton Supporters&#039; Club\" \/>\n<meta property=\"og:description\" content=\"Everton zkompletoval prvn\u00ed leto\u0161n\u00ed p\u0159estup: z West Hamu p\u0159ich\u00e1z\u00ed Kenza Dali.\" \/>\n<meta property=\"og:url\" content=\"https:\/\/evertonfc.cz\/index.php\/2021\/07\/03\/prichazi-kenza-dali\/\" \/>\n<meta property=\"og:site_name\" content=\"Official Czech &amp; Slovak Everton Supporters&#039; Club\" \/>\n<meta property=\"article:publisher\" content=\"https:\/\/www.facebook.com\/everton.fans.cz.sk\" \/>\n<meta property=\"article:published_time\" content=\"2021-07-03T08:26:14+00:00\" \/>\n<meta property=\"article:modified_time\" content=\"2021-07-06T15:02:45+00:00\" \/>\n<meta property=\"og:image\" content=\"https:\/\/evertonfc.cz\/wp-content\/uploads\/2021\/07\/Kenza-Dali-web-6_7_2021.jpg\" \/>\n\t<meta property=\"og:image:width\" content=\"720\" \/>\n\t<meta property=\"og:image:height\" content=\"405\" \/>\n\t<meta property=\"og:image:type\" content=\"image\/jpeg\" \/>\n<meta name=\"author\" content=\"Karamela\" \/>\n<meta name=\"twitter:card\" content=\"summary_large_image\" \/>\n<meta name=\"twitter:label1\" content=\"Napsal(a)\" \/>\n\t<meta name=\"twitter:data1\" content=\"Karamela\" \/>\n\t<meta name=\"twitter:label2\" content=\"Odhadovan\u00e1 doba \u010dten\u00ed\" \/>\n\t<meta name=\"twitter:data2\" content=\"2 minuty\" \/>\n<script type=\"application\/ld+json\" class=\"yoast-schema-graph\">{\"@context\":\"https:\/\/schema.org\",\"@graph\":[{\"@type\":\"Article\",\"@id\":\"https:\/\/evertonfc.cz\/index.php\/2021\/07\/03\/prichazi-kenza-dali\/#article\",\"isPartOf\":{\"@id\":\"https:\/\/evertonfc.cz\/index.php\/2021\/07\/03\/prichazi-kenza-dali\/\"},\"author\":{\"name\":\"Karamela\",\"@id\":\"https:\/\/evertonfc.cz\/#\/schema\/person\/e9a24a80a32efa1344dd2c4e5882185c\"},\"headline\":\"P\u0159ich\u00e1z\u00ed Kenza Dali\",\"datePublished\":\"2021-07-03T08:26:14+00:00\",\"dateModified\":\"2021-07-06T15:02:45+00:00\",\"mainEntityOfPage\":{\"@id\":\"https:\/\/evertonfc.cz\/index.php\/2021\/07\/03\/prichazi-kenza-dali\/\"},\"wordCount\":326,\"commentCount\":3,\"publisher\":{\"@id\":\"https:\/\/evertonfc.cz\/#organization\"},\"image\":{\"@id\":\"https:\/\/evertonfc.cz\/index.php\/2021\/07\/03\/prichazi-kenza-dali\/#primaryimage\"},\"thumbnailUrl\":\"https:\/\/evertonfc.cz\/wp-content\/uploads\/2021\/07\/Kenza-Dali-web-6_7_2021.jpg\",\"articleSection\":[\"Everton Women\"],\"inLanguage\":\"cs\",\"potentialAction\":[{\"@type\":\"CommentAction\",\"name\":\"Comment\",\"target\":[\"https:\/\/evertonfc.cz\/index.php\/2021\/07\/03\/prichazi-kenza-dali\/#respond\"]}]},{\"@type\":\"WebPage\",\"@id\":\"https:\/\/evertonfc.cz\/index.php\/2021\/07\/03\/prichazi-kenza-dali\/\",\"url\":\"https:\/\/evertonfc.cz\/index.php\/2021\/07\/03\/prichazi-kenza-dali\/\",\"name\":\"P\u0159ich\u00e1z\u00ed Kenza Dali - Official Czech &amp; Slovak Everton Supporters&#039; Club\",\"isPartOf\":{\"@id\":\"https:\/\/evertonfc.cz\/#website\"},\"primaryImageOfPage\":{\"@id\":\"https:\/\/evertonfc.cz\/index.php\/2021\/07\/03\/prichazi-kenza-dali\/#primaryimage\"},\"image\":{\"@id\":\"https:\/\/evertonfc.cz\/index.php\/2021\/07\/03\/prichazi-kenza-dali\/#primaryimage\"},\"thumbnailUrl\":\"https:\/\/evertonfc.cz\/wp-content\/uploads\/2021\/07\/Kenza-Dali-web-6_7_2021.jpg\",\"datePublished\":\"2021-07-03T08:26:14+00:00\",\"dateModified\":\"2021-07-06T15:02:45+00:00\",\"breadcrumb\":{\"@id\":\"https:\/\/evertonfc.cz\/index.php\/2021\/07\/03\/prichazi-kenza-dali\/#breadcrumb\"},\"inLanguage\":\"cs\",\"potentialAction\":[{\"@type\":\"ReadAction\",\"target\":[\"https:\/\/evertonfc.cz\/index.php\/2021\/07\/03\/prichazi-kenza-dali\/\"]}]},{\"@type\":\"ImageObject\",\"inLanguage\":\"cs\",\"@id\":\"https:\/\/evertonfc.cz\/index.php\/2021\/07\/03\/prichazi-kenza-dali\/#primaryimage\",\"url\":\"https:\/\/evertonfc.cz\/wp-content\/uploads\/2021\/07\/Kenza-Dali-web-6_7_2021.jpg\",\"contentUrl\":\"https:\/\/evertonfc.cz\/wp-content\/uploads\/2021\/07\/Kenza-Dali-web-6_7_2021.jpg\",\"width\":720,\"height\":405},{\"@type\":\"BreadcrumbList\",\"@id\":\"https:\/\/evertonfc.cz\/index.php\/2021\/07\/03\/prichazi-kenza-dali\/#breadcrumb\",\"itemListElement\":[{\"@type\":\"ListItem\",\"position\":1,\"name\":\"Home\",\"item\":\"https:\/\/evertonfc.cz\/\"},{\"@type\":\"ListItem\",\"position\":2,\"name\":\"P\u0159ich\u00e1z\u00ed Kenza Dali\"}]},{\"@type\":\"WebSite\",\"@id\":\"https:\/\/evertonfc.cz\/#website\",\"url\":\"https:\/\/evertonfc.cz\/\",\"name\":\"Official Czech &amp; Slovak Everton Supporters&#039; Club\",\"description\":\"\",\"publisher\":{\"@id\":\"https:\/\/evertonfc.cz\/#organization\"},\"potentialAction\":[{\"@type\":\"SearchAction\",\"target\":{\"@type\":\"EntryPoint\",\"urlTemplate\":\"https:\/\/evertonfc.cz\/?s={search_term_string}\"},\"query-input\":{\"@type\":\"PropertyValueSpecification\",\"valueRequired\":true,\"valueName\":\"search_term_string\"}}],\"inLanguage\":\"cs\"},{\"@type\":\"Organization\",\"@id\":\"https:\/\/evertonfc.cz\/#organization\",\"name\":\"Official Czech & Slovak Everton Supporters' Club\",\"url\":\"https:\/\/evertonfc.cz\/\",\"logo\":{\"@type\":\"ImageObject\",\"inLanguage\":\"cs\",\"@id\":\"https:\/\/evertonfc.cz\/#\/schema\/logo\/image\/\",\"url\":\"https:\/\/evertonfc.cz\/wp-content\/uploads\/2019\/05\/logo.png\",\"contentUrl\":\"https:\/\/evertonfc.cz\/wp-content\/uploads\/2019\/05\/logo.png\",\"width\":112,\"height\":112,\"caption\":\"Official Czech & Slovak Everton Supporters' Club\"},\"image\":{\"@id\":\"https:\/\/evertonfc.cz\/#\/schema\/logo\/image\/\"},\"sameAs\":[\"https:\/\/www.facebook.com\/everton.fans.cz.sk\"]},{\"@type\":\"Person\",\"@id\":\"https:\/\/evertonfc.cz\/#\/schema\/person\/e9a24a80a32efa1344dd2c4e5882185c\",\"name\":\"Karamela\",\"url\":\"https:\/\/evertonfc.cz\/index.php\/author\/karamela\/\"}]}<\/script>\n<!-- \/ Yoast SEO plugin. -->","yoast_head_json":{"title":"P\u0159ich\u00e1z\u00ed Kenza Dali - Official Czech &amp; Slovak Everton Supporters&#039; Club","robots":{"index":"index","follow":"follow","max-snippet":"max-snippet:-1","max-image-preview":"max-image-preview:large","max-video-preview":"max-video-preview:-1"},"canonical":"https:\/\/evertonfc.cz\/index.php\/2021\/07\/03\/prichazi-kenza-dali\/","og_locale":"cs_CZ","og_type":"article","og_title":"P\u0159ich\u00e1z\u00ed Kenza Dali - Official Czech &amp; Slovak Everton Supporters&#039; Club","og_description":"Everton zkompletoval prvn\u00ed leto\u0161n\u00ed p\u0159estup: z West Hamu p\u0159ich\u00e1z\u00ed Kenza Dali.","og_url":"https:\/\/evertonfc.cz\/index.php\/2021\/07\/03\/prichazi-kenza-dali\/","og_site_name":"Official Czech &amp; Slovak Everton Supporters&#039; Club","article_publisher":"https:\/\/www.facebook.com\/everton.fans.cz.sk","article_published_time":"2021-07-03T08:26:14+00:00","article_modified_time":"2021-07-06T15:02:45+00:00","og_image":[{"width":720,"height":405,"url":"https:\/\/evertonfc.cz\/wp-content\/uploads\/2021\/07\/Kenza-Dali-web-6_7_2021.jpg","type":"image\/jpeg"}],"author":"Karamela","twitter_card":"summary_large_image","twitter_misc":{"Napsal(a)":"Karamela","Odhadovan\u00e1 doba \u010dten\u00ed":"2 minuty"},"schema":{"@context":"https:\/\/schema.org","@graph":[{"@type":"Article","@id":"https:\/\/evertonfc.cz\/index.php\/2021\/07\/03\/prichazi-kenza-dali\/#article","isPartOf":{"@id":"https:\/\/evertonfc.cz\/index.php\/2021\/07\/03\/prichazi-kenza-dali\/"},"author":{"name":"Karamela","@id":"https:\/\/evertonfc.cz\/#\/schema\/person\/e9a24a80a32efa1344dd2c4e5882185c"},"headline":"P\u0159ich\u00e1z\u00ed Kenza Dali","datePublished":"2021-07-03T08:26:14+00:00","dateModified":"2021-07-06T15:02:45+00:00","mainEntityOfPage":{"@id":"https:\/\/evertonfc.cz\/index.php\/2021\/07\/03\/prichazi-kenza-dali\/"},"wordCount":326,"commentCount":3,"publisher":{"@id":"https:\/\/evertonfc.cz\/#organization"},"image":{"@id":"https:\/\/evertonfc.cz\/index.php\/2021\/07\/03\/prichazi-kenza-dali\/#primaryimage"},"thumbnailUrl":"https:\/\/evertonfc.cz\/wp-content\/uploads\/2021\/07\/Kenza-Dali-web-6_7_2021.jpg","articleSection":["Everton Women"],"inLanguage":"cs","potentialAction":[{"@type":"CommentAction","name":"Comment","target":["https:\/\/evertonfc.cz\/index.php\/2021\/07\/03\/prichazi-kenza-dali\/#respond"]}]},{"@type":"WebPage","@id":"https:\/\/evertonfc.cz\/index.php\/2021\/07\/03\/prichazi-kenza-dali\/","url":"https:\/\/evertonfc.cz\/index.php\/2021\/07\/03\/prichazi-kenza-dali\/","name":"P\u0159ich\u00e1z\u00ed Kenza Dali - Official Czech &amp; Slovak Everton Supporters&#039; Club","isPartOf":{"@id":"https:\/\/evertonfc.cz\/#website"},"primaryImageOfPage":{"@id":"https:\/\/evertonfc.cz\/index.php\/2021\/07\/03\/prichazi-kenza-dali\/#primaryimage"},"image":{"@id":"https:\/\/evertonfc.cz\/index.php\/2021\/07\/03\/prichazi-kenza-dali\/#primaryimage"},"thumbnailUrl":"https:\/\/evertonfc.cz\/wp-content\/uploads\/2021\/07\/Kenza-Dali-web-6_7_2021.jpg","datePublished":"2021-07-03T08:26:14+00:00","dateModified":"2021-07-06T15:02:45+00:00","breadcrumb":{"@id":"https:\/\/evertonfc.cz\/index.php\/2021\/07\/03\/prichazi-kenza-dali\/#breadcrumb"},"inLanguage":"cs","potentialAction":[{"@type":"ReadAction","target":["https:\/\/evertonfc.cz\/index.php\/2021\/07\/03\/prichazi-kenza-dali\/"]}]},{"@type":"ImageObject","inLanguage":"cs","@id":"https:\/\/evertonfc.cz\/index.php\/2021\/07\/03\/prichazi-kenza-dali\/#primaryimage","url":"https:\/\/evertonfc.cz\/wp-content\/uploads\/2021\/07\/Kenza-Dali-web-6_7_2021.jpg","contentUrl":"https:\/\/evertonfc.cz\/wp-content\/uploads\/2021\/07\/Kenza-Dali-web-6_7_2021.jpg","width":720,"height":405},{"@type":"BreadcrumbList","@id":"https:\/\/evertonfc.cz\/index.php\/2021\/07\/03\/prichazi-kenza-dali\/#breadcrumb","itemListElement":[{"@type":"ListItem","position":1,"name":"Home","item":"https:\/\/evertonfc.cz\/"},{"@type":"ListItem","position":2,"name":"P\u0159ich\u00e1z\u00ed Kenza Dali"}]},{"@type":"WebSite","@id":"https:\/\/evertonfc.cz\/#website","url":"https:\/\/evertonfc.cz\/","name":"Official Czech &amp; Slovak Everton Supporters&#039; Club","description":"","publisher":{"@id":"https:\/\/evertonfc.cz\/#organization"},"potentialAction":[{"@type":"SearchAction","target":{"@type":"EntryPoint","urlTemplate":"https:\/\/evertonfc.cz\/?s={search_term_string}"},"query-input":{"@type":"PropertyValueSpecification","valueRequired":true,"valueName":"search_term_string"}}],"inLanguage":"cs"},{"@type":"Organization","@id":"https:\/\/evertonfc.cz\/#organization","name":"Official Czech & Slovak Everton Supporters' Club","url":"https:\/\/evertonfc.cz\/","logo":{"@type":"ImageObject","inLanguage":"cs","@id":"https:\/\/evertonfc.cz\/#\/schema\/logo\/image\/","url":"https:\/\/evertonfc.cz\/wp-content\/uploads\/2019\/05\/logo.png","contentUrl":"https:\/\/evertonfc.cz\/wp-content\/uploads\/2019\/05\/logo.png","width":112,"height":112,"caption":"Official Czech & Slovak Everton Supporters' Club"},"image":{"@id":"https:\/\/evertonfc.cz\/#\/schema\/logo\/image\/"},"sameAs":["https:\/\/www.facebook.com\/everton.fans.cz.sk"]},{"@type":"Person","@id":"https:\/\/evertonfc.cz\/#\/schema\/person\/e9a24a80a32efa1344dd2c4e5882185c","name":"Karamela","url":"https:\/\/evertonfc.cz\/index.php\/author\/karamela\/"}]}},"_links":{"self":[{"href":"https:\/\/evertonfc.cz\/index.php\/wp-json\/wp\/v2\/posts\/15677"}],"collection":[{"href":"https:\/\/evertonfc.cz\/index.php\/wp-json\/wp\/v2\/posts"}],"about":[{"href":"https:\/\/evertonfc.cz\/index.php\/wp-json\/wp\/v2\/types\/post"}],"author":[{"embeddable":true,"href":"https:\/\/evertonfc.cz\/index.php\/wp-json\/wp\/v2\/users\/26"}],"replies":[{"embeddable":true,"href":"https:\/\/evertonfc.cz\/index.php\/wp-json\/wp\/v2\/comments?post=15677"}],"version-history":[{"count":9,"href":"https:\/\/evertonfc.cz\/index.php\/wp-json\/wp\/v2\/posts\/15677\/revisions"}],"predecessor-version":[{"id":15689,"href":"https:\/\/evertonfc.cz\/index.php\/wp-json\/wp\/v2\/posts\/15677\/revisions\/15689"}],"wp:featuredmedia":[{"embeddable":true,"href":"https:\/\/evertonfc.cz\/index.php\/wp-json\/wp\/v2\/media\/15716"}],"wp:attachment":[{"href":"https:\/\/evertonfc.cz\/index.php\/wp-json\/wp\/v2\/media?parent=15677"}],"wp:term":[{"taxonomy":"category","embeddable":true,"href":"https:\/\/evertonfc.cz\/index.php\/wp-json\/wp\/v2\/categories?post=15677"},{"taxonomy":"post_tag","embeddable":true,"href":"https:\/\/evertonfc.cz\/index.php\/wp-json\/wp\/v2\/tags?post=15677"}],"curies":[{"name":"wp","href":"https:\/\/api.w.org\/{rel}","templated":true}]}}