{"id":15690,"date":"2021-07-03T14:03:55","date_gmt":"2021-07-03T12:03:55","guid":{"rendered":"https:\/\/evertonfc.cz\/?p=15690"},"modified":"2021-07-06T12:06:26","modified_gmt":"2021-07-06T10:06:26","slug":"moshiri-ohuril-nas","status":"publish","type":"post","link":"https:\/\/evertonfc.cz\/index.php\/2021\/07\/03\/moshiri-ohuril-nas\/","title":{"rendered":"Moshiri: Oh\u00faril n\u00e1s"},"content":{"rendered":"<h4>Pri menovan\u00ed Ben\u00edteza do role mana\u017e\u00e9ra Evertonu poskytol rozhovor pre ofici\u00e1lny web majite\u013e klubu. Pochopite\u013ene, zd\u00f4veril sa tie\u017e Jimovi Whiteovi pre TalkSPORT.<\/h4>\n<h4 style=\"text-align: center;\"><strong>\u2026<\/strong><\/h4>\n<h4><span style=\"font-size: 12pt;\"><strong>P\u00e1n Moshiri, ak\u00e9 boli hlavn\u00e9 d\u00f4vody vymenovania Rafaela Ben\u00edteza za mana\u017e\u00e9ra?<\/strong><\/span><\/h4>\n<p><em>Za posledn\u00fdch p\u00e1r t\u00fd\u017ed\u0148ov sme ve\u013emi d\u00f4sledne h\u013eadali nov\u00e9ho mana\u017e\u00e9ra, a po rozhovore s nieko\u013ek\u00fdmi ve\u013emi siln\u00fdmi uch\u00e1dza\u010dmi vynikal ako najlep\u0161\u00ed kandid\u00e1t. Chceli sme mana\u017e\u00e9ra so sk\u00fasenos\u0165ami s tr\u00e9novan\u00edm na najvy\u0161\u0161ej \u00farovni, ktor\u00fd m\u00e1 vynikaj\u00face v\u00fdsledky v dosahovan\u00ed \u00faspechov, ktor\u00fd dok\u00e1\u017ee pracova\u0165 v na\u0161ej \u0161trukt\u00fare a ktor\u00fd sa naplno v\u017eije do na\u0161ej v\u00edzie bud\u00facnosti.<\/em><\/p>\n<p><em>Rafa to v\u0161etko sp\u013a\u0148a a v priebehu pohovoru n\u00e1s oh\u00faril svojou v\u00e1\u0161\u0148ou, amb\u00edciami a v\u00edziou. Viem, \u017ee mal \u010fal\u0161ie ponuky od in\u00fdch klubov &#8211; ale zameral sa na to, aby n\u00e1m dok\u00e1zal, \u017ee m\u00e1 kvalifik\u00e1ciu a potrebn\u00e9 kvality pre t\u00fato pr\u00e1cu. T\u00e1 v\u00e1\u0161e\u0148 a odhodlanie pre t\u00fato rolu &#8211; a by\u0165 tu \u00faspe\u0161n\u00fdm &#8211; skuto\u010dne vynikali.<\/em><\/p>\n<h4><span style=\"font-size: 12pt;\"><strong>Vymenovali ste mana\u017e\u00e9ra, ktor\u00fd z\u00edskal v\u00fdznamn\u00e9 trofeje pre kluby v troch najv\u00e4\u010d\u0161\u00edch lig\u00e1ch sveta. Ak\u00e9 d\u00f4le\u017eit\u00e9 bolo pre v\u00e1s privies\u0165 osved\u010den\u00e9ho v\u00ed\u0165aza?<\/strong><\/span><\/h4>\n<p><em>Chceme hra\u0165 v eur\u00f3pskych s\u00fa\u0165a\u017eiach a\u00a0bojova\u0165 o\u00a0poh\u00e1re doma i v\u00a0zahrani\u010d\u00ed. Bolo preto \u017eivotne d\u00f4le\u017eit\u00e9, aby sme mali mana\u017e\u00e9ra, ktor\u00fd to za\u017eil a rozumel tomu, \u010do je potrebn\u00e9 na dosiahnutie tejto \u00farovne \u00faspechu. Rafa mana\u017eoval kluby s ve\u013ek\u00fdmi o\u010dak\u00e1vaniami a z\u00edskal niektor\u00e9 z najv\u00e4\u010d\u0161\u00edch trofej\u00ed vo futbale. Je osved\u010den\u00fdm v\u00ed\u0165azom. Sme si ist\u00ed, \u017ee jeho v\u00ed\u0165azn\u00e1 mentalita n\u00e1m prinesie v Evertone \u00faspech.<\/em><\/p>\n<h4><span style=\"font-size: 12pt;\"><strong>Ak\u00fdmi vlastnos\u0165ami v\u00e1s n\u00e1\u0161 nov\u00fd mana\u017e\u00e9r presved\u010dil, \u017ee bol t\u00fdm spr\u00e1vnym kandid\u00e1tom na posunutie klubu vpred?<\/strong><\/span><\/h4>\n<p><em>M\u00e1 jeden z najp\u00f4sobivej\u0161\u00edch \u017eivotopisov svetov\u00e9ho futbalu. Vie, ako budova\u0165 v\u00ed\u0165azn\u00e9 t\u00edmy. Pozrite sa na pr\u00e1cu, ktor\u00fa urobil napr\u00edklad vo Valencii. V \u010dase, ke\u010f Real Madrid a Barcelona intenz\u00edvne investovali do svetov\u00fdch superhviezd, napriek v\u0161etk\u00fdm o\u010dak\u00e1vaniam priviedol Valenciu k prv\u00e9mu titulu v La Lige po 31 rokoch, a\u00a0e\u0161te k\u00a0tomu pridal \u010fal\u0161\u00ed titul v La Lige a poh\u00e1r UEFA. Vo viacer\u00fdch kluboch predviedol, \u017ee im m\u00f4\u017ee pom\u00f4c\u0165 urobi\u0165 \u010fal\u0161\u00ed krok a post\u00fapi\u0165 na najvy\u0161\u0161iu \u00farove\u0148.<\/em><\/p>\n<p><em>Po\u010das n\u00e1\u0161ho h\u013eadania sme hovorili s mnoh\u00fdmi \u013eu\u010fmi v hre a sp\u00e4tn\u00e1 v\u00e4zba, ktor\u00fa sme mali k Rafovi, bola mimoriadne pozit\u00edvna. Pova\u017euje sa za jedn\u00e9ho z najlep\u0161\u00edch mana\u017e\u00e9rov s\u00a0taktick\u00fdmi\u00a0 schopnos\u0165ami vo futbale, a mysl\u00edm si, \u017ee jeho sk\u00fasenosti a know-how bud\u00fa ma\u0165 z\u00e1sadn\u00fd v\u00fdznam pre to, aby n\u00e1m pomohli posun\u00fa\u0165 sa v tabu\u013eke na eur\u00f3pske prie\u010dky. Pri na\u0161ich osobn\u00fdch stretnutiach s n\u00edm boli tieto obrovsk\u00e9 znalosti a futbalov\u00e1 inteligencia ve\u013emi evidentn\u00e9 a ve\u013emi p\u00f4sobiv\u00e9.<\/em><\/p>\n<h4><span style=\"font-size: 12pt;\"><strong>S Evertonom bolo sp\u00e1jan\u00fdch ve\u013ea mien. Preve\u010fte n\u00e1s procesom privedenia Rafaela do klubu.<\/strong><\/span><\/h4>\n<p><em>Bolo pre n\u00e1s d\u00f4le\u017eit\u00e9 neun\u00e1hli\u0165 sa a n\u00e1js\u0165 t\u00fa prav\u00fa osobu. Identifikovali sme po\u017eadovan\u00e9 vlastnosti a potom sme hovorili s r\u00f4znymi kandid\u00e1tmi. Bol to d\u00f4kladn\u00fd a rozsiahly proces. Boli sme odhodlan\u00ed da\u0165 si na tom z\u00e1le\u017ea\u0165, identifikova\u0165 u\u017e\u0161\u00ed zoznam siln\u00fdch kandid\u00e1tov, ktor\u00ed zapadaj\u00fa do na\u0161ej v\u00edzie klubu, a nakoniec vymenova\u0165 toho prav\u00e9ho &#8211; a ver\u00edm, \u017ee sme to dok\u00e1zali.<\/em><\/p>\n<h4><span style=\"font-size: 12pt;\"><strong>\u010co chcete vidie\u0165 od Evertonu n\u00e1\u0161ho nov\u00e9ho mana\u017e\u00e9ra?<\/strong><\/span><\/h4>\n<p><em>T\u00edm, ktor\u00fd m\u00e1 v\u00ed\u0165azn\u00fa mentalitu a dok\u00e1\u017ee konkurova\u0165 \u0161pi\u010dk\u00e1m v Premier League. T\u00edm, ktor\u00fd bojuje za klub. A t\u00edm, na ktor\u00fd m\u00f4\u017eu by\u0165 fan\u00fa\u0161ikovia hrd\u00ed. <\/em><\/p>\n<h4><span style=\"font-size: 12pt;\"><strong>Ak\u00e9 d\u00f4le\u017eit\u00e9 bolo udr\u017ea\u0165 si Duncana Fergusona v \u0161t\u00e1be mana\u017e\u00e9ra?<\/strong><\/span><\/h4>\n<p><em>\u00c1no, to bolo skuto\u010dne d\u00f4le\u017eit\u00e9 &#8211; a Rafa bol rovnako horliv\u00fd, aby to tak ostalo. Dal n\u00e1m jasne najavo, \u017ee chce, aby bol Duncan k\u013e\u00fa\u010dovou s\u00fa\u010das\u0165ou jeho t\u00edmu v z\u00e1kulis\u00ed. Vie, \u017ee m\u00e1 neskuto\u010dn\u00fa v\u00e1\u0161e\u0148 pre Everton a vynikaj\u00faci vz\u0165ah s fan\u00fa\u0161ikmi. Okrem toho v\u0161ak mana\u017e\u00e9r pozn\u00e1 aj siln\u00e9 str\u00e1nky, ktor\u00e9 m\u00f4\u017ee Duncan tr\u00e9nersk\u00e9mu t\u00edmu pon\u00faknu\u0165.<\/em><\/p>\n<h4><span style=\"font-size: 12pt;\"><strong>M\u00e1te na z\u00e1ver odkaz pre Evertonians?<\/strong><\/span><\/h4>\n<p><em>Viem, \u017ee posledn\u00e9 t\u00fd\u017edne neboli pre na\u0161ich priaznivcov \u013eahk\u00fdm obdob\u00edm, preto by som sa im chcel po\u010fakova\u0165 za trpezlivos\u0165 po\u010das cel\u00e9ho tohto procesu. D\u00fafajme, \u017ee sa teraz m\u00f4\u017eeme stretn\u00fa\u0165 a by\u0165 si ist\u00ed svojimi pl\u00e1nmi na ihrisku i mimo neho. \u010cakaj\u00fa n\u00e1s niektor\u00e9 vzru\u0161uj\u00face veci a d\u00fafam, \u017ee priaznivci vedia, \u017ee maj\u00fa moju pln\u00fa podporu, pokia\u013e ide o splnenie na\u0161ich amb\u00edci\u00ed.<\/em><\/p>\n<h4 style=\"text-align: center;\"><strong>\u2026<\/strong><\/h4>\n<p>Ako to u\u017e b\u00fdva, a\u00a0na \u010do si fan\u00fa\u0161ikovia Evertonu zvykli, v\u00e4\u010d\u0161inov\u00fd vlastn\u00edk klubu sa rad\u0161ej spoved\u00e1 priate\u013eom v\u00a0nie pr\u00edli\u0161 spo\u013eahliv\u00fdch m\u00e9di\u00e1ch, ne\u017e by svoje pocity, my\u0161lienky, pl\u00e1ny a\u00a0v\u00edzie prezentoval vlastnej z\u00e1kladni. A\u00a0hoci ho teraz m\u00f4\u017eeme pochv\u00e1li\u0165 za iniciat\u00edvu pre ofici\u00e1lne kan\u00e1ly klubu, nenechal svojej povesti ni\u010d dl\u017en\u00fd a\u00a0nie\u010do si nechal aj pre rozhovor s Jimom Whiteom.<\/p>\n<h4><strong>Moshiri pre TalkSPORT:<\/strong><\/h4>\n<blockquote><p><span style=\"font-size: 12pt;\"><em>\u201eNena\u0161li sme nikoho s jeho vedomos\u0165ami a v\u00e1\u0161\u0148ou pre futbal. Vo svojom po\u010d\u00edta\u010di m\u00e1 mo\u017eno 3 000 detailov hr\u00e1\u010dov. Len povedzte hr\u00e1\u010da, vie o \u0148om v\u0161etko &#8211; zranenia, hist\u00f3riu. Jednoducho sa nezastav\u00ed. Vid\u00edte, \u017ee jeho \u017eivotom je futbal, nie je tu ni\u010d in\u00e9. Je to inteligentn\u00fd mu\u017e, ktor\u00fd je posadnut\u00fd futbalom.\u201c<\/em><\/span><\/p>\n<p><span style=\"font-size: 12pt;\"><em>\u201eM\u00f4\u017eete vidie\u0165, \u017ee do v\u00e1\u0161ho t\u00edmu prinesie v\u00e1\u0161e\u0148. V tejto f\u00e1ze ve\u013ek\u00e9ho projektu \u0161tadi\u00f3na mus\u00edte \u00eds\u0165 za sk\u00fasenos\u0165ami a v\u00ed\u0165aznou mentalitou. Som najv\u00e4\u010d\u0161\u00ed fan\u00fa\u0161ik a vo v\u00e4\u010d\u0161ine pr\u00edpadov som na fan\u00fa\u0161ikov reagoval, ke\u010f do\u0161lo k nespokojnosti. Ke\u010f sa konali zhroma\u017edenia a transparenty proti Mart\u00ednezovi, konal som. Ke\u010f som chcel dosta\u0165 sp\u00e4\u0165 Davida Moyesa a boli protesty, nevzal som ho.\u201c<\/em><\/span><\/p>\n<p><span style=\"font-size: 12pt;\"><em>\u201eAle toto je pr\u00edpad, ke\u010f si mysl\u00edm, \u017ee t\u00e1 spojitos\u0165 je ve\u013emi vzdialen\u00e1. Bol rovnako v\u00e1\u0161niv\u00fdm mana\u017e\u00e9rom Liverpoolu, Neapolu, Valencie alebo Realu Madrid. Je to profesion\u00e1lny a oddan\u00fd mana\u017e\u00e9r, ktor\u00fd d\u00e1va svoju du\u0161u ka\u017ed\u00e9mu klubu, v ktorom bol. Mus\u00edte si vybera\u0165 profesion\u00e1lov, ktor\u00ed s\u00fa oddan\u00ed a d\u00e1vaj\u00fa t\u00edmu v\u0161etko. A on je zamilovan\u00fd do mesta Liverpool, ani nie tak do konkr\u00e9tneho klubu.\u201c<\/em><\/span><\/p>\n<p><span style=\"font-size: 12pt;\"><em>\u201eV\u0161etci fan\u00fa\u0161ikovia, a ja som najv\u00e4\u010d\u0161\u00ed fan\u00fa\u0161ik, si za\u010dn\u00fa v\u00e1\u017ei\u0165 toho, ak\u00fd je. Ten mu\u017e bude prv\u00fd a posledn\u00fd na Finch Farm, ktor\u00fd d\u00e1 v\u0161etko. Ak\u00e9 s\u00fa krit\u00e9ri\u00e1? Sk\u00fasenosti z Premier League, vyhr\u00e1vanie trofej\u00ed, obetavos\u0165, poznanie mesta a v\u00fdkonnos\u0165. Aj v Newcastli pracoval s mal\u00fdm rozpo\u010dtom, pri\u0161iel z Championship a skon\u010dil desiaty. Schopnos\u0165 prejs\u0165 z Realu Madrid a zost\u00fapi\u0165 do ni\u017e\u0161ej div\u00edzie ako Premier League, to ukazuje iba robustn\u00fa mentalitu.\u201c<\/em><\/span><\/p>\n<p><em><span style=\"font-size: 12pt;\">\u201eBolo to \u0165a\u017ek\u00e9, preto\u017ee sme Carla priviedli s ve\u013ek\u00fdm \u00fasil\u00edm a n\u00e1hly odchod naru\u0161il klub a v\u0161etky na\u0161e pl\u00e1ny. Postavili sme tento t\u00edm pre neho a toto s\u00fa ve\u013ek\u00e9, ve\u013ek\u00e9 naru\u0161enia. Nemohli sme si dovoli\u0165 \u010fal\u0161ie kr\u00e1tkodob\u00e9 mana\u017e\u00e9rske obdobie, tak\u017ee sme h\u013eadali tvrdo. Pozreli sme sa na to\u013eko mana\u017e\u00e9rov, porovnali ich s klubom, ich schopnos\u0165ami a on bol jedin\u00fd, kto sp\u013a\u0148al v\u0161etky po\u017eiadavky. V\u017edy m\u00f4\u017eete riskova\u0165, ale nakoniec sme spokojn\u00ed, \u017ee sme si spravili svoju pr\u00e1cu.&#8220;<\/span><br \/>\n<\/em><\/p><\/blockquote>\n<p style=\"text-align: right;\"><span style=\"font-size: 8pt;\">(fotozrdroj: uk.sports.yahoo.com)<\/span><\/p>\n","protected":false},"excerpt":{"rendered":"<p>Pri menovan\u00ed Ben\u00edteza do role mana\u017e\u00e9ra Evertonu poskytol rozhovor\u00a0pre ofici\u00e1lny web majite\u013e klubu. Pochopite\u013ene, zd\u00f4veril sa tie\u017e Jimovi Whiteovi pre TalkSPORT.<\/p>\n","protected":false},"author":1,"featured_media":15691,"comment_status":"open","ping_status":"closed","sticky":false,"template":"","format":"standard","meta":{"_eb_attr":"","_monsterinsights_skip_tracking":false,"_monsterinsights_sitenote_active":false,"_monsterinsights_sitenote_note":"","_monsterinsights_sitenote_category":0,"footnotes":""},"categories":[1],"tags":[],"yoast_head":"<!-- This site is optimized with the Yoast SEO plugin v23.4 - https:\/\/yoast.com\/wordpress\/plugins\/seo\/ -->\n<title>Moshiri: Oh\u00faril n\u00e1s - Official Czech &amp; Slovak Everton Supporters&#039; Club<\/title>\n<meta name=\"robots\" content=\"index, follow, max-snippet:-1, max-image-preview:large, max-video-preview:-1\" \/>\n<link rel=\"canonical\" href=\"https:\/\/evertonfc.cz\/index.php\/2021\/07\/03\/moshiri-ohuril-nas\/\" \/>\n<meta property=\"og:locale\" content=\"cs_CZ\" \/>\n<meta property=\"og:type\" content=\"article\" \/>\n<meta property=\"og:title\" content=\"Moshiri: Oh\u00faril n\u00e1s - Official Czech &amp; Slovak Everton Supporters&#039; Club\" \/>\n<meta property=\"og:description\" content=\"Pri menovan\u00ed Ben\u00edteza do role mana\u017e\u00e9ra Evertonu poskytol rozhovor\u00a0pre ofici\u00e1lny web majite\u013e klubu. Pochopite\u013ene, zd\u00f4veril sa tie\u017e Jimovi Whiteovi pre TalkSPORT.\" \/>\n<meta property=\"og:url\" content=\"https:\/\/evertonfc.cz\/index.php\/2021\/07\/03\/moshiri-ohuril-nas\/\" \/>\n<meta property=\"og:site_name\" content=\"Official Czech &amp; Slovak Everton Supporters&#039; Club\" \/>\n<meta property=\"article:publisher\" content=\"https:\/\/www.facebook.com\/everton.fans.cz.sk\" \/>\n<meta property=\"article:published_time\" content=\"2021-07-03T12:03:55+00:00\" \/>\n<meta property=\"article:modified_time\" content=\"2021-07-06T10:06:26+00:00\" \/>\n<meta property=\"og:image\" content=\"https:\/\/evertonfc.cz\/wp-content\/uploads\/2021\/07\/Farhad-Moshiri-uk.sports.yahoo_.com-3-7-2021.jpg\" \/>\n\t<meta property=\"og:image:width\" content=\"720\" \/>\n\t<meta property=\"og:image:height\" content=\"405\" \/>\n\t<meta property=\"og:image:type\" content=\"image\/jpeg\" \/>\n<meta name=\"author\" content=\"BlueBlooded\" \/>\n<meta name=\"twitter:card\" content=\"summary_large_image\" \/>\n<meta name=\"twitter:label1\" content=\"Napsal(a)\" \/>\n\t<meta name=\"twitter:data1\" content=\"BlueBlooded\" \/>\n\t<meta name=\"twitter:label2\" content=\"Odhadovan\u00e1 doba \u010dten\u00ed\" \/>\n\t<meta name=\"twitter:data2\" content=\"5 minut\" \/>\n<script type=\"application\/ld+json\" class=\"yoast-schema-graph\">{\"@context\":\"https:\/\/schema.org\",\"@graph\":[{\"@type\":\"Article\",\"@id\":\"https:\/\/evertonfc.cz\/index.php\/2021\/07\/03\/moshiri-ohuril-nas\/#article\",\"isPartOf\":{\"@id\":\"https:\/\/evertonfc.cz\/index.php\/2021\/07\/03\/moshiri-ohuril-nas\/\"},\"author\":{\"name\":\"BlueBlooded\",\"@id\":\"https:\/\/evertonfc.cz\/#\/schema\/person\/d4493b8cbea51532597fbc4685698916\"},\"headline\":\"Moshiri: Oh\u00faril n\u00e1s\",\"datePublished\":\"2021-07-03T12:03:55+00:00\",\"dateModified\":\"2021-07-06T10:06:26+00:00\",\"mainEntityOfPage\":{\"@id\":\"https:\/\/evertonfc.cz\/index.php\/2021\/07\/03\/moshiri-ohuril-nas\/\"},\"wordCount\":1365,\"commentCount\":3,\"publisher\":{\"@id\":\"https:\/\/evertonfc.cz\/#organization\"},\"image\":{\"@id\":\"https:\/\/evertonfc.cz\/index.php\/2021\/07\/03\/moshiri-ohuril-nas\/#primaryimage\"},\"thumbnailUrl\":\"https:\/\/evertonfc.cz\/wp-content\/uploads\/2021\/07\/Farhad-Moshiri-uk.sports.yahoo_.com-3-7-2021.jpg\",\"articleSection\":[\"Rozhovory\"],\"inLanguage\":\"cs\",\"potentialAction\":[{\"@type\":\"CommentAction\",\"name\":\"Comment\",\"target\":[\"https:\/\/evertonfc.cz\/index.php\/2021\/07\/03\/moshiri-ohuril-nas\/#respond\"]}]},{\"@type\":\"WebPage\",\"@id\":\"https:\/\/evertonfc.cz\/index.php\/2021\/07\/03\/moshiri-ohuril-nas\/\",\"url\":\"https:\/\/evertonfc.cz\/index.php\/2021\/07\/03\/moshiri-ohuril-nas\/\",\"name\":\"Moshiri: Oh\u00faril n\u00e1s - Official Czech &amp; Slovak Everton Supporters&#039; Club\",\"isPartOf\":{\"@id\":\"https:\/\/evertonfc.cz\/#website\"},\"primaryImageOfPage\":{\"@id\":\"https:\/\/evertonfc.cz\/index.php\/2021\/07\/03\/moshiri-ohuril-nas\/#primaryimage\"},\"image\":{\"@id\":\"https:\/\/evertonfc.cz\/index.php\/2021\/07\/03\/moshiri-ohuril-nas\/#primaryimage\"},\"thumbnailUrl\":\"https:\/\/evertonfc.cz\/wp-content\/uploads\/2021\/07\/Farhad-Moshiri-uk.sports.yahoo_.com-3-7-2021.jpg\",\"datePublished\":\"2021-07-03T12:03:55+00:00\",\"dateModified\":\"2021-07-06T10:06:26+00:00\",\"breadcrumb\":{\"@id\":\"https:\/\/evertonfc.cz\/index.php\/2021\/07\/03\/moshiri-ohuril-nas\/#breadcrumb\"},\"inLanguage\":\"cs\",\"potentialAction\":[{\"@type\":\"ReadAction\",\"target\":[\"https:\/\/evertonfc.cz\/index.php\/2021\/07\/03\/moshiri-ohuril-nas\/\"]}]},{\"@type\":\"ImageObject\",\"inLanguage\":\"cs\",\"@id\":\"https:\/\/evertonfc.cz\/index.php\/2021\/07\/03\/moshiri-ohuril-nas\/#primaryimage\",\"url\":\"https:\/\/evertonfc.cz\/wp-content\/uploads\/2021\/07\/Farhad-Moshiri-uk.sports.yahoo_.com-3-7-2021.jpg\",\"contentUrl\":\"https:\/\/evertonfc.cz\/wp-content\/uploads\/2021\/07\/Farhad-Moshiri-uk.sports.yahoo_.com-3-7-2021.jpg\",\"width\":720,\"height\":405},{\"@type\":\"BreadcrumbList\",\"@id\":\"https:\/\/evertonfc.cz\/index.php\/2021\/07\/03\/moshiri-ohuril-nas\/#breadcrumb\",\"itemListElement\":[{\"@type\":\"ListItem\",\"position\":1,\"name\":\"Home\",\"item\":\"https:\/\/evertonfc.cz\/\"},{\"@type\":\"ListItem\",\"position\":2,\"name\":\"Moshiri: Oh\u00faril n\u00e1s\"}]},{\"@type\":\"WebSite\",\"@id\":\"https:\/\/evertonfc.cz\/#website\",\"url\":\"https:\/\/evertonfc.cz\/\",\"name\":\"Official Czech &amp; Slovak Everton Supporters&#039; Club\",\"description\":\"\",\"publisher\":{\"@id\":\"https:\/\/evertonfc.cz\/#organization\"},\"potentialAction\":[{\"@type\":\"SearchAction\",\"target\":{\"@type\":\"EntryPoint\",\"urlTemplate\":\"https:\/\/evertonfc.cz\/?s={search_term_string}\"},\"query-input\":{\"@type\":\"PropertyValueSpecification\",\"valueRequired\":true,\"valueName\":\"search_term_string\"}}],\"inLanguage\":\"cs\"},{\"@type\":\"Organization\",\"@id\":\"https:\/\/evertonfc.cz\/#organization\",\"name\":\"Official Czech & Slovak Everton Supporters' Club\",\"url\":\"https:\/\/evertonfc.cz\/\",\"logo\":{\"@type\":\"ImageObject\",\"inLanguage\":\"cs\",\"@id\":\"https:\/\/evertonfc.cz\/#\/schema\/logo\/image\/\",\"url\":\"https:\/\/evertonfc.cz\/wp-content\/uploads\/2019\/05\/logo.png\",\"contentUrl\":\"https:\/\/evertonfc.cz\/wp-content\/uploads\/2019\/05\/logo.png\",\"width\":112,\"height\":112,\"caption\":\"Official Czech & Slovak Everton Supporters' Club\"},\"image\":{\"@id\":\"https:\/\/evertonfc.cz\/#\/schema\/logo\/image\/\"},\"sameAs\":[\"https:\/\/www.facebook.com\/everton.fans.cz.sk\"]},{\"@type\":\"Person\",\"@id\":\"https:\/\/evertonfc.cz\/#\/schema\/person\/d4493b8cbea51532597fbc4685698916\",\"name\":\"BlueBlooded\",\"url\":\"https:\/\/evertonfc.cz\/index.php\/author\/admin\/\"}]}<\/script>\n<!-- \/ Yoast SEO plugin. -->","yoast_head_json":{"title":"Moshiri: Oh\u00faril n\u00e1s - Official Czech &amp; Slovak Everton Supporters&#039; Club","robots":{"index":"index","follow":"follow","max-snippet":"max-snippet:-1","max-image-preview":"max-image-preview:large","max-video-preview":"max-video-preview:-1"},"canonical":"https:\/\/evertonfc.cz\/index.php\/2021\/07\/03\/moshiri-ohuril-nas\/","og_locale":"cs_CZ","og_type":"article","og_title":"Moshiri: Oh\u00faril n\u00e1s - Official Czech &amp; Slovak Everton Supporters&#039; Club","og_description":"Pri menovan\u00ed Ben\u00edteza do role mana\u017e\u00e9ra Evertonu poskytol rozhovor\u00a0pre ofici\u00e1lny web majite\u013e klubu. Pochopite\u013ene, zd\u00f4veril sa tie\u017e Jimovi Whiteovi pre TalkSPORT.","og_url":"https:\/\/evertonfc.cz\/index.php\/2021\/07\/03\/moshiri-ohuril-nas\/","og_site_name":"Official Czech &amp; Slovak Everton Supporters&#039; Club","article_publisher":"https:\/\/www.facebook.com\/everton.fans.cz.sk","article_published_time":"2021-07-03T12:03:55+00:00","article_modified_time":"2021-07-06T10:06:26+00:00","og_image":[{"width":720,"height":405,"url":"https:\/\/evertonfc.cz\/wp-content\/uploads\/2021\/07\/Farhad-Moshiri-uk.sports.yahoo_.com-3-7-2021.jpg","type":"image\/jpeg"}],"author":"BlueBlooded","twitter_card":"summary_large_image","twitter_misc":{"Napsal(a)":"BlueBlooded","Odhadovan\u00e1 doba \u010dten\u00ed":"5 minut"},"schema":{"@context":"https:\/\/schema.org","@graph":[{"@type":"Article","@id":"https:\/\/evertonfc.cz\/index.php\/2021\/07\/03\/moshiri-ohuril-nas\/#article","isPartOf":{"@id":"https:\/\/evertonfc.cz\/index.php\/2021\/07\/03\/moshiri-ohuril-nas\/"},"author":{"name":"BlueBlooded","@id":"https:\/\/evertonfc.cz\/#\/schema\/person\/d4493b8cbea51532597fbc4685698916"},"headline":"Moshiri: Oh\u00faril n\u00e1s","datePublished":"2021-07-03T12:03:55+00:00","dateModified":"2021-07-06T10:06:26+00:00","mainEntityOfPage":{"@id":"https:\/\/evertonfc.cz\/index.php\/2021\/07\/03\/moshiri-ohuril-nas\/"},"wordCount":1365,"commentCount":3,"publisher":{"@id":"https:\/\/evertonfc.cz\/#organization"},"image":{"@id":"https:\/\/evertonfc.cz\/index.php\/2021\/07\/03\/moshiri-ohuril-nas\/#primaryimage"},"thumbnailUrl":"https:\/\/evertonfc.cz\/wp-content\/uploads\/2021\/07\/Farhad-Moshiri-uk.sports.yahoo_.com-3-7-2021.jpg","articleSection":["Rozhovory"],"inLanguage":"cs","potentialAction":[{"@type":"CommentAction","name":"Comment","target":["https:\/\/evertonfc.cz\/index.php\/2021\/07\/03\/moshiri-ohuril-nas\/#respond"]}]},{"@type":"WebPage","@id":"https:\/\/evertonfc.cz\/index.php\/2021\/07\/03\/moshiri-ohuril-nas\/","url":"https:\/\/evertonfc.cz\/index.php\/2021\/07\/03\/moshiri-ohuril-nas\/","name":"Moshiri: Oh\u00faril n\u00e1s - Official Czech &amp; Slovak Everton Supporters&#039; Club","isPartOf":{"@id":"https:\/\/evertonfc.cz\/#website"},"primaryImageOfPage":{"@id":"https:\/\/evertonfc.cz\/index.php\/2021\/07\/03\/moshiri-ohuril-nas\/#primaryimage"},"image":{"@id":"https:\/\/evertonfc.cz\/index.php\/2021\/07\/03\/moshiri-ohuril-nas\/#primaryimage"},"thumbnailUrl":"https:\/\/evertonfc.cz\/wp-content\/uploads\/2021\/07\/Farhad-Moshiri-uk.sports.yahoo_.com-3-7-2021.jpg","datePublished":"2021-07-03T12:03:55+00:00","dateModified":"2021-07-06T10:06:26+00:00","breadcrumb":{"@id":"https:\/\/evertonfc.cz\/index.php\/2021\/07\/03\/moshiri-ohuril-nas\/#breadcrumb"},"inLanguage":"cs","potentialAction":[{"@type":"ReadAction","target":["https:\/\/evertonfc.cz\/index.php\/2021\/07\/03\/moshiri-ohuril-nas\/"]}]},{"@type":"ImageObject","inLanguage":"cs","@id":"https:\/\/evertonfc.cz\/index.php\/2021\/07\/03\/moshiri-ohuril-nas\/#primaryimage","url":"https:\/\/evertonfc.cz\/wp-content\/uploads\/2021\/07\/Farhad-Moshiri-uk.sports.yahoo_.com-3-7-2021.jpg","contentUrl":"https:\/\/evertonfc.cz\/wp-content\/uploads\/2021\/07\/Farhad-Moshiri-uk.sports.yahoo_.com-3-7-2021.jpg","width":720,"height":405},{"@type":"BreadcrumbList","@id":"https:\/\/evertonfc.cz\/index.php\/2021\/07\/03\/moshiri-ohuril-nas\/#breadcrumb","itemListElement":[{"@type":"ListItem","position":1,"name":"Home","item":"https:\/\/evertonfc.cz\/"},{"@type":"ListItem","position":2,"name":"Moshiri: Oh\u00faril n\u00e1s"}]},{"@type":"WebSite","@id":"https:\/\/evertonfc.cz\/#website","url":"https:\/\/evertonfc.cz\/","name":"Official Czech &amp; Slovak Everton Supporters&#039; Club","description":"","publisher":{"@id":"https:\/\/evertonfc.cz\/#organization"},"potentialAction":[{"@type":"SearchAction","target":{"@type":"EntryPoint","urlTemplate":"https:\/\/evertonfc.cz\/?s={search_term_string}"},"query-input":{"@type":"PropertyValueSpecification","valueRequired":true,"valueName":"search_term_string"}}],"inLanguage":"cs"},{"@type":"Organization","@id":"https:\/\/evertonfc.cz\/#organization","name":"Official Czech & Slovak Everton Supporters' Club","url":"https:\/\/evertonfc.cz\/","logo":{"@type":"ImageObject","inLanguage":"cs","@id":"https:\/\/evertonfc.cz\/#\/schema\/logo\/image\/","url":"https:\/\/evertonfc.cz\/wp-content\/uploads\/2019\/05\/logo.png","contentUrl":"https:\/\/evertonfc.cz\/wp-content\/uploads\/2019\/05\/logo.png","width":112,"height":112,"caption":"Official Czech & Slovak Everton Supporters' Club"},"image":{"@id":"https:\/\/evertonfc.cz\/#\/schema\/logo\/image\/"},"sameAs":["https:\/\/www.facebook.com\/everton.fans.cz.sk"]},{"@type":"Person","@id":"https:\/\/evertonfc.cz\/#\/schema\/person\/d4493b8cbea51532597fbc4685698916","name":"BlueBlooded","url":"https:\/\/evertonfc.cz\/index.php\/author\/admin\/"}]}},"_links":{"self":[{"href":"https:\/\/evertonfc.cz\/index.php\/wp-json\/wp\/v2\/posts\/15690"}],"collection":[{"href":"https:\/\/evertonfc.cz\/index.php\/wp-json\/wp\/v2\/posts"}],"about":[{"href":"https:\/\/evertonfc.cz\/index.php\/wp-json\/wp\/v2\/types\/post"}],"author":[{"embeddable":true,"href":"https:\/\/evertonfc.cz\/index.php\/wp-json\/wp\/v2\/users\/1"}],"replies":[{"embeddable":true,"href":"https:\/\/evertonfc.cz\/index.php\/wp-json\/wp\/v2\/comments?post=15690"}],"version-history":[{"count":9,"href":"https:\/\/evertonfc.cz\/index.php\/wp-json\/wp\/v2\/posts\/15690\/revisions"}],"predecessor-version":[{"id":15714,"href":"https:\/\/evertonfc.cz\/index.php\/wp-json\/wp\/v2\/posts\/15690\/revisions\/15714"}],"wp:featuredmedia":[{"embeddable":true,"href":"https:\/\/evertonfc.cz\/index.php\/wp-json\/wp\/v2\/media\/15691"}],"wp:attachment":[{"href":"https:\/\/evertonfc.cz\/index.php\/wp-json\/wp\/v2\/media?parent=15690"}],"wp:term":[{"taxonomy":"category","embeddable":true,"href":"https:\/\/evertonfc.cz\/index.php\/wp-json\/wp\/v2\/categories?post=15690"},{"taxonomy":"post_tag","embeddable":true,"href":"https:\/\/evertonfc.cz\/index.php\/wp-json\/wp\/v2\/tags?post=15690"}],"curies":[{"name":"wp","href":"https:\/\/api.w.org\/{rel}","templated":true}]}}