{"id":15699,"date":"2021-07-05T12:32:04","date_gmt":"2021-07-05T10:32:04","guid":{"rendered":"https:\/\/evertonfc.cz\/?p=15699"},"modified":"2021-07-05T20:51:18","modified_gmt":"2021-07-05T18:51:18","slug":"prve-slova-beniteza","status":"publish","type":"post","link":"https:\/\/evertonfc.cz\/index.php\/2021\/07\/05\/prve-slova-beniteza\/","title":{"rendered":"Prv\u00e9 slov\u00e1 Ben\u00edteza"},"content":{"rendered":"<h4>\u00davodn\u00fd rozhovor nov\u00e9ho \u0161panielskeho tr\u00e9nera v\u00a0Goodison Parku pre ofici\u00e1lny web klubu. Prip\u00e1jame aj vyjadrenie \u0161portov\u00e9ho riadite\u013ea Brandsa, ktor\u00fd mu s\u013e\u00fabil podporu.<\/h4>\n<h4 style=\"text-align: center;\"><strong>\u2026<\/strong><\/h4>\n<h4><span style=\"font-size: 12pt;\"><strong>Po pr\u00edchode<\/strong><\/span><\/h4>\n<p><em>Je mi c\u0165ou, \u017ee som dostal pr\u00edle\u017eitos\u0165 tr\u00e9nova\u0165 Everton. T\u00fdm, \u017ee som posledn\u00fdch 17 rokov naz\u00fdval Merseyside moj\u00edm domovom, ve\u013emi jasne ch\u00e1pem, v \u010dom je tento klub tak\u00fd v\u00fdnimo\u010dn\u00fd. V\u017edy sa sna\u017e\u00ed by\u0165 najlep\u0161\u00ed. Len prost\u00e9 s\u00fa\u0165a\u017eenie v najvy\u0161\u0161ej lige nesta\u010d\u00ed. Zdie\u013eam t\u00fato amb\u00edciu a odhodlanie uspie\u0165. Nikdy nechcem iba s\u00fa\u0165a\u017ei\u0165 &#8211; v ka\u017edom klube, v ktorom som mana\u017eoval, som bojoval o v\u00ed\u0165azstvo. S\u00fastred\u00edm sa v\u017edy len na jednu vec &#8211; bojova\u0165 za t\u00edm, ktor\u00fd vediem. A to urob\u00edm aj pre Everton.\u00a0<\/em><em>Teraz sa za\u010d\u00edna tvrd\u00e1 pr\u00e1ca. Je to v\u00fdzva, na ktor\u00fa sa te\u0161\u00edm.<\/em><\/p>\n<h4><span style=\"font-size: 12pt;\"><strong>\u010co chce prinies\u0165 do klubu<\/strong><\/span><\/h4>\n<p><em>Vid\u00edte, \u017ee amb\u00edcie tu s\u00fa. Tento klub sa rozrast\u00e1. Pre m\u0148a to je o\u00a0tom prinies\u0165 v\u00ed\u0165azn\u00fa mentalitu, by\u0165 konkurencieschopn\u00fd, tak, \u017ee v\u0161etko je na svojom mieste na ihrisku aj mimo neho. Milujem v\u00e1\u0161e\u0148 \u013eud\u00ed, ktor\u00ed stoja za klubom. Pozn\u00e1m mesto, pozn\u00e1m Scouserov, viem, \u010do to znamen\u00e1 pre ka\u017ed\u00e9ho fan\u00fa\u0161ika s\u00fa\u0165a\u017ei\u0165 a ma\u0165 \u0161ancu vyhra\u0165. Pr\u00eds\u0165 do Evertonu je nie\u010do, \u010do ur\u010dite znamen\u00e1 ve\u013ea. Vid\u00edte amb\u00edcie majite\u013ea, predstavenstva, ka\u017ed\u00fd chce by\u0165 lep\u0161\u00ed a \u00eds\u0165 na nov\u00fd \u0161tadi\u00f3n s v\u00fdraznou podporou.<\/em><\/p>\n<p><em>Rad s\u00fa\u0165a\u017e\u00edm. R\u00e1d vyhr\u00e1vam. Pri\u0161iel som z\u00a0akad\u00e9mie Realu Madrid [ako hr\u00e1\u010d aj tr\u00e9ner] a tam u\u017e existuje v\u00ed\u0165azn\u00e1 mentalita. Spolu s tr\u00e9nersk\u00fdm \u0161t\u00e1bom sme vyhrali 13 titulov, preto\u017ee m\u00e1me t\u00fato mentalitu a\u00a0ja st\u00e1le chcem vyhr\u00e1va\u0165. Do Evertonu som pri\u0161iel, preto\u017ee sa mi p\u00e1\u010dila my\u0161lienka by\u0165 op\u00e4\u0165 konkurencieschopn\u00fd &#8211; ma\u0165 \u0161ancu s\u00fa\u0165a\u017ei\u0165 v\u00a0ka\u017edom z\u00e1pase, s\u00fa\u0165a\u017ei\u0165 proti komuko\u013evek.<\/em><\/p>\n<h4><span style=\"font-size: 12pt;\"><strong>O\u00a0podpore t\u00edmu fan\u00fa\u0161ikmi <\/strong><\/span><\/h4>\n<p><em>Cel\u00fd \u017eivot tvrdo pracujem, sna\u017e\u00edm sa by\u0165 \u00faspe\u0161n\u00fd, a mal som to \u0161\u0165astie, \u017ee som bol \u00faspe\u0161n\u00fd v r\u00f4znych krajin\u00e1ch. Pok\u00fasim sa o to svojimi sk\u00fasenos\u0165ami a znalos\u0165ami mesta, fan\u00fa\u0161ikov a Premier League. Ak m\u00e1te ve\u013emi dobr\u00fdch hr\u00e1\u010dov, ide o ich mana\u017eovanie. Ak mus\u00edte zlep\u0161i\u0165 svojich hr\u00e1\u010dov, mus\u00edte to urobi\u0165 a z\u00e1rove\u0148 prinies\u0165 nejak\u00e9 akviz\u00edcie, ktor\u00e9 dodaj\u00fa t\u00edmu v\u00e4\u010d\u0161iu kvalitu, ale aj spr\u00e1vnu mentalitu.<\/em><\/p>\n<p><em>Chcete hr\u00e1\u010dov so spr\u00e1vnym charakterom, tak\u017ee si m\u00f4\u017eete by\u0165 ist\u00ed, \u017ee ka\u017ed\u00fd m\u00e1 rovnak\u00fd z\u00e1mer &#8211; \u00eds\u0165 na ihrisko, aby vydal v\u0161etko. To fan\u00fa\u0161ikovia o\u010dak\u00e1vaj\u00fa. Potrebujeme aby fan\u00fa\u0161ikovia st\u00e1li za t\u00edmom a mysl\u00edm si, \u017ee bud\u00fa.<\/em><\/p>\n<h4><span style=\"font-size: 12pt;\"><strong>O\u00a0konexii s Liverpoolom<\/strong><\/span><\/h4>\n<p><em>Bol som v Madride, Neapole, Valencii, Tenerife, Extremadure a v Liverpoole. Za ka\u017ed\u00fd jeden klub, v ktorom som bol, som bojoval. Ak budete analyzova\u0165 veci v s\u00favislostiach, od mana\u017e\u00e9ra \u010dak\u00e1te, \u017ee bude bojova\u0165 za svoj klub, a ja to urob\u00edm. Som tu, budem bojova\u0165 za svoj klub, budem sa sna\u017ei\u0165 vyhra\u0165 ka\u017ed\u00fd jeden z\u00e1pas a nez\u00e1le\u017e\u00ed na tom, kto s\u00fa s\u00faperi alebo rivali. Je to nie\u010do, \u010do mus\u00edte urobi\u0165, je to va\u0161a prirodzenos\u0165, \u017ee sa mus\u00edte pok\u00fasi\u0165 urobi\u0165 maximum. A preto ma ve\u013ea fan\u00fa\u0161ikov v mnoh\u00fdch z t\u00fdchto miest miluje. Dal som za nich v\u0161etko. V kontexte je teda zrejm\u00e9, \u017ee urob\u00edm to ist\u00e9 pre Everton.<\/em><\/p>\n<h4><span style=\"font-size: 12pt;\"><strong>O\u00a0d\u00f4le\u017eitosti Fergusona<\/strong><\/span><\/h4>\n<p><em>Mysl\u00edm si, \u017ee Duncan bude pre n\u00e1s z\u00e1sadn\u00fd. Pozn\u00e1 klub, fan\u00fa\u0161ikov, mentalitu. M\u00f4\u017ee s nami spolupracova\u0165. M\u00f4\u017eeme sa od neho u\u010di\u0165 a on zase od n\u00e1s, so sk\u00fasenos\u0165ami, ktor\u00e9 m\u00e1me v r\u00f4znych krajin\u00e1ch a lig\u00e1ch.<\/em><\/p>\n<h4><span style=\"font-size: 12pt;\"><strong>Spolupr\u00e1ca s\u00a0Marcelom Brandsom<\/strong><\/span><\/h4>\n<p><em>Roky som pracoval v \u0160panielsku so \u0161portov\u00fdm riadite\u013eom. Marcel je profesion\u00e1l, ja som profesion\u00e1l. Budeme spolupracova\u0165, stret\u00e1va\u0165 sa a rozpr\u00e1va\u0165 o smerovan\u00ed klubu, o tom, \u010do mus\u00edme urobi\u0165 v bud\u00facnosti, o hr\u00e1\u010doch. Komunik\u00e1cia medzi nami mus\u00ed by\u0165 plynul\u00e1 a mus\u00edme by\u0165\u00a0 neust\u00e1le v kontakte. Som skuto\u010dne pote\u0161en\u00fd z tejto \u0161trukt\u00fary. U\u017e som s n\u00edm bol v kontakte a m\u00e1m pl\u00e1n.<\/em><\/p>\n<h4 style=\"text-align: center;\"><strong>\u2026<\/strong><\/h4>\n<h4><strong>Marcel Brands, \u0161portov\u00fd riadite\u013e Evertonu:<\/strong><\/h4>\n<blockquote><p><span style=\"font-size: 12pt;\"><em>\u201eMysl\u00edm si, \u017ee je v\u017edy v\u00fdhodou, ak m\u00e1te sk\u00fasenosti s vyhr\u00e1van\u00edm trofej\u00ed, preto\u017ee to je v\u017edy nie\u010do \u0161peci\u00e1lne. D\u00fafam, \u017ee jeho sk\u00fasenosti n\u00e1m pom\u00f4\u017eu z\u00edska\u0165 \u00faspechy, ktor\u00e9 sme h\u013eadali. \u00darove\u0148 Premier League sa ka\u017ed\u00fd rok zvy\u0161uje. T\u00edm, person\u00e1l a mana\u017e\u00e9r by mali by\u0165 na najvy\u0161\u0161ej \u00farovni. Jeho sk\u00fasenosti a skuto\u010dnos\u0165, \u017ee je 24 hod\u00edn denne zanepr\u00e1zdnen\u00fd futbalom, n\u00e1m, d\u00fafajme, pom\u00f4\u017eu uspie\u0165 v najkonkurencieschopnej\u0161ej lige na svete. Ke\u010f sa pozriete na v\u010deraj\u0161\u00ed z\u00e1pas Anglicka <\/em>[pozn. red. &#8211; v\u00fdhra 2:0 nad Nemeckom]<em>, ich kvalita v zostave na ihrisku a na lavi\u010dke je neuverite\u013en\u00e1. Mysl\u00edm si, \u017ee sa to odzrkad\u013euje v celej Premier League.\u201c<\/em><\/span><\/p>\n<p><span style=\"font-size: 12pt;\"><em>\u201eBohu\u017eia\u013e, za tie tri roky, \u010do pracujem pre Everton, sme u\u017e mali troch r\u00f4znych mana\u017e\u00e9rov. D\u00fafajme, \u017ee teraz s nov\u00fdm mana\u017e\u00e9rom dok\u00e1\u017eeme vytvori\u0165 stabilitu na dlh\u0161ie obdobie. Mojou \u00falohou je \u010do najlep\u0161ie podporova\u0165 mana\u017e\u00e9ra, zamestnancov a futbalov\u00e9 oddelenie. D\u00fafam, \u017ee moje sk\u00fasenosti mu tie\u017e pom\u00f4\u017eu. Mysl\u00edm si, \u017ee jednou z mojich najd\u00f4le\u017eitej\u0161\u00edch schopnost\u00ed je, \u017ee mi mana\u017e\u00e9r m\u00f4\u017ee d\u00f4verova\u0165, \u017ee budem v\u017edy \u00faprimn\u00fd. Integrita je pre m\u0148a k\u013e\u00fa\u010dov\u00e9 slovo pri spolupr\u00e1ci s\u00a0\u013eu\u010fmi. Nielen s mana\u017e\u00e9rom, ale aj s \u013eu\u010fmi okolo m\u0148a. To je to, \u010do som urobil za posledn\u00fdch 25 rokov a to budem robi\u0165 v\u017edy. Som niekto, na koho sa \u013eudia m\u00f4\u017eu spo\u013eahn\u00fa\u0165, a to budem robi\u0165 aj pri Rafovi.\u201c<\/em><\/span><\/p><\/blockquote>\n<p style=\"text-align: right;\"><span style=\"font-size: 8pt;\">(fotozdroj: Tony McArdle\/Everton FC)<\/span><\/p>\n","protected":false},"excerpt":{"rendered":"<p>\u00davodn\u00fd rozhovor nov\u00e9ho \u0161panielskeho tr\u00e9nera v Goodison Parku pre ofici\u00e1lny web klubu. Prip\u00e1jame aj vyjadrenie \u0161portov\u00e9ho riadite\u013ea Brandsa, ktor\u00fd mu s\u013e\u00fabil podporu.<\/p>\n","protected":false},"author":1,"featured_media":15706,"comment_status":"open","ping_status":"closed","sticky":false,"template":"","format":"standard","meta":{"_eb_attr":"","_monsterinsights_skip_tracking":false,"_monsterinsights_sitenote_active":false,"_monsterinsights_sitenote_note":"","_monsterinsights_sitenote_category":0,"footnotes":""},"categories":[1],"tags":[],"yoast_head":"<!-- This site is optimized with the Yoast SEO plugin v23.4 - https:\/\/yoast.com\/wordpress\/plugins\/seo\/ -->\n<title>Prv\u00e9 slov\u00e1 Ben\u00edteza - Official Czech &amp; Slovak Everton Supporters&#039; Club<\/title>\n<meta name=\"robots\" content=\"index, follow, max-snippet:-1, max-image-preview:large, max-video-preview:-1\" \/>\n<link rel=\"canonical\" href=\"https:\/\/evertonfc.cz\/index.php\/2021\/07\/05\/prve-slova-beniteza\/\" \/>\n<meta property=\"og:locale\" content=\"cs_CZ\" \/>\n<meta property=\"og:type\" content=\"article\" \/>\n<meta property=\"og:title\" content=\"Prv\u00e9 slov\u00e1 Ben\u00edteza - Official Czech &amp; Slovak Everton Supporters&#039; Club\" \/>\n<meta property=\"og:description\" content=\"\u00davodn\u00fd rozhovor nov\u00e9ho \u0161panielskeho tr\u00e9nera v Goodison Parku pre ofici\u00e1lny web klubu. Prip\u00e1jame aj vyjadrenie \u0161portov\u00e9ho riadite\u013ea Brandsa, ktor\u00fd mu s\u013e\u00fabil podporu.\" \/>\n<meta property=\"og:url\" content=\"https:\/\/evertonfc.cz\/index.php\/2021\/07\/05\/prve-slova-beniteza\/\" \/>\n<meta property=\"og:site_name\" content=\"Official Czech &amp; Slovak Everton Supporters&#039; Club\" \/>\n<meta property=\"article:publisher\" content=\"https:\/\/www.facebook.com\/everton.fans.cz.sk\" \/>\n<meta property=\"article:published_time\" content=\"2021-07-05T10:32:04+00:00\" \/>\n<meta property=\"article:modified_time\" content=\"2021-07-05T18:51:18+00:00\" \/>\n<meta property=\"og:image\" content=\"https:\/\/evertonfc.cz\/wp-content\/uploads\/2021\/07\/Rafael-Benitez-first-interview-Getty-Images-5-7-2021-1.jpg\" \/>\n\t<meta property=\"og:image:width\" content=\"720\" \/>\n\t<meta property=\"og:image:height\" content=\"405\" \/>\n\t<meta property=\"og:image:type\" content=\"image\/jpeg\" \/>\n<meta name=\"author\" content=\"BlueBlooded\" \/>\n<meta name=\"twitter:card\" content=\"summary_large_image\" \/>\n<meta name=\"twitter:label1\" content=\"Napsal(a)\" \/>\n\t<meta name=\"twitter:data1\" content=\"BlueBlooded\" \/>\n\t<meta name=\"twitter:label2\" content=\"Odhadovan\u00e1 doba \u010dten\u00ed\" \/>\n\t<meta name=\"twitter:data2\" content=\"4 minuty\" \/>\n<script type=\"application\/ld+json\" class=\"yoast-schema-graph\">{\"@context\":\"https:\/\/schema.org\",\"@graph\":[{\"@type\":\"Article\",\"@id\":\"https:\/\/evertonfc.cz\/index.php\/2021\/07\/05\/prve-slova-beniteza\/#article\",\"isPartOf\":{\"@id\":\"https:\/\/evertonfc.cz\/index.php\/2021\/07\/05\/prve-slova-beniteza\/\"},\"author\":{\"name\":\"BlueBlooded\",\"@id\":\"https:\/\/evertonfc.cz\/#\/schema\/person\/d4493b8cbea51532597fbc4685698916\"},\"headline\":\"Prv\u00e9 slov\u00e1 Ben\u00edteza\",\"datePublished\":\"2021-07-05T10:32:04+00:00\",\"dateModified\":\"2021-07-05T18:51:18+00:00\",\"mainEntityOfPage\":{\"@id\":\"https:\/\/evertonfc.cz\/index.php\/2021\/07\/05\/prve-slova-beniteza\/\"},\"wordCount\":1057,\"commentCount\":29,\"publisher\":{\"@id\":\"https:\/\/evertonfc.cz\/#organization\"},\"image\":{\"@id\":\"https:\/\/evertonfc.cz\/index.php\/2021\/07\/05\/prve-slova-beniteza\/#primaryimage\"},\"thumbnailUrl\":\"https:\/\/evertonfc.cz\/wp-content\/uploads\/2021\/07\/Rafael-Benitez-first-interview-Getty-Images-5-7-2021-1.jpg\",\"articleSection\":[\"Rozhovory\"],\"inLanguage\":\"cs\",\"potentialAction\":[{\"@type\":\"CommentAction\",\"name\":\"Comment\",\"target\":[\"https:\/\/evertonfc.cz\/index.php\/2021\/07\/05\/prve-slova-beniteza\/#respond\"]}]},{\"@type\":\"WebPage\",\"@id\":\"https:\/\/evertonfc.cz\/index.php\/2021\/07\/05\/prve-slova-beniteza\/\",\"url\":\"https:\/\/evertonfc.cz\/index.php\/2021\/07\/05\/prve-slova-beniteza\/\",\"name\":\"Prv\u00e9 slov\u00e1 Ben\u00edteza - Official Czech &amp; Slovak Everton Supporters&#039; Club\",\"isPartOf\":{\"@id\":\"https:\/\/evertonfc.cz\/#website\"},\"primaryImageOfPage\":{\"@id\":\"https:\/\/evertonfc.cz\/index.php\/2021\/07\/05\/prve-slova-beniteza\/#primaryimage\"},\"image\":{\"@id\":\"https:\/\/evertonfc.cz\/index.php\/2021\/07\/05\/prve-slova-beniteza\/#primaryimage\"},\"thumbnailUrl\":\"https:\/\/evertonfc.cz\/wp-content\/uploads\/2021\/07\/Rafael-Benitez-first-interview-Getty-Images-5-7-2021-1.jpg\",\"datePublished\":\"2021-07-05T10:32:04+00:00\",\"dateModified\":\"2021-07-05T18:51:18+00:00\",\"breadcrumb\":{\"@id\":\"https:\/\/evertonfc.cz\/index.php\/2021\/07\/05\/prve-slova-beniteza\/#breadcrumb\"},\"inLanguage\":\"cs\",\"potentialAction\":[{\"@type\":\"ReadAction\",\"target\":[\"https:\/\/evertonfc.cz\/index.php\/2021\/07\/05\/prve-slova-beniteza\/\"]}]},{\"@type\":\"ImageObject\",\"inLanguage\":\"cs\",\"@id\":\"https:\/\/evertonfc.cz\/index.php\/2021\/07\/05\/prve-slova-beniteza\/#primaryimage\",\"url\":\"https:\/\/evertonfc.cz\/wp-content\/uploads\/2021\/07\/Rafael-Benitez-first-interview-Getty-Images-5-7-2021-1.jpg\",\"contentUrl\":\"https:\/\/evertonfc.cz\/wp-content\/uploads\/2021\/07\/Rafael-Benitez-first-interview-Getty-Images-5-7-2021-1.jpg\",\"width\":720,\"height\":405},{\"@type\":\"BreadcrumbList\",\"@id\":\"https:\/\/evertonfc.cz\/index.php\/2021\/07\/05\/prve-slova-beniteza\/#breadcrumb\",\"itemListElement\":[{\"@type\":\"ListItem\",\"position\":1,\"name\":\"Home\",\"item\":\"https:\/\/evertonfc.cz\/\"},{\"@type\":\"ListItem\",\"position\":2,\"name\":\"Prv\u00e9 slov\u00e1 Ben\u00edteza\"}]},{\"@type\":\"WebSite\",\"@id\":\"https:\/\/evertonfc.cz\/#website\",\"url\":\"https:\/\/evertonfc.cz\/\",\"name\":\"Official Czech &amp; Slovak Everton Supporters&#039; Club\",\"description\":\"\",\"publisher\":{\"@id\":\"https:\/\/evertonfc.cz\/#organization\"},\"potentialAction\":[{\"@type\":\"SearchAction\",\"target\":{\"@type\":\"EntryPoint\",\"urlTemplate\":\"https:\/\/evertonfc.cz\/?s={search_term_string}\"},\"query-input\":{\"@type\":\"PropertyValueSpecification\",\"valueRequired\":true,\"valueName\":\"search_term_string\"}}],\"inLanguage\":\"cs\"},{\"@type\":\"Organization\",\"@id\":\"https:\/\/evertonfc.cz\/#organization\",\"name\":\"Official Czech & Slovak Everton Supporters' Club\",\"url\":\"https:\/\/evertonfc.cz\/\",\"logo\":{\"@type\":\"ImageObject\",\"inLanguage\":\"cs\",\"@id\":\"https:\/\/evertonfc.cz\/#\/schema\/logo\/image\/\",\"url\":\"https:\/\/evertonfc.cz\/wp-content\/uploads\/2019\/05\/logo.png\",\"contentUrl\":\"https:\/\/evertonfc.cz\/wp-content\/uploads\/2019\/05\/logo.png\",\"width\":112,\"height\":112,\"caption\":\"Official Czech & Slovak Everton Supporters' Club\"},\"image\":{\"@id\":\"https:\/\/evertonfc.cz\/#\/schema\/logo\/image\/\"},\"sameAs\":[\"https:\/\/www.facebook.com\/everton.fans.cz.sk\"]},{\"@type\":\"Person\",\"@id\":\"https:\/\/evertonfc.cz\/#\/schema\/person\/d4493b8cbea51532597fbc4685698916\",\"name\":\"BlueBlooded\",\"url\":\"https:\/\/evertonfc.cz\/index.php\/author\/admin\/\"}]}<\/script>\n<!-- \/ Yoast SEO plugin. -->","yoast_head_json":{"title":"Prv\u00e9 slov\u00e1 Ben\u00edteza - Official Czech &amp; Slovak Everton Supporters&#039; Club","robots":{"index":"index","follow":"follow","max-snippet":"max-snippet:-1","max-image-preview":"max-image-preview:large","max-video-preview":"max-video-preview:-1"},"canonical":"https:\/\/evertonfc.cz\/index.php\/2021\/07\/05\/prve-slova-beniteza\/","og_locale":"cs_CZ","og_type":"article","og_title":"Prv\u00e9 slov\u00e1 Ben\u00edteza - Official Czech &amp; Slovak Everton Supporters&#039; Club","og_description":"\u00davodn\u00fd rozhovor nov\u00e9ho \u0161panielskeho tr\u00e9nera v Goodison Parku pre ofici\u00e1lny web klubu. Prip\u00e1jame aj vyjadrenie \u0161portov\u00e9ho riadite\u013ea Brandsa, ktor\u00fd mu s\u013e\u00fabil podporu.","og_url":"https:\/\/evertonfc.cz\/index.php\/2021\/07\/05\/prve-slova-beniteza\/","og_site_name":"Official Czech &amp; Slovak Everton Supporters&#039; Club","article_publisher":"https:\/\/www.facebook.com\/everton.fans.cz.sk","article_published_time":"2021-07-05T10:32:04+00:00","article_modified_time":"2021-07-05T18:51:18+00:00","og_image":[{"width":720,"height":405,"url":"https:\/\/evertonfc.cz\/wp-content\/uploads\/2021\/07\/Rafael-Benitez-first-interview-Getty-Images-5-7-2021-1.jpg","type":"image\/jpeg"}],"author":"BlueBlooded","twitter_card":"summary_large_image","twitter_misc":{"Napsal(a)":"BlueBlooded","Odhadovan\u00e1 doba \u010dten\u00ed":"4 minuty"},"schema":{"@context":"https:\/\/schema.org","@graph":[{"@type":"Article","@id":"https:\/\/evertonfc.cz\/index.php\/2021\/07\/05\/prve-slova-beniteza\/#article","isPartOf":{"@id":"https:\/\/evertonfc.cz\/index.php\/2021\/07\/05\/prve-slova-beniteza\/"},"author":{"name":"BlueBlooded","@id":"https:\/\/evertonfc.cz\/#\/schema\/person\/d4493b8cbea51532597fbc4685698916"},"headline":"Prv\u00e9 slov\u00e1 Ben\u00edteza","datePublished":"2021-07-05T10:32:04+00:00","dateModified":"2021-07-05T18:51:18+00:00","mainEntityOfPage":{"@id":"https:\/\/evertonfc.cz\/index.php\/2021\/07\/05\/prve-slova-beniteza\/"},"wordCount":1057,"commentCount":29,"publisher":{"@id":"https:\/\/evertonfc.cz\/#organization"},"image":{"@id":"https:\/\/evertonfc.cz\/index.php\/2021\/07\/05\/prve-slova-beniteza\/#primaryimage"},"thumbnailUrl":"https:\/\/evertonfc.cz\/wp-content\/uploads\/2021\/07\/Rafael-Benitez-first-interview-Getty-Images-5-7-2021-1.jpg","articleSection":["Rozhovory"],"inLanguage":"cs","potentialAction":[{"@type":"CommentAction","name":"Comment","target":["https:\/\/evertonfc.cz\/index.php\/2021\/07\/05\/prve-slova-beniteza\/#respond"]}]},{"@type":"WebPage","@id":"https:\/\/evertonfc.cz\/index.php\/2021\/07\/05\/prve-slova-beniteza\/","url":"https:\/\/evertonfc.cz\/index.php\/2021\/07\/05\/prve-slova-beniteza\/","name":"Prv\u00e9 slov\u00e1 Ben\u00edteza - Official Czech &amp; Slovak Everton Supporters&#039; Club","isPartOf":{"@id":"https:\/\/evertonfc.cz\/#website"},"primaryImageOfPage":{"@id":"https:\/\/evertonfc.cz\/index.php\/2021\/07\/05\/prve-slova-beniteza\/#primaryimage"},"image":{"@id":"https:\/\/evertonfc.cz\/index.php\/2021\/07\/05\/prve-slova-beniteza\/#primaryimage"},"thumbnailUrl":"https:\/\/evertonfc.cz\/wp-content\/uploads\/2021\/07\/Rafael-Benitez-first-interview-Getty-Images-5-7-2021-1.jpg","datePublished":"2021-07-05T10:32:04+00:00","dateModified":"2021-07-05T18:51:18+00:00","breadcrumb":{"@id":"https:\/\/evertonfc.cz\/index.php\/2021\/07\/05\/prve-slova-beniteza\/#breadcrumb"},"inLanguage":"cs","potentialAction":[{"@type":"ReadAction","target":["https:\/\/evertonfc.cz\/index.php\/2021\/07\/05\/prve-slova-beniteza\/"]}]},{"@type":"ImageObject","inLanguage":"cs","@id":"https:\/\/evertonfc.cz\/index.php\/2021\/07\/05\/prve-slova-beniteza\/#primaryimage","url":"https:\/\/evertonfc.cz\/wp-content\/uploads\/2021\/07\/Rafael-Benitez-first-interview-Getty-Images-5-7-2021-1.jpg","contentUrl":"https:\/\/evertonfc.cz\/wp-content\/uploads\/2021\/07\/Rafael-Benitez-first-interview-Getty-Images-5-7-2021-1.jpg","width":720,"height":405},{"@type":"BreadcrumbList","@id":"https:\/\/evertonfc.cz\/index.php\/2021\/07\/05\/prve-slova-beniteza\/#breadcrumb","itemListElement":[{"@type":"ListItem","position":1,"name":"Home","item":"https:\/\/evertonfc.cz\/"},{"@type":"ListItem","position":2,"name":"Prv\u00e9 slov\u00e1 Ben\u00edteza"}]},{"@type":"WebSite","@id":"https:\/\/evertonfc.cz\/#website","url":"https:\/\/evertonfc.cz\/","name":"Official Czech &amp; Slovak Everton Supporters&#039; Club","description":"","publisher":{"@id":"https:\/\/evertonfc.cz\/#organization"},"potentialAction":[{"@type":"SearchAction","target":{"@type":"EntryPoint","urlTemplate":"https:\/\/evertonfc.cz\/?s={search_term_string}"},"query-input":{"@type":"PropertyValueSpecification","valueRequired":true,"valueName":"search_term_string"}}],"inLanguage":"cs"},{"@type":"Organization","@id":"https:\/\/evertonfc.cz\/#organization","name":"Official Czech & Slovak Everton Supporters' Club","url":"https:\/\/evertonfc.cz\/","logo":{"@type":"ImageObject","inLanguage":"cs","@id":"https:\/\/evertonfc.cz\/#\/schema\/logo\/image\/","url":"https:\/\/evertonfc.cz\/wp-content\/uploads\/2019\/05\/logo.png","contentUrl":"https:\/\/evertonfc.cz\/wp-content\/uploads\/2019\/05\/logo.png","width":112,"height":112,"caption":"Official Czech & Slovak Everton Supporters' Club"},"image":{"@id":"https:\/\/evertonfc.cz\/#\/schema\/logo\/image\/"},"sameAs":["https:\/\/www.facebook.com\/everton.fans.cz.sk"]},{"@type":"Person","@id":"https:\/\/evertonfc.cz\/#\/schema\/person\/d4493b8cbea51532597fbc4685698916","name":"BlueBlooded","url":"https:\/\/evertonfc.cz\/index.php\/author\/admin\/"}]}},"_links":{"self":[{"href":"https:\/\/evertonfc.cz\/index.php\/wp-json\/wp\/v2\/posts\/15699"}],"collection":[{"href":"https:\/\/evertonfc.cz\/index.php\/wp-json\/wp\/v2\/posts"}],"about":[{"href":"https:\/\/evertonfc.cz\/index.php\/wp-json\/wp\/v2\/types\/post"}],"author":[{"embeddable":true,"href":"https:\/\/evertonfc.cz\/index.php\/wp-json\/wp\/v2\/users\/1"}],"replies":[{"embeddable":true,"href":"https:\/\/evertonfc.cz\/index.php\/wp-json\/wp\/v2\/comments?post=15699"}],"version-history":[{"count":11,"href":"https:\/\/evertonfc.cz\/index.php\/wp-json\/wp\/v2\/posts\/15699\/revisions"}],"predecessor-version":[{"id":15712,"href":"https:\/\/evertonfc.cz\/index.php\/wp-json\/wp\/v2\/posts\/15699\/revisions\/15712"}],"wp:featuredmedia":[{"embeddable":true,"href":"https:\/\/evertonfc.cz\/index.php\/wp-json\/wp\/v2\/media\/15706"}],"wp:attachment":[{"href":"https:\/\/evertonfc.cz\/index.php\/wp-json\/wp\/v2\/media?parent=15699"}],"wp:term":[{"taxonomy":"category","embeddable":true,"href":"https:\/\/evertonfc.cz\/index.php\/wp-json\/wp\/v2\/categories?post=15699"},{"taxonomy":"post_tag","embeddable":true,"href":"https:\/\/evertonfc.cz\/index.php\/wp-json\/wp\/v2\/tags?post=15699"}],"curies":[{"name":"wp","href":"https:\/\/api.w.org\/{rel}","templated":true}]}}