{"id":15726,"date":"2021-07-09T19:02:30","date_gmt":"2021-07-09T17:02:30","guid":{"rendered":"https:\/\/evertonfc.cz\/?p=15726"},"modified":"2021-07-10T08:01:01","modified_gmt":"2021-07-10T06:01:01","slug":"prichazi-toni-duggan","status":"publish","type":"post","link":"https:\/\/evertonfc.cz\/index.php\/2021\/07\/09\/prichazi-toni-duggan\/","title":{"rendered":"P\u0159ich\u00e1z\u00ed Toni Duggan"},"content":{"rendered":"<h4>Everton Women to s posilov\u00e1n\u00edm t\u00fdmu mysl\u00ed v\u00e1\u017en\u011b. Na Walton Hall Park p\u0159ivedl legendu anglick\u00e9ho fotbalu Toni Duggan.<\/h4>\n<h4 style=\"text-align: center;\"><span style=\"font-size: 18pt;\">&#8230;<\/span><\/h4>\n<h4>Za\u010d\u00e1tky a Everton<\/h4>\n<p>29 let\u00e1 Toni Duggan se po letech vrac\u00ed dom\u016f. Narodila se toti\u017e v Liverpoolu a ud\u00e1v\u00e1 se, \u017ee od d\u011btstv\u00ed tou\u017eila hr\u00e1t za Reds. To se j\u00ed v\u0161ak nejen nevyplnilo, ale naopak jej\u00ed kroky vedly do Evertonu. V roce 2007 uzav\u0159ela s Evertonem svoj\u00ed prvn\u00ed seniorskou smlouvu. Debutovala jako n\u00e1hradnice p\u0159i zran\u011bn\u00ed tehdej\u0161\u00ed strikerky a hned se zapsala g\u00f3lem, kter\u00fd poslal Everton do fin\u00e1le ligov\u00e9ho poh\u00e1ru. Toni byla nejen u zlat\u00e9ho obdob\u00ed evertonsk\u00fdch \u017een, ale tak\u00e9 jej sv\u00fdmi g\u00f3ly a asistencemi velmi aktivn\u011b pom\u00e1hala tvo\u0159it. V roce 2010 vedla karamely do fin\u00e1le FA Cup, ve kter\u00e9m zdolaly Arsenal v prodlou\u017een\u00ed 3:2.\u00a0 V roce 2011 byla Toni na vrcholu sv\u00e9 kari\u00e9ry a dostala svoj\u00ed prvn\u00ed pozv\u00e1nku do seniorsk\u00e9 reprezentace. Roku 2012 se stala Anglickou hr\u00e1\u010dkou roku do 23 let, o rok pozd\u011bji byla vyhodnocena jako nejlep\u0161\u00ed hr\u00e1\u010dka Severoz\u00e1padu. V kr\u00e1lovsky modr\u00e9m dresu zaknihovala ve 40 utk\u00e1n\u00edch p\u011bkn\u00fdch 17 branek.<\/p>\n<h4>Manchester City<\/h4>\n<p>Dal\u0161\u00ed kroky jej\u00ed kari\u00e9ry vedly Toni k Citizens, za kter\u00e9 hr\u00e1la v letech 2013-2017. Za 44 utk\u00e1n\u00edch se jej\u00ed jm\u00e9no objevilo v g\u00f3lov\u00fdch z\u00e1pisech 19 kr\u00e1t, v 7 utk\u00e1ni v Champions League sk\u00f3rovala 3 kr\u00e1t. Manchester byl ale tak\u00e9 m\u00edstem nejv\u011bt\u0161\u00edho skand\u00e1lu kari\u00e9ry Duggan. Roku 2015 v\u00a0 hostinci se spoluhr\u00e1\u010dkami n\u00e1hodou potkaly legend\u00e1rn\u00edho holandsk\u00e9ho milovn\u00edka dr\u017een\u00ed m\u00ed\u010de Louise van Gaala, tehd\u00e1 mana\u017eera MUTD a na jeho \u017e\u00e1dost se s n\u00edm vyfotografovaly. Toni tuto fotografii z\u00e1hy zve\u0159ejnila na sv\u00e9m instagramov\u00e9m \u00fa\u010dtu. Bohu\u017eel si k tomuto kroku nevybral vhodnou dobu: n\u011bkolik hodin p\u0159ed jej\u00ed publikac\u00ed podlehli Citizens rud\u00fdm \u010f\u00e1bl\u016fm na Old Trafford 2:4 . Fanou\u0161ci \u017e\u00e1dali t\u00e9m\u011b\u0159 hlavu Duggan a jist\u011b jej\u00ed vylou\u010den\u00ed z t\u00fdmu, tak\u017ee ne\u0161\u0165astn\u00e9 hr\u00e1\u010dce nezbylo, ne\u017e si posypat hlavu popelem a k\u00e1t se. Fotografii lze dohledat na internetu a pro Evertonians je zaj\u00edmav\u00e1 i t\u00edm, \u017ee po lev\u00e9 stran\u011b Holan\u010fana se zub\u00ed na\u0161e dal\u0161\u00ed hv\u011bzda Izzy Christiansen. Zbytek jej\u00ed kari\u00e9ry v Manchesteru prob\u011bhl ji\u017e v poklidu. Za zm\u00ednku stoj\u00ed i utk\u00e1n\u00ed MCFC v Bristolu v roce 2017, na kter\u00e9 ne\u010dekan\u011b dorazil z Liverpoolu <a href=\"https:\/\/static.independent.co.uk\/s3fs-public\/thumbnails\/image\/2017\/05\/10\/12\/toni-duggan.jpg?w968h681\">d\u011bde\u010dek<\/a> Toni Duggan, aby svoj\u00ed vnu\u010dku p\u0159ekvapil. Co\u017e se mu opravdu povedlo a ona se mu za 360 mil dlouhou cestu odvd\u011b\u010dila hattrickem do s\u00edt\u011b Robins.<\/p>\n<h4>Barcelona a Atl\u00e9tico Madrid<\/h4>\n<p>Dv\u011b sez\u00f3ny str\u00e1vila Duggan v katal\u00e1nsk\u00e9m klubu, dv\u011b v Madridu. Tak\u00e9 na Pyrenejsk\u00e9m poloostrov\u011b si po\u010d\u00ednala velmi solidn\u011b. V obou klubech za\u017eila evropsk\u00fd fotbal, s Barcelonou roku 2019 hr\u00e1la ve fin\u00e1le Champions League, kde se spoluhr\u00e1\u010dkami podlehly Lonu 1:4. V Atl\u00e9ticu si s\u00e1hla na st\u0159\u00edbrn\u00e9 n\u00e1dob\u00ed, kdy\u017e ve fin\u00e1le \u0161pan\u011blsk\u00e9ho poh\u00e1ru \u010dervenob\u00edl\u00e9 porazili Levante 3:0.<\/p>\n<h4>Znovu Everton<\/h4>\n<p>Nejen fotbalov\u00e9 schopnosti, ale i v\u00edt\u011bzn\u00e1 mentalita a s\u00edla osobnosti Toni Duggan p\u0159im\u011bly Everton p\u0159iv\u00e9st svoj\u00ed odchovankyni po letech zp\u011bt. Tak na co v\u00edc je\u0161t\u011b \u010dekat, aby jednomu v nov\u00e9 sez\u00f3n\u011b st\u00e1lo za to sledovat d\u011bn\u00ed na Walton Hall Park? Welcome home again, Toni!<\/p>\n<p>P.S.: Abych nepopouzel fotbalov\u00e9 znalce, tak jen dod\u00e1v\u00e1m, \u017ee Toni obvykle hraje dev\u00edtku nebo k\u0159\u00eddlo. Kouk\u00e1m, \u017ee v \u010dl\u00e1nku se na to n\u011bjak nedostalo.<\/p>\n<p style=\"text-align: right;\"><span style=\"font-size: 8pt;\"><em>Zdroj: wikipedia org,<br \/>\nhttps:\/\/richathletes.com\/toni-duggan-bio-stats-net-worth\/<\/em><\/span><\/p>\n<p>&nbsp;<\/p>\n","protected":false},"excerpt":{"rendered":"<p>Everton Women to s posilov\u00e1n\u00edm t\u00fdmu mysl\u00ed v\u00e1\u017en\u011b. Na Walton Hall Park p\u0159ivedl legendu anglick\u00e9ho fotbalu Toni Duggan.<\/p>\n","protected":false},"author":26,"featured_media":15736,"comment_status":"open","ping_status":"closed","sticky":false,"template":"","format":"standard","meta":{"_eb_attr":"","_monsterinsights_skip_tracking":false,"_monsterinsights_sitenote_active":false,"_monsterinsights_sitenote_note":"","_monsterinsights_sitenote_category":0,"footnotes":""},"categories":[110],"tags":[],"yoast_head":"<!-- This site is optimized with the Yoast SEO plugin v23.4 - https:\/\/yoast.com\/wordpress\/plugins\/seo\/ -->\n<title>P\u0159ich\u00e1z\u00ed Toni Duggan - Official Czech &amp; Slovak Everton Supporters&#039; Club<\/title>\n<meta name=\"robots\" content=\"index, follow, max-snippet:-1, max-image-preview:large, max-video-preview:-1\" \/>\n<link rel=\"canonical\" href=\"https:\/\/evertonfc.cz\/index.php\/2021\/07\/09\/prichazi-toni-duggan\/\" \/>\n<meta property=\"og:locale\" content=\"cs_CZ\" \/>\n<meta property=\"og:type\" content=\"article\" \/>\n<meta property=\"og:title\" content=\"P\u0159ich\u00e1z\u00ed Toni Duggan - Official Czech &amp; Slovak Everton Supporters&#039; Club\" \/>\n<meta property=\"og:description\" content=\"Everton Women to s posilov\u00e1n\u00edm t\u00fdmu mysl\u00ed v\u00e1\u017en\u011b. Na Walton Hall Park p\u0159ivedl legendu anglick\u00e9ho fotbalu Toni Duggan.\" \/>\n<meta property=\"og:url\" content=\"https:\/\/evertonfc.cz\/index.php\/2021\/07\/09\/prichazi-toni-duggan\/\" \/>\n<meta property=\"og:site_name\" content=\"Official Czech &amp; Slovak Everton Supporters&#039; Club\" \/>\n<meta property=\"article:publisher\" content=\"https:\/\/www.facebook.com\/everton.fans.cz.sk\" \/>\n<meta property=\"article:published_time\" content=\"2021-07-09T17:02:30+00:00\" \/>\n<meta property=\"article:modified_time\" content=\"2021-07-10T06:01:01+00:00\" \/>\n<meta property=\"og:image\" content=\"https:\/\/evertonfc.cz\/wp-content\/uploads\/2021\/07\/Toni-Duggan-9_7_2021_web.jpg\" \/>\n\t<meta property=\"og:image:width\" content=\"720\" \/>\n\t<meta property=\"og:image:height\" content=\"405\" \/>\n\t<meta property=\"og:image:type\" content=\"image\/jpeg\" \/>\n<meta name=\"author\" content=\"Karamela\" \/>\n<meta name=\"twitter:card\" content=\"summary_large_image\" \/>\n<meta name=\"twitter:label1\" content=\"Napsal(a)\" \/>\n\t<meta name=\"twitter:data1\" content=\"Karamela\" \/>\n\t<meta name=\"twitter:label2\" content=\"Odhadovan\u00e1 doba \u010dten\u00ed\" \/>\n\t<meta name=\"twitter:data2\" content=\"3 minuty\" \/>\n<script type=\"application\/ld+json\" class=\"yoast-schema-graph\">{\"@context\":\"https:\/\/schema.org\",\"@graph\":[{\"@type\":\"Article\",\"@id\":\"https:\/\/evertonfc.cz\/index.php\/2021\/07\/09\/prichazi-toni-duggan\/#article\",\"isPartOf\":{\"@id\":\"https:\/\/evertonfc.cz\/index.php\/2021\/07\/09\/prichazi-toni-duggan\/\"},\"author\":{\"name\":\"Karamela\",\"@id\":\"https:\/\/evertonfc.cz\/#\/schema\/person\/e9a24a80a32efa1344dd2c4e5882185c\"},\"headline\":\"P\u0159ich\u00e1z\u00ed Toni Duggan\",\"datePublished\":\"2021-07-09T17:02:30+00:00\",\"dateModified\":\"2021-07-10T06:01:01+00:00\",\"mainEntityOfPage\":{\"@id\":\"https:\/\/evertonfc.cz\/index.php\/2021\/07\/09\/prichazi-toni-duggan\/\"},\"wordCount\":635,\"commentCount\":1,\"publisher\":{\"@id\":\"https:\/\/evertonfc.cz\/#organization\"},\"image\":{\"@id\":\"https:\/\/evertonfc.cz\/index.php\/2021\/07\/09\/prichazi-toni-duggan\/#primaryimage\"},\"thumbnailUrl\":\"https:\/\/evertonfc.cz\/wp-content\/uploads\/2021\/07\/Toni-Duggan-9_7_2021_web.jpg\",\"articleSection\":[\"Everton Women\"],\"inLanguage\":\"cs\",\"potentialAction\":[{\"@type\":\"CommentAction\",\"name\":\"Comment\",\"target\":[\"https:\/\/evertonfc.cz\/index.php\/2021\/07\/09\/prichazi-toni-duggan\/#respond\"]}]},{\"@type\":\"WebPage\",\"@id\":\"https:\/\/evertonfc.cz\/index.php\/2021\/07\/09\/prichazi-toni-duggan\/\",\"url\":\"https:\/\/evertonfc.cz\/index.php\/2021\/07\/09\/prichazi-toni-duggan\/\",\"name\":\"P\u0159ich\u00e1z\u00ed Toni Duggan - Official Czech &amp; Slovak Everton Supporters&#039; Club\",\"isPartOf\":{\"@id\":\"https:\/\/evertonfc.cz\/#website\"},\"primaryImageOfPage\":{\"@id\":\"https:\/\/evertonfc.cz\/index.php\/2021\/07\/09\/prichazi-toni-duggan\/#primaryimage\"},\"image\":{\"@id\":\"https:\/\/evertonfc.cz\/index.php\/2021\/07\/09\/prichazi-toni-duggan\/#primaryimage\"},\"thumbnailUrl\":\"https:\/\/evertonfc.cz\/wp-content\/uploads\/2021\/07\/Toni-Duggan-9_7_2021_web.jpg\",\"datePublished\":\"2021-07-09T17:02:30+00:00\",\"dateModified\":\"2021-07-10T06:01:01+00:00\",\"breadcrumb\":{\"@id\":\"https:\/\/evertonfc.cz\/index.php\/2021\/07\/09\/prichazi-toni-duggan\/#breadcrumb\"},\"inLanguage\":\"cs\",\"potentialAction\":[{\"@type\":\"ReadAction\",\"target\":[\"https:\/\/evertonfc.cz\/index.php\/2021\/07\/09\/prichazi-toni-duggan\/\"]}]},{\"@type\":\"ImageObject\",\"inLanguage\":\"cs\",\"@id\":\"https:\/\/evertonfc.cz\/index.php\/2021\/07\/09\/prichazi-toni-duggan\/#primaryimage\",\"url\":\"https:\/\/evertonfc.cz\/wp-content\/uploads\/2021\/07\/Toni-Duggan-9_7_2021_web.jpg\",\"contentUrl\":\"https:\/\/evertonfc.cz\/wp-content\/uploads\/2021\/07\/Toni-Duggan-9_7_2021_web.jpg\",\"width\":720,\"height\":405},{\"@type\":\"BreadcrumbList\",\"@id\":\"https:\/\/evertonfc.cz\/index.php\/2021\/07\/09\/prichazi-toni-duggan\/#breadcrumb\",\"itemListElement\":[{\"@type\":\"ListItem\",\"position\":1,\"name\":\"Home\",\"item\":\"https:\/\/evertonfc.cz\/\"},{\"@type\":\"ListItem\",\"position\":2,\"name\":\"P\u0159ich\u00e1z\u00ed Toni Duggan\"}]},{\"@type\":\"WebSite\",\"@id\":\"https:\/\/evertonfc.cz\/#website\",\"url\":\"https:\/\/evertonfc.cz\/\",\"name\":\"Official Czech &amp; Slovak Everton Supporters&#039; Club\",\"description\":\"\",\"publisher\":{\"@id\":\"https:\/\/evertonfc.cz\/#organization\"},\"potentialAction\":[{\"@type\":\"SearchAction\",\"target\":{\"@type\":\"EntryPoint\",\"urlTemplate\":\"https:\/\/evertonfc.cz\/?s={search_term_string}\"},\"query-input\":{\"@type\":\"PropertyValueSpecification\",\"valueRequired\":true,\"valueName\":\"search_term_string\"}}],\"inLanguage\":\"cs\"},{\"@type\":\"Organization\",\"@id\":\"https:\/\/evertonfc.cz\/#organization\",\"name\":\"Official Czech & Slovak Everton Supporters' Club\",\"url\":\"https:\/\/evertonfc.cz\/\",\"logo\":{\"@type\":\"ImageObject\",\"inLanguage\":\"cs\",\"@id\":\"https:\/\/evertonfc.cz\/#\/schema\/logo\/image\/\",\"url\":\"https:\/\/evertonfc.cz\/wp-content\/uploads\/2019\/05\/logo.png\",\"contentUrl\":\"https:\/\/evertonfc.cz\/wp-content\/uploads\/2019\/05\/logo.png\",\"width\":112,\"height\":112,\"caption\":\"Official Czech & Slovak Everton Supporters' Club\"},\"image\":{\"@id\":\"https:\/\/evertonfc.cz\/#\/schema\/logo\/image\/\"},\"sameAs\":[\"https:\/\/www.facebook.com\/everton.fans.cz.sk\"]},{\"@type\":\"Person\",\"@id\":\"https:\/\/evertonfc.cz\/#\/schema\/person\/e9a24a80a32efa1344dd2c4e5882185c\",\"name\":\"Karamela\",\"url\":\"https:\/\/evertonfc.cz\/index.php\/author\/karamela\/\"}]}<\/script>\n<!-- \/ Yoast SEO plugin. -->","yoast_head_json":{"title":"P\u0159ich\u00e1z\u00ed Toni Duggan - Official Czech &amp; Slovak Everton Supporters&#039; Club","robots":{"index":"index","follow":"follow","max-snippet":"max-snippet:-1","max-image-preview":"max-image-preview:large","max-video-preview":"max-video-preview:-1"},"canonical":"https:\/\/evertonfc.cz\/index.php\/2021\/07\/09\/prichazi-toni-duggan\/","og_locale":"cs_CZ","og_type":"article","og_title":"P\u0159ich\u00e1z\u00ed Toni Duggan - Official Czech &amp; Slovak Everton Supporters&#039; Club","og_description":"Everton Women to s posilov\u00e1n\u00edm t\u00fdmu mysl\u00ed v\u00e1\u017en\u011b. Na Walton Hall Park p\u0159ivedl legendu anglick\u00e9ho fotbalu Toni Duggan.","og_url":"https:\/\/evertonfc.cz\/index.php\/2021\/07\/09\/prichazi-toni-duggan\/","og_site_name":"Official Czech &amp; Slovak Everton Supporters&#039; Club","article_publisher":"https:\/\/www.facebook.com\/everton.fans.cz.sk","article_published_time":"2021-07-09T17:02:30+00:00","article_modified_time":"2021-07-10T06:01:01+00:00","og_image":[{"width":720,"height":405,"url":"https:\/\/evertonfc.cz\/wp-content\/uploads\/2021\/07\/Toni-Duggan-9_7_2021_web.jpg","type":"image\/jpeg"}],"author":"Karamela","twitter_card":"summary_large_image","twitter_misc":{"Napsal(a)":"Karamela","Odhadovan\u00e1 doba \u010dten\u00ed":"3 minuty"},"schema":{"@context":"https:\/\/schema.org","@graph":[{"@type":"Article","@id":"https:\/\/evertonfc.cz\/index.php\/2021\/07\/09\/prichazi-toni-duggan\/#article","isPartOf":{"@id":"https:\/\/evertonfc.cz\/index.php\/2021\/07\/09\/prichazi-toni-duggan\/"},"author":{"name":"Karamela","@id":"https:\/\/evertonfc.cz\/#\/schema\/person\/e9a24a80a32efa1344dd2c4e5882185c"},"headline":"P\u0159ich\u00e1z\u00ed Toni Duggan","datePublished":"2021-07-09T17:02:30+00:00","dateModified":"2021-07-10T06:01:01+00:00","mainEntityOfPage":{"@id":"https:\/\/evertonfc.cz\/index.php\/2021\/07\/09\/prichazi-toni-duggan\/"},"wordCount":635,"commentCount":1,"publisher":{"@id":"https:\/\/evertonfc.cz\/#organization"},"image":{"@id":"https:\/\/evertonfc.cz\/index.php\/2021\/07\/09\/prichazi-toni-duggan\/#primaryimage"},"thumbnailUrl":"https:\/\/evertonfc.cz\/wp-content\/uploads\/2021\/07\/Toni-Duggan-9_7_2021_web.jpg","articleSection":["Everton Women"],"inLanguage":"cs","potentialAction":[{"@type":"CommentAction","name":"Comment","target":["https:\/\/evertonfc.cz\/index.php\/2021\/07\/09\/prichazi-toni-duggan\/#respond"]}]},{"@type":"WebPage","@id":"https:\/\/evertonfc.cz\/index.php\/2021\/07\/09\/prichazi-toni-duggan\/","url":"https:\/\/evertonfc.cz\/index.php\/2021\/07\/09\/prichazi-toni-duggan\/","name":"P\u0159ich\u00e1z\u00ed Toni Duggan - Official Czech &amp; Slovak Everton Supporters&#039; Club","isPartOf":{"@id":"https:\/\/evertonfc.cz\/#website"},"primaryImageOfPage":{"@id":"https:\/\/evertonfc.cz\/index.php\/2021\/07\/09\/prichazi-toni-duggan\/#primaryimage"},"image":{"@id":"https:\/\/evertonfc.cz\/index.php\/2021\/07\/09\/prichazi-toni-duggan\/#primaryimage"},"thumbnailUrl":"https:\/\/evertonfc.cz\/wp-content\/uploads\/2021\/07\/Toni-Duggan-9_7_2021_web.jpg","datePublished":"2021-07-09T17:02:30+00:00","dateModified":"2021-07-10T06:01:01+00:00","breadcrumb":{"@id":"https:\/\/evertonfc.cz\/index.php\/2021\/07\/09\/prichazi-toni-duggan\/#breadcrumb"},"inLanguage":"cs","potentialAction":[{"@type":"ReadAction","target":["https:\/\/evertonfc.cz\/index.php\/2021\/07\/09\/prichazi-toni-duggan\/"]}]},{"@type":"ImageObject","inLanguage":"cs","@id":"https:\/\/evertonfc.cz\/index.php\/2021\/07\/09\/prichazi-toni-duggan\/#primaryimage","url":"https:\/\/evertonfc.cz\/wp-content\/uploads\/2021\/07\/Toni-Duggan-9_7_2021_web.jpg","contentUrl":"https:\/\/evertonfc.cz\/wp-content\/uploads\/2021\/07\/Toni-Duggan-9_7_2021_web.jpg","width":720,"height":405},{"@type":"BreadcrumbList","@id":"https:\/\/evertonfc.cz\/index.php\/2021\/07\/09\/prichazi-toni-duggan\/#breadcrumb","itemListElement":[{"@type":"ListItem","position":1,"name":"Home","item":"https:\/\/evertonfc.cz\/"},{"@type":"ListItem","position":2,"name":"P\u0159ich\u00e1z\u00ed Toni Duggan"}]},{"@type":"WebSite","@id":"https:\/\/evertonfc.cz\/#website","url":"https:\/\/evertonfc.cz\/","name":"Official Czech &amp; Slovak Everton Supporters&#039; Club","description":"","publisher":{"@id":"https:\/\/evertonfc.cz\/#organization"},"potentialAction":[{"@type":"SearchAction","target":{"@type":"EntryPoint","urlTemplate":"https:\/\/evertonfc.cz\/?s={search_term_string}"},"query-input":{"@type":"PropertyValueSpecification","valueRequired":true,"valueName":"search_term_string"}}],"inLanguage":"cs"},{"@type":"Organization","@id":"https:\/\/evertonfc.cz\/#organization","name":"Official Czech & Slovak Everton Supporters' Club","url":"https:\/\/evertonfc.cz\/","logo":{"@type":"ImageObject","inLanguage":"cs","@id":"https:\/\/evertonfc.cz\/#\/schema\/logo\/image\/","url":"https:\/\/evertonfc.cz\/wp-content\/uploads\/2019\/05\/logo.png","contentUrl":"https:\/\/evertonfc.cz\/wp-content\/uploads\/2019\/05\/logo.png","width":112,"height":112,"caption":"Official Czech & Slovak Everton Supporters' Club"},"image":{"@id":"https:\/\/evertonfc.cz\/#\/schema\/logo\/image\/"},"sameAs":["https:\/\/www.facebook.com\/everton.fans.cz.sk"]},{"@type":"Person","@id":"https:\/\/evertonfc.cz\/#\/schema\/person\/e9a24a80a32efa1344dd2c4e5882185c","name":"Karamela","url":"https:\/\/evertonfc.cz\/index.php\/author\/karamela\/"}]}},"_links":{"self":[{"href":"https:\/\/evertonfc.cz\/index.php\/wp-json\/wp\/v2\/posts\/15726"}],"collection":[{"href":"https:\/\/evertonfc.cz\/index.php\/wp-json\/wp\/v2\/posts"}],"about":[{"href":"https:\/\/evertonfc.cz\/index.php\/wp-json\/wp\/v2\/types\/post"}],"author":[{"embeddable":true,"href":"https:\/\/evertonfc.cz\/index.php\/wp-json\/wp\/v2\/users\/26"}],"replies":[{"embeddable":true,"href":"https:\/\/evertonfc.cz\/index.php\/wp-json\/wp\/v2\/comments?post=15726"}],"version-history":[{"count":14,"href":"https:\/\/evertonfc.cz\/index.php\/wp-json\/wp\/v2\/posts\/15726\/revisions"}],"predecessor-version":[{"id":15741,"href":"https:\/\/evertonfc.cz\/index.php\/wp-json\/wp\/v2\/posts\/15726\/revisions\/15741"}],"wp:featuredmedia":[{"embeddable":true,"href":"https:\/\/evertonfc.cz\/index.php\/wp-json\/wp\/v2\/media\/15736"}],"wp:attachment":[{"href":"https:\/\/evertonfc.cz\/index.php\/wp-json\/wp\/v2\/media?parent=15726"}],"wp:term":[{"taxonomy":"category","embeddable":true,"href":"https:\/\/evertonfc.cz\/index.php\/wp-json\/wp\/v2\/categories?post=15726"},{"taxonomy":"post_tag","embeddable":true,"href":"https:\/\/evertonfc.cz\/index.php\/wp-json\/wp\/v2\/tags?post=15726"}],"curies":[{"name":"wp","href":"https:\/\/api.w.org\/{rel}","templated":true}]}}