{"id":15742,"date":"2021-07-10T12:15:18","date_gmt":"2021-07-10T10:15:18","guid":{"rendered":"https:\/\/evertonfc.cz\/?p=15742"},"modified":"2021-07-30T07:56:04","modified_gmt":"2021-07-30T05:56:04","slug":"domaci-dres-konecne-predstaveny","status":"publish","type":"post","link":"https:\/\/evertonfc.cz\/index.php\/2021\/07\/10\/domaci-dres-konecne-predstaveny\/","title":{"rendered":"Dom\u00e1ci dres kone\u010dne predstaven\u00fd"},"content":{"rendered":"<h4>Po dvoch mesiacoch \u010dakania sa fan\u00fa\u0161ikovia do\u010dkali. Po vonkaj\u0161ej sade s pripomienkou vz\u00e1cnej hist\u00f3rie klubu prich\u00e1dza dizajn, ktor\u00fd reflektuje vojnov\u00fa hist\u00f3riu mesta.<\/h4>\n<p>Nov\u00e1 s\u00faprava do Goodison Parku obsahuje dvojt\u00f3nov\u00fd modr\u00fd vzorovan\u00fd dres. M\u00e1 \u017elt\u00fd a biely lem na ruk\u00e1voch aj na golieri, ktor\u00fd je zaoblen\u00fd. Ikonick\u00e9 \u0161\u00edpy Hummelu nikde nech\u00fdbaj\u00fa. Biele \u0161ortky s\u00fa s prvkami kr\u00e1\u013eovskej modrej a \u017eltej farby. A samozrejme, biele \u0161tulpne. Pou\u017eitie m\u00e4t\u00faceho vzoru je in\u0161pirovan\u00e9 \u00falohou mesta Liverpool a jeho dokov pri ma\u013eovan\u00ed n\u00e1morn\u00fdch lod\u00ed s vynaliezav\u00fdm a odv\u00e1\u017enym vzorom po\u010das prvej svetovej vojny. N\u00e1pad britsk\u00e9ho n\u00e1morn\u00e9ho umelca s pou\u017eit\u00edm kontrastn\u00fdch tvarov a t\u00f3nov farieb sl\u00fa\u017eil pri maskovan\u00ed ve\u013ekosti, r\u00fdchlosti, vzdialenosti a smeru poma\u013eovan\u00e9ho plavidla. To miatlo a marilo zl\u00e9 \u00famysly nepriate\u013ea na mori.<\/p>\n<h4>Alan McTavish, obchodn\u00fd riadite\u013e Evertonu:<\/h4>\n<blockquote><p><span style=\"font-size: 12pt;\"><em>\u201eV pozad\u00ed dom\u00e1ceho dresu z minulej sez\u00f3ny, ktor\u00fd sa stal najpred\u00e1vanej\u0161\u00edm v hist\u00f3rii klubu, sme nad\u0161en\u00ed, \u017ee m\u00f4\u017eeme uvies\u0165 na trh n\u00e1\u0161 dres 2021\/22 a d\u00fafame, \u017ee sa znova stane ob\u013e\u00faben\u00fdm u Evertonians po celom svete. Kreat\u00edvny proces Hummelu, ako vzia\u0165 m\u00e4t\u00faci vzor, ktor\u00fd tvor\u00ed zauj\u00edmav\u00fa s\u00fa\u010das\u0165 hist\u00f3rie n\u00e1\u0161ho mesta, a vnies\u0165 to do na\u0161ich s\u00faprav, bolo skuto\u010dne zauj\u00edmav\u00e9 vidie\u0165. Tie\u017e op\u00e4\u0165 preuk\u00e1zali svoje odhodlanie na\u0161im fan\u00fa\u0161ikom t\u00fdm, \u017ee sa ich ve\u013emi usilovali zapoji\u0165 do uvedenia tejto s\u00fapravy na ilustr\u00e1ciu popularity klubu a toho, ako sa dot\u00fdka \u013eud\u00ed vo v\u0161etk\u00fdch \u0161tyroch k\u00fatoch sveta.&#8220;<\/em><\/span><\/p><\/blockquote>\n<p>Spom\u00ednan\u00fd britsk\u00fd umelec sa volal Norman Wilkinson. N\u00e1pad m\u00e4t\u00faceho vzoru prevzalo britsk\u00e9 n\u00e1morn\u00edctvo a nesk\u00f4r aj americk\u00ed spojenci. Ka\u017ed\u00e1 lo\u010f mala unik\u00e1tny vzor, aby sa predi\u0161lo \u013eahk\u00e9mu rozpoznaniu tried a \u00fa\u010delu plavidiel. Bohu\u017eia\u013e sa nikdy nedalo ur\u010di\u0165, nako\u013eko boli vzory \u00fa\u010dinn\u00e9 a rozdiely medzi stratami maskovan\u00fdch a nemaskovan\u00fdch lod\u00ed boli vo v\u00e4\u010d\u0161ine pr\u00edpadov naozaj margin\u00e1lne.<\/p>\n<div id=\"attachment_15755\" style=\"width: 650px\" class=\"wp-caption aligncenter\"><img loading=\"lazy\" decoding=\"async\" aria-describedby=\"caption-attachment-15755\" class=\"wp-image-15755 size-full\" src=\"https:\/\/evertonfc.cz\/wp-content\/uploads\/2021\/07\/Wiki-Camouflage-Periscope-View-HMT-Olympic-10-7-2021.jpg\" alt=\"\" width=\"640\" height=\"650\" srcset=\"https:\/\/evertonfc.cz\/wp-content\/uploads\/2021\/07\/Wiki-Camouflage-Periscope-View-HMT-Olympic-10-7-2021.jpg 640w, https:\/\/evertonfc.cz\/wp-content\/uploads\/2021\/07\/Wiki-Camouflage-Periscope-View-HMT-Olympic-10-7-2021-295x300.jpg 295w\" sizes=\"(max-width: 640px) 100vw, 640px\" \/><p id=\"caption-attachment-15755\" class=\"wp-caption-text\"><span style=\"font-size: 8pt;\">Hore &#8211; Umeleck\u00e1 koncepcia poh\u013eadu periskopu velite\u013ea ponorky na obchodn\u00fa lo\u010f v kamufl\u00e1\u017ei (v\u013eavo) a t\u00fa ist\u00fa lo\u010f bez kamufl\u00e1\u017ee (vpravo). Dole &#8211; HMT Olympic po\u010das vojenskej slu\u017eby v roku 1915<\/span><\/p><\/div>\n<p>Mo\u017eno najzn\u00e1mej\u0161\u00edm nosi\u010dom tohto maskovacieho vzoru spomedzi civiln\u00fdch plavidiel bol RMS (po\u010das vojny HMT) Olympic. Star\u0161ia sestersk\u00e1 lo\u010f Titanicu, a ako jedin\u00e1 nepotopen\u00e1. Nov\u00fd n\u00e1ter dostala po\u010das vojny a jej maskovacie farby boli hned\u00e1, tmavomodr\u00e1, svetlo modr\u00e1 a biela.<\/p>\n<h4>Allan Vad Nielsen, gener\u00e1lny riadite\u013e spolo\u010dnosti Hummel:<\/h4>\n<blockquote><p><span style=\"font-size: 12pt;\"><em>\u201ePokia\u013e i\u0161lo o vytvorenie na\u0161ej najnov\u0161ej dom\u00e1cej s\u00fapravy pre Everton, chceli sme doda\u0165 nie\u010do pozoruhodn\u00e9 a odli\u0161n\u00e9, ale st\u00e1le re\u0161pektuj\u00face trad\u00edcie klubu. Vyu\u017eili sme na to v\u00e4zby mesta Liverpool s maskovac\u00edm vzorom, ktor\u00fdm sme vzdali historick\u00fd hold, ale z\u00e1rove\u0148 sme postavili fan\u00fa\u0161ikov do centra pozornosti na oslavu neust\u00e1le rast\u00facej glob\u00e1lnej popularity a vzru\u0161uj\u00facej bud\u00facnosti Evertonu.&#8220;<\/em><\/span><\/p><\/blockquote>\n<p>Dom\u00e1ci brank\u00e1rsky dres Evertonu na sez\u00f3nu 2021\/22 sa tie\u017e in\u0161piruje maskovan\u00edm. Tri\u010dko m\u00e1 \u010dierne, modr\u00e9 a \u017elt\u00e9 pruhy, \u010dierne tren\u00edrky a \u010dierne \u0161tulpne. Bola predstaven\u00e1 aj nov\u00e1 XXL sada pre ml\u00e1de\u017e na z\u00e1klade sp\u00e4tnej v\u00e4zby od priaznivcov. Logo klubu v\u0161etk\u00fdch troch dresov je tkan\u00e9 s vy\u0161\u00edvan\u00fdm povrchom.<\/p>\n<p>Tie\u017e sa db\u00e1 na pr\u00edrodu. By\u0165 oh\u013eadupln\u00fd k \u017eivotn\u00e9mu prostrediu je v s\u00falade s iniciat\u00edvou klubu \u201eEverton For Change\u201c. Implement\u00e1cia technol\u00f3gie ECO8 spolo\u010dnosti Hummel znamen\u00e1, \u017ee ka\u017ed\u00fd dres je vyroben\u00fd z vysoko kvalitn\u00e9ho polyesteru, vyroben\u00e9ho a\u017e z \u00f4smich recyklovan\u00fdch plastov\u00fdch flia\u0161. Pre tento ro\u010dn\u00edk je mo\u017en\u00e9 spolu s p\u00e1nskou verziou k\u00fapi\u0165 aj repliku s\u00fapravy, ktor\u00fa nosia Everton Women. A to v\u00f4bec prv\u00fdkr\u00e1t v hist\u00f3rii klubu. K dispoz\u00edcii na zak\u00fapenie bud\u00fa v\u0161etky sady dom\u00e1cich dresov od \u0161tvrtka 15. j\u00fala.<\/p>\n<h4>Izzy Christiansen, stredopoliarka Evertonu Women:<\/h4>\n<blockquote><p><span style=\"font-size: 12pt;\"><em>\u201eMysl\u00edm si, \u017ee je to fantastick\u00e1 s\u00faprava. Je p\u00fatav\u00e1, jasn\u00e1 a \u017eiariv\u00e1, ale ve\u013emi zrete\u013ene aj Evertonsk\u00e1. Je vynikaj\u00face, \u017ee \u017eensk\u00e1 verzia s\u00faprav bude k dispoz\u00edcii prv\u00fdkr\u00e1t, a op\u00e4\u0165 to ilustruje z\u00e1v\u00e4zok klubu, spolo\u010dnosti Hummel a Fanatics k \u017eensk\u00e9mu t\u00edmu a tie\u017e na\u0161ich podporovateliek. To, \u017ee je \u0161etrn\u00fd k \u017eivotn\u00e9mu prostrediu, je tie\u017e z\u00e1sluhou v\u0161etk\u00fdch, ktor\u00ed sa podie\u013eali na tvorbe tejto s\u00fapravy, a nem\u00f4\u017eem sa do\u010dka\u0165, a\u017e uvid\u00edm, ako bude park Walton Hall napratan\u00fd fan\u00fa\u0161ikmi, nosiacimi ho v tejto sez\u00f3ne.<\/em><\/span><\/p><\/blockquote>\n<p><img loading=\"lazy\" decoding=\"async\" class=\"size-full wp-image-15764 alignleft\" src=\"https:\/\/evertonfc.cz\/wp-content\/uploads\/2021\/07\/Everton-Hummel-home-shirt-2021-22.jpg\" alt=\"\" width=\"640\" height=\"420\" srcset=\"https:\/\/evertonfc.cz\/wp-content\/uploads\/2021\/07\/Everton-Hummel-home-shirt-2021-22.jpg 640w, https:\/\/evertonfc.cz\/wp-content\/uploads\/2021\/07\/Everton-Hummel-home-shirt-2021-22-300x197.jpg 300w\" sizes=\"(max-width: 640px) 100vw, 640px\" \/> <img loading=\"lazy\" decoding=\"async\" class=\"size-full wp-image-15765 aligncenter\" src=\"https:\/\/evertonfc.cz\/wp-content\/uploads\/2021\/07\/Everton-Hummel-home-shorts-2021-22.jpg\" alt=\"\" width=\"640\" height=\"336\" srcset=\"https:\/\/evertonfc.cz\/wp-content\/uploads\/2021\/07\/Everton-Hummel-home-shorts-2021-22.jpg 640w, https:\/\/evertonfc.cz\/wp-content\/uploads\/2021\/07\/Everton-Hummel-home-shorts-2021-22-300x158.jpg 300w\" sizes=\"(max-width: 640px) 100vw, 640px\" \/><\/p>\n<p><img loading=\"lazy\" decoding=\"async\" class=\"size-full wp-image-15766 aligncenter\" src=\"https:\/\/evertonfc.cz\/wp-content\/uploads\/2021\/07\/Hummel-home-goalkeeper-shirt-2021-22.jpg\" alt=\"\" width=\"640\" height=\"415\" srcset=\"https:\/\/evertonfc.cz\/wp-content\/uploads\/2021\/07\/Hummel-home-goalkeeper-shirt-2021-22.jpg 640w, https:\/\/evertonfc.cz\/wp-content\/uploads\/2021\/07\/Hummel-home-goalkeeper-shirt-2021-22-300x195.jpg 300w\" sizes=\"(max-width: 640px) 100vw, 640px\" \/><\/p>\n<p><img loading=\"lazy\" decoding=\"async\" class=\"size-full wp-image-15762 aligncenter\" src=\"https:\/\/evertonfc.cz\/wp-content\/uploads\/2021\/07\/Hummel-home-kit-compilation-2021-22.jpg\" alt=\"\" width=\"640\" height=\"428\" srcset=\"https:\/\/evertonfc.cz\/wp-content\/uploads\/2021\/07\/Hummel-home-kit-compilation-2021-22.jpg 640w, https:\/\/evertonfc.cz\/wp-content\/uploads\/2021\/07\/Hummel-home-kit-compilation-2021-22-300x201.jpg 300w\" sizes=\"(max-width: 640px) 100vw, 640px\" \/><\/p>\n<p>&nbsp;<\/p>\n<p style=\"text-align: right;\"><span style=\"font-size: 8pt;\">(fotozdroj: evertonfc.com \/ wikipedia.org)<\/span><\/p>\n","protected":false},"excerpt":{"rendered":"<p>Po dvoch mesiacoch \u010dakania sa fan\u00fa\u0161ikovia do\u010dkali. Po vonkaj\u0161ej sade s pripomienkou vz\u00e1cnej hist\u00f3rie klubu prich\u00e1dza dizajn, ktor\u00fd reflektuje vojnov\u00fa hist\u00f3riu mesta.<\/p>\n","protected":false},"author":1,"featured_media":15752,"comment_status":"open","ping_status":"closed","sticky":false,"template":"","format":"standard","meta":{"_eb_attr":"","_monsterinsights_skip_tracking":false,"_monsterinsights_sitenote_active":false,"_monsterinsights_sitenote_note":"","_monsterinsights_sitenote_category":0,"footnotes":""},"categories":[42],"tags":[],"yoast_head":"<!-- This site is optimized with the Yoast SEO plugin v23.4 - https:\/\/yoast.com\/wordpress\/plugins\/seo\/ -->\n<title>Dom\u00e1ci dres kone\u010dne predstaven\u00fd - Official Czech &amp; Slovak Everton Supporters&#039; Club<\/title>\n<meta name=\"robots\" content=\"index, follow, max-snippet:-1, max-image-preview:large, max-video-preview:-1\" \/>\n<link rel=\"canonical\" href=\"https:\/\/evertonfc.cz\/index.php\/2021\/07\/10\/domaci-dres-konecne-predstaveny\/\" \/>\n<meta property=\"og:locale\" content=\"cs_CZ\" \/>\n<meta property=\"og:type\" content=\"article\" \/>\n<meta property=\"og:title\" content=\"Dom\u00e1ci dres kone\u010dne predstaven\u00fd - Official Czech &amp; Slovak Everton Supporters&#039; Club\" \/>\n<meta property=\"og:description\" content=\"Po dvoch mesiacoch \u010dakania sa fan\u00fa\u0161ikovia do\u010dkali. Po vonkaj\u0161ej sade s pripomienkou vz\u00e1cnej hist\u00f3rie klubu prich\u00e1dza dizajn, ktor\u00fd reflektuje vojnov\u00fa hist\u00f3riu mesta.\" \/>\n<meta property=\"og:url\" content=\"https:\/\/evertonfc.cz\/index.php\/2021\/07\/10\/domaci-dres-konecne-predstaveny\/\" \/>\n<meta property=\"og:site_name\" content=\"Official Czech &amp; Slovak Everton Supporters&#039; Club\" \/>\n<meta property=\"article:publisher\" content=\"https:\/\/www.facebook.com\/everton.fans.cz.sk\" \/>\n<meta property=\"article:published_time\" content=\"2021-07-10T10:15:18+00:00\" \/>\n<meta property=\"article:modified_time\" content=\"2021-07-30T05:56:04+00:00\" \/>\n<meta property=\"og:image\" content=\"https:\/\/evertonfc.cz\/wp-content\/uploads\/2021\/07\/Home-kit-Hummel-2021-21.jpg\" \/>\n\t<meta property=\"og:image:width\" content=\"720\" \/>\n\t<meta property=\"og:image:height\" content=\"405\" \/>\n\t<meta property=\"og:image:type\" content=\"image\/jpeg\" \/>\n<meta name=\"author\" content=\"BlueBlooded\" \/>\n<meta name=\"twitter:card\" content=\"summary_large_image\" \/>\n<meta name=\"twitter:label1\" content=\"Napsal(a)\" \/>\n\t<meta name=\"twitter:data1\" content=\"BlueBlooded\" \/>\n\t<meta name=\"twitter:label2\" content=\"Odhadovan\u00e1 doba \u010dten\u00ed\" \/>\n\t<meta name=\"twitter:data2\" content=\"4 minuty\" \/>\n<script type=\"application\/ld+json\" class=\"yoast-schema-graph\">{\"@context\":\"https:\/\/schema.org\",\"@graph\":[{\"@type\":\"Article\",\"@id\":\"https:\/\/evertonfc.cz\/index.php\/2021\/07\/10\/domaci-dres-konecne-predstaveny\/#article\",\"isPartOf\":{\"@id\":\"https:\/\/evertonfc.cz\/index.php\/2021\/07\/10\/domaci-dres-konecne-predstaveny\/\"},\"author\":{\"name\":\"BlueBlooded\",\"@id\":\"https:\/\/evertonfc.cz\/#\/schema\/person\/d4493b8cbea51532597fbc4685698916\"},\"headline\":\"Dom\u00e1ci dres kone\u010dne predstaven\u00fd\",\"datePublished\":\"2021-07-10T10:15:18+00:00\",\"dateModified\":\"2021-07-30T05:56:04+00:00\",\"mainEntityOfPage\":{\"@id\":\"https:\/\/evertonfc.cz\/index.php\/2021\/07\/10\/domaci-dres-konecne-predstaveny\/\"},\"wordCount\":826,\"commentCount\":7,\"publisher\":{\"@id\":\"https:\/\/evertonfc.cz\/#organization\"},\"image\":{\"@id\":\"https:\/\/evertonfc.cz\/index.php\/2021\/07\/10\/domaci-dres-konecne-predstaveny\/#primaryimage\"},\"thumbnailUrl\":\"https:\/\/evertonfc.cz\/wp-content\/uploads\/2021\/07\/Home-kit-Hummel-2021-21.jpg\",\"articleSection\":[\"Aktuality\"],\"inLanguage\":\"cs\",\"potentialAction\":[{\"@type\":\"CommentAction\",\"name\":\"Comment\",\"target\":[\"https:\/\/evertonfc.cz\/index.php\/2021\/07\/10\/domaci-dres-konecne-predstaveny\/#respond\"]}]},{\"@type\":\"WebPage\",\"@id\":\"https:\/\/evertonfc.cz\/index.php\/2021\/07\/10\/domaci-dres-konecne-predstaveny\/\",\"url\":\"https:\/\/evertonfc.cz\/index.php\/2021\/07\/10\/domaci-dres-konecne-predstaveny\/\",\"name\":\"Dom\u00e1ci dres kone\u010dne predstaven\u00fd - Official Czech &amp; Slovak Everton Supporters&#039; Club\",\"isPartOf\":{\"@id\":\"https:\/\/evertonfc.cz\/#website\"},\"primaryImageOfPage\":{\"@id\":\"https:\/\/evertonfc.cz\/index.php\/2021\/07\/10\/domaci-dres-konecne-predstaveny\/#primaryimage\"},\"image\":{\"@id\":\"https:\/\/evertonfc.cz\/index.php\/2021\/07\/10\/domaci-dres-konecne-predstaveny\/#primaryimage\"},\"thumbnailUrl\":\"https:\/\/evertonfc.cz\/wp-content\/uploads\/2021\/07\/Home-kit-Hummel-2021-21.jpg\",\"datePublished\":\"2021-07-10T10:15:18+00:00\",\"dateModified\":\"2021-07-30T05:56:04+00:00\",\"breadcrumb\":{\"@id\":\"https:\/\/evertonfc.cz\/index.php\/2021\/07\/10\/domaci-dres-konecne-predstaveny\/#breadcrumb\"},\"inLanguage\":\"cs\",\"potentialAction\":[{\"@type\":\"ReadAction\",\"target\":[\"https:\/\/evertonfc.cz\/index.php\/2021\/07\/10\/domaci-dres-konecne-predstaveny\/\"]}]},{\"@type\":\"ImageObject\",\"inLanguage\":\"cs\",\"@id\":\"https:\/\/evertonfc.cz\/index.php\/2021\/07\/10\/domaci-dres-konecne-predstaveny\/#primaryimage\",\"url\":\"https:\/\/evertonfc.cz\/wp-content\/uploads\/2021\/07\/Home-kit-Hummel-2021-21.jpg\",\"contentUrl\":\"https:\/\/evertonfc.cz\/wp-content\/uploads\/2021\/07\/Home-kit-Hummel-2021-21.jpg\",\"width\":720,\"height\":405},{\"@type\":\"BreadcrumbList\",\"@id\":\"https:\/\/evertonfc.cz\/index.php\/2021\/07\/10\/domaci-dres-konecne-predstaveny\/#breadcrumb\",\"itemListElement\":[{\"@type\":\"ListItem\",\"position\":1,\"name\":\"Home\",\"item\":\"https:\/\/evertonfc.cz\/\"},{\"@type\":\"ListItem\",\"position\":2,\"name\":\"Dom\u00e1ci dres kone\u010dne predstaven\u00fd\"}]},{\"@type\":\"WebSite\",\"@id\":\"https:\/\/evertonfc.cz\/#website\",\"url\":\"https:\/\/evertonfc.cz\/\",\"name\":\"Official Czech &amp; Slovak Everton Supporters&#039; Club\",\"description\":\"\",\"publisher\":{\"@id\":\"https:\/\/evertonfc.cz\/#organization\"},\"potentialAction\":[{\"@type\":\"SearchAction\",\"target\":{\"@type\":\"EntryPoint\",\"urlTemplate\":\"https:\/\/evertonfc.cz\/?s={search_term_string}\"},\"query-input\":{\"@type\":\"PropertyValueSpecification\",\"valueRequired\":true,\"valueName\":\"search_term_string\"}}],\"inLanguage\":\"cs\"},{\"@type\":\"Organization\",\"@id\":\"https:\/\/evertonfc.cz\/#organization\",\"name\":\"Official Czech & Slovak Everton Supporters' Club\",\"url\":\"https:\/\/evertonfc.cz\/\",\"logo\":{\"@type\":\"ImageObject\",\"inLanguage\":\"cs\",\"@id\":\"https:\/\/evertonfc.cz\/#\/schema\/logo\/image\/\",\"url\":\"https:\/\/evertonfc.cz\/wp-content\/uploads\/2019\/05\/logo.png\",\"contentUrl\":\"https:\/\/evertonfc.cz\/wp-content\/uploads\/2019\/05\/logo.png\",\"width\":112,\"height\":112,\"caption\":\"Official Czech & Slovak Everton Supporters' Club\"},\"image\":{\"@id\":\"https:\/\/evertonfc.cz\/#\/schema\/logo\/image\/\"},\"sameAs\":[\"https:\/\/www.facebook.com\/everton.fans.cz.sk\"]},{\"@type\":\"Person\",\"@id\":\"https:\/\/evertonfc.cz\/#\/schema\/person\/d4493b8cbea51532597fbc4685698916\",\"name\":\"BlueBlooded\",\"url\":\"https:\/\/evertonfc.cz\/index.php\/author\/admin\/\"}]}<\/script>\n<!-- \/ Yoast SEO plugin. -->","yoast_head_json":{"title":"Dom\u00e1ci dres kone\u010dne predstaven\u00fd - Official Czech &amp; Slovak Everton Supporters&#039; Club","robots":{"index":"index","follow":"follow","max-snippet":"max-snippet:-1","max-image-preview":"max-image-preview:large","max-video-preview":"max-video-preview:-1"},"canonical":"https:\/\/evertonfc.cz\/index.php\/2021\/07\/10\/domaci-dres-konecne-predstaveny\/","og_locale":"cs_CZ","og_type":"article","og_title":"Dom\u00e1ci dres kone\u010dne predstaven\u00fd - Official Czech &amp; Slovak Everton Supporters&#039; Club","og_description":"Po dvoch mesiacoch \u010dakania sa fan\u00fa\u0161ikovia do\u010dkali. Po vonkaj\u0161ej sade s pripomienkou vz\u00e1cnej hist\u00f3rie klubu prich\u00e1dza dizajn, ktor\u00fd reflektuje vojnov\u00fa hist\u00f3riu mesta.","og_url":"https:\/\/evertonfc.cz\/index.php\/2021\/07\/10\/domaci-dres-konecne-predstaveny\/","og_site_name":"Official Czech &amp; Slovak Everton Supporters&#039; Club","article_publisher":"https:\/\/www.facebook.com\/everton.fans.cz.sk","article_published_time":"2021-07-10T10:15:18+00:00","article_modified_time":"2021-07-30T05:56:04+00:00","og_image":[{"width":720,"height":405,"url":"https:\/\/evertonfc.cz\/wp-content\/uploads\/2021\/07\/Home-kit-Hummel-2021-21.jpg","type":"image\/jpeg"}],"author":"BlueBlooded","twitter_card":"summary_large_image","twitter_misc":{"Napsal(a)":"BlueBlooded","Odhadovan\u00e1 doba \u010dten\u00ed":"4 minuty"},"schema":{"@context":"https:\/\/schema.org","@graph":[{"@type":"Article","@id":"https:\/\/evertonfc.cz\/index.php\/2021\/07\/10\/domaci-dres-konecne-predstaveny\/#article","isPartOf":{"@id":"https:\/\/evertonfc.cz\/index.php\/2021\/07\/10\/domaci-dres-konecne-predstaveny\/"},"author":{"name":"BlueBlooded","@id":"https:\/\/evertonfc.cz\/#\/schema\/person\/d4493b8cbea51532597fbc4685698916"},"headline":"Dom\u00e1ci dres kone\u010dne predstaven\u00fd","datePublished":"2021-07-10T10:15:18+00:00","dateModified":"2021-07-30T05:56:04+00:00","mainEntityOfPage":{"@id":"https:\/\/evertonfc.cz\/index.php\/2021\/07\/10\/domaci-dres-konecne-predstaveny\/"},"wordCount":826,"commentCount":7,"publisher":{"@id":"https:\/\/evertonfc.cz\/#organization"},"image":{"@id":"https:\/\/evertonfc.cz\/index.php\/2021\/07\/10\/domaci-dres-konecne-predstaveny\/#primaryimage"},"thumbnailUrl":"https:\/\/evertonfc.cz\/wp-content\/uploads\/2021\/07\/Home-kit-Hummel-2021-21.jpg","articleSection":["Aktuality"],"inLanguage":"cs","potentialAction":[{"@type":"CommentAction","name":"Comment","target":["https:\/\/evertonfc.cz\/index.php\/2021\/07\/10\/domaci-dres-konecne-predstaveny\/#respond"]}]},{"@type":"WebPage","@id":"https:\/\/evertonfc.cz\/index.php\/2021\/07\/10\/domaci-dres-konecne-predstaveny\/","url":"https:\/\/evertonfc.cz\/index.php\/2021\/07\/10\/domaci-dres-konecne-predstaveny\/","name":"Dom\u00e1ci dres kone\u010dne predstaven\u00fd - Official Czech &amp; Slovak Everton Supporters&#039; Club","isPartOf":{"@id":"https:\/\/evertonfc.cz\/#website"},"primaryImageOfPage":{"@id":"https:\/\/evertonfc.cz\/index.php\/2021\/07\/10\/domaci-dres-konecne-predstaveny\/#primaryimage"},"image":{"@id":"https:\/\/evertonfc.cz\/index.php\/2021\/07\/10\/domaci-dres-konecne-predstaveny\/#primaryimage"},"thumbnailUrl":"https:\/\/evertonfc.cz\/wp-content\/uploads\/2021\/07\/Home-kit-Hummel-2021-21.jpg","datePublished":"2021-07-10T10:15:18+00:00","dateModified":"2021-07-30T05:56:04+00:00","breadcrumb":{"@id":"https:\/\/evertonfc.cz\/index.php\/2021\/07\/10\/domaci-dres-konecne-predstaveny\/#breadcrumb"},"inLanguage":"cs","potentialAction":[{"@type":"ReadAction","target":["https:\/\/evertonfc.cz\/index.php\/2021\/07\/10\/domaci-dres-konecne-predstaveny\/"]}]},{"@type":"ImageObject","inLanguage":"cs","@id":"https:\/\/evertonfc.cz\/index.php\/2021\/07\/10\/domaci-dres-konecne-predstaveny\/#primaryimage","url":"https:\/\/evertonfc.cz\/wp-content\/uploads\/2021\/07\/Home-kit-Hummel-2021-21.jpg","contentUrl":"https:\/\/evertonfc.cz\/wp-content\/uploads\/2021\/07\/Home-kit-Hummel-2021-21.jpg","width":720,"height":405},{"@type":"BreadcrumbList","@id":"https:\/\/evertonfc.cz\/index.php\/2021\/07\/10\/domaci-dres-konecne-predstaveny\/#breadcrumb","itemListElement":[{"@type":"ListItem","position":1,"name":"Home","item":"https:\/\/evertonfc.cz\/"},{"@type":"ListItem","position":2,"name":"Dom\u00e1ci dres kone\u010dne predstaven\u00fd"}]},{"@type":"WebSite","@id":"https:\/\/evertonfc.cz\/#website","url":"https:\/\/evertonfc.cz\/","name":"Official Czech &amp; Slovak Everton Supporters&#039; Club","description":"","publisher":{"@id":"https:\/\/evertonfc.cz\/#organization"},"potentialAction":[{"@type":"SearchAction","target":{"@type":"EntryPoint","urlTemplate":"https:\/\/evertonfc.cz\/?s={search_term_string}"},"query-input":{"@type":"PropertyValueSpecification","valueRequired":true,"valueName":"search_term_string"}}],"inLanguage":"cs"},{"@type":"Organization","@id":"https:\/\/evertonfc.cz\/#organization","name":"Official Czech & Slovak Everton Supporters' Club","url":"https:\/\/evertonfc.cz\/","logo":{"@type":"ImageObject","inLanguage":"cs","@id":"https:\/\/evertonfc.cz\/#\/schema\/logo\/image\/","url":"https:\/\/evertonfc.cz\/wp-content\/uploads\/2019\/05\/logo.png","contentUrl":"https:\/\/evertonfc.cz\/wp-content\/uploads\/2019\/05\/logo.png","width":112,"height":112,"caption":"Official Czech & Slovak Everton Supporters' Club"},"image":{"@id":"https:\/\/evertonfc.cz\/#\/schema\/logo\/image\/"},"sameAs":["https:\/\/www.facebook.com\/everton.fans.cz.sk"]},{"@type":"Person","@id":"https:\/\/evertonfc.cz\/#\/schema\/person\/d4493b8cbea51532597fbc4685698916","name":"BlueBlooded","url":"https:\/\/evertonfc.cz\/index.php\/author\/admin\/"}]}},"_links":{"self":[{"href":"https:\/\/evertonfc.cz\/index.php\/wp-json\/wp\/v2\/posts\/15742"}],"collection":[{"href":"https:\/\/evertonfc.cz\/index.php\/wp-json\/wp\/v2\/posts"}],"about":[{"href":"https:\/\/evertonfc.cz\/index.php\/wp-json\/wp\/v2\/types\/post"}],"author":[{"embeddable":true,"href":"https:\/\/evertonfc.cz\/index.php\/wp-json\/wp\/v2\/users\/1"}],"replies":[{"embeddable":true,"href":"https:\/\/evertonfc.cz\/index.php\/wp-json\/wp\/v2\/comments?post=15742"}],"version-history":[{"count":19,"href":"https:\/\/evertonfc.cz\/index.php\/wp-json\/wp\/v2\/posts\/15742\/revisions"}],"predecessor-version":[{"id":15928,"href":"https:\/\/evertonfc.cz\/index.php\/wp-json\/wp\/v2\/posts\/15742\/revisions\/15928"}],"wp:featuredmedia":[{"embeddable":true,"href":"https:\/\/evertonfc.cz\/index.php\/wp-json\/wp\/v2\/media\/15752"}],"wp:attachment":[{"href":"https:\/\/evertonfc.cz\/index.php\/wp-json\/wp\/v2\/media?parent=15742"}],"wp:term":[{"taxonomy":"category","embeddable":true,"href":"https:\/\/evertonfc.cz\/index.php\/wp-json\/wp\/v2\/categories?post=15742"},{"taxonomy":"post_tag","embeddable":true,"href":"https:\/\/evertonfc.cz\/index.php\/wp-json\/wp\/v2\/tags?post=15742"}],"curies":[{"name":"wp","href":"https:\/\/api.w.org\/{rel}","templated":true}]}}