{"id":15772,"date":"2021-07-11T12:56:36","date_gmt":"2021-07-11T10:56:36","guid":{"rendered":"https:\/\/evertonfc.cz\/?p=15772"},"modified":"2021-07-11T12:58:00","modified_gmt":"2021-07-11T10:58:00","slug":"zomrel-jimmy-gabriel","status":"publish","type":"post","link":"https:\/\/evertonfc.cz\/index.php\/2021\/07\/11\/zomrel-jimmy-gabriel\/","title":{"rendered":"Zomrel Jimmy Gabriel"},"content":{"rendered":"<h4><span lang=\"zxx\">V\u00fdnimo\u010dn\u00fd b\u00fdval\u00fd \u0161k\u00f3tsky z\u00e1lo\u017en\u00edk Evertonu n\u00e1s v\u010dera opustil vo veku 80 rokov. Po\u010das \u00e9ry Cattericka vyhral s klubom v sez\u00f3ne 1962\/63 ligov\u00fd titul a aj FA Cup 66\u00b4.<\/span><\/h4>\n<p><span lang=\"zxx\">Rod\u00e1k z Dundee naroden\u00fd 10. okt\u00f3bra 1940 za\u010dal v rovnakom meste aj so svojou futbalovou kari\u00e9rov. Jeho prv\u00e9 kroky na tr\u00e1vniku riadil Tyneside Boys Club. U\u017e v mladom veku za\u010dal nastupova\u0165 na pravom kr\u00eddle, kde to dotiahol a\u017e do ml\u00e1de\u017en\u00edckych v\u00fdberov \u0160k\u00f3tska. A hoci za seniorsk\u00fa reprezent\u00e1ciu nast\u00fapil len po dva razy, pr\u00e1ve po\u010das t\u00fdchto z\u00e1pasov si ho v\u0161imol mana\u017e\u00e9r Willie Thornton z Dundee FC a zlan\u00e1ril ho do svojich radov ako p\u00e4tn\u00e1s\u0165ro\u010dn\u00e9ho. Na rok bol poslan\u00fd na hos\u0165ovanie do Dundee North End Juniors, a nesk\u00f4r bol stiahnut\u00fd sp\u00e4\u0165 pre potreby matersk\u00e9ho klubu. Debut za A t\u00edm Dundee si prip\u00edsal ako 17 ro\u010dn\u00fd v ligovom poh\u00e1ri proti Motherwellu.<\/span><\/p>\n<p><span lang=\"zxx\">Za dva roky si prip\u00edsal 67 z\u00e1pasov v prvom t\u00edme a mal sa sta\u0165 integr\u00e1lnou s\u00fa\u010das\u0165ou jeho bud\u00facnosti. Len\u017ee o dobr\u00e9ho mlad\u00e9ho hr\u00e1\u010da bol z\u00e1ujem aj inde. A ke\u010f klubu predostreli ponuku \u00a327,000 od Evertonu, vtedy mana\u017eovan\u00fdm Johnom Careym, nedalo sa odola\u0165. Jimmy sa stal najdrah\u0161\u00edm \u0161k\u00f3tskym hr\u00e1\u010dom.<\/span><\/p>\n<h4><span lang=\"zxx\">Everton<\/span><\/h4>\n<p><span lang=\"sk-SK\">Aj ke\u010f mu trvalo ist\u00fd \u010das, k\u00fdm si zvykol na tempo anglick\u00e9ho futbalu, Gabriel disponoval siln\u00fdm odhodlan\u00edm uspie\u0165. Presadil sa v<\/span> Evertone ako silov\u00fd prav\u00fd krajn\u00fd z\u00e1lo\u017en\u00edk, ktor\u00e9ho preferencia defenz\u00edvnych \u00faloh z neho urobila u\u017eito\u010dn\u00e9ho partnera v strede po\u013ea pre \u00fato\u010dnej\u0161ieho Briana Harrisa po \u013eavej strane.<\/p>\n<div id=\"attachment_15779\" style=\"width: 650px\" class=\"wp-caption aligncenter\"><img loading=\"lazy\" decoding=\"async\" aria-describedby=\"caption-attachment-15779\" class=\"wp-image-15779 size-full\" src=\"https:\/\/evertonfc.cz\/wp-content\/uploads\/2021\/07\/Jimmy-Gabriel-1966-FA-Cup-11-7-2021.jpg\" alt=\"\" width=\"640\" height=\"359\" srcset=\"https:\/\/evertonfc.cz\/wp-content\/uploads\/2021\/07\/Jimmy-Gabriel-1966-FA-Cup-11-7-2021.jpg 640w, https:\/\/evertonfc.cz\/wp-content\/uploads\/2021\/07\/Jimmy-Gabriel-1966-FA-Cup-11-7-2021-300x168.jpg 300w\" sizes=\"(max-width: 640px) 100vw, 640px\" \/><p id=\"caption-attachment-15779\" class=\"wp-caption-text\"><span style=\"font-size: 8pt;\">Jimmy Gabriel so svojimi spoluhr\u00e1\u010dmi, dr\u017eiaci FA Cup v pravej ruke po v\u00fdhre nad Sheffieldom Wednesday vo Wembley 1966.<\/span><\/p><\/div>\n<p><span lang=\"zxx\">N\u00e1sledne pri\u0161li u\u017e spom\u00ednan\u00e9 \u00faspechy v podobe titulu a poh\u00e1ra, a\u017e pri\u0161lo k zv\u00fd\u0161eniu konkurencie na jeho poste. Allan Ball a Howard Kendall, dal\u0161\u00ed z velik\u00e1nov Evertonu, sa pretl\u00e1\u010dali do popredia na poz\u00edci\u00e1ch v strede po\u013ea. S t\u00fdm sa Jimmy nevedel zmieri\u0165. A hoci sprvu ponuky z juhu krajiny odmietal, druh\u00e9 husle hra\u0165 nechcel. Napokon ho Ted Bates v lete 67\u00b4 pril\u00e1kal do Southamtonu za pekn\u00fa sumu \u00a342,500. Za sedem rokov na Merseyside odohral Gabriel v kr\u00e1\u013eovskej modrej 303 z\u00e1pasov a dal 37 g\u00f3lov<\/span><\/p>\n<h4><span lang=\"zxx\">Jimmy Gabriel o Evertone v roku 2009:<\/span><\/h4>\n<blockquote><p><span lang=\"sk-SK\" style=\"font-size: 12pt;\"><i>&#8222;Everton m\u00e1te v krvi &#8211; to sa stane, ke\u010f hr\u00e1te za nich. Samozrejme, ob\u010das mysl\u00edm na Southampton, preto\u017ee som tam str\u00e1vil p\u00e4\u0165 rokov, ale Everton bol m\u00f4j ve\u013ek\u00fd klub. Je to miesto, kde som vyhral ligu a FA Cup. U\u017e\u00edvam si \u017eivot tu v Seattli, ale v\u017edy je tu \u010das\u0165 m\u0148a, ktorej ch\u00fdba domov. Ke\u010f za\u010d\u00edna sez\u00f3na, to mi naozaj ch\u00fdba. V\u017edy to bolo ve\u013ek\u00e9 vzru\u0161enie. \u00c1no, vid\u00edte to v telev\u00edzii, ale nie je to to ist\u00e9. Ni\u010d neprekon\u00e1 \u00eds\u0165 do Goodisonu.\u201c<\/i><\/span><\/p><\/blockquote>\n<h4><span lang=\"zxx\">Po Evertone<\/span><\/h4>\n<p><span lang=\"sk-SK\">Na \u0161tadi\u00f3ne The Dell bol Gabriel d\u00f4le\u017eitou s\u00fa\u010das\u0165ou obrany po boku Johna McGratha a Denisa Hollywooda. Nieko\u013ekokr\u00e1t pomohol Sv\u00e4t\u00fdm vyhn\u00fa\u0165 sa zostupu. Tvrd\u00fd obranca so znamenitou technikou ob\u010das hr\u00e1val dokonca aj ako pohotovostn\u00fd \u00fato\u010dn\u00edk. Celkovo odohral v \u010derveno bielych farb\u00e1ch 224 z\u00e1pasov, strelil 27 g\u00f3lov a bol ve\u013ek\u00fdm ob\u013e\u00fabencom fan\u00fa\u0161ikov. Do Bournemouthu, kde odohral 53 stretnut\u00ed, odi\u0161iel na konci sez\u00f3ny 1971\/72. Kr\u00e1tky \u010das str\u00e1vil aj na hos\u0165ovan\u00ed v Swindon Town a posledn\u00e1 hr\u00e1\u010dska zast\u00e1vka pred odchodom s rodinou do Spojen\u00fdch \u0161t\u00e1tov bola v Brentforde.<\/span><\/p>\n<p><span lang=\"sk-SK\">V t\u00edme Seattle Sounders p\u00f4sobil od roku 1974 ako hr\u00e1\u010d aj asistent tr\u00e9nera. V onej sez\u00f3ne stabilizoval obranu Sounders a z\u00edskal uznanie, ke\u010f ho vybrali do All Star t\u00edmu. Po\u010das roku 1976 sa Sounders pres\u0165ahovali do novopostaven\u00e9ho \u0161tadi\u00f3nu Kingdome. Tam strelil aj historicky prv\u00fd g\u00f3l proti New Yorku Cosmos s Pel\u00e9m. V roku 1977 nahradil Johna Besta vo funkcii hlavn\u00e9ho tr\u00e9nera Sounders.<\/span><\/p>\n<h4><span lang=\"sk-SK\">Mana\u017e\u00e9rska kari\u00e9ra<\/span><\/h4>\n<p><span lang=\"sk-SK\">Ke\u010f sa stal hlavn\u00fdm tr\u00e9nerom, mal vo svojom t\u00edme nieko\u013eko legiend Sounders, vr\u00e1tane Mika Englanda, Geoffa Hursta a Bobbyho Moora. Pod jeho veden\u00edm sa Seattle prebojoval do majstrovsk\u00e9ho z\u00e1pasu, no prehral s nen\u00e1viden\u00fdm New Yorkom Cosmos. Na prv\u00fd \u00faspe\u0161n\u00fd rok ale nedok\u00e1zal nadviaza\u0165 a v roku 1980 ho Seattle nahradili Alanom Hintonom. V roku 1980 prijal ponuku od Phoenix Fire, t\u00edmu, ktor\u00fd mal roz\u0161\u00edri\u0165 ASL, ale klub pred sez\u00f3nou po necelom roku existencie skon\u010dil.<\/span><\/p>\n<div id=\"attachment_15778\" style=\"width: 260px\" class=\"wp-caption alignright\"><img loading=\"lazy\" decoding=\"async\" aria-describedby=\"caption-attachment-15778\" class=\"wp-image-15778 size-full\" src=\"https:\/\/evertonfc.cz\/wp-content\/uploads\/2021\/07\/Jimmy-Gabriel-11-7-2021.jpg\" alt=\"\" width=\"250\" height=\"380\" srcset=\"https:\/\/evertonfc.cz\/wp-content\/uploads\/2021\/07\/Jimmy-Gabriel-11-7-2021.jpg 250w, https:\/\/evertonfc.cz\/wp-content\/uploads\/2021\/07\/Jimmy-Gabriel-11-7-2021-197x300.jpg 197w\" sizes=\"(max-width: 250px) 100vw, 250px\" \/><p id=\"caption-attachment-15778\" class=\"wp-caption-text\"><span style=\"font-size: 10pt;\">Jimmy Gabriel ako do\u010dasn\u00fd mana\u017e\u00e9r Evertonu v Premier League 1993\/94<\/span><\/p><\/div>\n<p><span lang=\"sk-SK\">Gabriel potom pokra\u010doval v tr\u00e9novan\u00ed v San Jos\u00e9 Earthquakes (NASL), kde hral aj George Best. V rokoch 1980\u20131982 na jednu vonkaj\u0161iu sez\u00f3nu a dve halov\u00e9 sez\u00f3ny.<\/span> O \u0161tyri roky nesk\u00f4r sa vr\u00e1til do Brit\u00e1nie, kde p\u00f4sobil v tr\u00e9nersk\u00fdch \u0161trukt\u00farach Bournemouthu a\u017e do <span lang=\"sk-SK\">n\u00e1vratu do Goodison Parku v roku 1990, ke\u010f sa stal asistentom Colina Harveyho. N\u00e1sledne prevzal vedenie rezervn\u00e9ho t\u00edmu Evertonu. Gabriel aj dvakr\u00e1t nast\u00fapil na poz\u00edciu do\u010dasn\u00e9ho mana\u017e\u00e9ra. V novembri 1990 na jeden z\u00e1pas pri v\u00ed\u0165azstve 3:0 nad Queens Park Rangers. A tie\u017e na sedem z\u00e1pasov v decembri 1993 a\u017e do janu\u00e1ra 1994.<\/span><\/p>\n<h4><span lang=\"sk-SK\">N\u00e1vrat do Ameriky<\/span><\/h4>\n<p><span lang=\"sk-SK\">Gabrielov druh\u00fd pobyt v Evertone trval sedem rokov a skon\u010dil sa v roku 1997, ke\u010f odi\u0161iel znova do Seattlu, kde pracoval v r\u00f4znych tr\u00e9nersk\u00fdch poz\u00edciach.<\/span> 2<span lang=\"sk-SK\">9. marca 2009 bol Gabriel pocten\u00fd nov\u00fdm klubom Seattle Sounders FC, u\u017e celkom z MLS, cenou \u201eZlat\u00fd \u0161\u00e1l\u201c za z\u00e1sluhy o futbal v Seattli. \u0160\u00e1l dostal na sl\u00e1vnostnom ceremoni\u00e1li na ihrisku pred druh\u00fdm z\u00e1pasom Sounders proti Realu Salt Lake.<\/span><\/p>\n<p><span lang=\"sk-SK\">Usadil sa s man\u017eelkou Pat.<\/span><span lang=\"zxx\"> S \u0148ou mal <\/span><span lang=\"sk-SK\">tri dc\u00e9ry. Do\u010dkal sa aj jeden\u00e1stich vn\u00fa\u010dat a \u0161iestich pravn\u00fa\u010dat. <\/span><span lang=\"zxx\">James Gabriel naposledy vyd\u00fdchol v\u010dera v univerzitnej nemocnici Banner Health Center v americkom Phoenixe.<\/span><\/p>\n<h4><span lang=\"zxx\">Bill Kenwright pre ofici\u00e1lny web:<\/span><\/h4>\n<p>\u201e\u2018<span lang=\"sk-SK\"><i>Anjel\u2019 Gabriel bol jedn\u00fdm z mojich prv\u00fdch skuto\u010dn\u00fdch hrdinov. Do Evertonu pri\u0161iel v prvej kapitole n\u00e1\u0161ho obdobia &#8222;milion\u00e1rov&#8220; kr\u00e1tko potom, \u010do sa klubu ujal sir John. Ve\u013emi r\u00fdchlo sa stal in\u0161pirat\u00edvnym prav\u00fdm z\u00e1lo\u017en\u00edkom a vytvoril \u00fa\u017easn\u00e9 nekompromisn\u00e9 partnerstvo s Brianom Harrisom v\u013eavo.\u201c<\/i><\/span><\/p>\n<p>\u201e<span lang=\"sk-SK\"><i>Bol to typ ml\u00e1denca, ktor\u00fd mohol a hral kdeko\u013evek. Nikdy nezabudnem na prv\u00fdkr\u00e1t, ke\u010f z nevyhnutnosti hral vpredu a okam\u017eite vyzeral ako prav\u00fd \u00fato\u010dn\u00edk Evertonu. Pam\u00e4t\u00e1m si, ako sme si mysleli, \u017ee sme na\u0161li n\u00e1\u0161ho nov\u00e9ho Davea Hicksona! Bol neboj\u00e1cny a desiv\u00fd pre s\u00faperov. Mnoho z n\u00e1s bolo smutn\u00fdch, ke\u010f sa vr\u00e1til sp\u00e4\u0165 do stredu po\u013ea. Ale nech hral kdeko\u013evek, v\u017edy dal zo seba v\u0161etko a je skuto\u010dne jedn\u00fdm z najv\u00e4\u010d\u0161\u00edch klubov\u00fdch velik\u00e1nov.&#8220;<\/i><\/span><\/p>\n<p>\u201e<span lang=\"sk-SK\"><i>Bol to tich\u00fd a skromn\u00fd mu\u017e mimo ihriska a je mi c\u0165ou, \u017ee som ho osobne spoznal, ke\u010f sa za\u010diatkom 90. rokov znovu pripojil k The Blues ako asistent Colina Harveyho. Futbalisti prich\u00e1dzaj\u00fa a odch\u00e1dzaj\u00fa do klubov. Ale v Evertone m\u00e1me ve\u013ea \u013eud\u00ed, ktor\u00ed tam, zd\u00e1 sa, boli nav\u017edy. Jedn\u00fdm z nich bol aj Jimmy Gabriel. V\u017edy modr\u00fd, hovoril mi. A v\u017edy legenda pre t\u00fdch \u0161\u0165astlivcov, ktor\u00ed boli svedkami jeho obetavosti a odhodlania k modr\u00e9mu dresu&#8230;\u201c<\/i><\/span><i> <\/i><\/p>\n","protected":false},"excerpt":{"rendered":"<p>V\u00fdnimo\u010dn\u00fd b\u00fdval\u00fd \u0161k\u00f3tsky z\u00e1lo\u017en\u00edk Evertonu n\u00e1s v\u010dera opustil vo veku 80 rokov. Po\u010das \u00e9ry Cattericka vyhral s klubom v sez\u00f3ne 1962\/63 ligov\u00fd titul a aj FA Cup 66\u00b4.<\/p>\n","protected":false},"author":1,"featured_media":15774,"comment_status":"open","ping_status":"closed","sticky":false,"template":"","format":"standard","meta":{"_eb_attr":"","_monsterinsights_skip_tracking":false,"_monsterinsights_sitenote_active":false,"_monsterinsights_sitenote_note":"","_monsterinsights_sitenote_category":0,"footnotes":""},"categories":[42],"tags":[],"yoast_head":"<!-- This site is optimized with the Yoast SEO plugin v23.4 - https:\/\/yoast.com\/wordpress\/plugins\/seo\/ -->\n<title>Zomrel Jimmy Gabriel - Official Czech &amp; Slovak Everton Supporters&#039; Club<\/title>\n<meta name=\"robots\" content=\"index, follow, max-snippet:-1, max-image-preview:large, max-video-preview:-1\" \/>\n<link rel=\"canonical\" href=\"https:\/\/evertonfc.cz\/index.php\/2021\/07\/11\/zomrel-jimmy-gabriel\/\" \/>\n<meta property=\"og:locale\" content=\"cs_CZ\" \/>\n<meta property=\"og:type\" content=\"article\" \/>\n<meta property=\"og:title\" content=\"Zomrel Jimmy Gabriel - Official Czech &amp; Slovak Everton Supporters&#039; Club\" \/>\n<meta property=\"og:description\" content=\"V\u00fdnimo\u010dn\u00fd b\u00fdval\u00fd \u0161k\u00f3tsky z\u00e1lo\u017en\u00edk Evertonu n\u00e1s v\u010dera opustil vo veku 80 rokov. Po\u010das \u00e9ry Cattericka vyhral s klubom v sez\u00f3ne 1962\/63 ligov\u00fd titul a aj FA Cup 66\u00b4.\" \/>\n<meta property=\"og:url\" content=\"https:\/\/evertonfc.cz\/index.php\/2021\/07\/11\/zomrel-jimmy-gabriel\/\" \/>\n<meta property=\"og:site_name\" content=\"Official Czech &amp; Slovak Everton Supporters&#039; Club\" \/>\n<meta property=\"article:publisher\" content=\"https:\/\/www.facebook.com\/everton.fans.cz.sk\" \/>\n<meta property=\"article:published_time\" content=\"2021-07-11T10:56:36+00:00\" \/>\n<meta property=\"article:modified_time\" content=\"2021-07-11T10:58:00+00:00\" \/>\n<meta property=\"og:image\" content=\"https:\/\/evertonfc.cz\/wp-content\/uploads\/2021\/07\/Jimmy-Gabriel-GettyImages-11-7-2021.jpg\" \/>\n\t<meta property=\"og:image:width\" content=\"720\" \/>\n\t<meta property=\"og:image:height\" content=\"405\" \/>\n\t<meta property=\"og:image:type\" content=\"image\/jpeg\" \/>\n<meta name=\"author\" content=\"BlueBlooded\" \/>\n<meta name=\"twitter:card\" content=\"summary_large_image\" \/>\n<meta name=\"twitter:label1\" content=\"Napsal(a)\" \/>\n\t<meta name=\"twitter:data1\" content=\"BlueBlooded\" \/>\n\t<meta name=\"twitter:label2\" content=\"Odhadovan\u00e1 doba \u010dten\u00ed\" \/>\n\t<meta name=\"twitter:data2\" content=\"6 minut\" \/>\n<script type=\"application\/ld+json\" class=\"yoast-schema-graph\">{\"@context\":\"https:\/\/schema.org\",\"@graph\":[{\"@type\":\"Article\",\"@id\":\"https:\/\/evertonfc.cz\/index.php\/2021\/07\/11\/zomrel-jimmy-gabriel\/#article\",\"isPartOf\":{\"@id\":\"https:\/\/evertonfc.cz\/index.php\/2021\/07\/11\/zomrel-jimmy-gabriel\/\"},\"author\":{\"name\":\"BlueBlooded\",\"@id\":\"https:\/\/evertonfc.cz\/#\/schema\/person\/d4493b8cbea51532597fbc4685698916\"},\"headline\":\"Zomrel Jimmy Gabriel\",\"datePublished\":\"2021-07-11T10:56:36+00:00\",\"dateModified\":\"2021-07-11T10:58:00+00:00\",\"mainEntityOfPage\":{\"@id\":\"https:\/\/evertonfc.cz\/index.php\/2021\/07\/11\/zomrel-jimmy-gabriel\/\"},\"wordCount\":1310,\"commentCount\":1,\"publisher\":{\"@id\":\"https:\/\/evertonfc.cz\/#organization\"},\"image\":{\"@id\":\"https:\/\/evertonfc.cz\/index.php\/2021\/07\/11\/zomrel-jimmy-gabriel\/#primaryimage\"},\"thumbnailUrl\":\"https:\/\/evertonfc.cz\/wp-content\/uploads\/2021\/07\/Jimmy-Gabriel-GettyImages-11-7-2021.jpg\",\"articleSection\":[\"Aktuality\"],\"inLanguage\":\"cs\",\"potentialAction\":[{\"@type\":\"CommentAction\",\"name\":\"Comment\",\"target\":[\"https:\/\/evertonfc.cz\/index.php\/2021\/07\/11\/zomrel-jimmy-gabriel\/#respond\"]}]},{\"@type\":\"WebPage\",\"@id\":\"https:\/\/evertonfc.cz\/index.php\/2021\/07\/11\/zomrel-jimmy-gabriel\/\",\"url\":\"https:\/\/evertonfc.cz\/index.php\/2021\/07\/11\/zomrel-jimmy-gabriel\/\",\"name\":\"Zomrel Jimmy Gabriel - Official Czech &amp; Slovak Everton Supporters&#039; Club\",\"isPartOf\":{\"@id\":\"https:\/\/evertonfc.cz\/#website\"},\"primaryImageOfPage\":{\"@id\":\"https:\/\/evertonfc.cz\/index.php\/2021\/07\/11\/zomrel-jimmy-gabriel\/#primaryimage\"},\"image\":{\"@id\":\"https:\/\/evertonfc.cz\/index.php\/2021\/07\/11\/zomrel-jimmy-gabriel\/#primaryimage\"},\"thumbnailUrl\":\"https:\/\/evertonfc.cz\/wp-content\/uploads\/2021\/07\/Jimmy-Gabriel-GettyImages-11-7-2021.jpg\",\"datePublished\":\"2021-07-11T10:56:36+00:00\",\"dateModified\":\"2021-07-11T10:58:00+00:00\",\"breadcrumb\":{\"@id\":\"https:\/\/evertonfc.cz\/index.php\/2021\/07\/11\/zomrel-jimmy-gabriel\/#breadcrumb\"},\"inLanguage\":\"cs\",\"potentialAction\":[{\"@type\":\"ReadAction\",\"target\":[\"https:\/\/evertonfc.cz\/index.php\/2021\/07\/11\/zomrel-jimmy-gabriel\/\"]}]},{\"@type\":\"ImageObject\",\"inLanguage\":\"cs\",\"@id\":\"https:\/\/evertonfc.cz\/index.php\/2021\/07\/11\/zomrel-jimmy-gabriel\/#primaryimage\",\"url\":\"https:\/\/evertonfc.cz\/wp-content\/uploads\/2021\/07\/Jimmy-Gabriel-GettyImages-11-7-2021.jpg\",\"contentUrl\":\"https:\/\/evertonfc.cz\/wp-content\/uploads\/2021\/07\/Jimmy-Gabriel-GettyImages-11-7-2021.jpg\",\"width\":720,\"height\":405},{\"@type\":\"BreadcrumbList\",\"@id\":\"https:\/\/evertonfc.cz\/index.php\/2021\/07\/11\/zomrel-jimmy-gabriel\/#breadcrumb\",\"itemListElement\":[{\"@type\":\"ListItem\",\"position\":1,\"name\":\"Home\",\"item\":\"https:\/\/evertonfc.cz\/\"},{\"@type\":\"ListItem\",\"position\":2,\"name\":\"Zomrel Jimmy Gabriel\"}]},{\"@type\":\"WebSite\",\"@id\":\"https:\/\/evertonfc.cz\/#website\",\"url\":\"https:\/\/evertonfc.cz\/\",\"name\":\"Official Czech &amp; Slovak Everton Supporters&#039; Club\",\"description\":\"\",\"publisher\":{\"@id\":\"https:\/\/evertonfc.cz\/#organization\"},\"potentialAction\":[{\"@type\":\"SearchAction\",\"target\":{\"@type\":\"EntryPoint\",\"urlTemplate\":\"https:\/\/evertonfc.cz\/?s={search_term_string}\"},\"query-input\":{\"@type\":\"PropertyValueSpecification\",\"valueRequired\":true,\"valueName\":\"search_term_string\"}}],\"inLanguage\":\"cs\"},{\"@type\":\"Organization\",\"@id\":\"https:\/\/evertonfc.cz\/#organization\",\"name\":\"Official Czech & Slovak Everton Supporters' Club\",\"url\":\"https:\/\/evertonfc.cz\/\",\"logo\":{\"@type\":\"ImageObject\",\"inLanguage\":\"cs\",\"@id\":\"https:\/\/evertonfc.cz\/#\/schema\/logo\/image\/\",\"url\":\"https:\/\/evertonfc.cz\/wp-content\/uploads\/2019\/05\/logo.png\",\"contentUrl\":\"https:\/\/evertonfc.cz\/wp-content\/uploads\/2019\/05\/logo.png\",\"width\":112,\"height\":112,\"caption\":\"Official Czech & Slovak Everton Supporters' Club\"},\"image\":{\"@id\":\"https:\/\/evertonfc.cz\/#\/schema\/logo\/image\/\"},\"sameAs\":[\"https:\/\/www.facebook.com\/everton.fans.cz.sk\"]},{\"@type\":\"Person\",\"@id\":\"https:\/\/evertonfc.cz\/#\/schema\/person\/d4493b8cbea51532597fbc4685698916\",\"name\":\"BlueBlooded\",\"url\":\"https:\/\/evertonfc.cz\/index.php\/author\/admin\/\"}]}<\/script>\n<!-- \/ Yoast SEO plugin. -->","yoast_head_json":{"title":"Zomrel Jimmy Gabriel - Official Czech &amp; Slovak Everton Supporters&#039; Club","robots":{"index":"index","follow":"follow","max-snippet":"max-snippet:-1","max-image-preview":"max-image-preview:large","max-video-preview":"max-video-preview:-1"},"canonical":"https:\/\/evertonfc.cz\/index.php\/2021\/07\/11\/zomrel-jimmy-gabriel\/","og_locale":"cs_CZ","og_type":"article","og_title":"Zomrel Jimmy Gabriel - Official Czech &amp; Slovak Everton Supporters&#039; Club","og_description":"V\u00fdnimo\u010dn\u00fd b\u00fdval\u00fd \u0161k\u00f3tsky z\u00e1lo\u017en\u00edk Evertonu n\u00e1s v\u010dera opustil vo veku 80 rokov. Po\u010das \u00e9ry Cattericka vyhral s klubom v sez\u00f3ne 1962\/63 ligov\u00fd titul a aj FA Cup 66\u00b4.","og_url":"https:\/\/evertonfc.cz\/index.php\/2021\/07\/11\/zomrel-jimmy-gabriel\/","og_site_name":"Official Czech &amp; Slovak Everton Supporters&#039; Club","article_publisher":"https:\/\/www.facebook.com\/everton.fans.cz.sk","article_published_time":"2021-07-11T10:56:36+00:00","article_modified_time":"2021-07-11T10:58:00+00:00","og_image":[{"width":720,"height":405,"url":"https:\/\/evertonfc.cz\/wp-content\/uploads\/2021\/07\/Jimmy-Gabriel-GettyImages-11-7-2021.jpg","type":"image\/jpeg"}],"author":"BlueBlooded","twitter_card":"summary_large_image","twitter_misc":{"Napsal(a)":"BlueBlooded","Odhadovan\u00e1 doba \u010dten\u00ed":"6 minut"},"schema":{"@context":"https:\/\/schema.org","@graph":[{"@type":"Article","@id":"https:\/\/evertonfc.cz\/index.php\/2021\/07\/11\/zomrel-jimmy-gabriel\/#article","isPartOf":{"@id":"https:\/\/evertonfc.cz\/index.php\/2021\/07\/11\/zomrel-jimmy-gabriel\/"},"author":{"name":"BlueBlooded","@id":"https:\/\/evertonfc.cz\/#\/schema\/person\/d4493b8cbea51532597fbc4685698916"},"headline":"Zomrel Jimmy Gabriel","datePublished":"2021-07-11T10:56:36+00:00","dateModified":"2021-07-11T10:58:00+00:00","mainEntityOfPage":{"@id":"https:\/\/evertonfc.cz\/index.php\/2021\/07\/11\/zomrel-jimmy-gabriel\/"},"wordCount":1310,"commentCount":1,"publisher":{"@id":"https:\/\/evertonfc.cz\/#organization"},"image":{"@id":"https:\/\/evertonfc.cz\/index.php\/2021\/07\/11\/zomrel-jimmy-gabriel\/#primaryimage"},"thumbnailUrl":"https:\/\/evertonfc.cz\/wp-content\/uploads\/2021\/07\/Jimmy-Gabriel-GettyImages-11-7-2021.jpg","articleSection":["Aktuality"],"inLanguage":"cs","potentialAction":[{"@type":"CommentAction","name":"Comment","target":["https:\/\/evertonfc.cz\/index.php\/2021\/07\/11\/zomrel-jimmy-gabriel\/#respond"]}]},{"@type":"WebPage","@id":"https:\/\/evertonfc.cz\/index.php\/2021\/07\/11\/zomrel-jimmy-gabriel\/","url":"https:\/\/evertonfc.cz\/index.php\/2021\/07\/11\/zomrel-jimmy-gabriel\/","name":"Zomrel Jimmy Gabriel - Official Czech &amp; Slovak Everton Supporters&#039; Club","isPartOf":{"@id":"https:\/\/evertonfc.cz\/#website"},"primaryImageOfPage":{"@id":"https:\/\/evertonfc.cz\/index.php\/2021\/07\/11\/zomrel-jimmy-gabriel\/#primaryimage"},"image":{"@id":"https:\/\/evertonfc.cz\/index.php\/2021\/07\/11\/zomrel-jimmy-gabriel\/#primaryimage"},"thumbnailUrl":"https:\/\/evertonfc.cz\/wp-content\/uploads\/2021\/07\/Jimmy-Gabriel-GettyImages-11-7-2021.jpg","datePublished":"2021-07-11T10:56:36+00:00","dateModified":"2021-07-11T10:58:00+00:00","breadcrumb":{"@id":"https:\/\/evertonfc.cz\/index.php\/2021\/07\/11\/zomrel-jimmy-gabriel\/#breadcrumb"},"inLanguage":"cs","potentialAction":[{"@type":"ReadAction","target":["https:\/\/evertonfc.cz\/index.php\/2021\/07\/11\/zomrel-jimmy-gabriel\/"]}]},{"@type":"ImageObject","inLanguage":"cs","@id":"https:\/\/evertonfc.cz\/index.php\/2021\/07\/11\/zomrel-jimmy-gabriel\/#primaryimage","url":"https:\/\/evertonfc.cz\/wp-content\/uploads\/2021\/07\/Jimmy-Gabriel-GettyImages-11-7-2021.jpg","contentUrl":"https:\/\/evertonfc.cz\/wp-content\/uploads\/2021\/07\/Jimmy-Gabriel-GettyImages-11-7-2021.jpg","width":720,"height":405},{"@type":"BreadcrumbList","@id":"https:\/\/evertonfc.cz\/index.php\/2021\/07\/11\/zomrel-jimmy-gabriel\/#breadcrumb","itemListElement":[{"@type":"ListItem","position":1,"name":"Home","item":"https:\/\/evertonfc.cz\/"},{"@type":"ListItem","position":2,"name":"Zomrel Jimmy Gabriel"}]},{"@type":"WebSite","@id":"https:\/\/evertonfc.cz\/#website","url":"https:\/\/evertonfc.cz\/","name":"Official Czech &amp; Slovak Everton Supporters&#039; Club","description":"","publisher":{"@id":"https:\/\/evertonfc.cz\/#organization"},"potentialAction":[{"@type":"SearchAction","target":{"@type":"EntryPoint","urlTemplate":"https:\/\/evertonfc.cz\/?s={search_term_string}"},"query-input":{"@type":"PropertyValueSpecification","valueRequired":true,"valueName":"search_term_string"}}],"inLanguage":"cs"},{"@type":"Organization","@id":"https:\/\/evertonfc.cz\/#organization","name":"Official Czech & Slovak Everton Supporters' Club","url":"https:\/\/evertonfc.cz\/","logo":{"@type":"ImageObject","inLanguage":"cs","@id":"https:\/\/evertonfc.cz\/#\/schema\/logo\/image\/","url":"https:\/\/evertonfc.cz\/wp-content\/uploads\/2019\/05\/logo.png","contentUrl":"https:\/\/evertonfc.cz\/wp-content\/uploads\/2019\/05\/logo.png","width":112,"height":112,"caption":"Official Czech & Slovak Everton Supporters' Club"},"image":{"@id":"https:\/\/evertonfc.cz\/#\/schema\/logo\/image\/"},"sameAs":["https:\/\/www.facebook.com\/everton.fans.cz.sk"]},{"@type":"Person","@id":"https:\/\/evertonfc.cz\/#\/schema\/person\/d4493b8cbea51532597fbc4685698916","name":"BlueBlooded","url":"https:\/\/evertonfc.cz\/index.php\/author\/admin\/"}]}},"_links":{"self":[{"href":"https:\/\/evertonfc.cz\/index.php\/wp-json\/wp\/v2\/posts\/15772"}],"collection":[{"href":"https:\/\/evertonfc.cz\/index.php\/wp-json\/wp\/v2\/posts"}],"about":[{"href":"https:\/\/evertonfc.cz\/index.php\/wp-json\/wp\/v2\/types\/post"}],"author":[{"embeddable":true,"href":"https:\/\/evertonfc.cz\/index.php\/wp-json\/wp\/v2\/users\/1"}],"replies":[{"embeddable":true,"href":"https:\/\/evertonfc.cz\/index.php\/wp-json\/wp\/v2\/comments?post=15772"}],"version-history":[{"count":8,"href":"https:\/\/evertonfc.cz\/index.php\/wp-json\/wp\/v2\/posts\/15772\/revisions"}],"predecessor-version":[{"id":15785,"href":"https:\/\/evertonfc.cz\/index.php\/wp-json\/wp\/v2\/posts\/15772\/revisions\/15785"}],"wp:featuredmedia":[{"embeddable":true,"href":"https:\/\/evertonfc.cz\/index.php\/wp-json\/wp\/v2\/media\/15774"}],"wp:attachment":[{"href":"https:\/\/evertonfc.cz\/index.php\/wp-json\/wp\/v2\/media?parent=15772"}],"wp:term":[{"taxonomy":"category","embeddable":true,"href":"https:\/\/evertonfc.cz\/index.php\/wp-json\/wp\/v2\/categories?post=15772"},{"taxonomy":"post_tag","embeddable":true,"href":"https:\/\/evertonfc.cz\/index.php\/wp-json\/wp\/v2\/tags?post=15772"}],"curies":[{"name":"wp","href":"https:\/\/api.w.org\/{rel}","templated":true}]}}