{"id":15820,"date":"2021-07-17T12:12:15","date_gmt":"2021-07-17T10:12:15","guid":{"rendered":"https:\/\/evertonfc.cz\/?p=15820"},"modified":"2021-07-18T20:42:53","modified_gmt":"2021-07-18T18:42:53","slug":"prichazi-leonie-maier","status":"publish","type":"post","link":"https:\/\/evertonfc.cz\/index.php\/2021\/07\/17\/prichazi-leonie-maier\/","title":{"rendered":"P\u0159ich\u00e1z\u00ed Leonie Maier"},"content":{"rendered":"<h4>Dal\u0161\u00ed posila dorazila na Walton Hall Park. Od lond\u00fdnsk\u00fdch Gunners p\u0159es\u00eddlila do zdrav\u011bj\u0161\u00edho p\u0159\u00edmo\u0159sk\u00e9ho prost\u0159ed\u00ed n\u011bmeck\u00e1 reprezentantka Leonie Maier.<\/h4>\n<p>P\u00e1tou posilou leto\u0161n\u00edho l\u00e9ta se stala 28 let\u00e1,163 cm vysok\u00e1 Leonie Rebeka Maier. Leonie poch\u00e1z\u00ed ze Stuttgartu, ale od roku 2019 byla k vid\u011bn\u00ed hlavn\u011b na anglick\u00fdch pa\u017eitech, kde br\u00e1nila barvy Arsenalu. A br\u00e1nila je doslovn\u011b, jeliko\u017e jej\u00ed\u00a0 pozic\u00ed je prav\u00fd bek (zapla\u0165p\u00e1nb\u016fh!). Co p\u0159edch\u00e1zelo jej\u00edmu p\u0159\u00edchodu do Evertonu?<\/p>\n<p>Jej\u00edm prvn\u00edm seri\u00f3zn\u00edm p\u016fsobi\u0161t\u011bm byl VfL Sindelfingen , kde hr\u00e1la v letech 2009-2010. Pot\u00e9 a\u017e do roku 2013 nastupovala za starobyl\u00fd\u00a0 \u00a0SC 07\u00a0 Bad Neuenahr (\u017eensk\u00fd t\u00fdm zde maj\u00ed od roku 1969 a pat\u0159\u00ed k zakl\u00e1daj\u00edc\u00edm \u010dlen\u016fm Bundesligy). Po \u00famrt\u00ed prezidenta klubu Bernarda Stemmelera upadl klub do insolvence a Maier byla nucena zm\u011bnit p\u016fsobi\u0161t\u011b.\u00a0 Jej\u00edm nov\u00fdm domovem se stal Bayern Mnichov. V Bavorsku hr\u00e1la spokojen\u011b a\u017e do roku 2019. Za dobu sv\u00e9ho p\u016fsoben\u00ed v Mnichov\u011b nastoupila do 92 z\u00e1pas\u016f a zaznamenala 4 branky. V letech 2015 a 2016 tak\u00e9 s klubem vyhr\u00e1la Bundesligu. Pak u\u017e Leonii zl\u00e1kaly b\u00edl\u00e9 \u00fatesy doversk\u00e9 a s nimi lond\u00fdnsk\u00fd Meadow Park &#8211; domov kanon\u00fdrek. V dresu Arsenalu odehr\u00e1la Maier 25 z\u00e1pas\u016f, do listiny st\u0159elky\u0148 se \u00fasp\u011b\u0161n\u011b nezapsala.<\/p>\n<p>Ve sv\u00e9 seniorsk\u00e9 kari\u00e9\u0159e reprezentuje N\u011bmecko od roku 2013 a byla p\u0159i tom, kdy\u017e n\u011bmeck\u00fd \u017eensk\u00fd fotbalov\u00fd t\u00fdm vyhr\u00e1l olympijsk\u00fd turnaj v roce 2016.<\/p>\n<p>Do Evertonu p\u0159ivedly Leonii ambice a vyhl\u00eddka na skv\u011blou budoucnost. Willie Kirk douf\u00e1, \u017ee v n\u00ed na\u0161el n\u00e1stupkyni Moe Wold. V\u011b\u0159me, \u017ee jak hr\u00e1\u010dka, tak mana\u017eer budou se svoj\u00ed volbou spokojeni.<\/p>\n<p>Willkommen in Everton, Leo!<\/p>\n<p style=\"text-align: right;\"><span style=\"font-size: 8pt;\"><em>Zdroje: wikipedia.org, dfb.de<\/em><\/span><\/p>\n","protected":false},"excerpt":{"rendered":"<p>Dal\u0161\u00ed posila dorazila na Walton Hall Park. Od lond\u00fdnsk\u00fdch Gunners p\u0159es\u00eddlila do zdrav\u011bj\u0161\u00edho p\u0159\u00edmo\u0159sk\u00e9ho prost\u0159ed\u00ed n\u011bmeck\u00e1 reprezentantka Leonie Maier.<\/p>\n","protected":false},"author":26,"featured_media":15837,"comment_status":"open","ping_status":"closed","sticky":false,"template":"","format":"standard","meta":{"_eb_attr":"","_monsterinsights_skip_tracking":false,"_monsterinsights_sitenote_active":false,"_monsterinsights_sitenote_note":"","_monsterinsights_sitenote_category":0,"footnotes":""},"categories":[110],"tags":[],"yoast_head":"<!-- This site is optimized with the Yoast SEO plugin v23.4 - https:\/\/yoast.com\/wordpress\/plugins\/seo\/ -->\n<title>P\u0159ich\u00e1z\u00ed Leonie Maier - Official Czech &amp; Slovak Everton Supporters&#039; Club<\/title>\n<meta name=\"robots\" content=\"index, follow, max-snippet:-1, max-image-preview:large, max-video-preview:-1\" \/>\n<link rel=\"canonical\" href=\"https:\/\/evertonfc.cz\/index.php\/2021\/07\/17\/prichazi-leonie-maier\/\" \/>\n<meta property=\"og:locale\" content=\"cs_CZ\" \/>\n<meta property=\"og:type\" content=\"article\" \/>\n<meta property=\"og:title\" content=\"P\u0159ich\u00e1z\u00ed Leonie Maier - Official Czech &amp; Slovak Everton Supporters&#039; Club\" \/>\n<meta property=\"og:description\" content=\"Dal\u0161\u00ed posila dorazila na Walton Hall Park. Od lond\u00fdnsk\u00fdch Gunners p\u0159es\u00eddlila do zdrav\u011bj\u0161\u00edho p\u0159\u00edmo\u0159sk\u00e9ho prost\u0159ed\u00ed n\u011bmeck\u00e1 reprezentantka Leonie Maier.\" \/>\n<meta property=\"og:url\" content=\"https:\/\/evertonfc.cz\/index.php\/2021\/07\/17\/prichazi-leonie-maier\/\" \/>\n<meta property=\"og:site_name\" content=\"Official Czech &amp; Slovak Everton Supporters&#039; Club\" \/>\n<meta property=\"article:publisher\" content=\"https:\/\/www.facebook.com\/everton.fans.cz.sk\" \/>\n<meta property=\"article:published_time\" content=\"2021-07-17T10:12:15+00:00\" \/>\n<meta property=\"article:modified_time\" content=\"2021-07-18T18:42:53+00:00\" \/>\n<meta property=\"og:image\" content=\"https:\/\/evertonfc.cz\/wp-content\/uploads\/2021\/07\/Leonie-Meier-16-7-2021.jpg\" \/>\n\t<meta property=\"og:image:width\" content=\"720\" \/>\n\t<meta property=\"og:image:height\" content=\"405\" \/>\n\t<meta property=\"og:image:type\" content=\"image\/jpeg\" \/>\n<meta name=\"author\" content=\"Karamela\" \/>\n<meta name=\"twitter:card\" content=\"summary_large_image\" \/>\n<meta name=\"twitter:label1\" content=\"Napsal(a)\" \/>\n\t<meta name=\"twitter:data1\" content=\"Karamela\" \/>\n\t<meta name=\"twitter:label2\" content=\"Odhadovan\u00e1 doba \u010dten\u00ed\" \/>\n\t<meta name=\"twitter:data2\" content=\"2 minuty\" \/>\n<script type=\"application\/ld+json\" class=\"yoast-schema-graph\">{\"@context\":\"https:\/\/schema.org\",\"@graph\":[{\"@type\":\"Article\",\"@id\":\"https:\/\/evertonfc.cz\/index.php\/2021\/07\/17\/prichazi-leonie-maier\/#article\",\"isPartOf\":{\"@id\":\"https:\/\/evertonfc.cz\/index.php\/2021\/07\/17\/prichazi-leonie-maier\/\"},\"author\":{\"name\":\"Karamela\",\"@id\":\"https:\/\/evertonfc.cz\/#\/schema\/person\/e9a24a80a32efa1344dd2c4e5882185c\"},\"headline\":\"P\u0159ich\u00e1z\u00ed Leonie Maier\",\"datePublished\":\"2021-07-17T10:12:15+00:00\",\"dateModified\":\"2021-07-18T18:42:53+00:00\",\"mainEntityOfPage\":{\"@id\":\"https:\/\/evertonfc.cz\/index.php\/2021\/07\/17\/prichazi-leonie-maier\/\"},\"wordCount\":318,\"commentCount\":0,\"publisher\":{\"@id\":\"https:\/\/evertonfc.cz\/#organization\"},\"image\":{\"@id\":\"https:\/\/evertonfc.cz\/index.php\/2021\/07\/17\/prichazi-leonie-maier\/#primaryimage\"},\"thumbnailUrl\":\"https:\/\/evertonfc.cz\/wp-content\/uploads\/2021\/07\/Leonie-Meier-16-7-2021.jpg\",\"articleSection\":[\"Everton Women\"],\"inLanguage\":\"cs\",\"potentialAction\":[{\"@type\":\"CommentAction\",\"name\":\"Comment\",\"target\":[\"https:\/\/evertonfc.cz\/index.php\/2021\/07\/17\/prichazi-leonie-maier\/#respond\"]}]},{\"@type\":\"WebPage\",\"@id\":\"https:\/\/evertonfc.cz\/index.php\/2021\/07\/17\/prichazi-leonie-maier\/\",\"url\":\"https:\/\/evertonfc.cz\/index.php\/2021\/07\/17\/prichazi-leonie-maier\/\",\"name\":\"P\u0159ich\u00e1z\u00ed Leonie Maier - Official Czech &amp; Slovak Everton Supporters&#039; Club\",\"isPartOf\":{\"@id\":\"https:\/\/evertonfc.cz\/#website\"},\"primaryImageOfPage\":{\"@id\":\"https:\/\/evertonfc.cz\/index.php\/2021\/07\/17\/prichazi-leonie-maier\/#primaryimage\"},\"image\":{\"@id\":\"https:\/\/evertonfc.cz\/index.php\/2021\/07\/17\/prichazi-leonie-maier\/#primaryimage\"},\"thumbnailUrl\":\"https:\/\/evertonfc.cz\/wp-content\/uploads\/2021\/07\/Leonie-Meier-16-7-2021.jpg\",\"datePublished\":\"2021-07-17T10:12:15+00:00\",\"dateModified\":\"2021-07-18T18:42:53+00:00\",\"breadcrumb\":{\"@id\":\"https:\/\/evertonfc.cz\/index.php\/2021\/07\/17\/prichazi-leonie-maier\/#breadcrumb\"},\"inLanguage\":\"cs\",\"potentialAction\":[{\"@type\":\"ReadAction\",\"target\":[\"https:\/\/evertonfc.cz\/index.php\/2021\/07\/17\/prichazi-leonie-maier\/\"]}]},{\"@type\":\"ImageObject\",\"inLanguage\":\"cs\",\"@id\":\"https:\/\/evertonfc.cz\/index.php\/2021\/07\/17\/prichazi-leonie-maier\/#primaryimage\",\"url\":\"https:\/\/evertonfc.cz\/wp-content\/uploads\/2021\/07\/Leonie-Meier-16-7-2021.jpg\",\"contentUrl\":\"https:\/\/evertonfc.cz\/wp-content\/uploads\/2021\/07\/Leonie-Meier-16-7-2021.jpg\",\"width\":720,\"height\":405},{\"@type\":\"BreadcrumbList\",\"@id\":\"https:\/\/evertonfc.cz\/index.php\/2021\/07\/17\/prichazi-leonie-maier\/#breadcrumb\",\"itemListElement\":[{\"@type\":\"ListItem\",\"position\":1,\"name\":\"Home\",\"item\":\"https:\/\/evertonfc.cz\/\"},{\"@type\":\"ListItem\",\"position\":2,\"name\":\"P\u0159ich\u00e1z\u00ed Leonie Maier\"}]},{\"@type\":\"WebSite\",\"@id\":\"https:\/\/evertonfc.cz\/#website\",\"url\":\"https:\/\/evertonfc.cz\/\",\"name\":\"Official Czech &amp; Slovak Everton Supporters&#039; Club\",\"description\":\"\",\"publisher\":{\"@id\":\"https:\/\/evertonfc.cz\/#organization\"},\"potentialAction\":[{\"@type\":\"SearchAction\",\"target\":{\"@type\":\"EntryPoint\",\"urlTemplate\":\"https:\/\/evertonfc.cz\/?s={search_term_string}\"},\"query-input\":{\"@type\":\"PropertyValueSpecification\",\"valueRequired\":true,\"valueName\":\"search_term_string\"}}],\"inLanguage\":\"cs\"},{\"@type\":\"Organization\",\"@id\":\"https:\/\/evertonfc.cz\/#organization\",\"name\":\"Official Czech & Slovak Everton Supporters' Club\",\"url\":\"https:\/\/evertonfc.cz\/\",\"logo\":{\"@type\":\"ImageObject\",\"inLanguage\":\"cs\",\"@id\":\"https:\/\/evertonfc.cz\/#\/schema\/logo\/image\/\",\"url\":\"https:\/\/evertonfc.cz\/wp-content\/uploads\/2019\/05\/logo.png\",\"contentUrl\":\"https:\/\/evertonfc.cz\/wp-content\/uploads\/2019\/05\/logo.png\",\"width\":112,\"height\":112,\"caption\":\"Official Czech & Slovak Everton Supporters' Club\"},\"image\":{\"@id\":\"https:\/\/evertonfc.cz\/#\/schema\/logo\/image\/\"},\"sameAs\":[\"https:\/\/www.facebook.com\/everton.fans.cz.sk\"]},{\"@type\":\"Person\",\"@id\":\"https:\/\/evertonfc.cz\/#\/schema\/person\/e9a24a80a32efa1344dd2c4e5882185c\",\"name\":\"Karamela\",\"url\":\"https:\/\/evertonfc.cz\/index.php\/author\/karamela\/\"}]}<\/script>\n<!-- \/ Yoast SEO plugin. -->","yoast_head_json":{"title":"P\u0159ich\u00e1z\u00ed Leonie Maier - Official Czech &amp; Slovak Everton Supporters&#039; Club","robots":{"index":"index","follow":"follow","max-snippet":"max-snippet:-1","max-image-preview":"max-image-preview:large","max-video-preview":"max-video-preview:-1"},"canonical":"https:\/\/evertonfc.cz\/index.php\/2021\/07\/17\/prichazi-leonie-maier\/","og_locale":"cs_CZ","og_type":"article","og_title":"P\u0159ich\u00e1z\u00ed Leonie Maier - Official Czech &amp; Slovak Everton Supporters&#039; Club","og_description":"Dal\u0161\u00ed posila dorazila na Walton Hall Park. Od lond\u00fdnsk\u00fdch Gunners p\u0159es\u00eddlila do zdrav\u011bj\u0161\u00edho p\u0159\u00edmo\u0159sk\u00e9ho prost\u0159ed\u00ed n\u011bmeck\u00e1 reprezentantka Leonie Maier.","og_url":"https:\/\/evertonfc.cz\/index.php\/2021\/07\/17\/prichazi-leonie-maier\/","og_site_name":"Official Czech &amp; Slovak Everton Supporters&#039; Club","article_publisher":"https:\/\/www.facebook.com\/everton.fans.cz.sk","article_published_time":"2021-07-17T10:12:15+00:00","article_modified_time":"2021-07-18T18:42:53+00:00","og_image":[{"width":720,"height":405,"url":"https:\/\/evertonfc.cz\/wp-content\/uploads\/2021\/07\/Leonie-Meier-16-7-2021.jpg","type":"image\/jpeg"}],"author":"Karamela","twitter_card":"summary_large_image","twitter_misc":{"Napsal(a)":"Karamela","Odhadovan\u00e1 doba \u010dten\u00ed":"2 minuty"},"schema":{"@context":"https:\/\/schema.org","@graph":[{"@type":"Article","@id":"https:\/\/evertonfc.cz\/index.php\/2021\/07\/17\/prichazi-leonie-maier\/#article","isPartOf":{"@id":"https:\/\/evertonfc.cz\/index.php\/2021\/07\/17\/prichazi-leonie-maier\/"},"author":{"name":"Karamela","@id":"https:\/\/evertonfc.cz\/#\/schema\/person\/e9a24a80a32efa1344dd2c4e5882185c"},"headline":"P\u0159ich\u00e1z\u00ed Leonie Maier","datePublished":"2021-07-17T10:12:15+00:00","dateModified":"2021-07-18T18:42:53+00:00","mainEntityOfPage":{"@id":"https:\/\/evertonfc.cz\/index.php\/2021\/07\/17\/prichazi-leonie-maier\/"},"wordCount":318,"commentCount":0,"publisher":{"@id":"https:\/\/evertonfc.cz\/#organization"},"image":{"@id":"https:\/\/evertonfc.cz\/index.php\/2021\/07\/17\/prichazi-leonie-maier\/#primaryimage"},"thumbnailUrl":"https:\/\/evertonfc.cz\/wp-content\/uploads\/2021\/07\/Leonie-Meier-16-7-2021.jpg","articleSection":["Everton Women"],"inLanguage":"cs","potentialAction":[{"@type":"CommentAction","name":"Comment","target":["https:\/\/evertonfc.cz\/index.php\/2021\/07\/17\/prichazi-leonie-maier\/#respond"]}]},{"@type":"WebPage","@id":"https:\/\/evertonfc.cz\/index.php\/2021\/07\/17\/prichazi-leonie-maier\/","url":"https:\/\/evertonfc.cz\/index.php\/2021\/07\/17\/prichazi-leonie-maier\/","name":"P\u0159ich\u00e1z\u00ed Leonie Maier - Official Czech &amp; Slovak Everton Supporters&#039; Club","isPartOf":{"@id":"https:\/\/evertonfc.cz\/#website"},"primaryImageOfPage":{"@id":"https:\/\/evertonfc.cz\/index.php\/2021\/07\/17\/prichazi-leonie-maier\/#primaryimage"},"image":{"@id":"https:\/\/evertonfc.cz\/index.php\/2021\/07\/17\/prichazi-leonie-maier\/#primaryimage"},"thumbnailUrl":"https:\/\/evertonfc.cz\/wp-content\/uploads\/2021\/07\/Leonie-Meier-16-7-2021.jpg","datePublished":"2021-07-17T10:12:15+00:00","dateModified":"2021-07-18T18:42:53+00:00","breadcrumb":{"@id":"https:\/\/evertonfc.cz\/index.php\/2021\/07\/17\/prichazi-leonie-maier\/#breadcrumb"},"inLanguage":"cs","potentialAction":[{"@type":"ReadAction","target":["https:\/\/evertonfc.cz\/index.php\/2021\/07\/17\/prichazi-leonie-maier\/"]}]},{"@type":"ImageObject","inLanguage":"cs","@id":"https:\/\/evertonfc.cz\/index.php\/2021\/07\/17\/prichazi-leonie-maier\/#primaryimage","url":"https:\/\/evertonfc.cz\/wp-content\/uploads\/2021\/07\/Leonie-Meier-16-7-2021.jpg","contentUrl":"https:\/\/evertonfc.cz\/wp-content\/uploads\/2021\/07\/Leonie-Meier-16-7-2021.jpg","width":720,"height":405},{"@type":"BreadcrumbList","@id":"https:\/\/evertonfc.cz\/index.php\/2021\/07\/17\/prichazi-leonie-maier\/#breadcrumb","itemListElement":[{"@type":"ListItem","position":1,"name":"Home","item":"https:\/\/evertonfc.cz\/"},{"@type":"ListItem","position":2,"name":"P\u0159ich\u00e1z\u00ed Leonie Maier"}]},{"@type":"WebSite","@id":"https:\/\/evertonfc.cz\/#website","url":"https:\/\/evertonfc.cz\/","name":"Official Czech &amp; Slovak Everton Supporters&#039; Club","description":"","publisher":{"@id":"https:\/\/evertonfc.cz\/#organization"},"potentialAction":[{"@type":"SearchAction","target":{"@type":"EntryPoint","urlTemplate":"https:\/\/evertonfc.cz\/?s={search_term_string}"},"query-input":{"@type":"PropertyValueSpecification","valueRequired":true,"valueName":"search_term_string"}}],"inLanguage":"cs"},{"@type":"Organization","@id":"https:\/\/evertonfc.cz\/#organization","name":"Official Czech & Slovak Everton Supporters' Club","url":"https:\/\/evertonfc.cz\/","logo":{"@type":"ImageObject","inLanguage":"cs","@id":"https:\/\/evertonfc.cz\/#\/schema\/logo\/image\/","url":"https:\/\/evertonfc.cz\/wp-content\/uploads\/2019\/05\/logo.png","contentUrl":"https:\/\/evertonfc.cz\/wp-content\/uploads\/2019\/05\/logo.png","width":112,"height":112,"caption":"Official Czech & Slovak Everton Supporters' Club"},"image":{"@id":"https:\/\/evertonfc.cz\/#\/schema\/logo\/image\/"},"sameAs":["https:\/\/www.facebook.com\/everton.fans.cz.sk"]},{"@type":"Person","@id":"https:\/\/evertonfc.cz\/#\/schema\/person\/e9a24a80a32efa1344dd2c4e5882185c","name":"Karamela","url":"https:\/\/evertonfc.cz\/index.php\/author\/karamela\/"}]}},"_links":{"self":[{"href":"https:\/\/evertonfc.cz\/index.php\/wp-json\/wp\/v2\/posts\/15820"}],"collection":[{"href":"https:\/\/evertonfc.cz\/index.php\/wp-json\/wp\/v2\/posts"}],"about":[{"href":"https:\/\/evertonfc.cz\/index.php\/wp-json\/wp\/v2\/types\/post"}],"author":[{"embeddable":true,"href":"https:\/\/evertonfc.cz\/index.php\/wp-json\/wp\/v2\/users\/26"}],"replies":[{"embeddable":true,"href":"https:\/\/evertonfc.cz\/index.php\/wp-json\/wp\/v2\/comments?post=15820"}],"version-history":[{"count":6,"href":"https:\/\/evertonfc.cz\/index.php\/wp-json\/wp\/v2\/posts\/15820\/revisions"}],"predecessor-version":[{"id":15830,"href":"https:\/\/evertonfc.cz\/index.php\/wp-json\/wp\/v2\/posts\/15820\/revisions\/15830"}],"wp:featuredmedia":[{"embeddable":true,"href":"https:\/\/evertonfc.cz\/index.php\/wp-json\/wp\/v2\/media\/15837"}],"wp:attachment":[{"href":"https:\/\/evertonfc.cz\/index.php\/wp-json\/wp\/v2\/media?parent=15820"}],"wp:term":[{"taxonomy":"category","embeddable":true,"href":"https:\/\/evertonfc.cz\/index.php\/wp-json\/wp\/v2\/categories?post=15820"},{"taxonomy":"post_tag","embeddable":true,"href":"https:\/\/evertonfc.cz\/index.php\/wp-json\/wp\/v2\/tags?post=15820"}],"curies":[{"name":"wp","href":"https:\/\/api.w.org\/{rel}","templated":true}]}}