{"id":15842,"date":"2021-07-21T07:55:51","date_gmt":"2021-07-21T05:55:51","guid":{"rendered":"https:\/\/evertonfc.cz\/?p=15842"},"modified":"2021-07-23T10:21:55","modified_gmt":"2021-07-23T08:21:55","slug":"begovic-a-townsend-prvni-posily-beniteze","status":"publish","type":"post","link":"https:\/\/evertonfc.cz\/index.php\/2021\/07\/21\/begovic-a-townsend-prvni-posily-beniteze\/","title":{"rendered":"Begovi\u0107 a Townsend \u2013 prvn\u00ed posily Ben\u00edteze"},"content":{"rendered":"<h4>Nov\u00fd mana\u017eer Rafael Ben\u00edtez roz\u0161\u00ed\u0159il k\u00e1dr Evertonu o dva zku\u0161en\u00e9 harcovn\u00edky, zdarma a bez fanf\u00e1r p\u0159ich\u00e1zej\u00ed brank\u00e1\u0159 Asmir Begovi\u0107 a k\u0159\u00eddeln\u00edk Andros Townsend.<\/h4>\n<p>30let\u00fd Townsend se st\u011bhuje na Goodison Park na voln\u00fd p\u0159estup z hlavn\u00edho m\u011bsta, kde p\u011bt let p\u016fsobil v dresu Crystalu Palace. Pracovit\u00fd k\u0159\u00eddeln\u00edk odehr\u00e1l za Eagles 185 z\u00e1pas\u016f, v nich\u017e vst\u0159elil 16 branek a p\u0159ipsal si 28 asistenc\u00ed.<\/p>\n<p><em>\u201eEverton je obrovsk\u00fd klub s ambicemi. Mo\u017en\u00e1 p\u0159ich\u00e1z\u00edm s n\u00e1lepkou hr\u00e1\u010de na lavi\u010dku, m\u00fdm \u00fakolem tedy bude p\u0159esv\u011bd\u010dit o tom, \u017ee se mohu st\u00e1t d\u016fle\u017eit\u00fdm \u010dlenem t\u00fdmu. Jsem motivovan\u00fd usp\u011bt a t\u011b\u0161\u00edm se na op\u011btovnou spolupr\u00e1ci s Rafou, kter\u00fd mi osobn\u011b zavolal, abych p\u0159estoupil k n\u011bmu do Evertonu. Pro m\u011b osobn\u011b se jednalo o velmi snadn\u00e9 rozhodnut\u00ed. C\u00edt\u00edm se na vrcholu sv\u00e9 kari\u00e9ry, co\u017e snad brzy n\u00e1zorn\u011b p\u0159edvedu,\u201c<\/em> pov\u011bd\u011bl 13n\u00e1sobn\u00fdch anglick\u00fd reprezentant.<\/p>\n<p>Ben\u00edtez vedl sv\u00e9ho obl\u00edbence na ja\u0159e 2016, kdy se oba potkali kr\u00e1tce v Newcastlu, s n\u00edm\u017e tehdy sestoupili z Premier League. Townsend je jinak odchovancem Tottenhamu Hotspur, kter\u00fd ho ale sp\u00ed\u0161e pos\u00edlal na r\u016fzn\u00e1 hostov\u00e1n\u00ed do ni\u017e\u0161\u00edch sout\u011b\u017e\u00ed, ne\u017e aby mu dal po\u0159\u00e1dnou \u0161anci. S\u00a0Toffees podepsal smlouvu na dva roky.<\/p>\n<p>Druhou n\u00edzkon\u00e1kladovou posilou je 34let\u00fd brank\u00e1\u0159 Asmir Begovi\u0107, jeho\u017e Toffees z\u00edskali zdarma z druholigov\u00e9ho Bournemouthu a uzav\u0159eli s n\u00edm smlouvu na jeden rok s opc\u00ed na dal\u0161\u00ed. Reprezentant Bosny a Hercegoviny odchytal v Premier League p\u0159es 250 z\u00e1pas\u016f b\u011bhem \u0161tac\u00ed ve Stoke, Chelsea a pr\u00e1v\u011b u Cherries, kde p\u016fsobil posledn\u00ed \u010dty\u0159i roky se st\u0159\u00eddav\u00fdmi \u00fasp\u011bchy. Kv\u016fli n\u00edzk\u00e9mu vyt\u00ed\u017een\u00ed si st\u0159ihl hostov\u00e1n\u00ed v \u00e1zerbajd\u017e\u00e1nsk\u00e9m Qarabagu \u010di mil\u00e1nsk\u00e9m AC, posledn\u00ed sez\u00f3nu se ale do\u010dkal pravideln\u00e9ho hern\u00edho vyt\u00ed\u017een\u00ed v Championshipu.<\/p>\n<p>V Evertonu by m\u011bl zaujmout pozici uvoln\u011bn\u00e9 brank\u00e1\u0159sk\u00e9 dvojky po odchodu Robina Olsena <em>\u201eDopl\u0148uji v\u00fdbornou brank\u00e1\u0159skou partu, kter\u00e9 v\u00e9vod\u00ed Jordan Pickford, g\u00f3lman sv\u011btov\u00e9 \u00farovn\u011b. T\u011b\u0161\u00edm se, jak se budeme v\u00a0na\u0161\u00ed branka\u0159sk\u00e9 skupin\u011b navz\u00e1jem vybi\u010dov\u00e1vat k\u00a0vysok\u00fdm standard\u016fm,\u201c<\/em> prozradil 199 centimetr\u016f vyt\u00e1hl\u00fd \u010dahoun.<\/p>\n<p>Podle d\u016fv\u011bryhodn\u00fdch zdroj\u016f by se m\u011bl na Goodison Park brzy st\u011bhovat i k\u0159\u00eddeln\u00edk Demarai Gray z Leverkusenu.<\/p>\n","protected":false},"excerpt":{"rendered":"<p>Nov\u00fd mana\u017eer Rafael Ben\u00edtez roz\u0161\u00ed\u0159il k\u00e1dr Evertonu o dva zku\u0161en\u00e9 harcovn\u00edky, zdarma a bez fanf\u00e1r p\u0159ich\u00e1zej\u00ed brank\u00e1\u0159 Asmir Begovi\u0107 a k\u0159\u00eddeln\u00edk Andros Townsend.<\/p>\n","protected":false},"author":6,"featured_media":15841,"comment_status":"open","ping_status":"closed","sticky":false,"template":"","format":"standard","meta":{"_eb_attr":"","_monsterinsights_skip_tracking":false,"_monsterinsights_sitenote_active":false,"_monsterinsights_sitenote_note":"","_monsterinsights_sitenote_category":0,"footnotes":""},"categories":[41],"tags":[],"yoast_head":"<!-- This site is optimized with the Yoast SEO plugin v23.4 - https:\/\/yoast.com\/wordpress\/plugins\/seo\/ -->\n<title>Begovi\u0107 a Townsend \u2013 prvn\u00ed posily Ben\u00edteze - Official Czech &amp; Slovak Everton Supporters&#039; Club<\/title>\n<meta name=\"robots\" content=\"index, follow, max-snippet:-1, max-image-preview:large, max-video-preview:-1\" \/>\n<link rel=\"canonical\" href=\"https:\/\/evertonfc.cz\/index.php\/2021\/07\/21\/begovic-a-townsend-prvni-posily-beniteze\/\" \/>\n<meta property=\"og:locale\" content=\"cs_CZ\" \/>\n<meta property=\"og:type\" content=\"article\" \/>\n<meta property=\"og:title\" content=\"Begovi\u0107 a Townsend \u2013 prvn\u00ed posily Ben\u00edteze - Official Czech &amp; Slovak Everton Supporters&#039; Club\" \/>\n<meta property=\"og:description\" content=\"Nov\u00fd mana\u017eer Rafael Ben\u00edtez roz\u0161\u00ed\u0159il k\u00e1dr Evertonu o dva zku\u0161en\u00e9 harcovn\u00edky, zdarma a bez fanf\u00e1r p\u0159ich\u00e1zej\u00ed brank\u00e1\u0159 Asmir Begovi\u0107 a k\u0159\u00eddeln\u00edk Andros Townsend.\" \/>\n<meta property=\"og:url\" content=\"https:\/\/evertonfc.cz\/index.php\/2021\/07\/21\/begovic-a-townsend-prvni-posily-beniteze\/\" \/>\n<meta property=\"og:site_name\" content=\"Official Czech &amp; Slovak Everton Supporters&#039; Club\" \/>\n<meta property=\"article:publisher\" content=\"https:\/\/www.facebook.com\/everton.fans.cz.sk\" \/>\n<meta property=\"article:published_time\" content=\"2021-07-21T05:55:51+00:00\" \/>\n<meta property=\"article:modified_time\" content=\"2021-07-23T08:21:55+00:00\" \/>\n<meta property=\"og:image\" content=\"https:\/\/evertonfc.cz\/wp-content\/uploads\/2021\/07\/begovic_townsend_21_7_2021.png\" \/>\n\t<meta property=\"og:image:width\" content=\"720\" \/>\n\t<meta property=\"og:image:height\" content=\"405\" \/>\n\t<meta property=\"og:image:type\" content=\"image\/png\" \/>\n<meta name=\"author\" content=\"Ri\u010di\" \/>\n<meta name=\"twitter:card\" content=\"summary_large_image\" \/>\n<meta name=\"twitter:creator\" content=\"@rbrejsa\" \/>\n<meta name=\"twitter:label1\" content=\"Napsal(a)\" \/>\n\t<meta name=\"twitter:data1\" content=\"Ri\u010di\" \/>\n\t<meta name=\"twitter:label2\" content=\"Odhadovan\u00e1 doba \u010dten\u00ed\" \/>\n\t<meta name=\"twitter:data2\" content=\"2 minuty\" \/>\n<script type=\"application\/ld+json\" class=\"yoast-schema-graph\">{\"@context\":\"https:\/\/schema.org\",\"@graph\":[{\"@type\":\"Article\",\"@id\":\"https:\/\/evertonfc.cz\/index.php\/2021\/07\/21\/begovic-a-townsend-prvni-posily-beniteze\/#article\",\"isPartOf\":{\"@id\":\"https:\/\/evertonfc.cz\/index.php\/2021\/07\/21\/begovic-a-townsend-prvni-posily-beniteze\/\"},\"author\":{\"name\":\"Ri\u010di\",\"@id\":\"https:\/\/evertonfc.cz\/#\/schema\/person\/f7a5daedb2ffee98480bc70e191aaef1\"},\"headline\":\"Begovi\u0107 a Townsend \u2013 prvn\u00ed posily Ben\u00edteze\",\"datePublished\":\"2021-07-21T05:55:51+00:00\",\"dateModified\":\"2021-07-23T08:21:55+00:00\",\"mainEntityOfPage\":{\"@id\":\"https:\/\/evertonfc.cz\/index.php\/2021\/07\/21\/begovic-a-townsend-prvni-posily-beniteze\/\"},\"wordCount\":442,\"commentCount\":3,\"publisher\":{\"@id\":\"https:\/\/evertonfc.cz\/#organization\"},\"image\":{\"@id\":\"https:\/\/evertonfc.cz\/index.php\/2021\/07\/21\/begovic-a-townsend-prvni-posily-beniteze\/#primaryimage\"},\"thumbnailUrl\":\"https:\/\/evertonfc.cz\/wp-content\/uploads\/2021\/07\/begovic_townsend_21_7_2021.png\",\"articleSection\":[\"P\u0159estupy\"],\"inLanguage\":\"cs\",\"potentialAction\":[{\"@type\":\"CommentAction\",\"name\":\"Comment\",\"target\":[\"https:\/\/evertonfc.cz\/index.php\/2021\/07\/21\/begovic-a-townsend-prvni-posily-beniteze\/#respond\"]}]},{\"@type\":\"WebPage\",\"@id\":\"https:\/\/evertonfc.cz\/index.php\/2021\/07\/21\/begovic-a-townsend-prvni-posily-beniteze\/\",\"url\":\"https:\/\/evertonfc.cz\/index.php\/2021\/07\/21\/begovic-a-townsend-prvni-posily-beniteze\/\",\"name\":\"Begovi\u0107 a Townsend \u2013 prvn\u00ed posily Ben\u00edteze - Official Czech &amp; Slovak Everton Supporters&#039; Club\",\"isPartOf\":{\"@id\":\"https:\/\/evertonfc.cz\/#website\"},\"primaryImageOfPage\":{\"@id\":\"https:\/\/evertonfc.cz\/index.php\/2021\/07\/21\/begovic-a-townsend-prvni-posily-beniteze\/#primaryimage\"},\"image\":{\"@id\":\"https:\/\/evertonfc.cz\/index.php\/2021\/07\/21\/begovic-a-townsend-prvni-posily-beniteze\/#primaryimage\"},\"thumbnailUrl\":\"https:\/\/evertonfc.cz\/wp-content\/uploads\/2021\/07\/begovic_townsend_21_7_2021.png\",\"datePublished\":\"2021-07-21T05:55:51+00:00\",\"dateModified\":\"2021-07-23T08:21:55+00:00\",\"breadcrumb\":{\"@id\":\"https:\/\/evertonfc.cz\/index.php\/2021\/07\/21\/begovic-a-townsend-prvni-posily-beniteze\/#breadcrumb\"},\"inLanguage\":\"cs\",\"potentialAction\":[{\"@type\":\"ReadAction\",\"target\":[\"https:\/\/evertonfc.cz\/index.php\/2021\/07\/21\/begovic-a-townsend-prvni-posily-beniteze\/\"]}]},{\"@type\":\"ImageObject\",\"inLanguage\":\"cs\",\"@id\":\"https:\/\/evertonfc.cz\/index.php\/2021\/07\/21\/begovic-a-townsend-prvni-posily-beniteze\/#primaryimage\",\"url\":\"https:\/\/evertonfc.cz\/wp-content\/uploads\/2021\/07\/begovic_townsend_21_7_2021.png\",\"contentUrl\":\"https:\/\/evertonfc.cz\/wp-content\/uploads\/2021\/07\/begovic_townsend_21_7_2021.png\",\"width\":720,\"height\":405},{\"@type\":\"BreadcrumbList\",\"@id\":\"https:\/\/evertonfc.cz\/index.php\/2021\/07\/21\/begovic-a-townsend-prvni-posily-beniteze\/#breadcrumb\",\"itemListElement\":[{\"@type\":\"ListItem\",\"position\":1,\"name\":\"Home\",\"item\":\"https:\/\/evertonfc.cz\/\"},{\"@type\":\"ListItem\",\"position\":2,\"name\":\"Begovi\u0107 a Townsend \u2013 prvn\u00ed posily Ben\u00edteze\"}]},{\"@type\":\"WebSite\",\"@id\":\"https:\/\/evertonfc.cz\/#website\",\"url\":\"https:\/\/evertonfc.cz\/\",\"name\":\"Official Czech &amp; Slovak Everton Supporters&#039; Club\",\"description\":\"\",\"publisher\":{\"@id\":\"https:\/\/evertonfc.cz\/#organization\"},\"potentialAction\":[{\"@type\":\"SearchAction\",\"target\":{\"@type\":\"EntryPoint\",\"urlTemplate\":\"https:\/\/evertonfc.cz\/?s={search_term_string}\"},\"query-input\":{\"@type\":\"PropertyValueSpecification\",\"valueRequired\":true,\"valueName\":\"search_term_string\"}}],\"inLanguage\":\"cs\"},{\"@type\":\"Organization\",\"@id\":\"https:\/\/evertonfc.cz\/#organization\",\"name\":\"Official Czech & Slovak Everton Supporters' Club\",\"url\":\"https:\/\/evertonfc.cz\/\",\"logo\":{\"@type\":\"ImageObject\",\"inLanguage\":\"cs\",\"@id\":\"https:\/\/evertonfc.cz\/#\/schema\/logo\/image\/\",\"url\":\"https:\/\/evertonfc.cz\/wp-content\/uploads\/2019\/05\/logo.png\",\"contentUrl\":\"https:\/\/evertonfc.cz\/wp-content\/uploads\/2019\/05\/logo.png\",\"width\":112,\"height\":112,\"caption\":\"Official Czech & Slovak Everton Supporters' Club\"},\"image\":{\"@id\":\"https:\/\/evertonfc.cz\/#\/schema\/logo\/image\/\"},\"sameAs\":[\"https:\/\/www.facebook.com\/everton.fans.cz.sk\"]},{\"@type\":\"Person\",\"@id\":\"https:\/\/evertonfc.cz\/#\/schema\/person\/f7a5daedb2ffee98480bc70e191aaef1\",\"name\":\"Ri\u010di\",\"sameAs\":[\"https:\/\/x.com\/rbrejsa\"],\"url\":\"https:\/\/evertonfc.cz\/index.php\/author\/rici\/\"}]}<\/script>\n<!-- \/ Yoast SEO plugin. -->","yoast_head_json":{"title":"Begovi\u0107 a Townsend \u2013 prvn\u00ed posily Ben\u00edteze - Official Czech &amp; Slovak Everton Supporters&#039; Club","robots":{"index":"index","follow":"follow","max-snippet":"max-snippet:-1","max-image-preview":"max-image-preview:large","max-video-preview":"max-video-preview:-1"},"canonical":"https:\/\/evertonfc.cz\/index.php\/2021\/07\/21\/begovic-a-townsend-prvni-posily-beniteze\/","og_locale":"cs_CZ","og_type":"article","og_title":"Begovi\u0107 a Townsend \u2013 prvn\u00ed posily Ben\u00edteze - Official Czech &amp; Slovak Everton Supporters&#039; Club","og_description":"Nov\u00fd mana\u017eer Rafael Ben\u00edtez roz\u0161\u00ed\u0159il k\u00e1dr Evertonu o dva zku\u0161en\u00e9 harcovn\u00edky, zdarma a bez fanf\u00e1r p\u0159ich\u00e1zej\u00ed brank\u00e1\u0159 Asmir Begovi\u0107 a k\u0159\u00eddeln\u00edk Andros Townsend.","og_url":"https:\/\/evertonfc.cz\/index.php\/2021\/07\/21\/begovic-a-townsend-prvni-posily-beniteze\/","og_site_name":"Official Czech &amp; Slovak Everton Supporters&#039; Club","article_publisher":"https:\/\/www.facebook.com\/everton.fans.cz.sk","article_published_time":"2021-07-21T05:55:51+00:00","article_modified_time":"2021-07-23T08:21:55+00:00","og_image":[{"width":720,"height":405,"url":"https:\/\/evertonfc.cz\/wp-content\/uploads\/2021\/07\/begovic_townsend_21_7_2021.png","type":"image\/png"}],"author":"Ri\u010di","twitter_card":"summary_large_image","twitter_creator":"@rbrejsa","twitter_misc":{"Napsal(a)":"Ri\u010di","Odhadovan\u00e1 doba \u010dten\u00ed":"2 minuty"},"schema":{"@context":"https:\/\/schema.org","@graph":[{"@type":"Article","@id":"https:\/\/evertonfc.cz\/index.php\/2021\/07\/21\/begovic-a-townsend-prvni-posily-beniteze\/#article","isPartOf":{"@id":"https:\/\/evertonfc.cz\/index.php\/2021\/07\/21\/begovic-a-townsend-prvni-posily-beniteze\/"},"author":{"name":"Ri\u010di","@id":"https:\/\/evertonfc.cz\/#\/schema\/person\/f7a5daedb2ffee98480bc70e191aaef1"},"headline":"Begovi\u0107 a Townsend \u2013 prvn\u00ed posily Ben\u00edteze","datePublished":"2021-07-21T05:55:51+00:00","dateModified":"2021-07-23T08:21:55+00:00","mainEntityOfPage":{"@id":"https:\/\/evertonfc.cz\/index.php\/2021\/07\/21\/begovic-a-townsend-prvni-posily-beniteze\/"},"wordCount":442,"commentCount":3,"publisher":{"@id":"https:\/\/evertonfc.cz\/#organization"},"image":{"@id":"https:\/\/evertonfc.cz\/index.php\/2021\/07\/21\/begovic-a-townsend-prvni-posily-beniteze\/#primaryimage"},"thumbnailUrl":"https:\/\/evertonfc.cz\/wp-content\/uploads\/2021\/07\/begovic_townsend_21_7_2021.png","articleSection":["P\u0159estupy"],"inLanguage":"cs","potentialAction":[{"@type":"CommentAction","name":"Comment","target":["https:\/\/evertonfc.cz\/index.php\/2021\/07\/21\/begovic-a-townsend-prvni-posily-beniteze\/#respond"]}]},{"@type":"WebPage","@id":"https:\/\/evertonfc.cz\/index.php\/2021\/07\/21\/begovic-a-townsend-prvni-posily-beniteze\/","url":"https:\/\/evertonfc.cz\/index.php\/2021\/07\/21\/begovic-a-townsend-prvni-posily-beniteze\/","name":"Begovi\u0107 a Townsend \u2013 prvn\u00ed posily Ben\u00edteze - Official Czech &amp; Slovak Everton Supporters&#039; Club","isPartOf":{"@id":"https:\/\/evertonfc.cz\/#website"},"primaryImageOfPage":{"@id":"https:\/\/evertonfc.cz\/index.php\/2021\/07\/21\/begovic-a-townsend-prvni-posily-beniteze\/#primaryimage"},"image":{"@id":"https:\/\/evertonfc.cz\/index.php\/2021\/07\/21\/begovic-a-townsend-prvni-posily-beniteze\/#primaryimage"},"thumbnailUrl":"https:\/\/evertonfc.cz\/wp-content\/uploads\/2021\/07\/begovic_townsend_21_7_2021.png","datePublished":"2021-07-21T05:55:51+00:00","dateModified":"2021-07-23T08:21:55+00:00","breadcrumb":{"@id":"https:\/\/evertonfc.cz\/index.php\/2021\/07\/21\/begovic-a-townsend-prvni-posily-beniteze\/#breadcrumb"},"inLanguage":"cs","potentialAction":[{"@type":"ReadAction","target":["https:\/\/evertonfc.cz\/index.php\/2021\/07\/21\/begovic-a-townsend-prvni-posily-beniteze\/"]}]},{"@type":"ImageObject","inLanguage":"cs","@id":"https:\/\/evertonfc.cz\/index.php\/2021\/07\/21\/begovic-a-townsend-prvni-posily-beniteze\/#primaryimage","url":"https:\/\/evertonfc.cz\/wp-content\/uploads\/2021\/07\/begovic_townsend_21_7_2021.png","contentUrl":"https:\/\/evertonfc.cz\/wp-content\/uploads\/2021\/07\/begovic_townsend_21_7_2021.png","width":720,"height":405},{"@type":"BreadcrumbList","@id":"https:\/\/evertonfc.cz\/index.php\/2021\/07\/21\/begovic-a-townsend-prvni-posily-beniteze\/#breadcrumb","itemListElement":[{"@type":"ListItem","position":1,"name":"Home","item":"https:\/\/evertonfc.cz\/"},{"@type":"ListItem","position":2,"name":"Begovi\u0107 a Townsend \u2013 prvn\u00ed posily Ben\u00edteze"}]},{"@type":"WebSite","@id":"https:\/\/evertonfc.cz\/#website","url":"https:\/\/evertonfc.cz\/","name":"Official Czech &amp; Slovak Everton Supporters&#039; Club","description":"","publisher":{"@id":"https:\/\/evertonfc.cz\/#organization"},"potentialAction":[{"@type":"SearchAction","target":{"@type":"EntryPoint","urlTemplate":"https:\/\/evertonfc.cz\/?s={search_term_string}"},"query-input":{"@type":"PropertyValueSpecification","valueRequired":true,"valueName":"search_term_string"}}],"inLanguage":"cs"},{"@type":"Organization","@id":"https:\/\/evertonfc.cz\/#organization","name":"Official Czech & Slovak Everton Supporters' Club","url":"https:\/\/evertonfc.cz\/","logo":{"@type":"ImageObject","inLanguage":"cs","@id":"https:\/\/evertonfc.cz\/#\/schema\/logo\/image\/","url":"https:\/\/evertonfc.cz\/wp-content\/uploads\/2019\/05\/logo.png","contentUrl":"https:\/\/evertonfc.cz\/wp-content\/uploads\/2019\/05\/logo.png","width":112,"height":112,"caption":"Official Czech & Slovak Everton Supporters' Club"},"image":{"@id":"https:\/\/evertonfc.cz\/#\/schema\/logo\/image\/"},"sameAs":["https:\/\/www.facebook.com\/everton.fans.cz.sk"]},{"@type":"Person","@id":"https:\/\/evertonfc.cz\/#\/schema\/person\/f7a5daedb2ffee98480bc70e191aaef1","name":"Ri\u010di","sameAs":["https:\/\/x.com\/rbrejsa"],"url":"https:\/\/evertonfc.cz\/index.php\/author\/rici\/"}]}},"_links":{"self":[{"href":"https:\/\/evertonfc.cz\/index.php\/wp-json\/wp\/v2\/posts\/15842"}],"collection":[{"href":"https:\/\/evertonfc.cz\/index.php\/wp-json\/wp\/v2\/posts"}],"about":[{"href":"https:\/\/evertonfc.cz\/index.php\/wp-json\/wp\/v2\/types\/post"}],"author":[{"embeddable":true,"href":"https:\/\/evertonfc.cz\/index.php\/wp-json\/wp\/v2\/users\/6"}],"replies":[{"embeddable":true,"href":"https:\/\/evertonfc.cz\/index.php\/wp-json\/wp\/v2\/comments?post=15842"}],"version-history":[{"count":4,"href":"https:\/\/evertonfc.cz\/index.php\/wp-json\/wp\/v2\/posts\/15842\/revisions"}],"predecessor-version":[{"id":15849,"href":"https:\/\/evertonfc.cz\/index.php\/wp-json\/wp\/v2\/posts\/15842\/revisions\/15849"}],"wp:featuredmedia":[{"embeddable":true,"href":"https:\/\/evertonfc.cz\/index.php\/wp-json\/wp\/v2\/media\/15841"}],"wp:attachment":[{"href":"https:\/\/evertonfc.cz\/index.php\/wp-json\/wp\/v2\/media?parent=15842"}],"wp:term":[{"taxonomy":"category","embeddable":true,"href":"https:\/\/evertonfc.cz\/index.php\/wp-json\/wp\/v2\/categories?post=15842"},{"taxonomy":"post_tag","embeddable":true,"href":"https:\/\/evertonfc.cz\/index.php\/wp-json\/wp\/v2\/tags?post=15842"}],"curies":[{"name":"wp","href":"https:\/\/api.w.org\/{rel}","templated":true}]}}