{"id":15858,"date":"2021-07-22T17:01:44","date_gmt":"2021-07-22T15:01:44","guid":{"rendered":"https:\/\/evertonfc.cz\/?p=15858"},"modified":"2021-07-23T21:47:16","modified_gmt":"2021-07-23T19:47:16","slug":"everton-podpisal-graya","status":"publish","type":"post","link":"https:\/\/evertonfc.cz\/index.php\/2021\/07\/22\/everton-podpisal-graya\/","title":{"rendered":"Everton podp\u00edsal Graya"},"content":{"rendered":"<h4>Ben\u00edtezova tretia posila prich\u00e1dza z\u00a0nemeckej Bundesligy. Pol polro\u010dnom p\u00f4soben\u00ed v\u00a0Bayere Leverkusen prich\u00e1dza 25 ro\u010dn\u00fd anglick\u00fd kr\u00eddeln\u00edk sp\u00e4\u0165 na ostrovy presved\u010di\u0165.<\/h4>\n<p>Demaraiov pr\u00edchod sa sfinalizoval potom, \u010do The Toffees aktivovali jeho klauzulu v zmluve s nemeck\u00fdm klubom, do ktor\u00e9ho sa technicky \u0161ikovn\u00fd a r\u00fdchly krajn\u00fd hr\u00e1\u010d presunul len v janu\u00e1ri tohto roku, po piatich sez\u00f3nach str\u00e1ven\u00fdch s Leicesterom City. S L\u00ed\u0161kami vyhral aj titul. V\u00fdkupn\u00e1 suma by sa mala pohybova\u0165 na \u00farovni 1.7 mili\u00f3na libier a podp\u00edsan\u00e1 zmluva plat\u00ed na tri roky, s opciou na \u0161tvrt\u00fd. Gray sa u\u017e nach\u00e1dza na Floride spolo\u010dne s t\u00edmom, pripravuj\u00faci sa na presez\u00f3nny turnaj. Lek\u00e1rsku prehliadku u\u017e absolvoval vo \u0161tvrtok.<\/p>\n<p>T\u00fato sez\u00f3nu bude nosi\u0165 na drese \u010d\u00edslo 11 a na ihrisku preferuje poz\u00edciu \u013eav\u00e9ho kr\u00eddla, hoci sa nebr\u00e1ni ktorejko\u013evek \u00falohe v \u00fatoku. S\u00e1m pre seba si stanovil cie\u013e sta\u0165 sa d\u00f4le\u017eitou s\u00fa\u010das\u0165ou t\u00edmu Rafu Ben\u00edteza. Napokon, to sa mu e\u0161te v Leicesteri ani v Leverkusene nepodarilo. Ale po\u010fme pekne poporiadku.<\/p>\n<h4><strong>Za\u010diatky<\/strong><\/h4>\n<p>Gray je rod\u00e1kom z\u00a0Birminghamu. Za juniorku hr\u00e1val v\u00a0t\u00edme miestneho amat\u00e9rskeho Cadbury Athletic. Ako desa\u0165ro\u010dn\u00fd pre\u0161iel do akad\u00e9mie Birminghamu City a\u00a0v\u00a0roku 2012 dostal aj dvojro\u010dn\u00e9 \u0161tipendium. Potom, \u010do oh\u00faril tr\u00e9nera Leeho Clarka, si v\u00a0okt\u00f3bri 2013 prip\u00edsal aj debut ako 17 ro\u010dn\u00fd v\u00a0druholigovom z\u00e1pase proti Millwallu, ke\u010f striedal Lingarda v\u00a0nadstavenom \u010dase pri v\u00fdhre 4:0.<\/p>\n<p>O\u00a0dva mesiace nesk\u00f4r \u00fa\u017e podpisoval prv\u00fa profesion\u00e1lnu zmluvu, a\u00a0sez\u00f3nu sa mu podarilo zakon\u010di\u0165 s\u00a0ocenen\u00edm Hr\u00e1\u010d akad\u00e9mie roka. V\u00a0nasleduj\u00facej sez\u00f3ne za\u010dal pravidelne hr\u00e1va\u0165, ke\u010f mana\u017e\u00e9r Lee Clark, a aj n\u00e1stupca Gary Rowett za\u010dali oce\u0148ovali jeho r\u00fdchlos\u0165, triky a\u00a0ment\u00e1lnu vyspelos\u0165. Nebol leniv\u00fd ani br\u00e1ni\u0165, dobre sa pohyboval bez lopty a\u00a0klinickos\u0165 v\u00a0zakon\u010den\u00ed mu tie\u017e nech\u00fdbala.<\/p>\n<p>Demarai v\u00a0tej sez\u00f3ne participoval a\u017e v\u00a041 ligov\u00fdch z\u00e1pasoch \u2013 z\u00a0toho do 28 nast\u00fapil ako \u010dlen z\u00e1kladnej zostavy. Strelil \u0161es\u0165 g\u00f3lov a\u00a0na dva prihral. Ro\u010dn\u00edk zav\u0155\u0161il debutom v\u00a0anglickej reprezent\u00e1cii do 20 rokov na turnaji v Toulone, kde sa stretol s Jordanom Pickfordom v\u00a0br\u00e1ne. Tri Levy dosiahli semifin\u00e1le. Birmigham mu op\u00e4\u0165 udelil klubov\u00fa cenu, tentoraz Mlad\u00fd hr\u00e1\u010d sez\u00f3ny.<\/p>\n<p>Nasleduj\u00face leto, aj v\u00a0predch\u00e1dzaj\u00facom zimnom prestupovom term\u00edne, sa objavili \u0161pekul\u00e1cie o\u00a0jeho odchode, aj kv\u00f4li zlej finan\u010dnej situ\u00e1cie klubu. Ponuky prich\u00e1dzali, ale boli zmietan\u00e9 zo stola ako ned\u00f4stojn\u00e9. Aj kv\u00f4li \u010derstv\u00e9mu pred\u013a\u017eeniu zmluvy. Gray tak e\u0161te polroka ostal v\u00a0druhom najv\u00e4\u010d\u0161om meste Anglicka. Kr\u00e1tko po otvoren\u00ed prestupov\u00e9ho okna v janu\u00e1ri 2016 putoval k\u00a0L\u00ed\u0161kam za necel\u00e9 4 mili\u00f3ny libier.<\/p>\n<h4><strong>Leicester City<\/strong><\/h4>\n<p>Po pr\u00edchode na King Power Stadium o\u010dak\u00e1vane zbieral min\u00faty len sporadicky, no bol chv\u00e1len\u00fd aj za ten margin\u00e1lny pr\u00ednos po\u010das udr\u017eania si prv\u00e9ho miesta v\u00a0\u00faspe\u0161nej honbe Leicesteru za historicky prv\u00fdm titulom. V sez\u00f3ne 2016\/17 sa predstavil v 30 z\u00e1pasoch Premier League. V deviatich z\u00a0nich od za\u010diatku. Uk\u00e1zal sa aj v Lige majstrov, a\u00a0to v septembri 2016. Dokopy si zahral p\u00e4\u0165kr\u00e1t v debutovej kampani Leicestru v poprednej eur\u00f3pskej klubovej s\u00fa\u0165a\u017ei. A to v\u00f4bec nie je na \u0161kodu.<\/p>\n<p>V nasleduj\u00facich dvoch sez\u00f3nach 17\/18 a 18\/19 hr\u00e1val kr\u00eddeln\u00edk na pravidelnej b\u00e1ze, prip\u00edsal si \u010fal\u0161\u00edch 40 ligov\u00fdch \u0161tartov a tie\u017e 23-kr\u00e1t nasko\u010dil z lavi\u010dky. Potom sa v\u0161ak s pr\u00edchodom Brendana Rodgersa veci zmenili a Gray sa ocitol v istej nemilosti. Najm\u00e4 objav Harveyho Barnesa mu ve\u013emi nepomohol. To vy\u00fastilo v nelichotiv\u00fd klubov\u00fd rekord, ke\u010f sa Demarai stal hr\u00e1\u010dom s najv\u00e4\u010d\u0161\u00edm po\u010dtom \u0161tartov z lavi\u010dky. Zo svojich 169 z\u00e1pasov vo v\u0161etk\u00fdch s\u00fa\u0165a\u017eiach v drese L\u00ed\u0161ok a\u017e 94 bolo pr\u00e1ve z lavi\u010dky n\u00e1hradn\u00edkov. Celkovo si v Leicesteri prip\u00edsal 13 g\u00f3lov a 17 asistenci\u00ed. A ako sa priznal v jednom z rozhovorov, u\u017e sa v klube nec\u00edtil viac \u017eiadan\u00fd a cenen\u00fd. Chcel zmenu.<\/p>\n<h4><strong>Bayer Leverkusen<\/strong><\/h4>\n<p>Polroka pred koncom zmluvy, ktorej pred\u013a\u017eenie zo strany Leicesteru odmietol, zamieril do nemeckej Bundesligy v\u00a0n\u00e1deji, \u017ee ako ve\u013ea anglick\u00fdch hr\u00e1\u010dov pred n\u00edm, dostane patri\u010dn\u00fd priestor, bude \u00faspe\u0161n\u00fd a\u00a0presad\u00ed sa. Zmluvu podp\u00edsal len na rok a\u00a0pol. Hne\u010f pri debute proti Stuttgartu vsietil g\u00f3l a\u00a0v\u00a0nasleduj\u00facich dvoch z\u00e1pasoch pridal aj po asistencii. Len\u017ee to bolo po zvy\u0161ok sez\u00f3ny v\u0161etko. V\u00a012 stretnutiach z\u00a018 mo\u017en\u00fdch, si 6-kr\u00e1t prip\u00edsal \u0161tart v\u00a0z\u00e1kladnej zostave a\u00a06-kr\u00e1t bol \u017eol\u00edkom.<\/p>\n<p style=\"text-align: right;\"><span style=\"font-size: 8pt;\">(fotozdroj: Sky Sports)<\/span><\/p>\n","protected":false},"excerpt":{"rendered":"<p>Ben\u00edtezova tretia posila prich\u00e1dza z\u00a0nemeckej Bundesligy. Pol polro\u010dnom p\u00f4soben\u00ed v\u00a0Bayere Leverkusen prich\u00e1dza 25 ro\u010dn\u00fd anglick\u00fd kr\u00eddeln\u00edk sp\u00e4\u0165 na ostrovy presved\u010di\u0165.<\/p>\n","protected":false},"author":1,"featured_media":15861,"comment_status":"open","ping_status":"closed","sticky":false,"template":"","format":"standard","meta":{"_eb_attr":"","_monsterinsights_skip_tracking":false,"_monsterinsights_sitenote_active":false,"_monsterinsights_sitenote_note":"","_monsterinsights_sitenote_category":0,"footnotes":""},"categories":[41],"tags":[],"yoast_head":"<!-- This site is optimized with the Yoast SEO plugin v23.4 - https:\/\/yoast.com\/wordpress\/plugins\/seo\/ -->\n<title>Everton podp\u00edsal Graya - Official Czech &amp; Slovak Everton Supporters&#039; Club<\/title>\n<meta name=\"robots\" content=\"index, follow, max-snippet:-1, max-image-preview:large, max-video-preview:-1\" \/>\n<link rel=\"canonical\" href=\"https:\/\/evertonfc.cz\/index.php\/2021\/07\/22\/everton-podpisal-graya\/\" \/>\n<meta property=\"og:locale\" content=\"cs_CZ\" \/>\n<meta property=\"og:type\" content=\"article\" \/>\n<meta property=\"og:title\" content=\"Everton podp\u00edsal Graya - Official Czech &amp; Slovak Everton Supporters&#039; Club\" \/>\n<meta property=\"og:description\" content=\"Ben\u00edtezova tretia posila prich\u00e1dza z\u00a0nemeckej Bundesligy. Pol polro\u010dnom p\u00f4soben\u00ed v\u00a0Bayere Leverkusen prich\u00e1dza 25 ro\u010dn\u00fd anglick\u00fd kr\u00eddeln\u00edk sp\u00e4\u0165 na ostrovy presved\u010di\u0165.\" \/>\n<meta property=\"og:url\" content=\"https:\/\/evertonfc.cz\/index.php\/2021\/07\/22\/everton-podpisal-graya\/\" \/>\n<meta property=\"og:site_name\" content=\"Official Czech &amp; Slovak Everton Supporters&#039; Club\" \/>\n<meta property=\"article:publisher\" content=\"https:\/\/www.facebook.com\/everton.fans.cz.sk\" \/>\n<meta property=\"article:published_time\" content=\"2021-07-22T15:01:44+00:00\" \/>\n<meta property=\"article:modified_time\" content=\"2021-07-23T19:47:16+00:00\" \/>\n<meta property=\"og:image\" content=\"https:\/\/evertonfc.cz\/wp-content\/uploads\/2021\/07\/Skysports-Demarai-Gray-22-7-2021.jpg\" \/>\n\t<meta property=\"og:image:width\" content=\"720\" \/>\n\t<meta property=\"og:image:height\" content=\"405\" \/>\n\t<meta property=\"og:image:type\" content=\"image\/jpeg\" \/>\n<meta name=\"author\" content=\"BlueBlooded\" \/>\n<meta name=\"twitter:card\" content=\"summary_large_image\" \/>\n<meta name=\"twitter:label1\" content=\"Napsal(a)\" \/>\n\t<meta name=\"twitter:data1\" content=\"BlueBlooded\" \/>\n\t<meta name=\"twitter:label2\" content=\"Odhadovan\u00e1 doba \u010dten\u00ed\" \/>\n\t<meta name=\"twitter:data2\" content=\"3 minuty\" \/>\n<script type=\"application\/ld+json\" class=\"yoast-schema-graph\">{\"@context\":\"https:\/\/schema.org\",\"@graph\":[{\"@type\":\"Article\",\"@id\":\"https:\/\/evertonfc.cz\/index.php\/2021\/07\/22\/everton-podpisal-graya\/#article\",\"isPartOf\":{\"@id\":\"https:\/\/evertonfc.cz\/index.php\/2021\/07\/22\/everton-podpisal-graya\/\"},\"author\":{\"name\":\"BlueBlooded\",\"@id\":\"https:\/\/evertonfc.cz\/#\/schema\/person\/d4493b8cbea51532597fbc4685698916\"},\"headline\":\"Everton podp\u00edsal Graya\",\"datePublished\":\"2021-07-22T15:01:44+00:00\",\"dateModified\":\"2021-07-23T19:47:16+00:00\",\"mainEntityOfPage\":{\"@id\":\"https:\/\/evertonfc.cz\/index.php\/2021\/07\/22\/everton-podpisal-graya\/\"},\"wordCount\":840,\"commentCount\":44,\"publisher\":{\"@id\":\"https:\/\/evertonfc.cz\/#organization\"},\"image\":{\"@id\":\"https:\/\/evertonfc.cz\/index.php\/2021\/07\/22\/everton-podpisal-graya\/#primaryimage\"},\"thumbnailUrl\":\"https:\/\/evertonfc.cz\/wp-content\/uploads\/2021\/07\/Skysports-Demarai-Gray-22-7-2021.jpg\",\"articleSection\":[\"P\u0159estupy\"],\"inLanguage\":\"cs\",\"potentialAction\":[{\"@type\":\"CommentAction\",\"name\":\"Comment\",\"target\":[\"https:\/\/evertonfc.cz\/index.php\/2021\/07\/22\/everton-podpisal-graya\/#respond\"]}]},{\"@type\":\"WebPage\",\"@id\":\"https:\/\/evertonfc.cz\/index.php\/2021\/07\/22\/everton-podpisal-graya\/\",\"url\":\"https:\/\/evertonfc.cz\/index.php\/2021\/07\/22\/everton-podpisal-graya\/\",\"name\":\"Everton podp\u00edsal Graya - Official Czech &amp; Slovak Everton Supporters&#039; Club\",\"isPartOf\":{\"@id\":\"https:\/\/evertonfc.cz\/#website\"},\"primaryImageOfPage\":{\"@id\":\"https:\/\/evertonfc.cz\/index.php\/2021\/07\/22\/everton-podpisal-graya\/#primaryimage\"},\"image\":{\"@id\":\"https:\/\/evertonfc.cz\/index.php\/2021\/07\/22\/everton-podpisal-graya\/#primaryimage\"},\"thumbnailUrl\":\"https:\/\/evertonfc.cz\/wp-content\/uploads\/2021\/07\/Skysports-Demarai-Gray-22-7-2021.jpg\",\"datePublished\":\"2021-07-22T15:01:44+00:00\",\"dateModified\":\"2021-07-23T19:47:16+00:00\",\"breadcrumb\":{\"@id\":\"https:\/\/evertonfc.cz\/index.php\/2021\/07\/22\/everton-podpisal-graya\/#breadcrumb\"},\"inLanguage\":\"cs\",\"potentialAction\":[{\"@type\":\"ReadAction\",\"target\":[\"https:\/\/evertonfc.cz\/index.php\/2021\/07\/22\/everton-podpisal-graya\/\"]}]},{\"@type\":\"ImageObject\",\"inLanguage\":\"cs\",\"@id\":\"https:\/\/evertonfc.cz\/index.php\/2021\/07\/22\/everton-podpisal-graya\/#primaryimage\",\"url\":\"https:\/\/evertonfc.cz\/wp-content\/uploads\/2021\/07\/Skysports-Demarai-Gray-22-7-2021.jpg\",\"contentUrl\":\"https:\/\/evertonfc.cz\/wp-content\/uploads\/2021\/07\/Skysports-Demarai-Gray-22-7-2021.jpg\",\"width\":720,\"height\":405},{\"@type\":\"BreadcrumbList\",\"@id\":\"https:\/\/evertonfc.cz\/index.php\/2021\/07\/22\/everton-podpisal-graya\/#breadcrumb\",\"itemListElement\":[{\"@type\":\"ListItem\",\"position\":1,\"name\":\"Home\",\"item\":\"https:\/\/evertonfc.cz\/\"},{\"@type\":\"ListItem\",\"position\":2,\"name\":\"Everton podp\u00edsal Graya\"}]},{\"@type\":\"WebSite\",\"@id\":\"https:\/\/evertonfc.cz\/#website\",\"url\":\"https:\/\/evertonfc.cz\/\",\"name\":\"Official Czech &amp; Slovak Everton Supporters&#039; Club\",\"description\":\"\",\"publisher\":{\"@id\":\"https:\/\/evertonfc.cz\/#organization\"},\"potentialAction\":[{\"@type\":\"SearchAction\",\"target\":{\"@type\":\"EntryPoint\",\"urlTemplate\":\"https:\/\/evertonfc.cz\/?s={search_term_string}\"},\"query-input\":{\"@type\":\"PropertyValueSpecification\",\"valueRequired\":true,\"valueName\":\"search_term_string\"}}],\"inLanguage\":\"cs\"},{\"@type\":\"Organization\",\"@id\":\"https:\/\/evertonfc.cz\/#organization\",\"name\":\"Official Czech & Slovak Everton Supporters' Club\",\"url\":\"https:\/\/evertonfc.cz\/\",\"logo\":{\"@type\":\"ImageObject\",\"inLanguage\":\"cs\",\"@id\":\"https:\/\/evertonfc.cz\/#\/schema\/logo\/image\/\",\"url\":\"https:\/\/evertonfc.cz\/wp-content\/uploads\/2019\/05\/logo.png\",\"contentUrl\":\"https:\/\/evertonfc.cz\/wp-content\/uploads\/2019\/05\/logo.png\",\"width\":112,\"height\":112,\"caption\":\"Official Czech & Slovak Everton Supporters' Club\"},\"image\":{\"@id\":\"https:\/\/evertonfc.cz\/#\/schema\/logo\/image\/\"},\"sameAs\":[\"https:\/\/www.facebook.com\/everton.fans.cz.sk\"]},{\"@type\":\"Person\",\"@id\":\"https:\/\/evertonfc.cz\/#\/schema\/person\/d4493b8cbea51532597fbc4685698916\",\"name\":\"BlueBlooded\",\"url\":\"https:\/\/evertonfc.cz\/index.php\/author\/admin\/\"}]}<\/script>\n<!-- \/ Yoast SEO plugin. -->","yoast_head_json":{"title":"Everton podp\u00edsal Graya - Official Czech &amp; Slovak Everton Supporters&#039; Club","robots":{"index":"index","follow":"follow","max-snippet":"max-snippet:-1","max-image-preview":"max-image-preview:large","max-video-preview":"max-video-preview:-1"},"canonical":"https:\/\/evertonfc.cz\/index.php\/2021\/07\/22\/everton-podpisal-graya\/","og_locale":"cs_CZ","og_type":"article","og_title":"Everton podp\u00edsal Graya - Official Czech &amp; Slovak Everton Supporters&#039; Club","og_description":"Ben\u00edtezova tretia posila prich\u00e1dza z\u00a0nemeckej Bundesligy. Pol polro\u010dnom p\u00f4soben\u00ed v\u00a0Bayere Leverkusen prich\u00e1dza 25 ro\u010dn\u00fd anglick\u00fd kr\u00eddeln\u00edk sp\u00e4\u0165 na ostrovy presved\u010di\u0165.","og_url":"https:\/\/evertonfc.cz\/index.php\/2021\/07\/22\/everton-podpisal-graya\/","og_site_name":"Official Czech &amp; Slovak Everton Supporters&#039; Club","article_publisher":"https:\/\/www.facebook.com\/everton.fans.cz.sk","article_published_time":"2021-07-22T15:01:44+00:00","article_modified_time":"2021-07-23T19:47:16+00:00","og_image":[{"width":720,"height":405,"url":"https:\/\/evertonfc.cz\/wp-content\/uploads\/2021\/07\/Skysports-Demarai-Gray-22-7-2021.jpg","type":"image\/jpeg"}],"author":"BlueBlooded","twitter_card":"summary_large_image","twitter_misc":{"Napsal(a)":"BlueBlooded","Odhadovan\u00e1 doba \u010dten\u00ed":"3 minuty"},"schema":{"@context":"https:\/\/schema.org","@graph":[{"@type":"Article","@id":"https:\/\/evertonfc.cz\/index.php\/2021\/07\/22\/everton-podpisal-graya\/#article","isPartOf":{"@id":"https:\/\/evertonfc.cz\/index.php\/2021\/07\/22\/everton-podpisal-graya\/"},"author":{"name":"BlueBlooded","@id":"https:\/\/evertonfc.cz\/#\/schema\/person\/d4493b8cbea51532597fbc4685698916"},"headline":"Everton podp\u00edsal Graya","datePublished":"2021-07-22T15:01:44+00:00","dateModified":"2021-07-23T19:47:16+00:00","mainEntityOfPage":{"@id":"https:\/\/evertonfc.cz\/index.php\/2021\/07\/22\/everton-podpisal-graya\/"},"wordCount":840,"commentCount":44,"publisher":{"@id":"https:\/\/evertonfc.cz\/#organization"},"image":{"@id":"https:\/\/evertonfc.cz\/index.php\/2021\/07\/22\/everton-podpisal-graya\/#primaryimage"},"thumbnailUrl":"https:\/\/evertonfc.cz\/wp-content\/uploads\/2021\/07\/Skysports-Demarai-Gray-22-7-2021.jpg","articleSection":["P\u0159estupy"],"inLanguage":"cs","potentialAction":[{"@type":"CommentAction","name":"Comment","target":["https:\/\/evertonfc.cz\/index.php\/2021\/07\/22\/everton-podpisal-graya\/#respond"]}]},{"@type":"WebPage","@id":"https:\/\/evertonfc.cz\/index.php\/2021\/07\/22\/everton-podpisal-graya\/","url":"https:\/\/evertonfc.cz\/index.php\/2021\/07\/22\/everton-podpisal-graya\/","name":"Everton podp\u00edsal Graya - Official Czech &amp; Slovak Everton Supporters&#039; Club","isPartOf":{"@id":"https:\/\/evertonfc.cz\/#website"},"primaryImageOfPage":{"@id":"https:\/\/evertonfc.cz\/index.php\/2021\/07\/22\/everton-podpisal-graya\/#primaryimage"},"image":{"@id":"https:\/\/evertonfc.cz\/index.php\/2021\/07\/22\/everton-podpisal-graya\/#primaryimage"},"thumbnailUrl":"https:\/\/evertonfc.cz\/wp-content\/uploads\/2021\/07\/Skysports-Demarai-Gray-22-7-2021.jpg","datePublished":"2021-07-22T15:01:44+00:00","dateModified":"2021-07-23T19:47:16+00:00","breadcrumb":{"@id":"https:\/\/evertonfc.cz\/index.php\/2021\/07\/22\/everton-podpisal-graya\/#breadcrumb"},"inLanguage":"cs","potentialAction":[{"@type":"ReadAction","target":["https:\/\/evertonfc.cz\/index.php\/2021\/07\/22\/everton-podpisal-graya\/"]}]},{"@type":"ImageObject","inLanguage":"cs","@id":"https:\/\/evertonfc.cz\/index.php\/2021\/07\/22\/everton-podpisal-graya\/#primaryimage","url":"https:\/\/evertonfc.cz\/wp-content\/uploads\/2021\/07\/Skysports-Demarai-Gray-22-7-2021.jpg","contentUrl":"https:\/\/evertonfc.cz\/wp-content\/uploads\/2021\/07\/Skysports-Demarai-Gray-22-7-2021.jpg","width":720,"height":405},{"@type":"BreadcrumbList","@id":"https:\/\/evertonfc.cz\/index.php\/2021\/07\/22\/everton-podpisal-graya\/#breadcrumb","itemListElement":[{"@type":"ListItem","position":1,"name":"Home","item":"https:\/\/evertonfc.cz\/"},{"@type":"ListItem","position":2,"name":"Everton podp\u00edsal Graya"}]},{"@type":"WebSite","@id":"https:\/\/evertonfc.cz\/#website","url":"https:\/\/evertonfc.cz\/","name":"Official Czech &amp; Slovak Everton Supporters&#039; Club","description":"","publisher":{"@id":"https:\/\/evertonfc.cz\/#organization"},"potentialAction":[{"@type":"SearchAction","target":{"@type":"EntryPoint","urlTemplate":"https:\/\/evertonfc.cz\/?s={search_term_string}"},"query-input":{"@type":"PropertyValueSpecification","valueRequired":true,"valueName":"search_term_string"}}],"inLanguage":"cs"},{"@type":"Organization","@id":"https:\/\/evertonfc.cz\/#organization","name":"Official Czech & Slovak Everton Supporters' Club","url":"https:\/\/evertonfc.cz\/","logo":{"@type":"ImageObject","inLanguage":"cs","@id":"https:\/\/evertonfc.cz\/#\/schema\/logo\/image\/","url":"https:\/\/evertonfc.cz\/wp-content\/uploads\/2019\/05\/logo.png","contentUrl":"https:\/\/evertonfc.cz\/wp-content\/uploads\/2019\/05\/logo.png","width":112,"height":112,"caption":"Official Czech & Slovak Everton Supporters' Club"},"image":{"@id":"https:\/\/evertonfc.cz\/#\/schema\/logo\/image\/"},"sameAs":["https:\/\/www.facebook.com\/everton.fans.cz.sk"]},{"@type":"Person","@id":"https:\/\/evertonfc.cz\/#\/schema\/person\/d4493b8cbea51532597fbc4685698916","name":"BlueBlooded","url":"https:\/\/evertonfc.cz\/index.php\/author\/admin\/"}]}},"_links":{"self":[{"href":"https:\/\/evertonfc.cz\/index.php\/wp-json\/wp\/v2\/posts\/15858"}],"collection":[{"href":"https:\/\/evertonfc.cz\/index.php\/wp-json\/wp\/v2\/posts"}],"about":[{"href":"https:\/\/evertonfc.cz\/index.php\/wp-json\/wp\/v2\/types\/post"}],"author":[{"embeddable":true,"href":"https:\/\/evertonfc.cz\/index.php\/wp-json\/wp\/v2\/users\/1"}],"replies":[{"embeddable":true,"href":"https:\/\/evertonfc.cz\/index.php\/wp-json\/wp\/v2\/comments?post=15858"}],"version-history":[{"count":10,"href":"https:\/\/evertonfc.cz\/index.php\/wp-json\/wp\/v2\/posts\/15858\/revisions"}],"predecessor-version":[{"id":15896,"href":"https:\/\/evertonfc.cz\/index.php\/wp-json\/wp\/v2\/posts\/15858\/revisions\/15896"}],"wp:featuredmedia":[{"embeddable":true,"href":"https:\/\/evertonfc.cz\/index.php\/wp-json\/wp\/v2\/media\/15861"}],"wp:attachment":[{"href":"https:\/\/evertonfc.cz\/index.php\/wp-json\/wp\/v2\/media?parent=15858"}],"wp:term":[{"taxonomy":"category","embeddable":true,"href":"https:\/\/evertonfc.cz\/index.php\/wp-json\/wp\/v2\/categories?post=15858"},{"taxonomy":"post_tag","embeddable":true,"href":"https:\/\/evertonfc.cz\/index.php\/wp-json\/wp\/v2\/tags?post=15858"}],"curies":[{"name":"wp","href":"https:\/\/api.w.org\/{rel}","templated":true}]}}