{"id":15872,"date":"2021-07-23T08:02:56","date_gmt":"2021-07-23T06:02:56","guid":{"rendered":"https:\/\/evertonfc.cz\/?p=15872"},"modified":"2021-07-23T10:18:26","modified_gmt":"2021-07-23T08:18:26","slug":"bernard-zakotvil-v-sae","status":"publish","type":"post","link":"https:\/\/evertonfc.cz\/index.php\/2021\/07\/23\/bernard-zakotvil-v-sae\/","title":{"rendered":"Bernard zakotvil v SAE"},"content":{"rendered":"<h4>S Evertonem se po t\u0159ech letech lou\u010d\u00ed brazilsk\u00fd ofenzivn\u00ed z\u00e1lo\u017en\u00edk Bernard, kter\u00fd bude nov\u011b obl\u00e9kat celku <a href=\"https:\/\/twitter.com\/SharjahFC\/status\/1418270904489021442\" target=\"_blank\" rel=\"noopener\">Sharjah<\/a> (\u010desky \u0160ard\u017e\u00e1) ve Spojen\u00fdch arabsk\u00fdch emir\u00e1tech.<\/h4>\n<p>Toffees pokra\u010duj\u00ed ve sv\u00e9m sna\u017een\u00ed u\u0161et\u0159it, kde se d\u00e1, do \u010deho\u017e je z velk\u00e9 \u010d\u00e1sti nut\u00ed finan\u010dn\u00ed pravidla, respektive \u0161patn\u00e9 hospoda\u0159en\u00ed. \u0160t\u011bdrou platovou politikou byli v posledn\u00edch letech odm\u011b\u0148ov\u00e1ni hr\u00e1\u010di, kte\u0159\u00ed posl\u00e9ze zaost\u00e1vali za o\u010dek\u00e1v\u00e1n\u00edmi sv\u00fdmi v\u00fdkony na h\u0159i\u0161ti. Bernard byl pr\u00e1v\u011b jeden z nich.<\/p>\n<p>Na Goodison Park p\u0159i\u0161el v l\u00e9t\u011b 2018 jako voln\u00fd hr\u00e1\u010d z ukrajinsk\u00e9ho \u0160achtaru, v jeho\u017e dresu si ud\u011blal v Evrop\u011b dobr\u00e9 jm\u00e9no zejm\u00e9na v\u00fdkony v Lize mistr\u016f, kter\u00e9 ho vynesly i do brazilsk\u00e9ho n\u00e1rodn\u00edho t\u00fdmu.<\/p>\n<p>O subtiln\u00edho m\u00ed\u010dov\u00e9ho filutu velmi st\u00e1l tehdej\u0161\u00ed mana\u017eer Marco Silva a Bernard byl klubem prezentov\u00e1n jako jedna z prvn\u00edch velk\u00fdch posil nov\u00e9 \u00e9ry, co\u017e se nakonec uk\u00e1zalo dosti daleko od pravdy. A proto\u017ee Bernard pat\u0159il mezi nejl\u00e9pe placen\u00e9 hr\u00e1\u010de t\u00fdmu \u2013 jeho t\u00fddenn\u00ed plat se pohyboval mezi 120 a\u017e 150 tis\u00edci liber, na n\u011b\u017e dos\u00e1hl i d\u00edky nulov\u00e9 p\u0159estupn\u00ed \u010d\u00e1stce \u2013 Everton se v posledn\u00edch m\u011bs\u00edc\u00edch netajil snahou se ho zbavit.<\/p>\n<p>Bernard odehr\u00e1l za t\u0159i roky u Blues 84 z\u00e1pas\u016f, v\u00a0nich\u017e vst\u0159elil osm branek. D\u016fv\u011b\u0159e mana\u017eera se t\u011b\u0161il hlavn\u011b ve sv\u00e9 prvn\u00ed sez\u00f3n\u011b 2018\/19, po odchodu Marca Silvy se ji\u017e jeho pobyt na h\u0159i\u0161ti zkracoval, a\u017e v\u00a0posledn\u00edch m\u011bs\u00edc\u00edch pod Carlem Ancelottim zasahoval do z\u00e1pas\u016f jen sporadicky.<\/p>\n<p>V\u00a0pam\u011bti ale z\u016fstane p\u00e1r jeho prvot\u0159\u00eddn\u00edch v\u00fdkon\u016f, kdy nazna\u010dil sv\u016fj potenci\u00e1l. Goodison Park ho v\u00a0takov\u00fdch p\u0159\u00edpadech po z\u00e1sluze odm\u011bnil potleskem ve stoje a hromov\u00fdm <em>chor\u00e1lem \u201eBernard&#8230; Bernard will tear you apart, again\u201c<\/em>. Nicm\u00e9n\u011b, jak u\u017e bylo nazna\u010deno, prvot\u0159\u00eddn\u00edch v\u00fdkon\u016f m\u011blo b\u00fdt v\u00edce.<\/p>\n<p>28let\u00fd Bernard odch\u00e1z\u00ed na Bl\u00edzk\u00fd v\u00fdchod rok p\u0159ed koncem smlouvy s Toffees za symbolickou \u010d\u00e1stku p\u0159estupu v\u00a0hodnot\u011b jednoho milionu liber. Na sv\u00e9 soci\u00e1ln\u00ed s\u00edt\u011b si p\u0159ipnul <a href=\"https:\/\/www.instagram.com\/p\/CRo5eZttc0c\/\" target=\"_blank\" rel=\"noopener\">emotivn\u00ed vzkaz na rozlou\u010denou<\/a>:<\/p>\n<p><em>\u201eNejprve bych r\u00e1d pod\u011bkoval fanou\u0161k\u016fm a hr\u00e1\u010d\u016fm, kte\u0159\u00ed m\u011b podporovali po celou dobu m\u00e9ho p\u016fsoben\u00ed v Evertonu. Od p\u0159\u00edchodu jste se ke mn\u011b chovali jako k \u010dlenovi rodiny. Bohu\u017eel se na\u0161lo n\u011bkolik jedinc\u016f, kte\u0159\u00ed na m\u011b nenechali nit suchou, ale kte\u0159\u00ed nev\u011bd\u00ed ani polovinu z toho, co se d\u011blo v z\u00e1kulis\u00ed. Jednou bych byl r\u00e1d konkr\u00e9tn\u011bj\u0161\u00ed, ale dnes chci b\u00fdt vd\u011b\u010dn\u00fd. Everton je obrovsk\u00fd klub s neuv\u011b\u0159itelnou histori\u00ed a mo\u017enostmi se vr\u00e1tit na v\u00fdslun\u00ed, kam tak\u00e9 pat\u0159\u00ed. Osobn\u011b jsem spokojen, jak jsem bojoval za Evertonu \u2013 v\u017edy jsem se sna\u017eil odevzdat to nejlep\u0161\u00ed, a\u0165 u\u017e v tr\u00e9ninc\u00edch, nebo z\u00e1pasech. Pros\u00edm p\u00e1na Boha, aby dohl\u00ed\u017eel na m\u00e9 p\u0159\u00e1tele v klubu, a douf\u00e1m, \u017ee Everton se op\u011bt do\u010dk\u00e1 trofej\u00ed, je\u017e si zaslou\u017e\u00ed.&#8220;<\/em><\/p>\n","protected":false},"excerpt":{"rendered":"<p>S Evertonem se po t\u0159ech letech lou\u010d\u00ed brazilsk\u00fd ofenzivn\u00ed z\u00e1lo\u017en\u00edk Bernard, kter\u00fd bude nov\u011b obl\u00e9kat celku Sharjah (\u010desky \u0160ard\u017e\u00e1) ve Spojen\u00fdch arabsk\u00fdch emir\u00e1tech.<\/p>\n","protected":false},"author":6,"featured_media":15871,"comment_status":"open","ping_status":"closed","sticky":false,"template":"","format":"standard","meta":{"_eb_attr":"","_monsterinsights_skip_tracking":false,"_monsterinsights_sitenote_active":false,"_monsterinsights_sitenote_note":"","_monsterinsights_sitenote_category":0,"footnotes":""},"categories":[41],"tags":[],"yoast_head":"<!-- This site is optimized with the Yoast SEO plugin v23.4 - https:\/\/yoast.com\/wordpress\/plugins\/seo\/ -->\n<title>Bernard zakotvil v SAE - Official Czech &amp; Slovak Everton Supporters&#039; Club<\/title>\n<meta name=\"robots\" content=\"index, follow, max-snippet:-1, max-image-preview:large, max-video-preview:-1\" \/>\n<link rel=\"canonical\" href=\"https:\/\/evertonfc.cz\/index.php\/2021\/07\/23\/bernard-zakotvil-v-sae\/\" \/>\n<meta property=\"og:locale\" content=\"cs_CZ\" \/>\n<meta property=\"og:type\" content=\"article\" \/>\n<meta property=\"og:title\" content=\"Bernard zakotvil v SAE - Official Czech &amp; Slovak Everton Supporters&#039; Club\" \/>\n<meta property=\"og:description\" content=\"S Evertonem se po t\u0159ech letech lou\u010d\u00ed brazilsk\u00fd ofenzivn\u00ed z\u00e1lo\u017en\u00edk Bernard, kter\u00fd bude nov\u011b obl\u00e9kat celku Sharjah (\u010desky \u0160ard\u017e\u00e1) ve Spojen\u00fdch arabsk\u00fdch emir\u00e1tech.\" \/>\n<meta property=\"og:url\" content=\"https:\/\/evertonfc.cz\/index.php\/2021\/07\/23\/bernard-zakotvil-v-sae\/\" \/>\n<meta property=\"og:site_name\" content=\"Official Czech &amp; Slovak Everton Supporters&#039; Club\" \/>\n<meta property=\"article:publisher\" content=\"https:\/\/www.facebook.com\/everton.fans.cz.sk\" \/>\n<meta property=\"article:published_time\" content=\"2021-07-23T06:02:56+00:00\" \/>\n<meta property=\"article:modified_time\" content=\"2021-07-23T08:18:26+00:00\" \/>\n<meta property=\"og:image\" content=\"https:\/\/evertonfc.cz\/wp-content\/uploads\/2021\/07\/bernard_23_7_2021.jpg\" \/>\n\t<meta property=\"og:image:width\" content=\"720\" \/>\n\t<meta property=\"og:image:height\" content=\"405\" \/>\n\t<meta property=\"og:image:type\" content=\"image\/jpeg\" \/>\n<meta name=\"author\" content=\"Ri\u010di\" \/>\n<meta name=\"twitter:card\" content=\"summary_large_image\" \/>\n<meta name=\"twitter:creator\" content=\"@rbrejsa\" \/>\n<meta name=\"twitter:label1\" content=\"Napsal(a)\" \/>\n\t<meta name=\"twitter:data1\" content=\"Ri\u010di\" \/>\n\t<meta name=\"twitter:label2\" content=\"Odhadovan\u00e1 doba \u010dten\u00ed\" \/>\n\t<meta name=\"twitter:data2\" content=\"2 minuty\" \/>\n<script type=\"application\/ld+json\" class=\"yoast-schema-graph\">{\"@context\":\"https:\/\/schema.org\",\"@graph\":[{\"@type\":\"Article\",\"@id\":\"https:\/\/evertonfc.cz\/index.php\/2021\/07\/23\/bernard-zakotvil-v-sae\/#article\",\"isPartOf\":{\"@id\":\"https:\/\/evertonfc.cz\/index.php\/2021\/07\/23\/bernard-zakotvil-v-sae\/\"},\"author\":{\"name\":\"Ri\u010di\",\"@id\":\"https:\/\/evertonfc.cz\/#\/schema\/person\/f7a5daedb2ffee98480bc70e191aaef1\"},\"headline\":\"Bernard zakotvil v SAE\",\"datePublished\":\"2021-07-23T06:02:56+00:00\",\"dateModified\":\"2021-07-23T08:18:26+00:00\",\"mainEntityOfPage\":{\"@id\":\"https:\/\/evertonfc.cz\/index.php\/2021\/07\/23\/bernard-zakotvil-v-sae\/\"},\"wordCount\":561,\"commentCount\":12,\"publisher\":{\"@id\":\"https:\/\/evertonfc.cz\/#organization\"},\"image\":{\"@id\":\"https:\/\/evertonfc.cz\/index.php\/2021\/07\/23\/bernard-zakotvil-v-sae\/#primaryimage\"},\"thumbnailUrl\":\"https:\/\/evertonfc.cz\/wp-content\/uploads\/2021\/07\/bernard_23_7_2021.jpg\",\"articleSection\":[\"P\u0159estupy\"],\"inLanguage\":\"cs\",\"potentialAction\":[{\"@type\":\"CommentAction\",\"name\":\"Comment\",\"target\":[\"https:\/\/evertonfc.cz\/index.php\/2021\/07\/23\/bernard-zakotvil-v-sae\/#respond\"]}]},{\"@type\":\"WebPage\",\"@id\":\"https:\/\/evertonfc.cz\/index.php\/2021\/07\/23\/bernard-zakotvil-v-sae\/\",\"url\":\"https:\/\/evertonfc.cz\/index.php\/2021\/07\/23\/bernard-zakotvil-v-sae\/\",\"name\":\"Bernard zakotvil v SAE - Official Czech &amp; Slovak Everton Supporters&#039; Club\",\"isPartOf\":{\"@id\":\"https:\/\/evertonfc.cz\/#website\"},\"primaryImageOfPage\":{\"@id\":\"https:\/\/evertonfc.cz\/index.php\/2021\/07\/23\/bernard-zakotvil-v-sae\/#primaryimage\"},\"image\":{\"@id\":\"https:\/\/evertonfc.cz\/index.php\/2021\/07\/23\/bernard-zakotvil-v-sae\/#primaryimage\"},\"thumbnailUrl\":\"https:\/\/evertonfc.cz\/wp-content\/uploads\/2021\/07\/bernard_23_7_2021.jpg\",\"datePublished\":\"2021-07-23T06:02:56+00:00\",\"dateModified\":\"2021-07-23T08:18:26+00:00\",\"breadcrumb\":{\"@id\":\"https:\/\/evertonfc.cz\/index.php\/2021\/07\/23\/bernard-zakotvil-v-sae\/#breadcrumb\"},\"inLanguage\":\"cs\",\"potentialAction\":[{\"@type\":\"ReadAction\",\"target\":[\"https:\/\/evertonfc.cz\/index.php\/2021\/07\/23\/bernard-zakotvil-v-sae\/\"]}]},{\"@type\":\"ImageObject\",\"inLanguage\":\"cs\",\"@id\":\"https:\/\/evertonfc.cz\/index.php\/2021\/07\/23\/bernard-zakotvil-v-sae\/#primaryimage\",\"url\":\"https:\/\/evertonfc.cz\/wp-content\/uploads\/2021\/07\/bernard_23_7_2021.jpg\",\"contentUrl\":\"https:\/\/evertonfc.cz\/wp-content\/uploads\/2021\/07\/bernard_23_7_2021.jpg\",\"width\":720,\"height\":405},{\"@type\":\"BreadcrumbList\",\"@id\":\"https:\/\/evertonfc.cz\/index.php\/2021\/07\/23\/bernard-zakotvil-v-sae\/#breadcrumb\",\"itemListElement\":[{\"@type\":\"ListItem\",\"position\":1,\"name\":\"Home\",\"item\":\"https:\/\/evertonfc.cz\/\"},{\"@type\":\"ListItem\",\"position\":2,\"name\":\"Bernard zakotvil v SAE\"}]},{\"@type\":\"WebSite\",\"@id\":\"https:\/\/evertonfc.cz\/#website\",\"url\":\"https:\/\/evertonfc.cz\/\",\"name\":\"Official Czech &amp; Slovak Everton Supporters&#039; Club\",\"description\":\"\",\"publisher\":{\"@id\":\"https:\/\/evertonfc.cz\/#organization\"},\"potentialAction\":[{\"@type\":\"SearchAction\",\"target\":{\"@type\":\"EntryPoint\",\"urlTemplate\":\"https:\/\/evertonfc.cz\/?s={search_term_string}\"},\"query-input\":{\"@type\":\"PropertyValueSpecification\",\"valueRequired\":true,\"valueName\":\"search_term_string\"}}],\"inLanguage\":\"cs\"},{\"@type\":\"Organization\",\"@id\":\"https:\/\/evertonfc.cz\/#organization\",\"name\":\"Official Czech & Slovak Everton Supporters' Club\",\"url\":\"https:\/\/evertonfc.cz\/\",\"logo\":{\"@type\":\"ImageObject\",\"inLanguage\":\"cs\",\"@id\":\"https:\/\/evertonfc.cz\/#\/schema\/logo\/image\/\",\"url\":\"https:\/\/evertonfc.cz\/wp-content\/uploads\/2019\/05\/logo.png\",\"contentUrl\":\"https:\/\/evertonfc.cz\/wp-content\/uploads\/2019\/05\/logo.png\",\"width\":112,\"height\":112,\"caption\":\"Official Czech & Slovak Everton Supporters' Club\"},\"image\":{\"@id\":\"https:\/\/evertonfc.cz\/#\/schema\/logo\/image\/\"},\"sameAs\":[\"https:\/\/www.facebook.com\/everton.fans.cz.sk\"]},{\"@type\":\"Person\",\"@id\":\"https:\/\/evertonfc.cz\/#\/schema\/person\/f7a5daedb2ffee98480bc70e191aaef1\",\"name\":\"Ri\u010di\",\"sameAs\":[\"https:\/\/x.com\/rbrejsa\"],\"url\":\"https:\/\/evertonfc.cz\/index.php\/author\/rici\/\"}]}<\/script>\n<!-- \/ Yoast SEO plugin. -->","yoast_head_json":{"title":"Bernard zakotvil v SAE - Official Czech &amp; Slovak Everton Supporters&#039; Club","robots":{"index":"index","follow":"follow","max-snippet":"max-snippet:-1","max-image-preview":"max-image-preview:large","max-video-preview":"max-video-preview:-1"},"canonical":"https:\/\/evertonfc.cz\/index.php\/2021\/07\/23\/bernard-zakotvil-v-sae\/","og_locale":"cs_CZ","og_type":"article","og_title":"Bernard zakotvil v SAE - Official Czech &amp; Slovak Everton Supporters&#039; Club","og_description":"S Evertonem se po t\u0159ech letech lou\u010d\u00ed brazilsk\u00fd ofenzivn\u00ed z\u00e1lo\u017en\u00edk Bernard, kter\u00fd bude nov\u011b obl\u00e9kat celku Sharjah (\u010desky \u0160ard\u017e\u00e1) ve Spojen\u00fdch arabsk\u00fdch emir\u00e1tech.","og_url":"https:\/\/evertonfc.cz\/index.php\/2021\/07\/23\/bernard-zakotvil-v-sae\/","og_site_name":"Official Czech &amp; Slovak Everton Supporters&#039; Club","article_publisher":"https:\/\/www.facebook.com\/everton.fans.cz.sk","article_published_time":"2021-07-23T06:02:56+00:00","article_modified_time":"2021-07-23T08:18:26+00:00","og_image":[{"width":720,"height":405,"url":"https:\/\/evertonfc.cz\/wp-content\/uploads\/2021\/07\/bernard_23_7_2021.jpg","type":"image\/jpeg"}],"author":"Ri\u010di","twitter_card":"summary_large_image","twitter_creator":"@rbrejsa","twitter_misc":{"Napsal(a)":"Ri\u010di","Odhadovan\u00e1 doba \u010dten\u00ed":"2 minuty"},"schema":{"@context":"https:\/\/schema.org","@graph":[{"@type":"Article","@id":"https:\/\/evertonfc.cz\/index.php\/2021\/07\/23\/bernard-zakotvil-v-sae\/#article","isPartOf":{"@id":"https:\/\/evertonfc.cz\/index.php\/2021\/07\/23\/bernard-zakotvil-v-sae\/"},"author":{"name":"Ri\u010di","@id":"https:\/\/evertonfc.cz\/#\/schema\/person\/f7a5daedb2ffee98480bc70e191aaef1"},"headline":"Bernard zakotvil v SAE","datePublished":"2021-07-23T06:02:56+00:00","dateModified":"2021-07-23T08:18:26+00:00","mainEntityOfPage":{"@id":"https:\/\/evertonfc.cz\/index.php\/2021\/07\/23\/bernard-zakotvil-v-sae\/"},"wordCount":561,"commentCount":12,"publisher":{"@id":"https:\/\/evertonfc.cz\/#organization"},"image":{"@id":"https:\/\/evertonfc.cz\/index.php\/2021\/07\/23\/bernard-zakotvil-v-sae\/#primaryimage"},"thumbnailUrl":"https:\/\/evertonfc.cz\/wp-content\/uploads\/2021\/07\/bernard_23_7_2021.jpg","articleSection":["P\u0159estupy"],"inLanguage":"cs","potentialAction":[{"@type":"CommentAction","name":"Comment","target":["https:\/\/evertonfc.cz\/index.php\/2021\/07\/23\/bernard-zakotvil-v-sae\/#respond"]}]},{"@type":"WebPage","@id":"https:\/\/evertonfc.cz\/index.php\/2021\/07\/23\/bernard-zakotvil-v-sae\/","url":"https:\/\/evertonfc.cz\/index.php\/2021\/07\/23\/bernard-zakotvil-v-sae\/","name":"Bernard zakotvil v SAE - Official Czech &amp; Slovak Everton Supporters&#039; Club","isPartOf":{"@id":"https:\/\/evertonfc.cz\/#website"},"primaryImageOfPage":{"@id":"https:\/\/evertonfc.cz\/index.php\/2021\/07\/23\/bernard-zakotvil-v-sae\/#primaryimage"},"image":{"@id":"https:\/\/evertonfc.cz\/index.php\/2021\/07\/23\/bernard-zakotvil-v-sae\/#primaryimage"},"thumbnailUrl":"https:\/\/evertonfc.cz\/wp-content\/uploads\/2021\/07\/bernard_23_7_2021.jpg","datePublished":"2021-07-23T06:02:56+00:00","dateModified":"2021-07-23T08:18:26+00:00","breadcrumb":{"@id":"https:\/\/evertonfc.cz\/index.php\/2021\/07\/23\/bernard-zakotvil-v-sae\/#breadcrumb"},"inLanguage":"cs","potentialAction":[{"@type":"ReadAction","target":["https:\/\/evertonfc.cz\/index.php\/2021\/07\/23\/bernard-zakotvil-v-sae\/"]}]},{"@type":"ImageObject","inLanguage":"cs","@id":"https:\/\/evertonfc.cz\/index.php\/2021\/07\/23\/bernard-zakotvil-v-sae\/#primaryimage","url":"https:\/\/evertonfc.cz\/wp-content\/uploads\/2021\/07\/bernard_23_7_2021.jpg","contentUrl":"https:\/\/evertonfc.cz\/wp-content\/uploads\/2021\/07\/bernard_23_7_2021.jpg","width":720,"height":405},{"@type":"BreadcrumbList","@id":"https:\/\/evertonfc.cz\/index.php\/2021\/07\/23\/bernard-zakotvil-v-sae\/#breadcrumb","itemListElement":[{"@type":"ListItem","position":1,"name":"Home","item":"https:\/\/evertonfc.cz\/"},{"@type":"ListItem","position":2,"name":"Bernard zakotvil v SAE"}]},{"@type":"WebSite","@id":"https:\/\/evertonfc.cz\/#website","url":"https:\/\/evertonfc.cz\/","name":"Official Czech &amp; Slovak Everton Supporters&#039; Club","description":"","publisher":{"@id":"https:\/\/evertonfc.cz\/#organization"},"potentialAction":[{"@type":"SearchAction","target":{"@type":"EntryPoint","urlTemplate":"https:\/\/evertonfc.cz\/?s={search_term_string}"},"query-input":{"@type":"PropertyValueSpecification","valueRequired":true,"valueName":"search_term_string"}}],"inLanguage":"cs"},{"@type":"Organization","@id":"https:\/\/evertonfc.cz\/#organization","name":"Official Czech & Slovak Everton Supporters' Club","url":"https:\/\/evertonfc.cz\/","logo":{"@type":"ImageObject","inLanguage":"cs","@id":"https:\/\/evertonfc.cz\/#\/schema\/logo\/image\/","url":"https:\/\/evertonfc.cz\/wp-content\/uploads\/2019\/05\/logo.png","contentUrl":"https:\/\/evertonfc.cz\/wp-content\/uploads\/2019\/05\/logo.png","width":112,"height":112,"caption":"Official Czech & Slovak Everton Supporters' Club"},"image":{"@id":"https:\/\/evertonfc.cz\/#\/schema\/logo\/image\/"},"sameAs":["https:\/\/www.facebook.com\/everton.fans.cz.sk"]},{"@type":"Person","@id":"https:\/\/evertonfc.cz\/#\/schema\/person\/f7a5daedb2ffee98480bc70e191aaef1","name":"Ri\u010di","sameAs":["https:\/\/x.com\/rbrejsa"],"url":"https:\/\/evertonfc.cz\/index.php\/author\/rici\/"}]}},"_links":{"self":[{"href":"https:\/\/evertonfc.cz\/index.php\/wp-json\/wp\/v2\/posts\/15872"}],"collection":[{"href":"https:\/\/evertonfc.cz\/index.php\/wp-json\/wp\/v2\/posts"}],"about":[{"href":"https:\/\/evertonfc.cz\/index.php\/wp-json\/wp\/v2\/types\/post"}],"author":[{"embeddable":true,"href":"https:\/\/evertonfc.cz\/index.php\/wp-json\/wp\/v2\/users\/6"}],"replies":[{"embeddable":true,"href":"https:\/\/evertonfc.cz\/index.php\/wp-json\/wp\/v2\/comments?post=15872"}],"version-history":[{"count":6,"href":"https:\/\/evertonfc.cz\/index.php\/wp-json\/wp\/v2\/posts\/15872\/revisions"}],"predecessor-version":[{"id":15878,"href":"https:\/\/evertonfc.cz\/index.php\/wp-json\/wp\/v2\/posts\/15872\/revisions\/15878"}],"wp:featuredmedia":[{"embeddable":true,"href":"https:\/\/evertonfc.cz\/index.php\/wp-json\/wp\/v2\/media\/15871"}],"wp:attachment":[{"href":"https:\/\/evertonfc.cz\/index.php\/wp-json\/wp\/v2\/media?parent=15872"}],"wp:term":[{"taxonomy":"category","embeddable":true,"href":"https:\/\/evertonfc.cz\/index.php\/wp-json\/wp\/v2\/categories?post=15872"},{"taxonomy":"post_tag","embeddable":true,"href":"https:\/\/evertonfc.cz\/index.php\/wp-json\/wp\/v2\/tags?post=15872"}],"curies":[{"name":"wp","href":"https:\/\/api.w.org\/{rel}","templated":true}]}}