{"id":15903,"date":"2021-07-26T20:26:00","date_gmt":"2021-07-26T18:26:00","guid":{"rendered":"https:\/\/evertonfc.cz\/?p=15903"},"modified":"2021-07-27T06:49:24","modified_gmt":"2021-07-27T04:49:24","slug":"everton-millonarios-2-1-pk","status":"publish","type":"post","link":"https:\/\/evertonfc.cz\/index.php\/2021\/07\/26\/everton-millonarios-2-1-pk\/","title":{"rendered":"Everton &#8211; Millonarios 2:1 po pen."},"content":{"rendered":"<h4>V\u00fdhra na ka\u017ed\u00e9m turnaji se po\u010d\u00edt\u00e1 &#8211; a Everton to dok\u00e1zal!!!<\/h4>\n<p>Na za\u010d\u00e1tek si p\u0159ipome\u0148me, jak se v\u0161e seb\u011bhlo. Turnaj m\u011bl m\u00edt \u010dty\u0159i t\u00fdmy &#8211; krom\u011b t\u00e9to dvojice je\u0161t\u011b Arsenal a Inter Mil\u00e1n. Oba t\u00fdmy se ale kv\u016fli koronaviru odhl\u00e1sily a z\u016fstala v n\u011bm pr\u00e1v\u011b tahle dvojice. Vz\u00e1jemn\u00e9 utk\u00e1n\u00ed se tak stalo soubojem o v\u00edt\u011bzstv\u00ed.<\/p>\n<p>Everton p\u0159ivezl na Floridu sp\u00ed\u0161e hr\u00e1\u010de \u0161ir\u0161\u00edho\u00a0 k\u00e1dru. Nen\u00ed divu. Pickford, Calvert-Lewin a Mina maj\u00ed volno po reprezenta\u010dn\u00edch povinnostech na kontinent\u00e1ln\u00edch mistrovstv\u00edch, Nkounkou a Richarlison hraj\u00ed na olympi\u00e1d\u011b v Tokiu, nejmenovan\u00fd z\u00e1lo\u017en\u00edk \u017eehl\u00ed nefotbalov\u00fd pr\u016f\u0161vih a Delph z\u016fstal v Brit\u00e1nii z preventivn\u00edch d\u016fvod\u016f, proto\u017ee byl ve styku s \u010dlov\u011bkem, kter\u00fd m\u00e1 koronavir. Hned se tak p\u0159edstavila trojice nov\u00fdch posil. Begovi\u0107 nastoupil v z\u00e1kladn\u00ed sestav\u011b, Gray vyst\u0159\u00eddal Townsenda do druh\u00e9ho polo\u010dasu.<\/p>\n<p>A pr\u00e1v\u011b nov\u00e1 posila byla ze za\u010d\u00e1tku celkem aktivn\u00ed, st\u0159elu Murillo bez probl\u00e9m\u016f kryl. Na druh\u00e9 stran\u011b kryl Begovi\u0107 hlavi\u010dku Llinase, kter\u00fd um\u00edstil puml\u00ed\u010d k ty\u010di. A pr\u00e1v\u011b tento stoper otev\u0159el sk\u00f3re. Begovi\u0107 p\u0159i rohu z\u016fstal na \u010d\u00e1\u0159e, rozhodl se nej\u00edt na m\u00ed\u010d, Llinas hlavi\u010dkoval nejd\u0159\u00edve do ty\u010de a kdy\u017e se k n\u011bmu m\u00ed\u010d odrazil, tak nem\u011bl probl\u00e9m napodruh\u00e9 zav\u011bsit ze t\u0159\u00ed metr\u016f &#8211; <strong>0:1!\u00a0<\/strong>V dobr\u00e9m v\u00fdkonu pokra\u010doval Townsend, ale \u00fato\u010dn\u00e1 f\u00e1ze trp\u011bla t\u00edm, \u017ee Rodr\u00edguez se dost stahoval do hloubi pole a Kean nebyl schopen podr\u017eet m\u00ed\u010d. A kdy\u017e mu Digne posadil m\u00ed\u010d na hlavu, tak p\u0159est\u0159elil. Po dal\u0161\u00edm z\u00e1kroku Begovi\u0107e znovu odcentroval Digne, tentokr\u00e1t na Townsenda. Ten se zasek\u00e1va\u010dkou p\u011bkn\u011b zbavil obr\u00e1nce, ale spojnice byla proti kr\u00e1sn\u00e9mu g\u00f3lu.<\/p>\n<p>Do druh\u00e9ho polo\u010dasu prob\u011bhlo n\u011bkolik st\u0159\u00edd\u00e1n\u00ed. A pr\u00e1v\u011b nov\u00fd mu\u017e na h\u0159i\u0161ti Broadhead si vynutil penaltu. K m\u00ed\u010di se postavil Gray a polovysokou st\u0159elou k prav\u00e9 ty\u010di srovnal &#8211;\u00a0<strong>1:1!\u00a0<\/strong>Naopak se neda\u0159ilo Iwobimu, n\u011bkolikr\u00e1t akci zadrbal. Je\u0161t\u011b v norm\u00e1ln\u00ed hrac\u00ed dob\u011b m\u011bl \u0161anci rozhodnout z\u00e1pas Broadhead, od p\u016flky utekl obran\u011b a b\u011b\u017eel s\u00e1m na brank\u00e1\u0159e, ale ten si trochu vyb\u011bhl a na\u0161el m\u00ed\u010d p\u0159imo na sv\u00fdch prsou. A kdy\u017e dvakr\u00e1t neusp\u011bl Gray, tak se \u0161lo na penalty.<\/p>\n<p>Begovi\u0107 vyrazil ve druh\u00e9 s\u00e9rii st\u0159elu Marquela, ale vz\u00e1p\u011bt\u00ed po kr\u00e1tk\u00e9m rozb\u011bhu trefil b\u0159evno Gordon. V\u0161ichni ostatn\u00ed hr\u00e1\u010di do pole penaltu prom\u011bnili, tak\u017ee se do jeden\u00e1ct\u00e9 dvojice penalt \u0161lo za stavu 10:10. Rozhodovali brank\u00e1\u0159i. Oba svou penaltu \u0161patn\u011b um\u00edstili, ale Begovi\u0107ovi se poda\u0159ilo uhodnout stranu a st\u0159elu Murilla vyrazit. Kapit\u00e1n Coleman tak po utk\u00e1n\u00ed zvedl nad hlavu st\u0159\u00edbrn\u00fd poh\u00e1r.<\/p>\n<p><strong>Branky:\u00a0<\/strong>65. Gray z penalty &#8211; 19. Llinas<\/p>\n<p><strong>Karty:\u00a0<\/strong>42. Coleman &#8211; 43. Pereira<\/p>\n<p><strong>Everton: <\/strong>Begovi\u0107 &#8211; Coleman (46. Kenny), Holgate (61. Keane), Godfrey (72. Gibson), Digne (61. Anderson) &#8211; Allan (61. Gbamin), Doucour\u00e9 (46. Gomes), Iwobi (72. Davies) &#8211; Townsend (46. Gray), Kean (46. Broadhead), Rodr\u00edguez (46. Gordon)<\/p>\n<p><strong>Millonarios:<\/strong> Vargas (46. Moreno), Roman, Llinas, Vargas, Perlaza, Pereira, Mojica, Vega, Rengifo, Uribe, Silva<\/p>\n","protected":false},"excerpt":{"rendered":"<p>V\u00fdhra na ka\u017ed\u00e9m turnaji se po\u010d\u00edt\u00e1 &#8211; a Everton to dok\u00e1zal!!!<\/p>\n","protected":false},"author":12,"featured_media":15909,"comment_status":"open","ping_status":"closed","sticky":false,"template":"","format":"standard","meta":{"_eb_attr":"","_monsterinsights_skip_tracking":false,"_monsterinsights_sitenote_active":false,"_monsterinsights_sitenote_note":"","_monsterinsights_sitenote_category":0,"footnotes":""},"categories":[4],"tags":[],"yoast_head":"<!-- This site is optimized with the Yoast SEO plugin v23.4 - https:\/\/yoast.com\/wordpress\/plugins\/seo\/ -->\n<title>Everton - Millonarios 2:1 po pen. - Official Czech &amp; Slovak Everton Supporters&#039; Club<\/title>\n<meta name=\"description\" content=\"Everton zv\u00edt\u011bzil ve Florida Cupu.\" \/>\n<meta name=\"robots\" content=\"index, follow, max-snippet:-1, max-image-preview:large, max-video-preview:-1\" \/>\n<link rel=\"canonical\" href=\"https:\/\/evertonfc.cz\/index.php\/2021\/07\/26\/everton-millonarios-2-1-pk\/\" \/>\n<meta property=\"og:locale\" content=\"cs_CZ\" \/>\n<meta property=\"og:type\" content=\"article\" \/>\n<meta property=\"og:title\" content=\"Everton - Millonarios 2:1 po pen. - Official Czech &amp; Slovak Everton Supporters&#039; Club\" \/>\n<meta property=\"og:description\" content=\"Everton zv\u00edt\u011bzil ve Florida Cupu.\" \/>\n<meta property=\"og:url\" content=\"https:\/\/evertonfc.cz\/index.php\/2021\/07\/26\/everton-millonarios-2-1-pk\/\" \/>\n<meta property=\"og:site_name\" content=\"Official Czech &amp; Slovak Everton Supporters&#039; Club\" \/>\n<meta property=\"article:publisher\" content=\"https:\/\/www.facebook.com\/everton.fans.cz.sk\" \/>\n<meta property=\"article:published_time\" content=\"2021-07-26T18:26:00+00:00\" \/>\n<meta property=\"article:modified_time\" content=\"2021-07-27T04:49:24+00:00\" \/>\n<meta property=\"og:image\" content=\"https:\/\/evertonfc.cz\/wp-content\/uploads\/2021\/07\/millonarios_26_7_2021.jpg\" \/>\n\t<meta property=\"og:image:width\" content=\"720\" \/>\n\t<meta property=\"og:image:height\" content=\"405\" \/>\n\t<meta property=\"og:image:type\" content=\"image\/jpeg\" \/>\n<meta name=\"author\" content=\"Javor\" \/>\n<meta name=\"twitter:card\" content=\"summary_large_image\" \/>\n<meta name=\"twitter:creator\" content=\"@LoudinJan\" \/>\n<meta name=\"twitter:label1\" content=\"Napsal(a)\" \/>\n\t<meta name=\"twitter:data1\" content=\"Javor\" \/>\n\t<meta name=\"twitter:label2\" content=\"Odhadovan\u00e1 doba \u010dten\u00ed\" \/>\n\t<meta name=\"twitter:data2\" content=\"2 minuty\" \/>\n<script type=\"application\/ld+json\" class=\"yoast-schema-graph\">{\"@context\":\"https:\/\/schema.org\",\"@graph\":[{\"@type\":\"Article\",\"@id\":\"https:\/\/evertonfc.cz\/index.php\/2021\/07\/26\/everton-millonarios-2-1-pk\/#article\",\"isPartOf\":{\"@id\":\"https:\/\/evertonfc.cz\/index.php\/2021\/07\/26\/everton-millonarios-2-1-pk\/\"},\"author\":{\"name\":\"Javor\",\"@id\":\"https:\/\/evertonfc.cz\/#\/schema\/person\/b30daf6a5852f4811f8207a17ec1bf78\"},\"headline\":\"Everton &#8211; Millonarios 2:1 po pen.\",\"datePublished\":\"2021-07-26T18:26:00+00:00\",\"dateModified\":\"2021-07-27T04:49:24+00:00\",\"mainEntityOfPage\":{\"@id\":\"https:\/\/evertonfc.cz\/index.php\/2021\/07\/26\/everton-millonarios-2-1-pk\/\"},\"wordCount\":581,\"commentCount\":2,\"publisher\":{\"@id\":\"https:\/\/evertonfc.cz\/#organization\"},\"image\":{\"@id\":\"https:\/\/evertonfc.cz\/index.php\/2021\/07\/26\/everton-millonarios-2-1-pk\/#primaryimage\"},\"thumbnailUrl\":\"https:\/\/evertonfc.cz\/wp-content\/uploads\/2021\/07\/millonarios_26_7_2021.jpg\",\"articleSection\":[\"Z\u00e1pasy\"],\"inLanguage\":\"cs\",\"potentialAction\":[{\"@type\":\"CommentAction\",\"name\":\"Comment\",\"target\":[\"https:\/\/evertonfc.cz\/index.php\/2021\/07\/26\/everton-millonarios-2-1-pk\/#respond\"]}]},{\"@type\":\"WebPage\",\"@id\":\"https:\/\/evertonfc.cz\/index.php\/2021\/07\/26\/everton-millonarios-2-1-pk\/\",\"url\":\"https:\/\/evertonfc.cz\/index.php\/2021\/07\/26\/everton-millonarios-2-1-pk\/\",\"name\":\"Everton - Millonarios 2:1 po pen. - Official Czech &amp; Slovak Everton Supporters&#039; Club\",\"isPartOf\":{\"@id\":\"https:\/\/evertonfc.cz\/#website\"},\"primaryImageOfPage\":{\"@id\":\"https:\/\/evertonfc.cz\/index.php\/2021\/07\/26\/everton-millonarios-2-1-pk\/#primaryimage\"},\"image\":{\"@id\":\"https:\/\/evertonfc.cz\/index.php\/2021\/07\/26\/everton-millonarios-2-1-pk\/#primaryimage\"},\"thumbnailUrl\":\"https:\/\/evertonfc.cz\/wp-content\/uploads\/2021\/07\/millonarios_26_7_2021.jpg\",\"datePublished\":\"2021-07-26T18:26:00+00:00\",\"dateModified\":\"2021-07-27T04:49:24+00:00\",\"description\":\"Everton zv\u00edt\u011bzil ve Florida Cupu.\",\"breadcrumb\":{\"@id\":\"https:\/\/evertonfc.cz\/index.php\/2021\/07\/26\/everton-millonarios-2-1-pk\/#breadcrumb\"},\"inLanguage\":\"cs\",\"potentialAction\":[{\"@type\":\"ReadAction\",\"target\":[\"https:\/\/evertonfc.cz\/index.php\/2021\/07\/26\/everton-millonarios-2-1-pk\/\"]}]},{\"@type\":\"ImageObject\",\"inLanguage\":\"cs\",\"@id\":\"https:\/\/evertonfc.cz\/index.php\/2021\/07\/26\/everton-millonarios-2-1-pk\/#primaryimage\",\"url\":\"https:\/\/evertonfc.cz\/wp-content\/uploads\/2021\/07\/millonarios_26_7_2021.jpg\",\"contentUrl\":\"https:\/\/evertonfc.cz\/wp-content\/uploads\/2021\/07\/millonarios_26_7_2021.jpg\",\"width\":720,\"height\":405},{\"@type\":\"BreadcrumbList\",\"@id\":\"https:\/\/evertonfc.cz\/index.php\/2021\/07\/26\/everton-millonarios-2-1-pk\/#breadcrumb\",\"itemListElement\":[{\"@type\":\"ListItem\",\"position\":1,\"name\":\"Home\",\"item\":\"https:\/\/evertonfc.cz\/\"},{\"@type\":\"ListItem\",\"position\":2,\"name\":\"Everton &#8211; Millonarios 2:1 po pen.\"}]},{\"@type\":\"WebSite\",\"@id\":\"https:\/\/evertonfc.cz\/#website\",\"url\":\"https:\/\/evertonfc.cz\/\",\"name\":\"Official Czech &amp; Slovak Everton Supporters&#039; Club\",\"description\":\"\",\"publisher\":{\"@id\":\"https:\/\/evertonfc.cz\/#organization\"},\"potentialAction\":[{\"@type\":\"SearchAction\",\"target\":{\"@type\":\"EntryPoint\",\"urlTemplate\":\"https:\/\/evertonfc.cz\/?s={search_term_string}\"},\"query-input\":{\"@type\":\"PropertyValueSpecification\",\"valueRequired\":true,\"valueName\":\"search_term_string\"}}],\"inLanguage\":\"cs\"},{\"@type\":\"Organization\",\"@id\":\"https:\/\/evertonfc.cz\/#organization\",\"name\":\"Official Czech & Slovak Everton Supporters' Club\",\"url\":\"https:\/\/evertonfc.cz\/\",\"logo\":{\"@type\":\"ImageObject\",\"inLanguage\":\"cs\",\"@id\":\"https:\/\/evertonfc.cz\/#\/schema\/logo\/image\/\",\"url\":\"https:\/\/evertonfc.cz\/wp-content\/uploads\/2019\/05\/logo.png\",\"contentUrl\":\"https:\/\/evertonfc.cz\/wp-content\/uploads\/2019\/05\/logo.png\",\"width\":112,\"height\":112,\"caption\":\"Official Czech & Slovak Everton Supporters' Club\"},\"image\":{\"@id\":\"https:\/\/evertonfc.cz\/#\/schema\/logo\/image\/\"},\"sameAs\":[\"https:\/\/www.facebook.com\/everton.fans.cz.sk\"]},{\"@type\":\"Person\",\"@id\":\"https:\/\/evertonfc.cz\/#\/schema\/person\/b30daf6a5852f4811f8207a17ec1bf78\",\"name\":\"Javor\",\"sameAs\":[\"https:\/\/x.com\/LoudinJan\"],\"url\":\"https:\/\/evertonfc.cz\/index.php\/author\/javor\/\"}]}<\/script>\n<!-- \/ Yoast SEO plugin. -->","yoast_head_json":{"title":"Everton - Millonarios 2:1 po pen. - Official Czech &amp; Slovak Everton Supporters&#039; Club","description":"Everton zv\u00edt\u011bzil ve Florida Cupu.","robots":{"index":"index","follow":"follow","max-snippet":"max-snippet:-1","max-image-preview":"max-image-preview:large","max-video-preview":"max-video-preview:-1"},"canonical":"https:\/\/evertonfc.cz\/index.php\/2021\/07\/26\/everton-millonarios-2-1-pk\/","og_locale":"cs_CZ","og_type":"article","og_title":"Everton - Millonarios 2:1 po pen. - Official Czech &amp; Slovak Everton Supporters&#039; Club","og_description":"Everton zv\u00edt\u011bzil ve Florida Cupu.","og_url":"https:\/\/evertonfc.cz\/index.php\/2021\/07\/26\/everton-millonarios-2-1-pk\/","og_site_name":"Official Czech &amp; Slovak Everton Supporters&#039; Club","article_publisher":"https:\/\/www.facebook.com\/everton.fans.cz.sk","article_published_time":"2021-07-26T18:26:00+00:00","article_modified_time":"2021-07-27T04:49:24+00:00","og_image":[{"width":720,"height":405,"url":"https:\/\/evertonfc.cz\/wp-content\/uploads\/2021\/07\/millonarios_26_7_2021.jpg","type":"image\/jpeg"}],"author":"Javor","twitter_card":"summary_large_image","twitter_creator":"@LoudinJan","twitter_misc":{"Napsal(a)":"Javor","Odhadovan\u00e1 doba \u010dten\u00ed":"2 minuty"},"schema":{"@context":"https:\/\/schema.org","@graph":[{"@type":"Article","@id":"https:\/\/evertonfc.cz\/index.php\/2021\/07\/26\/everton-millonarios-2-1-pk\/#article","isPartOf":{"@id":"https:\/\/evertonfc.cz\/index.php\/2021\/07\/26\/everton-millonarios-2-1-pk\/"},"author":{"name":"Javor","@id":"https:\/\/evertonfc.cz\/#\/schema\/person\/b30daf6a5852f4811f8207a17ec1bf78"},"headline":"Everton &#8211; Millonarios 2:1 po pen.","datePublished":"2021-07-26T18:26:00+00:00","dateModified":"2021-07-27T04:49:24+00:00","mainEntityOfPage":{"@id":"https:\/\/evertonfc.cz\/index.php\/2021\/07\/26\/everton-millonarios-2-1-pk\/"},"wordCount":581,"commentCount":2,"publisher":{"@id":"https:\/\/evertonfc.cz\/#organization"},"image":{"@id":"https:\/\/evertonfc.cz\/index.php\/2021\/07\/26\/everton-millonarios-2-1-pk\/#primaryimage"},"thumbnailUrl":"https:\/\/evertonfc.cz\/wp-content\/uploads\/2021\/07\/millonarios_26_7_2021.jpg","articleSection":["Z\u00e1pasy"],"inLanguage":"cs","potentialAction":[{"@type":"CommentAction","name":"Comment","target":["https:\/\/evertonfc.cz\/index.php\/2021\/07\/26\/everton-millonarios-2-1-pk\/#respond"]}]},{"@type":"WebPage","@id":"https:\/\/evertonfc.cz\/index.php\/2021\/07\/26\/everton-millonarios-2-1-pk\/","url":"https:\/\/evertonfc.cz\/index.php\/2021\/07\/26\/everton-millonarios-2-1-pk\/","name":"Everton - Millonarios 2:1 po pen. - Official Czech &amp; Slovak Everton Supporters&#039; Club","isPartOf":{"@id":"https:\/\/evertonfc.cz\/#website"},"primaryImageOfPage":{"@id":"https:\/\/evertonfc.cz\/index.php\/2021\/07\/26\/everton-millonarios-2-1-pk\/#primaryimage"},"image":{"@id":"https:\/\/evertonfc.cz\/index.php\/2021\/07\/26\/everton-millonarios-2-1-pk\/#primaryimage"},"thumbnailUrl":"https:\/\/evertonfc.cz\/wp-content\/uploads\/2021\/07\/millonarios_26_7_2021.jpg","datePublished":"2021-07-26T18:26:00+00:00","dateModified":"2021-07-27T04:49:24+00:00","description":"Everton zv\u00edt\u011bzil ve Florida Cupu.","breadcrumb":{"@id":"https:\/\/evertonfc.cz\/index.php\/2021\/07\/26\/everton-millonarios-2-1-pk\/#breadcrumb"},"inLanguage":"cs","potentialAction":[{"@type":"ReadAction","target":["https:\/\/evertonfc.cz\/index.php\/2021\/07\/26\/everton-millonarios-2-1-pk\/"]}]},{"@type":"ImageObject","inLanguage":"cs","@id":"https:\/\/evertonfc.cz\/index.php\/2021\/07\/26\/everton-millonarios-2-1-pk\/#primaryimage","url":"https:\/\/evertonfc.cz\/wp-content\/uploads\/2021\/07\/millonarios_26_7_2021.jpg","contentUrl":"https:\/\/evertonfc.cz\/wp-content\/uploads\/2021\/07\/millonarios_26_7_2021.jpg","width":720,"height":405},{"@type":"BreadcrumbList","@id":"https:\/\/evertonfc.cz\/index.php\/2021\/07\/26\/everton-millonarios-2-1-pk\/#breadcrumb","itemListElement":[{"@type":"ListItem","position":1,"name":"Home","item":"https:\/\/evertonfc.cz\/"},{"@type":"ListItem","position":2,"name":"Everton &#8211; Millonarios 2:1 po pen."}]},{"@type":"WebSite","@id":"https:\/\/evertonfc.cz\/#website","url":"https:\/\/evertonfc.cz\/","name":"Official Czech &amp; Slovak Everton Supporters&#039; Club","description":"","publisher":{"@id":"https:\/\/evertonfc.cz\/#organization"},"potentialAction":[{"@type":"SearchAction","target":{"@type":"EntryPoint","urlTemplate":"https:\/\/evertonfc.cz\/?s={search_term_string}"},"query-input":{"@type":"PropertyValueSpecification","valueRequired":true,"valueName":"search_term_string"}}],"inLanguage":"cs"},{"@type":"Organization","@id":"https:\/\/evertonfc.cz\/#organization","name":"Official Czech & Slovak Everton Supporters' Club","url":"https:\/\/evertonfc.cz\/","logo":{"@type":"ImageObject","inLanguage":"cs","@id":"https:\/\/evertonfc.cz\/#\/schema\/logo\/image\/","url":"https:\/\/evertonfc.cz\/wp-content\/uploads\/2019\/05\/logo.png","contentUrl":"https:\/\/evertonfc.cz\/wp-content\/uploads\/2019\/05\/logo.png","width":112,"height":112,"caption":"Official Czech & Slovak Everton Supporters' Club"},"image":{"@id":"https:\/\/evertonfc.cz\/#\/schema\/logo\/image\/"},"sameAs":["https:\/\/www.facebook.com\/everton.fans.cz.sk"]},{"@type":"Person","@id":"https:\/\/evertonfc.cz\/#\/schema\/person\/b30daf6a5852f4811f8207a17ec1bf78","name":"Javor","sameAs":["https:\/\/x.com\/LoudinJan"],"url":"https:\/\/evertonfc.cz\/index.php\/author\/javor\/"}]}},"_links":{"self":[{"href":"https:\/\/evertonfc.cz\/index.php\/wp-json\/wp\/v2\/posts\/15903"}],"collection":[{"href":"https:\/\/evertonfc.cz\/index.php\/wp-json\/wp\/v2\/posts"}],"about":[{"href":"https:\/\/evertonfc.cz\/index.php\/wp-json\/wp\/v2\/types\/post"}],"author":[{"embeddable":true,"href":"https:\/\/evertonfc.cz\/index.php\/wp-json\/wp\/v2\/users\/12"}],"replies":[{"embeddable":true,"href":"https:\/\/evertonfc.cz\/index.php\/wp-json\/wp\/v2\/comments?post=15903"}],"version-history":[{"count":4,"href":"https:\/\/evertonfc.cz\/index.php\/wp-json\/wp\/v2\/posts\/15903\/revisions"}],"predecessor-version":[{"id":15908,"href":"https:\/\/evertonfc.cz\/index.php\/wp-json\/wp\/v2\/posts\/15903\/revisions\/15908"}],"wp:featuredmedia":[{"embeddable":true,"href":"https:\/\/evertonfc.cz\/index.php\/wp-json\/wp\/v2\/media\/15909"}],"wp:attachment":[{"href":"https:\/\/evertonfc.cz\/index.php\/wp-json\/wp\/v2\/media?parent=15903"}],"wp:term":[{"taxonomy":"category","embeddable":true,"href":"https:\/\/evertonfc.cz\/index.php\/wp-json\/wp\/v2\/categories?post=15903"},{"taxonomy":"post_tag","embeddable":true,"href":"https:\/\/evertonfc.cz\/index.php\/wp-json\/wp\/v2\/tags?post=15903"}],"curies":[{"name":"wp","href":"https:\/\/api.w.org\/{rel}","templated":true}]}}