{"id":15919,"date":"2021-08-01T20:32:02","date_gmt":"2021-08-01T18:32:02","guid":{"rendered":"https:\/\/evertonfc.cz\/?p=15919"},"modified":"2021-08-02T07:55:04","modified_gmt":"2021-08-02T05:55:04","slug":"prichazi-aurora-galli","status":"publish","type":"post","link":"https:\/\/evertonfc.cz\/index.php\/2021\/08\/01\/prichazi-aurora-galli\/","title":{"rendered":"P\u0159ich\u00e1z\u00ed Aurora Galli"},"content":{"rendered":"<h4>Sedmou leto\u0161n\u00ed posilou do t\u00fdmu \u017een je tentokr\u00e1t \u010d\u00edslo 6 &#8211; Aurora Galli.<\/h4>\n<p>Aurora dorazila z tur\u00ednsk\u00e9ho Juventusu a stala se historicky prvn\u00ed Italkou ve WSL. Tato 168 cm vysok\u00e1 st\u0159edopola\u0159ka uv\u00e1d\u00ed mezi sv\u00fdmi vzory kolegy Andreu Pirla a Genara Gattusa a piln\u011b pracuje na tom, aby dos\u00e1hla stejn\u00e9 fotbalov\u00e9 proslulosti. Mysl\u00edm, \u017ee se j\u00ed to celkem da\u0159\u00ed. Ostatn\u011b posu\u010fte sami:<\/p>\n<h4>Fotbalov\u00e9 za\u010d\u00e1tky<\/h4>\n<p>Narodila se p\u0159ed 25 lety v italsk\u00e9m Tromellu (jako zaj\u00edmavost lze uv\u00e9st, \u017ee Tromello je prvn\u00ed italskou obc\u00ed, kter\u00e1 m\u00e9 ve sv\u00e9m \u010dele transgender starostu). Poprv\u00e9 \u00fadajn\u011b kopla do m\u00ed\u010de ve 4 letech, pot\u00e9 a\u017e do sv\u00fdch 11 let hr\u00e1la ve sm\u00ed\u0161en\u00fdch t\u00fdmech. S chlapeck\u00fdm t\u00fdmem Garalasco vyhr\u00e1la v roce 2007 provin\u010dn\u00ed ml\u00e1de\u017enick\u00fd turnaj a dostala se tak do hled\u00e1\u010dk\u016f hleda\u010de talent\u016f Interu Mil\u00e1n. S Neraazzuri ji\u017e nastupovala\u00a0 v \u017eensk\u00e9m t\u00fdmu, kde zaujala lovce hlav reprezenta\u010dn\u00edho v\u00fdb\u011bru U17. Postupn\u011b se propracovala do mil\u00e1nsk\u00e9ho A t\u00fdmu a pomohla mu zakon\u010dit sez\u00f3nu 2012\/2013 na postupov\u00e9m m\u00edst\u011b do Serie A. I kdy\u017e jej\u00ed dal\u0161\u00ed fotbalov\u00e9 kroky vedly n\u00e1sledn\u011b jinam, fanynkou Interu Mil\u00e1n z\u016fstala\u00a0 dodnes.<\/p>\n<h4>S\u00e9rie A<\/h4>\n<p>Svoj\u00ed premi\u00e9rovou sez\u00f3nu v nejvy\u0161\u0161\u00ed italsk\u00e9 lize odehr\u00e1la Galli na hostov\u00e1n\u00ed u Torres Calcio. V Torres z\u016fstala do roku 2015 a vyhr\u00e1la s n\u00edm italsk\u00fd Superpoh\u00e1r. V dal\u0161\u00edch dvou letech pro\u0161la t\u00fdmy Mozzanicy a Verony, a\u017e nakonec v roce 2017 zakotvila v \u010derstv\u011b zalo\u017een\u00e9m \u017eensk\u00e9m t\u00fdmu Juventusu. Se zebrami hned prvn\u00ed sez\u00f3nu z\u00edskala scudeto. \u0160\u00edt pro v\u00edt\u011bze S\u00e9rie A se j\u00ed poda\u0159ilo z\u00edskat i v letech 2019 a 2020. Spolu s dal\u0161\u00edmi pruhovan\u00fdmi spoluhr\u00e1\u010dkami se radovala i ze zisku Italsk\u00e9ho poh\u00e1ru v roce 2019 a Superpoh\u00e1ru v letech 2019 a 2020. Za \u010dty\u0159i roky v Juventusu nastoupila Aurora k 71 z\u00e1pas\u016fm, v nich zaznamenala\u00a0 10 branek. Do seniorsk\u00e9 reprezentace je povol\u00e1v\u00e1na od roku 2014. Zat\u00edm v dresu Azzurri odehr\u00e1la 38 z\u00e1pas\u016f a st\u0159elecky se prosadila \u010dty\u0159ikr\u00e1t.<\/p>\n<h4>Everton<\/h4>\n<p>Aurora Galli podepsala s Evertonem smlouvu na dva roky s mo\u017enost\u00ed ro\u010dn\u00edho prodlou\u017een\u00ed. Je mo\u017en\u00e9, \u017ee jsme v jej\u00ed osob\u011b z\u00edskali hr\u00e1\u010dku, kter\u00e1 n\u00e1m od odchodu Damaris velmi chyb\u011bla. Tedy spolehlivou defenzivn\u00ed z\u00e1lo\u017enici s dobrou technikou a schopnost\u00ed i odvahou za\u00fato\u010dit, pokud si to situace \u017e\u00e1d\u00e1. I kdy\u017e jej\u00ed v\u011btu \u201cWillie told me this is a special club,\u201d si paranoidn\u00ed evertonsk\u00fd fanou\u0161ek m\u016f\u017ee ve sv\u011btle ud\u00e1lost\u00ed posledn\u00edch t\u00fddn\u016f a\u017e m\u011bs\u00edc\u016f vykl\u00e1dat r\u016fzn\u011b, v\u011b\u0159\u00edm, \u017ee byla vyj\u00e1d\u0159en\u00edm jej\u00ed spokojenosti. A\u0165 jsme tedy sv\u011bdky toho, jak v royal blue jersey p\u00ed\u0161e dal\u0161\u00ed \u00fasp\u011b\u0161nou kapitolu sv\u00e9 kari\u00e9ry. Benvenuti, Aurora!<\/p>\n","protected":false},"excerpt":{"rendered":"<p>Sedmou leto\u0161n\u00ed posilou do t\u00fdmu \u017een je tentokr\u00e1t \u010d\u00edslo 6 &#8211; Aurora Galli.<\/p>\n","protected":false},"author":26,"featured_media":15985,"comment_status":"open","ping_status":"closed","sticky":false,"template":"","format":"standard","meta":{"_eb_attr":"","_monsterinsights_skip_tracking":false,"_monsterinsights_sitenote_active":false,"_monsterinsights_sitenote_note":"","_monsterinsights_sitenote_category":0,"footnotes":""},"categories":[110],"tags":[],"yoast_head":"<!-- This site is optimized with the Yoast SEO plugin v23.4 - https:\/\/yoast.com\/wordpress\/plugins\/seo\/ -->\n<title>P\u0159ich\u00e1z\u00ed Aurora Galli - Official Czech &amp; Slovak Everton Supporters&#039; Club<\/title>\n<meta name=\"robots\" content=\"index, follow, max-snippet:-1, max-image-preview:large, max-video-preview:-1\" \/>\n<link rel=\"canonical\" href=\"https:\/\/evertonfc.cz\/index.php\/2021\/08\/01\/prichazi-aurora-galli\/\" \/>\n<meta property=\"og:locale\" content=\"cs_CZ\" \/>\n<meta property=\"og:type\" content=\"article\" \/>\n<meta property=\"og:title\" content=\"P\u0159ich\u00e1z\u00ed Aurora Galli - Official Czech &amp; Slovak Everton Supporters&#039; Club\" \/>\n<meta property=\"og:description\" content=\"Sedmou leto\u0161n\u00ed posilou do t\u00fdmu \u017een je tentokr\u00e1t \u010d\u00edslo 6 - Aurora Galli.\" \/>\n<meta property=\"og:url\" content=\"https:\/\/evertonfc.cz\/index.php\/2021\/08\/01\/prichazi-aurora-galli\/\" \/>\n<meta property=\"og:site_name\" content=\"Official Czech &amp; Slovak Everton Supporters&#039; Club\" \/>\n<meta property=\"article:publisher\" content=\"https:\/\/www.facebook.com\/everton.fans.cz.sk\" \/>\n<meta property=\"article:published_time\" content=\"2021-08-01T18:32:02+00:00\" \/>\n<meta property=\"article:modified_time\" content=\"2021-08-02T05:55:04+00:00\" \/>\n<meta property=\"og:image\" content=\"https:\/\/evertonfc.cz\/wp-content\/uploads\/2021\/08\/Aurora-Galli-28-7-2021.jpg\" \/>\n\t<meta property=\"og:image:width\" content=\"720\" \/>\n\t<meta property=\"og:image:height\" content=\"405\" \/>\n\t<meta property=\"og:image:type\" content=\"image\/jpeg\" \/>\n<meta name=\"author\" content=\"Karamela\" \/>\n<meta name=\"twitter:card\" content=\"summary_large_image\" \/>\n<meta name=\"twitter:label1\" content=\"Napsal(a)\" \/>\n\t<meta name=\"twitter:data1\" content=\"Karamela\" \/>\n\t<meta name=\"twitter:label2\" content=\"Odhadovan\u00e1 doba \u010dten\u00ed\" \/>\n\t<meta name=\"twitter:data2\" content=\"2 minuty\" \/>\n<script type=\"application\/ld+json\" class=\"yoast-schema-graph\">{\"@context\":\"https:\/\/schema.org\",\"@graph\":[{\"@type\":\"Article\",\"@id\":\"https:\/\/evertonfc.cz\/index.php\/2021\/08\/01\/prichazi-aurora-galli\/#article\",\"isPartOf\":{\"@id\":\"https:\/\/evertonfc.cz\/index.php\/2021\/08\/01\/prichazi-aurora-galli\/\"},\"author\":{\"name\":\"Karamela\",\"@id\":\"https:\/\/evertonfc.cz\/#\/schema\/person\/e9a24a80a32efa1344dd2c4e5882185c\"},\"headline\":\"P\u0159ich\u00e1z\u00ed Aurora Galli\",\"datePublished\":\"2021-08-01T18:32:02+00:00\",\"dateModified\":\"2021-08-02T05:55:04+00:00\",\"mainEntityOfPage\":{\"@id\":\"https:\/\/evertonfc.cz\/index.php\/2021\/08\/01\/prichazi-aurora-galli\/\"},\"wordCount\":507,\"commentCount\":3,\"publisher\":{\"@id\":\"https:\/\/evertonfc.cz\/#organization\"},\"image\":{\"@id\":\"https:\/\/evertonfc.cz\/index.php\/2021\/08\/01\/prichazi-aurora-galli\/#primaryimage\"},\"thumbnailUrl\":\"https:\/\/evertonfc.cz\/wp-content\/uploads\/2021\/08\/Aurora-Galli-28-7-2021.jpg\",\"articleSection\":[\"Everton Women\"],\"inLanguage\":\"cs\",\"potentialAction\":[{\"@type\":\"CommentAction\",\"name\":\"Comment\",\"target\":[\"https:\/\/evertonfc.cz\/index.php\/2021\/08\/01\/prichazi-aurora-galli\/#respond\"]}]},{\"@type\":\"WebPage\",\"@id\":\"https:\/\/evertonfc.cz\/index.php\/2021\/08\/01\/prichazi-aurora-galli\/\",\"url\":\"https:\/\/evertonfc.cz\/index.php\/2021\/08\/01\/prichazi-aurora-galli\/\",\"name\":\"P\u0159ich\u00e1z\u00ed Aurora Galli - Official Czech &amp; Slovak Everton Supporters&#039; Club\",\"isPartOf\":{\"@id\":\"https:\/\/evertonfc.cz\/#website\"},\"primaryImageOfPage\":{\"@id\":\"https:\/\/evertonfc.cz\/index.php\/2021\/08\/01\/prichazi-aurora-galli\/#primaryimage\"},\"image\":{\"@id\":\"https:\/\/evertonfc.cz\/index.php\/2021\/08\/01\/prichazi-aurora-galli\/#primaryimage\"},\"thumbnailUrl\":\"https:\/\/evertonfc.cz\/wp-content\/uploads\/2021\/08\/Aurora-Galli-28-7-2021.jpg\",\"datePublished\":\"2021-08-01T18:32:02+00:00\",\"dateModified\":\"2021-08-02T05:55:04+00:00\",\"breadcrumb\":{\"@id\":\"https:\/\/evertonfc.cz\/index.php\/2021\/08\/01\/prichazi-aurora-galli\/#breadcrumb\"},\"inLanguage\":\"cs\",\"potentialAction\":[{\"@type\":\"ReadAction\",\"target\":[\"https:\/\/evertonfc.cz\/index.php\/2021\/08\/01\/prichazi-aurora-galli\/\"]}]},{\"@type\":\"ImageObject\",\"inLanguage\":\"cs\",\"@id\":\"https:\/\/evertonfc.cz\/index.php\/2021\/08\/01\/prichazi-aurora-galli\/#primaryimage\",\"url\":\"https:\/\/evertonfc.cz\/wp-content\/uploads\/2021\/08\/Aurora-Galli-28-7-2021.jpg\",\"contentUrl\":\"https:\/\/evertonfc.cz\/wp-content\/uploads\/2021\/08\/Aurora-Galli-28-7-2021.jpg\",\"width\":720,\"height\":405},{\"@type\":\"BreadcrumbList\",\"@id\":\"https:\/\/evertonfc.cz\/index.php\/2021\/08\/01\/prichazi-aurora-galli\/#breadcrumb\",\"itemListElement\":[{\"@type\":\"ListItem\",\"position\":1,\"name\":\"Home\",\"item\":\"https:\/\/evertonfc.cz\/\"},{\"@type\":\"ListItem\",\"position\":2,\"name\":\"P\u0159ich\u00e1z\u00ed Aurora Galli\"}]},{\"@type\":\"WebSite\",\"@id\":\"https:\/\/evertonfc.cz\/#website\",\"url\":\"https:\/\/evertonfc.cz\/\",\"name\":\"Official Czech &amp; Slovak Everton Supporters&#039; Club\",\"description\":\"\",\"publisher\":{\"@id\":\"https:\/\/evertonfc.cz\/#organization\"},\"potentialAction\":[{\"@type\":\"SearchAction\",\"target\":{\"@type\":\"EntryPoint\",\"urlTemplate\":\"https:\/\/evertonfc.cz\/?s={search_term_string}\"},\"query-input\":{\"@type\":\"PropertyValueSpecification\",\"valueRequired\":true,\"valueName\":\"search_term_string\"}}],\"inLanguage\":\"cs\"},{\"@type\":\"Organization\",\"@id\":\"https:\/\/evertonfc.cz\/#organization\",\"name\":\"Official Czech & Slovak Everton Supporters' Club\",\"url\":\"https:\/\/evertonfc.cz\/\",\"logo\":{\"@type\":\"ImageObject\",\"inLanguage\":\"cs\",\"@id\":\"https:\/\/evertonfc.cz\/#\/schema\/logo\/image\/\",\"url\":\"https:\/\/evertonfc.cz\/wp-content\/uploads\/2019\/05\/logo.png\",\"contentUrl\":\"https:\/\/evertonfc.cz\/wp-content\/uploads\/2019\/05\/logo.png\",\"width\":112,\"height\":112,\"caption\":\"Official Czech & Slovak Everton Supporters' Club\"},\"image\":{\"@id\":\"https:\/\/evertonfc.cz\/#\/schema\/logo\/image\/\"},\"sameAs\":[\"https:\/\/www.facebook.com\/everton.fans.cz.sk\"]},{\"@type\":\"Person\",\"@id\":\"https:\/\/evertonfc.cz\/#\/schema\/person\/e9a24a80a32efa1344dd2c4e5882185c\",\"name\":\"Karamela\",\"url\":\"https:\/\/evertonfc.cz\/index.php\/author\/karamela\/\"}]}<\/script>\n<!-- \/ Yoast SEO plugin. -->","yoast_head_json":{"title":"P\u0159ich\u00e1z\u00ed Aurora Galli - Official Czech &amp; Slovak Everton Supporters&#039; Club","robots":{"index":"index","follow":"follow","max-snippet":"max-snippet:-1","max-image-preview":"max-image-preview:large","max-video-preview":"max-video-preview:-1"},"canonical":"https:\/\/evertonfc.cz\/index.php\/2021\/08\/01\/prichazi-aurora-galli\/","og_locale":"cs_CZ","og_type":"article","og_title":"P\u0159ich\u00e1z\u00ed Aurora Galli - Official Czech &amp; Slovak Everton Supporters&#039; Club","og_description":"Sedmou leto\u0161n\u00ed posilou do t\u00fdmu \u017een je tentokr\u00e1t \u010d\u00edslo 6 - Aurora Galli.","og_url":"https:\/\/evertonfc.cz\/index.php\/2021\/08\/01\/prichazi-aurora-galli\/","og_site_name":"Official Czech &amp; Slovak Everton Supporters&#039; Club","article_publisher":"https:\/\/www.facebook.com\/everton.fans.cz.sk","article_published_time":"2021-08-01T18:32:02+00:00","article_modified_time":"2021-08-02T05:55:04+00:00","og_image":[{"width":720,"height":405,"url":"https:\/\/evertonfc.cz\/wp-content\/uploads\/2021\/08\/Aurora-Galli-28-7-2021.jpg","type":"image\/jpeg"}],"author":"Karamela","twitter_card":"summary_large_image","twitter_misc":{"Napsal(a)":"Karamela","Odhadovan\u00e1 doba \u010dten\u00ed":"2 minuty"},"schema":{"@context":"https:\/\/schema.org","@graph":[{"@type":"Article","@id":"https:\/\/evertonfc.cz\/index.php\/2021\/08\/01\/prichazi-aurora-galli\/#article","isPartOf":{"@id":"https:\/\/evertonfc.cz\/index.php\/2021\/08\/01\/prichazi-aurora-galli\/"},"author":{"name":"Karamela","@id":"https:\/\/evertonfc.cz\/#\/schema\/person\/e9a24a80a32efa1344dd2c4e5882185c"},"headline":"P\u0159ich\u00e1z\u00ed Aurora Galli","datePublished":"2021-08-01T18:32:02+00:00","dateModified":"2021-08-02T05:55:04+00:00","mainEntityOfPage":{"@id":"https:\/\/evertonfc.cz\/index.php\/2021\/08\/01\/prichazi-aurora-galli\/"},"wordCount":507,"commentCount":3,"publisher":{"@id":"https:\/\/evertonfc.cz\/#organization"},"image":{"@id":"https:\/\/evertonfc.cz\/index.php\/2021\/08\/01\/prichazi-aurora-galli\/#primaryimage"},"thumbnailUrl":"https:\/\/evertonfc.cz\/wp-content\/uploads\/2021\/08\/Aurora-Galli-28-7-2021.jpg","articleSection":["Everton Women"],"inLanguage":"cs","potentialAction":[{"@type":"CommentAction","name":"Comment","target":["https:\/\/evertonfc.cz\/index.php\/2021\/08\/01\/prichazi-aurora-galli\/#respond"]}]},{"@type":"WebPage","@id":"https:\/\/evertonfc.cz\/index.php\/2021\/08\/01\/prichazi-aurora-galli\/","url":"https:\/\/evertonfc.cz\/index.php\/2021\/08\/01\/prichazi-aurora-galli\/","name":"P\u0159ich\u00e1z\u00ed Aurora Galli - Official Czech &amp; Slovak Everton Supporters&#039; Club","isPartOf":{"@id":"https:\/\/evertonfc.cz\/#website"},"primaryImageOfPage":{"@id":"https:\/\/evertonfc.cz\/index.php\/2021\/08\/01\/prichazi-aurora-galli\/#primaryimage"},"image":{"@id":"https:\/\/evertonfc.cz\/index.php\/2021\/08\/01\/prichazi-aurora-galli\/#primaryimage"},"thumbnailUrl":"https:\/\/evertonfc.cz\/wp-content\/uploads\/2021\/08\/Aurora-Galli-28-7-2021.jpg","datePublished":"2021-08-01T18:32:02+00:00","dateModified":"2021-08-02T05:55:04+00:00","breadcrumb":{"@id":"https:\/\/evertonfc.cz\/index.php\/2021\/08\/01\/prichazi-aurora-galli\/#breadcrumb"},"inLanguage":"cs","potentialAction":[{"@type":"ReadAction","target":["https:\/\/evertonfc.cz\/index.php\/2021\/08\/01\/prichazi-aurora-galli\/"]}]},{"@type":"ImageObject","inLanguage":"cs","@id":"https:\/\/evertonfc.cz\/index.php\/2021\/08\/01\/prichazi-aurora-galli\/#primaryimage","url":"https:\/\/evertonfc.cz\/wp-content\/uploads\/2021\/08\/Aurora-Galli-28-7-2021.jpg","contentUrl":"https:\/\/evertonfc.cz\/wp-content\/uploads\/2021\/08\/Aurora-Galli-28-7-2021.jpg","width":720,"height":405},{"@type":"BreadcrumbList","@id":"https:\/\/evertonfc.cz\/index.php\/2021\/08\/01\/prichazi-aurora-galli\/#breadcrumb","itemListElement":[{"@type":"ListItem","position":1,"name":"Home","item":"https:\/\/evertonfc.cz\/"},{"@type":"ListItem","position":2,"name":"P\u0159ich\u00e1z\u00ed Aurora Galli"}]},{"@type":"WebSite","@id":"https:\/\/evertonfc.cz\/#website","url":"https:\/\/evertonfc.cz\/","name":"Official Czech &amp; Slovak Everton Supporters&#039; Club","description":"","publisher":{"@id":"https:\/\/evertonfc.cz\/#organization"},"potentialAction":[{"@type":"SearchAction","target":{"@type":"EntryPoint","urlTemplate":"https:\/\/evertonfc.cz\/?s={search_term_string}"},"query-input":{"@type":"PropertyValueSpecification","valueRequired":true,"valueName":"search_term_string"}}],"inLanguage":"cs"},{"@type":"Organization","@id":"https:\/\/evertonfc.cz\/#organization","name":"Official Czech & Slovak Everton Supporters' Club","url":"https:\/\/evertonfc.cz\/","logo":{"@type":"ImageObject","inLanguage":"cs","@id":"https:\/\/evertonfc.cz\/#\/schema\/logo\/image\/","url":"https:\/\/evertonfc.cz\/wp-content\/uploads\/2019\/05\/logo.png","contentUrl":"https:\/\/evertonfc.cz\/wp-content\/uploads\/2019\/05\/logo.png","width":112,"height":112,"caption":"Official Czech & Slovak Everton Supporters' Club"},"image":{"@id":"https:\/\/evertonfc.cz\/#\/schema\/logo\/image\/"},"sameAs":["https:\/\/www.facebook.com\/everton.fans.cz.sk"]},{"@type":"Person","@id":"https:\/\/evertonfc.cz\/#\/schema\/person\/e9a24a80a32efa1344dd2c4e5882185c","name":"Karamela","url":"https:\/\/evertonfc.cz\/index.php\/author\/karamela\/"}]}},"_links":{"self":[{"href":"https:\/\/evertonfc.cz\/index.php\/wp-json\/wp\/v2\/posts\/15919"}],"collection":[{"href":"https:\/\/evertonfc.cz\/index.php\/wp-json\/wp\/v2\/posts"}],"about":[{"href":"https:\/\/evertonfc.cz\/index.php\/wp-json\/wp\/v2\/types\/post"}],"author":[{"embeddable":true,"href":"https:\/\/evertonfc.cz\/index.php\/wp-json\/wp\/v2\/users\/26"}],"replies":[{"embeddable":true,"href":"https:\/\/evertonfc.cz\/index.php\/wp-json\/wp\/v2\/comments?post=15919"}],"version-history":[{"count":13,"href":"https:\/\/evertonfc.cz\/index.php\/wp-json\/wp\/v2\/posts\/15919\/revisions"}],"predecessor-version":[{"id":15981,"href":"https:\/\/evertonfc.cz\/index.php\/wp-json\/wp\/v2\/posts\/15919\/revisions\/15981"}],"wp:featuredmedia":[{"embeddable":true,"href":"https:\/\/evertonfc.cz\/index.php\/wp-json\/wp\/v2\/media\/15985"}],"wp:attachment":[{"href":"https:\/\/evertonfc.cz\/index.php\/wp-json\/wp\/v2\/media?parent=15919"}],"wp:term":[{"taxonomy":"category","embeddable":true,"href":"https:\/\/evertonfc.cz\/index.php\/wp-json\/wp\/v2\/categories?post=15919"},{"taxonomy":"post_tag","embeddable":true,"href":"https:\/\/evertonfc.cz\/index.php\/wp-json\/wp\/v2\/tags?post=15919"}],"curies":[{"name":"wp","href":"https:\/\/api.w.org\/{rel}","templated":true}]}}