{"id":15993,"date":"2021-08-04T13:05:42","date_gmt":"2021-08-04T11:05:42","guid":{"rendered":"https:\/\/evertonfc.cz\/?p=15993"},"modified":"2021-08-05T09:50:39","modified_gmt":"2021-08-05T07:50:39","slug":"zbavi-sa-everton-jamesa","status":"publish","type":"post","link":"https:\/\/evertonfc.cz\/index.php\/2021\/08\/04\/zbavi-sa-everton-jamesa\/","title":{"rendered":"Zbav\u00ed sa Everton Jamesa?"},"content":{"rendered":"<h4>Jeden z najtalentovanej\u0161\u00edch futbalistov s\u00fa\u010dasnosti nehr\u00e1 za modr\u00fd dres e\u0161te ani rok a klub u\u017e pl\u00e1nuje svoju bud\u00facnos\u0165 bez neho. Aj kv\u00f4li zbabranej finan\u010dnej politike.<\/h4>\n<p>Ke\u010f sme sa v lete 2018 u\u017e po druh\u00fd raz l\u00fa\u010dili s Wayneom Rooneym, mnoh\u00ed c\u00edtili sklamanie a amat\u00e9rsky pr\u00edstup v prestupovej politike klubu. Nehovoriac o nie pr\u00edli\u0161 \u00factivom spr\u00e1van\u00ed sa k hr\u00e1\u010dovi hviezdneho form\u00e1tu, ktor\u00fd u\u017e s\u00edce bol pred d\u00f4chodkom, ale st\u00e1le mal \u010do pon\u00faknu\u0165. Vi\u010f tabu\u013eku najlep\u0161\u00edch strelcov v onej sez\u00f3ne.<\/p>\n<p>Jeho prestup nasp\u00e4\u0165 \u201edomov\u201c sprev\u00e1dzal celosvetov\u00fd medi\u00e1lny hurhaj, ak\u00e9mu dovtedy sn\u00e1\u010f nebolo p\u00e1ru. A profitoval z toho, aj mimo ihriska, op\u00e4\u0165 klub. O tri roky nesk\u00f4r sa nie\u010do podobne senza\u010dn\u00e9 udialo aj pri pr\u00edchode Jamesa Rodr\u00edgueza. Everton rovnako ako pri Rooneym nezaplatil za prestup Kolumbij\u010dana ani korunu.<\/p>\n<p>Jedin\u00e9, \u010do musel zn\u00e1\u0161a\u0165, bol a st\u00e1le je na na\u0161e pomery jeho mohutn\u00fd plat 140 tis\u00edc libier, na ktorom sa v\u00e4\u010d\u0161ina m\u00e9di\u00ed zhoduje. Pri Wayneovi v\u00fdplatn\u00e1 p\u00e1ska niesla podobn\u00e9 cifry, adekv\u00e1tne ku kvalite a aj komer\u010dnej hodnote oboch hr\u00e1\u010dov. Netreba zab\u00fada\u0165, \u017ee obaja futbalisti sa s\u0165ahovali z boja o tituly do v\u00fdsledkovo priemern\u00e9ho prostredia, prakticky bez \u0161ance na ak\u00e9ko\u013evek trofeje. \u010co bolo ale d\u00f4le\u017eitej\u0161ie, chceli hra\u0165.<\/p>\n<h4><strong>Medzin\u00e1rodn\u00e1 ro\u0161\u00e1da na zmar<\/strong><\/h4>\n<p>S pr\u00edchodom \u010fal\u0161ej celosvetovej superhviezdy chcel Everton vy\u0165a\u017ei\u0165 jej maxim\u00e1lny potenci\u00e1l za hranicami, roz\u0161irovan\u00edm si obzoru fan\u00fa\u0161ikovskej z\u00e1kladne v Severnej a najm\u00e4 Ju\u017enej Amerike. Klub investoval nemal\u00e9 prostriedky na prezent\u00e1ciu unik\u00e1tneho prestupu. Od pl\u00e1vaj\u00facich bilbordov, cez nasvieten\u00e9 v\u00fd\u0161kov\u00e9 budovy, a\u017e po novootvoren\u00e9 z\u00e1morsk\u00e9 predajne a e-shopy s klubov\u00fdm tovarom.<\/p>\n<p>Treba poveda\u0165, \u017ee sa to podarilo. James je tret\u00edm najsledovanej\u0161\u00edm futbalistom na plan\u00e9te, pri\u010dom na soci\u00e1lnych sie\u0165ach sleduje iba Cristiana Ronalda a Lionela Messiho viac \u013eud\u00ed. St\u00e1tis\u00edce lajkov a\u00a0sledovan\u00ed teda z\u00e1konite pribudli aj na ofici\u00e1lnych kont\u00e1ch The Toffees. Aj t\u00fdmto sp\u00f4sobom Everton v\u00a0komer\u010dnom po\u010d\u00ednan\u00ed rastie na hodnote a\u00a0teda zar\u00e1ba viac aj na sponzorsk\u00fdch zmluv\u00e1ch.<\/p>\n<p>Ot\u00e1zne je, \u010di len rok jeho pobytu na Merseyside bude sta\u010di\u0165 na to, aby sa tak\u00fdto pr\u00edliv potrebnej pozornosti z ni\u010doho ni\u010d nestiahol pre\u010d aj s odlivom talentu, ak\u00fd Goodison Park e\u0161te nemal mo\u017enos\u0165 na vlastn\u00e9 o\u010di poriadne za\u017ei\u0165. Pre\u010do? Ako informuj\u00fa u\u017e viacer\u00e9 d\u00f4veryhodn\u00e9 m\u00e9di\u00e1, Rodr\u00edguez, so svoj\u00edm posledn\u00fdm rokom na zmluve, kde m\u00e1 aj opciu na \u010fal\u0161\u00edch 12 mesiacov do leta 2023, nefiguruje v pl\u00e1noch mana\u017e\u00e9ra Rafaela Ben\u00edteza. Bol informovan\u00fd, \u017ee pri adekv\u00e1tnej ponuke m\u00f4\u017ee od\u00eds\u0165. Z\u00e1ujem je v Taliansku aj Portugalsku.<\/p>\n<h4><strong>In\u00fd mana\u017e\u00e9r, in\u00fd mrav<\/strong><\/h4>\n<p>Je ve\u013emi dobre zn\u00e1me, \u017ee Ben\u00edtez po\u010das svojho kr\u00e1tkeho p\u00f4sobenia v Reale Madrid nemal pr\u00e1ve najlep\u0161\u00ed vz\u0165ah s Jamesom. Napokon, jeho ortodoxn\u00fd pr\u00edstup a neschopnos\u0165 nar\u00e1ba\u0165 s v\u00e4\u010d\u0161\u00edm po\u010dtom hviezd v t\u00edme mu \u00faspech v \u0161panielskej metropole nepriniesol. Nevra\u017eivos\u0165 sa za\u010dala u\u017e po\u010das letnej pr\u00edpravy pred sez\u00f3nou 2015\/16.<\/p>\n<p>Pod\u013ea dostupn\u00fdch inform\u00e1ci\u00ed ho Ben\u00edtez po\u017eiadal, aby skr\u00e1til svoju dovolenku po Copa Am\u00e9rica a pridal sa k t\u00edmu na predsez\u00f3nnu t\u00far v Austr\u00e1lii. James to odmietol a pridal sa k t\u00edmu a\u017e na turnaji v \u010c\u00edne, kde sk\u00f3roval z priameho kopu proti Interu Mil\u00e1no. No na otv\u00e1rac\u00ed z\u00e1pas La Ligy sedel na lavi\u010dke.<\/p>\n<p>Zd\u00f4vodnenie \u0161panielskeho strat\u00e9ga spo\u010d\u00edvalo v odli\u0161nej kond\u00edci\u00ed hr\u00e1\u010dov. No nezabudol spomen\u00fa\u0165, \u017ee t\u00e1 sa d\u00e1 kompenzova\u0165 hr\u00e1\u010dovou kvalitou a bolo to taktick\u00e9 rozhodnutie, ni\u010d osobn\u00e9. V novembri sa James ne\u0161pecifikovane zranil. Ale aj tak sa z\u00fa\u010dastnil z\u00e1pasov Kolumbie po\u010das reprezenta\u010dnej prest\u00e1vky a dokonca aj sk\u00f3roval. Pre m\u00e9dia si neodpustil pozn\u00e1mku, \u017ee ten g\u00f3l je pre t\u00fdch, ktor\u00ed hovoria, \u017ee nie je v dobrej kond\u00edci\u00ed.<\/p>\n<p>Po n\u00e1vrate do matersk\u00e9ho klubu sa objavil v\u00a0z\u00e1kladnej zostave El Cl\u00e1sica. Real v\u0161ak dostal n\u00e1klad 4:0 a\u00a0nasleduj\u00face t\u00fd\u017edne tr\u00e1vil James na strieda\u010dke. Ben\u00edtez otvorene kritizoval jeho snahu a\u00a0lep\u0161ie v\u00fdkony spoluhr\u00e1\u010dov. Isco postupne prebral jeho miesto a\u00a0ni\u010d na tom nezmenil ani vyhadzov Ben\u00edteza.<\/p>\n<h4><strong>Takticky pr\u00edli\u0161 ve\u013ek\u00e9 s\u00fasto?<\/strong><\/h4>\n<p>Ben\u00edtez dlh\u00e9 roky svojej tr\u00e9nerskej kari\u00e9ry preferuje tri z\u00e1kladn\u00e9 princ\u00edpy. Rovnov\u00e1ha, kompaktnos\u0165 a tvar. Uprednost\u0148uje t\u00edm pred individualitami, a vy\u017eaduje \u00fapln\u00e9 taktick\u00e9 podvolenie sa. Konzistencia na ihrisku v intenzite pr\u00e1ce t\u00fd\u017ede\u0148 \u010do t\u00fd\u017ede\u0148 je pre neho k\u013e\u00fa\u010dov\u00e1. To ho do zna\u010dnej miery odli\u0161uje od jeho predchodcu Carla Ancelottiho, ktor\u00fd si Rodr\u00edgueza op\u00e4tovne priviedol aj do Evertonu.<\/p>\n<p>Existuj\u00fa \u0161tatistiky, ktor\u00e9 hovoria, \u017ee James v\u00a0Evertone odohral v minulej sez\u00f3ne nieko\u013eko z\u00e1pasov bez toho, aby zaznamenal ak\u00e9ko\u013evek \u0161printy. Ancelotti v\u0161ak tento \u201eprobl\u00e9m\u201c vysmial s argumentom, \u017ee tak talentovan\u00e9ho hr\u00e1\u010da nepritiahol do klubu na to, aby br\u00e1nil. Jeho zdravotn\u00e9 probl\u00e9my boli u\u017e pred pr\u00edchodom na ostrovy dobre zn\u00e1me, a\u00a0Talianova snaha vy\u0165a\u017ei\u0165 z\u00a0neho maximum spo\u010d\u00edvala aj v\u00a0\u010dastom \u0161etren\u00ed tohto ofenz\u00edvneho stredopoliara. \u010ci u\u017e takticky alebo person\u00e1lne.<\/p>\n<p>James aj tak vo v\u00e4\u010d\u0161ine pr\u00edpadov na ihrisku kvalitou vy\u010dnieval nad ostatn\u00fdch, ale zasiahol len do 23 ligov\u00fdch stretnut\u00ed z 38 mo\u017en\u00fdch. Prakticky cel\u00fd ro\u010dn\u00edk ho tr\u00e1pilo probl\u00e9mov\u00e9 l\u00fdtko, v\u010faka ktor\u00e9mu po\u010das jari vynechal a\u017e dev\u00e4\u0165 duelov z posledn\u00fdch \u0161trn\u00e1stich. Pr\u00e1ve po\u010das obdobia, kedy vrcholil boj o eur\u00f3pske prie\u010dky a t\u00edm sa herne a kreat\u00edvne tr\u00e1pil. Boli to jeho schopnosti pohybova\u0165 sa ihriskom na t\u00fdch spr\u00e1vnych miestach, p\u00fdta\u0165 si loptu, udr\u017ea\u0165 ju v r\u00f4znych situ\u00e1ci\u00e1ch, ktor\u00e9 z neho robili nenahradite\u013en\u00fd kus sklada\u010dky. Milimetrov\u00e9 prihr\u00e1vky z nemo\u017en\u00fdch uhlov, vy\u0161achovanie tvrdohlav\u00fdch obrann\u00fdch valov \u2013 to nikto in\u00fd moment\u00e1lne v t\u00edme nedok\u00e1\u017ee. Aby sme si to vedeli lep\u0161ie predstavi\u0165, tak James v 23 z\u00e1pasoch Premier League vytvoril jeden\u00e1s\u0165 ve\u013ek\u00fdch \u0161anc\u00ed. Sigurdsson, Iwobi a Gomes vytvorili spolu len dev\u00e4\u0165 ve\u013ek\u00fdch \u0161anc\u00ed v celkovom po\u010dte 94 z\u00e1pasov.<\/p>\n<h4><strong>Nesporn\u00fd pr\u00ednos<\/strong><\/h4>\n<p>Predt\u00fdm, ne\u017e Ancelotti zdrhol za st\u00e1le bohat\u00fdmi a slne\u010dn\u00fdmi l\u00fa\u010dmi Pyrenejsk\u00e9ho polostrova, vypracoval spolo\u010dne s klubom pl\u00e1n ako udr\u017ea\u0165 Jamesa zdrav\u0161ieho a fit po\u010das dlh\u0161ieho obdobia. Ten by sa logicky mal v s\u00fa\u010dasnosti nap\u013a\u0148a\u0165. Ale Ben\u00edteza to pravdepodobne aj tak nepresved\u010d\u00ed. Pre neho je to ot\u00e1zka hodnoty za peniaze.<\/p>\n<p>A uvo\u013enenie vy\u0161e stotis\u00edc libier na platoch, plus signifikantn\u00e1 prestupov\u00e1 \u010diastka bude ve\u013emi v\u00edtan\u00e1 pri snahe premeni\u0165 mu\u017estvo na vlastn\u00fd obraz. \u010co znamen\u00e1 aj zbavi\u0165 sa nechcen\u00fdch a prinies\u0165 vlastn\u00e9 &#8222;kone&#8220;. Hlavne ak klub aktu\u00e1lne tr\u00e1pi dodr\u017eiavanie finan\u010dn\u00fdch pravidiel, ktor\u00e9 s najv\u00e4\u010d\u0161ou pravdepodobnos\u0165ou poru\u0161il, respekt\u00edve k tomu nem\u00e1 \u010faleko. Ale m\u00e1 to aj druh\u00fa stranu mince.<\/p>\n<p>Ak Everton pred\u00e1 Jamesa, kto nahrad\u00ed jeho 6 g\u00f3lov a 9 asistenci\u00ed v 26 z\u00e1pasoch, a to pri minut\u00e1\u017ei len 2 046? A to sa zatia\u013e nebav\u00edme o celkovom pr\u00ednose na ihrisku, v rozohr\u00e1vke, kreativite na s\u00faperovej polovici. Nehovoriac o tom, \u017ee na \u00fakor jeho \u0161tatist\u00edk \u010dasto profituj\u00fa ostatn\u00ed spoluhr\u00e1\u010di. \u010ci u\u017e pri fauloch na neho a n\u00e1sledn\u00fdch \u0161tandardk\u00e1ch, alebo pri jeho osobnom br\u00e1nen\u00ed, \u010di celkovom dirigovan\u00ed hry.<\/p>\n<h4><strong>Ir\u00f3nia osudu<\/strong><\/h4>\n<p>K\u00fdm sa v\u0161etci Evertonians ob\u00e1vali, \u017ee Rodr\u00edguez sa bude chcie\u0165 po odchode Ancelottiho zbali\u0165 a\u00a0\u00eds\u0165 bu\u010f za n\u00edm alebo do lep\u0161ieho, opak je pravdou. Narozdiel od obrazu vytv\u00e1ran\u00e9ho m\u00e9diami, James sa \u00fasmevom na tv\u00e1ri vr\u00e1til po dovolenke na Finch Farm, poctivo tr\u00e9nuje a\u00a0len \u010dak\u00e1, \u010do s\u00a0n\u00edm bude.<\/p>\n<p>Za\u010diatkom j\u00fana na soci\u00e1lnych m\u00e9di\u00e1ch na ot\u00e1zky fan\u00fa\u0161ikov odpovedal, \u017ee do Madridu sa nevr\u00e1ti. Je to pre neho uzavret\u00e1 kapitola. A\u00a0ak m\u00e1 e\u0161te rok osta\u0165 v\u00a0Evertone, tak je to v\u00a0poriadku. A\u00a0ned\u00e1vno, potom \u010do sa objavili spr\u00e1vy o\u00a0jeho predaji, sa priznal na svojom kan\u00e1ly Twitch, \u017ee nevie, kde odohr\u00e1 \u010fal\u0161iu sez\u00f3nu. Ale bude to niekde, kde ho bud\u00fa chcie\u0165. Kam sme sa to dostali, \u017ee nechceme tak\u00e9ho hr\u00e1\u010da?<\/p>\n<p>Ak strat\u00edme Jamesa, je prakticky garantovan\u00e9, \u017ee \u010fal\u0161ieho jednoducho nezo\u017eenieme. Ur\u010dite nie zadarmo. Everton pre zl\u00e9 hospod\u00e1renie a\u00a0absenciu kontinent\u00e1lnych s\u00fa\u0165a\u017e\u00ed toti\u017e stratil k\u00fapnu silu, limitovan\u00fa riadiacimi org\u00e1nmi Premier League pre ziskovos\u0165 a\u00a0udr\u017eate\u013enos\u0165 chodu klubov. Rafael Ben\u00edtez na svojej prvej tla\u010dovke povedal, \u017ee klub si nem\u00f4\u017ee dovoli\u0165 hromadenie hr\u00e1\u010dov na vysok\u00fdch platoch s\u00a0minim\u00e1lnym pr\u00ednosom. No ak sa medzi nich rad\u00ed aj James, nie\u010do nie je s\u00a0kostoln\u00fdm poriadkom.<\/p>\n<p>A\u00a0\u017ee jeden kostol m\u00e1me hne\u010f prakticky na \u0161tadi\u00f3ne. Tie\u017e si hovori\u0165 ve\u013ek\u00fd klub a\u00a0zbavova\u0165 sa najlep\u0161\u00edch hr\u00e1\u010dov nevrh\u00e1 pr\u00e1ve logick\u00e9 svetlo. V\u00a0ned\u00e1vnej minulosti sme u\u017e doplatili na predaj hr\u00e1\u010da podobn\u00e9ho kalibru. Strata Lukaka bez adekv\u00e1tnej n\u00e1hrady dlho bolela. Ale to je u\u017e \u00faplne in\u00fd pr\u00edbeh&#8230;<\/p>\n<p style=\"text-align: right;\"><span style=\"font-size: 8pt;\">(fotozdroj: bt.com)<\/span><\/p>\n","protected":false},"excerpt":{"rendered":"<p>Jeden z\u00a0najtalentovanej\u0161\u00edch futbalistov s\u00fa\u010dasnosti nehr\u00e1 za modr\u00fd dres e\u0161te ani rok a\u00a0klub u\u017e pl\u00e1nuje svoju bud\u00facnos\u0165 bez neho. Aj kv\u00f4li zbabranej finan\u010dnej politike.<\/p>\n","protected":false},"author":1,"featured_media":15994,"comment_status":"open","ping_status":"closed","sticky":false,"template":"","format":"standard","meta":{"_eb_attr":"","_monsterinsights_skip_tracking":false,"_monsterinsights_sitenote_active":false,"_monsterinsights_sitenote_note":"","_monsterinsights_sitenote_category":0,"footnotes":""},"categories":[39],"tags":[],"yoast_head":"<!-- This site is optimized with the Yoast SEO plugin v23.4 - https:\/\/yoast.com\/wordpress\/plugins\/seo\/ -->\n<title>Zbav\u00ed sa Everton Jamesa? - Official Czech &amp; Slovak Everton Supporters&#039; Club<\/title>\n<meta name=\"robots\" content=\"index, follow, max-snippet:-1, max-image-preview:large, max-video-preview:-1\" \/>\n<link rel=\"canonical\" href=\"https:\/\/evertonfc.cz\/index.php\/2021\/08\/04\/zbavi-sa-everton-jamesa\/\" \/>\n<meta property=\"og:locale\" content=\"cs_CZ\" \/>\n<meta property=\"og:type\" content=\"article\" \/>\n<meta property=\"og:title\" content=\"Zbav\u00ed sa Everton Jamesa? - Official Czech &amp; Slovak Everton Supporters&#039; Club\" \/>\n<meta property=\"og:description\" content=\"Jeden z\u00a0najtalentovanej\u0161\u00edch futbalistov s\u00fa\u010dasnosti nehr\u00e1 za modr\u00fd dres e\u0161te ani rok a\u00a0klub u\u017e pl\u00e1nuje svoju bud\u00facnos\u0165 bez neho. Aj kv\u00f4li zbabranej finan\u010dnej politike.\" \/>\n<meta property=\"og:url\" content=\"https:\/\/evertonfc.cz\/index.php\/2021\/08\/04\/zbavi-sa-everton-jamesa\/\" \/>\n<meta property=\"og:site_name\" content=\"Official Czech &amp; Slovak Everton Supporters&#039; Club\" \/>\n<meta property=\"article:publisher\" content=\"https:\/\/www.facebook.com\/everton.fans.cz.sk\" \/>\n<meta property=\"article:published_time\" content=\"2021-08-04T11:05:42+00:00\" \/>\n<meta property=\"article:modified_time\" content=\"2021-08-05T07:50:39+00:00\" \/>\n<meta property=\"og:image\" content=\"https:\/\/evertonfc.cz\/wp-content\/uploads\/2021\/08\/James-Rodriguez-4-8-2021.jpg\" \/>\n\t<meta property=\"og:image:width\" content=\"720\" \/>\n\t<meta property=\"og:image:height\" content=\"405\" \/>\n\t<meta property=\"og:image:type\" content=\"image\/jpeg\" \/>\n<meta name=\"author\" content=\"BlueBlooded\" \/>\n<meta name=\"twitter:card\" content=\"summary_large_image\" \/>\n<meta name=\"twitter:label1\" content=\"Napsal(a)\" \/>\n\t<meta name=\"twitter:data1\" content=\"BlueBlooded\" \/>\n\t<meta name=\"twitter:label2\" content=\"Odhadovan\u00e1 doba \u010dten\u00ed\" \/>\n\t<meta name=\"twitter:data2\" content=\"6 minut\" \/>\n<script type=\"application\/ld+json\" class=\"yoast-schema-graph\">{\"@context\":\"https:\/\/schema.org\",\"@graph\":[{\"@type\":\"Article\",\"@id\":\"https:\/\/evertonfc.cz\/index.php\/2021\/08\/04\/zbavi-sa-everton-jamesa\/#article\",\"isPartOf\":{\"@id\":\"https:\/\/evertonfc.cz\/index.php\/2021\/08\/04\/zbavi-sa-everton-jamesa\/\"},\"author\":{\"name\":\"BlueBlooded\",\"@id\":\"https:\/\/evertonfc.cz\/#\/schema\/person\/d4493b8cbea51532597fbc4685698916\"},\"headline\":\"Zbav\u00ed sa Everton Jamesa?\",\"datePublished\":\"2021-08-04T11:05:42+00:00\",\"dateModified\":\"2021-08-05T07:50:39+00:00\",\"mainEntityOfPage\":{\"@id\":\"https:\/\/evertonfc.cz\/index.php\/2021\/08\/04\/zbavi-sa-everton-jamesa\/\"},\"wordCount\":1650,\"commentCount\":11,\"publisher\":{\"@id\":\"https:\/\/evertonfc.cz\/#organization\"},\"image\":{\"@id\":\"https:\/\/evertonfc.cz\/index.php\/2021\/08\/04\/zbavi-sa-everton-jamesa\/#primaryimage\"},\"thumbnailUrl\":\"https:\/\/evertonfc.cz\/wp-content\/uploads\/2021\/08\/James-Rodriguez-4-8-2021.jpg\",\"articleSection\":[\"Blog\"],\"inLanguage\":\"cs\",\"potentialAction\":[{\"@type\":\"CommentAction\",\"name\":\"Comment\",\"target\":[\"https:\/\/evertonfc.cz\/index.php\/2021\/08\/04\/zbavi-sa-everton-jamesa\/#respond\"]}]},{\"@type\":\"WebPage\",\"@id\":\"https:\/\/evertonfc.cz\/index.php\/2021\/08\/04\/zbavi-sa-everton-jamesa\/\",\"url\":\"https:\/\/evertonfc.cz\/index.php\/2021\/08\/04\/zbavi-sa-everton-jamesa\/\",\"name\":\"Zbav\u00ed sa Everton Jamesa? - Official Czech &amp; Slovak Everton Supporters&#039; Club\",\"isPartOf\":{\"@id\":\"https:\/\/evertonfc.cz\/#website\"},\"primaryImageOfPage\":{\"@id\":\"https:\/\/evertonfc.cz\/index.php\/2021\/08\/04\/zbavi-sa-everton-jamesa\/#primaryimage\"},\"image\":{\"@id\":\"https:\/\/evertonfc.cz\/index.php\/2021\/08\/04\/zbavi-sa-everton-jamesa\/#primaryimage\"},\"thumbnailUrl\":\"https:\/\/evertonfc.cz\/wp-content\/uploads\/2021\/08\/James-Rodriguez-4-8-2021.jpg\",\"datePublished\":\"2021-08-04T11:05:42+00:00\",\"dateModified\":\"2021-08-05T07:50:39+00:00\",\"breadcrumb\":{\"@id\":\"https:\/\/evertonfc.cz\/index.php\/2021\/08\/04\/zbavi-sa-everton-jamesa\/#breadcrumb\"},\"inLanguage\":\"cs\",\"potentialAction\":[{\"@type\":\"ReadAction\",\"target\":[\"https:\/\/evertonfc.cz\/index.php\/2021\/08\/04\/zbavi-sa-everton-jamesa\/\"]}]},{\"@type\":\"ImageObject\",\"inLanguage\":\"cs\",\"@id\":\"https:\/\/evertonfc.cz\/index.php\/2021\/08\/04\/zbavi-sa-everton-jamesa\/#primaryimage\",\"url\":\"https:\/\/evertonfc.cz\/wp-content\/uploads\/2021\/08\/James-Rodriguez-4-8-2021.jpg\",\"contentUrl\":\"https:\/\/evertonfc.cz\/wp-content\/uploads\/2021\/08\/James-Rodriguez-4-8-2021.jpg\",\"width\":720,\"height\":405},{\"@type\":\"BreadcrumbList\",\"@id\":\"https:\/\/evertonfc.cz\/index.php\/2021\/08\/04\/zbavi-sa-everton-jamesa\/#breadcrumb\",\"itemListElement\":[{\"@type\":\"ListItem\",\"position\":1,\"name\":\"Home\",\"item\":\"https:\/\/evertonfc.cz\/\"},{\"@type\":\"ListItem\",\"position\":2,\"name\":\"Zbav\u00ed sa Everton Jamesa?\"}]},{\"@type\":\"WebSite\",\"@id\":\"https:\/\/evertonfc.cz\/#website\",\"url\":\"https:\/\/evertonfc.cz\/\",\"name\":\"Official Czech &amp; Slovak Everton Supporters&#039; Club\",\"description\":\"\",\"publisher\":{\"@id\":\"https:\/\/evertonfc.cz\/#organization\"},\"potentialAction\":[{\"@type\":\"SearchAction\",\"target\":{\"@type\":\"EntryPoint\",\"urlTemplate\":\"https:\/\/evertonfc.cz\/?s={search_term_string}\"},\"query-input\":{\"@type\":\"PropertyValueSpecification\",\"valueRequired\":true,\"valueName\":\"search_term_string\"}}],\"inLanguage\":\"cs\"},{\"@type\":\"Organization\",\"@id\":\"https:\/\/evertonfc.cz\/#organization\",\"name\":\"Official Czech & Slovak Everton Supporters' Club\",\"url\":\"https:\/\/evertonfc.cz\/\",\"logo\":{\"@type\":\"ImageObject\",\"inLanguage\":\"cs\",\"@id\":\"https:\/\/evertonfc.cz\/#\/schema\/logo\/image\/\",\"url\":\"https:\/\/evertonfc.cz\/wp-content\/uploads\/2019\/05\/logo.png\",\"contentUrl\":\"https:\/\/evertonfc.cz\/wp-content\/uploads\/2019\/05\/logo.png\",\"width\":112,\"height\":112,\"caption\":\"Official Czech & Slovak Everton Supporters' Club\"},\"image\":{\"@id\":\"https:\/\/evertonfc.cz\/#\/schema\/logo\/image\/\"},\"sameAs\":[\"https:\/\/www.facebook.com\/everton.fans.cz.sk\"]},{\"@type\":\"Person\",\"@id\":\"https:\/\/evertonfc.cz\/#\/schema\/person\/d4493b8cbea51532597fbc4685698916\",\"name\":\"BlueBlooded\",\"url\":\"https:\/\/evertonfc.cz\/index.php\/author\/admin\/\"}]}<\/script>\n<!-- \/ Yoast SEO plugin. -->","yoast_head_json":{"title":"Zbav\u00ed sa Everton Jamesa? - Official Czech &amp; Slovak Everton Supporters&#039; Club","robots":{"index":"index","follow":"follow","max-snippet":"max-snippet:-1","max-image-preview":"max-image-preview:large","max-video-preview":"max-video-preview:-1"},"canonical":"https:\/\/evertonfc.cz\/index.php\/2021\/08\/04\/zbavi-sa-everton-jamesa\/","og_locale":"cs_CZ","og_type":"article","og_title":"Zbav\u00ed sa Everton Jamesa? - Official Czech &amp; Slovak Everton Supporters&#039; Club","og_description":"Jeden z\u00a0najtalentovanej\u0161\u00edch futbalistov s\u00fa\u010dasnosti nehr\u00e1 za modr\u00fd dres e\u0161te ani rok a\u00a0klub u\u017e pl\u00e1nuje svoju bud\u00facnos\u0165 bez neho. Aj kv\u00f4li zbabranej finan\u010dnej politike.","og_url":"https:\/\/evertonfc.cz\/index.php\/2021\/08\/04\/zbavi-sa-everton-jamesa\/","og_site_name":"Official Czech &amp; Slovak Everton Supporters&#039; Club","article_publisher":"https:\/\/www.facebook.com\/everton.fans.cz.sk","article_published_time":"2021-08-04T11:05:42+00:00","article_modified_time":"2021-08-05T07:50:39+00:00","og_image":[{"width":720,"height":405,"url":"https:\/\/evertonfc.cz\/wp-content\/uploads\/2021\/08\/James-Rodriguez-4-8-2021.jpg","type":"image\/jpeg"}],"author":"BlueBlooded","twitter_card":"summary_large_image","twitter_misc":{"Napsal(a)":"BlueBlooded","Odhadovan\u00e1 doba \u010dten\u00ed":"6 minut"},"schema":{"@context":"https:\/\/schema.org","@graph":[{"@type":"Article","@id":"https:\/\/evertonfc.cz\/index.php\/2021\/08\/04\/zbavi-sa-everton-jamesa\/#article","isPartOf":{"@id":"https:\/\/evertonfc.cz\/index.php\/2021\/08\/04\/zbavi-sa-everton-jamesa\/"},"author":{"name":"BlueBlooded","@id":"https:\/\/evertonfc.cz\/#\/schema\/person\/d4493b8cbea51532597fbc4685698916"},"headline":"Zbav\u00ed sa Everton Jamesa?","datePublished":"2021-08-04T11:05:42+00:00","dateModified":"2021-08-05T07:50:39+00:00","mainEntityOfPage":{"@id":"https:\/\/evertonfc.cz\/index.php\/2021\/08\/04\/zbavi-sa-everton-jamesa\/"},"wordCount":1650,"commentCount":11,"publisher":{"@id":"https:\/\/evertonfc.cz\/#organization"},"image":{"@id":"https:\/\/evertonfc.cz\/index.php\/2021\/08\/04\/zbavi-sa-everton-jamesa\/#primaryimage"},"thumbnailUrl":"https:\/\/evertonfc.cz\/wp-content\/uploads\/2021\/08\/James-Rodriguez-4-8-2021.jpg","articleSection":["Blog"],"inLanguage":"cs","potentialAction":[{"@type":"CommentAction","name":"Comment","target":["https:\/\/evertonfc.cz\/index.php\/2021\/08\/04\/zbavi-sa-everton-jamesa\/#respond"]}]},{"@type":"WebPage","@id":"https:\/\/evertonfc.cz\/index.php\/2021\/08\/04\/zbavi-sa-everton-jamesa\/","url":"https:\/\/evertonfc.cz\/index.php\/2021\/08\/04\/zbavi-sa-everton-jamesa\/","name":"Zbav\u00ed sa Everton Jamesa? - Official Czech &amp; Slovak Everton Supporters&#039; Club","isPartOf":{"@id":"https:\/\/evertonfc.cz\/#website"},"primaryImageOfPage":{"@id":"https:\/\/evertonfc.cz\/index.php\/2021\/08\/04\/zbavi-sa-everton-jamesa\/#primaryimage"},"image":{"@id":"https:\/\/evertonfc.cz\/index.php\/2021\/08\/04\/zbavi-sa-everton-jamesa\/#primaryimage"},"thumbnailUrl":"https:\/\/evertonfc.cz\/wp-content\/uploads\/2021\/08\/James-Rodriguez-4-8-2021.jpg","datePublished":"2021-08-04T11:05:42+00:00","dateModified":"2021-08-05T07:50:39+00:00","breadcrumb":{"@id":"https:\/\/evertonfc.cz\/index.php\/2021\/08\/04\/zbavi-sa-everton-jamesa\/#breadcrumb"},"inLanguage":"cs","potentialAction":[{"@type":"ReadAction","target":["https:\/\/evertonfc.cz\/index.php\/2021\/08\/04\/zbavi-sa-everton-jamesa\/"]}]},{"@type":"ImageObject","inLanguage":"cs","@id":"https:\/\/evertonfc.cz\/index.php\/2021\/08\/04\/zbavi-sa-everton-jamesa\/#primaryimage","url":"https:\/\/evertonfc.cz\/wp-content\/uploads\/2021\/08\/James-Rodriguez-4-8-2021.jpg","contentUrl":"https:\/\/evertonfc.cz\/wp-content\/uploads\/2021\/08\/James-Rodriguez-4-8-2021.jpg","width":720,"height":405},{"@type":"BreadcrumbList","@id":"https:\/\/evertonfc.cz\/index.php\/2021\/08\/04\/zbavi-sa-everton-jamesa\/#breadcrumb","itemListElement":[{"@type":"ListItem","position":1,"name":"Home","item":"https:\/\/evertonfc.cz\/"},{"@type":"ListItem","position":2,"name":"Zbav\u00ed sa Everton Jamesa?"}]},{"@type":"WebSite","@id":"https:\/\/evertonfc.cz\/#website","url":"https:\/\/evertonfc.cz\/","name":"Official Czech &amp; Slovak Everton Supporters&#039; Club","description":"","publisher":{"@id":"https:\/\/evertonfc.cz\/#organization"},"potentialAction":[{"@type":"SearchAction","target":{"@type":"EntryPoint","urlTemplate":"https:\/\/evertonfc.cz\/?s={search_term_string}"},"query-input":{"@type":"PropertyValueSpecification","valueRequired":true,"valueName":"search_term_string"}}],"inLanguage":"cs"},{"@type":"Organization","@id":"https:\/\/evertonfc.cz\/#organization","name":"Official Czech & Slovak Everton Supporters' Club","url":"https:\/\/evertonfc.cz\/","logo":{"@type":"ImageObject","inLanguage":"cs","@id":"https:\/\/evertonfc.cz\/#\/schema\/logo\/image\/","url":"https:\/\/evertonfc.cz\/wp-content\/uploads\/2019\/05\/logo.png","contentUrl":"https:\/\/evertonfc.cz\/wp-content\/uploads\/2019\/05\/logo.png","width":112,"height":112,"caption":"Official Czech & Slovak Everton Supporters' Club"},"image":{"@id":"https:\/\/evertonfc.cz\/#\/schema\/logo\/image\/"},"sameAs":["https:\/\/www.facebook.com\/everton.fans.cz.sk"]},{"@type":"Person","@id":"https:\/\/evertonfc.cz\/#\/schema\/person\/d4493b8cbea51532597fbc4685698916","name":"BlueBlooded","url":"https:\/\/evertonfc.cz\/index.php\/author\/admin\/"}]}},"_links":{"self":[{"href":"https:\/\/evertonfc.cz\/index.php\/wp-json\/wp\/v2\/posts\/15993"}],"collection":[{"href":"https:\/\/evertonfc.cz\/index.php\/wp-json\/wp\/v2\/posts"}],"about":[{"href":"https:\/\/evertonfc.cz\/index.php\/wp-json\/wp\/v2\/types\/post"}],"author":[{"embeddable":true,"href":"https:\/\/evertonfc.cz\/index.php\/wp-json\/wp\/v2\/users\/1"}],"replies":[{"embeddable":true,"href":"https:\/\/evertonfc.cz\/index.php\/wp-json\/wp\/v2\/comments?post=15993"}],"version-history":[{"count":20,"href":"https:\/\/evertonfc.cz\/index.php\/wp-json\/wp\/v2\/posts\/15993\/revisions"}],"predecessor-version":[{"id":16014,"href":"https:\/\/evertonfc.cz\/index.php\/wp-json\/wp\/v2\/posts\/15993\/revisions\/16014"}],"wp:featuredmedia":[{"embeddable":true,"href":"https:\/\/evertonfc.cz\/index.php\/wp-json\/wp\/v2\/media\/15994"}],"wp:attachment":[{"href":"https:\/\/evertonfc.cz\/index.php\/wp-json\/wp\/v2\/media?parent=15993"}],"wp:term":[{"taxonomy":"category","embeddable":true,"href":"https:\/\/evertonfc.cz\/index.php\/wp-json\/wp\/v2\/categories?post=15993"},{"taxonomy":"post_tag","embeddable":true,"href":"https:\/\/evertonfc.cz\/index.php\/wp-json\/wp\/v2\/tags?post=15993"}],"curies":[{"name":"wp","href":"https:\/\/api.w.org\/{rel}","templated":true}]}}