{"id":16044,"date":"2021-08-14T12:18:07","date_gmt":"2021-08-14T10:18:07","guid":{"rendered":"https:\/\/evertonfc.cz\/?p=16044"},"modified":"2021-08-21T14:14:21","modified_gmt":"2021-08-21T12:14:21","slug":"preview-everton-southampton-8","status":"publish","type":"post","link":"https:\/\/evertonfc.cz\/index.php\/2021\/08\/14\/preview-everton-southampton-8\/","title":{"rendered":"Preview: Everton &#8211; Southampton"},"content":{"rendered":"<h4>Nov\u00e1 sez\u00f3na je tu. Nov\u00fd mana\u017eer a tak\u00e9 nov\u00e9 ambice, kter\u00e9 budou tentokr\u00e1t v\u00fdrazn\u011b skromn\u011bj\u0161\u00ed.<\/h4>\n<p>Odchod mana\u017eera Ancelottiho do Realu Madrid klub nep\u0159\u00edjemn\u011b p\u0159ekvapil. Po t\u0159ech t\u00fddnech vyjedn\u00e1v\u00e1n\u00ed a hled\u00e1n\u00ed nov\u00e9ho mana\u017eera si Everton pl\u00e1cnul s Rafaelem Ben\u00edtezem. Ten sice na t\u00e9hle pozici p\u016fsobil ve slavn\u00fdch t\u00fdmech \/Chelsea, Real, Inter\/, ale tak\u00e9 je to konfliktn\u00ed \u010dlov\u011bk, kter\u00fd m\u00edv\u00e1 v posledn\u00ed dob\u011b probl\u00e9my vyj\u00edt s veden\u00edm. Uvid\u00edme.<\/p>\n<p>Jedin\u00fdm v\u00fdznamn\u011bj\u0161\u00edm odchodem je Bernard, kter\u00fd podepsal t\u00fdmu ze SAE. Zm\u00ednit mus\u00edm i dal\u0161\u00ed hr\u00e1\u010de, ale Walcott a Bolasie odehr\u00e1li sez\u00f3nu na hostov\u00e1n\u00ed a trojice Baningime-Be\u0161i\u0107-Pennington toho za Everton odehr\u00e1la minimum. Do br\u00e1ny p\u0159i\u0161el d\u011blat dvojku zdarma Begovi\u0107 (nov\u00e9 \u010d\u00edslo 15), z\u00e1loze by m\u011bl pomoci Townsend, kter\u00fd p\u0159i\u0161el zdarma z Crystalu Palace (nov\u00e9 \u010d\u00edslo 14) a na k\u0159\u00eddle je posilou Demaray Gray z Leverkusenu. \u010c\u00e1stka za n\u011bj nebyla zve\u0159ejn\u011bna, ale spekuluje se o \u010d\u00edsle 1,7 milionu liber, p\u0159i\u010dem\u017e nosit bude \u010d\u00edslo 11, kter\u00e9 uvolnil pr\u00e1v\u011b Walcott.<\/p>\n<p>Odchody ale budou pokra\u010dovat. Rodr\u00edguez tr\u00e9nuje individu\u00e1ln\u011b, p\u0159i\u010dem\u017e Ben\u00edtez mu \u0159ekl, \u017ee pod n\u00edm hr\u00e1t nebude. A proto\u017ee se chlapec nijak netajil t\u00edm, \u017ee Evertonu podepsal jen kv\u016fli Ancelottimu, kter\u00fd ji\u017e v klubu nen\u00ed, tak je celkem jasn\u00e9, \u017ee v n\u00e1sleduj\u00edc\u00edch dvou t\u00fddnech p\u016fjde zas o d\u016fm d\u00e1l. Kean zve\u0159ejnil na Instagramu jist\u00fd vzkaz, kter\u00fd je vykl\u00e1d\u00e1n tak, \u017ee se vr\u00e1t\u00ed do It\u00e1lie, pravd\u011bpodobn\u011b do Interu Mil\u00e1n &#8211; a tak\u00e9 netr\u00e9nuje s \u00e1\u010dkem. Pokud si mysl\u00edte, \u017ee klub v l\u00e9t\u011b sp\u00ed\u0161e oslabuje, tak m\u00e1te pravdu. Sice vyhr\u00e1l turnaj na Florid\u011b, ale taky dostal 0:4 p\u0159ed t\u00fddnem od Manchesteru United.<\/p>\n<p>K dispozici ale budou dnes Calvert-Lewin a Richarlison. Prvn\u011b jmenovan\u00fd se zotavil ze zran\u011bn\u00ed palce, ten druh\u00fd p\u0159ilet\u011bl do Liverpoolu p\u0159ed p\u011bti dny se zlatou olympijskou medail\u00ed. S klubem toho tedy moc neodtr\u00e9noval, ale d\u00e1 se p\u0159edpokl\u00e1dat, \u017ee bude hr\u00e1t v z\u00e1kladn\u00ed sestav\u011b. Evertonu bude chyb\u011bt p\u011bt hr\u00e1\u010d\u016f, kte\u0159\u00ed jsou kv\u016fli koronaviru v karant\u00e9n\u011b, mezi nimi jsou pr\u00e1v\u011b Rodr\u00edguez a Kean, jm\u00e9na dal\u0161\u00edch t\u0159\u00ed nebyla zve\u0159ejn\u011bna.To Southampton je v\u00fdrazn\u011b zdrav\u011bj\u0161\u00ed. Zran\u011bn\u00ed vyl\u00e9\u010dil Ward-Prowse, tento t\u00fdden s \u00e1\u010dkem ji\u017e tr\u00e9noval a jeho nominace k z\u00e1pasu je jist\u00e1. Jedin\u00fdm absent\u00e9rem tak asi bude Smallbone, kter\u00fd l\u00e9\u010d\u00ed v\u00e1\u017en\u00e9 zdravotn\u00ed probl\u00e9my ji\u017e od ledna tohoto roku.<\/p>\n<p><strong>Co:\u00a0<\/strong>Everton FC &#8211; Southampton FC, 1. kolo Premier League<br \/>\n<strong>Kdy:\u00a0<\/strong>14. 8. 2021 od 16:00<br \/>\n<strong>Kde:\u00a0<\/strong>Goodison Park, Liverpool (kapacita: 39\u00a0572)<br \/>\n<strong>TV:\u00a0<\/strong>Ne, ani z\u00e1znam<br \/>\n<strong>Rozhod\u010d\u00ed: <\/strong>Andy Madley &#8211; Adrian Holmes, Eddie Smart\u00a0<strong>\u010ctvrt\u00fd rozhod\u010d\u00ed: <\/strong>Tony Harrington<br \/>\n<strong>Videorozhod\u010d\u00ed:\u00a0<\/strong>Darren England\u00a0<strong>Asistent videorozhod\u010d\u00edho:\u00a0<\/strong>Dan Robathan<\/p>\n","protected":false},"excerpt":{"rendered":"<p>Nov\u00e1 sez\u00f3na je tu. Nov\u00fd mana\u017eer a tak\u00e9 nov\u00e9 ambice, kter\u00e9 budou tentokr\u00e1t v\u00fdrazn\u011b skromn\u011bj\u0161\u00ed.<\/p>\n","protected":false},"author":12,"featured_media":14388,"comment_status":"open","ping_status":"closed","sticky":false,"template":"","format":"standard","meta":{"_eb_attr":"","_monsterinsights_skip_tracking":false,"_monsterinsights_sitenote_active":false,"_monsterinsights_sitenote_note":"","_monsterinsights_sitenote_category":0,"footnotes":""},"categories":[4],"tags":[],"yoast_head":"<!-- This site is optimized with the Yoast SEO plugin v23.4 - https:\/\/yoast.com\/wordpress\/plugins\/seo\/ -->\n<title>Preview: Everton - Southampton - Official Czech &amp; Slovak Everton Supporters&#039; Club<\/title>\n<meta name=\"robots\" content=\"index, follow, max-snippet:-1, max-image-preview:large, max-video-preview:-1\" \/>\n<link rel=\"canonical\" href=\"https:\/\/evertonfc.cz\/index.php\/2021\/08\/14\/preview-everton-southampton-8\/\" \/>\n<meta property=\"og:locale\" content=\"cs_CZ\" \/>\n<meta property=\"og:type\" content=\"article\" \/>\n<meta property=\"og:title\" content=\"Preview: Everton - Southampton - Official Czech &amp; Slovak Everton Supporters&#039; Club\" \/>\n<meta property=\"og:description\" content=\"Nov\u00e1 sez\u00f3na je tu. Nov\u00fd mana\u017eer a tak\u00e9 nov\u00e9 ambice, kter\u00e9 budou tentokr\u00e1t v\u00fdrazn\u011b skromn\u011bj\u0161\u00ed.\" \/>\n<meta property=\"og:url\" content=\"https:\/\/evertonfc.cz\/index.php\/2021\/08\/14\/preview-everton-southampton-8\/\" \/>\n<meta property=\"og:site_name\" content=\"Official Czech &amp; Slovak Everton Supporters&#039; Club\" \/>\n<meta property=\"article:publisher\" content=\"https:\/\/www.facebook.com\/everton.fans.cz.sk\" \/>\n<meta property=\"article:published_time\" content=\"2021-08-14T10:18:07+00:00\" \/>\n<meta property=\"article:modified_time\" content=\"2021-08-21T12:14:21+00:00\" \/>\n<meta property=\"og:image\" content=\"https:\/\/evertonfc.cz\/wp-content\/uploads\/2021\/03\/Everton-VS-Southampton.png\" \/>\n\t<meta property=\"og:image:width\" content=\"720\" \/>\n\t<meta property=\"og:image:height\" content=\"405\" \/>\n\t<meta property=\"og:image:type\" content=\"image\/png\" \/>\n<meta name=\"author\" content=\"Javor\" \/>\n<meta name=\"twitter:card\" content=\"summary_large_image\" \/>\n<meta name=\"twitter:creator\" content=\"@LoudinJan\" \/>\n<meta name=\"twitter:label1\" content=\"Napsal(a)\" \/>\n\t<meta name=\"twitter:data1\" content=\"Javor\" \/>\n\t<meta name=\"twitter:label2\" content=\"Odhadovan\u00e1 doba \u010dten\u00ed\" \/>\n\t<meta name=\"twitter:data2\" content=\"2 minuty\" \/>\n<script type=\"application\/ld+json\" class=\"yoast-schema-graph\">{\"@context\":\"https:\/\/schema.org\",\"@graph\":[{\"@type\":\"Article\",\"@id\":\"https:\/\/evertonfc.cz\/index.php\/2021\/08\/14\/preview-everton-southampton-8\/#article\",\"isPartOf\":{\"@id\":\"https:\/\/evertonfc.cz\/index.php\/2021\/08\/14\/preview-everton-southampton-8\/\"},\"author\":{\"name\":\"Javor\",\"@id\":\"https:\/\/evertonfc.cz\/#\/schema\/person\/b30daf6a5852f4811f8207a17ec1bf78\"},\"headline\":\"Preview: Everton &#8211; Southampton\",\"datePublished\":\"2021-08-14T10:18:07+00:00\",\"dateModified\":\"2021-08-21T12:14:21+00:00\",\"mainEntityOfPage\":{\"@id\":\"https:\/\/evertonfc.cz\/index.php\/2021\/08\/14\/preview-everton-southampton-8\/\"},\"wordCount\":515,\"commentCount\":12,\"publisher\":{\"@id\":\"https:\/\/evertonfc.cz\/#organization\"},\"image\":{\"@id\":\"https:\/\/evertonfc.cz\/index.php\/2021\/08\/14\/preview-everton-southampton-8\/#primaryimage\"},\"thumbnailUrl\":\"https:\/\/evertonfc.cz\/wp-content\/uploads\/2021\/03\/Everton-VS-Southampton.png\",\"articleSection\":[\"Z\u00e1pasy\"],\"inLanguage\":\"cs\",\"potentialAction\":[{\"@type\":\"CommentAction\",\"name\":\"Comment\",\"target\":[\"https:\/\/evertonfc.cz\/index.php\/2021\/08\/14\/preview-everton-southampton-8\/#respond\"]}]},{\"@type\":\"WebPage\",\"@id\":\"https:\/\/evertonfc.cz\/index.php\/2021\/08\/14\/preview-everton-southampton-8\/\",\"url\":\"https:\/\/evertonfc.cz\/index.php\/2021\/08\/14\/preview-everton-southampton-8\/\",\"name\":\"Preview: Everton - Southampton - Official Czech &amp; Slovak Everton Supporters&#039; Club\",\"isPartOf\":{\"@id\":\"https:\/\/evertonfc.cz\/#website\"},\"primaryImageOfPage\":{\"@id\":\"https:\/\/evertonfc.cz\/index.php\/2021\/08\/14\/preview-everton-southampton-8\/#primaryimage\"},\"image\":{\"@id\":\"https:\/\/evertonfc.cz\/index.php\/2021\/08\/14\/preview-everton-southampton-8\/#primaryimage\"},\"thumbnailUrl\":\"https:\/\/evertonfc.cz\/wp-content\/uploads\/2021\/03\/Everton-VS-Southampton.png\",\"datePublished\":\"2021-08-14T10:18:07+00:00\",\"dateModified\":\"2021-08-21T12:14:21+00:00\",\"breadcrumb\":{\"@id\":\"https:\/\/evertonfc.cz\/index.php\/2021\/08\/14\/preview-everton-southampton-8\/#breadcrumb\"},\"inLanguage\":\"cs\",\"potentialAction\":[{\"@type\":\"ReadAction\",\"target\":[\"https:\/\/evertonfc.cz\/index.php\/2021\/08\/14\/preview-everton-southampton-8\/\"]}]},{\"@type\":\"ImageObject\",\"inLanguage\":\"cs\",\"@id\":\"https:\/\/evertonfc.cz\/index.php\/2021\/08\/14\/preview-everton-southampton-8\/#primaryimage\",\"url\":\"https:\/\/evertonfc.cz\/wp-content\/uploads\/2021\/03\/Everton-VS-Southampton.png\",\"contentUrl\":\"https:\/\/evertonfc.cz\/wp-content\/uploads\/2021\/03\/Everton-VS-Southampton.png\",\"width\":720,\"height\":405},{\"@type\":\"BreadcrumbList\",\"@id\":\"https:\/\/evertonfc.cz\/index.php\/2021\/08\/14\/preview-everton-southampton-8\/#breadcrumb\",\"itemListElement\":[{\"@type\":\"ListItem\",\"position\":1,\"name\":\"Home\",\"item\":\"https:\/\/evertonfc.cz\/\"},{\"@type\":\"ListItem\",\"position\":2,\"name\":\"Preview: Everton &#8211; Southampton\"}]},{\"@type\":\"WebSite\",\"@id\":\"https:\/\/evertonfc.cz\/#website\",\"url\":\"https:\/\/evertonfc.cz\/\",\"name\":\"Official Czech &amp; Slovak Everton Supporters&#039; Club\",\"description\":\"\",\"publisher\":{\"@id\":\"https:\/\/evertonfc.cz\/#organization\"},\"potentialAction\":[{\"@type\":\"SearchAction\",\"target\":{\"@type\":\"EntryPoint\",\"urlTemplate\":\"https:\/\/evertonfc.cz\/?s={search_term_string}\"},\"query-input\":{\"@type\":\"PropertyValueSpecification\",\"valueRequired\":true,\"valueName\":\"search_term_string\"}}],\"inLanguage\":\"cs\"},{\"@type\":\"Organization\",\"@id\":\"https:\/\/evertonfc.cz\/#organization\",\"name\":\"Official Czech & Slovak Everton Supporters' Club\",\"url\":\"https:\/\/evertonfc.cz\/\",\"logo\":{\"@type\":\"ImageObject\",\"inLanguage\":\"cs\",\"@id\":\"https:\/\/evertonfc.cz\/#\/schema\/logo\/image\/\",\"url\":\"https:\/\/evertonfc.cz\/wp-content\/uploads\/2019\/05\/logo.png\",\"contentUrl\":\"https:\/\/evertonfc.cz\/wp-content\/uploads\/2019\/05\/logo.png\",\"width\":112,\"height\":112,\"caption\":\"Official Czech & Slovak Everton Supporters' Club\"},\"image\":{\"@id\":\"https:\/\/evertonfc.cz\/#\/schema\/logo\/image\/\"},\"sameAs\":[\"https:\/\/www.facebook.com\/everton.fans.cz.sk\"]},{\"@type\":\"Person\",\"@id\":\"https:\/\/evertonfc.cz\/#\/schema\/person\/b30daf6a5852f4811f8207a17ec1bf78\",\"name\":\"Javor\",\"sameAs\":[\"https:\/\/x.com\/LoudinJan\"],\"url\":\"https:\/\/evertonfc.cz\/index.php\/author\/javor\/\"}]}<\/script>\n<!-- \/ Yoast SEO plugin. -->","yoast_head_json":{"title":"Preview: Everton - Southampton - Official Czech &amp; Slovak Everton Supporters&#039; Club","robots":{"index":"index","follow":"follow","max-snippet":"max-snippet:-1","max-image-preview":"max-image-preview:large","max-video-preview":"max-video-preview:-1"},"canonical":"https:\/\/evertonfc.cz\/index.php\/2021\/08\/14\/preview-everton-southampton-8\/","og_locale":"cs_CZ","og_type":"article","og_title":"Preview: Everton - Southampton - Official Czech &amp; Slovak Everton Supporters&#039; Club","og_description":"Nov\u00e1 sez\u00f3na je tu. Nov\u00fd mana\u017eer a tak\u00e9 nov\u00e9 ambice, kter\u00e9 budou tentokr\u00e1t v\u00fdrazn\u011b skromn\u011bj\u0161\u00ed.","og_url":"https:\/\/evertonfc.cz\/index.php\/2021\/08\/14\/preview-everton-southampton-8\/","og_site_name":"Official Czech &amp; Slovak Everton Supporters&#039; Club","article_publisher":"https:\/\/www.facebook.com\/everton.fans.cz.sk","article_published_time":"2021-08-14T10:18:07+00:00","article_modified_time":"2021-08-21T12:14:21+00:00","og_image":[{"width":720,"height":405,"url":"https:\/\/evertonfc.cz\/wp-content\/uploads\/2021\/03\/Everton-VS-Southampton.png","type":"image\/png"}],"author":"Javor","twitter_card":"summary_large_image","twitter_creator":"@LoudinJan","twitter_misc":{"Napsal(a)":"Javor","Odhadovan\u00e1 doba \u010dten\u00ed":"2 minuty"},"schema":{"@context":"https:\/\/schema.org","@graph":[{"@type":"Article","@id":"https:\/\/evertonfc.cz\/index.php\/2021\/08\/14\/preview-everton-southampton-8\/#article","isPartOf":{"@id":"https:\/\/evertonfc.cz\/index.php\/2021\/08\/14\/preview-everton-southampton-8\/"},"author":{"name":"Javor","@id":"https:\/\/evertonfc.cz\/#\/schema\/person\/b30daf6a5852f4811f8207a17ec1bf78"},"headline":"Preview: Everton &#8211; Southampton","datePublished":"2021-08-14T10:18:07+00:00","dateModified":"2021-08-21T12:14:21+00:00","mainEntityOfPage":{"@id":"https:\/\/evertonfc.cz\/index.php\/2021\/08\/14\/preview-everton-southampton-8\/"},"wordCount":515,"commentCount":12,"publisher":{"@id":"https:\/\/evertonfc.cz\/#organization"},"image":{"@id":"https:\/\/evertonfc.cz\/index.php\/2021\/08\/14\/preview-everton-southampton-8\/#primaryimage"},"thumbnailUrl":"https:\/\/evertonfc.cz\/wp-content\/uploads\/2021\/03\/Everton-VS-Southampton.png","articleSection":["Z\u00e1pasy"],"inLanguage":"cs","potentialAction":[{"@type":"CommentAction","name":"Comment","target":["https:\/\/evertonfc.cz\/index.php\/2021\/08\/14\/preview-everton-southampton-8\/#respond"]}]},{"@type":"WebPage","@id":"https:\/\/evertonfc.cz\/index.php\/2021\/08\/14\/preview-everton-southampton-8\/","url":"https:\/\/evertonfc.cz\/index.php\/2021\/08\/14\/preview-everton-southampton-8\/","name":"Preview: Everton - Southampton - Official Czech &amp; Slovak Everton Supporters&#039; Club","isPartOf":{"@id":"https:\/\/evertonfc.cz\/#website"},"primaryImageOfPage":{"@id":"https:\/\/evertonfc.cz\/index.php\/2021\/08\/14\/preview-everton-southampton-8\/#primaryimage"},"image":{"@id":"https:\/\/evertonfc.cz\/index.php\/2021\/08\/14\/preview-everton-southampton-8\/#primaryimage"},"thumbnailUrl":"https:\/\/evertonfc.cz\/wp-content\/uploads\/2021\/03\/Everton-VS-Southampton.png","datePublished":"2021-08-14T10:18:07+00:00","dateModified":"2021-08-21T12:14:21+00:00","breadcrumb":{"@id":"https:\/\/evertonfc.cz\/index.php\/2021\/08\/14\/preview-everton-southampton-8\/#breadcrumb"},"inLanguage":"cs","potentialAction":[{"@type":"ReadAction","target":["https:\/\/evertonfc.cz\/index.php\/2021\/08\/14\/preview-everton-southampton-8\/"]}]},{"@type":"ImageObject","inLanguage":"cs","@id":"https:\/\/evertonfc.cz\/index.php\/2021\/08\/14\/preview-everton-southampton-8\/#primaryimage","url":"https:\/\/evertonfc.cz\/wp-content\/uploads\/2021\/03\/Everton-VS-Southampton.png","contentUrl":"https:\/\/evertonfc.cz\/wp-content\/uploads\/2021\/03\/Everton-VS-Southampton.png","width":720,"height":405},{"@type":"BreadcrumbList","@id":"https:\/\/evertonfc.cz\/index.php\/2021\/08\/14\/preview-everton-southampton-8\/#breadcrumb","itemListElement":[{"@type":"ListItem","position":1,"name":"Home","item":"https:\/\/evertonfc.cz\/"},{"@type":"ListItem","position":2,"name":"Preview: Everton &#8211; Southampton"}]},{"@type":"WebSite","@id":"https:\/\/evertonfc.cz\/#website","url":"https:\/\/evertonfc.cz\/","name":"Official Czech &amp; Slovak Everton Supporters&#039; Club","description":"","publisher":{"@id":"https:\/\/evertonfc.cz\/#organization"},"potentialAction":[{"@type":"SearchAction","target":{"@type":"EntryPoint","urlTemplate":"https:\/\/evertonfc.cz\/?s={search_term_string}"},"query-input":{"@type":"PropertyValueSpecification","valueRequired":true,"valueName":"search_term_string"}}],"inLanguage":"cs"},{"@type":"Organization","@id":"https:\/\/evertonfc.cz\/#organization","name":"Official Czech & Slovak Everton Supporters' Club","url":"https:\/\/evertonfc.cz\/","logo":{"@type":"ImageObject","inLanguage":"cs","@id":"https:\/\/evertonfc.cz\/#\/schema\/logo\/image\/","url":"https:\/\/evertonfc.cz\/wp-content\/uploads\/2019\/05\/logo.png","contentUrl":"https:\/\/evertonfc.cz\/wp-content\/uploads\/2019\/05\/logo.png","width":112,"height":112,"caption":"Official Czech & Slovak Everton Supporters' Club"},"image":{"@id":"https:\/\/evertonfc.cz\/#\/schema\/logo\/image\/"},"sameAs":["https:\/\/www.facebook.com\/everton.fans.cz.sk"]},{"@type":"Person","@id":"https:\/\/evertonfc.cz\/#\/schema\/person\/b30daf6a5852f4811f8207a17ec1bf78","name":"Javor","sameAs":["https:\/\/x.com\/LoudinJan"],"url":"https:\/\/evertonfc.cz\/index.php\/author\/javor\/"}]}},"_links":{"self":[{"href":"https:\/\/evertonfc.cz\/index.php\/wp-json\/wp\/v2\/posts\/16044"}],"collection":[{"href":"https:\/\/evertonfc.cz\/index.php\/wp-json\/wp\/v2\/posts"}],"about":[{"href":"https:\/\/evertonfc.cz\/index.php\/wp-json\/wp\/v2\/types\/post"}],"author":[{"embeddable":true,"href":"https:\/\/evertonfc.cz\/index.php\/wp-json\/wp\/v2\/users\/12"}],"replies":[{"embeddable":true,"href":"https:\/\/evertonfc.cz\/index.php\/wp-json\/wp\/v2\/comments?post=16044"}],"version-history":[{"count":4,"href":"https:\/\/evertonfc.cz\/index.php\/wp-json\/wp\/v2\/posts\/16044\/revisions"}],"predecessor-version":[{"id":16124,"href":"https:\/\/evertonfc.cz\/index.php\/wp-json\/wp\/v2\/posts\/16044\/revisions\/16124"}],"wp:featuredmedia":[{"embeddable":true,"href":"https:\/\/evertonfc.cz\/index.php\/wp-json\/wp\/v2\/media\/14388"}],"wp:attachment":[{"href":"https:\/\/evertonfc.cz\/index.php\/wp-json\/wp\/v2\/media?parent=16044"}],"wp:term":[{"taxonomy":"category","embeddable":true,"href":"https:\/\/evertonfc.cz\/index.php\/wp-json\/wp\/v2\/categories?post=16044"},{"taxonomy":"post_tag","embeddable":true,"href":"https:\/\/evertonfc.cz\/index.php\/wp-json\/wp\/v2\/tags?post=16044"}],"curies":[{"name":"wp","href":"https:\/\/api.w.org\/{rel}","templated":true}]}}