{"id":16074,"date":"2021-08-17T20:09:51","date_gmt":"2021-08-17T18:09:51","guid":{"rendered":"https:\/\/evertonfc.cz\/?p=16074"},"modified":"2021-08-19T15:02:38","modified_gmt":"2021-08-19T13:02:38","slug":"doucoureho-nova-uloha","status":"publish","type":"post","link":"https:\/\/evertonfc.cz\/index.php\/2021\/08\/17\/doucoureho-nova-uloha\/","title":{"rendered":"Doucour\u00e9ho nov\u00e1 \u00faloha"},"content":{"rendered":"<h4>Stredn\u00fd z\u00e1lo\u017en\u00edk The Toffees sa zap\u00edsal do listiny strelcov u\u017e v\u00a0prvom z\u00e1pase novej sez\u00f3ny. Ako d\u00fafa on aj jeho nov\u00fd tr\u00e9ner, tento ofenz\u00edvny pr\u00ednos bude pokra\u010dova\u0165 aj na\u010falej.<\/h4>\n<p>Nov\u00fa zodpovednos\u0165 v\u00a0\u00fato\u010dnej f\u00e1ze Evertonu mu pridelil pr\u00e1ve Rafael Ben\u00edtez hne\u010f po svojom pr\u00edchode. V\u00a0minulej sez\u00f3ne,\u00a0premi\u00e9rovej v\u00a0drese Karameliek od prestupu z\u00a0Watfordu, zaznamenal franc\u00fazsky stredopoliar len tri g\u00f3ly a\u00a0tri asistencie v\u00a034 vyst\u00fapeniach vo v\u0161etk\u00fdch s\u00fa\u0165a\u017eiach.<\/p>\n<p>To je takmer polovi\u010dn\u00fd pokles oproti najlep\u0161\u00edm sez\u00f3nam u predch\u00e1dzaj\u00faceho zamestn\u00e1vate\u013ea, kde po\u010das ro\u010dn\u00edkov 2017\/18 a 2018\/19 nastrie\u013eal dvan\u00e1s\u0165 g\u00f3lov a na \u010fal\u0161\u00edch desa\u0165 prihral. Pr\u00ed\u010dina m\u00f4\u017ee by\u0165 sp\u00f4soben\u00e1 aj hlb\u0161ou poz\u00edciou na ihrisku, \u010di zranen\u00edm nohy, ktor\u00e1 ho na jar vyradila a\u017e z \u00f4smich z\u00e1pasov, z ktor\u00fdch Everton vyhral len dva. Na pos\u00fadenie Abdoulayovej d\u00f4le\u017eitosti sved\u010d\u00ed aj fakt, \u017ee Everton vyhral viac ako polovicu ligov\u00fdch z\u00e1pasov, v ktor\u00fdch 28-ro\u010dn\u00fd z\u00e1lo\u017en\u00edk nast\u00fapil. Bolo to konkr\u00e9tne p\u00e4tn\u00e1s\u0165 v\u00fdhier a \u0161tyri rem\u00edzy z 29 duelov.<\/p>\n<p>Tak\u00fd hladk\u00fd n\u00e1stup mal atletick\u00fd stredopoliar s vlohami pou\u017eite\u013en\u00fdmi na oboch stran\u00e1ch ihriska. Ben\u00edtez si je toho vedom\u00fd a chce od Doucour\u00e9ho viac, ne\u017e zatia\u013e pred br\u00e1nou s\u00fapera ako hr\u00e1\u010d The Toffees predviedol. E\u0161te pred prv\u00fdm kolom na Goodison Parku proti Southamptonu sa o tom rozhovoril pre ofici\u00e1lny web klubu.<\/p>\n<h4><strong>Abdoulaye Doucour\u00e9:<\/strong><\/h4>\n<blockquote><p><span style=\"font-size: 12pt;\"><em>\u201eKe\u010f som pri\u0161iel do Evertonu, nehral som takticky ako vo Watforde. V minulej sez\u00f3ne som mal hlb\u0161iu \u00falohu, defenz\u00edvnej\u0161iu. Mal som rovnak\u00e9 schopnosti, ale potreboval som sa prisp\u00f4sobi\u0165. V tejto sez\u00f3ne si mysl\u00edm, \u017ee budem viac vpredu a \u00fato\u010di\u0165. Mana\u017e\u00e9r chce, aby som bol ofenz\u00edvnej\u0161\u00ed.\u201c<\/em><\/span><\/p>\n<p><span style=\"font-size: 12pt;\"><em>\u201eKe\u010f sme sa prv\u00fdkr\u00e1t stretli, vysvetlil mi moje siln\u00e9 str\u00e1nky a to, \u010do mus\u00edm robi\u0165. Na tr\u00e9ningu sme sa ve\u013ea rozpr\u00e1vali, povedal mi, \u017ee mus\u00edm \u00eds\u0165 dopredu a d\u00e1va\u0165 viac g\u00f3lov. Je to jedna z mojich siln\u00fdch str\u00e1nok a t\u00fato sez\u00f3nu si to chcem u\u017ei\u0165. M\u00f4\u017eem by\u0165 viac v \u0161estn\u00e1stke, vytv\u00e1ra\u0165 si ve\u013ea \u0161anc\u00ed a by\u0165 v \u00fato\u010dnej tretine, aby som dal viac g\u00f3lov. Cvi\u010d\u00edm to a budem to robi\u0165 po\u010das z\u00e1pasov.\u201c<\/em><\/span><\/p>\n<p><span style=\"font-size: 12pt;\"><em>\u201eBen\u00edtez je skvel\u00fd mana\u017e\u00e9r, dal mi ve\u013ea r\u00e1d a som s t\u00fdm spokojn\u00fd. Prv\u00e1 sez\u00f3na bola pre m\u0148a osobne dobr\u00e1. Potreboval som sa dobre adaptova\u0165, odohral som asi 30 z\u00e1pasov a bol som s t\u00fdm ve\u013emi spokojn\u00fd. V druhej sez\u00f3ne mus\u00edm by\u0165 lep\u0161\u00ed, pozn\u00e1m klub aj spoluhr\u00e1\u010dov a mus\u00edm zlep\u0161i\u0165 svoju hru.\u201c<\/em><\/span><\/p>\n<p><span style=\"font-size: 12pt;\"><em>\u201eUvedomujem si, ktor\u00e9 boli moje dobr\u00e9 a zl\u00e9 z\u00e1pasy v minulej sez\u00f3ne. Viem, ako sa zlep\u0161i\u0165 a \u010do m\u00f4\u017eem zlep\u0161i\u0165. Druh\u00e1 sez\u00f3na by mala by\u0165 pre m\u0148a lep\u0161ia. V minulej sez\u00f3ne sme doma prehrali ve\u013ea z\u00e1pasov. To by sa s fan\u00fa\u0161ikmi nestalo. Niekedy v\u00e1m tlak od priaznivcov m\u00f4\u017ee prinies\u0165 ve\u013ek\u00fa podporu.\u201c<\/em><\/span><\/p><\/blockquote>\n<p style=\"text-align: right;\"><span style=\"font-size: 8pt;\">(fotozdroj: evertonfc.com)<\/span><\/p>\n","protected":false},"excerpt":{"rendered":"<p>Stredn\u00fd z\u00e1lo\u017en\u00edk The Toffees sa zap\u00edsal do listiny strelcov u\u017e v\u00a0prvom z\u00e1pase novej sez\u00f3ny. Ako d\u00fafa on aj jeho nov\u00fd tr\u00e9ner, tento ofenz\u00edvny pr\u00ednos bude pokra\u010dova\u0165 aj na\u010falej.<\/p>\n","protected":false},"author":1,"featured_media":16080,"comment_status":"open","ping_status":"closed","sticky":false,"template":"","format":"standard","meta":{"_eb_attr":"","_monsterinsights_skip_tracking":false,"_monsterinsights_sitenote_active":false,"_monsterinsights_sitenote_note":"","_monsterinsights_sitenote_category":0,"footnotes":""},"categories":[1],"tags":[],"yoast_head":"<!-- This site is optimized with the Yoast SEO plugin v23.4 - https:\/\/yoast.com\/wordpress\/plugins\/seo\/ -->\n<title>Doucour\u00e9ho nov\u00e1 \u00faloha - Official Czech &amp; Slovak Everton Supporters&#039; Club<\/title>\n<meta name=\"robots\" content=\"index, follow, max-snippet:-1, max-image-preview:large, max-video-preview:-1\" \/>\n<link rel=\"canonical\" href=\"https:\/\/evertonfc.cz\/index.php\/2021\/08\/17\/doucoureho-nova-uloha\/\" \/>\n<meta property=\"og:locale\" content=\"cs_CZ\" \/>\n<meta property=\"og:type\" content=\"article\" \/>\n<meta property=\"og:title\" content=\"Doucour\u00e9ho nov\u00e1 \u00faloha - Official Czech &amp; Slovak Everton Supporters&#039; Club\" \/>\n<meta property=\"og:description\" content=\"Stredn\u00fd z\u00e1lo\u017en\u00edk The Toffees sa zap\u00edsal do listiny strelcov u\u017e v\u00a0prvom z\u00e1pase novej sez\u00f3ny. Ako d\u00fafa on aj jeho nov\u00fd tr\u00e9ner, tento ofenz\u00edvny pr\u00ednos bude pokra\u010dova\u0165 aj na\u010falej.\" \/>\n<meta property=\"og:url\" content=\"https:\/\/evertonfc.cz\/index.php\/2021\/08\/17\/doucoureho-nova-uloha\/\" \/>\n<meta property=\"og:site_name\" content=\"Official Czech &amp; Slovak Everton Supporters&#039; Club\" \/>\n<meta property=\"article:publisher\" content=\"https:\/\/www.facebook.com\/everton.fans.cz.sk\" \/>\n<meta property=\"article:published_time\" content=\"2021-08-17T18:09:51+00:00\" \/>\n<meta property=\"article:modified_time\" content=\"2021-08-19T13:02:38+00:00\" \/>\n<meta property=\"og:image\" content=\"https:\/\/evertonfc.cz\/wp-content\/uploads\/2021\/08\/Doucoure-vs-Southampton-by-evertonfc.com-17-8-2021.jpg\" \/>\n\t<meta property=\"og:image:width\" content=\"720\" \/>\n\t<meta property=\"og:image:height\" content=\"405\" \/>\n\t<meta property=\"og:image:type\" content=\"image\/jpeg\" \/>\n<meta name=\"author\" content=\"BlueBlooded\" \/>\n<meta name=\"twitter:card\" content=\"summary_large_image\" \/>\n<meta name=\"twitter:label1\" content=\"Napsal(a)\" \/>\n\t<meta name=\"twitter:data1\" content=\"BlueBlooded\" \/>\n\t<meta name=\"twitter:label2\" content=\"Odhadovan\u00e1 doba \u010dten\u00ed\" \/>\n\t<meta name=\"twitter:data2\" content=\"2 minuty\" \/>\n<script type=\"application\/ld+json\" class=\"yoast-schema-graph\">{\"@context\":\"https:\/\/schema.org\",\"@graph\":[{\"@type\":\"Article\",\"@id\":\"https:\/\/evertonfc.cz\/index.php\/2021\/08\/17\/doucoureho-nova-uloha\/#article\",\"isPartOf\":{\"@id\":\"https:\/\/evertonfc.cz\/index.php\/2021\/08\/17\/doucoureho-nova-uloha\/\"},\"author\":{\"name\":\"BlueBlooded\",\"@id\":\"https:\/\/evertonfc.cz\/#\/schema\/person\/d4493b8cbea51532597fbc4685698916\"},\"headline\":\"Doucour\u00e9ho nov\u00e1 \u00faloha\",\"datePublished\":\"2021-08-17T18:09:51+00:00\",\"dateModified\":\"2021-08-19T13:02:38+00:00\",\"mainEntityOfPage\":{\"@id\":\"https:\/\/evertonfc.cz\/index.php\/2021\/08\/17\/doucoureho-nova-uloha\/\"},\"wordCount\":569,\"commentCount\":0,\"publisher\":{\"@id\":\"https:\/\/evertonfc.cz\/#organization\"},\"image\":{\"@id\":\"https:\/\/evertonfc.cz\/index.php\/2021\/08\/17\/doucoureho-nova-uloha\/#primaryimage\"},\"thumbnailUrl\":\"https:\/\/evertonfc.cz\/wp-content\/uploads\/2021\/08\/Doucoure-vs-Southampton-by-evertonfc.com-17-8-2021.jpg\",\"articleSection\":[\"Rozhovory\"],\"inLanguage\":\"cs\",\"potentialAction\":[{\"@type\":\"CommentAction\",\"name\":\"Comment\",\"target\":[\"https:\/\/evertonfc.cz\/index.php\/2021\/08\/17\/doucoureho-nova-uloha\/#respond\"]}]},{\"@type\":\"WebPage\",\"@id\":\"https:\/\/evertonfc.cz\/index.php\/2021\/08\/17\/doucoureho-nova-uloha\/\",\"url\":\"https:\/\/evertonfc.cz\/index.php\/2021\/08\/17\/doucoureho-nova-uloha\/\",\"name\":\"Doucour\u00e9ho nov\u00e1 \u00faloha - Official Czech &amp; Slovak Everton Supporters&#039; Club\",\"isPartOf\":{\"@id\":\"https:\/\/evertonfc.cz\/#website\"},\"primaryImageOfPage\":{\"@id\":\"https:\/\/evertonfc.cz\/index.php\/2021\/08\/17\/doucoureho-nova-uloha\/#primaryimage\"},\"image\":{\"@id\":\"https:\/\/evertonfc.cz\/index.php\/2021\/08\/17\/doucoureho-nova-uloha\/#primaryimage\"},\"thumbnailUrl\":\"https:\/\/evertonfc.cz\/wp-content\/uploads\/2021\/08\/Doucoure-vs-Southampton-by-evertonfc.com-17-8-2021.jpg\",\"datePublished\":\"2021-08-17T18:09:51+00:00\",\"dateModified\":\"2021-08-19T13:02:38+00:00\",\"breadcrumb\":{\"@id\":\"https:\/\/evertonfc.cz\/index.php\/2021\/08\/17\/doucoureho-nova-uloha\/#breadcrumb\"},\"inLanguage\":\"cs\",\"potentialAction\":[{\"@type\":\"ReadAction\",\"target\":[\"https:\/\/evertonfc.cz\/index.php\/2021\/08\/17\/doucoureho-nova-uloha\/\"]}]},{\"@type\":\"ImageObject\",\"inLanguage\":\"cs\",\"@id\":\"https:\/\/evertonfc.cz\/index.php\/2021\/08\/17\/doucoureho-nova-uloha\/#primaryimage\",\"url\":\"https:\/\/evertonfc.cz\/wp-content\/uploads\/2021\/08\/Doucoure-vs-Southampton-by-evertonfc.com-17-8-2021.jpg\",\"contentUrl\":\"https:\/\/evertonfc.cz\/wp-content\/uploads\/2021\/08\/Doucoure-vs-Southampton-by-evertonfc.com-17-8-2021.jpg\",\"width\":720,\"height\":405},{\"@type\":\"BreadcrumbList\",\"@id\":\"https:\/\/evertonfc.cz\/index.php\/2021\/08\/17\/doucoureho-nova-uloha\/#breadcrumb\",\"itemListElement\":[{\"@type\":\"ListItem\",\"position\":1,\"name\":\"Home\",\"item\":\"https:\/\/evertonfc.cz\/\"},{\"@type\":\"ListItem\",\"position\":2,\"name\":\"Doucour\u00e9ho nov\u00e1 \u00faloha\"}]},{\"@type\":\"WebSite\",\"@id\":\"https:\/\/evertonfc.cz\/#website\",\"url\":\"https:\/\/evertonfc.cz\/\",\"name\":\"Official Czech &amp; Slovak Everton Supporters&#039; Club\",\"description\":\"\",\"publisher\":{\"@id\":\"https:\/\/evertonfc.cz\/#organization\"},\"potentialAction\":[{\"@type\":\"SearchAction\",\"target\":{\"@type\":\"EntryPoint\",\"urlTemplate\":\"https:\/\/evertonfc.cz\/?s={search_term_string}\"},\"query-input\":{\"@type\":\"PropertyValueSpecification\",\"valueRequired\":true,\"valueName\":\"search_term_string\"}}],\"inLanguage\":\"cs\"},{\"@type\":\"Organization\",\"@id\":\"https:\/\/evertonfc.cz\/#organization\",\"name\":\"Official Czech & Slovak Everton Supporters' Club\",\"url\":\"https:\/\/evertonfc.cz\/\",\"logo\":{\"@type\":\"ImageObject\",\"inLanguage\":\"cs\",\"@id\":\"https:\/\/evertonfc.cz\/#\/schema\/logo\/image\/\",\"url\":\"https:\/\/evertonfc.cz\/wp-content\/uploads\/2019\/05\/logo.png\",\"contentUrl\":\"https:\/\/evertonfc.cz\/wp-content\/uploads\/2019\/05\/logo.png\",\"width\":112,\"height\":112,\"caption\":\"Official Czech & Slovak Everton Supporters' Club\"},\"image\":{\"@id\":\"https:\/\/evertonfc.cz\/#\/schema\/logo\/image\/\"},\"sameAs\":[\"https:\/\/www.facebook.com\/everton.fans.cz.sk\"]},{\"@type\":\"Person\",\"@id\":\"https:\/\/evertonfc.cz\/#\/schema\/person\/d4493b8cbea51532597fbc4685698916\",\"name\":\"BlueBlooded\",\"url\":\"https:\/\/evertonfc.cz\/index.php\/author\/admin\/\"}]}<\/script>\n<!-- \/ Yoast SEO plugin. -->","yoast_head_json":{"title":"Doucour\u00e9ho nov\u00e1 \u00faloha - Official Czech &amp; Slovak Everton Supporters&#039; Club","robots":{"index":"index","follow":"follow","max-snippet":"max-snippet:-1","max-image-preview":"max-image-preview:large","max-video-preview":"max-video-preview:-1"},"canonical":"https:\/\/evertonfc.cz\/index.php\/2021\/08\/17\/doucoureho-nova-uloha\/","og_locale":"cs_CZ","og_type":"article","og_title":"Doucour\u00e9ho nov\u00e1 \u00faloha - Official Czech &amp; Slovak Everton Supporters&#039; Club","og_description":"Stredn\u00fd z\u00e1lo\u017en\u00edk The Toffees sa zap\u00edsal do listiny strelcov u\u017e v\u00a0prvom z\u00e1pase novej sez\u00f3ny. Ako d\u00fafa on aj jeho nov\u00fd tr\u00e9ner, tento ofenz\u00edvny pr\u00ednos bude pokra\u010dova\u0165 aj na\u010falej.","og_url":"https:\/\/evertonfc.cz\/index.php\/2021\/08\/17\/doucoureho-nova-uloha\/","og_site_name":"Official Czech &amp; Slovak Everton Supporters&#039; Club","article_publisher":"https:\/\/www.facebook.com\/everton.fans.cz.sk","article_published_time":"2021-08-17T18:09:51+00:00","article_modified_time":"2021-08-19T13:02:38+00:00","og_image":[{"width":720,"height":405,"url":"https:\/\/evertonfc.cz\/wp-content\/uploads\/2021\/08\/Doucoure-vs-Southampton-by-evertonfc.com-17-8-2021.jpg","type":"image\/jpeg"}],"author":"BlueBlooded","twitter_card":"summary_large_image","twitter_misc":{"Napsal(a)":"BlueBlooded","Odhadovan\u00e1 doba \u010dten\u00ed":"2 minuty"},"schema":{"@context":"https:\/\/schema.org","@graph":[{"@type":"Article","@id":"https:\/\/evertonfc.cz\/index.php\/2021\/08\/17\/doucoureho-nova-uloha\/#article","isPartOf":{"@id":"https:\/\/evertonfc.cz\/index.php\/2021\/08\/17\/doucoureho-nova-uloha\/"},"author":{"name":"BlueBlooded","@id":"https:\/\/evertonfc.cz\/#\/schema\/person\/d4493b8cbea51532597fbc4685698916"},"headline":"Doucour\u00e9ho nov\u00e1 \u00faloha","datePublished":"2021-08-17T18:09:51+00:00","dateModified":"2021-08-19T13:02:38+00:00","mainEntityOfPage":{"@id":"https:\/\/evertonfc.cz\/index.php\/2021\/08\/17\/doucoureho-nova-uloha\/"},"wordCount":569,"commentCount":0,"publisher":{"@id":"https:\/\/evertonfc.cz\/#organization"},"image":{"@id":"https:\/\/evertonfc.cz\/index.php\/2021\/08\/17\/doucoureho-nova-uloha\/#primaryimage"},"thumbnailUrl":"https:\/\/evertonfc.cz\/wp-content\/uploads\/2021\/08\/Doucoure-vs-Southampton-by-evertonfc.com-17-8-2021.jpg","articleSection":["Rozhovory"],"inLanguage":"cs","potentialAction":[{"@type":"CommentAction","name":"Comment","target":["https:\/\/evertonfc.cz\/index.php\/2021\/08\/17\/doucoureho-nova-uloha\/#respond"]}]},{"@type":"WebPage","@id":"https:\/\/evertonfc.cz\/index.php\/2021\/08\/17\/doucoureho-nova-uloha\/","url":"https:\/\/evertonfc.cz\/index.php\/2021\/08\/17\/doucoureho-nova-uloha\/","name":"Doucour\u00e9ho nov\u00e1 \u00faloha - Official Czech &amp; Slovak Everton Supporters&#039; Club","isPartOf":{"@id":"https:\/\/evertonfc.cz\/#website"},"primaryImageOfPage":{"@id":"https:\/\/evertonfc.cz\/index.php\/2021\/08\/17\/doucoureho-nova-uloha\/#primaryimage"},"image":{"@id":"https:\/\/evertonfc.cz\/index.php\/2021\/08\/17\/doucoureho-nova-uloha\/#primaryimage"},"thumbnailUrl":"https:\/\/evertonfc.cz\/wp-content\/uploads\/2021\/08\/Doucoure-vs-Southampton-by-evertonfc.com-17-8-2021.jpg","datePublished":"2021-08-17T18:09:51+00:00","dateModified":"2021-08-19T13:02:38+00:00","breadcrumb":{"@id":"https:\/\/evertonfc.cz\/index.php\/2021\/08\/17\/doucoureho-nova-uloha\/#breadcrumb"},"inLanguage":"cs","potentialAction":[{"@type":"ReadAction","target":["https:\/\/evertonfc.cz\/index.php\/2021\/08\/17\/doucoureho-nova-uloha\/"]}]},{"@type":"ImageObject","inLanguage":"cs","@id":"https:\/\/evertonfc.cz\/index.php\/2021\/08\/17\/doucoureho-nova-uloha\/#primaryimage","url":"https:\/\/evertonfc.cz\/wp-content\/uploads\/2021\/08\/Doucoure-vs-Southampton-by-evertonfc.com-17-8-2021.jpg","contentUrl":"https:\/\/evertonfc.cz\/wp-content\/uploads\/2021\/08\/Doucoure-vs-Southampton-by-evertonfc.com-17-8-2021.jpg","width":720,"height":405},{"@type":"BreadcrumbList","@id":"https:\/\/evertonfc.cz\/index.php\/2021\/08\/17\/doucoureho-nova-uloha\/#breadcrumb","itemListElement":[{"@type":"ListItem","position":1,"name":"Home","item":"https:\/\/evertonfc.cz\/"},{"@type":"ListItem","position":2,"name":"Doucour\u00e9ho nov\u00e1 \u00faloha"}]},{"@type":"WebSite","@id":"https:\/\/evertonfc.cz\/#website","url":"https:\/\/evertonfc.cz\/","name":"Official Czech &amp; Slovak Everton Supporters&#039; Club","description":"","publisher":{"@id":"https:\/\/evertonfc.cz\/#organization"},"potentialAction":[{"@type":"SearchAction","target":{"@type":"EntryPoint","urlTemplate":"https:\/\/evertonfc.cz\/?s={search_term_string}"},"query-input":{"@type":"PropertyValueSpecification","valueRequired":true,"valueName":"search_term_string"}}],"inLanguage":"cs"},{"@type":"Organization","@id":"https:\/\/evertonfc.cz\/#organization","name":"Official Czech & Slovak Everton Supporters' Club","url":"https:\/\/evertonfc.cz\/","logo":{"@type":"ImageObject","inLanguage":"cs","@id":"https:\/\/evertonfc.cz\/#\/schema\/logo\/image\/","url":"https:\/\/evertonfc.cz\/wp-content\/uploads\/2019\/05\/logo.png","contentUrl":"https:\/\/evertonfc.cz\/wp-content\/uploads\/2019\/05\/logo.png","width":112,"height":112,"caption":"Official Czech & Slovak Everton Supporters' Club"},"image":{"@id":"https:\/\/evertonfc.cz\/#\/schema\/logo\/image\/"},"sameAs":["https:\/\/www.facebook.com\/everton.fans.cz.sk"]},{"@type":"Person","@id":"https:\/\/evertonfc.cz\/#\/schema\/person\/d4493b8cbea51532597fbc4685698916","name":"BlueBlooded","url":"https:\/\/evertonfc.cz\/index.php\/author\/admin\/"}]}},"_links":{"self":[{"href":"https:\/\/evertonfc.cz\/index.php\/wp-json\/wp\/v2\/posts\/16074"}],"collection":[{"href":"https:\/\/evertonfc.cz\/index.php\/wp-json\/wp\/v2\/posts"}],"about":[{"href":"https:\/\/evertonfc.cz\/index.php\/wp-json\/wp\/v2\/types\/post"}],"author":[{"embeddable":true,"href":"https:\/\/evertonfc.cz\/index.php\/wp-json\/wp\/v2\/users\/1"}],"replies":[{"embeddable":true,"href":"https:\/\/evertonfc.cz\/index.php\/wp-json\/wp\/v2\/comments?post=16074"}],"version-history":[{"count":7,"href":"https:\/\/evertonfc.cz\/index.php\/wp-json\/wp\/v2\/posts\/16074\/revisions"}],"predecessor-version":[{"id":16083,"href":"https:\/\/evertonfc.cz\/index.php\/wp-json\/wp\/v2\/posts\/16074\/revisions\/16083"}],"wp:featuredmedia":[{"embeddable":true,"href":"https:\/\/evertonfc.cz\/index.php\/wp-json\/wp\/v2\/media\/16080"}],"wp:attachment":[{"href":"https:\/\/evertonfc.cz\/index.php\/wp-json\/wp\/v2\/media?parent=16074"}],"wp:term":[{"taxonomy":"category","embeddable":true,"href":"https:\/\/evertonfc.cz\/index.php\/wp-json\/wp\/v2\/categories?post=16074"},{"taxonomy":"post_tag","embeddable":true,"href":"https:\/\/evertonfc.cz\/index.php\/wp-json\/wp\/v2\/tags?post=16074"}],"curies":[{"name":"wp","href":"https:\/\/api.w.org\/{rel}","templated":true}]}}