{"id":16094,"date":"2021-08-20T13:34:14","date_gmt":"2021-08-20T11:34:14","guid":{"rendered":"https:\/\/evertonfc.cz\/?p=16094"},"modified":"2021-08-24T09:43:00","modified_gmt":"2021-08-24T07:43:00","slug":"prichazi-zkuseny-brankar-lonergan","status":"publish","type":"post","link":"https:\/\/evertonfc.cz\/index.php\/2021\/08\/20\/prichazi-zkuseny-brankar-lonergan\/","title":{"rendered":"P\u0159ich\u00e1z\u00ed zku\u0161en\u00fd brank\u00e1\u0159 Lonergan"},"content":{"rendered":"<h4>Everton podepsal na jednu sez\u00f3nu 37let\u00e9ho brank\u00e1\u0159e Andyho Lonergana, kter\u00fd byl m\u011bl plnit pozici brank\u00e1\u0159sk\u00e9 trojky za Pickfordem a Begovi\u0107em. Na Goodison Park p\u0159ich\u00e1z\u00ed zdarma jako voln\u00fd hr\u00e1\u010d.<\/h4>\n<p>Toffees s\u00e1hli k anga\u017eov\u00e1n\u00ed 193 centimetr\u016f vysok\u00e9ho g\u00f3lmana pot\u00e9, co si teenager Harry Tyrer p\u0159ivodil v\u00e1\u017en\u00e9 svalov\u00e9 zran\u011bn\u00ed a dal\u0161\u00ed mlad\u00edk Jo\u00e3o Virg\u00ednia m\u00ed\u0159\u00ed na hostov\u00e1n\u00ed do lisabonsk\u00e9ho Sportingu.<\/p>\n<p>Lonergan debutoval v dosp\u011bl\u00e9m fotbalu coby 16let\u00fd v roce 2000 za Preston, jeho\u017e tehdy vedl mana\u017eer David Moyes. V klubu z Deepdale n\u00e1sledn\u011b str\u00e1vil nejv\u011bt\u0161\u00ed \u010d\u00e1st sv\u00e9 kari\u00e9ry, kdy\u017e v jeho barv\u00e1ch nastoupil k v\u00edce 200 z\u00e1pas\u016fm.<\/p>\n<p>V roce 2011 se s Prestonem rozlou\u010dil a za\u010dal st\u0159\u00eddat t\u00fdmy. Chytal v Leedsu, Boltonu, Fulhamu, Wolves, a\u017e od roku 2018 i kv\u016fli p\u0159ib\u00fdvaj\u00edc\u00edm l\u00e9t\u016fm pomalu p\u0159e\u0161el do pozici brank\u00e1\u0159sk\u00e9 trojky. Lavi\u010dku \u010di tribunu zah\u0159\u00edval bez jedin\u00e9ho z\u00e1pasov\u00e9ho startu v Middlesbrough, Liverpoolu, Stoke City a naposledy West Bromu.<\/p>\n","protected":false},"excerpt":{"rendered":"<p>Everton podepsal na jednu sez\u00f3nu 37let\u00e9ho brank\u00e1\u0159e Andyho Lonergana, kter\u00fd byl m\u011bl plnit pozici brank\u00e1\u0159sk\u00e9 trojky za Pickfordem a Begovi\u0107em. Na Goodison Park p\u0159ich\u00e1z\u00ed zdarma jako voln\u00fd hr\u00e1\u010d.<\/p>\n","protected":false},"author":6,"featured_media":16095,"comment_status":"open","ping_status":"closed","sticky":false,"template":"","format":"standard","meta":{"_eb_attr":"","_monsterinsights_skip_tracking":false,"_monsterinsights_sitenote_active":false,"_monsterinsights_sitenote_note":"","_monsterinsights_sitenote_category":0,"footnotes":""},"categories":[41],"tags":[],"yoast_head":"<!-- This site is optimized with the Yoast SEO plugin v23.4 - https:\/\/yoast.com\/wordpress\/plugins\/seo\/ -->\n<title>P\u0159ich\u00e1z\u00ed zku\u0161en\u00fd brank\u00e1\u0159 Lonergan - Official Czech &amp; Slovak Everton Supporters&#039; Club<\/title>\n<meta name=\"robots\" content=\"index, follow, max-snippet:-1, max-image-preview:large, max-video-preview:-1\" \/>\n<link rel=\"canonical\" href=\"https:\/\/evertonfc.cz\/index.php\/2021\/08\/20\/prichazi-zkuseny-brankar-lonergan\/\" \/>\n<meta property=\"og:locale\" content=\"cs_CZ\" \/>\n<meta property=\"og:type\" content=\"article\" \/>\n<meta property=\"og:title\" content=\"P\u0159ich\u00e1z\u00ed zku\u0161en\u00fd brank\u00e1\u0159 Lonergan - Official Czech &amp; Slovak Everton Supporters&#039; Club\" \/>\n<meta property=\"og:description\" content=\"Everton podepsal na jednu sez\u00f3nu 37let\u00e9ho brank\u00e1\u0159e Andyho Lonergana, kter\u00fd byl m\u011bl plnit pozici brank\u00e1\u0159sk\u00e9 trojky za Pickfordem a Begovi\u0107em. Na Goodison Park p\u0159ich\u00e1z\u00ed zdarma jako voln\u00fd hr\u00e1\u010d.\" \/>\n<meta property=\"og:url\" content=\"https:\/\/evertonfc.cz\/index.php\/2021\/08\/20\/prichazi-zkuseny-brankar-lonergan\/\" \/>\n<meta property=\"og:site_name\" content=\"Official Czech &amp; Slovak Everton Supporters&#039; Club\" \/>\n<meta property=\"article:publisher\" content=\"https:\/\/www.facebook.com\/everton.fans.cz.sk\" \/>\n<meta property=\"article:published_time\" content=\"2021-08-20T11:34:14+00:00\" \/>\n<meta property=\"article:modified_time\" content=\"2021-08-24T07:43:00+00:00\" \/>\n<meta property=\"og:image\" content=\"https:\/\/evertonfc.cz\/wp-content\/uploads\/2021\/08\/lonergan_20_8_2021.jpg\" \/>\n\t<meta property=\"og:image:width\" content=\"720\" \/>\n\t<meta property=\"og:image:height\" content=\"405\" \/>\n\t<meta property=\"og:image:type\" content=\"image\/jpeg\" \/>\n<meta name=\"author\" content=\"Ri\u010di\" \/>\n<meta name=\"twitter:card\" content=\"summary_large_image\" \/>\n<meta name=\"twitter:creator\" content=\"@rbrejsa\" \/>\n<meta name=\"twitter:label1\" content=\"Napsal(a)\" \/>\n\t<meta name=\"twitter:data1\" content=\"Ri\u010di\" \/>\n\t<meta name=\"twitter:label2\" content=\"Odhadovan\u00e1 doba \u010dten\u00ed\" \/>\n\t<meta name=\"twitter:data2\" content=\"1 minuta\" \/>\n<script type=\"application\/ld+json\" class=\"yoast-schema-graph\">{\"@context\":\"https:\/\/schema.org\",\"@graph\":[{\"@type\":\"Article\",\"@id\":\"https:\/\/evertonfc.cz\/index.php\/2021\/08\/20\/prichazi-zkuseny-brankar-lonergan\/#article\",\"isPartOf\":{\"@id\":\"https:\/\/evertonfc.cz\/index.php\/2021\/08\/20\/prichazi-zkuseny-brankar-lonergan\/\"},\"author\":{\"name\":\"Ri\u010di\",\"@id\":\"https:\/\/evertonfc.cz\/#\/schema\/person\/f7a5daedb2ffee98480bc70e191aaef1\"},\"headline\":\"P\u0159ich\u00e1z\u00ed zku\u0161en\u00fd brank\u00e1\u0159 Lonergan\",\"datePublished\":\"2021-08-20T11:34:14+00:00\",\"dateModified\":\"2021-08-24T07:43:00+00:00\",\"mainEntityOfPage\":{\"@id\":\"https:\/\/evertonfc.cz\/index.php\/2021\/08\/20\/prichazi-zkuseny-brankar-lonergan\/\"},\"wordCount\":195,\"commentCount\":1,\"publisher\":{\"@id\":\"https:\/\/evertonfc.cz\/#organization\"},\"image\":{\"@id\":\"https:\/\/evertonfc.cz\/index.php\/2021\/08\/20\/prichazi-zkuseny-brankar-lonergan\/#primaryimage\"},\"thumbnailUrl\":\"https:\/\/evertonfc.cz\/wp-content\/uploads\/2021\/08\/lonergan_20_8_2021.jpg\",\"articleSection\":[\"P\u0159estupy\"],\"inLanguage\":\"cs\",\"potentialAction\":[{\"@type\":\"CommentAction\",\"name\":\"Comment\",\"target\":[\"https:\/\/evertonfc.cz\/index.php\/2021\/08\/20\/prichazi-zkuseny-brankar-lonergan\/#respond\"]}]},{\"@type\":\"WebPage\",\"@id\":\"https:\/\/evertonfc.cz\/index.php\/2021\/08\/20\/prichazi-zkuseny-brankar-lonergan\/\",\"url\":\"https:\/\/evertonfc.cz\/index.php\/2021\/08\/20\/prichazi-zkuseny-brankar-lonergan\/\",\"name\":\"P\u0159ich\u00e1z\u00ed zku\u0161en\u00fd brank\u00e1\u0159 Lonergan - Official Czech &amp; Slovak Everton Supporters&#039; Club\",\"isPartOf\":{\"@id\":\"https:\/\/evertonfc.cz\/#website\"},\"primaryImageOfPage\":{\"@id\":\"https:\/\/evertonfc.cz\/index.php\/2021\/08\/20\/prichazi-zkuseny-brankar-lonergan\/#primaryimage\"},\"image\":{\"@id\":\"https:\/\/evertonfc.cz\/index.php\/2021\/08\/20\/prichazi-zkuseny-brankar-lonergan\/#primaryimage\"},\"thumbnailUrl\":\"https:\/\/evertonfc.cz\/wp-content\/uploads\/2021\/08\/lonergan_20_8_2021.jpg\",\"datePublished\":\"2021-08-20T11:34:14+00:00\",\"dateModified\":\"2021-08-24T07:43:00+00:00\",\"breadcrumb\":{\"@id\":\"https:\/\/evertonfc.cz\/index.php\/2021\/08\/20\/prichazi-zkuseny-brankar-lonergan\/#breadcrumb\"},\"inLanguage\":\"cs\",\"potentialAction\":[{\"@type\":\"ReadAction\",\"target\":[\"https:\/\/evertonfc.cz\/index.php\/2021\/08\/20\/prichazi-zkuseny-brankar-lonergan\/\"]}]},{\"@type\":\"ImageObject\",\"inLanguage\":\"cs\",\"@id\":\"https:\/\/evertonfc.cz\/index.php\/2021\/08\/20\/prichazi-zkuseny-brankar-lonergan\/#primaryimage\",\"url\":\"https:\/\/evertonfc.cz\/wp-content\/uploads\/2021\/08\/lonergan_20_8_2021.jpg\",\"contentUrl\":\"https:\/\/evertonfc.cz\/wp-content\/uploads\/2021\/08\/lonergan_20_8_2021.jpg\",\"width\":720,\"height\":405},{\"@type\":\"BreadcrumbList\",\"@id\":\"https:\/\/evertonfc.cz\/index.php\/2021\/08\/20\/prichazi-zkuseny-brankar-lonergan\/#breadcrumb\",\"itemListElement\":[{\"@type\":\"ListItem\",\"position\":1,\"name\":\"Home\",\"item\":\"https:\/\/evertonfc.cz\/\"},{\"@type\":\"ListItem\",\"position\":2,\"name\":\"P\u0159ich\u00e1z\u00ed zku\u0161en\u00fd brank\u00e1\u0159 Lonergan\"}]},{\"@type\":\"WebSite\",\"@id\":\"https:\/\/evertonfc.cz\/#website\",\"url\":\"https:\/\/evertonfc.cz\/\",\"name\":\"Official Czech &amp; Slovak Everton Supporters&#039; Club\",\"description\":\"\",\"publisher\":{\"@id\":\"https:\/\/evertonfc.cz\/#organization\"},\"potentialAction\":[{\"@type\":\"SearchAction\",\"target\":{\"@type\":\"EntryPoint\",\"urlTemplate\":\"https:\/\/evertonfc.cz\/?s={search_term_string}\"},\"query-input\":{\"@type\":\"PropertyValueSpecification\",\"valueRequired\":true,\"valueName\":\"search_term_string\"}}],\"inLanguage\":\"cs\"},{\"@type\":\"Organization\",\"@id\":\"https:\/\/evertonfc.cz\/#organization\",\"name\":\"Official Czech & Slovak Everton Supporters' Club\",\"url\":\"https:\/\/evertonfc.cz\/\",\"logo\":{\"@type\":\"ImageObject\",\"inLanguage\":\"cs\",\"@id\":\"https:\/\/evertonfc.cz\/#\/schema\/logo\/image\/\",\"url\":\"https:\/\/evertonfc.cz\/wp-content\/uploads\/2019\/05\/logo.png\",\"contentUrl\":\"https:\/\/evertonfc.cz\/wp-content\/uploads\/2019\/05\/logo.png\",\"width\":112,\"height\":112,\"caption\":\"Official Czech & Slovak Everton Supporters' Club\"},\"image\":{\"@id\":\"https:\/\/evertonfc.cz\/#\/schema\/logo\/image\/\"},\"sameAs\":[\"https:\/\/www.facebook.com\/everton.fans.cz.sk\"]},{\"@type\":\"Person\",\"@id\":\"https:\/\/evertonfc.cz\/#\/schema\/person\/f7a5daedb2ffee98480bc70e191aaef1\",\"name\":\"Ri\u010di\",\"sameAs\":[\"https:\/\/x.com\/rbrejsa\"],\"url\":\"https:\/\/evertonfc.cz\/index.php\/author\/rici\/\"}]}<\/script>\n<!-- \/ Yoast SEO plugin. -->","yoast_head_json":{"title":"P\u0159ich\u00e1z\u00ed zku\u0161en\u00fd brank\u00e1\u0159 Lonergan - Official Czech &amp; Slovak Everton Supporters&#039; Club","robots":{"index":"index","follow":"follow","max-snippet":"max-snippet:-1","max-image-preview":"max-image-preview:large","max-video-preview":"max-video-preview:-1"},"canonical":"https:\/\/evertonfc.cz\/index.php\/2021\/08\/20\/prichazi-zkuseny-brankar-lonergan\/","og_locale":"cs_CZ","og_type":"article","og_title":"P\u0159ich\u00e1z\u00ed zku\u0161en\u00fd brank\u00e1\u0159 Lonergan - Official Czech &amp; Slovak Everton Supporters&#039; Club","og_description":"Everton podepsal na jednu sez\u00f3nu 37let\u00e9ho brank\u00e1\u0159e Andyho Lonergana, kter\u00fd byl m\u011bl plnit pozici brank\u00e1\u0159sk\u00e9 trojky za Pickfordem a Begovi\u0107em. Na Goodison Park p\u0159ich\u00e1z\u00ed zdarma jako voln\u00fd hr\u00e1\u010d.","og_url":"https:\/\/evertonfc.cz\/index.php\/2021\/08\/20\/prichazi-zkuseny-brankar-lonergan\/","og_site_name":"Official Czech &amp; Slovak Everton Supporters&#039; Club","article_publisher":"https:\/\/www.facebook.com\/everton.fans.cz.sk","article_published_time":"2021-08-20T11:34:14+00:00","article_modified_time":"2021-08-24T07:43:00+00:00","og_image":[{"width":720,"height":405,"url":"https:\/\/evertonfc.cz\/wp-content\/uploads\/2021\/08\/lonergan_20_8_2021.jpg","type":"image\/jpeg"}],"author":"Ri\u010di","twitter_card":"summary_large_image","twitter_creator":"@rbrejsa","twitter_misc":{"Napsal(a)":"Ri\u010di","Odhadovan\u00e1 doba \u010dten\u00ed":"1 minuta"},"schema":{"@context":"https:\/\/schema.org","@graph":[{"@type":"Article","@id":"https:\/\/evertonfc.cz\/index.php\/2021\/08\/20\/prichazi-zkuseny-brankar-lonergan\/#article","isPartOf":{"@id":"https:\/\/evertonfc.cz\/index.php\/2021\/08\/20\/prichazi-zkuseny-brankar-lonergan\/"},"author":{"name":"Ri\u010di","@id":"https:\/\/evertonfc.cz\/#\/schema\/person\/f7a5daedb2ffee98480bc70e191aaef1"},"headline":"P\u0159ich\u00e1z\u00ed zku\u0161en\u00fd brank\u00e1\u0159 Lonergan","datePublished":"2021-08-20T11:34:14+00:00","dateModified":"2021-08-24T07:43:00+00:00","mainEntityOfPage":{"@id":"https:\/\/evertonfc.cz\/index.php\/2021\/08\/20\/prichazi-zkuseny-brankar-lonergan\/"},"wordCount":195,"commentCount":1,"publisher":{"@id":"https:\/\/evertonfc.cz\/#organization"},"image":{"@id":"https:\/\/evertonfc.cz\/index.php\/2021\/08\/20\/prichazi-zkuseny-brankar-lonergan\/#primaryimage"},"thumbnailUrl":"https:\/\/evertonfc.cz\/wp-content\/uploads\/2021\/08\/lonergan_20_8_2021.jpg","articleSection":["P\u0159estupy"],"inLanguage":"cs","potentialAction":[{"@type":"CommentAction","name":"Comment","target":["https:\/\/evertonfc.cz\/index.php\/2021\/08\/20\/prichazi-zkuseny-brankar-lonergan\/#respond"]}]},{"@type":"WebPage","@id":"https:\/\/evertonfc.cz\/index.php\/2021\/08\/20\/prichazi-zkuseny-brankar-lonergan\/","url":"https:\/\/evertonfc.cz\/index.php\/2021\/08\/20\/prichazi-zkuseny-brankar-lonergan\/","name":"P\u0159ich\u00e1z\u00ed zku\u0161en\u00fd brank\u00e1\u0159 Lonergan - Official Czech &amp; Slovak Everton Supporters&#039; Club","isPartOf":{"@id":"https:\/\/evertonfc.cz\/#website"},"primaryImageOfPage":{"@id":"https:\/\/evertonfc.cz\/index.php\/2021\/08\/20\/prichazi-zkuseny-brankar-lonergan\/#primaryimage"},"image":{"@id":"https:\/\/evertonfc.cz\/index.php\/2021\/08\/20\/prichazi-zkuseny-brankar-lonergan\/#primaryimage"},"thumbnailUrl":"https:\/\/evertonfc.cz\/wp-content\/uploads\/2021\/08\/lonergan_20_8_2021.jpg","datePublished":"2021-08-20T11:34:14+00:00","dateModified":"2021-08-24T07:43:00+00:00","breadcrumb":{"@id":"https:\/\/evertonfc.cz\/index.php\/2021\/08\/20\/prichazi-zkuseny-brankar-lonergan\/#breadcrumb"},"inLanguage":"cs","potentialAction":[{"@type":"ReadAction","target":["https:\/\/evertonfc.cz\/index.php\/2021\/08\/20\/prichazi-zkuseny-brankar-lonergan\/"]}]},{"@type":"ImageObject","inLanguage":"cs","@id":"https:\/\/evertonfc.cz\/index.php\/2021\/08\/20\/prichazi-zkuseny-brankar-lonergan\/#primaryimage","url":"https:\/\/evertonfc.cz\/wp-content\/uploads\/2021\/08\/lonergan_20_8_2021.jpg","contentUrl":"https:\/\/evertonfc.cz\/wp-content\/uploads\/2021\/08\/lonergan_20_8_2021.jpg","width":720,"height":405},{"@type":"BreadcrumbList","@id":"https:\/\/evertonfc.cz\/index.php\/2021\/08\/20\/prichazi-zkuseny-brankar-lonergan\/#breadcrumb","itemListElement":[{"@type":"ListItem","position":1,"name":"Home","item":"https:\/\/evertonfc.cz\/"},{"@type":"ListItem","position":2,"name":"P\u0159ich\u00e1z\u00ed zku\u0161en\u00fd brank\u00e1\u0159 Lonergan"}]},{"@type":"WebSite","@id":"https:\/\/evertonfc.cz\/#website","url":"https:\/\/evertonfc.cz\/","name":"Official Czech &amp; Slovak Everton Supporters&#039; Club","description":"","publisher":{"@id":"https:\/\/evertonfc.cz\/#organization"},"potentialAction":[{"@type":"SearchAction","target":{"@type":"EntryPoint","urlTemplate":"https:\/\/evertonfc.cz\/?s={search_term_string}"},"query-input":{"@type":"PropertyValueSpecification","valueRequired":true,"valueName":"search_term_string"}}],"inLanguage":"cs"},{"@type":"Organization","@id":"https:\/\/evertonfc.cz\/#organization","name":"Official Czech & Slovak Everton Supporters' Club","url":"https:\/\/evertonfc.cz\/","logo":{"@type":"ImageObject","inLanguage":"cs","@id":"https:\/\/evertonfc.cz\/#\/schema\/logo\/image\/","url":"https:\/\/evertonfc.cz\/wp-content\/uploads\/2019\/05\/logo.png","contentUrl":"https:\/\/evertonfc.cz\/wp-content\/uploads\/2019\/05\/logo.png","width":112,"height":112,"caption":"Official Czech & Slovak Everton Supporters' Club"},"image":{"@id":"https:\/\/evertonfc.cz\/#\/schema\/logo\/image\/"},"sameAs":["https:\/\/www.facebook.com\/everton.fans.cz.sk"]},{"@type":"Person","@id":"https:\/\/evertonfc.cz\/#\/schema\/person\/f7a5daedb2ffee98480bc70e191aaef1","name":"Ri\u010di","sameAs":["https:\/\/x.com\/rbrejsa"],"url":"https:\/\/evertonfc.cz\/index.php\/author\/rici\/"}]}},"_links":{"self":[{"href":"https:\/\/evertonfc.cz\/index.php\/wp-json\/wp\/v2\/posts\/16094"}],"collection":[{"href":"https:\/\/evertonfc.cz\/index.php\/wp-json\/wp\/v2\/posts"}],"about":[{"href":"https:\/\/evertonfc.cz\/index.php\/wp-json\/wp\/v2\/types\/post"}],"author":[{"embeddable":true,"href":"https:\/\/evertonfc.cz\/index.php\/wp-json\/wp\/v2\/users\/6"}],"replies":[{"embeddable":true,"href":"https:\/\/evertonfc.cz\/index.php\/wp-json\/wp\/v2\/comments?post=16094"}],"version-history":[{"count":3,"href":"https:\/\/evertonfc.cz\/index.php\/wp-json\/wp\/v2\/posts\/16094\/revisions"}],"predecessor-version":[{"id":16098,"href":"https:\/\/evertonfc.cz\/index.php\/wp-json\/wp\/v2\/posts\/16094\/revisions\/16098"}],"wp:featuredmedia":[{"embeddable":true,"href":"https:\/\/evertonfc.cz\/index.php\/wp-json\/wp\/v2\/media\/16095"}],"wp:attachment":[{"href":"https:\/\/evertonfc.cz\/index.php\/wp-json\/wp\/v2\/media?parent=16094"}],"wp:term":[{"taxonomy":"category","embeddable":true,"href":"https:\/\/evertonfc.cz\/index.php\/wp-json\/wp\/v2\/categories?post=16094"},{"taxonomy":"post_tag","embeddable":true,"href":"https:\/\/evertonfc.cz\/index.php\/wp-json\/wp\/v2\/tags?post=16094"}],"curies":[{"name":"wp","href":"https:\/\/api.w.org\/{rel}","templated":true}]}}