{"id":16148,"date":"2021-08-24T14:31:15","date_gmt":"2021-08-24T12:31:15","guid":{"rendered":"https:\/\/evertonfc.cz\/?p=16148"},"modified":"2021-08-25T17:46:11","modified_gmt":"2021-08-25T15:46:11","slug":"efl-cup-huddersfield-town-everton","status":"publish","type":"post","link":"https:\/\/evertonfc.cz\/index.php\/2021\/08\/24\/efl-cup-huddersfield-town-everton\/","title":{"rendered":"LC Preview: Huddersfield Town \u2013 Everton"},"content":{"rendered":"<h4>Everton zahajuje poh\u00e1rovou sez\u00f3nu na h\u0159i\u0161ti druholigov\u00fdch Terriers, dnes ve\u010der od 20:45 se chyst\u00e1 vyrazit na dal\u0161\u00ed zte\u010d Carabao Cupu.<\/h4>\n<p>3 dny od z\u00e1pasu v Leedsu se jede znovu do hrabstv\u00ed West Yorkshire, jen o n\u011bjak\u00fdch 20 mil bl\u00ed\u017ee, tentokr\u00e1t na Kirklees Stadium neboli John Smith\u2018s Stadium v Huddersfieldu. Duel n\u00e1sleduje tak\u00e9 kr\u00e1tce po v\u010derej\u0161\u00edm mini Merseyside derby, ve kter\u00e9m na\u0161e U23 podlehla rezerv\u011b rivala 1:3. P\u0159esto lze \u010dekat, \u017ee proti dom\u00e1c\u00edmu Town A.F.C. se objev\u00ed n\u011bkolik mlad\u00edk\u016f. V\u010dera nenastoupil Lewis Dobbin (na h\u0159i\u0161t\u011b \u0161el jen na 35 minut a pod\u00edlel se na sn\u00ed\u017een\u00ed) nebo Rhys Hughes.<\/p>\n<p>R. B. Maudes nazna\u010dil, \u017ee i kdy\u017e by r\u00e1d postavil siln\u00fd v\u00fdb\u011br, bude muset zohlednit n\u00e1ro\u010dn\u00fd program (zejm\u00e9na u Richarlisona) a lehk\u00e1 zran\u011bn\u00ed (nap\u0159. DCL). P\u0159edpokl\u00e1dat se d\u00e1 premi\u00e9ra pro Begovi\u0107e, jako dal\u0161\u00ed se nab\u00edz\u00ed Kenny, Nkounkou, Davies, Gordon nebo i dal\u0161\u00ed. Mana\u017eer op\u011bt ml\u017eil ohledn\u011b n\u00e1vratu chyb\u011bj\u00edc\u00edch hr\u00e1\u010d\u016f s t\u00edm, \u017ee maj\u00ed dlouhou absenci v tr\u00e9ninku.<\/p>\n<h4>Na dn\u011b Championship<\/h4>\n<p>Jsou to 2 roky, kdy se Huddersfield Town po dvou sez\u00f3n\u00e1ch v Premier League vr\u00e1til do Championshipu. Ze slavn\u00e9 \u00e9ry ned\u00e1vn\u00e9 minulosti z\u016fstali v k\u00e1dru jen 3 hr\u00e1\u010di, v\u0161echno z\u00e1lo\u017en\u00edci: veter\u00e1n Jonathan Hogg, Belgi\u010dan Isaac Mbenza a mlad\u00edk Aaron Rowe. To ukazuje na ambice, p\u0159\u00edp. finan\u010dn\u00ed mo\u017enosti t\u00fdmu ze z\u00e1padu Yorkshire.<\/p>\n<p>50 branek v 76 z\u00e1pasech, v\u00fdraznou stopu ofenz\u00edva Terriers v EPL nezanechala. P\u0159esto v jejich minulosti se i za l\u00e9ta v ni\u017e\u0161\u00edch sout\u011b\u017e\u00edch poda\u0159ilo naj\u00edt potentn\u00ed st\u0159elce. Jedn\u00edm z nich je Jordan Rhodes, kdysi tento velk\u00fd p\u0159\u00edslib nast\u0159\u00edlel ve 22 letech v League One 36 branek. Po osmi letech sp\u00ed\u0161e pr\u016fm\u011brn\u00e9 kari\u00e9ry se vr\u00e1til zp\u00e1tky na John Smith\u2019s, tehdy to byl ov\u0161em Galpharm. Ostatn\u011b John Smith tak\u00e9 reprezentuje sp\u00ed\u0161e ne\u017e \u010dlov\u011bka pivo \u2013 jde o pivovar pat\u0159\u00edc\u00ed velk\u00e9 nadn\u00e1rodn\u00ed spole\u010dnosti.<\/p>\n<p>Dal\u0161\u00ed ze zaj\u00edmav\u00fdch jmen z k\u00e1dru je exreprezentant Fraizer Campbell (11 minut za Anglii v roce 2013), zn\u00e1m\u00fd z p\u016fsoben\u00ed v Sunderlandu nebo v Hullu, \u201eexlibereck\u00fd\u201c Rolando Aarons nebo Lucembur\u010dan Daniel Sinani. Letos to na \u00fatok na postupov\u00e9 pozice nevypad\u00e1.<\/p>\n<p>Ov\u0161em pozor, i p\u0159ed postupovou sez\u00f3nou se Terriers pot\u00e1celi sp\u00ed\u0161e ve spodn\u00edch patrech tabulky. O z\u00e1zrak s t\u00fdmem se tentokr\u00e1t pokus\u00ed Carlos Corber\u00e1n. \u0160pan\u011bl (jen o p\u00e1r t\u00fddn\u016f mlad\u0161\u00ed ne\u017e j\u00e1) za\u010dal s fotbalem ve Valencii, ale jen za rezervu, mo\u017en\u00e1 se s t\u00edm rud\u00fdm d\u00e9monem mohl minout n\u011bkde na tr\u00e9ninku. Po anga\u017em\u00e1 v Ar\u00e1bii a na Kypru dostal mo\u017enost p\u0159iu\u010dit se n\u011bco od Marcela Bielsy, kde vedl U23 a byl sou\u010d\u00e1st\u00ed Argentincova t\u00fdmu.<\/p>\n<p>Start do nov\u00e9 sez\u00f3ny byl z katastrof\u00e1ln\u00edch, ale po por\u00e1\u017ece 1:5 doma od Fulhamu se t\u00fdm zvedl 2 v\u00fdhrami v lize na sou\u010dasn\u00e9 10. m\u00edsto a penaltov\u00fdm postupem p\u0159es Sheffield Wednesday pr\u00e1v\u011b do 2 kola Carabao Cupu.<\/p>\n<h4>Bilance<\/h4>\n<p>V ligov\u00e9m poh\u00e1ru se soupe\u0159i utkali 3kr\u00e1t, Everton v\u017edy postoupil; 25.8.2010 zv\u00edt\u011bzil 5:1, trefili se Fellaini, Rodwell, Beckford Osman a Sha. V roce 1999 vybojoval Everton postup a\u017e ve druh\u00e9m z\u00e1pase kv\u016fli brank\u00e1m Dacourta a Materazziho.<\/p>\n<p>3 v\u00fdhry ze 4 z\u00e1pas\u016f v EPL jsou sou\u010d\u00e1st\u00ed 11 z\u00e1pasov\u00e9 \u0161\u0148\u016fry bez por\u00e1\u017eky proti Terriers. P\u0159esto je celkov\u00e1 bilance vyrovnan\u00e1 (27 v\u00fdher \u2013 15 rem\u00edz \u2013 21 proher), co\u017e jen dokazuje na bohatou minulost Huddersfield Town, kte\u0159\u00ed ve dvac\u00e1t\u00fdch letech pat\u0159ili ke \u0161pi\u010dce Albionu, kde se o titul nejednou utkali pr\u00e1v\u011b s Toffees.<\/p>\n<p><strong>Co<\/strong>: Huddersfield Town AFC &#8211; Everton FC, 2. kolo Carabao Cup<br \/>\n<strong>Kde<\/strong>: The John Smith\u2019s Stadium, Stadium Way, Huddersfield, HD1 6PG (kapacita: 24\u00a0500)<br \/>\n<strong>Kdy<\/strong>: 24. srpna 2021 od 20:45<br \/>\n<strong>TV<\/strong>: P\u0159\u00edm\u00fd p\u0159enos na stanici Nova Sport 2<br \/>\n<strong>Rozhod\u010d\u00ed<\/strong>: Matthew Donohue &#8211; Nick Greenhalgh, Akil Howson <strong>\u010ctvrt\u00fd rozhod\u010d\u00ed<\/strong>: Andy Woolmer<\/p>\n","protected":false},"excerpt":{"rendered":"<p>Everton zahajuje poh\u00e1rovou sez\u00f3nu na h\u0159i\u0161ti druholigov\u00fdch Terriers, dnes ve\u010der od 20:45 se chyst\u00e1 vyrazit na dal\u0161\u00ed zte\u010d Carabao Cupu.<\/p>\n","protected":false},"author":10,"featured_media":16147,"comment_status":"open","ping_status":"closed","sticky":false,"template":"","format":"standard","meta":{"_eb_attr":"","_monsterinsights_skip_tracking":false,"_monsterinsights_sitenote_active":false,"_monsterinsights_sitenote_note":"","_monsterinsights_sitenote_category":0,"footnotes":""},"categories":[4],"tags":[],"yoast_head":"<!-- This site is optimized with the Yoast SEO plugin v23.4 - https:\/\/yoast.com\/wordpress\/plugins\/seo\/ -->\n<title>LC Preview: Huddersfield Town \u2013 Everton - Official Czech &amp; Slovak Everton Supporters&#039; Club<\/title>\n<meta name=\"robots\" content=\"index, follow, max-snippet:-1, max-image-preview:large, max-video-preview:-1\" \/>\n<link rel=\"canonical\" href=\"https:\/\/evertonfc.cz\/index.php\/2021\/08\/24\/efl-cup-huddersfield-town-everton\/\" \/>\n<meta property=\"og:locale\" content=\"cs_CZ\" \/>\n<meta property=\"og:type\" content=\"article\" \/>\n<meta property=\"og:title\" content=\"LC Preview: Huddersfield Town \u2013 Everton - Official Czech &amp; Slovak Everton Supporters&#039; Club\" \/>\n<meta property=\"og:description\" content=\"Everton zahajuje poh\u00e1rovou sez\u00f3nu na h\u0159i\u0161ti druholigov\u00fdch Terriers, dnes ve\u010der od 20:45 se chyst\u00e1 vyrazit na dal\u0161\u00ed zte\u010d Carabao Cupu.\" \/>\n<meta property=\"og:url\" content=\"https:\/\/evertonfc.cz\/index.php\/2021\/08\/24\/efl-cup-huddersfield-town-everton\/\" \/>\n<meta property=\"og:site_name\" content=\"Official Czech &amp; Slovak Everton Supporters&#039; Club\" \/>\n<meta property=\"article:publisher\" content=\"https:\/\/www.facebook.com\/everton.fans.cz.sk\" \/>\n<meta property=\"article:published_time\" content=\"2021-08-24T12:31:15+00:00\" \/>\n<meta property=\"article:modified_time\" content=\"2021-08-25T15:46:11+00:00\" \/>\n<meta property=\"og:image\" content=\"https:\/\/evertonfc.cz\/wp-content\/uploads\/2021\/08\/carabao.jpg\" \/>\n\t<meta property=\"og:image:width\" content=\"720\" \/>\n\t<meta property=\"og:image:height\" content=\"405\" \/>\n\t<meta property=\"og:image:type\" content=\"image\/jpeg\" \/>\n<meta name=\"author\" content=\"Fip\" \/>\n<meta name=\"twitter:card\" content=\"summary_large_image\" \/>\n<meta name=\"twitter:label1\" content=\"Napsal(a)\" \/>\n\t<meta name=\"twitter:data1\" content=\"Fip\" \/>\n\t<meta name=\"twitter:label2\" content=\"Odhadovan\u00e1 doba \u010dten\u00ed\" \/>\n\t<meta name=\"twitter:data2\" content=\"3 minuty\" \/>\n<script type=\"application\/ld+json\" class=\"yoast-schema-graph\">{\"@context\":\"https:\/\/schema.org\",\"@graph\":[{\"@type\":\"Article\",\"@id\":\"https:\/\/evertonfc.cz\/index.php\/2021\/08\/24\/efl-cup-huddersfield-town-everton\/#article\",\"isPartOf\":{\"@id\":\"https:\/\/evertonfc.cz\/index.php\/2021\/08\/24\/efl-cup-huddersfield-town-everton\/\"},\"author\":{\"name\":\"Fip\",\"@id\":\"https:\/\/evertonfc.cz\/#\/schema\/person\/35904009755e8eaa0dc1a5f5f0419002\"},\"headline\":\"LC Preview: Huddersfield Town \u2013 Everton\",\"datePublished\":\"2021-08-24T12:31:15+00:00\",\"dateModified\":\"2021-08-25T15:46:11+00:00\",\"mainEntityOfPage\":{\"@id\":\"https:\/\/evertonfc.cz\/index.php\/2021\/08\/24\/efl-cup-huddersfield-town-everton\/\"},\"wordCount\":718,\"commentCount\":10,\"publisher\":{\"@id\":\"https:\/\/evertonfc.cz\/#organization\"},\"image\":{\"@id\":\"https:\/\/evertonfc.cz\/index.php\/2021\/08\/24\/efl-cup-huddersfield-town-everton\/#primaryimage\"},\"thumbnailUrl\":\"https:\/\/evertonfc.cz\/wp-content\/uploads\/2021\/08\/carabao.jpg\",\"articleSection\":[\"Z\u00e1pasy\"],\"inLanguage\":\"cs\",\"potentialAction\":[{\"@type\":\"CommentAction\",\"name\":\"Comment\",\"target\":[\"https:\/\/evertonfc.cz\/index.php\/2021\/08\/24\/efl-cup-huddersfield-town-everton\/#respond\"]}]},{\"@type\":\"WebPage\",\"@id\":\"https:\/\/evertonfc.cz\/index.php\/2021\/08\/24\/efl-cup-huddersfield-town-everton\/\",\"url\":\"https:\/\/evertonfc.cz\/index.php\/2021\/08\/24\/efl-cup-huddersfield-town-everton\/\",\"name\":\"LC Preview: Huddersfield Town \u2013 Everton - Official Czech &amp; Slovak Everton Supporters&#039; Club\",\"isPartOf\":{\"@id\":\"https:\/\/evertonfc.cz\/#website\"},\"primaryImageOfPage\":{\"@id\":\"https:\/\/evertonfc.cz\/index.php\/2021\/08\/24\/efl-cup-huddersfield-town-everton\/#primaryimage\"},\"image\":{\"@id\":\"https:\/\/evertonfc.cz\/index.php\/2021\/08\/24\/efl-cup-huddersfield-town-everton\/#primaryimage\"},\"thumbnailUrl\":\"https:\/\/evertonfc.cz\/wp-content\/uploads\/2021\/08\/carabao.jpg\",\"datePublished\":\"2021-08-24T12:31:15+00:00\",\"dateModified\":\"2021-08-25T15:46:11+00:00\",\"breadcrumb\":{\"@id\":\"https:\/\/evertonfc.cz\/index.php\/2021\/08\/24\/efl-cup-huddersfield-town-everton\/#breadcrumb\"},\"inLanguage\":\"cs\",\"potentialAction\":[{\"@type\":\"ReadAction\",\"target\":[\"https:\/\/evertonfc.cz\/index.php\/2021\/08\/24\/efl-cup-huddersfield-town-everton\/\"]}]},{\"@type\":\"ImageObject\",\"inLanguage\":\"cs\",\"@id\":\"https:\/\/evertonfc.cz\/index.php\/2021\/08\/24\/efl-cup-huddersfield-town-everton\/#primaryimage\",\"url\":\"https:\/\/evertonfc.cz\/wp-content\/uploads\/2021\/08\/carabao.jpg\",\"contentUrl\":\"https:\/\/evertonfc.cz\/wp-content\/uploads\/2021\/08\/carabao.jpg\",\"width\":720,\"height\":405},{\"@type\":\"BreadcrumbList\",\"@id\":\"https:\/\/evertonfc.cz\/index.php\/2021\/08\/24\/efl-cup-huddersfield-town-everton\/#breadcrumb\",\"itemListElement\":[{\"@type\":\"ListItem\",\"position\":1,\"name\":\"Home\",\"item\":\"https:\/\/evertonfc.cz\/\"},{\"@type\":\"ListItem\",\"position\":2,\"name\":\"LC Preview: Huddersfield Town \u2013 Everton\"}]},{\"@type\":\"WebSite\",\"@id\":\"https:\/\/evertonfc.cz\/#website\",\"url\":\"https:\/\/evertonfc.cz\/\",\"name\":\"Official Czech &amp; Slovak Everton Supporters&#039; Club\",\"description\":\"\",\"publisher\":{\"@id\":\"https:\/\/evertonfc.cz\/#organization\"},\"potentialAction\":[{\"@type\":\"SearchAction\",\"target\":{\"@type\":\"EntryPoint\",\"urlTemplate\":\"https:\/\/evertonfc.cz\/?s={search_term_string}\"},\"query-input\":{\"@type\":\"PropertyValueSpecification\",\"valueRequired\":true,\"valueName\":\"search_term_string\"}}],\"inLanguage\":\"cs\"},{\"@type\":\"Organization\",\"@id\":\"https:\/\/evertonfc.cz\/#organization\",\"name\":\"Official Czech & Slovak Everton Supporters' Club\",\"url\":\"https:\/\/evertonfc.cz\/\",\"logo\":{\"@type\":\"ImageObject\",\"inLanguage\":\"cs\",\"@id\":\"https:\/\/evertonfc.cz\/#\/schema\/logo\/image\/\",\"url\":\"https:\/\/evertonfc.cz\/wp-content\/uploads\/2019\/05\/logo.png\",\"contentUrl\":\"https:\/\/evertonfc.cz\/wp-content\/uploads\/2019\/05\/logo.png\",\"width\":112,\"height\":112,\"caption\":\"Official Czech & Slovak Everton Supporters' Club\"},\"image\":{\"@id\":\"https:\/\/evertonfc.cz\/#\/schema\/logo\/image\/\"},\"sameAs\":[\"https:\/\/www.facebook.com\/everton.fans.cz.sk\"]},{\"@type\":\"Person\",\"@id\":\"https:\/\/evertonfc.cz\/#\/schema\/person\/35904009755e8eaa0dc1a5f5f0419002\",\"name\":\"Fip\",\"url\":\"https:\/\/evertonfc.cz\/index.php\/author\/fip\/\"}]}<\/script>\n<!-- \/ Yoast SEO plugin. -->","yoast_head_json":{"title":"LC Preview: Huddersfield Town \u2013 Everton - Official Czech &amp; Slovak Everton Supporters&#039; Club","robots":{"index":"index","follow":"follow","max-snippet":"max-snippet:-1","max-image-preview":"max-image-preview:large","max-video-preview":"max-video-preview:-1"},"canonical":"https:\/\/evertonfc.cz\/index.php\/2021\/08\/24\/efl-cup-huddersfield-town-everton\/","og_locale":"cs_CZ","og_type":"article","og_title":"LC Preview: Huddersfield Town \u2013 Everton - Official Czech &amp; Slovak Everton Supporters&#039; Club","og_description":"Everton zahajuje poh\u00e1rovou sez\u00f3nu na h\u0159i\u0161ti druholigov\u00fdch Terriers, dnes ve\u010der od 20:45 se chyst\u00e1 vyrazit na dal\u0161\u00ed zte\u010d Carabao Cupu.","og_url":"https:\/\/evertonfc.cz\/index.php\/2021\/08\/24\/efl-cup-huddersfield-town-everton\/","og_site_name":"Official Czech &amp; Slovak Everton Supporters&#039; Club","article_publisher":"https:\/\/www.facebook.com\/everton.fans.cz.sk","article_published_time":"2021-08-24T12:31:15+00:00","article_modified_time":"2021-08-25T15:46:11+00:00","og_image":[{"width":720,"height":405,"url":"https:\/\/evertonfc.cz\/wp-content\/uploads\/2021\/08\/carabao.jpg","type":"image\/jpeg"}],"author":"Fip","twitter_card":"summary_large_image","twitter_misc":{"Napsal(a)":"Fip","Odhadovan\u00e1 doba \u010dten\u00ed":"3 minuty"},"schema":{"@context":"https:\/\/schema.org","@graph":[{"@type":"Article","@id":"https:\/\/evertonfc.cz\/index.php\/2021\/08\/24\/efl-cup-huddersfield-town-everton\/#article","isPartOf":{"@id":"https:\/\/evertonfc.cz\/index.php\/2021\/08\/24\/efl-cup-huddersfield-town-everton\/"},"author":{"name":"Fip","@id":"https:\/\/evertonfc.cz\/#\/schema\/person\/35904009755e8eaa0dc1a5f5f0419002"},"headline":"LC Preview: Huddersfield Town \u2013 Everton","datePublished":"2021-08-24T12:31:15+00:00","dateModified":"2021-08-25T15:46:11+00:00","mainEntityOfPage":{"@id":"https:\/\/evertonfc.cz\/index.php\/2021\/08\/24\/efl-cup-huddersfield-town-everton\/"},"wordCount":718,"commentCount":10,"publisher":{"@id":"https:\/\/evertonfc.cz\/#organization"},"image":{"@id":"https:\/\/evertonfc.cz\/index.php\/2021\/08\/24\/efl-cup-huddersfield-town-everton\/#primaryimage"},"thumbnailUrl":"https:\/\/evertonfc.cz\/wp-content\/uploads\/2021\/08\/carabao.jpg","articleSection":["Z\u00e1pasy"],"inLanguage":"cs","potentialAction":[{"@type":"CommentAction","name":"Comment","target":["https:\/\/evertonfc.cz\/index.php\/2021\/08\/24\/efl-cup-huddersfield-town-everton\/#respond"]}]},{"@type":"WebPage","@id":"https:\/\/evertonfc.cz\/index.php\/2021\/08\/24\/efl-cup-huddersfield-town-everton\/","url":"https:\/\/evertonfc.cz\/index.php\/2021\/08\/24\/efl-cup-huddersfield-town-everton\/","name":"LC Preview: Huddersfield Town \u2013 Everton - Official Czech &amp; Slovak Everton Supporters&#039; Club","isPartOf":{"@id":"https:\/\/evertonfc.cz\/#website"},"primaryImageOfPage":{"@id":"https:\/\/evertonfc.cz\/index.php\/2021\/08\/24\/efl-cup-huddersfield-town-everton\/#primaryimage"},"image":{"@id":"https:\/\/evertonfc.cz\/index.php\/2021\/08\/24\/efl-cup-huddersfield-town-everton\/#primaryimage"},"thumbnailUrl":"https:\/\/evertonfc.cz\/wp-content\/uploads\/2021\/08\/carabao.jpg","datePublished":"2021-08-24T12:31:15+00:00","dateModified":"2021-08-25T15:46:11+00:00","breadcrumb":{"@id":"https:\/\/evertonfc.cz\/index.php\/2021\/08\/24\/efl-cup-huddersfield-town-everton\/#breadcrumb"},"inLanguage":"cs","potentialAction":[{"@type":"ReadAction","target":["https:\/\/evertonfc.cz\/index.php\/2021\/08\/24\/efl-cup-huddersfield-town-everton\/"]}]},{"@type":"ImageObject","inLanguage":"cs","@id":"https:\/\/evertonfc.cz\/index.php\/2021\/08\/24\/efl-cup-huddersfield-town-everton\/#primaryimage","url":"https:\/\/evertonfc.cz\/wp-content\/uploads\/2021\/08\/carabao.jpg","contentUrl":"https:\/\/evertonfc.cz\/wp-content\/uploads\/2021\/08\/carabao.jpg","width":720,"height":405},{"@type":"BreadcrumbList","@id":"https:\/\/evertonfc.cz\/index.php\/2021\/08\/24\/efl-cup-huddersfield-town-everton\/#breadcrumb","itemListElement":[{"@type":"ListItem","position":1,"name":"Home","item":"https:\/\/evertonfc.cz\/"},{"@type":"ListItem","position":2,"name":"LC Preview: Huddersfield Town \u2013 Everton"}]},{"@type":"WebSite","@id":"https:\/\/evertonfc.cz\/#website","url":"https:\/\/evertonfc.cz\/","name":"Official Czech &amp; Slovak Everton Supporters&#039; Club","description":"","publisher":{"@id":"https:\/\/evertonfc.cz\/#organization"},"potentialAction":[{"@type":"SearchAction","target":{"@type":"EntryPoint","urlTemplate":"https:\/\/evertonfc.cz\/?s={search_term_string}"},"query-input":{"@type":"PropertyValueSpecification","valueRequired":true,"valueName":"search_term_string"}}],"inLanguage":"cs"},{"@type":"Organization","@id":"https:\/\/evertonfc.cz\/#organization","name":"Official Czech & Slovak Everton Supporters' Club","url":"https:\/\/evertonfc.cz\/","logo":{"@type":"ImageObject","inLanguage":"cs","@id":"https:\/\/evertonfc.cz\/#\/schema\/logo\/image\/","url":"https:\/\/evertonfc.cz\/wp-content\/uploads\/2019\/05\/logo.png","contentUrl":"https:\/\/evertonfc.cz\/wp-content\/uploads\/2019\/05\/logo.png","width":112,"height":112,"caption":"Official Czech & Slovak Everton Supporters' Club"},"image":{"@id":"https:\/\/evertonfc.cz\/#\/schema\/logo\/image\/"},"sameAs":["https:\/\/www.facebook.com\/everton.fans.cz.sk"]},{"@type":"Person","@id":"https:\/\/evertonfc.cz\/#\/schema\/person\/35904009755e8eaa0dc1a5f5f0419002","name":"Fip","url":"https:\/\/evertonfc.cz\/index.php\/author\/fip\/"}]}},"_links":{"self":[{"href":"https:\/\/evertonfc.cz\/index.php\/wp-json\/wp\/v2\/posts\/16148"}],"collection":[{"href":"https:\/\/evertonfc.cz\/index.php\/wp-json\/wp\/v2\/posts"}],"about":[{"href":"https:\/\/evertonfc.cz\/index.php\/wp-json\/wp\/v2\/types\/post"}],"author":[{"embeddable":true,"href":"https:\/\/evertonfc.cz\/index.php\/wp-json\/wp\/v2\/users\/10"}],"replies":[{"embeddable":true,"href":"https:\/\/evertonfc.cz\/index.php\/wp-json\/wp\/v2\/comments?post=16148"}],"version-history":[{"count":8,"href":"https:\/\/evertonfc.cz\/index.php\/wp-json\/wp\/v2\/posts\/16148\/revisions"}],"predecessor-version":[{"id":16198,"href":"https:\/\/evertonfc.cz\/index.php\/wp-json\/wp\/v2\/posts\/16148\/revisions\/16198"}],"wp:featuredmedia":[{"embeddable":true,"href":"https:\/\/evertonfc.cz\/index.php\/wp-json\/wp\/v2\/media\/16147"}],"wp:attachment":[{"href":"https:\/\/evertonfc.cz\/index.php\/wp-json\/wp\/v2\/media?parent=16148"}],"wp:term":[{"taxonomy":"category","embeddable":true,"href":"https:\/\/evertonfc.cz\/index.php\/wp-json\/wp\/v2\/categories?post=16148"},{"taxonomy":"post_tag","embeddable":true,"href":"https:\/\/evertonfc.cz\/index.php\/wp-json\/wp\/v2\/tags?post=16148"}],"curies":[{"name":"wp","href":"https:\/\/api.w.org\/{rel}","templated":true}]}}