{"id":16172,"date":"2021-08-25T15:24:11","date_gmt":"2021-08-25T13:24:11","guid":{"rendered":"https:\/\/evertonfc.cz\/?p=16172"},"modified":"2021-08-25T22:10:18","modified_gmt":"2021-08-25T20:10:18","slug":"huddersfield-town-everton-12","status":"publish","type":"post","link":"https:\/\/evertonfc.cz\/index.php\/2021\/08\/25\/huddersfield-town-everton-12\/","title":{"rendered":"Huddersfield Town \u2013 Everton 1:2"},"content":{"rendered":"<h4>Postup do tretieho kola ligov\u00e9ho poh\u00e1ra s\u00a0odret\u00fdmi u\u0161ami. Po vyl\u00fa\u010den\u00ed jedin\u00e9ho \u00fato\u010dn\u00edka v\u00a0z\u00e1pasovej zostave si muselo mu\u017estvo poradi\u0165 v\u00a0desiatich. Podarilo sa.<\/h4>\n<p>Ligov\u00fd poh\u00e1r u\u017e dlh\u0161ie nie je pr\u00edli\u0161 atrakt\u00edvna s\u00fa\u0165a\u017e a\u00a0Huddersfield nie je pr\u00e1ve futbalov\u00e9 mesto. Aj preto sa tomuto stretnutiu prizerala ani nie polovi\u010dn\u00e1 kapacita st\u00e1nku dom\u00e1cich, z\u00a0\u010doho zvukovo profitoval samozrejme pln\u00fd sektor host\u00ed. Ten podporoval t\u00edm a\u017e s\u00a0deviatimi zmenami v\u00a0z\u00e1kladnej zostave.<\/p>\n<p>V novej form\u00e1cii 5-2-3 br\u00e1nila trojica stop\u00e9rov Holgate, Keane a mlad\u00fd Branthwaite, stmelen\u00fd minuloro\u010dn\u00fdm hos\u0165ovan\u00edm v Blackburne Rovers. Po krajoch im asistoval nechcen\u00fd Kenny a nevyu\u017e\u00edvan\u00fd talent Nkounkou. Z\u00e1loha bola stru\u010dn\u00e1, s Daviesom a zdrav\u00fdm Gbaminom. V \u00fatoku dostal \u0161ancu mys\u013eou od\u00edden\u00fd Kean, v spolo\u010dnosti kr\u00eddiel Iwobiho a Townsenda. V br\u00e1ne chytala nov\u00e1 sk\u00fasen\u00e1 dvojka Asmir Begovi\u0107.<\/p>\n<p>Lavi\u010dka pozost\u00e1val z p\u00e1r ligov\u00fdch st\u00e1lic, no bez Allana a \u00fato\u010dn\u00e9ho dvojzubca Calvert-Lewin \u2013 Richarlison. Pickford tie\u017e dostal vo\u013eno, n\u00e1hradn\u00edk medzi ty\u010dami bol nominovan\u00fd Lonergan. A hoci Godfrey cestoval s t\u00edmom, nemal kv\u00f4li karant\u00e9ne dostato\u010dn\u00fa z\u00e1pasov\u00fa kond\u00edciu. Absentuj\u00faci bol tie\u017e Gordon, nevedno pre\u010do.<\/p>\n<h4><strong>Prv\u00fd pol\u010das<\/strong><\/h4>\n<p>Po \u00favodnom hvizde za\u010dala svi\u017en\u00e1 hra. Prelievala sa zo strany na stranu, v\u00e4\u010d\u0161inou v\u0161ak k br\u00e1ne dom\u00e1cich po strat\u00e1ch l\u00f4pt, vyn\u00faten\u00fdch aj nevyn\u00faten\u00fdch. N\u00e1tlak z na\u0161ej strany bol preto ve\u013emi \u00fa\u010dinn\u00fd, \u0161koda teda jeho nekon\u0161tantnosti. \u010co naopak nebolo \u00fa\u010dinn\u00e9, bola na\u0161a snaha za ka\u017ed\u00fa cenu by\u0165 \u010do najr\u00fdchlej\u0161\u00ed a najvertik\u00e1lnej\u0161\u00ed. Kopilo sa n\u00e1m na kopa\u010dk\u00e1ch ve\u013ea nepresnost\u00ed a nikdy sme nemali duel prakticky pod \u00faplnou kontrolou.<\/p>\n<p>Av\u0161ak p\u00e1r akci\u00ed n\u00e1m vy\u0161lo. Prv\u00e1 g\u00f3lov\u00e1 za\u010dala v\u00fdkopom debutuj\u00faceho Begovi\u0107a, ktor\u00fd na\u0161iel Daviesa. Po v\u00fdmene s Townsendom potiahol loptu stredom a ide\u00e1lne vysunul za obranu nabiehaj\u00faceho Iwobiho. Zakon\u010denie pred samotn\u00fdm brank\u00e1rom na\u0161a sedemn\u00e1stka v tomto vydarenom z\u00e1pase na\u0161\u0165astie neskazila. <strong>1:0<\/strong>.<\/p>\n<p>Druh\u00e1 akcia so \u017eelan\u00fdmi parametrami bola o chv\u00ed\u013eu nesk\u00f4r ako z kop\u00edrky. A\u017e na to, \u017ee ju prakticky cel\u00fa zariadil drav\u00fd Nkounkou. Na vlastnej polovici z\u00edskal vysok\u00fa loptu a s\u00e1m ju cez pol ihriska vyviezol a\u017e k fin\u00e1lnej prihr\u00e1vke Keanovi, nekompromisne zakon\u010duj\u00facemu na 2:0. Ale vraj bol v ofsajde. Aspo\u0148 to tvrdil \u010diarov\u00fd rozhodca.<\/p>\n<p>A div\u00e1ci, ochudobnen\u00ed o slu\u017eby VARu, tomu nemohli uveri\u0165. Absencia videa by z tohto d\u00f4vodu mala by\u0165 trestn\u00e1. Po tom momente nastala ist\u00e1 vzpruha pre Teri\u00e9rov, ktor\u00ed za\u010dali hr\u00fdz\u0165. Nemali v\u0161ak potrebn\u00fa kvalitu na prec\u00edznej\u0161ie prevedenie akci\u00ed, tak\u017ee po\u010det g\u00f3lov sa dramaticky nezvy\u0161oval. Ubr\u00e1ni\u0165 sa n\u00e1m nepodarilo len rohov\u00fd kop tesne pred odchodom do \u0161atn\u00ed. Stop\u00e9ra Leesa v malom v\u00e1pne neubr\u00e1nil nie pr\u00e1ve vo forme hraj\u00faci Keane. Stav <strong>1:1<\/strong>.<\/p>\n<h4><strong>Druh\u00fd pol\u010das<\/strong><\/h4>\n<p>Po pauze sa dostavil e\u0161te vy\u0161\u0161\u00ed tlak host\u00ed, podporovan\u00fd na\u0161im pokra\u010duj\u00facim \u0161lendri\u00e1nstvom na lopte. S\u00faper bol odv\u00e1\u017eny, strelil aj neuznan\u00fd g\u00f3l, preto\u00a0bud\u00ed\u010dek musel pr\u00eds\u0165. Bohu\u017eia\u013e vo forme oslabenia. Moise Kean svoj hnev po postr\u010den\u00ed <span style=\"text-decoration: line-through;\">Thanosom<\/span> Thomasom odzadu neovl\u00e1dol a prenechal vo\u013en\u00e9 pole p\u00f4sobnosti svojej temnej str\u00e1nke. Oponentovi sa sna\u017eil vysvetli\u0165 jeho znepokojenie v nedostatok viery v jeho agres\u00edvne schopnosti. Nejeden temn\u00fd majster by vzorn\u00e9ho mlad\u00e9ho u\u010d\u0148a aj pochv\u00e1lil, no u hlavn\u00e9ho arbitra nepochodil. Rozl\u00fa\u010dka pred Deadline day?<\/p>\n<p>Na ihrisko pri\u0161li Gomes, Digne a Gray, a najm\u00e4 prv\u00fd menovan\u00fd sa najviac zasl\u00fa\u017eil o postupov\u00fd g\u00f3l. Po kombin\u00e1cii s Iwobim, ktor\u00fd hral od vyl\u00fa\u010denia na poste hrotu, sa dostal do \u0161estn\u00e1stky a tam perfektne na\u0161iel Townsenda. Ten len letm\u00fdm pohladen\u00edm lopty medzi obrancami vo ve\u013ekom uhle nechytate\u013ene zakon\u010dil pod brvno svoj premi\u00e9rov\u00fd g\u00f3l v karamelovom drese. Gratulujeme &#8211; <strong>2:1<\/strong> a na v\u00fdhru viac nebolo treba!<\/p>\n<h4><strong>Rafael Ben\u00edtez:<\/strong><\/h4>\n<blockquote><p><span style=\"font-size: 12pt;\"><em>\u201eVe\u013emi ma pote\u0161ilo, ako sme prist\u00fapili k z\u00e1pasu. Mali sme \u0161ance, kontrolu, a potom \u010do sme strelili n\u00e1\u0161 prv\u00fd g\u00f3l by som povedal, \u017ee to bolo \u013eahk\u00e9. Ale nebolo. Ke\u010f oni sk\u00f3rovali na konci prv\u00e9ho pol\u010dasu, za\u010dali veri\u0165, \u017ee m\u00f4\u017eu uhra\u0165 v\u00fdsledok. Vyl\u00fa\u010denie bola chyba, o\u010dividne. Kean je mlad\u00fd hr\u00e1\u010d a mus\u00ed sa z toho pou\u010di\u0165. Ale reakcia t\u00edmu bola ve\u013emi dobr\u00e1. R\u00e1d vid\u00edm, \u017ee Tom Davies tvrdo pracoval aj napriek mal\u00e9mu probl\u00e9mu s kvadricepsom. Alex Iwobi tie\u017e kr\u00edval, ale sna\u017eil sa pom\u00f4c\u0165 t\u00edmu. P\u00e1\u010dil sa mi druh\u00fd g\u00f3l a sp\u00f4sob, ak\u00fdm sme dohrali z\u00e1pas. Charakter, odhodlanie, nasadenie hr\u00e1\u010dov bolo skvel\u00e9 a mysl\u00edm, \u017ee to je to, \u010do fan\u00fa\u0161ikovia o\u010dak\u00e1vaj\u00fa od tohto t\u00edmu.\u201c<\/em><\/span><\/p><\/blockquote>\n<h3 style=\"text-align: center;\"><span style=\"color: #3366ff;\"><strong><em>Up The Toffees !!!<\/em><\/strong><\/span><\/h3>\n<p style=\"text-align: right;\"><span style=\"font-size: 8pt;\">(fotozdroj: Anthony Devlin\/PA Images)<\/span><\/p>\n<p><strong>Zostrihy + z\u00e1pas:<\/strong><a href=\"https:\/\/www.evertonfc.com\/video\/2231680\/full-90-huddersfield-v-everton?tagNames=latest-video\" target=\"_blank\" rel=\"noopener\"> Everton TV<\/a>\u00a0 <strong>Hr\u00e1\u010d z\u00e1pasu redakcie:<\/strong> Alex Iwobi<\/p>\n<p><strong>G\u00f3ly:<\/strong> 26\u00b4 Iwobi (Davies), 45\u00b4 Lees (Thomas), 79\u00b4 Townsend (Gomes)<\/p>\n<p><strong>\u017dlt\u00e9 karty: <\/strong>60\u00b4 Thomas, 81\u00b4 Sarr, 90+5\u00b4 Gomes\u00a0 <strong>\u010cerven\u00e1 karta:<\/strong> 59\u00b4 Kean<\/p>\n<p><strong>Huddersfield Town AFC:\u00a0<\/strong>Nicholls \u2013 Pearson, Lees (45\u00b4 O\u00b4Brien), Sarr \u2013 Thomas, High (80\u00b4 Koroma), Vallejo, Holmes, Toffolo \u2013 Campbell, Sinani (69\u00b4 Turton)<\/p>\n<p><strong>Everton FC:\u00a0<\/strong>Begovi\u0107 \u2013 Kenny, Holgate, Keane, Branthwaite (57\u00b4 Gomes), Nkounkou (75\u00b4 Gray) \u2013 Gbamin, Davies (64\u00b4 Digne) \u2013 Townsend, Kean, Iwobi<\/p>\n<p><strong>Rozhodca:\u00a0<\/strong>Matt Donohue\u00a0 <strong>Div\u00e1ci:<\/strong> 10 459<\/p>\n","protected":false},"excerpt":{"rendered":"<p>Postup do tretieho kola ligov\u00e9ho poh\u00e1ra s\u00a0odret\u00fdmi u\u0161ami. Po vyl\u00fa\u010den\u00ed jedin\u00e9ho \u00fato\u010dn\u00edka v\u00a0z\u00e1pasovej zostave si muselo mu\u017estvo poradi\u0165 v\u00a0desiatich. Podarilo sa.<\/p>\n","protected":false},"author":1,"featured_media":16180,"comment_status":"open","ping_status":"closed","sticky":false,"template":"","format":"standard","meta":{"_eb_attr":"","_monsterinsights_skip_tracking":false,"_monsterinsights_sitenote_active":false,"_monsterinsights_sitenote_note":"","_monsterinsights_sitenote_category":0,"footnotes":""},"categories":[4],"tags":[],"yoast_head":"<!-- This site is optimized with the Yoast SEO plugin v23.4 - https:\/\/yoast.com\/wordpress\/plugins\/seo\/ -->\n<title>Huddersfield Town \u2013 Everton 1:2 - Official Czech &amp; Slovak Everton Supporters&#039; Club<\/title>\n<meta name=\"robots\" content=\"index, follow, max-snippet:-1, max-image-preview:large, max-video-preview:-1\" \/>\n<link rel=\"canonical\" href=\"https:\/\/evertonfc.cz\/index.php\/2021\/08\/25\/huddersfield-town-everton-12\/\" \/>\n<meta property=\"og:locale\" content=\"cs_CZ\" \/>\n<meta property=\"og:type\" content=\"article\" \/>\n<meta property=\"og:title\" content=\"Huddersfield Town \u2013 Everton 1:2 - Official Czech &amp; Slovak Everton Supporters&#039; Club\" \/>\n<meta property=\"og:description\" content=\"Postup do tretieho kola ligov\u00e9ho poh\u00e1ra s\u00a0odret\u00fdmi u\u0161ami. Po vyl\u00fa\u010den\u00ed jedin\u00e9ho \u00fato\u010dn\u00edka v\u00a0z\u00e1pasovej zostave si muselo mu\u017estvo poradi\u0165 v\u00a0desiatich. Podarilo sa.\" \/>\n<meta property=\"og:url\" content=\"https:\/\/evertonfc.cz\/index.php\/2021\/08\/25\/huddersfield-town-everton-12\/\" \/>\n<meta property=\"og:site_name\" content=\"Official Czech &amp; Slovak Everton Supporters&#039; Club\" \/>\n<meta property=\"article:publisher\" content=\"https:\/\/www.facebook.com\/everton.fans.cz.sk\" \/>\n<meta property=\"article:published_time\" content=\"2021-08-25T13:24:11+00:00\" \/>\n<meta property=\"article:modified_time\" content=\"2021-08-25T20:10:18+00:00\" \/>\n<meta property=\"og:image\" content=\"https:\/\/evertonfc.cz\/wp-content\/uploads\/2021\/08\/Iwobi-Kenny-Gray-VS-Huddersfield-Town-LC-by-Anthony-Devlin-PA-Images-25-8-2021.jpg\" \/>\n\t<meta property=\"og:image:width\" content=\"720\" \/>\n\t<meta property=\"og:image:height\" content=\"405\" \/>\n\t<meta property=\"og:image:type\" content=\"image\/jpeg\" \/>\n<meta name=\"author\" content=\"BlueBlooded\" \/>\n<meta name=\"twitter:card\" content=\"summary_large_image\" \/>\n<meta name=\"twitter:label1\" content=\"Napsal(a)\" \/>\n\t<meta name=\"twitter:data1\" content=\"BlueBlooded\" \/>\n\t<meta name=\"twitter:label2\" content=\"Odhadovan\u00e1 doba \u010dten\u00ed\" \/>\n\t<meta name=\"twitter:data2\" content=\"4 minuty\" \/>\n<script type=\"application\/ld+json\" class=\"yoast-schema-graph\">{\"@context\":\"https:\/\/schema.org\",\"@graph\":[{\"@type\":\"Article\",\"@id\":\"https:\/\/evertonfc.cz\/index.php\/2021\/08\/25\/huddersfield-town-everton-12\/#article\",\"isPartOf\":{\"@id\":\"https:\/\/evertonfc.cz\/index.php\/2021\/08\/25\/huddersfield-town-everton-12\/\"},\"author\":{\"name\":\"BlueBlooded\",\"@id\":\"https:\/\/evertonfc.cz\/#\/schema\/person\/d4493b8cbea51532597fbc4685698916\"},\"headline\":\"Huddersfield Town \u2013 Everton 1:2\",\"datePublished\":\"2021-08-25T13:24:11+00:00\",\"dateModified\":\"2021-08-25T20:10:18+00:00\",\"mainEntityOfPage\":{\"@id\":\"https:\/\/evertonfc.cz\/index.php\/2021\/08\/25\/huddersfield-town-everton-12\/\"},\"wordCount\":944,\"commentCount\":0,\"publisher\":{\"@id\":\"https:\/\/evertonfc.cz\/#organization\"},\"image\":{\"@id\":\"https:\/\/evertonfc.cz\/index.php\/2021\/08\/25\/huddersfield-town-everton-12\/#primaryimage\"},\"thumbnailUrl\":\"https:\/\/evertonfc.cz\/wp-content\/uploads\/2021\/08\/Iwobi-Kenny-Gray-VS-Huddersfield-Town-LC-by-Anthony-Devlin-PA-Images-25-8-2021.jpg\",\"articleSection\":[\"Z\u00e1pasy\"],\"inLanguage\":\"cs\",\"potentialAction\":[{\"@type\":\"CommentAction\",\"name\":\"Comment\",\"target\":[\"https:\/\/evertonfc.cz\/index.php\/2021\/08\/25\/huddersfield-town-everton-12\/#respond\"]}]},{\"@type\":\"WebPage\",\"@id\":\"https:\/\/evertonfc.cz\/index.php\/2021\/08\/25\/huddersfield-town-everton-12\/\",\"url\":\"https:\/\/evertonfc.cz\/index.php\/2021\/08\/25\/huddersfield-town-everton-12\/\",\"name\":\"Huddersfield Town \u2013 Everton 1:2 - Official Czech &amp; Slovak Everton Supporters&#039; Club\",\"isPartOf\":{\"@id\":\"https:\/\/evertonfc.cz\/#website\"},\"primaryImageOfPage\":{\"@id\":\"https:\/\/evertonfc.cz\/index.php\/2021\/08\/25\/huddersfield-town-everton-12\/#primaryimage\"},\"image\":{\"@id\":\"https:\/\/evertonfc.cz\/index.php\/2021\/08\/25\/huddersfield-town-everton-12\/#primaryimage\"},\"thumbnailUrl\":\"https:\/\/evertonfc.cz\/wp-content\/uploads\/2021\/08\/Iwobi-Kenny-Gray-VS-Huddersfield-Town-LC-by-Anthony-Devlin-PA-Images-25-8-2021.jpg\",\"datePublished\":\"2021-08-25T13:24:11+00:00\",\"dateModified\":\"2021-08-25T20:10:18+00:00\",\"breadcrumb\":{\"@id\":\"https:\/\/evertonfc.cz\/index.php\/2021\/08\/25\/huddersfield-town-everton-12\/#breadcrumb\"},\"inLanguage\":\"cs\",\"potentialAction\":[{\"@type\":\"ReadAction\",\"target\":[\"https:\/\/evertonfc.cz\/index.php\/2021\/08\/25\/huddersfield-town-everton-12\/\"]}]},{\"@type\":\"ImageObject\",\"inLanguage\":\"cs\",\"@id\":\"https:\/\/evertonfc.cz\/index.php\/2021\/08\/25\/huddersfield-town-everton-12\/#primaryimage\",\"url\":\"https:\/\/evertonfc.cz\/wp-content\/uploads\/2021\/08\/Iwobi-Kenny-Gray-VS-Huddersfield-Town-LC-by-Anthony-Devlin-PA-Images-25-8-2021.jpg\",\"contentUrl\":\"https:\/\/evertonfc.cz\/wp-content\/uploads\/2021\/08\/Iwobi-Kenny-Gray-VS-Huddersfield-Town-LC-by-Anthony-Devlin-PA-Images-25-8-2021.jpg\",\"width\":720,\"height\":405},{\"@type\":\"BreadcrumbList\",\"@id\":\"https:\/\/evertonfc.cz\/index.php\/2021\/08\/25\/huddersfield-town-everton-12\/#breadcrumb\",\"itemListElement\":[{\"@type\":\"ListItem\",\"position\":1,\"name\":\"Home\",\"item\":\"https:\/\/evertonfc.cz\/\"},{\"@type\":\"ListItem\",\"position\":2,\"name\":\"Huddersfield Town \u2013 Everton 1:2\"}]},{\"@type\":\"WebSite\",\"@id\":\"https:\/\/evertonfc.cz\/#website\",\"url\":\"https:\/\/evertonfc.cz\/\",\"name\":\"Official Czech &amp; Slovak Everton Supporters&#039; Club\",\"description\":\"\",\"publisher\":{\"@id\":\"https:\/\/evertonfc.cz\/#organization\"},\"potentialAction\":[{\"@type\":\"SearchAction\",\"target\":{\"@type\":\"EntryPoint\",\"urlTemplate\":\"https:\/\/evertonfc.cz\/?s={search_term_string}\"},\"query-input\":{\"@type\":\"PropertyValueSpecification\",\"valueRequired\":true,\"valueName\":\"search_term_string\"}}],\"inLanguage\":\"cs\"},{\"@type\":\"Organization\",\"@id\":\"https:\/\/evertonfc.cz\/#organization\",\"name\":\"Official Czech & Slovak Everton Supporters' Club\",\"url\":\"https:\/\/evertonfc.cz\/\",\"logo\":{\"@type\":\"ImageObject\",\"inLanguage\":\"cs\",\"@id\":\"https:\/\/evertonfc.cz\/#\/schema\/logo\/image\/\",\"url\":\"https:\/\/evertonfc.cz\/wp-content\/uploads\/2019\/05\/logo.png\",\"contentUrl\":\"https:\/\/evertonfc.cz\/wp-content\/uploads\/2019\/05\/logo.png\",\"width\":112,\"height\":112,\"caption\":\"Official Czech & Slovak Everton Supporters' Club\"},\"image\":{\"@id\":\"https:\/\/evertonfc.cz\/#\/schema\/logo\/image\/\"},\"sameAs\":[\"https:\/\/www.facebook.com\/everton.fans.cz.sk\"]},{\"@type\":\"Person\",\"@id\":\"https:\/\/evertonfc.cz\/#\/schema\/person\/d4493b8cbea51532597fbc4685698916\",\"name\":\"BlueBlooded\",\"url\":\"https:\/\/evertonfc.cz\/index.php\/author\/admin\/\"}]}<\/script>\n<!-- \/ Yoast SEO plugin. -->","yoast_head_json":{"title":"Huddersfield Town \u2013 Everton 1:2 - Official Czech &amp; Slovak Everton Supporters&#039; Club","robots":{"index":"index","follow":"follow","max-snippet":"max-snippet:-1","max-image-preview":"max-image-preview:large","max-video-preview":"max-video-preview:-1"},"canonical":"https:\/\/evertonfc.cz\/index.php\/2021\/08\/25\/huddersfield-town-everton-12\/","og_locale":"cs_CZ","og_type":"article","og_title":"Huddersfield Town \u2013 Everton 1:2 - Official Czech &amp; Slovak Everton Supporters&#039; Club","og_description":"Postup do tretieho kola ligov\u00e9ho poh\u00e1ra s\u00a0odret\u00fdmi u\u0161ami. Po vyl\u00fa\u010den\u00ed jedin\u00e9ho \u00fato\u010dn\u00edka v\u00a0z\u00e1pasovej zostave si muselo mu\u017estvo poradi\u0165 v\u00a0desiatich. Podarilo sa.","og_url":"https:\/\/evertonfc.cz\/index.php\/2021\/08\/25\/huddersfield-town-everton-12\/","og_site_name":"Official Czech &amp; Slovak Everton Supporters&#039; Club","article_publisher":"https:\/\/www.facebook.com\/everton.fans.cz.sk","article_published_time":"2021-08-25T13:24:11+00:00","article_modified_time":"2021-08-25T20:10:18+00:00","og_image":[{"width":720,"height":405,"url":"https:\/\/evertonfc.cz\/wp-content\/uploads\/2021\/08\/Iwobi-Kenny-Gray-VS-Huddersfield-Town-LC-by-Anthony-Devlin-PA-Images-25-8-2021.jpg","type":"image\/jpeg"}],"author":"BlueBlooded","twitter_card":"summary_large_image","twitter_misc":{"Napsal(a)":"BlueBlooded","Odhadovan\u00e1 doba \u010dten\u00ed":"4 minuty"},"schema":{"@context":"https:\/\/schema.org","@graph":[{"@type":"Article","@id":"https:\/\/evertonfc.cz\/index.php\/2021\/08\/25\/huddersfield-town-everton-12\/#article","isPartOf":{"@id":"https:\/\/evertonfc.cz\/index.php\/2021\/08\/25\/huddersfield-town-everton-12\/"},"author":{"name":"BlueBlooded","@id":"https:\/\/evertonfc.cz\/#\/schema\/person\/d4493b8cbea51532597fbc4685698916"},"headline":"Huddersfield Town \u2013 Everton 1:2","datePublished":"2021-08-25T13:24:11+00:00","dateModified":"2021-08-25T20:10:18+00:00","mainEntityOfPage":{"@id":"https:\/\/evertonfc.cz\/index.php\/2021\/08\/25\/huddersfield-town-everton-12\/"},"wordCount":944,"commentCount":0,"publisher":{"@id":"https:\/\/evertonfc.cz\/#organization"},"image":{"@id":"https:\/\/evertonfc.cz\/index.php\/2021\/08\/25\/huddersfield-town-everton-12\/#primaryimage"},"thumbnailUrl":"https:\/\/evertonfc.cz\/wp-content\/uploads\/2021\/08\/Iwobi-Kenny-Gray-VS-Huddersfield-Town-LC-by-Anthony-Devlin-PA-Images-25-8-2021.jpg","articleSection":["Z\u00e1pasy"],"inLanguage":"cs","potentialAction":[{"@type":"CommentAction","name":"Comment","target":["https:\/\/evertonfc.cz\/index.php\/2021\/08\/25\/huddersfield-town-everton-12\/#respond"]}]},{"@type":"WebPage","@id":"https:\/\/evertonfc.cz\/index.php\/2021\/08\/25\/huddersfield-town-everton-12\/","url":"https:\/\/evertonfc.cz\/index.php\/2021\/08\/25\/huddersfield-town-everton-12\/","name":"Huddersfield Town \u2013 Everton 1:2 - Official Czech &amp; Slovak Everton Supporters&#039; Club","isPartOf":{"@id":"https:\/\/evertonfc.cz\/#website"},"primaryImageOfPage":{"@id":"https:\/\/evertonfc.cz\/index.php\/2021\/08\/25\/huddersfield-town-everton-12\/#primaryimage"},"image":{"@id":"https:\/\/evertonfc.cz\/index.php\/2021\/08\/25\/huddersfield-town-everton-12\/#primaryimage"},"thumbnailUrl":"https:\/\/evertonfc.cz\/wp-content\/uploads\/2021\/08\/Iwobi-Kenny-Gray-VS-Huddersfield-Town-LC-by-Anthony-Devlin-PA-Images-25-8-2021.jpg","datePublished":"2021-08-25T13:24:11+00:00","dateModified":"2021-08-25T20:10:18+00:00","breadcrumb":{"@id":"https:\/\/evertonfc.cz\/index.php\/2021\/08\/25\/huddersfield-town-everton-12\/#breadcrumb"},"inLanguage":"cs","potentialAction":[{"@type":"ReadAction","target":["https:\/\/evertonfc.cz\/index.php\/2021\/08\/25\/huddersfield-town-everton-12\/"]}]},{"@type":"ImageObject","inLanguage":"cs","@id":"https:\/\/evertonfc.cz\/index.php\/2021\/08\/25\/huddersfield-town-everton-12\/#primaryimage","url":"https:\/\/evertonfc.cz\/wp-content\/uploads\/2021\/08\/Iwobi-Kenny-Gray-VS-Huddersfield-Town-LC-by-Anthony-Devlin-PA-Images-25-8-2021.jpg","contentUrl":"https:\/\/evertonfc.cz\/wp-content\/uploads\/2021\/08\/Iwobi-Kenny-Gray-VS-Huddersfield-Town-LC-by-Anthony-Devlin-PA-Images-25-8-2021.jpg","width":720,"height":405},{"@type":"BreadcrumbList","@id":"https:\/\/evertonfc.cz\/index.php\/2021\/08\/25\/huddersfield-town-everton-12\/#breadcrumb","itemListElement":[{"@type":"ListItem","position":1,"name":"Home","item":"https:\/\/evertonfc.cz\/"},{"@type":"ListItem","position":2,"name":"Huddersfield Town \u2013 Everton 1:2"}]},{"@type":"WebSite","@id":"https:\/\/evertonfc.cz\/#website","url":"https:\/\/evertonfc.cz\/","name":"Official Czech &amp; Slovak Everton Supporters&#039; Club","description":"","publisher":{"@id":"https:\/\/evertonfc.cz\/#organization"},"potentialAction":[{"@type":"SearchAction","target":{"@type":"EntryPoint","urlTemplate":"https:\/\/evertonfc.cz\/?s={search_term_string}"},"query-input":{"@type":"PropertyValueSpecification","valueRequired":true,"valueName":"search_term_string"}}],"inLanguage":"cs"},{"@type":"Organization","@id":"https:\/\/evertonfc.cz\/#organization","name":"Official Czech & Slovak Everton Supporters' Club","url":"https:\/\/evertonfc.cz\/","logo":{"@type":"ImageObject","inLanguage":"cs","@id":"https:\/\/evertonfc.cz\/#\/schema\/logo\/image\/","url":"https:\/\/evertonfc.cz\/wp-content\/uploads\/2019\/05\/logo.png","contentUrl":"https:\/\/evertonfc.cz\/wp-content\/uploads\/2019\/05\/logo.png","width":112,"height":112,"caption":"Official Czech & Slovak Everton Supporters' Club"},"image":{"@id":"https:\/\/evertonfc.cz\/#\/schema\/logo\/image\/"},"sameAs":["https:\/\/www.facebook.com\/everton.fans.cz.sk"]},{"@type":"Person","@id":"https:\/\/evertonfc.cz\/#\/schema\/person\/d4493b8cbea51532597fbc4685698916","name":"BlueBlooded","url":"https:\/\/evertonfc.cz\/index.php\/author\/admin\/"}]}},"_links":{"self":[{"href":"https:\/\/evertonfc.cz\/index.php\/wp-json\/wp\/v2\/posts\/16172"}],"collection":[{"href":"https:\/\/evertonfc.cz\/index.php\/wp-json\/wp\/v2\/posts"}],"about":[{"href":"https:\/\/evertonfc.cz\/index.php\/wp-json\/wp\/v2\/types\/post"}],"author":[{"embeddable":true,"href":"https:\/\/evertonfc.cz\/index.php\/wp-json\/wp\/v2\/users\/1"}],"replies":[{"embeddable":true,"href":"https:\/\/evertonfc.cz\/index.php\/wp-json\/wp\/v2\/comments?post=16172"}],"version-history":[{"count":19,"href":"https:\/\/evertonfc.cz\/index.php\/wp-json\/wp\/v2\/posts\/16172\/revisions"}],"predecessor-version":[{"id":16202,"href":"https:\/\/evertonfc.cz\/index.php\/wp-json\/wp\/v2\/posts\/16172\/revisions\/16202"}],"wp:featuredmedia":[{"embeddable":true,"href":"https:\/\/evertonfc.cz\/index.php\/wp-json\/wp\/v2\/media\/16180"}],"wp:attachment":[{"href":"https:\/\/evertonfc.cz\/index.php\/wp-json\/wp\/v2\/media?parent=16172"}],"wp:term":[{"taxonomy":"category","embeddable":true,"href":"https:\/\/evertonfc.cz\/index.php\/wp-json\/wp\/v2\/categories?post=16172"},{"taxonomy":"post_tag","embeddable":true,"href":"https:\/\/evertonfc.cz\/index.php\/wp-json\/wp\/v2\/tags?post=16172"}],"curies":[{"name":"wp","href":"https:\/\/api.w.org\/{rel}","templated":true}]}}