{"id":16205,"date":"2021-08-26T21:02:40","date_gmt":"2021-08-26T19:02:40","guid":{"rendered":"https:\/\/evertonfc.cz\/?p=16205"},"modified":"2021-08-27T09:52:14","modified_gmt":"2021-08-27T07:52:14","slug":"prichazi-hanna-bennison","status":"publish","type":"post","link":"https:\/\/evertonfc.cz\/index.php\/2021\/08\/26\/prichazi-hanna-bennison\/","title":{"rendered":"P\u0159ich\u00e1z\u00ed Hanna Bennison"},"content":{"rendered":"<h4>Everton je letos na p\u0159estupov\u00e9m trhu velmi aktivn\u00ed, tedy pokud jde o hr\u00e1\u010dky. Na Walton Hall Park p\u0159ivedl z\u00e1lo\u017enici Hannu Bennison.<\/h4>\n<p>Dev\u00e1tou p\u0159\u00edchoz\u00ed hr\u00e1\u010dkou leto\u0161n\u00edho p\u0159estupov\u00e9ho obdob\u00ed\u00a0 je 18 let\u00e1 \u0160v\u00e9dka Hanna Ulrika Bennison. Hanna poch\u00e1z\u00ed z m\u011bste\u010dka Lomma na pob\u0159e\u017e\u00ed \u0161v\u00e9dsk\u00e9 provincie Sk\u00e5ne. Letos obdr\u017eela cenu \u00a0Goal NXGN Award ur\u010denou pro nejlep\u0161\u00ed mladou hr\u00e1\u010dku na sv\u011bt\u011b. Obecn\u011b je pova\u017eov\u00e1na za jeden z nejv\u011bt\u0161\u00edch sou\u010dasn\u00fdch mlad\u00fdch talent\u016f \u017eensk\u00e9ho fotbalu.\u00a0 Podle \u00fadaj\u016f CMG (Connect Management Group) za posledn\u00ed dva roky m\u011bla celkem 20 r\u016fzn\u00fdch nab\u00eddek k p\u0159estupu, mimo jin\u00e9 z Bayernu, Manchesetr City a z Lyonu. Velk\u00e9mu z\u00e1jmu o hr\u00e1\u010dku odpov\u00edd\u00e1 i cena, za kterou j\u00ed\u00a0 Everton z\u00edskal &#8211; dle \u0161v\u00e9dsk\u00e9ho ve\u010dern\u00edku Aftonbladet se pohybuje mezi 1,3 a 2,5 milionu \u0161v\u00e9dsk\u00fdch korun, tedy m\u016f\u017ee j\u00edt a\u017e o 250 000 euro. Z\u00e1jem velk\u00fdch klub\u016f ale nen\u00ed v\u0161e.\u00a0 Lisa Ek z CMG uvedla, \u017ee pro Bennison hledali ne velk\u00fd klub, ale klub s ambicemi a potenci\u00e1lem k r\u016fstu, spole\u010dn\u011b se kter\u00fdm by mohla r\u016fst i Hanna. Everton jim padl do oka pro dlouhodobou perspektivu, v\u00fdkonnostn\u00ed vzestup,\u00a0 ekonomickou s\u00edlu a tak\u00e9\u00a0 &#8222;pro dobrou kulturu v \u0161atn\u011b.&#8220;<\/p>\n<p>Hanna od 15 let hr\u00e1la za FC Roseng\u00e5rd, odkud u\u017e letos do Evertonu p\u0159i\u0161ly dv\u011b jej\u00ed kolegyn\u011b (Anna Anveg\u00e5rd a Nathalie Bj\u00f6rn). S Roseng\u00e5rd ochutnala radost z v\u00edt\u011bzstv\u00ed ve \u0161v\u00e9dsk\u00e9 lize a dostala se s n\u00edm i do \u010dtvrtfin\u00e1le Champions League. Za seniorskou reprezentaci\u00a0 hraje od roku 2019 a byla \u010dlenkou sestavy, kter\u00e1 na leto\u0161n\u00ed Olympi\u00e1d\u011b z\u00edskala st\u0159\u00edbro.<\/p>\n<p>S Evertonem podepsala Hanna smlouvu na 4 roky. Doufejme, \u017ee\u00a0 v jejich pr\u016fb\u011bhu se j\u00ed vypln\u00ed v\u011bt\u0161ina toho, co od sv\u00e9ho p\u0159estupu o\u010dek\u00e1vala a tot\u00e9\u017e p\u0159ejeme i klubu. V ka\u017ed\u00e9m p\u0159\u00edpad\u011b jde p\u0159ed sez\u00f3nou o dobrou zpr\u00e1vu a tak\u00e9 o velk\u00e9 o\u010dek\u00e1v\u00e1n\u00ed. V\u00e4lkommen och lycka till, Hanna!<\/p>\n<p style=\"text-align: right;\"><span style=\"font-size: 8pt;\"><em>zdroje: wikipedia.se, aftonbladet.sef<br \/>\n<\/em><em>oto: skanesport.se<\/em><\/span><\/p>\n","protected":false},"excerpt":{"rendered":"<p>Everton je letos na p\u0159estupov\u00e9m trhu velmi aktivn\u00ed, tedy pokud jde o hr\u00e1\u010dky. Na Walton Hall Park p\u0159ivedl z\u00e1lo\u017enici Hannu Bennison.<\/p>\n","protected":false},"author":26,"featured_media":16214,"comment_status":"open","ping_status":"closed","sticky":false,"template":"","format":"standard","meta":{"_eb_attr":"","_monsterinsights_skip_tracking":false,"_monsterinsights_sitenote_active":false,"_monsterinsights_sitenote_note":"","_monsterinsights_sitenote_category":0,"footnotes":""},"categories":[110],"tags":[],"yoast_head":"<!-- This site is optimized with the Yoast SEO plugin v23.4 - https:\/\/yoast.com\/wordpress\/plugins\/seo\/ -->\n<title>P\u0159ich\u00e1z\u00ed Hanna Bennison - Official Czech &amp; Slovak Everton Supporters&#039; Club<\/title>\n<meta name=\"robots\" content=\"index, follow, max-snippet:-1, max-image-preview:large, max-video-preview:-1\" \/>\n<link rel=\"canonical\" href=\"https:\/\/evertonfc.cz\/index.php\/2021\/08\/26\/prichazi-hanna-bennison\/\" \/>\n<meta property=\"og:locale\" content=\"cs_CZ\" \/>\n<meta property=\"og:type\" content=\"article\" \/>\n<meta property=\"og:title\" content=\"P\u0159ich\u00e1z\u00ed Hanna Bennison - Official Czech &amp; Slovak Everton Supporters&#039; Club\" \/>\n<meta property=\"og:description\" content=\"Everton je letos na p\u0159estupov\u00e9m trhu velmi aktivn\u00ed, tedy pokud jde o hr\u00e1\u010dky. Na Walton Hall Park p\u0159ivedl z\u00e1lo\u017enici Hannu Bennison.\" \/>\n<meta property=\"og:url\" content=\"https:\/\/evertonfc.cz\/index.php\/2021\/08\/26\/prichazi-hanna-bennison\/\" \/>\n<meta property=\"og:site_name\" content=\"Official Czech &amp; Slovak Everton Supporters&#039; Club\" \/>\n<meta property=\"article:publisher\" content=\"https:\/\/www.facebook.com\/everton.fans.cz.sk\" \/>\n<meta property=\"article:published_time\" content=\"2021-08-26T19:02:40+00:00\" \/>\n<meta property=\"article:modified_time\" content=\"2021-08-27T07:52:14+00:00\" \/>\n<meta property=\"og:image\" content=\"https:\/\/evertonfc.cz\/wp-content\/uploads\/2021\/08\/Hanna-Bennison-web-26_05_21.jpg\" \/>\n\t<meta property=\"og:image:width\" content=\"720\" \/>\n\t<meta property=\"og:image:height\" content=\"405\" \/>\n\t<meta property=\"og:image:type\" content=\"image\/jpeg\" \/>\n<meta name=\"author\" content=\"Karamela\" \/>\n<meta name=\"twitter:card\" content=\"summary_large_image\" \/>\n<meta name=\"twitter:label1\" content=\"Napsal(a)\" \/>\n\t<meta name=\"twitter:data1\" content=\"Karamela\" \/>\n\t<meta name=\"twitter:label2\" content=\"Odhadovan\u00e1 doba \u010dten\u00ed\" \/>\n\t<meta name=\"twitter:data2\" content=\"2 minuty\" \/>\n<script type=\"application\/ld+json\" class=\"yoast-schema-graph\">{\"@context\":\"https:\/\/schema.org\",\"@graph\":[{\"@type\":\"Article\",\"@id\":\"https:\/\/evertonfc.cz\/index.php\/2021\/08\/26\/prichazi-hanna-bennison\/#article\",\"isPartOf\":{\"@id\":\"https:\/\/evertonfc.cz\/index.php\/2021\/08\/26\/prichazi-hanna-bennison\/\"},\"author\":{\"name\":\"Karamela\",\"@id\":\"https:\/\/evertonfc.cz\/#\/schema\/person\/e9a24a80a32efa1344dd2c4e5882185c\"},\"headline\":\"P\u0159ich\u00e1z\u00ed Hanna Bennison\",\"datePublished\":\"2021-08-26T19:02:40+00:00\",\"dateModified\":\"2021-08-27T07:52:14+00:00\",\"mainEntityOfPage\":{\"@id\":\"https:\/\/evertonfc.cz\/index.php\/2021\/08\/26\/prichazi-hanna-bennison\/\"},\"wordCount\":386,\"commentCount\":0,\"publisher\":{\"@id\":\"https:\/\/evertonfc.cz\/#organization\"},\"image\":{\"@id\":\"https:\/\/evertonfc.cz\/index.php\/2021\/08\/26\/prichazi-hanna-bennison\/#primaryimage\"},\"thumbnailUrl\":\"https:\/\/evertonfc.cz\/wp-content\/uploads\/2021\/08\/Hanna-Bennison-web-26_05_21.jpg\",\"articleSection\":[\"Everton Women\"],\"inLanguage\":\"cs\",\"potentialAction\":[{\"@type\":\"CommentAction\",\"name\":\"Comment\",\"target\":[\"https:\/\/evertonfc.cz\/index.php\/2021\/08\/26\/prichazi-hanna-bennison\/#respond\"]}]},{\"@type\":\"WebPage\",\"@id\":\"https:\/\/evertonfc.cz\/index.php\/2021\/08\/26\/prichazi-hanna-bennison\/\",\"url\":\"https:\/\/evertonfc.cz\/index.php\/2021\/08\/26\/prichazi-hanna-bennison\/\",\"name\":\"P\u0159ich\u00e1z\u00ed Hanna Bennison - Official Czech &amp; Slovak Everton Supporters&#039; Club\",\"isPartOf\":{\"@id\":\"https:\/\/evertonfc.cz\/#website\"},\"primaryImageOfPage\":{\"@id\":\"https:\/\/evertonfc.cz\/index.php\/2021\/08\/26\/prichazi-hanna-bennison\/#primaryimage\"},\"image\":{\"@id\":\"https:\/\/evertonfc.cz\/index.php\/2021\/08\/26\/prichazi-hanna-bennison\/#primaryimage\"},\"thumbnailUrl\":\"https:\/\/evertonfc.cz\/wp-content\/uploads\/2021\/08\/Hanna-Bennison-web-26_05_21.jpg\",\"datePublished\":\"2021-08-26T19:02:40+00:00\",\"dateModified\":\"2021-08-27T07:52:14+00:00\",\"breadcrumb\":{\"@id\":\"https:\/\/evertonfc.cz\/index.php\/2021\/08\/26\/prichazi-hanna-bennison\/#breadcrumb\"},\"inLanguage\":\"cs\",\"potentialAction\":[{\"@type\":\"ReadAction\",\"target\":[\"https:\/\/evertonfc.cz\/index.php\/2021\/08\/26\/prichazi-hanna-bennison\/\"]}]},{\"@type\":\"ImageObject\",\"inLanguage\":\"cs\",\"@id\":\"https:\/\/evertonfc.cz\/index.php\/2021\/08\/26\/prichazi-hanna-bennison\/#primaryimage\",\"url\":\"https:\/\/evertonfc.cz\/wp-content\/uploads\/2021\/08\/Hanna-Bennison-web-26_05_21.jpg\",\"contentUrl\":\"https:\/\/evertonfc.cz\/wp-content\/uploads\/2021\/08\/Hanna-Bennison-web-26_05_21.jpg\",\"width\":720,\"height\":405},{\"@type\":\"BreadcrumbList\",\"@id\":\"https:\/\/evertonfc.cz\/index.php\/2021\/08\/26\/prichazi-hanna-bennison\/#breadcrumb\",\"itemListElement\":[{\"@type\":\"ListItem\",\"position\":1,\"name\":\"Home\",\"item\":\"https:\/\/evertonfc.cz\/\"},{\"@type\":\"ListItem\",\"position\":2,\"name\":\"P\u0159ich\u00e1z\u00ed Hanna Bennison\"}]},{\"@type\":\"WebSite\",\"@id\":\"https:\/\/evertonfc.cz\/#website\",\"url\":\"https:\/\/evertonfc.cz\/\",\"name\":\"Official Czech &amp; Slovak Everton Supporters&#039; Club\",\"description\":\"\",\"publisher\":{\"@id\":\"https:\/\/evertonfc.cz\/#organization\"},\"potentialAction\":[{\"@type\":\"SearchAction\",\"target\":{\"@type\":\"EntryPoint\",\"urlTemplate\":\"https:\/\/evertonfc.cz\/?s={search_term_string}\"},\"query-input\":{\"@type\":\"PropertyValueSpecification\",\"valueRequired\":true,\"valueName\":\"search_term_string\"}}],\"inLanguage\":\"cs\"},{\"@type\":\"Organization\",\"@id\":\"https:\/\/evertonfc.cz\/#organization\",\"name\":\"Official Czech & Slovak Everton Supporters' Club\",\"url\":\"https:\/\/evertonfc.cz\/\",\"logo\":{\"@type\":\"ImageObject\",\"inLanguage\":\"cs\",\"@id\":\"https:\/\/evertonfc.cz\/#\/schema\/logo\/image\/\",\"url\":\"https:\/\/evertonfc.cz\/wp-content\/uploads\/2019\/05\/logo.png\",\"contentUrl\":\"https:\/\/evertonfc.cz\/wp-content\/uploads\/2019\/05\/logo.png\",\"width\":112,\"height\":112,\"caption\":\"Official Czech & Slovak Everton Supporters' Club\"},\"image\":{\"@id\":\"https:\/\/evertonfc.cz\/#\/schema\/logo\/image\/\"},\"sameAs\":[\"https:\/\/www.facebook.com\/everton.fans.cz.sk\"]},{\"@type\":\"Person\",\"@id\":\"https:\/\/evertonfc.cz\/#\/schema\/person\/e9a24a80a32efa1344dd2c4e5882185c\",\"name\":\"Karamela\",\"url\":\"https:\/\/evertonfc.cz\/index.php\/author\/karamela\/\"}]}<\/script>\n<!-- \/ Yoast SEO plugin. -->","yoast_head_json":{"title":"P\u0159ich\u00e1z\u00ed Hanna Bennison - Official Czech &amp; Slovak Everton Supporters&#039; Club","robots":{"index":"index","follow":"follow","max-snippet":"max-snippet:-1","max-image-preview":"max-image-preview:large","max-video-preview":"max-video-preview:-1"},"canonical":"https:\/\/evertonfc.cz\/index.php\/2021\/08\/26\/prichazi-hanna-bennison\/","og_locale":"cs_CZ","og_type":"article","og_title":"P\u0159ich\u00e1z\u00ed Hanna Bennison - Official Czech &amp; Slovak Everton Supporters&#039; Club","og_description":"Everton je letos na p\u0159estupov\u00e9m trhu velmi aktivn\u00ed, tedy pokud jde o hr\u00e1\u010dky. Na Walton Hall Park p\u0159ivedl z\u00e1lo\u017enici Hannu Bennison.","og_url":"https:\/\/evertonfc.cz\/index.php\/2021\/08\/26\/prichazi-hanna-bennison\/","og_site_name":"Official Czech &amp; Slovak Everton Supporters&#039; Club","article_publisher":"https:\/\/www.facebook.com\/everton.fans.cz.sk","article_published_time":"2021-08-26T19:02:40+00:00","article_modified_time":"2021-08-27T07:52:14+00:00","og_image":[{"width":720,"height":405,"url":"https:\/\/evertonfc.cz\/wp-content\/uploads\/2021\/08\/Hanna-Bennison-web-26_05_21.jpg","type":"image\/jpeg"}],"author":"Karamela","twitter_card":"summary_large_image","twitter_misc":{"Napsal(a)":"Karamela","Odhadovan\u00e1 doba \u010dten\u00ed":"2 minuty"},"schema":{"@context":"https:\/\/schema.org","@graph":[{"@type":"Article","@id":"https:\/\/evertonfc.cz\/index.php\/2021\/08\/26\/prichazi-hanna-bennison\/#article","isPartOf":{"@id":"https:\/\/evertonfc.cz\/index.php\/2021\/08\/26\/prichazi-hanna-bennison\/"},"author":{"name":"Karamela","@id":"https:\/\/evertonfc.cz\/#\/schema\/person\/e9a24a80a32efa1344dd2c4e5882185c"},"headline":"P\u0159ich\u00e1z\u00ed Hanna Bennison","datePublished":"2021-08-26T19:02:40+00:00","dateModified":"2021-08-27T07:52:14+00:00","mainEntityOfPage":{"@id":"https:\/\/evertonfc.cz\/index.php\/2021\/08\/26\/prichazi-hanna-bennison\/"},"wordCount":386,"commentCount":0,"publisher":{"@id":"https:\/\/evertonfc.cz\/#organization"},"image":{"@id":"https:\/\/evertonfc.cz\/index.php\/2021\/08\/26\/prichazi-hanna-bennison\/#primaryimage"},"thumbnailUrl":"https:\/\/evertonfc.cz\/wp-content\/uploads\/2021\/08\/Hanna-Bennison-web-26_05_21.jpg","articleSection":["Everton Women"],"inLanguage":"cs","potentialAction":[{"@type":"CommentAction","name":"Comment","target":["https:\/\/evertonfc.cz\/index.php\/2021\/08\/26\/prichazi-hanna-bennison\/#respond"]}]},{"@type":"WebPage","@id":"https:\/\/evertonfc.cz\/index.php\/2021\/08\/26\/prichazi-hanna-bennison\/","url":"https:\/\/evertonfc.cz\/index.php\/2021\/08\/26\/prichazi-hanna-bennison\/","name":"P\u0159ich\u00e1z\u00ed Hanna Bennison - Official Czech &amp; Slovak Everton Supporters&#039; Club","isPartOf":{"@id":"https:\/\/evertonfc.cz\/#website"},"primaryImageOfPage":{"@id":"https:\/\/evertonfc.cz\/index.php\/2021\/08\/26\/prichazi-hanna-bennison\/#primaryimage"},"image":{"@id":"https:\/\/evertonfc.cz\/index.php\/2021\/08\/26\/prichazi-hanna-bennison\/#primaryimage"},"thumbnailUrl":"https:\/\/evertonfc.cz\/wp-content\/uploads\/2021\/08\/Hanna-Bennison-web-26_05_21.jpg","datePublished":"2021-08-26T19:02:40+00:00","dateModified":"2021-08-27T07:52:14+00:00","breadcrumb":{"@id":"https:\/\/evertonfc.cz\/index.php\/2021\/08\/26\/prichazi-hanna-bennison\/#breadcrumb"},"inLanguage":"cs","potentialAction":[{"@type":"ReadAction","target":["https:\/\/evertonfc.cz\/index.php\/2021\/08\/26\/prichazi-hanna-bennison\/"]}]},{"@type":"ImageObject","inLanguage":"cs","@id":"https:\/\/evertonfc.cz\/index.php\/2021\/08\/26\/prichazi-hanna-bennison\/#primaryimage","url":"https:\/\/evertonfc.cz\/wp-content\/uploads\/2021\/08\/Hanna-Bennison-web-26_05_21.jpg","contentUrl":"https:\/\/evertonfc.cz\/wp-content\/uploads\/2021\/08\/Hanna-Bennison-web-26_05_21.jpg","width":720,"height":405},{"@type":"BreadcrumbList","@id":"https:\/\/evertonfc.cz\/index.php\/2021\/08\/26\/prichazi-hanna-bennison\/#breadcrumb","itemListElement":[{"@type":"ListItem","position":1,"name":"Home","item":"https:\/\/evertonfc.cz\/"},{"@type":"ListItem","position":2,"name":"P\u0159ich\u00e1z\u00ed Hanna Bennison"}]},{"@type":"WebSite","@id":"https:\/\/evertonfc.cz\/#website","url":"https:\/\/evertonfc.cz\/","name":"Official Czech &amp; Slovak Everton Supporters&#039; Club","description":"","publisher":{"@id":"https:\/\/evertonfc.cz\/#organization"},"potentialAction":[{"@type":"SearchAction","target":{"@type":"EntryPoint","urlTemplate":"https:\/\/evertonfc.cz\/?s={search_term_string}"},"query-input":{"@type":"PropertyValueSpecification","valueRequired":true,"valueName":"search_term_string"}}],"inLanguage":"cs"},{"@type":"Organization","@id":"https:\/\/evertonfc.cz\/#organization","name":"Official Czech & Slovak Everton Supporters' Club","url":"https:\/\/evertonfc.cz\/","logo":{"@type":"ImageObject","inLanguage":"cs","@id":"https:\/\/evertonfc.cz\/#\/schema\/logo\/image\/","url":"https:\/\/evertonfc.cz\/wp-content\/uploads\/2019\/05\/logo.png","contentUrl":"https:\/\/evertonfc.cz\/wp-content\/uploads\/2019\/05\/logo.png","width":112,"height":112,"caption":"Official Czech & Slovak Everton Supporters' Club"},"image":{"@id":"https:\/\/evertonfc.cz\/#\/schema\/logo\/image\/"},"sameAs":["https:\/\/www.facebook.com\/everton.fans.cz.sk"]},{"@type":"Person","@id":"https:\/\/evertonfc.cz\/#\/schema\/person\/e9a24a80a32efa1344dd2c4e5882185c","name":"Karamela","url":"https:\/\/evertonfc.cz\/index.php\/author\/karamela\/"}]}},"_links":{"self":[{"href":"https:\/\/evertonfc.cz\/index.php\/wp-json\/wp\/v2\/posts\/16205"}],"collection":[{"href":"https:\/\/evertonfc.cz\/index.php\/wp-json\/wp\/v2\/posts"}],"about":[{"href":"https:\/\/evertonfc.cz\/index.php\/wp-json\/wp\/v2\/types\/post"}],"author":[{"embeddable":true,"href":"https:\/\/evertonfc.cz\/index.php\/wp-json\/wp\/v2\/users\/26"}],"replies":[{"embeddable":true,"href":"https:\/\/evertonfc.cz\/index.php\/wp-json\/wp\/v2\/comments?post=16205"}],"version-history":[{"count":8,"href":"https:\/\/evertonfc.cz\/index.php\/wp-json\/wp\/v2\/posts\/16205\/revisions"}],"predecessor-version":[{"id":16218,"href":"https:\/\/evertonfc.cz\/index.php\/wp-json\/wp\/v2\/posts\/16205\/revisions\/16218"}],"wp:featuredmedia":[{"embeddable":true,"href":"https:\/\/evertonfc.cz\/index.php\/wp-json\/wp\/v2\/media\/16214"}],"wp:attachment":[{"href":"https:\/\/evertonfc.cz\/index.php\/wp-json\/wp\/v2\/media?parent=16205"}],"wp:term":[{"taxonomy":"category","embeddable":true,"href":"https:\/\/evertonfc.cz\/index.php\/wp-json\/wp\/v2\/categories?post=16205"},{"taxonomy":"post_tag","embeddable":true,"href":"https:\/\/evertonfc.cz\/index.php\/wp-json\/wp\/v2\/tags?post=16205"}],"curies":[{"name":"wp","href":"https:\/\/api.w.org\/{rel}","templated":true}]}}