{"id":16294,"date":"2021-08-31T14:32:04","date_gmt":"2021-08-31T12:32:04","guid":{"rendered":"https:\/\/evertonfc.cz\/?p=16294"},"modified":"2021-08-31T14:32:35","modified_gmt":"2021-08-31T12:32:35","slug":"kean-sa-vracia-do-juventusu","status":"publish","type":"post","link":"https:\/\/evertonfc.cz\/index.php\/2021\/08\/31\/kean-sa-vracia-do-juventusu\/","title":{"rendered":"Kean sa vracia do Juventusu"},"content":{"rendered":"<h4>Mlad\u00fd taliansky \u00fato\u010dn\u00edk sa po dvoch rokoch vracia do vlasti. Na Merseyside sa nikdy neusadil, sprev\u00e1dzali ho disciplin\u00e1rne probl\u00e9my a v\u00fdkonnostne neoh\u00faril.<\/h4>\n<p>A to na ve\u013ek\u00e9 sklamanie fan\u00fa\u0161ikov, ktor\u00ed si od jeho pr\u00edchodu v lete 2019 s\u013eubovali naozaj ve\u013ea. A hoci posila vtedaj\u0161ieho re\u017eimu Marca Silvu prich\u00e1dzala hlavne s pr\u00eds\u013eubom do bud\u00facna, nebol to \u017eiadny svetu nezn\u00e1my talent. Najmlad\u0161\u00ed strelec g\u00f3lu v s\u00fa\u0165a\u017en\u00fdch z\u00e1pasoch mu\u017eskej reprezent\u00e1cie Talianska si svoje miesto vydobyl v A t\u00edme repetit\u00edvneho majstra Serie A, tur\u00ednskeho Juventusu.<\/p>\n<p>Po hos\u0165ovan\u00ed vo Verone a\u00a0\u00faspe\u0161nej druhej sez\u00f3ne za Bianconeri pri\u0161lo v\u00a0naj\u00faspe\u0161nej\u0161om klube apeninsk\u00e9ho polostrova k\u00a0v\u00fdmene tr\u00e9nera. Narozdiel od vedenia Allegriho nedost\u00e1val Kean to\u013eko d\u00f4very od nov\u00e9ho mana\u017e\u00e9ra Maurizia Sarriho. Spolu s\u00a0\u0165a\u017ekou konkurenciou Ronalda sa preto rozhodol od\u00eds\u0165 a\u00a0rozv\u00edja\u0165 svoj nespochybnite\u013en\u00fd talent inde. Vo\u013eba padla na \u201ev\u017edy ambici\u00f3zny\u201c Everton.<\/p>\n<p><a href=\"https:\/\/evertonfc.cz\/index.php\/2019\/08\/04\/skvela-posila-do-utoku-talent-kean\/\" target=\"_blank\" rel=\"noopener\">Hr\u00e1\u010d prest\u00fapil do Goodison Parku<\/a> za 25,2 mili\u00f3na libier, so splatnos\u0165ou troch rokov a mo\u017en\u00fdmi bonusmi v hodnote \u010fal\u0161\u00edch dvoch mili\u00f3nov. Idea bola posilni\u0165 konkurenciu na hrote \u00fatoku, ktor\u00e1 sa v tom \u010dase spoliehala na Calverta-Lewina, \u010di Richarlisona, ktor\u00fd ale nastupoval v\u00e4\u010d\u0161inou na kraji ihriska. V k\u00e1dri bol aj Cenk Tosun, ako je tomu aj doteraz, a jeho pr\u00ednos sa \u017eia\u013ebohu nezmenil.<\/p>\n<h4><strong>Nedostatok \u0161anc\u00ed v\u00a0novom klube<\/strong><\/h4>\n<p>Vtedy st\u00e1le dev\u00e4tn\u00e1s\u0165ro\u010dn\u00fd Moise musel po\u010d\u00edta\u0165 s t\u00fdm, \u017ee inak ako z lavi\u010dky nebude m\u00f4c\u0165 za\u010da\u0165, aj ke\u010f adapt\u00e1cia na nov\u00fa ligu bola viac-menej bez probl\u00e9mov\u00e1, nako\u013eko jeho fyzick\u00fd fond nemal medzi rovesn\u00edkmi konkurenciu. Minut\u00e1\u017e sa v\u0161ak postupom \u010dasu nenavy\u0161ovala. Pr\u00e1ve naopak. Silva \u010delil kv\u00f4li nepriazniv\u00fdm v\u00fdsledkom obav\u00e1m o svoje miesto, a tak \u010das a priestor na trpezliv\u00e9 rozv\u00edjanie talentov nebol.<\/p>\n<p>A\u00a0samotn\u00fd Kean si to tie\u017e neu\u013eah\u010dil svojou nedochv\u00ed\u013enos\u0165ou. V\u00a0novembrovom z\u00e1pase proti Southhamptonu bol dokonca <a href=\"https:\/\/evertonfc.cz\/index.php\/news\/nedochvilny-kean-se-kaje\/\" target=\"_blank\" rel=\"noopener\">vynechan\u00fd zo zostavy pre viacn\u00e1sobn\u00e9 me\u0161kanie na tr\u00e9ning<\/a>. Onedlho na to u\u017e Silva nebol tr\u00e9nerom Evertonu a\u00a0tak sa Kean mohol te\u0161i\u0165 na spolupr\u00e1cu s\u00a0krajanom Ancelottim.<\/p>\n<p>Len\u017ee aj napriek vyjadreniam svetozn\u00e1meho kou\u010da sa situ\u00e1cia pre talentovan\u00e9ho \u00fato\u010dn\u00edka nezmenila. Ancelotti hral pragmaticky, nah\u00e1\u0148al v\u00fdsledky, a Kean nastupoval v\u017edy len na p\u00e1r min\u00fat. Celkovo si tak v 33 z\u00e1pasoch (\u010di\u017ee 1024 min\u00fat na ihrisku) vo v\u0161etk\u00fdch s\u00fa\u0165a\u017eiach prip\u00edsal len dva g\u00f3ly a dve asistencie. Av\u0161ak ani on s\u00e1m sa nepolep\u0161il v discipl\u00edne, ke\u010f ho po\u010das britsk\u00e9ho celon\u00e1rodn\u00e9ho lockdownu odhalil bulv\u00e1r, ako <a href=\"https:\/\/evertonfc.cz\/index.php\/2020\/04\/26\/kean-porusil-povinnu-izolaciu\/\" target=\"_blank\" rel=\"noopener\">usporad\u00fava s\u00fakromn\u00fa p\u00e1rty<\/a> s priate\u013emi a pochybn\u00fdm \u017eensk\u00fdm osadenstvom.<\/p>\n<h4><strong>Hos\u0165ovanie v\u00a0PSG<\/strong><\/h4>\n<p>V\u00a0onej posunutej Covid sez\u00f3ne sa klub rozhodol, \u017ee umo\u017en\u00ed Keanovi od\u00eds\u0165 na hos\u0165ovanie, a\u00a0to nie hocijak\u00e9. Vyhliadol si ho vychyten\u00fd par\u00ed\u017esky megaprojekt, zn\u00e1my bezbo\u017en\u00fdm utr\u00e1can\u00edm za superhviezdy. Moise tak mal mo\u017enos\u0165 hr\u00e1va\u0165 po boku Mbapp\u00e9ho, Neymara a\u00a0\u010fal\u0161\u00edch. A urobil len dobre pre seba.<\/p>\n<p>Vo franc\u00fazskej metropole sa mu minut\u00e1\u017e zdvojn\u00e1sobila. Nastrie\u013eal spolu 17 g\u00f3lov, z toho tri v Lige majstrov. Viedol ho Tuchel aj Pochettino, pod ktor\u00fdmi v\u00e4\u010d\u0161inou hr\u00e1val na hrotovej poz\u00edcii. Fan\u00fa\u0161ikovia PSG sa netaja t\u00fdm, \u017ee prakticky odsunul 50 mili\u00f3nov\u00fa posilu Icardiho na lavi\u010dku.<\/p>\n<p>A\u00a0tamoj\u0161\u00ed katarsk\u00ed \u0161ejkovia sa tie\u017e nebr\u00e1nili mo\u017enosti, \u017ee by Kean v Parc des Princes zotrval. Len\u017ee Everton nemienil akceptova\u0165 \u010fal\u0161ieho hos\u0165ovanie, ke\u010f PSG hotovos\u0165 nepon\u00fakalo. Navy\u0161e, po pr\u00edchode Messiho do Par\u00ed\u017ea bolo zrejm\u00e9, \u017ee z\u00a0Keana by sa stalo op\u00e4\u0165 piate koleso na voze.<\/p>\n<h4><strong>Nespokojn\u00fd hr\u00e1\u010d, finan\u010dn\u00e9 pravidl\u00e1 a\u00a0n\u00e1vrat do Juventusu<\/strong><\/h4>\n<p>Kean sa netajil t\u00fdm, \u017ee by r\u00e1d v PSG pokra\u010doval. Napokon, vz\u0165ah s Evertonom nikdy neprekro\u010dil ist\u00e9 form\u00e1lne hranice. Fan\u00fa\u0161ikov Evertonu si ur\u010dite cenil, najm\u00e4 po verejnej podpore transparentom proti rasizmu, ktor\u00e9mu v talianskej lige \u010delil. No v z\u00e1kulis\u00ed musel vyjadri\u0165 svoju t\u00fa\u017ebu od\u00eds\u0165.<\/p>\n<p>Svoje rozhodnutie prest\u00fapi\u0165 na Merseyside ur\u010dite o\u013eutoval e\u0161te po\u010das z\u00e1pasu do\u010dasn\u00e9ho re\u017eimu Duncana Fergusona. Pri rem\u00edze 1:1 na Old Trafford bol toti\u017e po osemn\u00e1stich min\u00fatach vystriedan\u00fd, a to aj napriek tomu, \u017ee do z\u00e1pasu u\u017e s\u00e1m zasiahol ako striedaj\u00faci hr\u00e1\u010d. Prv\u00fd zlomov\u00fd moment kari\u00e9ry v Evertone?<\/p>\n<p>Toto leto u\u017e bolo jasn\u00e9, \u017ee ak pr\u00edde vhodn\u00e1 pr\u00edle\u017eitos\u0165, Moise opust\u00ed Merseyside natrvalo. Ben\u00edtez jasne povedal, \u017ee klub mus\u00ed fungova\u0165 na hranici finan\u010dn\u00fdch pravidiel, tak\u017ee ak m\u00e1 niekto pr\u00eds\u0165, vyv\u00e1\u017eenie in\u00fdm odchodom je nutn\u00e9. A\u00a0po odchode Cristiana Ronalda z\u00a0Juventusu do Manchesteru United sa uvo\u013enilo na Juventus Stadium miesto pre straten\u00e9ho syna. Mana\u017e\u00e9r? Massimiliano Allegri.<\/p>\n<h4><strong>Podmienky prestupu<\/strong><\/h4>\n<p>Taliansky gigant vlastnen\u00fd rodinou Agnelliovcov je zn\u00e1my t\u00fdm, \u017ee v\u010faka svojej akcion\u00e1rskej \u0161trukt\u00fare mus\u00ed povinne zverej\u0148ova\u0165 detaily prestupov. V tomto pr\u00edpade sa Moise Kean s\u0165ahuje do Juventusu na dvojro\u010dn\u00e9 hos\u0165ovanie za poplatok 6 mili\u00f3nov libier. Z toho \u00a32,5 mili\u00f3na za aktu\u00e1lnu sez\u00f3nu 2021\/22 a \u00a33,5 mili\u00f3na za nasleduj\u00faci ro\u010dn\u00edk 2022\/23. Za predpokladu splnenia ur\u010dit\u00fdch \u0161portov\u00fdch cie\u013eov do konca sez\u00f3ny 2022\/2023 (\u0161u\u0161k\u00e1 sa o kvalifik\u00e1cii do Ligy majstrov) je Juventus povinn\u00fd definit\u00edvne odk\u00fapi\u0165 hr\u00e1\u010da za 24 mili\u00f3nov libier.<\/p>\n<p>T\u00e1to \u010diastka za prestup je splatn\u00e1 do troch rokov. Zmluva navy\u0161e obsahuje kumulat\u00edvne bonusy na z\u00e1klade \u0161portov\u00fdch v\u00fdkonov, ktor\u00e9 m\u00f4\u017eu dosiahnu\u0165 v\u00fd\u0161ku \u00a32,5 mili\u00f3na. Tak\u017ee pri pozit\u00edvnych vyhliadkach sa celkov\u00e1 \u010diastka zinkasovan\u00e1 Evertonom m\u00f4\u017ee dosta\u0165 na hranicu 32,5 mili\u00f3na libier, \u010do je p\u00e4\u0165 mili\u00f3nov viac, ako mohli The Toffees za Keana Juventusu zaplati\u0165 aj s bonusmi. Brav\u00f3 Marcel, zbohom Moise!<\/p>\n<p style=\"text-align: right;\"><span style=\"font-size: 8pt;\">(fotozdroj: juventus.com)<\/span><\/p>\n<h4>Moise Kean (transfermarkt.com):<\/h4>\n<table class=\"items table\" style=\"width: 100.134%;\">\n<thead>\n<tr>\n<td id=\"yw1_c0\" style=\"width: 36.8%; text-align: center; border-style: ridge;\" colspan=\"2\">Klub<\/td>\n<td id=\"yw1_c2\" class=\"zentriert\" style=\"width: 7.2%; text-align: center; border-style: ridge;\"><span class=\"icons_sprite icon-einsaetze-table-header\" title=\"Appearances\">Z<\/span><\/td>\n<td id=\"yw1_c3\" class=\"zentriert\" style=\"width: 7.06667%; text-align: center; border-style: ridge;\"><span class=\"icons_sprite icon-tor-table-header\" title=\"Goals\">G\u00a0<\/span><\/td>\n<td id=\"yw1_c4\" class=\"zentriert\" style=\"width: 7.2%; text-align: center; border-style: ridge;\"><span class=\"icons_sprite icon-vorlage-table-header\" title=\"Assists\">A\u00a0<\/span><\/td>\n<td id=\"yw1_c5\" class=\"zentriert\" style=\"width: 8.26667%; text-align: center; border-style: ridge;\"><span class=\"icons_sprite icon-gelbekarte-table-header\" title=\"Yellow cards\">\u00a0\u017dK<\/span><\/td>\n<td id=\"yw1_c6\" class=\"zentriert\" style=\"width: 7.6%; text-align: center; border-style: ridge;\">\u010cK<\/td>\n<td id=\"yw1_c7\" class=\"zentriert\" style=\"width: 12.9333%; text-align: center; border-style: ridge;\"><span class=\"icons_sprite icon-rotekarte-table-header\" title=\"Red cards\">\u00a0min.<\/span><\/td>\n<\/tr>\n<\/thead>\n<tfoot>\n<tr>\n<td class=\"rechts\" style=\"width: 36.8%; text-align: center; border-style: ridge;\" colspan=\"2\"><strong>Celkovo :<\/strong><\/td>\n<td class=\"zentriert\" style=\"width: 7.2%; text-align: center; border-style: ridge;\"><strong>122<\/strong><\/td>\n<td class=\"zentriert\" style=\"width: 7.06667%; text-align: center; border-style: ridge;\"><strong>33<\/strong><\/td>\n<td class=\"zentriert\" style=\"width: 7.2%; text-align: center; border-style: ridge;\"><strong>3<\/strong><\/td>\n<td class=\"zentriert\" style=\"width: 8.26667%; text-align: center; border-style: ridge;\"><strong>13<\/strong><\/td>\n<td class=\"zentriert\" style=\"width: 7.6%; text-align: center; border-style: ridge;\"><strong>1<\/strong><\/td>\n<td class=\"zentriert\" style=\"width: 12.9333%; text-align: center; border-style: ridge;\"><strong>5.460\u2032<\/strong><\/td>\n<\/tr>\n<\/tfoot>\n<tbody>\n<tr class=\"odd\">\n<td class=\"hauptlink no-border-rechts zentriert\" style=\"width: 5.46685%; text-align: center; border-style: ridge;\"><a id=\"583\" class=\"vereinprofil_tooltip tooltipstered\" href=\"https:\/\/www.transfermarkt.com\/fc-paris-saint-germain\/startseite\/verein\/583\"><img decoding=\"async\" class=\"tiny_wappen\" title=\"\u00a0\" src=\"https:\/\/tmssl.akamaized.net\/images\/wappen\/tiny\/583.png?lm=1522312728\" alt=\"Paris Saint-Germain\" \/><\/a><\/td>\n<td class=\"hauptlink no-border-links\" style=\"width: 31.3331%; border-style: ridge;\"><strong>Paris Saint-Germain<\/strong><\/td>\n<td class=\"zentriert\" style=\"width: 7.2%; text-align: center; border-style: ridge;\"><strong><a title=\"Moise Kean\" href=\"https:\/\/www.transfermarkt.com\/moise-kean\/leistungsdatendetails\/spieler\/364135\/verein\/583\">41<\/a><\/strong><\/td>\n<td class=\"zentriert\" style=\"width: 7.06667%; text-align: center; border-style: ridge;\">17<\/td>\n<td class=\"zentriert\" style=\"width: 7.2%; text-align: center; border-style: ridge;\">1<\/td>\n<td class=\"zentriert\" style=\"width: 8.26667%; text-align: center; border-style: ridge;\">5<\/td>\n<td class=\"zentriert\" style=\"width: 7.6%; text-align: center; border-style: ridge;\">&#8211;<\/td>\n<td class=\"zentriert\" style=\"width: 12.9333%; text-align: center; border-style: ridge;\">2.355&#8242;<\/td>\n<\/tr>\n<tr class=\"even\">\n<td class=\"hauptlink no-border-rechts zentriert\" style=\"width: 5.46685%; text-align: center; border-style: ridge;\"><a id=\"29\" class=\"vereinprofil_tooltip tooltipstered\" href=\"https:\/\/www.transfermarkt.com\/fc-everton\/startseite\/verein\/29\"><img decoding=\"async\" class=\"tiny_wappen\" title=\"\u00a0\" src=\"https:\/\/tmssl.akamaized.net\/images\/wappen\/tiny\/29.png?lm=1445949846\" alt=\"Everton FC\" \/><\/a><\/td>\n<td class=\"hauptlink no-border-links\" style=\"width: 31.3331%; border-style: ridge;\"><strong>Everton FC<\/strong><\/td>\n<td class=\"zentriert\" style=\"width: 7.2%; text-align: center; border-style: ridge;\"><strong><a title=\"Moise Kean\" href=\"https:\/\/www.transfermarkt.com\/moise-kean\/leistungsdatendetails\/spieler\/364135\/verein\/29\">39<\/a><\/strong><\/td>\n<td class=\"zentriert\" style=\"width: 7.06667%; text-align: center; border-style: ridge;\">4<\/td>\n<td class=\"zentriert\" style=\"width: 7.2%; text-align: center; border-style: ridge;\">2<\/td>\n<td class=\"zentriert\" style=\"width: 8.26667%; text-align: center; border-style: ridge;\">1<\/td>\n<td class=\"zentriert\" style=\"width: 7.6%; text-align: center; border-style: ridge;\">1<\/td>\n<td class=\"zentriert\" style=\"width: 12.9333%; text-align: center; border-style: ridge;\">1.200&#8242;<\/td>\n<\/tr>\n<tr class=\"even\">\n<td class=\"hauptlink no-border-rechts zentriert\" style=\"width: 5.46685%; text-align: center; border-style: ridge;\"><a id=\"506\" class=\"vereinprofil_tooltip tooltipstered\" href=\"https:\/\/www.transfermarkt.com\/juventus-turin\/startseite\/verein\/506\"><img decoding=\"async\" class=\"tiny_wappen\" title=\"\u00a0\" src=\"https:\/\/tmssl.akamaized.net\/images\/wappen\/tiny\/506.png?lm=1626441487\" alt=\"Juventus FC\" \/><\/a><\/td>\n<td class=\"hauptlink no-border-links\" style=\"width: 31.3331%; border-style: ridge;\"><strong>Juventus FC<\/strong><\/td>\n<td class=\"zentriert\" style=\"width: 7.2%; text-align: center; border-style: ridge;\"><strong><a title=\"Moise Kean\" href=\"https:\/\/www.transfermarkt.com\/moise-kean\/leistungsdatendetails\/spieler\/364135\/verein\/506\">21<\/a><\/strong><\/td>\n<td class=\"zentriert\" style=\"width: 7.06667%; text-align: center; border-style: ridge;\">8<\/td>\n<td class=\"zentriert\" style=\"width: 7.2%; text-align: center; border-style: ridge;\">&#8211;<\/td>\n<td class=\"zentriert\" style=\"width: 8.26667%; text-align: center; border-style: ridge;\">2<\/td>\n<td class=\"zentriert\" style=\"width: 7.6%; text-align: center; border-style: ridge;\">&#8211;<\/td>\n<td class=\"zentriert\" style=\"width: 12.9333%; text-align: center; border-style: ridge;\">684&#8242;<\/td>\n<\/tr>\n<tr class=\"even\">\n<td class=\"hauptlink no-border-rechts zentriert\" style=\"width: 5.46685%; text-align: center; border-style: ridge;\"><a id=\"276\" class=\"vereinprofil_tooltip tooltipstered\" href=\"https:\/\/www.transfermarkt.com\/hellas-verona\/startseite\/verein\/276\"><img decoding=\"async\" class=\"tiny_wappen\" title=\"\u00a0\" src=\"https:\/\/tmssl.akamaized.net\/images\/wappen\/tiny\/276.png?lm=1617228746\" alt=\"Hellas Verona\" \/><\/a><\/td>\n<td class=\"hauptlink no-border-links\" style=\"width: 31.3331%; border-style: ridge;\"><strong>Hellas Verona<\/strong><\/td>\n<td class=\"zentriert\" style=\"width: 7.2%; text-align: center; border-style: ridge;\"><strong><a title=\"Moise Kean\" href=\"https:\/\/www.transfermarkt.com\/moise-kean\/leistungsdatendetails\/spieler\/364135\/verein\/276\">20<\/a><\/strong><\/td>\n<td class=\"zentriert\" style=\"width: 7.06667%; text-align: center; border-style: ridge;\">4<\/td>\n<td class=\"zentriert\" style=\"width: 7.2%; text-align: center; border-style: ridge;\">&#8211;<\/td>\n<td class=\"zentriert\" style=\"width: 8.26667%; text-align: center; border-style: ridge;\">5<\/td>\n<td class=\"zentriert\" style=\"width: 7.6%; text-align: center; border-style: ridge;\">&#8211;<\/td>\n<td class=\"zentriert\" style=\"width: 12.9333%; text-align: center; border-style: ridge;\">1.221&#8242;<\/td>\n<\/tr>\n<\/tbody>\n<\/table>\n","protected":false},"excerpt":{"rendered":"<p>Mlad\u00fd taliansky \u00fato\u010dn\u00edk sa po dvoch rokoch vracia do vlasti. Na Merseyside sa nikdy neusadil, sprev\u00e1dzali ho disciplin\u00e1rne probl\u00e9my a v\u00fdkonnostne neoh\u00faril.<\/p>\n","protected":false},"author":1,"featured_media":16295,"comment_status":"open","ping_status":"closed","sticky":false,"template":"","format":"standard","meta":{"_eb_attr":"","_monsterinsights_skip_tracking":false,"_monsterinsights_sitenote_active":false,"_monsterinsights_sitenote_note":"","_monsterinsights_sitenote_category":0,"footnotes":""},"categories":[41],"tags":[],"yoast_head":"<!-- This site is optimized with the Yoast SEO plugin v23.4 - https:\/\/yoast.com\/wordpress\/plugins\/seo\/ -->\n<title>Kean sa vracia do Juventusu - Official Czech &amp; Slovak Everton Supporters&#039; Club<\/title>\n<meta name=\"robots\" content=\"index, follow, max-snippet:-1, max-image-preview:large, max-video-preview:-1\" \/>\n<link rel=\"canonical\" href=\"https:\/\/evertonfc.cz\/index.php\/2021\/08\/31\/kean-sa-vracia-do-juventusu\/\" \/>\n<meta property=\"og:locale\" content=\"cs_CZ\" \/>\n<meta property=\"og:type\" content=\"article\" \/>\n<meta property=\"og:title\" content=\"Kean sa vracia do Juventusu - Official Czech &amp; Slovak Everton Supporters&#039; Club\" \/>\n<meta property=\"og:description\" content=\"Mlad\u00fd taliansky \u00fato\u010dn\u00edk sa po dvoch rokoch vracia do vlasti. Na Merseyside sa nikdy neusadil, sprev\u00e1dzali ho disciplin\u00e1rne probl\u00e9my a v\u00fdkonnostne neoh\u00faril.\" \/>\n<meta property=\"og:url\" content=\"https:\/\/evertonfc.cz\/index.php\/2021\/08\/31\/kean-sa-vracia-do-juventusu\/\" \/>\n<meta property=\"og:site_name\" content=\"Official Czech &amp; Slovak Everton Supporters&#039; Club\" \/>\n<meta property=\"article:publisher\" content=\"https:\/\/www.facebook.com\/everton.fans.cz.sk\" \/>\n<meta property=\"article:published_time\" content=\"2021-08-31T12:32:04+00:00\" \/>\n<meta property=\"article:modified_time\" content=\"2021-08-31T12:32:35+00:00\" \/>\n<meta property=\"og:image\" content=\"https:\/\/evertonfc.cz\/wp-content\/uploads\/2021\/08\/Moise-Kean-joined-Juventus-31-8-2021.jpg\" \/>\n\t<meta property=\"og:image:width\" content=\"720\" \/>\n\t<meta property=\"og:image:height\" content=\"405\" \/>\n\t<meta property=\"og:image:type\" content=\"image\/jpeg\" \/>\n<meta name=\"author\" content=\"BlueBlooded\" \/>\n<meta name=\"twitter:card\" content=\"summary_large_image\" \/>\n<meta name=\"twitter:label1\" content=\"Napsal(a)\" \/>\n\t<meta name=\"twitter:data1\" content=\"BlueBlooded\" \/>\n\t<meta name=\"twitter:label2\" content=\"Odhadovan\u00e1 doba \u010dten\u00ed\" \/>\n\t<meta name=\"twitter:data2\" content=\"5 minut\" \/>\n<script type=\"application\/ld+json\" class=\"yoast-schema-graph\">{\"@context\":\"https:\/\/schema.org\",\"@graph\":[{\"@type\":\"Article\",\"@id\":\"https:\/\/evertonfc.cz\/index.php\/2021\/08\/31\/kean-sa-vracia-do-juventusu\/#article\",\"isPartOf\":{\"@id\":\"https:\/\/evertonfc.cz\/index.php\/2021\/08\/31\/kean-sa-vracia-do-juventusu\/\"},\"author\":{\"name\":\"BlueBlooded\",\"@id\":\"https:\/\/evertonfc.cz\/#\/schema\/person\/d4493b8cbea51532597fbc4685698916\"},\"headline\":\"Kean sa vracia do Juventusu\",\"datePublished\":\"2021-08-31T12:32:04+00:00\",\"dateModified\":\"2021-08-31T12:32:35+00:00\",\"mainEntityOfPage\":{\"@id\":\"https:\/\/evertonfc.cz\/index.php\/2021\/08\/31\/kean-sa-vracia-do-juventusu\/\"},\"wordCount\":1081,\"commentCount\":1,\"publisher\":{\"@id\":\"https:\/\/evertonfc.cz\/#organization\"},\"image\":{\"@id\":\"https:\/\/evertonfc.cz\/index.php\/2021\/08\/31\/kean-sa-vracia-do-juventusu\/#primaryimage\"},\"thumbnailUrl\":\"https:\/\/evertonfc.cz\/wp-content\/uploads\/2021\/08\/Moise-Kean-joined-Juventus-31-8-2021.jpg\",\"articleSection\":[\"P\u0159estupy\"],\"inLanguage\":\"cs\",\"potentialAction\":[{\"@type\":\"CommentAction\",\"name\":\"Comment\",\"target\":[\"https:\/\/evertonfc.cz\/index.php\/2021\/08\/31\/kean-sa-vracia-do-juventusu\/#respond\"]}]},{\"@type\":\"WebPage\",\"@id\":\"https:\/\/evertonfc.cz\/index.php\/2021\/08\/31\/kean-sa-vracia-do-juventusu\/\",\"url\":\"https:\/\/evertonfc.cz\/index.php\/2021\/08\/31\/kean-sa-vracia-do-juventusu\/\",\"name\":\"Kean sa vracia do Juventusu - Official Czech &amp; Slovak Everton Supporters&#039; Club\",\"isPartOf\":{\"@id\":\"https:\/\/evertonfc.cz\/#website\"},\"primaryImageOfPage\":{\"@id\":\"https:\/\/evertonfc.cz\/index.php\/2021\/08\/31\/kean-sa-vracia-do-juventusu\/#primaryimage\"},\"image\":{\"@id\":\"https:\/\/evertonfc.cz\/index.php\/2021\/08\/31\/kean-sa-vracia-do-juventusu\/#primaryimage\"},\"thumbnailUrl\":\"https:\/\/evertonfc.cz\/wp-content\/uploads\/2021\/08\/Moise-Kean-joined-Juventus-31-8-2021.jpg\",\"datePublished\":\"2021-08-31T12:32:04+00:00\",\"dateModified\":\"2021-08-31T12:32:35+00:00\",\"breadcrumb\":{\"@id\":\"https:\/\/evertonfc.cz\/index.php\/2021\/08\/31\/kean-sa-vracia-do-juventusu\/#breadcrumb\"},\"inLanguage\":\"cs\",\"potentialAction\":[{\"@type\":\"ReadAction\",\"target\":[\"https:\/\/evertonfc.cz\/index.php\/2021\/08\/31\/kean-sa-vracia-do-juventusu\/\"]}]},{\"@type\":\"ImageObject\",\"inLanguage\":\"cs\",\"@id\":\"https:\/\/evertonfc.cz\/index.php\/2021\/08\/31\/kean-sa-vracia-do-juventusu\/#primaryimage\",\"url\":\"https:\/\/evertonfc.cz\/wp-content\/uploads\/2021\/08\/Moise-Kean-joined-Juventus-31-8-2021.jpg\",\"contentUrl\":\"https:\/\/evertonfc.cz\/wp-content\/uploads\/2021\/08\/Moise-Kean-joined-Juventus-31-8-2021.jpg\",\"width\":720,\"height\":405},{\"@type\":\"BreadcrumbList\",\"@id\":\"https:\/\/evertonfc.cz\/index.php\/2021\/08\/31\/kean-sa-vracia-do-juventusu\/#breadcrumb\",\"itemListElement\":[{\"@type\":\"ListItem\",\"position\":1,\"name\":\"Home\",\"item\":\"https:\/\/evertonfc.cz\/\"},{\"@type\":\"ListItem\",\"position\":2,\"name\":\"Kean sa vracia do Juventusu\"}]},{\"@type\":\"WebSite\",\"@id\":\"https:\/\/evertonfc.cz\/#website\",\"url\":\"https:\/\/evertonfc.cz\/\",\"name\":\"Official Czech &amp; Slovak Everton Supporters&#039; Club\",\"description\":\"\",\"publisher\":{\"@id\":\"https:\/\/evertonfc.cz\/#organization\"},\"potentialAction\":[{\"@type\":\"SearchAction\",\"target\":{\"@type\":\"EntryPoint\",\"urlTemplate\":\"https:\/\/evertonfc.cz\/?s={search_term_string}\"},\"query-input\":{\"@type\":\"PropertyValueSpecification\",\"valueRequired\":true,\"valueName\":\"search_term_string\"}}],\"inLanguage\":\"cs\"},{\"@type\":\"Organization\",\"@id\":\"https:\/\/evertonfc.cz\/#organization\",\"name\":\"Official Czech & Slovak Everton Supporters' Club\",\"url\":\"https:\/\/evertonfc.cz\/\",\"logo\":{\"@type\":\"ImageObject\",\"inLanguage\":\"cs\",\"@id\":\"https:\/\/evertonfc.cz\/#\/schema\/logo\/image\/\",\"url\":\"https:\/\/evertonfc.cz\/wp-content\/uploads\/2019\/05\/logo.png\",\"contentUrl\":\"https:\/\/evertonfc.cz\/wp-content\/uploads\/2019\/05\/logo.png\",\"width\":112,\"height\":112,\"caption\":\"Official Czech & Slovak Everton Supporters' Club\"},\"image\":{\"@id\":\"https:\/\/evertonfc.cz\/#\/schema\/logo\/image\/\"},\"sameAs\":[\"https:\/\/www.facebook.com\/everton.fans.cz.sk\"]},{\"@type\":\"Person\",\"@id\":\"https:\/\/evertonfc.cz\/#\/schema\/person\/d4493b8cbea51532597fbc4685698916\",\"name\":\"BlueBlooded\",\"url\":\"https:\/\/evertonfc.cz\/index.php\/author\/admin\/\"}]}<\/script>\n<!-- \/ Yoast SEO plugin. -->","yoast_head_json":{"title":"Kean sa vracia do Juventusu - Official Czech &amp; Slovak Everton Supporters&#039; Club","robots":{"index":"index","follow":"follow","max-snippet":"max-snippet:-1","max-image-preview":"max-image-preview:large","max-video-preview":"max-video-preview:-1"},"canonical":"https:\/\/evertonfc.cz\/index.php\/2021\/08\/31\/kean-sa-vracia-do-juventusu\/","og_locale":"cs_CZ","og_type":"article","og_title":"Kean sa vracia do Juventusu - Official Czech &amp; Slovak Everton Supporters&#039; Club","og_description":"Mlad\u00fd taliansky \u00fato\u010dn\u00edk sa po dvoch rokoch vracia do vlasti. Na Merseyside sa nikdy neusadil, sprev\u00e1dzali ho disciplin\u00e1rne probl\u00e9my a v\u00fdkonnostne neoh\u00faril.","og_url":"https:\/\/evertonfc.cz\/index.php\/2021\/08\/31\/kean-sa-vracia-do-juventusu\/","og_site_name":"Official Czech &amp; Slovak Everton Supporters&#039; Club","article_publisher":"https:\/\/www.facebook.com\/everton.fans.cz.sk","article_published_time":"2021-08-31T12:32:04+00:00","article_modified_time":"2021-08-31T12:32:35+00:00","og_image":[{"width":720,"height":405,"url":"https:\/\/evertonfc.cz\/wp-content\/uploads\/2021\/08\/Moise-Kean-joined-Juventus-31-8-2021.jpg","type":"image\/jpeg"}],"author":"BlueBlooded","twitter_card":"summary_large_image","twitter_misc":{"Napsal(a)":"BlueBlooded","Odhadovan\u00e1 doba \u010dten\u00ed":"5 minut"},"schema":{"@context":"https:\/\/schema.org","@graph":[{"@type":"Article","@id":"https:\/\/evertonfc.cz\/index.php\/2021\/08\/31\/kean-sa-vracia-do-juventusu\/#article","isPartOf":{"@id":"https:\/\/evertonfc.cz\/index.php\/2021\/08\/31\/kean-sa-vracia-do-juventusu\/"},"author":{"name":"BlueBlooded","@id":"https:\/\/evertonfc.cz\/#\/schema\/person\/d4493b8cbea51532597fbc4685698916"},"headline":"Kean sa vracia do Juventusu","datePublished":"2021-08-31T12:32:04+00:00","dateModified":"2021-08-31T12:32:35+00:00","mainEntityOfPage":{"@id":"https:\/\/evertonfc.cz\/index.php\/2021\/08\/31\/kean-sa-vracia-do-juventusu\/"},"wordCount":1081,"commentCount":1,"publisher":{"@id":"https:\/\/evertonfc.cz\/#organization"},"image":{"@id":"https:\/\/evertonfc.cz\/index.php\/2021\/08\/31\/kean-sa-vracia-do-juventusu\/#primaryimage"},"thumbnailUrl":"https:\/\/evertonfc.cz\/wp-content\/uploads\/2021\/08\/Moise-Kean-joined-Juventus-31-8-2021.jpg","articleSection":["P\u0159estupy"],"inLanguage":"cs","potentialAction":[{"@type":"CommentAction","name":"Comment","target":["https:\/\/evertonfc.cz\/index.php\/2021\/08\/31\/kean-sa-vracia-do-juventusu\/#respond"]}]},{"@type":"WebPage","@id":"https:\/\/evertonfc.cz\/index.php\/2021\/08\/31\/kean-sa-vracia-do-juventusu\/","url":"https:\/\/evertonfc.cz\/index.php\/2021\/08\/31\/kean-sa-vracia-do-juventusu\/","name":"Kean sa vracia do Juventusu - Official Czech &amp; Slovak Everton Supporters&#039; Club","isPartOf":{"@id":"https:\/\/evertonfc.cz\/#website"},"primaryImageOfPage":{"@id":"https:\/\/evertonfc.cz\/index.php\/2021\/08\/31\/kean-sa-vracia-do-juventusu\/#primaryimage"},"image":{"@id":"https:\/\/evertonfc.cz\/index.php\/2021\/08\/31\/kean-sa-vracia-do-juventusu\/#primaryimage"},"thumbnailUrl":"https:\/\/evertonfc.cz\/wp-content\/uploads\/2021\/08\/Moise-Kean-joined-Juventus-31-8-2021.jpg","datePublished":"2021-08-31T12:32:04+00:00","dateModified":"2021-08-31T12:32:35+00:00","breadcrumb":{"@id":"https:\/\/evertonfc.cz\/index.php\/2021\/08\/31\/kean-sa-vracia-do-juventusu\/#breadcrumb"},"inLanguage":"cs","potentialAction":[{"@type":"ReadAction","target":["https:\/\/evertonfc.cz\/index.php\/2021\/08\/31\/kean-sa-vracia-do-juventusu\/"]}]},{"@type":"ImageObject","inLanguage":"cs","@id":"https:\/\/evertonfc.cz\/index.php\/2021\/08\/31\/kean-sa-vracia-do-juventusu\/#primaryimage","url":"https:\/\/evertonfc.cz\/wp-content\/uploads\/2021\/08\/Moise-Kean-joined-Juventus-31-8-2021.jpg","contentUrl":"https:\/\/evertonfc.cz\/wp-content\/uploads\/2021\/08\/Moise-Kean-joined-Juventus-31-8-2021.jpg","width":720,"height":405},{"@type":"BreadcrumbList","@id":"https:\/\/evertonfc.cz\/index.php\/2021\/08\/31\/kean-sa-vracia-do-juventusu\/#breadcrumb","itemListElement":[{"@type":"ListItem","position":1,"name":"Home","item":"https:\/\/evertonfc.cz\/"},{"@type":"ListItem","position":2,"name":"Kean sa vracia do Juventusu"}]},{"@type":"WebSite","@id":"https:\/\/evertonfc.cz\/#website","url":"https:\/\/evertonfc.cz\/","name":"Official Czech &amp; Slovak Everton Supporters&#039; Club","description":"","publisher":{"@id":"https:\/\/evertonfc.cz\/#organization"},"potentialAction":[{"@type":"SearchAction","target":{"@type":"EntryPoint","urlTemplate":"https:\/\/evertonfc.cz\/?s={search_term_string}"},"query-input":{"@type":"PropertyValueSpecification","valueRequired":true,"valueName":"search_term_string"}}],"inLanguage":"cs"},{"@type":"Organization","@id":"https:\/\/evertonfc.cz\/#organization","name":"Official Czech & Slovak Everton Supporters' Club","url":"https:\/\/evertonfc.cz\/","logo":{"@type":"ImageObject","inLanguage":"cs","@id":"https:\/\/evertonfc.cz\/#\/schema\/logo\/image\/","url":"https:\/\/evertonfc.cz\/wp-content\/uploads\/2019\/05\/logo.png","contentUrl":"https:\/\/evertonfc.cz\/wp-content\/uploads\/2019\/05\/logo.png","width":112,"height":112,"caption":"Official Czech & Slovak Everton Supporters' Club"},"image":{"@id":"https:\/\/evertonfc.cz\/#\/schema\/logo\/image\/"},"sameAs":["https:\/\/www.facebook.com\/everton.fans.cz.sk"]},{"@type":"Person","@id":"https:\/\/evertonfc.cz\/#\/schema\/person\/d4493b8cbea51532597fbc4685698916","name":"BlueBlooded","url":"https:\/\/evertonfc.cz\/index.php\/author\/admin\/"}]}},"_links":{"self":[{"href":"https:\/\/evertonfc.cz\/index.php\/wp-json\/wp\/v2\/posts\/16294"}],"collection":[{"href":"https:\/\/evertonfc.cz\/index.php\/wp-json\/wp\/v2\/posts"}],"about":[{"href":"https:\/\/evertonfc.cz\/index.php\/wp-json\/wp\/v2\/types\/post"}],"author":[{"embeddable":true,"href":"https:\/\/evertonfc.cz\/index.php\/wp-json\/wp\/v2\/users\/1"}],"replies":[{"embeddable":true,"href":"https:\/\/evertonfc.cz\/index.php\/wp-json\/wp\/v2\/comments?post=16294"}],"version-history":[{"count":13,"href":"https:\/\/evertonfc.cz\/index.php\/wp-json\/wp\/v2\/posts\/16294\/revisions"}],"predecessor-version":[{"id":16308,"href":"https:\/\/evertonfc.cz\/index.php\/wp-json\/wp\/v2\/posts\/16294\/revisions\/16308"}],"wp:featuredmedia":[{"embeddable":true,"href":"https:\/\/evertonfc.cz\/index.php\/wp-json\/wp\/v2\/media\/16295"}],"wp:attachment":[{"href":"https:\/\/evertonfc.cz\/index.php\/wp-json\/wp\/v2\/media?parent=16294"}],"wp:term":[{"taxonomy":"category","embeddable":true,"href":"https:\/\/evertonfc.cz\/index.php\/wp-json\/wp\/v2\/categories?post=16294"},{"taxonomy":"post_tag","embeddable":true,"href":"https:\/\/evertonfc.cz\/index.php\/wp-json\/wp\/v2\/tags?post=16294"}],"curies":[{"name":"wp","href":"https:\/\/api.w.org\/{rel}","templated":true}]}}