{"id":16346,"date":"2021-09-05T08:18:48","date_gmt":"2021-09-05T06:18:48","guid":{"rendered":"https:\/\/evertonfc.cz\/?p=16346"},"modified":"2021-09-06T09:20:04","modified_gmt":"2021-09-06T07:20:04","slug":"eveton-w-manchester-city-w-04","status":"publish","type":"post","link":"https:\/\/evertonfc.cz\/index.php\/2021\/09\/05\/eveton-w-manchester-city-w-04\/","title":{"rendered":"Everton W &#8211; Manchester City W 0:4"},"content":{"rendered":"<h4>Po nad\u011bjn\u00fdch p\u0159\u00edpravn\u00fdch z\u00e1pasech, ambici\u00f3zn\u00edm p\u0159\u00edchodu letn\u00edch posil a pl\u00e1nov\u00e1n\u00ed cesty za evropskou sl\u00e1vu p\u0159i\u0161el tvrd\u00fd n\u00e1vrat do reality.<\/h4>\n<p>Na pa\u017eit vyb\u00edh\u00e1 nedo\u010dkav\u00fd t\u00fdm nabit\u00fd nad\u011bjn\u00fdmi letn\u00edmi posilami, na lavi\u010dce poposed\u00e1v\u00e1 v podstat\u011b dal\u0161\u00ed z\u00e1kladn\u00ed sestava, je kr\u00e1sn\u00e9 po\u010das\u00ed a na Goodison Park povzbuzuj\u00ed fanou\u0161ci. Lep\u0161\u00ed za\u010d\u00e1tek nov\u00e9 sez\u00f3ny si Evertonians nemohli p\u0159\u00e1t. Tato r\u016f\u017eov\u00e1 bublina v\u0161ak vzala velmi rychle za sv\u00e9 byv\u0161i probodnuta nejen ostudn\u00fdm sk\u00f3re, ale tak\u00e9 zoufal\u00fdm v\u00fdkonem na\u0161eho t\u00fdmu. Pus\u0165me se tedy do reportu z t\u00e9to blam\u00e1\u017ee, a\u0165 jej m\u00e1me rychle za sebou.<\/p>\n<h4>Prvn\u00ed polo\u010das<\/h4>\n<p>za\u010dal velmi nad\u011bjn\u011b: Anveg\u00e5rd s Dali si podaly obranu Citizens, ale bohu\u017eel druh\u00e1 jmenovan\u00e1 p\u00e1lila ve slibn\u00e9 pozici vedle. Na druh\u00e9 stran\u011b Beckie vtrhla mezi na\u0161\u00ed obranu jak velk\u00e1 voda, ale jej\u00ed st\u0159elu vyrazila MacIver. P\u00e1r minut nato byla na\u0161e g\u00f3lmanka op\u011bt v akci, kdy\u017e vyr\u00e1\u017eela pokus sv\u00e9, \u017eel ji\u017e\u00a0 b\u00fdval\u00e9 spoluhr\u00e1\u010dky Raso. Zav\u00e1h\u00e1n\u00ed Losada dob\u0159e vystihla Anveg\u00e5rd, ale st\u0159elu, kterou vyslala do lev\u00e9ho doln\u00edho rohu branky zlikvidovala Taieb. T\u00edmto se nadlouho vy\u010derpaly nad\u011bjn\u00e9 situace pro dom\u00e1c\u00ed a za\u010dali \u00fa\u0159adovat host\u00e9. P\u0159i\u0161lo \u0161\u00edlen\u00fdch dvan\u00e1ct minut: nejprve Losada d\u011blovkou vyu\u017eila p\u0159ihr\u00e1vku Weir &#8211; <strong>0:1. <\/strong>O chv\u00edli pozd\u011bji Beckie ignorovala na\u0161\u00ed obranu, s m\u00ed\u010dem si p\u0159i\u0161la kam pot\u0159ebovala a zv\u00fd\u0161ila na <strong>0:2<\/strong>. Aby toho nebylo m\u00e1lo, v 38. minut\u011b pro\u0161la Raso p\u0159ed na\u0161\u00ed branku, nahr\u00e1la Shaw a ta zbl\u00edzka nem\u011bla pot\u00ed\u017ee s dal\u0161\u00edm g\u00f3lem &#8211; <strong>0:3<\/strong>. Na zbytek polo\u010dasu je l\u00e9pe zapomenout.<\/p>\n<h4>Druh\u00fd polo\u010das<\/h4>\n<p>poskytl o n\u011bco m\u00e9n\u011b zoufalou pod\u00edvanou. Everton p\u0159estal hr\u00e1t se City otev\u0159enou hru a pokusil se zejm\u00e9na konsolidovat obranu. Turner v 63. minut\u011b velmi dob\u0159e zahr\u00e1la p\u0159\u00edm\u00fd kop, ale n\u00e1hradn\u00ed brank\u00e1\u0159ka Citizens st\u0159elu kryla. Chv\u00edli nato uk\u00e1zala zuby i Duggan, ale m\u00ed\u0159ila nad. Bohu\u017eel na\u0161e nad\u011bje na korekci v\u00fdsledku vzala za sv\u00e9 v 67. minut\u011b. Tehdy se k p\u0159\u00edm\u00e9mu kopu host\u016f postavila jejich kapit\u00e1nka Houghton a n\u00e1dhernou st\u0159elou zav\u011bsila do prav\u00e9ho horn\u00edho rohu br\u00e1ny &#8211; <strong>0:4<\/strong>. Na\u0161e ze\u010f i g\u00f3lmanka se \u0159\u00eddily osv\u011bd\u010den\u00fdm volebn\u00edm heslem Miroslava Kalouska &#8222;Neuhneme!&#8220; a\u00a0 neodlepily se od zem\u011b ani o milimetr. A to by mysl\u00edm jako hl\u00e1\u0161en\u00ed sta\u010dilo.<\/p>\n<h4>Shrnut\u00ed<\/h4>\n<p>Nejen my,\u00a0 rovn\u011b\u017e City p\u0159es l\u00e9to upgradovalo a netaj\u00ed se t\u00edm, \u017ee velmi v\u00e1\u017en\u011b usiluje o zisk ligov\u00e9ho titulu a o evropsk\u00fd \u00fasp\u011bch. Jejich \u0159ady roz\u0161\u00ed\u0159ila\u00a0 krom\u011b jin\u00fdch barcelonsk\u00e1 ex-kapit\u00e1nka Losada nebo jamajsk\u00e1 strikerka Shaw. A tak\u00e9 m\u00e1 ve sv\u00fdch \u0159ad\u00e1ch aktu\u00e1ln\u00ed olympijskou zlatou medialistku Beckie jako\u017e i dal\u0161\u00ed hr\u00e1\u010dky sv\u011btov\u00fdch kvalit. Nicm\u00e9n\u011b ani n\u00e1\u0161 t\u00fdm nen\u00ed pap\u00edrov\u011b bezzub\u00fd. Bezzub\u00fdm se stal svoj\u00ed nepochopitelnou hrou. V poz\u00e1pasov\u00e9m hodnocen\u00ed\u00a0 Turner konstatovala:<em> &#8222;Nemysl\u00edm, \u017ee jsme ud\u011blaly to, co jsme si p\u0159edsevzaly.&#8220;<\/em> Pevn\u011b v to douf\u00e1m. A tak\u00e9 v\u011b\u0159\u00edm, \u017ee rozestaven\u00ed s p\u011bti obr\u00e1nci a d\u00edrou uprost\u0159ed zv\u00edc\u00ed Mosteck\u00e9 uheln\u00e9 p\u00e1nve v dal\u0161\u00edch utk\u00e1n\u00edch neuvid\u00edme. Prvn\u00ed z\u00e1pas sez\u00f3ny uk\u00e1zal, \u017ee i nad\u00e1le propast mezi \u0161pi\u010dkou WSL a Evertonem je pravd\u011bpodobn\u011b ohromn\u00e1. V\u00edce napov\u00ed p\u0159\u00ed\u0161t\u00ed t\u00fdden match s Chelsea. Obvykle sice s Pensioners tak\u00e9 prohrajeme, ale na p\u0159edveden\u00fd v\u00fdkon se d\u00e1 d\u00edvat. Tak sma\u017eme nepoda\u0159en\u00fd vstup do sez\u00f3ny a Come on, you blue girls!<\/p>\n<p style=\"text-align: right;\"><span style=\"font-size: 8pt;\"><em>Fotografie: Toni Duggan se prob\u00edj\u00ed p\u0159es Esme Morgan (zdroj: gettyimages)<\/em><\/span><\/p>\n<p><strong>Branky:<\/strong> Losada 26\u00b4, Beckie 36\u00b4, Shaw 38\u00b4, Houghton 67\u00b4<\/p>\n<p><strong>\u017dlut\u00e9 karty:<\/strong> Bj\u00f6rn<\/p>\n<p id=\"I8IGux\"><strong>Everton (5-3-2):<\/strong> MacIver &#8211; Finnigan (Bennison 46), Sevecke, Bj\u00f6rn, George, Turner &#8211; Christiansen, Galli (Graham 83), Dali (Emslie 46) &#8211; Anveg\u00e5rd (Gauvin 83), Duggan (S\u00f8rensen 83)<\/p>\n<p><strong>Manchester City (4-3-3):<\/strong>Taieb &#8211; Stokes, Houghton, Greenwood (Kennedy 73), Morgan &#8211; Coombs (Scott 81), Losada,\u00a0 Weir (Stanway 65) &#8211; Raso, Shaw (White 65), Beckie (Hemp 73)<br \/>\n<strong>Div\u00e1ci:<\/strong> 3638<\/p>\n","protected":false},"excerpt":{"rendered":"<p>Po nad\u011bjn\u00fdch p\u0159\u00edpravn\u00fdch z\u00e1pasech, ambici\u00f3zn\u00edm p\u0159\u00edchodu letn\u00edch posil a pl\u00e1nov\u00e1n\u00ed cesty za evropskou sl\u00e1vu p\u0159i\u0161el tvrd\u00fd n\u00e1vrat do reality.\u00a0<\/p>\n","protected":false},"author":26,"featured_media":16351,"comment_status":"open","ping_status":"closed","sticky":false,"template":"","format":"standard","meta":{"_eb_attr":"","_monsterinsights_skip_tracking":false,"_monsterinsights_sitenote_active":false,"_monsterinsights_sitenote_note":"","_monsterinsights_sitenote_category":0,"footnotes":""},"categories":[110],"tags":[],"yoast_head":"<!-- This site is optimized with the Yoast SEO plugin v23.4 - https:\/\/yoast.com\/wordpress\/plugins\/seo\/ -->\n<title>Everton W - Manchester City W 0:4 - Official Czech &amp; Slovak Everton Supporters&#039; Club<\/title>\n<meta name=\"robots\" content=\"index, follow, max-snippet:-1, max-image-preview:large, max-video-preview:-1\" \/>\n<link rel=\"canonical\" href=\"https:\/\/evertonfc.cz\/index.php\/2021\/09\/05\/eveton-w-manchester-city-w-04\/\" \/>\n<meta property=\"og:locale\" content=\"cs_CZ\" \/>\n<meta property=\"og:type\" content=\"article\" \/>\n<meta property=\"og:title\" content=\"Everton W - Manchester City W 0:4 - Official Czech &amp; Slovak Everton Supporters&#039; Club\" \/>\n<meta property=\"og:description\" content=\"Po nad\u011bjn\u00fdch p\u0159\u00edpravn\u00fdch z\u00e1pasech, ambici\u00f3zn\u00edm p\u0159\u00edchodu letn\u00edch posil a pl\u00e1nov\u00e1n\u00ed cesty za evropskou sl\u00e1vu p\u0159i\u0161el tvrd\u00fd n\u00e1vrat do reality.\u00a0\" \/>\n<meta property=\"og:url\" content=\"https:\/\/evertonfc.cz\/index.php\/2021\/09\/05\/eveton-w-manchester-city-w-04\/\" \/>\n<meta property=\"og:site_name\" content=\"Official Czech &amp; Slovak Everton Supporters&#039; Club\" \/>\n<meta property=\"article:publisher\" content=\"https:\/\/www.facebook.com\/everton.fans.cz.sk\" \/>\n<meta property=\"article:published_time\" content=\"2021-09-05T06:18:48+00:00\" \/>\n<meta property=\"article:modified_time\" content=\"2021-09-06T07:20:04+00:00\" \/>\n<meta property=\"og:image\" content=\"https:\/\/evertonfc.cz\/wp-content\/uploads\/2021\/09\/Duggan-vs-City-5_9_2021_web.jpg\" \/>\n\t<meta property=\"og:image:width\" content=\"720\" \/>\n\t<meta property=\"og:image:height\" content=\"405\" \/>\n\t<meta property=\"og:image:type\" content=\"image\/jpeg\" \/>\n<meta name=\"author\" content=\"Karamela\" \/>\n<meta name=\"twitter:card\" content=\"summary_large_image\" \/>\n<meta name=\"twitter:label1\" content=\"Napsal(a)\" \/>\n\t<meta name=\"twitter:data1\" content=\"Karamela\" \/>\n\t<meta name=\"twitter:label2\" content=\"Odhadovan\u00e1 doba \u010dten\u00ed\" \/>\n\t<meta name=\"twitter:data2\" content=\"3 minuty\" \/>\n<script type=\"application\/ld+json\" class=\"yoast-schema-graph\">{\"@context\":\"https:\/\/schema.org\",\"@graph\":[{\"@type\":\"Article\",\"@id\":\"https:\/\/evertonfc.cz\/index.php\/2021\/09\/05\/eveton-w-manchester-city-w-04\/#article\",\"isPartOf\":{\"@id\":\"https:\/\/evertonfc.cz\/index.php\/2021\/09\/05\/eveton-w-manchester-city-w-04\/\"},\"author\":{\"name\":\"Karamela\",\"@id\":\"https:\/\/evertonfc.cz\/#\/schema\/person\/e9a24a80a32efa1344dd2c4e5882185c\"},\"headline\":\"Everton W &#8211; Manchester City W 0:4\",\"datePublished\":\"2021-09-05T06:18:48+00:00\",\"dateModified\":\"2021-09-06T07:20:04+00:00\",\"mainEntityOfPage\":{\"@id\":\"https:\/\/evertonfc.cz\/index.php\/2021\/09\/05\/eveton-w-manchester-city-w-04\/\"},\"wordCount\":741,\"commentCount\":2,\"publisher\":{\"@id\":\"https:\/\/evertonfc.cz\/#organization\"},\"image\":{\"@id\":\"https:\/\/evertonfc.cz\/index.php\/2021\/09\/05\/eveton-w-manchester-city-w-04\/#primaryimage\"},\"thumbnailUrl\":\"https:\/\/evertonfc.cz\/wp-content\/uploads\/2021\/09\/Duggan-vs-City-5_9_2021_web.jpg\",\"articleSection\":[\"Everton Women\"],\"inLanguage\":\"cs\",\"potentialAction\":[{\"@type\":\"CommentAction\",\"name\":\"Comment\",\"target\":[\"https:\/\/evertonfc.cz\/index.php\/2021\/09\/05\/eveton-w-manchester-city-w-04\/#respond\"]}]},{\"@type\":\"WebPage\",\"@id\":\"https:\/\/evertonfc.cz\/index.php\/2021\/09\/05\/eveton-w-manchester-city-w-04\/\",\"url\":\"https:\/\/evertonfc.cz\/index.php\/2021\/09\/05\/eveton-w-manchester-city-w-04\/\",\"name\":\"Everton W - Manchester City W 0:4 - Official Czech &amp; Slovak Everton Supporters&#039; Club\",\"isPartOf\":{\"@id\":\"https:\/\/evertonfc.cz\/#website\"},\"primaryImageOfPage\":{\"@id\":\"https:\/\/evertonfc.cz\/index.php\/2021\/09\/05\/eveton-w-manchester-city-w-04\/#primaryimage\"},\"image\":{\"@id\":\"https:\/\/evertonfc.cz\/index.php\/2021\/09\/05\/eveton-w-manchester-city-w-04\/#primaryimage\"},\"thumbnailUrl\":\"https:\/\/evertonfc.cz\/wp-content\/uploads\/2021\/09\/Duggan-vs-City-5_9_2021_web.jpg\",\"datePublished\":\"2021-09-05T06:18:48+00:00\",\"dateModified\":\"2021-09-06T07:20:04+00:00\",\"breadcrumb\":{\"@id\":\"https:\/\/evertonfc.cz\/index.php\/2021\/09\/05\/eveton-w-manchester-city-w-04\/#breadcrumb\"},\"inLanguage\":\"cs\",\"potentialAction\":[{\"@type\":\"ReadAction\",\"target\":[\"https:\/\/evertonfc.cz\/index.php\/2021\/09\/05\/eveton-w-manchester-city-w-04\/\"]}]},{\"@type\":\"ImageObject\",\"inLanguage\":\"cs\",\"@id\":\"https:\/\/evertonfc.cz\/index.php\/2021\/09\/05\/eveton-w-manchester-city-w-04\/#primaryimage\",\"url\":\"https:\/\/evertonfc.cz\/wp-content\/uploads\/2021\/09\/Duggan-vs-City-5_9_2021_web.jpg\",\"contentUrl\":\"https:\/\/evertonfc.cz\/wp-content\/uploads\/2021\/09\/Duggan-vs-City-5_9_2021_web.jpg\",\"width\":720,\"height\":405},{\"@type\":\"BreadcrumbList\",\"@id\":\"https:\/\/evertonfc.cz\/index.php\/2021\/09\/05\/eveton-w-manchester-city-w-04\/#breadcrumb\",\"itemListElement\":[{\"@type\":\"ListItem\",\"position\":1,\"name\":\"Home\",\"item\":\"https:\/\/evertonfc.cz\/\"},{\"@type\":\"ListItem\",\"position\":2,\"name\":\"Everton W &#8211; Manchester City W 0:4\"}]},{\"@type\":\"WebSite\",\"@id\":\"https:\/\/evertonfc.cz\/#website\",\"url\":\"https:\/\/evertonfc.cz\/\",\"name\":\"Official Czech &amp; Slovak Everton Supporters&#039; Club\",\"description\":\"\",\"publisher\":{\"@id\":\"https:\/\/evertonfc.cz\/#organization\"},\"potentialAction\":[{\"@type\":\"SearchAction\",\"target\":{\"@type\":\"EntryPoint\",\"urlTemplate\":\"https:\/\/evertonfc.cz\/?s={search_term_string}\"},\"query-input\":{\"@type\":\"PropertyValueSpecification\",\"valueRequired\":true,\"valueName\":\"search_term_string\"}}],\"inLanguage\":\"cs\"},{\"@type\":\"Organization\",\"@id\":\"https:\/\/evertonfc.cz\/#organization\",\"name\":\"Official Czech & Slovak Everton Supporters' Club\",\"url\":\"https:\/\/evertonfc.cz\/\",\"logo\":{\"@type\":\"ImageObject\",\"inLanguage\":\"cs\",\"@id\":\"https:\/\/evertonfc.cz\/#\/schema\/logo\/image\/\",\"url\":\"https:\/\/evertonfc.cz\/wp-content\/uploads\/2019\/05\/logo.png\",\"contentUrl\":\"https:\/\/evertonfc.cz\/wp-content\/uploads\/2019\/05\/logo.png\",\"width\":112,\"height\":112,\"caption\":\"Official Czech & Slovak Everton Supporters' Club\"},\"image\":{\"@id\":\"https:\/\/evertonfc.cz\/#\/schema\/logo\/image\/\"},\"sameAs\":[\"https:\/\/www.facebook.com\/everton.fans.cz.sk\"]},{\"@type\":\"Person\",\"@id\":\"https:\/\/evertonfc.cz\/#\/schema\/person\/e9a24a80a32efa1344dd2c4e5882185c\",\"name\":\"Karamela\",\"url\":\"https:\/\/evertonfc.cz\/index.php\/author\/karamela\/\"}]}<\/script>\n<!-- \/ Yoast SEO plugin. -->","yoast_head_json":{"title":"Everton W - Manchester City W 0:4 - Official Czech &amp; Slovak Everton Supporters&#039; Club","robots":{"index":"index","follow":"follow","max-snippet":"max-snippet:-1","max-image-preview":"max-image-preview:large","max-video-preview":"max-video-preview:-1"},"canonical":"https:\/\/evertonfc.cz\/index.php\/2021\/09\/05\/eveton-w-manchester-city-w-04\/","og_locale":"cs_CZ","og_type":"article","og_title":"Everton W - Manchester City W 0:4 - Official Czech &amp; Slovak Everton Supporters&#039; Club","og_description":"Po nad\u011bjn\u00fdch p\u0159\u00edpravn\u00fdch z\u00e1pasech, ambici\u00f3zn\u00edm p\u0159\u00edchodu letn\u00edch posil a pl\u00e1nov\u00e1n\u00ed cesty za evropskou sl\u00e1vu p\u0159i\u0161el tvrd\u00fd n\u00e1vrat do reality.\u00a0","og_url":"https:\/\/evertonfc.cz\/index.php\/2021\/09\/05\/eveton-w-manchester-city-w-04\/","og_site_name":"Official Czech &amp; Slovak Everton Supporters&#039; Club","article_publisher":"https:\/\/www.facebook.com\/everton.fans.cz.sk","article_published_time":"2021-09-05T06:18:48+00:00","article_modified_time":"2021-09-06T07:20:04+00:00","og_image":[{"width":720,"height":405,"url":"https:\/\/evertonfc.cz\/wp-content\/uploads\/2021\/09\/Duggan-vs-City-5_9_2021_web.jpg","type":"image\/jpeg"}],"author":"Karamela","twitter_card":"summary_large_image","twitter_misc":{"Napsal(a)":"Karamela","Odhadovan\u00e1 doba \u010dten\u00ed":"3 minuty"},"schema":{"@context":"https:\/\/schema.org","@graph":[{"@type":"Article","@id":"https:\/\/evertonfc.cz\/index.php\/2021\/09\/05\/eveton-w-manchester-city-w-04\/#article","isPartOf":{"@id":"https:\/\/evertonfc.cz\/index.php\/2021\/09\/05\/eveton-w-manchester-city-w-04\/"},"author":{"name":"Karamela","@id":"https:\/\/evertonfc.cz\/#\/schema\/person\/e9a24a80a32efa1344dd2c4e5882185c"},"headline":"Everton W &#8211; Manchester City W 0:4","datePublished":"2021-09-05T06:18:48+00:00","dateModified":"2021-09-06T07:20:04+00:00","mainEntityOfPage":{"@id":"https:\/\/evertonfc.cz\/index.php\/2021\/09\/05\/eveton-w-manchester-city-w-04\/"},"wordCount":741,"commentCount":2,"publisher":{"@id":"https:\/\/evertonfc.cz\/#organization"},"image":{"@id":"https:\/\/evertonfc.cz\/index.php\/2021\/09\/05\/eveton-w-manchester-city-w-04\/#primaryimage"},"thumbnailUrl":"https:\/\/evertonfc.cz\/wp-content\/uploads\/2021\/09\/Duggan-vs-City-5_9_2021_web.jpg","articleSection":["Everton Women"],"inLanguage":"cs","potentialAction":[{"@type":"CommentAction","name":"Comment","target":["https:\/\/evertonfc.cz\/index.php\/2021\/09\/05\/eveton-w-manchester-city-w-04\/#respond"]}]},{"@type":"WebPage","@id":"https:\/\/evertonfc.cz\/index.php\/2021\/09\/05\/eveton-w-manchester-city-w-04\/","url":"https:\/\/evertonfc.cz\/index.php\/2021\/09\/05\/eveton-w-manchester-city-w-04\/","name":"Everton W - Manchester City W 0:4 - Official Czech &amp; Slovak Everton Supporters&#039; Club","isPartOf":{"@id":"https:\/\/evertonfc.cz\/#website"},"primaryImageOfPage":{"@id":"https:\/\/evertonfc.cz\/index.php\/2021\/09\/05\/eveton-w-manchester-city-w-04\/#primaryimage"},"image":{"@id":"https:\/\/evertonfc.cz\/index.php\/2021\/09\/05\/eveton-w-manchester-city-w-04\/#primaryimage"},"thumbnailUrl":"https:\/\/evertonfc.cz\/wp-content\/uploads\/2021\/09\/Duggan-vs-City-5_9_2021_web.jpg","datePublished":"2021-09-05T06:18:48+00:00","dateModified":"2021-09-06T07:20:04+00:00","breadcrumb":{"@id":"https:\/\/evertonfc.cz\/index.php\/2021\/09\/05\/eveton-w-manchester-city-w-04\/#breadcrumb"},"inLanguage":"cs","potentialAction":[{"@type":"ReadAction","target":["https:\/\/evertonfc.cz\/index.php\/2021\/09\/05\/eveton-w-manchester-city-w-04\/"]}]},{"@type":"ImageObject","inLanguage":"cs","@id":"https:\/\/evertonfc.cz\/index.php\/2021\/09\/05\/eveton-w-manchester-city-w-04\/#primaryimage","url":"https:\/\/evertonfc.cz\/wp-content\/uploads\/2021\/09\/Duggan-vs-City-5_9_2021_web.jpg","contentUrl":"https:\/\/evertonfc.cz\/wp-content\/uploads\/2021\/09\/Duggan-vs-City-5_9_2021_web.jpg","width":720,"height":405},{"@type":"BreadcrumbList","@id":"https:\/\/evertonfc.cz\/index.php\/2021\/09\/05\/eveton-w-manchester-city-w-04\/#breadcrumb","itemListElement":[{"@type":"ListItem","position":1,"name":"Home","item":"https:\/\/evertonfc.cz\/"},{"@type":"ListItem","position":2,"name":"Everton W &#8211; Manchester City W 0:4"}]},{"@type":"WebSite","@id":"https:\/\/evertonfc.cz\/#website","url":"https:\/\/evertonfc.cz\/","name":"Official Czech &amp; Slovak Everton Supporters&#039; Club","description":"","publisher":{"@id":"https:\/\/evertonfc.cz\/#organization"},"potentialAction":[{"@type":"SearchAction","target":{"@type":"EntryPoint","urlTemplate":"https:\/\/evertonfc.cz\/?s={search_term_string}"},"query-input":{"@type":"PropertyValueSpecification","valueRequired":true,"valueName":"search_term_string"}}],"inLanguage":"cs"},{"@type":"Organization","@id":"https:\/\/evertonfc.cz\/#organization","name":"Official Czech & Slovak Everton Supporters' Club","url":"https:\/\/evertonfc.cz\/","logo":{"@type":"ImageObject","inLanguage":"cs","@id":"https:\/\/evertonfc.cz\/#\/schema\/logo\/image\/","url":"https:\/\/evertonfc.cz\/wp-content\/uploads\/2019\/05\/logo.png","contentUrl":"https:\/\/evertonfc.cz\/wp-content\/uploads\/2019\/05\/logo.png","width":112,"height":112,"caption":"Official Czech & Slovak Everton Supporters' Club"},"image":{"@id":"https:\/\/evertonfc.cz\/#\/schema\/logo\/image\/"},"sameAs":["https:\/\/www.facebook.com\/everton.fans.cz.sk"]},{"@type":"Person","@id":"https:\/\/evertonfc.cz\/#\/schema\/person\/e9a24a80a32efa1344dd2c4e5882185c","name":"Karamela","url":"https:\/\/evertonfc.cz\/index.php\/author\/karamela\/"}]}},"_links":{"self":[{"href":"https:\/\/evertonfc.cz\/index.php\/wp-json\/wp\/v2\/posts\/16346"}],"collection":[{"href":"https:\/\/evertonfc.cz\/index.php\/wp-json\/wp\/v2\/posts"}],"about":[{"href":"https:\/\/evertonfc.cz\/index.php\/wp-json\/wp\/v2\/types\/post"}],"author":[{"embeddable":true,"href":"https:\/\/evertonfc.cz\/index.php\/wp-json\/wp\/v2\/users\/26"}],"replies":[{"embeddable":true,"href":"https:\/\/evertonfc.cz\/index.php\/wp-json\/wp\/v2\/comments?post=16346"}],"version-history":[{"count":15,"href":"https:\/\/evertonfc.cz\/index.php\/wp-json\/wp\/v2\/posts\/16346\/revisions"}],"predecessor-version":[{"id":16362,"href":"https:\/\/evertonfc.cz\/index.php\/wp-json\/wp\/v2\/posts\/16346\/revisions\/16362"}],"wp:featuredmedia":[{"embeddable":true,"href":"https:\/\/evertonfc.cz\/index.php\/wp-json\/wp\/v2\/media\/16351"}],"wp:attachment":[{"href":"https:\/\/evertonfc.cz\/index.php\/wp-json\/wp\/v2\/media?parent=16346"}],"wp:term":[{"taxonomy":"category","embeddable":true,"href":"https:\/\/evertonfc.cz\/index.php\/wp-json\/wp\/v2\/categories?post=16346"},{"taxonomy":"post_tag","embeddable":true,"href":"https:\/\/evertonfc.cz\/index.php\/wp-json\/wp\/v2\/tags?post=16346"}],"curies":[{"name":"wp","href":"https:\/\/api.w.org\/{rel}","templated":true}]}}