{"id":16363,"date":"2021-09-08T15:02:43","date_gmt":"2021-09-08T13:02:43","guid":{"rendered":"https:\/\/evertonfc.cz\/?p=16363"},"modified":"2021-09-13T20:30:57","modified_gmt":"2021-09-13T18:30:57","slug":"setkani-evertonians-v-praze-18-9-2021","status":"publish","type":"post","link":"https:\/\/evertonfc.cz\/index.php\/2021\/09\/08\/setkani-evertonians-v-praze-18-9-2021\/","title":{"rendered":"Setk\u00e1n\u00ed Evertonians v Praze 18. 9. 2021"},"content":{"rendered":"<p>V\u00e1\u017een\u00e9 kolegyn\u011b a kolegov\u00e9,<\/p>\n<p>pracovn\u00ed setk\u00e1n\u00ed Evertonians v Praze prob\u011bhne 18. 9. v podniku <a href=\"https:\/\/www.dutchpub.cz\/cz\/\">Dutch Pub <\/a>na adrese Vladislavova 1390\/17, Praha 1, 110 00. M\u00e1me rezervaci od 18:15, z\u00e1pas s Villans (kter\u00fd budeme odborn\u011b sledovat a n\u00e1sledn\u011b v panelov\u00e9 diskuzi nem\u00e9n\u011b odborn\u011b analyzovat) za\u010d\u00edn\u00e1 v 18:30. \u010cas na objedn\u00e1n\u00ed pochutin tedy jist\u011b bude. Rezervace je zat\u00edm pro 6 lid\u00ed (Ri\u010di, Javor, Fip, Efc, Spidour, j\u00e1). Pokud mi doposud nikdo nedal v\u011bd\u011bt, \u017ee doraz\u00ed, ale je touto zpr\u00e1vou ne\u010dekan\u011b zl\u00e1k\u00e1n, m\u016f\u017ee to nyn\u00ed napravit. Pokus\u00edm se pak p\u0159\u00edpadn\u011b po\u010det m\u00edst je\u0161t\u011b doladit.<\/p>\n<p>T\u011b\u0161\u00edm se na setk\u00e1n\u00ed.<\/p>\n","protected":false},"excerpt":{"rendered":"<p>V\u00e1\u017een\u00e9 kolegyn\u011b a kolegov\u00e9, pracovn\u00ed setk\u00e1n\u00ed Evertonians v Praze prob\u011bhne 18. 9. v podniku Dutch Pub na adrese Vladislavova 1390\/17,&hellip;<\/p>\n","protected":false},"author":26,"featured_media":15939,"comment_status":"open","ping_status":"closed","sticky":false,"template":"","format":"standard","meta":{"_eb_attr":"","_monsterinsights_skip_tracking":false,"_monsterinsights_sitenote_active":false,"_monsterinsights_sitenote_note":"","_monsterinsights_sitenote_category":0,"footnotes":""},"categories":[85],"tags":[],"yoast_head":"<!-- This site is optimized with the Yoast SEO plugin v23.4 - https:\/\/yoast.com\/wordpress\/plugins\/seo\/ -->\n<title>Setk\u00e1n\u00ed Evertonians v Praze 18. 9. 2021 - Official Czech &amp; Slovak Everton Supporters&#039; Club<\/title>\n<meta name=\"robots\" content=\"index, follow, max-snippet:-1, max-image-preview:large, max-video-preview:-1\" \/>\n<link rel=\"canonical\" href=\"https:\/\/evertonfc.cz\/index.php\/2021\/09\/08\/setkani-evertonians-v-praze-18-9-2021\/\" \/>\n<meta property=\"og:locale\" content=\"cs_CZ\" \/>\n<meta property=\"og:type\" content=\"article\" \/>\n<meta property=\"og:title\" content=\"Setk\u00e1n\u00ed Evertonians v Praze 18. 9. 2021 - Official Czech &amp; Slovak Everton Supporters&#039; Club\" \/>\n<meta property=\"og:description\" content=\"V\u00e1\u017een\u00e9 kolegyn\u011b a kolegov\u00e9, pracovn\u00ed setk\u00e1n\u00ed Evertonians v Praze prob\u011bhne 18. 9. v podniku Dutch Pub na adrese Vladislavova 1390\/17,&hellip;\" \/>\n<meta property=\"og:url\" content=\"https:\/\/evertonfc.cz\/index.php\/2021\/09\/08\/setkani-evertonians-v-praze-18-9-2021\/\" \/>\n<meta property=\"og:site_name\" content=\"Official Czech &amp; Slovak Everton Supporters&#039; Club\" \/>\n<meta property=\"article:publisher\" content=\"https:\/\/www.facebook.com\/everton.fans.cz.sk\" \/>\n<meta property=\"article:published_time\" content=\"2021-09-08T13:02:43+00:00\" \/>\n<meta property=\"article:modified_time\" content=\"2021-09-13T18:30:57+00:00\" \/>\n<meta property=\"og:image\" content=\"https:\/\/evertonfc.cz\/wp-content\/uploads\/2021\/07\/Third-Hummel-GK-kit-2021-22.jpg\" \/>\n\t<meta property=\"og:image:width\" content=\"640\" \/>\n\t<meta property=\"og:image:height\" content=\"360\" \/>\n\t<meta property=\"og:image:type\" content=\"image\/jpeg\" \/>\n<meta name=\"author\" content=\"Karamela\" \/>\n<meta name=\"twitter:card\" content=\"summary_large_image\" \/>\n<meta name=\"twitter:label1\" content=\"Napsal(a)\" \/>\n\t<meta name=\"twitter:data1\" content=\"Karamela\" \/>\n\t<meta name=\"twitter:label2\" content=\"Odhadovan\u00e1 doba \u010dten\u00ed\" \/>\n\t<meta name=\"twitter:data2\" content=\"1 minuta\" \/>\n<script type=\"application\/ld+json\" class=\"yoast-schema-graph\">{\"@context\":\"https:\/\/schema.org\",\"@graph\":[{\"@type\":\"Article\",\"@id\":\"https:\/\/evertonfc.cz\/index.php\/2021\/09\/08\/setkani-evertonians-v-praze-18-9-2021\/#article\",\"isPartOf\":{\"@id\":\"https:\/\/evertonfc.cz\/index.php\/2021\/09\/08\/setkani-evertonians-v-praze-18-9-2021\/\"},\"author\":{\"name\":\"Karamela\",\"@id\":\"https:\/\/evertonfc.cz\/#\/schema\/person\/e9a24a80a32efa1344dd2c4e5882185c\"},\"headline\":\"Setk\u00e1n\u00ed Evertonians v Praze 18. 9. 2021\",\"datePublished\":\"2021-09-08T13:02:43+00:00\",\"dateModified\":\"2021-09-13T18:30:57+00:00\",\"mainEntityOfPage\":{\"@id\":\"https:\/\/evertonfc.cz\/index.php\/2021\/09\/08\/setkani-evertonians-v-praze-18-9-2021\/\"},\"wordCount\":116,\"commentCount\":9,\"publisher\":{\"@id\":\"https:\/\/evertonfc.cz\/#organization\"},\"image\":{\"@id\":\"https:\/\/evertonfc.cz\/index.php\/2021\/09\/08\/setkani-evertonians-v-praze-18-9-2021\/#primaryimage\"},\"thumbnailUrl\":\"https:\/\/evertonfc.cz\/wp-content\/uploads\/2021\/07\/Third-Hummel-GK-kit-2021-22.jpg\",\"articleSection\":[\"Supporters' Club\"],\"inLanguage\":\"cs\",\"potentialAction\":[{\"@type\":\"CommentAction\",\"name\":\"Comment\",\"target\":[\"https:\/\/evertonfc.cz\/index.php\/2021\/09\/08\/setkani-evertonians-v-praze-18-9-2021\/#respond\"]}]},{\"@type\":\"WebPage\",\"@id\":\"https:\/\/evertonfc.cz\/index.php\/2021\/09\/08\/setkani-evertonians-v-praze-18-9-2021\/\",\"url\":\"https:\/\/evertonfc.cz\/index.php\/2021\/09\/08\/setkani-evertonians-v-praze-18-9-2021\/\",\"name\":\"Setk\u00e1n\u00ed Evertonians v Praze 18. 9. 2021 - Official Czech &amp; Slovak Everton Supporters&#039; Club\",\"isPartOf\":{\"@id\":\"https:\/\/evertonfc.cz\/#website\"},\"primaryImageOfPage\":{\"@id\":\"https:\/\/evertonfc.cz\/index.php\/2021\/09\/08\/setkani-evertonians-v-praze-18-9-2021\/#primaryimage\"},\"image\":{\"@id\":\"https:\/\/evertonfc.cz\/index.php\/2021\/09\/08\/setkani-evertonians-v-praze-18-9-2021\/#primaryimage\"},\"thumbnailUrl\":\"https:\/\/evertonfc.cz\/wp-content\/uploads\/2021\/07\/Third-Hummel-GK-kit-2021-22.jpg\",\"datePublished\":\"2021-09-08T13:02:43+00:00\",\"dateModified\":\"2021-09-13T18:30:57+00:00\",\"breadcrumb\":{\"@id\":\"https:\/\/evertonfc.cz\/index.php\/2021\/09\/08\/setkani-evertonians-v-praze-18-9-2021\/#breadcrumb\"},\"inLanguage\":\"cs\",\"potentialAction\":[{\"@type\":\"ReadAction\",\"target\":[\"https:\/\/evertonfc.cz\/index.php\/2021\/09\/08\/setkani-evertonians-v-praze-18-9-2021\/\"]}]},{\"@type\":\"ImageObject\",\"inLanguage\":\"cs\",\"@id\":\"https:\/\/evertonfc.cz\/index.php\/2021\/09\/08\/setkani-evertonians-v-praze-18-9-2021\/#primaryimage\",\"url\":\"https:\/\/evertonfc.cz\/wp-content\/uploads\/2021\/07\/Third-Hummel-GK-kit-2021-22.jpg\",\"contentUrl\":\"https:\/\/evertonfc.cz\/wp-content\/uploads\/2021\/07\/Third-Hummel-GK-kit-2021-22.jpg\",\"width\":640,\"height\":360},{\"@type\":\"BreadcrumbList\",\"@id\":\"https:\/\/evertonfc.cz\/index.php\/2021\/09\/08\/setkani-evertonians-v-praze-18-9-2021\/#breadcrumb\",\"itemListElement\":[{\"@type\":\"ListItem\",\"position\":1,\"name\":\"Home\",\"item\":\"https:\/\/evertonfc.cz\/\"},{\"@type\":\"ListItem\",\"position\":2,\"name\":\"Setk\u00e1n\u00ed Evertonians v Praze 18. 9. 2021\"}]},{\"@type\":\"WebSite\",\"@id\":\"https:\/\/evertonfc.cz\/#website\",\"url\":\"https:\/\/evertonfc.cz\/\",\"name\":\"Official Czech &amp; Slovak Everton Supporters&#039; Club\",\"description\":\"\",\"publisher\":{\"@id\":\"https:\/\/evertonfc.cz\/#organization\"},\"potentialAction\":[{\"@type\":\"SearchAction\",\"target\":{\"@type\":\"EntryPoint\",\"urlTemplate\":\"https:\/\/evertonfc.cz\/?s={search_term_string}\"},\"query-input\":{\"@type\":\"PropertyValueSpecification\",\"valueRequired\":true,\"valueName\":\"search_term_string\"}}],\"inLanguage\":\"cs\"},{\"@type\":\"Organization\",\"@id\":\"https:\/\/evertonfc.cz\/#organization\",\"name\":\"Official Czech & Slovak Everton Supporters' Club\",\"url\":\"https:\/\/evertonfc.cz\/\",\"logo\":{\"@type\":\"ImageObject\",\"inLanguage\":\"cs\",\"@id\":\"https:\/\/evertonfc.cz\/#\/schema\/logo\/image\/\",\"url\":\"https:\/\/evertonfc.cz\/wp-content\/uploads\/2019\/05\/logo.png\",\"contentUrl\":\"https:\/\/evertonfc.cz\/wp-content\/uploads\/2019\/05\/logo.png\",\"width\":112,\"height\":112,\"caption\":\"Official Czech & Slovak Everton Supporters' Club\"},\"image\":{\"@id\":\"https:\/\/evertonfc.cz\/#\/schema\/logo\/image\/\"},\"sameAs\":[\"https:\/\/www.facebook.com\/everton.fans.cz.sk\"]},{\"@type\":\"Person\",\"@id\":\"https:\/\/evertonfc.cz\/#\/schema\/person\/e9a24a80a32efa1344dd2c4e5882185c\",\"name\":\"Karamela\",\"url\":\"https:\/\/evertonfc.cz\/index.php\/author\/karamela\/\"}]}<\/script>\n<!-- \/ Yoast SEO plugin. -->","yoast_head_json":{"title":"Setk\u00e1n\u00ed Evertonians v Praze 18. 9. 2021 - Official Czech &amp; Slovak Everton Supporters&#039; Club","robots":{"index":"index","follow":"follow","max-snippet":"max-snippet:-1","max-image-preview":"max-image-preview:large","max-video-preview":"max-video-preview:-1"},"canonical":"https:\/\/evertonfc.cz\/index.php\/2021\/09\/08\/setkani-evertonians-v-praze-18-9-2021\/","og_locale":"cs_CZ","og_type":"article","og_title":"Setk\u00e1n\u00ed Evertonians v Praze 18. 9. 2021 - Official Czech &amp; Slovak Everton Supporters&#039; Club","og_description":"V\u00e1\u017een\u00e9 kolegyn\u011b a kolegov\u00e9, pracovn\u00ed setk\u00e1n\u00ed Evertonians v Praze prob\u011bhne 18. 9. v podniku Dutch Pub na adrese Vladislavova 1390\/17,&hellip;","og_url":"https:\/\/evertonfc.cz\/index.php\/2021\/09\/08\/setkani-evertonians-v-praze-18-9-2021\/","og_site_name":"Official Czech &amp; Slovak Everton Supporters&#039; Club","article_publisher":"https:\/\/www.facebook.com\/everton.fans.cz.sk","article_published_time":"2021-09-08T13:02:43+00:00","article_modified_time":"2021-09-13T18:30:57+00:00","og_image":[{"width":640,"height":360,"url":"https:\/\/evertonfc.cz\/wp-content\/uploads\/2021\/07\/Third-Hummel-GK-kit-2021-22.jpg","type":"image\/jpeg"}],"author":"Karamela","twitter_card":"summary_large_image","twitter_misc":{"Napsal(a)":"Karamela","Odhadovan\u00e1 doba \u010dten\u00ed":"1 minuta"},"schema":{"@context":"https:\/\/schema.org","@graph":[{"@type":"Article","@id":"https:\/\/evertonfc.cz\/index.php\/2021\/09\/08\/setkani-evertonians-v-praze-18-9-2021\/#article","isPartOf":{"@id":"https:\/\/evertonfc.cz\/index.php\/2021\/09\/08\/setkani-evertonians-v-praze-18-9-2021\/"},"author":{"name":"Karamela","@id":"https:\/\/evertonfc.cz\/#\/schema\/person\/e9a24a80a32efa1344dd2c4e5882185c"},"headline":"Setk\u00e1n\u00ed Evertonians v Praze 18. 9. 2021","datePublished":"2021-09-08T13:02:43+00:00","dateModified":"2021-09-13T18:30:57+00:00","mainEntityOfPage":{"@id":"https:\/\/evertonfc.cz\/index.php\/2021\/09\/08\/setkani-evertonians-v-praze-18-9-2021\/"},"wordCount":116,"commentCount":9,"publisher":{"@id":"https:\/\/evertonfc.cz\/#organization"},"image":{"@id":"https:\/\/evertonfc.cz\/index.php\/2021\/09\/08\/setkani-evertonians-v-praze-18-9-2021\/#primaryimage"},"thumbnailUrl":"https:\/\/evertonfc.cz\/wp-content\/uploads\/2021\/07\/Third-Hummel-GK-kit-2021-22.jpg","articleSection":["Supporters' Club"],"inLanguage":"cs","potentialAction":[{"@type":"CommentAction","name":"Comment","target":["https:\/\/evertonfc.cz\/index.php\/2021\/09\/08\/setkani-evertonians-v-praze-18-9-2021\/#respond"]}]},{"@type":"WebPage","@id":"https:\/\/evertonfc.cz\/index.php\/2021\/09\/08\/setkani-evertonians-v-praze-18-9-2021\/","url":"https:\/\/evertonfc.cz\/index.php\/2021\/09\/08\/setkani-evertonians-v-praze-18-9-2021\/","name":"Setk\u00e1n\u00ed Evertonians v Praze 18. 9. 2021 - Official Czech &amp; Slovak Everton Supporters&#039; Club","isPartOf":{"@id":"https:\/\/evertonfc.cz\/#website"},"primaryImageOfPage":{"@id":"https:\/\/evertonfc.cz\/index.php\/2021\/09\/08\/setkani-evertonians-v-praze-18-9-2021\/#primaryimage"},"image":{"@id":"https:\/\/evertonfc.cz\/index.php\/2021\/09\/08\/setkani-evertonians-v-praze-18-9-2021\/#primaryimage"},"thumbnailUrl":"https:\/\/evertonfc.cz\/wp-content\/uploads\/2021\/07\/Third-Hummel-GK-kit-2021-22.jpg","datePublished":"2021-09-08T13:02:43+00:00","dateModified":"2021-09-13T18:30:57+00:00","breadcrumb":{"@id":"https:\/\/evertonfc.cz\/index.php\/2021\/09\/08\/setkani-evertonians-v-praze-18-9-2021\/#breadcrumb"},"inLanguage":"cs","potentialAction":[{"@type":"ReadAction","target":["https:\/\/evertonfc.cz\/index.php\/2021\/09\/08\/setkani-evertonians-v-praze-18-9-2021\/"]}]},{"@type":"ImageObject","inLanguage":"cs","@id":"https:\/\/evertonfc.cz\/index.php\/2021\/09\/08\/setkani-evertonians-v-praze-18-9-2021\/#primaryimage","url":"https:\/\/evertonfc.cz\/wp-content\/uploads\/2021\/07\/Third-Hummel-GK-kit-2021-22.jpg","contentUrl":"https:\/\/evertonfc.cz\/wp-content\/uploads\/2021\/07\/Third-Hummel-GK-kit-2021-22.jpg","width":640,"height":360},{"@type":"BreadcrumbList","@id":"https:\/\/evertonfc.cz\/index.php\/2021\/09\/08\/setkani-evertonians-v-praze-18-9-2021\/#breadcrumb","itemListElement":[{"@type":"ListItem","position":1,"name":"Home","item":"https:\/\/evertonfc.cz\/"},{"@type":"ListItem","position":2,"name":"Setk\u00e1n\u00ed Evertonians v Praze 18. 9. 2021"}]},{"@type":"WebSite","@id":"https:\/\/evertonfc.cz\/#website","url":"https:\/\/evertonfc.cz\/","name":"Official Czech &amp; Slovak Everton Supporters&#039; Club","description":"","publisher":{"@id":"https:\/\/evertonfc.cz\/#organization"},"potentialAction":[{"@type":"SearchAction","target":{"@type":"EntryPoint","urlTemplate":"https:\/\/evertonfc.cz\/?s={search_term_string}"},"query-input":{"@type":"PropertyValueSpecification","valueRequired":true,"valueName":"search_term_string"}}],"inLanguage":"cs"},{"@type":"Organization","@id":"https:\/\/evertonfc.cz\/#organization","name":"Official Czech & Slovak Everton Supporters' Club","url":"https:\/\/evertonfc.cz\/","logo":{"@type":"ImageObject","inLanguage":"cs","@id":"https:\/\/evertonfc.cz\/#\/schema\/logo\/image\/","url":"https:\/\/evertonfc.cz\/wp-content\/uploads\/2019\/05\/logo.png","contentUrl":"https:\/\/evertonfc.cz\/wp-content\/uploads\/2019\/05\/logo.png","width":112,"height":112,"caption":"Official Czech & Slovak Everton Supporters' Club"},"image":{"@id":"https:\/\/evertonfc.cz\/#\/schema\/logo\/image\/"},"sameAs":["https:\/\/www.facebook.com\/everton.fans.cz.sk"]},{"@type":"Person","@id":"https:\/\/evertonfc.cz\/#\/schema\/person\/e9a24a80a32efa1344dd2c4e5882185c","name":"Karamela","url":"https:\/\/evertonfc.cz\/index.php\/author\/karamela\/"}]}},"_links":{"self":[{"href":"https:\/\/evertonfc.cz\/index.php\/wp-json\/wp\/v2\/posts\/16363"}],"collection":[{"href":"https:\/\/evertonfc.cz\/index.php\/wp-json\/wp\/v2\/posts"}],"about":[{"href":"https:\/\/evertonfc.cz\/index.php\/wp-json\/wp\/v2\/types\/post"}],"author":[{"embeddable":true,"href":"https:\/\/evertonfc.cz\/index.php\/wp-json\/wp\/v2\/users\/26"}],"replies":[{"embeddable":true,"href":"https:\/\/evertonfc.cz\/index.php\/wp-json\/wp\/v2\/comments?post=16363"}],"version-history":[{"count":7,"href":"https:\/\/evertonfc.cz\/index.php\/wp-json\/wp\/v2\/posts\/16363\/revisions"}],"predecessor-version":[{"id":16373,"href":"https:\/\/evertonfc.cz\/index.php\/wp-json\/wp\/v2\/posts\/16363\/revisions\/16373"}],"wp:featuredmedia":[{"embeddable":true,"href":"https:\/\/evertonfc.cz\/index.php\/wp-json\/wp\/v2\/media\/15939"}],"wp:attachment":[{"href":"https:\/\/evertonfc.cz\/index.php\/wp-json\/wp\/v2\/media?parent=16363"}],"wp:term":[{"taxonomy":"category","embeddable":true,"href":"https:\/\/evertonfc.cz\/index.php\/wp-json\/wp\/v2\/categories?post=16363"},{"taxonomy":"post_tag","embeddable":true,"href":"https:\/\/evertonfc.cz\/index.php\/wp-json\/wp\/v2\/tags?post=16363"}],"curies":[{"name":"wp","href":"https:\/\/api.w.org\/{rel}","templated":true}]}}