{"id":16454,"date":"2021-09-12T17:09:38","date_gmt":"2021-09-12T15:09:38","guid":{"rendered":"https:\/\/evertonfc.cz\/?p=16454"},"modified":"2021-09-12T22:03:21","modified_gmt":"2021-09-12T20:03:21","slug":"chelsea-w-everton-w-40-2","status":"publish","type":"post","link":"https:\/\/evertonfc.cz\/index.php\/2021\/09\/12\/chelsea-w-everton-w-40-2\/","title":{"rendered":"Chelsea W &#8211; Everton W 4:0"},"content":{"rendered":"<h4>V\u00fdjezdu do Lond\u00fdna p\u0159edch\u00e1zela m\u00edrn\u00e1 nervozita fanou\u0161k\u016f a na soci\u00e1ln\u00edch s\u00edt\u00edch prezentovan\u00e9 odhodl\u00e1n\u00ed Evertonu p\u0159edv\u00e9st solidn\u00ed v\u00fdkon.\u00a0 Z\u00e1zrak se ov\u0161em nestal a po neslavn\u00e9m v\u00fdkonu si karamely odvezly nakl\u00e1da\u010dku 0:4.<\/h4>\n<h4><\/h4>\n<h4>Prvn\u00ed polo\u010das<\/h4>\n<p>za\u010dal podle o\u010dek\u00e1v\u00e1n\u00ed. &#8222;The Pride of London&#8220;, jak zn\u00ed n\u00e1pis na hlavn\u00ed tribun\u011b Kingsmeadow, uk\u00e1zaly, \u017ee se nespokoj\u00ed s rol\u00ed pouh\u00e9ho pap\u00edrov\u00e9ho favorita.\u00a0 V \u00favodu byla na\u0161e obrana pozorn\u00e1, i kdy\u017e neobvykl\u00e1 &#8211; S\u00f8rensen na wing backu nev\u00edd\u00e1me p\u0159\u00edli\u0161 \u010dasto.\u00a0 Postupem \u010dasu za\u010dala Chelsea zrychlovat a zp\u0159es\u0148ovat sv\u00e9 kombinace a za\u010dal koloto\u010d. v 9. minut\u011b pro\u0161la Kirby p\u0159es Finnigan, ale MacIver byla na sv\u00e9m m\u00edst\u011b. V 15. minut\u011b se MacIver sklouzla za velk\u00e9 v\u00e1pno, aby odvr\u00e1tila dal\u0161\u00ed nebezpe\u010d\u00ed. Zakr\u00e1tko jsme tak\u00e9 my uk\u00e1zali, \u017ee bychom r\u00e1di hr\u00e1li dop\u0159edu, v\u0161e ale skon\u010dilo odzbrojen\u00edm Emslie v \u0161estn\u00e1ctce Chelsea a o chv\u00edli pozd\u011bji blokovanou st\u0159elou Anveg\u00e5rd. A pak u\u017e \u00fa\u0159adovali Pensioners. Pokus Harder po kiksu Galli je\u0161t\u011b vy\u0161el napr\u00e1zdno d\u00edky Bj\u00f6rn, repar\u00e1t stejn\u00e9 hr\u00e1\u010dky likvidovala MacIver. O chv\u00edli pozd\u011bji si Kirby poradila s Bj\u00f6rn a angli\u010danem o vzd\u00e1len\u011bj\u0161\u00ed ty\u010d dala prvn\u00ed g\u00f3l z\u00e1pasu &#8211; <strong>1:0<\/strong>. Dal\u0161\u00ed pr\u016fb\u011bh polo\u010dasu byl charakterizov\u00e1n na\u0161\u00ed velmi nejist\u011b hraj\u00edc\u00ed z\u00e1lohou a chaosem v obran\u011b. Jen d\u00edky nep\u0159esnosti Chelsea se sk\u00f3re d\u00e1le nezv\u00fd\u0161ilo.<\/p>\n<h4><strong>Druh\u00fd polo\u010das<\/strong><\/h4>\n<p>za\u010dal t\u00edm nejhor\u0161\u00edm mo\u017en\u00fdm zp\u016fsobem. Ve 47. minut\u011b MacIver na hranici velk\u00e9ho v\u00e1pna rozehr\u00e1la na Finngan. Ta j\u00ed m\u00ed\u010d nepochopiteln\u011b \u0161our\u00e1kem vracela, ov\u0161em bohu\u017eel rovnou p\u0159ed nosem Sam Kerr. Pro nejlep\u0161\u00ed st\u0159elkyni lo\u0148sk\u00e9ho ro\u010dn\u00edku u\u017e nebyl probl\u00e9m trefit pr\u00e1zdnou br\u00e1nu &#8211; <strong>2:0<\/strong>. Ojedin\u011bl\u00e1 \u00fato\u010dn\u00e1 akce Evertonu kon\u010dila zablokov\u00e1n\u00edm hlavi\u010dky Christiansen. Na druh\u00e9 stran\u011b zahrozila Kerr, ale jej\u00ed cross by blokov\u00e1n. A pot\u00e9 u\u017e n\u00e1sledovaly dal\u0161\u00ed a dal\u0161\u00ed \u00fato\u010dn\u00e9 vlny do \u0159ad zmaten\u011b hraj\u00edc\u00edho Evertonu. Na\u0161e sporadick\u00e9 pokusy o \u00fatok nar\u00e1\u017eely na nep\u0159esnost p\u0159ihr\u00e1vek, neschopnost zpracovat a odehr\u00e1t m\u00ed\u010d na jeden dotek nebo p\u0159ej\u00edt p\u0159es soupe\u0159ky. Toto se nezlep\u0161ilo ani po p\u0159\u00edchodu Dali a Duggan. Nen\u00ed divu, \u017ee se sk\u00f3re d\u00e1le hor\u0161ilo. Sam Kerr p\u0159isp\u011bla sv\u00fdm druh\u00fdm dne\u0161n\u00edm g\u00f3lem v minut\u011b 74., kdy prudkou hlavi\u010dkou po rohu zv\u00fd\u0161ila na <strong>3:0<\/strong>. Zakr\u00e1tko ode\u0161la st\u0159\u00eddat, ale ani tak jsme si nemohli oddychnout. Naopak. Na tr\u00e1vn\u00edk p\u0159i\u0161ed\u0161\u00ed Bethany England v 79. minut\u011b vyu\u017e\u00edv\u00e1 asitenci Kirby a zvy\u0161uje na <strong>4:0<\/strong>. Na\u0161e snaha o \u00fapravu v\u00fdsledku je marn\u00e1 a Chelsea zbytek z\u00e1pasu vyu\u017eila k tr\u00e9ninku sv\u00fdch za\u010d\u00ednaj\u00edc\u00edch hr\u00e1\u010dek.<\/p>\n<h4><strong>Shrnut\u00ed<\/strong><\/h4>\n<p>Druh\u00fd debakl ve dvou t\u00fddnech. Po dvou kolech m\u00e1me \u010dist\u00e9 konto nejen v rubrice &#8222;body&#8220;, ale i v sekci &#8222;vst\u0159elen\u00e9 g\u00f3ly.&#8220;\u00a0 Je pravda, \u017ee jsme prvn\u00ed dv\u011b kola hr\u00e1li s prvn\u00edmi dv\u011bma t\u00fdmy lo\u0148sk\u00e9 tabulky, ale i tak mus\u00edme uznat, \u017ee i v dne\u0161n\u00edm z\u00e1pase byl n\u00e1\u0161 v\u00fdkon op\u011bt tristn\u00ed. Takto sebev\u011bdom\u00fd a ambici\u00f3zn\u00ed v\u00fdkon mu\u017estva nabit\u00e9ho reprezentantkami nevypad\u00e1. Jist\u011b to v\u011bd\u00ed stejn\u011b tak dob\u0159e hr\u00e1\u010dky jako i Willie Kirk. A asi i je\u0161t\u011b n\u011bkdo: rychle smazan\u00fd, ale internetov\u00fdm lidem zachcen\u00fd tweet \u0160arvara Ismailova byl lakonick\u00fd: &#8222;Unacceptable.&#8220; V sobotu 25.9. ve 12:30 hrajeme s Birminghamem. Zde nic jin\u00e9ho ne\u017e t\u0159i body nep\u0159ipad\u00e1 v\u016fbec v \u00favahu, pokud mo\u017eno pros\u00edm i s \u010dist\u00fdm kontem. Come on, you blue girls!<\/p>\n<p><strong>Branky:<\/strong> Kirby (25\u00b4),\u00a0 Kerr (47\u00b4+74\u00b4), England (79\u00b4)<\/p>\n<p><strong>\u017dlut\u00e9 karty:<\/strong> Ingle<\/p>\n<p><strong>Everton:<\/strong> MacIver, Bennison, Bj\u00f6rn, Finnigan, Gabrielle George, Turner, Izzy Christiansen, Galli, Emslie, Anveg\u00e5rd, S\u00f8rensen<br \/>\nSubs: Sevecke, Dali, Duggan, Gauvin, Brosnan, Clinton, Pattinson<\/p>\n<p><strong>Chelsea:<\/strong> Berger, Carter, Eriksson, Bright, Reiten, Ji, Ingle, Kerr, Mosegaard-Harder, Kirby, Cuthbert.<br \/>\nSubs: Musovic, Nouwen, Leupolz, England, Fleming, Charles, Spence, Andersson, Fox.<\/p>\n<p><strong>Div\u00e1k\u016f:<\/strong> 2379<\/p>\n<p style=\"text-align: right;\"><span style=\"font-size: 10pt;\"><em>Fotografie: Kirby st\u0159\u00edl\u00ed prvn\u00ed branku. P\u0159ihl\u00ed\u017e\u00ed Bennison a Bj\u00f6rn (zdroj: Reuters via The Guardian)<\/em><\/span><\/p>\n","protected":false},"excerpt":{"rendered":"<p>V\u00fdjezdu do Lond\u00fdna p\u0159edch\u00e1zela m\u00edrn\u00e1 nervozita fanou\u0161k\u016f a na soci\u00e1ln\u00edch s\u00edt\u00edch prezentovan\u00e9 odhodl\u00e1n\u00ed Evertonu p\u0159edv\u00e9st solidn\u00ed v\u00fdkon.\u00a0 Z\u00e1zrak se ov\u0161em nestal a po neslavn\u00e9m v\u00fdkonu si karamely odvezly nakl\u00e1da\u010dku 0:4.<\/p>\n","protected":false},"author":26,"featured_media":16462,"comment_status":"open","ping_status":"closed","sticky":false,"template":"","format":"standard","meta":{"_eb_attr":"","_monsterinsights_skip_tracking":false,"_monsterinsights_sitenote_active":false,"_monsterinsights_sitenote_note":"","_monsterinsights_sitenote_category":0,"footnotes":""},"categories":[110,4],"tags":[],"yoast_head":"<!-- This site is optimized with the Yoast SEO plugin v23.4 - https:\/\/yoast.com\/wordpress\/plugins\/seo\/ -->\n<title>Chelsea W - Everton W 4:0 - Official Czech &amp; Slovak Everton Supporters&#039; Club<\/title>\n<meta name=\"robots\" content=\"index, follow, max-snippet:-1, max-image-preview:large, max-video-preview:-1\" \/>\n<link rel=\"canonical\" href=\"https:\/\/evertonfc.cz\/index.php\/2021\/09\/12\/chelsea-w-everton-w-40-2\/\" \/>\n<meta property=\"og:locale\" content=\"cs_CZ\" \/>\n<meta property=\"og:type\" content=\"article\" \/>\n<meta property=\"og:title\" content=\"Chelsea W - Everton W 4:0 - Official Czech &amp; Slovak Everton Supporters&#039; Club\" \/>\n<meta property=\"og:description\" content=\"V\u00fdjezdu do Lond\u00fdna p\u0159edch\u00e1zela m\u00edrn\u00e1 nervozita fanou\u0161k\u016f a na soci\u00e1ln\u00edch s\u00edt\u00edch prezentovan\u00e9 odhodl\u00e1n\u00ed Evertonu p\u0159edv\u00e9st solidn\u00ed v\u00fdkon.\u00a0 Z\u00e1zrak se ov\u0161em nestal a po neslavn\u00e9m v\u00fdkonu si karamely odvezly nakl\u00e1da\u010dku 0:4.\" \/>\n<meta property=\"og:url\" content=\"https:\/\/evertonfc.cz\/index.php\/2021\/09\/12\/chelsea-w-everton-w-40-2\/\" \/>\n<meta property=\"og:site_name\" content=\"Official Czech &amp; Slovak Everton Supporters&#039; Club\" \/>\n<meta property=\"article:publisher\" content=\"https:\/\/www.facebook.com\/everton.fans.cz.sk\" \/>\n<meta property=\"article:published_time\" content=\"2021-09-12T15:09:38+00:00\" \/>\n<meta property=\"article:modified_time\" content=\"2021-09-12T20:03:21+00:00\" \/>\n<meta property=\"og:image\" content=\"https:\/\/evertonfc.cz\/wp-content\/uploads\/2021\/09\/Bennison-a-Kirby-12_9_2021_web.jpg\" \/>\n\t<meta property=\"og:image:width\" content=\"720\" \/>\n\t<meta property=\"og:image:height\" content=\"405\" \/>\n\t<meta property=\"og:image:type\" content=\"image\/jpeg\" \/>\n<meta name=\"author\" content=\"Karamela\" \/>\n<meta name=\"twitter:card\" content=\"summary_large_image\" \/>\n<meta name=\"twitter:label1\" content=\"Napsal(a)\" \/>\n\t<meta name=\"twitter:data1\" content=\"Karamela\" \/>\n\t<meta name=\"twitter:label2\" content=\"Odhadovan\u00e1 doba \u010dten\u00ed\" \/>\n\t<meta name=\"twitter:data2\" content=\"3 minuty\" \/>\n<script type=\"application\/ld+json\" class=\"yoast-schema-graph\">{\"@context\":\"https:\/\/schema.org\",\"@graph\":[{\"@type\":\"Article\",\"@id\":\"https:\/\/evertonfc.cz\/index.php\/2021\/09\/12\/chelsea-w-everton-w-40-2\/#article\",\"isPartOf\":{\"@id\":\"https:\/\/evertonfc.cz\/index.php\/2021\/09\/12\/chelsea-w-everton-w-40-2\/\"},\"author\":{\"name\":\"Karamela\",\"@id\":\"https:\/\/evertonfc.cz\/#\/schema\/person\/e9a24a80a32efa1344dd2c4e5882185c\"},\"headline\":\"Chelsea W &#8211; Everton W 4:0\",\"datePublished\":\"2021-09-12T15:09:38+00:00\",\"dateModified\":\"2021-09-12T20:03:21+00:00\",\"mainEntityOfPage\":{\"@id\":\"https:\/\/evertonfc.cz\/index.php\/2021\/09\/12\/chelsea-w-everton-w-40-2\/\"},\"wordCount\":747,\"commentCount\":1,\"publisher\":{\"@id\":\"https:\/\/evertonfc.cz\/#organization\"},\"image\":{\"@id\":\"https:\/\/evertonfc.cz\/index.php\/2021\/09\/12\/chelsea-w-everton-w-40-2\/#primaryimage\"},\"thumbnailUrl\":\"https:\/\/evertonfc.cz\/wp-content\/uploads\/2021\/09\/Bennison-a-Kirby-12_9_2021_web.jpg\",\"articleSection\":[\"Everton Women\",\"Z\u00e1pasy\"],\"inLanguage\":\"cs\",\"potentialAction\":[{\"@type\":\"CommentAction\",\"name\":\"Comment\",\"target\":[\"https:\/\/evertonfc.cz\/index.php\/2021\/09\/12\/chelsea-w-everton-w-40-2\/#respond\"]}]},{\"@type\":\"WebPage\",\"@id\":\"https:\/\/evertonfc.cz\/index.php\/2021\/09\/12\/chelsea-w-everton-w-40-2\/\",\"url\":\"https:\/\/evertonfc.cz\/index.php\/2021\/09\/12\/chelsea-w-everton-w-40-2\/\",\"name\":\"Chelsea W - Everton W 4:0 - Official Czech &amp; Slovak Everton Supporters&#039; Club\",\"isPartOf\":{\"@id\":\"https:\/\/evertonfc.cz\/#website\"},\"primaryImageOfPage\":{\"@id\":\"https:\/\/evertonfc.cz\/index.php\/2021\/09\/12\/chelsea-w-everton-w-40-2\/#primaryimage\"},\"image\":{\"@id\":\"https:\/\/evertonfc.cz\/index.php\/2021\/09\/12\/chelsea-w-everton-w-40-2\/#primaryimage\"},\"thumbnailUrl\":\"https:\/\/evertonfc.cz\/wp-content\/uploads\/2021\/09\/Bennison-a-Kirby-12_9_2021_web.jpg\",\"datePublished\":\"2021-09-12T15:09:38+00:00\",\"dateModified\":\"2021-09-12T20:03:21+00:00\",\"breadcrumb\":{\"@id\":\"https:\/\/evertonfc.cz\/index.php\/2021\/09\/12\/chelsea-w-everton-w-40-2\/#breadcrumb\"},\"inLanguage\":\"cs\",\"potentialAction\":[{\"@type\":\"ReadAction\",\"target\":[\"https:\/\/evertonfc.cz\/index.php\/2021\/09\/12\/chelsea-w-everton-w-40-2\/\"]}]},{\"@type\":\"ImageObject\",\"inLanguage\":\"cs\",\"@id\":\"https:\/\/evertonfc.cz\/index.php\/2021\/09\/12\/chelsea-w-everton-w-40-2\/#primaryimage\",\"url\":\"https:\/\/evertonfc.cz\/wp-content\/uploads\/2021\/09\/Bennison-a-Kirby-12_9_2021_web.jpg\",\"contentUrl\":\"https:\/\/evertonfc.cz\/wp-content\/uploads\/2021\/09\/Bennison-a-Kirby-12_9_2021_web.jpg\",\"width\":720,\"height\":405},{\"@type\":\"BreadcrumbList\",\"@id\":\"https:\/\/evertonfc.cz\/index.php\/2021\/09\/12\/chelsea-w-everton-w-40-2\/#breadcrumb\",\"itemListElement\":[{\"@type\":\"ListItem\",\"position\":1,\"name\":\"Home\",\"item\":\"https:\/\/evertonfc.cz\/\"},{\"@type\":\"ListItem\",\"position\":2,\"name\":\"Chelsea W &#8211; Everton W 4:0\"}]},{\"@type\":\"WebSite\",\"@id\":\"https:\/\/evertonfc.cz\/#website\",\"url\":\"https:\/\/evertonfc.cz\/\",\"name\":\"Official Czech &amp; Slovak Everton Supporters&#039; Club\",\"description\":\"\",\"publisher\":{\"@id\":\"https:\/\/evertonfc.cz\/#organization\"},\"potentialAction\":[{\"@type\":\"SearchAction\",\"target\":{\"@type\":\"EntryPoint\",\"urlTemplate\":\"https:\/\/evertonfc.cz\/?s={search_term_string}\"},\"query-input\":{\"@type\":\"PropertyValueSpecification\",\"valueRequired\":true,\"valueName\":\"search_term_string\"}}],\"inLanguage\":\"cs\"},{\"@type\":\"Organization\",\"@id\":\"https:\/\/evertonfc.cz\/#organization\",\"name\":\"Official Czech & Slovak Everton Supporters' Club\",\"url\":\"https:\/\/evertonfc.cz\/\",\"logo\":{\"@type\":\"ImageObject\",\"inLanguage\":\"cs\",\"@id\":\"https:\/\/evertonfc.cz\/#\/schema\/logo\/image\/\",\"url\":\"https:\/\/evertonfc.cz\/wp-content\/uploads\/2019\/05\/logo.png\",\"contentUrl\":\"https:\/\/evertonfc.cz\/wp-content\/uploads\/2019\/05\/logo.png\",\"width\":112,\"height\":112,\"caption\":\"Official Czech & Slovak Everton Supporters' Club\"},\"image\":{\"@id\":\"https:\/\/evertonfc.cz\/#\/schema\/logo\/image\/\"},\"sameAs\":[\"https:\/\/www.facebook.com\/everton.fans.cz.sk\"]},{\"@type\":\"Person\",\"@id\":\"https:\/\/evertonfc.cz\/#\/schema\/person\/e9a24a80a32efa1344dd2c4e5882185c\",\"name\":\"Karamela\",\"url\":\"https:\/\/evertonfc.cz\/index.php\/author\/karamela\/\"}]}<\/script>\n<!-- \/ Yoast SEO plugin. -->","yoast_head_json":{"title":"Chelsea W - Everton W 4:0 - Official Czech &amp; Slovak Everton Supporters&#039; Club","robots":{"index":"index","follow":"follow","max-snippet":"max-snippet:-1","max-image-preview":"max-image-preview:large","max-video-preview":"max-video-preview:-1"},"canonical":"https:\/\/evertonfc.cz\/index.php\/2021\/09\/12\/chelsea-w-everton-w-40-2\/","og_locale":"cs_CZ","og_type":"article","og_title":"Chelsea W - Everton W 4:0 - Official Czech &amp; Slovak Everton Supporters&#039; Club","og_description":"V\u00fdjezdu do Lond\u00fdna p\u0159edch\u00e1zela m\u00edrn\u00e1 nervozita fanou\u0161k\u016f a na soci\u00e1ln\u00edch s\u00edt\u00edch prezentovan\u00e9 odhodl\u00e1n\u00ed Evertonu p\u0159edv\u00e9st solidn\u00ed v\u00fdkon.\u00a0 Z\u00e1zrak se ov\u0161em nestal a po neslavn\u00e9m v\u00fdkonu si karamely odvezly nakl\u00e1da\u010dku 0:4.","og_url":"https:\/\/evertonfc.cz\/index.php\/2021\/09\/12\/chelsea-w-everton-w-40-2\/","og_site_name":"Official Czech &amp; Slovak Everton Supporters&#039; Club","article_publisher":"https:\/\/www.facebook.com\/everton.fans.cz.sk","article_published_time":"2021-09-12T15:09:38+00:00","article_modified_time":"2021-09-12T20:03:21+00:00","og_image":[{"width":720,"height":405,"url":"https:\/\/evertonfc.cz\/wp-content\/uploads\/2021\/09\/Bennison-a-Kirby-12_9_2021_web.jpg","type":"image\/jpeg"}],"author":"Karamela","twitter_card":"summary_large_image","twitter_misc":{"Napsal(a)":"Karamela","Odhadovan\u00e1 doba \u010dten\u00ed":"3 minuty"},"schema":{"@context":"https:\/\/schema.org","@graph":[{"@type":"Article","@id":"https:\/\/evertonfc.cz\/index.php\/2021\/09\/12\/chelsea-w-everton-w-40-2\/#article","isPartOf":{"@id":"https:\/\/evertonfc.cz\/index.php\/2021\/09\/12\/chelsea-w-everton-w-40-2\/"},"author":{"name":"Karamela","@id":"https:\/\/evertonfc.cz\/#\/schema\/person\/e9a24a80a32efa1344dd2c4e5882185c"},"headline":"Chelsea W &#8211; Everton W 4:0","datePublished":"2021-09-12T15:09:38+00:00","dateModified":"2021-09-12T20:03:21+00:00","mainEntityOfPage":{"@id":"https:\/\/evertonfc.cz\/index.php\/2021\/09\/12\/chelsea-w-everton-w-40-2\/"},"wordCount":747,"commentCount":1,"publisher":{"@id":"https:\/\/evertonfc.cz\/#organization"},"image":{"@id":"https:\/\/evertonfc.cz\/index.php\/2021\/09\/12\/chelsea-w-everton-w-40-2\/#primaryimage"},"thumbnailUrl":"https:\/\/evertonfc.cz\/wp-content\/uploads\/2021\/09\/Bennison-a-Kirby-12_9_2021_web.jpg","articleSection":["Everton Women","Z\u00e1pasy"],"inLanguage":"cs","potentialAction":[{"@type":"CommentAction","name":"Comment","target":["https:\/\/evertonfc.cz\/index.php\/2021\/09\/12\/chelsea-w-everton-w-40-2\/#respond"]}]},{"@type":"WebPage","@id":"https:\/\/evertonfc.cz\/index.php\/2021\/09\/12\/chelsea-w-everton-w-40-2\/","url":"https:\/\/evertonfc.cz\/index.php\/2021\/09\/12\/chelsea-w-everton-w-40-2\/","name":"Chelsea W - Everton W 4:0 - Official Czech &amp; Slovak Everton Supporters&#039; Club","isPartOf":{"@id":"https:\/\/evertonfc.cz\/#website"},"primaryImageOfPage":{"@id":"https:\/\/evertonfc.cz\/index.php\/2021\/09\/12\/chelsea-w-everton-w-40-2\/#primaryimage"},"image":{"@id":"https:\/\/evertonfc.cz\/index.php\/2021\/09\/12\/chelsea-w-everton-w-40-2\/#primaryimage"},"thumbnailUrl":"https:\/\/evertonfc.cz\/wp-content\/uploads\/2021\/09\/Bennison-a-Kirby-12_9_2021_web.jpg","datePublished":"2021-09-12T15:09:38+00:00","dateModified":"2021-09-12T20:03:21+00:00","breadcrumb":{"@id":"https:\/\/evertonfc.cz\/index.php\/2021\/09\/12\/chelsea-w-everton-w-40-2\/#breadcrumb"},"inLanguage":"cs","potentialAction":[{"@type":"ReadAction","target":["https:\/\/evertonfc.cz\/index.php\/2021\/09\/12\/chelsea-w-everton-w-40-2\/"]}]},{"@type":"ImageObject","inLanguage":"cs","@id":"https:\/\/evertonfc.cz\/index.php\/2021\/09\/12\/chelsea-w-everton-w-40-2\/#primaryimage","url":"https:\/\/evertonfc.cz\/wp-content\/uploads\/2021\/09\/Bennison-a-Kirby-12_9_2021_web.jpg","contentUrl":"https:\/\/evertonfc.cz\/wp-content\/uploads\/2021\/09\/Bennison-a-Kirby-12_9_2021_web.jpg","width":720,"height":405},{"@type":"BreadcrumbList","@id":"https:\/\/evertonfc.cz\/index.php\/2021\/09\/12\/chelsea-w-everton-w-40-2\/#breadcrumb","itemListElement":[{"@type":"ListItem","position":1,"name":"Home","item":"https:\/\/evertonfc.cz\/"},{"@type":"ListItem","position":2,"name":"Chelsea W &#8211; Everton W 4:0"}]},{"@type":"WebSite","@id":"https:\/\/evertonfc.cz\/#website","url":"https:\/\/evertonfc.cz\/","name":"Official Czech &amp; Slovak Everton Supporters&#039; Club","description":"","publisher":{"@id":"https:\/\/evertonfc.cz\/#organization"},"potentialAction":[{"@type":"SearchAction","target":{"@type":"EntryPoint","urlTemplate":"https:\/\/evertonfc.cz\/?s={search_term_string}"},"query-input":{"@type":"PropertyValueSpecification","valueRequired":true,"valueName":"search_term_string"}}],"inLanguage":"cs"},{"@type":"Organization","@id":"https:\/\/evertonfc.cz\/#organization","name":"Official Czech & Slovak Everton Supporters' Club","url":"https:\/\/evertonfc.cz\/","logo":{"@type":"ImageObject","inLanguage":"cs","@id":"https:\/\/evertonfc.cz\/#\/schema\/logo\/image\/","url":"https:\/\/evertonfc.cz\/wp-content\/uploads\/2019\/05\/logo.png","contentUrl":"https:\/\/evertonfc.cz\/wp-content\/uploads\/2019\/05\/logo.png","width":112,"height":112,"caption":"Official Czech & Slovak Everton Supporters' Club"},"image":{"@id":"https:\/\/evertonfc.cz\/#\/schema\/logo\/image\/"},"sameAs":["https:\/\/www.facebook.com\/everton.fans.cz.sk"]},{"@type":"Person","@id":"https:\/\/evertonfc.cz\/#\/schema\/person\/e9a24a80a32efa1344dd2c4e5882185c","name":"Karamela","url":"https:\/\/evertonfc.cz\/index.php\/author\/karamela\/"}]}},"_links":{"self":[{"href":"https:\/\/evertonfc.cz\/index.php\/wp-json\/wp\/v2\/posts\/16454"}],"collection":[{"href":"https:\/\/evertonfc.cz\/index.php\/wp-json\/wp\/v2\/posts"}],"about":[{"href":"https:\/\/evertonfc.cz\/index.php\/wp-json\/wp\/v2\/types\/post"}],"author":[{"embeddable":true,"href":"https:\/\/evertonfc.cz\/index.php\/wp-json\/wp\/v2\/users\/26"}],"replies":[{"embeddable":true,"href":"https:\/\/evertonfc.cz\/index.php\/wp-json\/wp\/v2\/comments?post=16454"}],"version-history":[{"count":11,"href":"https:\/\/evertonfc.cz\/index.php\/wp-json\/wp\/v2\/posts\/16454\/revisions"}],"predecessor-version":[{"id":16467,"href":"https:\/\/evertonfc.cz\/index.php\/wp-json\/wp\/v2\/posts\/16454\/revisions\/16467"}],"wp:featuredmedia":[{"embeddable":true,"href":"https:\/\/evertonfc.cz\/index.php\/wp-json\/wp\/v2\/media\/16462"}],"wp:attachment":[{"href":"https:\/\/evertonfc.cz\/index.php\/wp-json\/wp\/v2\/media?parent=16454"}],"wp:term":[{"taxonomy":"category","embeddable":true,"href":"https:\/\/evertonfc.cz\/index.php\/wp-json\/wp\/v2\/categories?post=16454"},{"taxonomy":"post_tag","embeddable":true,"href":"https:\/\/evertonfc.cz\/index.php\/wp-json\/wp\/v2\/tags?post=16454"}],"curies":[{"name":"wp","href":"https:\/\/api.w.org\/{rel}","templated":true}]}}