{"id":16468,"date":"2021-09-13T15:32:49","date_gmt":"2021-09-13T13:32:49","guid":{"rendered":"https:\/\/evertonfc.cz\/?p=16468"},"modified":"2021-09-13T20:51:35","modified_gmt":"2021-09-13T18:51:35","slug":"preview-everton-burnley-5","status":"publish","type":"post","link":"https:\/\/evertonfc.cz\/index.php\/2021\/09\/13\/preview-everton-burnley-5\/","title":{"rendered":"Preview: Everton &#8211; Burnley"},"content":{"rendered":"<h4>Dlouh\u00fdch 16 dn\u00ed jsme museli \u010dekat, ne\u017e se op\u011bt budeme moci sej\u00edt u obrazovek a sledovat milovan\u00fd Everton. Nav\u00e1zat na \u00fasp\u011b\u0161n\u00fd start m\u016f\u017eeme s dal\u0161\u00edm t\u00fdmem z lo\u0148sk\u00e9 spodn\u00ed poloviny, p\u0159ij\u00ed\u017ed\u00ed Burnley.<\/h4>\n<p>Nep\u016fjde samoz\u0159ejm\u011b o \u017e\u00e1dn\u00fd jednoduch\u00fd \u00fakol, ale favority z\u016fst\u00e1v\u00e1me. Clarets, jak se podle zbarven\u00ed p\u0159ezd\u00edv\u00e1 Burnley FC, vstoupili do nov\u00e9ho ro\u010dn\u00edku s t\u00edm, \u017ee i letos to bude hlavn\u011b o dob\u00fdv\u00e1n\u00ed k\u00f3ty 40. \u00a0Na cest\u011b zat\u00edm narazili na t\u00e9m\u011b\u0159 stejn\u00e9 soupe\u0159e jako Toffees, s odli\u0161n\u00fdmi v\u00fdsledky. Doma podlehli Brightonu, remizovali s Leedsem. Mezi t\u00edm prohr\u00e1li se spr\u00e1vci na\u0161eho p\u016fvodn\u00edho h\u0159i\u0161t\u011b.<\/p>\n<h4>N\u011bco o soupe\u0159i<\/h4>\n<p>P\u0159estupn\u00ed obdob\u00ed, kter\u00e9 skon\u010dilo s prvn\u00edm dnem m\u011bs\u00edce, m\u011bli Clarets vydatn\u011bj\u0161\u00ed. Alespo\u0148 co do p\u0159estupov\u00fdch \u010d\u00e1stek. Na \u00farovni p\u0159estupov\u00e9ho maxima, za 14 milion\u016f eur, p\u0159i\u0161el mlad\u00fd obr\u00e1nce Nathan Collins. P\u0159ed uz\u00e1v\u011brkou se poda\u0159ilo dokon\u010dit p\u0159ekvapiv\u00fd transfer z Lyonu, za 15 mega eur p\u0159icestoval Maxwel Cornet, produktivn\u00ed k\u0159\u00eddlo, posledn\u00ed dobou sp\u00ed\u0161e wingback. Pozn\u00e1mka na okraj, rekordn\u00ed p\u0159estup dr\u017e\u00ed Ben Gibson, kter\u00fd st\u00e1l 16,9 milion\u016f eur, ale tento obr\u00e1nce se porou\u010del p\u0159ed sezonou zp\u011bt do Championshipu. Ne, tak moment, Norwich u\u017e je zase zp\u00e1tky v EPL.<\/p>\n<p>Naopak se podr\u017eelo udr\u017eet stabiln\u00ed stoperskou dvojici Ben Mee \u2013 James Tarkowski, kter\u00e9 dopl\u0148uje reprezenta\u010dn\u00ed n\u00e1hradn\u00edk Pickforda mezi ty\u010demi Albionu, Nick Pope. Je\u0161t\u011b jednu posilu do defenz\u00edvy se poda\u0159ilo z\u00edskat, ze Swansea dorazil prav\u00fd bek Connor Roberts. A pak \u017ee nejsou.<\/p>\n<p>Dal\u0161\u00ed jm\u00e9no, kter\u00e9 se spojovalo s p\u0159estupem, a to na Goodison Park, je Dwight McNeill. Burnley ale po\u017eadovalo za p\u0159estup sv\u00e9ho st\u00e1le jen 21let\u00e9ho lev\u00e9ho k\u0159\u00eddla p\u0159\u00edli\u0161 mnoho. I tak bychom si ho nemohli dovolit. Za dosavadn\u00edch 99 z\u00e1pas\u016f nasb\u00edral v EPL 7 branek a 16 asistenc\u00ed. U\u017e 4 sez\u00f3ny se pak o nejv\u011bt\u0161\u00ed d\u00edl branek Burnley star\u00e1 novoz\u00e9landsk\u00fd snajpr Chris Wood. Letos u\u017e m\u00e1 tak\u00e9 jeden z\u00e1sah.<\/p>\n<h4>Co nov\u00e9ho u n\u00e1s<\/h4>\n<p>Jedinou posilou z\u00a0deadline day pro Everton je p\u0159\u00edchod Salomona Rondona. Ten se zapojil aktivn\u011b do p\u0159\u00edpravy a za\u010dne patrn\u011b na lavi\u010dce. Na t\u00e9 se nepotk\u00e1 s\u00a0p\u0159e\u017eiv\u0161\u00edm Jamesem Rodriguezem, kter\u00fd mus\u00ed \u00fadajn\u011b doh\u00e1n\u011bt po absenci fyzickou zdatnost. Dal\u0161\u00ed absenc\u00ed je Fabien Delph. Jeho hr\u00e1\u010dsk\u00e1 registrace u\u017e kone\u010dn\u011b spadla do skartova\u010dky, Delphovi se ji sice poda\u0159ilo je\u0161t\u011b vyt\u00e1hnout, ale odneslo to vyklouben\u00e9 rameno.<\/p>\n<p>Reprezenta\u010dn\u00ed pauza op\u011bt zv\u00fd\u0161ila v\u00fdznam ot\u00e1zky prav\u00e9ho beka, proto\u017ee Irov\u00e9 n\u00e1m vr\u00e1tili Seamuse pochrouman\u00e9ho. Na\u0161t\u011bst\u00ed se podle v\u0161eho dal do kupy a bude p\u0159ipraven za\u010d\u00edt od za\u010d\u00e1tku. Dal\u0161\u00ed jedin\u00e1 ot\u00e1zka v\u00a0sestav\u011b tak z\u016fst\u00e1v\u00e1 Townsend nebo Iwobi. Osobn\u011b se nemohu s\u00e1m rozhodnout, ale malinko se p\u0159ikl\u00e1n\u00edm k\u00a0Nig\u00e9rijci.<\/p>\n<h4>Jak to bylo naposledy<\/h4>\n<p>P\u0159esn\u011b p\u0159ed p\u016fl rokem se hr\u00e1l na pr\u00e1zdn\u00fdm Goodison Parkem stejn\u00fd z\u00e1pas. Carlo Ancelotti a jeho sv\u011b\u0159enci byli na za\u010d\u00e1tku obt\u00ed\u017en\u00e9ho obdob\u00ed, slab\u0161\u00ed forma v\u00a0dom\u00e1c\u00edm prost\u0159ed\u00ed tedy p\u0159inesla velk\u00e9 mno\u017estv\u00ed ztracen\u00fdch bod\u016f. Mezi ty ne\u010dekan\u00e9 pat\u0159\u00ed tato por\u00e1\u017eka 1:2, Burnley se po p\u016flhodin\u011b ujalo veden\u00ed 2:0 a zejm\u00e9na trefa McNeila se \u0159ad\u00ed mezi \u017eivotn\u00ed. Gudmundsson trefil pot\u00e9 je\u0161t\u011b ty\u010d, p\u0159i\u010dem\u017e se patrn\u011b zranil Pickford a prvn\u00ed \u0161anci v\u00a0EPL dostal Virginia. Sni\u017eoval Calvert-Lewin, na prav\u00e9m beku za\u010dal Holgate, ale pak ho st\u0159\u00eddal Coleman.<\/p>\n<h4>Bilance a zaj\u00edmavosti<\/h4>\n<p>A\u010d jde o soupe\u0159e ze spodn\u00edch pater, nijak skv\u011blou bilanci se z\u00e1chran\u00e1\u0159i z\u00a0Lancashire nem\u00e1me. Jde o t\u00e9m\u011b\u0159 vyrovnan\u00fd stav 7 \u2013 1 \u2013 6. Celkov\u011b ve v\u0161ech sout\u011b\u017e\u00edch je to pak o mali\u010dko lep\u0161\u00ed: 51 \u2013 30 \u2013 37.<\/p>\n<p>V\u00fdsledkov\u011b to tak\u00e9 nejsou \u017e\u00e1dn\u00e9 kanon\u00e1dy, na \u0160t\u011bp\u00e1na roku 2018 jsme sice na Turf Moor zv\u00edt\u011bzili 5:1, ale to je sp\u00ed\u0161e v\u00fdjimka. Doma se naposled poda\u0159ilo zv\u00edt\u011bzit o v\u00edce jak 2 branky je\u0161t\u011b v \u00e9\u0159e Harryho Cattericka v roce 1968.<\/p>\n<p>Pokud by se dnes trefil znovu Dominic Calver-Lewin, bylo by to nejen po \u010dtvrt\u00e9 v\u00a0\u0159ad\u011b v\u00a0sez\u00f3n\u011b, ale i ve \u010dtvrt\u00e9m z\u00e1pase za sebou proti jednomu soupe\u0159i. Hodn\u011b \u0161t\u011bst\u00ed!<\/p>\n<p>Pro Seamuse Colemana p\u016fjde o 303. z\u00e1pas za Everton v EPL, t\u00edm by se odpoutal od Unswortha na 5. m\u00edst\u011b celkov\u00e9ho po\u0159ad\u00ed. Od al\u0161\u00edch 20 z\u00e1pas\u016f v\u00edce m\u00e1 Jagielka. Dohnat trio Baines-Osman-Howard by si vy\u017e\u00e1dalo tuhle a je\u0161t\u011b dal\u0161\u00ed plnou sez\u00f3nu.<\/p>\n<p><strong>Co<\/strong>: Everton FC \u2013 Burnley FC, 4. kolo Premier League<br \/>\n<strong>Kdy<\/strong>: 13. z\u00e1\u0159\u00ed 2021 od 21:00 SE\u010c<br \/>\n<strong>Kde<\/strong>: Goodison Park, Goodison Road, Liverpool, L4 4EL (kapacita: 39 572)<br \/>\n<strong>TV<\/strong>: P\u0159\u00edm\u00fd p\u0159enos na stanici Premier Sport 1 od 20:55<br \/>\n<strong>Hlavn\u00ed rozhod\u010d\u00ed<\/strong><strong>: <\/strong>Martin Atkinson <strong>Postrann\u00ed<\/strong><strong>:\u00a0<\/strong>Adrian Holmes, Scott Ledger <strong>\u010ctvrt\u00fd<\/strong> <strong>rozhod\u010d\u00ed<\/strong><strong>: <\/strong>Mike Dean<br \/>\n<strong>VAR<\/strong><strong>:<\/strong> Kevin Friend <strong>Asistent<\/strong> <strong>VAR<\/strong><strong>:\u00a0<\/strong>Timothy Wood<\/p>\n","protected":false},"excerpt":{"rendered":"<p>Dlouh\u00fdch 16 dn\u00ed jsme museli \u010dekat, ne\u017e se op\u011bt budeme moci sej\u00edt u obrazovek a sledovat milovan\u00fd Everton. Nav\u00e1zat na \u00fasp\u011b\u0161n\u00fd start m\u016f\u017eeme s\u00a0dal\u0161\u00edm t\u00fdmem z\u00a0lo\u0148sk\u00e9 spodn\u00ed poloviny, p\u0159ij\u00ed\u017ed\u00ed Burnley.<\/p>\n","protected":false},"author":10,"featured_media":14586,"comment_status":"open","ping_status":"closed","sticky":false,"template":"","format":"standard","meta":{"_eb_attr":"","_monsterinsights_skip_tracking":false,"_monsterinsights_sitenote_active":false,"_monsterinsights_sitenote_note":"","_monsterinsights_sitenote_category":0,"footnotes":""},"categories":[4],"tags":[],"yoast_head":"<!-- This site is optimized with the Yoast SEO plugin v23.4 - https:\/\/yoast.com\/wordpress\/plugins\/seo\/ -->\n<title>Preview: Everton - Burnley - Official Czech &amp; Slovak Everton Supporters&#039; Club<\/title>\n<meta name=\"robots\" content=\"index, follow, max-snippet:-1, max-image-preview:large, max-video-preview:-1\" \/>\n<link rel=\"canonical\" href=\"https:\/\/evertonfc.cz\/index.php\/2021\/09\/13\/preview-everton-burnley-5\/\" \/>\n<meta property=\"og:locale\" content=\"cs_CZ\" \/>\n<meta property=\"og:type\" content=\"article\" \/>\n<meta property=\"og:title\" content=\"Preview: Everton - Burnley - Official Czech &amp; Slovak Everton Supporters&#039; Club\" \/>\n<meta property=\"og:description\" content=\"Dlouh\u00fdch 16 dn\u00ed jsme museli \u010dekat, ne\u017e se op\u011bt budeme moci sej\u00edt u obrazovek a sledovat milovan\u00fd Everton. Nav\u00e1zat na \u00fasp\u011b\u0161n\u00fd start m\u016f\u017eeme s\u00a0dal\u0161\u00edm t\u00fdmem z\u00a0lo\u0148sk\u00e9 spodn\u00ed poloviny, p\u0159ij\u00ed\u017ed\u00ed Burnley.\" \/>\n<meta property=\"og:url\" content=\"https:\/\/evertonfc.cz\/index.php\/2021\/09\/13\/preview-everton-burnley-5\/\" \/>\n<meta property=\"og:site_name\" content=\"Official Czech &amp; Slovak Everton Supporters&#039; Club\" \/>\n<meta property=\"article:publisher\" content=\"https:\/\/www.facebook.com\/everton.fans.cz.sk\" \/>\n<meta property=\"article:published_time\" content=\"2021-09-13T13:32:49+00:00\" \/>\n<meta property=\"article:modified_time\" content=\"2021-09-13T18:51:35+00:00\" \/>\n<meta property=\"og:image\" content=\"https:\/\/evertonfc.cz\/wp-content\/uploads\/2021\/03\/Everton-VS-Burnley.jpg\" \/>\n\t<meta property=\"og:image:width\" content=\"720\" \/>\n\t<meta property=\"og:image:height\" content=\"405\" \/>\n\t<meta property=\"og:image:type\" content=\"image\/jpeg\" \/>\n<meta name=\"author\" content=\"Fip\" \/>\n<meta name=\"twitter:card\" content=\"summary_large_image\" \/>\n<meta name=\"twitter:label1\" content=\"Napsal(a)\" \/>\n\t<meta name=\"twitter:data1\" content=\"Fip\" \/>\n\t<meta name=\"twitter:label2\" content=\"Odhadovan\u00e1 doba \u010dten\u00ed\" \/>\n\t<meta name=\"twitter:data2\" content=\"4 minuty\" \/>\n<script type=\"application\/ld+json\" class=\"yoast-schema-graph\">{\"@context\":\"https:\/\/schema.org\",\"@graph\":[{\"@type\":\"Article\",\"@id\":\"https:\/\/evertonfc.cz\/index.php\/2021\/09\/13\/preview-everton-burnley-5\/#article\",\"isPartOf\":{\"@id\":\"https:\/\/evertonfc.cz\/index.php\/2021\/09\/13\/preview-everton-burnley-5\/\"},\"author\":{\"name\":\"Fip\",\"@id\":\"https:\/\/evertonfc.cz\/#\/schema\/person\/35904009755e8eaa0dc1a5f5f0419002\"},\"headline\":\"Preview: Everton &#8211; Burnley\",\"datePublished\":\"2021-09-13T13:32:49+00:00\",\"dateModified\":\"2021-09-13T18:51:35+00:00\",\"mainEntityOfPage\":{\"@id\":\"https:\/\/evertonfc.cz\/index.php\/2021\/09\/13\/preview-everton-burnley-5\/\"},\"wordCount\":882,\"commentCount\":9,\"publisher\":{\"@id\":\"https:\/\/evertonfc.cz\/#organization\"},\"image\":{\"@id\":\"https:\/\/evertonfc.cz\/index.php\/2021\/09\/13\/preview-everton-burnley-5\/#primaryimage\"},\"thumbnailUrl\":\"https:\/\/evertonfc.cz\/wp-content\/uploads\/2021\/03\/Everton-VS-Burnley.jpg\",\"articleSection\":[\"Z\u00e1pasy\"],\"inLanguage\":\"cs\",\"potentialAction\":[{\"@type\":\"CommentAction\",\"name\":\"Comment\",\"target\":[\"https:\/\/evertonfc.cz\/index.php\/2021\/09\/13\/preview-everton-burnley-5\/#respond\"]}]},{\"@type\":\"WebPage\",\"@id\":\"https:\/\/evertonfc.cz\/index.php\/2021\/09\/13\/preview-everton-burnley-5\/\",\"url\":\"https:\/\/evertonfc.cz\/index.php\/2021\/09\/13\/preview-everton-burnley-5\/\",\"name\":\"Preview: Everton - Burnley - Official Czech &amp; Slovak Everton Supporters&#039; Club\",\"isPartOf\":{\"@id\":\"https:\/\/evertonfc.cz\/#website\"},\"primaryImageOfPage\":{\"@id\":\"https:\/\/evertonfc.cz\/index.php\/2021\/09\/13\/preview-everton-burnley-5\/#primaryimage\"},\"image\":{\"@id\":\"https:\/\/evertonfc.cz\/index.php\/2021\/09\/13\/preview-everton-burnley-5\/#primaryimage\"},\"thumbnailUrl\":\"https:\/\/evertonfc.cz\/wp-content\/uploads\/2021\/03\/Everton-VS-Burnley.jpg\",\"datePublished\":\"2021-09-13T13:32:49+00:00\",\"dateModified\":\"2021-09-13T18:51:35+00:00\",\"breadcrumb\":{\"@id\":\"https:\/\/evertonfc.cz\/index.php\/2021\/09\/13\/preview-everton-burnley-5\/#breadcrumb\"},\"inLanguage\":\"cs\",\"potentialAction\":[{\"@type\":\"ReadAction\",\"target\":[\"https:\/\/evertonfc.cz\/index.php\/2021\/09\/13\/preview-everton-burnley-5\/\"]}]},{\"@type\":\"ImageObject\",\"inLanguage\":\"cs\",\"@id\":\"https:\/\/evertonfc.cz\/index.php\/2021\/09\/13\/preview-everton-burnley-5\/#primaryimage\",\"url\":\"https:\/\/evertonfc.cz\/wp-content\/uploads\/2021\/03\/Everton-VS-Burnley.jpg\",\"contentUrl\":\"https:\/\/evertonfc.cz\/wp-content\/uploads\/2021\/03\/Everton-VS-Burnley.jpg\",\"width\":720,\"height\":405},{\"@type\":\"BreadcrumbList\",\"@id\":\"https:\/\/evertonfc.cz\/index.php\/2021\/09\/13\/preview-everton-burnley-5\/#breadcrumb\",\"itemListElement\":[{\"@type\":\"ListItem\",\"position\":1,\"name\":\"Home\",\"item\":\"https:\/\/evertonfc.cz\/\"},{\"@type\":\"ListItem\",\"position\":2,\"name\":\"Preview: Everton &#8211; Burnley\"}]},{\"@type\":\"WebSite\",\"@id\":\"https:\/\/evertonfc.cz\/#website\",\"url\":\"https:\/\/evertonfc.cz\/\",\"name\":\"Official Czech &amp; Slovak Everton Supporters&#039; Club\",\"description\":\"\",\"publisher\":{\"@id\":\"https:\/\/evertonfc.cz\/#organization\"},\"potentialAction\":[{\"@type\":\"SearchAction\",\"target\":{\"@type\":\"EntryPoint\",\"urlTemplate\":\"https:\/\/evertonfc.cz\/?s={search_term_string}\"},\"query-input\":{\"@type\":\"PropertyValueSpecification\",\"valueRequired\":true,\"valueName\":\"search_term_string\"}}],\"inLanguage\":\"cs\"},{\"@type\":\"Organization\",\"@id\":\"https:\/\/evertonfc.cz\/#organization\",\"name\":\"Official Czech & Slovak Everton Supporters' Club\",\"url\":\"https:\/\/evertonfc.cz\/\",\"logo\":{\"@type\":\"ImageObject\",\"inLanguage\":\"cs\",\"@id\":\"https:\/\/evertonfc.cz\/#\/schema\/logo\/image\/\",\"url\":\"https:\/\/evertonfc.cz\/wp-content\/uploads\/2019\/05\/logo.png\",\"contentUrl\":\"https:\/\/evertonfc.cz\/wp-content\/uploads\/2019\/05\/logo.png\",\"width\":112,\"height\":112,\"caption\":\"Official Czech & Slovak Everton Supporters' Club\"},\"image\":{\"@id\":\"https:\/\/evertonfc.cz\/#\/schema\/logo\/image\/\"},\"sameAs\":[\"https:\/\/www.facebook.com\/everton.fans.cz.sk\"]},{\"@type\":\"Person\",\"@id\":\"https:\/\/evertonfc.cz\/#\/schema\/person\/35904009755e8eaa0dc1a5f5f0419002\",\"name\":\"Fip\",\"url\":\"https:\/\/evertonfc.cz\/index.php\/author\/fip\/\"}]}<\/script>\n<!-- \/ Yoast SEO plugin. -->","yoast_head_json":{"title":"Preview: Everton - Burnley - Official Czech &amp; Slovak Everton Supporters&#039; Club","robots":{"index":"index","follow":"follow","max-snippet":"max-snippet:-1","max-image-preview":"max-image-preview:large","max-video-preview":"max-video-preview:-1"},"canonical":"https:\/\/evertonfc.cz\/index.php\/2021\/09\/13\/preview-everton-burnley-5\/","og_locale":"cs_CZ","og_type":"article","og_title":"Preview: Everton - Burnley - Official Czech &amp; Slovak Everton Supporters&#039; Club","og_description":"Dlouh\u00fdch 16 dn\u00ed jsme museli \u010dekat, ne\u017e se op\u011bt budeme moci sej\u00edt u obrazovek a sledovat milovan\u00fd Everton. Nav\u00e1zat na \u00fasp\u011b\u0161n\u00fd start m\u016f\u017eeme s\u00a0dal\u0161\u00edm t\u00fdmem z\u00a0lo\u0148sk\u00e9 spodn\u00ed poloviny, p\u0159ij\u00ed\u017ed\u00ed Burnley.","og_url":"https:\/\/evertonfc.cz\/index.php\/2021\/09\/13\/preview-everton-burnley-5\/","og_site_name":"Official Czech &amp; Slovak Everton Supporters&#039; Club","article_publisher":"https:\/\/www.facebook.com\/everton.fans.cz.sk","article_published_time":"2021-09-13T13:32:49+00:00","article_modified_time":"2021-09-13T18:51:35+00:00","og_image":[{"width":720,"height":405,"url":"https:\/\/evertonfc.cz\/wp-content\/uploads\/2021\/03\/Everton-VS-Burnley.jpg","type":"image\/jpeg"}],"author":"Fip","twitter_card":"summary_large_image","twitter_misc":{"Napsal(a)":"Fip","Odhadovan\u00e1 doba \u010dten\u00ed":"4 minuty"},"schema":{"@context":"https:\/\/schema.org","@graph":[{"@type":"Article","@id":"https:\/\/evertonfc.cz\/index.php\/2021\/09\/13\/preview-everton-burnley-5\/#article","isPartOf":{"@id":"https:\/\/evertonfc.cz\/index.php\/2021\/09\/13\/preview-everton-burnley-5\/"},"author":{"name":"Fip","@id":"https:\/\/evertonfc.cz\/#\/schema\/person\/35904009755e8eaa0dc1a5f5f0419002"},"headline":"Preview: Everton &#8211; Burnley","datePublished":"2021-09-13T13:32:49+00:00","dateModified":"2021-09-13T18:51:35+00:00","mainEntityOfPage":{"@id":"https:\/\/evertonfc.cz\/index.php\/2021\/09\/13\/preview-everton-burnley-5\/"},"wordCount":882,"commentCount":9,"publisher":{"@id":"https:\/\/evertonfc.cz\/#organization"},"image":{"@id":"https:\/\/evertonfc.cz\/index.php\/2021\/09\/13\/preview-everton-burnley-5\/#primaryimage"},"thumbnailUrl":"https:\/\/evertonfc.cz\/wp-content\/uploads\/2021\/03\/Everton-VS-Burnley.jpg","articleSection":["Z\u00e1pasy"],"inLanguage":"cs","potentialAction":[{"@type":"CommentAction","name":"Comment","target":["https:\/\/evertonfc.cz\/index.php\/2021\/09\/13\/preview-everton-burnley-5\/#respond"]}]},{"@type":"WebPage","@id":"https:\/\/evertonfc.cz\/index.php\/2021\/09\/13\/preview-everton-burnley-5\/","url":"https:\/\/evertonfc.cz\/index.php\/2021\/09\/13\/preview-everton-burnley-5\/","name":"Preview: Everton - Burnley - Official Czech &amp; Slovak Everton Supporters&#039; Club","isPartOf":{"@id":"https:\/\/evertonfc.cz\/#website"},"primaryImageOfPage":{"@id":"https:\/\/evertonfc.cz\/index.php\/2021\/09\/13\/preview-everton-burnley-5\/#primaryimage"},"image":{"@id":"https:\/\/evertonfc.cz\/index.php\/2021\/09\/13\/preview-everton-burnley-5\/#primaryimage"},"thumbnailUrl":"https:\/\/evertonfc.cz\/wp-content\/uploads\/2021\/03\/Everton-VS-Burnley.jpg","datePublished":"2021-09-13T13:32:49+00:00","dateModified":"2021-09-13T18:51:35+00:00","breadcrumb":{"@id":"https:\/\/evertonfc.cz\/index.php\/2021\/09\/13\/preview-everton-burnley-5\/#breadcrumb"},"inLanguage":"cs","potentialAction":[{"@type":"ReadAction","target":["https:\/\/evertonfc.cz\/index.php\/2021\/09\/13\/preview-everton-burnley-5\/"]}]},{"@type":"ImageObject","inLanguage":"cs","@id":"https:\/\/evertonfc.cz\/index.php\/2021\/09\/13\/preview-everton-burnley-5\/#primaryimage","url":"https:\/\/evertonfc.cz\/wp-content\/uploads\/2021\/03\/Everton-VS-Burnley.jpg","contentUrl":"https:\/\/evertonfc.cz\/wp-content\/uploads\/2021\/03\/Everton-VS-Burnley.jpg","width":720,"height":405},{"@type":"BreadcrumbList","@id":"https:\/\/evertonfc.cz\/index.php\/2021\/09\/13\/preview-everton-burnley-5\/#breadcrumb","itemListElement":[{"@type":"ListItem","position":1,"name":"Home","item":"https:\/\/evertonfc.cz\/"},{"@type":"ListItem","position":2,"name":"Preview: Everton &#8211; Burnley"}]},{"@type":"WebSite","@id":"https:\/\/evertonfc.cz\/#website","url":"https:\/\/evertonfc.cz\/","name":"Official Czech &amp; Slovak Everton Supporters&#039; Club","description":"","publisher":{"@id":"https:\/\/evertonfc.cz\/#organization"},"potentialAction":[{"@type":"SearchAction","target":{"@type":"EntryPoint","urlTemplate":"https:\/\/evertonfc.cz\/?s={search_term_string}"},"query-input":{"@type":"PropertyValueSpecification","valueRequired":true,"valueName":"search_term_string"}}],"inLanguage":"cs"},{"@type":"Organization","@id":"https:\/\/evertonfc.cz\/#organization","name":"Official Czech & Slovak Everton Supporters' Club","url":"https:\/\/evertonfc.cz\/","logo":{"@type":"ImageObject","inLanguage":"cs","@id":"https:\/\/evertonfc.cz\/#\/schema\/logo\/image\/","url":"https:\/\/evertonfc.cz\/wp-content\/uploads\/2019\/05\/logo.png","contentUrl":"https:\/\/evertonfc.cz\/wp-content\/uploads\/2019\/05\/logo.png","width":112,"height":112,"caption":"Official Czech & Slovak Everton Supporters' Club"},"image":{"@id":"https:\/\/evertonfc.cz\/#\/schema\/logo\/image\/"},"sameAs":["https:\/\/www.facebook.com\/everton.fans.cz.sk"]},{"@type":"Person","@id":"https:\/\/evertonfc.cz\/#\/schema\/person\/35904009755e8eaa0dc1a5f5f0419002","name":"Fip","url":"https:\/\/evertonfc.cz\/index.php\/author\/fip\/"}]}},"_links":{"self":[{"href":"https:\/\/evertonfc.cz\/index.php\/wp-json\/wp\/v2\/posts\/16468"}],"collection":[{"href":"https:\/\/evertonfc.cz\/index.php\/wp-json\/wp\/v2\/posts"}],"about":[{"href":"https:\/\/evertonfc.cz\/index.php\/wp-json\/wp\/v2\/types\/post"}],"author":[{"embeddable":true,"href":"https:\/\/evertonfc.cz\/index.php\/wp-json\/wp\/v2\/users\/10"}],"replies":[{"embeddable":true,"href":"https:\/\/evertonfc.cz\/index.php\/wp-json\/wp\/v2\/comments?post=16468"}],"version-history":[{"count":8,"href":"https:\/\/evertonfc.cz\/index.php\/wp-json\/wp\/v2\/posts\/16468\/revisions"}],"predecessor-version":[{"id":16477,"href":"https:\/\/evertonfc.cz\/index.php\/wp-json\/wp\/v2\/posts\/16468\/revisions\/16477"}],"wp:featuredmedia":[{"embeddable":true,"href":"https:\/\/evertonfc.cz\/index.php\/wp-json\/wp\/v2\/media\/14586"}],"wp:attachment":[{"href":"https:\/\/evertonfc.cz\/index.php\/wp-json\/wp\/v2\/media?parent=16468"}],"wp:term":[{"taxonomy":"category","embeddable":true,"href":"https:\/\/evertonfc.cz\/index.php\/wp-json\/wp\/v2\/categories?post=16468"},{"taxonomy":"post_tag","embeddable":true,"href":"https:\/\/evertonfc.cz\/index.php\/wp-json\/wp\/v2\/tags?post=16468"}],"curies":[{"name":"wp","href":"https:\/\/api.w.org\/{rel}","templated":true}]}}