{"id":16490,"date":"2021-09-18T12:04:10","date_gmt":"2021-09-18T10:04:10","guid":{"rendered":"https:\/\/evertonfc.cz\/?p=16490"},"modified":"2021-09-18T12:49:06","modified_gmt":"2021-09-18T10:49:06","slug":"preview-aston-villa-everton-9","status":"publish","type":"post","link":"https:\/\/evertonfc.cz\/index.php\/2021\/09\/18\/preview-aston-villa-everton-9\/","title":{"rendered":"Preview: Aston Villa &#8211; Everton"},"content":{"rendered":"<h4>Everton se bude o pokra\u010dov\u00e1n\u00ed dobr\u00e9ho ligov\u00e9ho startu sna\u017eit v 208. ligov\u00e9m utk\u00e1n\u00ed proti Aston Ville.<\/h4>\n<p>Ligov\u00e1 tabulka nel\u017ee. T\u00fdm, kter\u00e9mu fand\u00ed v\u011bt\u0161ina m\u011bsta, je \u010dtvrt\u00fd jen o sk\u00f3re, p\u0159i\u010dem\u017e m\u00e1 stejn\u00fd po\u010det bod\u016f jako prvn\u00ed Manchester United. \u00datok je t\u0159et\u00ed nejlep\u0161\u00ed v lize. A b\u00fdt v tabulce p\u0159ed Manchesterem City, to se tak\u00e9 ne\u010dekalo. Zvl\u00e1\u0161\u0165 po huben\u00e9m p\u0159estupov\u00e9m obdob\u00ed.<\/p>\n<p>Ale zp\u011bt k dne\u0161ku. Start zkr\u00e1tka vy\u0161el a opr\u00e1vn\u011bn\u011b jede klub do Birminghamu s re\u00e1ln\u00fdmi \u0161ancemi na body. Jen\u017ee se bude muset obej\u00ed\u017e bez Calverta-Lewina. Zran\u011bn\u00ed kvadricepsu ho nepust\u00ed do hry dal\u0161\u00ed 2-3 t\u00fddny, tak\u017ee se nab\u00edz\u00ed situace, \u017ee si zahraje a\u017e po reprezenta\u010dn\u00ed p\u0159est\u00e1vce. Sv\u00e9 schopnosti na hrotu tedy dnes bude pravd\u011bpodobn\u011b p\u0159edv\u00e1d\u011bt Richarlison. Chyb\u011bt bude kv\u016fli zran\u011bn\u00ed ramene tak\u00e9 Delph. Novinkou ohledn\u011b Rodr\u00edgueze je to, \u017ee u\u017e tr\u00e9nuje s t\u00fdmem. Nab\u00edz\u00ed se tak jeho nominace k z\u00e1pasu na lavi\u010dku a nasazen\u00ed v \u00fater\u00fd v Ligov\u00e9m poh\u00e1ru proti QPR. Uvid\u00edme.<\/p>\n<p>Villans jsou na tom h\u016f\u0159e. V l\u00e9t\u011b ode\u0161el kapit\u00e1n Grealish za \u00fapln\u00fd nesmysl do Manchesteru City. Odchovanec, kter\u00fd byl v klubu od sv\u00fdch \u0161esti let. To samoz\u0159ejm\u011b znamenalo v\u00fdrazn\u00e9 oslaben\u00ed. A podle toho vypadal start do sez\u00f3ny &#8211; 4 z\u00e1pasy, 4 body, z\u00e1porn\u00e9 sk\u00f3re. Mana\u017eer Dean Smith na v\u010derej\u0161\u00ed tiskov\u00e9 konferenci ozn\u00e1mil, \u017ee start dvojice Buend\u00eda-Mart\u00ednez je s otazn\u00edkem, dnes r\u00e1no se m\u011blo rozhodnout podle toho, jak zvl\u00e1dli tr\u00e9nink s t\u00fdmem. Jist\u00fdmi absent\u00e9ry jsou Chukwuemeka a Philogene-Bidace, kte\u0159\u00ed cel\u00fd t\u00fdden netr\u00e9novali.<\/p>\n<p>V obran\u011b si budou host\u00e9 muset d\u00e1t pozor na Ingse &#8211; ten sp\u00f3roval proti Evertonu za v\u0161echny t\u0159i kluby, ve kter\u00fdch p\u016fsobil. Toffees jsou tak jeho nejobl\u00edben\u011bj\u0161\u00edm soupe\u0159em.<\/p>\n<p><strong>Co:\u00a0<\/strong>Aston Villa FC &#8211; Everton FC, 5. kolo Premier League<br \/>\n<strong>Kdy: <\/strong>18. 9. 2021 od 18:30<br \/>\n<strong>Kde:\u00a0<\/strong>Villa Park, Birmingham (kapacita: 42\u00a0785)<br \/>\n<strong>TV: <\/strong>P\u0159\u00edm\u00fd p\u0159enos na stanici Premier Sport<br \/>\n<strong>Rozhod\u010d\u00ed:<\/strong> Craig Pawson &#8211; Simon Bennett, Dan Robathan <strong>\u010ctvrt\u00fd rozhod\u010d\u00ed:<\/strong> Simon Hooper<br \/>\n<strong>vVideorozhod\u010d\u00ed<\/strong>: Paul Tierney\u00a0<strong>Asistnt videorozhod\u010d\u00edho: <\/strong>Lee Betts<\/p>\n","protected":false},"excerpt":{"rendered":"<p>Everton se bude o pokra\u010dov\u00e1n\u00ed dobr\u00e9ho ligov\u00e9ho startu sna\u017eit v 208. ligov\u00e9m utk\u00e1n\u00ed proti Aston Ville.<\/p>\n","protected":false},"author":12,"featured_media":15296,"comment_status":"open","ping_status":"closed","sticky":false,"template":"","format":"standard","meta":{"_eb_attr":"","_monsterinsights_skip_tracking":false,"_monsterinsights_sitenote_active":false,"_monsterinsights_sitenote_note":"","_monsterinsights_sitenote_category":0,"footnotes":""},"categories":[4],"tags":[],"yoast_head":"<!-- This site is optimized with the Yoast SEO plugin v23.4 - https:\/\/yoast.com\/wordpress\/plugins\/seo\/ -->\n<title>Preview: Aston Villa - Everton - Official Czech &amp; Slovak Everton Supporters&#039; Club<\/title>\n<meta name=\"robots\" content=\"index, follow, max-snippet:-1, max-image-preview:large, max-video-preview:-1\" \/>\n<link rel=\"canonical\" href=\"https:\/\/evertonfc.cz\/index.php\/2021\/09\/18\/preview-aston-villa-everton-9\/\" \/>\n<meta property=\"og:locale\" content=\"cs_CZ\" \/>\n<meta property=\"og:type\" content=\"article\" \/>\n<meta property=\"og:title\" content=\"Preview: Aston Villa - Everton - Official Czech &amp; Slovak Everton Supporters&#039; Club\" \/>\n<meta property=\"og:description\" content=\"Everton se bude o pokra\u010dov\u00e1n\u00ed dobr\u00e9ho ligov\u00e9ho startu sna\u017eit v 208. ligov\u00e9m utk\u00e1n\u00ed proti Aston Ville.\" \/>\n<meta property=\"og:url\" content=\"https:\/\/evertonfc.cz\/index.php\/2021\/09\/18\/preview-aston-villa-everton-9\/\" \/>\n<meta property=\"og:site_name\" content=\"Official Czech &amp; Slovak Everton Supporters&#039; Club\" \/>\n<meta property=\"article:publisher\" content=\"https:\/\/www.facebook.com\/everton.fans.cz.sk\" \/>\n<meta property=\"article:published_time\" content=\"2021-09-18T10:04:10+00:00\" \/>\n<meta property=\"article:modified_time\" content=\"2021-09-18T10:49:06+00:00\" \/>\n<meta property=\"og:image\" content=\"https:\/\/evertonfc.cz\/wp-content\/uploads\/2021\/05\/Aston-Villa-VS-Everton.jpg\" \/>\n\t<meta property=\"og:image:width\" content=\"720\" \/>\n\t<meta property=\"og:image:height\" content=\"405\" \/>\n\t<meta property=\"og:image:type\" content=\"image\/jpeg\" \/>\n<meta name=\"author\" content=\"Javor\" \/>\n<meta name=\"twitter:card\" content=\"summary_large_image\" \/>\n<meta name=\"twitter:creator\" content=\"@LoudinJan\" \/>\n<meta name=\"twitter:label1\" content=\"Napsal(a)\" \/>\n\t<meta name=\"twitter:data1\" content=\"Javor\" \/>\n\t<meta name=\"twitter:label2\" content=\"Odhadovan\u00e1 doba \u010dten\u00ed\" \/>\n\t<meta name=\"twitter:data2\" content=\"2 minuty\" \/>\n<script type=\"application\/ld+json\" class=\"yoast-schema-graph\">{\"@context\":\"https:\/\/schema.org\",\"@graph\":[{\"@type\":\"Article\",\"@id\":\"https:\/\/evertonfc.cz\/index.php\/2021\/09\/18\/preview-aston-villa-everton-9\/#article\",\"isPartOf\":{\"@id\":\"https:\/\/evertonfc.cz\/index.php\/2021\/09\/18\/preview-aston-villa-everton-9\/\"},\"author\":{\"name\":\"Javor\",\"@id\":\"https:\/\/evertonfc.cz\/#\/schema\/person\/b30daf6a5852f4811f8207a17ec1bf78\"},\"headline\":\"Preview: Aston Villa &#8211; Everton\",\"datePublished\":\"2021-09-18T10:04:10+00:00\",\"dateModified\":\"2021-09-18T10:49:06+00:00\",\"mainEntityOfPage\":{\"@id\":\"https:\/\/evertonfc.cz\/index.php\/2021\/09\/18\/preview-aston-villa-everton-9\/\"},\"wordCount\":400,\"commentCount\":8,\"publisher\":{\"@id\":\"https:\/\/evertonfc.cz\/#organization\"},\"image\":{\"@id\":\"https:\/\/evertonfc.cz\/index.php\/2021\/09\/18\/preview-aston-villa-everton-9\/#primaryimage\"},\"thumbnailUrl\":\"https:\/\/evertonfc.cz\/wp-content\/uploads\/2021\/05\/Aston-Villa-VS-Everton.jpg\",\"articleSection\":[\"Z\u00e1pasy\"],\"inLanguage\":\"cs\",\"potentialAction\":[{\"@type\":\"CommentAction\",\"name\":\"Comment\",\"target\":[\"https:\/\/evertonfc.cz\/index.php\/2021\/09\/18\/preview-aston-villa-everton-9\/#respond\"]}]},{\"@type\":\"WebPage\",\"@id\":\"https:\/\/evertonfc.cz\/index.php\/2021\/09\/18\/preview-aston-villa-everton-9\/\",\"url\":\"https:\/\/evertonfc.cz\/index.php\/2021\/09\/18\/preview-aston-villa-everton-9\/\",\"name\":\"Preview: Aston Villa - Everton - Official Czech &amp; Slovak Everton Supporters&#039; Club\",\"isPartOf\":{\"@id\":\"https:\/\/evertonfc.cz\/#website\"},\"primaryImageOfPage\":{\"@id\":\"https:\/\/evertonfc.cz\/index.php\/2021\/09\/18\/preview-aston-villa-everton-9\/#primaryimage\"},\"image\":{\"@id\":\"https:\/\/evertonfc.cz\/index.php\/2021\/09\/18\/preview-aston-villa-everton-9\/#primaryimage\"},\"thumbnailUrl\":\"https:\/\/evertonfc.cz\/wp-content\/uploads\/2021\/05\/Aston-Villa-VS-Everton.jpg\",\"datePublished\":\"2021-09-18T10:04:10+00:00\",\"dateModified\":\"2021-09-18T10:49:06+00:00\",\"breadcrumb\":{\"@id\":\"https:\/\/evertonfc.cz\/index.php\/2021\/09\/18\/preview-aston-villa-everton-9\/#breadcrumb\"},\"inLanguage\":\"cs\",\"potentialAction\":[{\"@type\":\"ReadAction\",\"target\":[\"https:\/\/evertonfc.cz\/index.php\/2021\/09\/18\/preview-aston-villa-everton-9\/\"]}]},{\"@type\":\"ImageObject\",\"inLanguage\":\"cs\",\"@id\":\"https:\/\/evertonfc.cz\/index.php\/2021\/09\/18\/preview-aston-villa-everton-9\/#primaryimage\",\"url\":\"https:\/\/evertonfc.cz\/wp-content\/uploads\/2021\/05\/Aston-Villa-VS-Everton.jpg\",\"contentUrl\":\"https:\/\/evertonfc.cz\/wp-content\/uploads\/2021\/05\/Aston-Villa-VS-Everton.jpg\",\"width\":720,\"height\":405},{\"@type\":\"BreadcrumbList\",\"@id\":\"https:\/\/evertonfc.cz\/index.php\/2021\/09\/18\/preview-aston-villa-everton-9\/#breadcrumb\",\"itemListElement\":[{\"@type\":\"ListItem\",\"position\":1,\"name\":\"Home\",\"item\":\"https:\/\/evertonfc.cz\/\"},{\"@type\":\"ListItem\",\"position\":2,\"name\":\"Preview: Aston Villa &#8211; Everton\"}]},{\"@type\":\"WebSite\",\"@id\":\"https:\/\/evertonfc.cz\/#website\",\"url\":\"https:\/\/evertonfc.cz\/\",\"name\":\"Official Czech &amp; Slovak Everton Supporters&#039; Club\",\"description\":\"\",\"publisher\":{\"@id\":\"https:\/\/evertonfc.cz\/#organization\"},\"potentialAction\":[{\"@type\":\"SearchAction\",\"target\":{\"@type\":\"EntryPoint\",\"urlTemplate\":\"https:\/\/evertonfc.cz\/?s={search_term_string}\"},\"query-input\":{\"@type\":\"PropertyValueSpecification\",\"valueRequired\":true,\"valueName\":\"search_term_string\"}}],\"inLanguage\":\"cs\"},{\"@type\":\"Organization\",\"@id\":\"https:\/\/evertonfc.cz\/#organization\",\"name\":\"Official Czech & Slovak Everton Supporters' Club\",\"url\":\"https:\/\/evertonfc.cz\/\",\"logo\":{\"@type\":\"ImageObject\",\"inLanguage\":\"cs\",\"@id\":\"https:\/\/evertonfc.cz\/#\/schema\/logo\/image\/\",\"url\":\"https:\/\/evertonfc.cz\/wp-content\/uploads\/2019\/05\/logo.png\",\"contentUrl\":\"https:\/\/evertonfc.cz\/wp-content\/uploads\/2019\/05\/logo.png\",\"width\":112,\"height\":112,\"caption\":\"Official Czech & Slovak Everton Supporters' Club\"},\"image\":{\"@id\":\"https:\/\/evertonfc.cz\/#\/schema\/logo\/image\/\"},\"sameAs\":[\"https:\/\/www.facebook.com\/everton.fans.cz.sk\"]},{\"@type\":\"Person\",\"@id\":\"https:\/\/evertonfc.cz\/#\/schema\/person\/b30daf6a5852f4811f8207a17ec1bf78\",\"name\":\"Javor\",\"sameAs\":[\"https:\/\/x.com\/LoudinJan\"],\"url\":\"https:\/\/evertonfc.cz\/index.php\/author\/javor\/\"}]}<\/script>\n<!-- \/ Yoast SEO plugin. -->","yoast_head_json":{"title":"Preview: Aston Villa - Everton - Official Czech &amp; Slovak Everton Supporters&#039; Club","robots":{"index":"index","follow":"follow","max-snippet":"max-snippet:-1","max-image-preview":"max-image-preview:large","max-video-preview":"max-video-preview:-1"},"canonical":"https:\/\/evertonfc.cz\/index.php\/2021\/09\/18\/preview-aston-villa-everton-9\/","og_locale":"cs_CZ","og_type":"article","og_title":"Preview: Aston Villa - Everton - Official Czech &amp; Slovak Everton Supporters&#039; Club","og_description":"Everton se bude o pokra\u010dov\u00e1n\u00ed dobr\u00e9ho ligov\u00e9ho startu sna\u017eit v 208. ligov\u00e9m utk\u00e1n\u00ed proti Aston Ville.","og_url":"https:\/\/evertonfc.cz\/index.php\/2021\/09\/18\/preview-aston-villa-everton-9\/","og_site_name":"Official Czech &amp; Slovak Everton Supporters&#039; Club","article_publisher":"https:\/\/www.facebook.com\/everton.fans.cz.sk","article_published_time":"2021-09-18T10:04:10+00:00","article_modified_time":"2021-09-18T10:49:06+00:00","og_image":[{"width":720,"height":405,"url":"https:\/\/evertonfc.cz\/wp-content\/uploads\/2021\/05\/Aston-Villa-VS-Everton.jpg","type":"image\/jpeg"}],"author":"Javor","twitter_card":"summary_large_image","twitter_creator":"@LoudinJan","twitter_misc":{"Napsal(a)":"Javor","Odhadovan\u00e1 doba \u010dten\u00ed":"2 minuty"},"schema":{"@context":"https:\/\/schema.org","@graph":[{"@type":"Article","@id":"https:\/\/evertonfc.cz\/index.php\/2021\/09\/18\/preview-aston-villa-everton-9\/#article","isPartOf":{"@id":"https:\/\/evertonfc.cz\/index.php\/2021\/09\/18\/preview-aston-villa-everton-9\/"},"author":{"name":"Javor","@id":"https:\/\/evertonfc.cz\/#\/schema\/person\/b30daf6a5852f4811f8207a17ec1bf78"},"headline":"Preview: Aston Villa &#8211; Everton","datePublished":"2021-09-18T10:04:10+00:00","dateModified":"2021-09-18T10:49:06+00:00","mainEntityOfPage":{"@id":"https:\/\/evertonfc.cz\/index.php\/2021\/09\/18\/preview-aston-villa-everton-9\/"},"wordCount":400,"commentCount":8,"publisher":{"@id":"https:\/\/evertonfc.cz\/#organization"},"image":{"@id":"https:\/\/evertonfc.cz\/index.php\/2021\/09\/18\/preview-aston-villa-everton-9\/#primaryimage"},"thumbnailUrl":"https:\/\/evertonfc.cz\/wp-content\/uploads\/2021\/05\/Aston-Villa-VS-Everton.jpg","articleSection":["Z\u00e1pasy"],"inLanguage":"cs","potentialAction":[{"@type":"CommentAction","name":"Comment","target":["https:\/\/evertonfc.cz\/index.php\/2021\/09\/18\/preview-aston-villa-everton-9\/#respond"]}]},{"@type":"WebPage","@id":"https:\/\/evertonfc.cz\/index.php\/2021\/09\/18\/preview-aston-villa-everton-9\/","url":"https:\/\/evertonfc.cz\/index.php\/2021\/09\/18\/preview-aston-villa-everton-9\/","name":"Preview: Aston Villa - Everton - Official Czech &amp; Slovak Everton Supporters&#039; Club","isPartOf":{"@id":"https:\/\/evertonfc.cz\/#website"},"primaryImageOfPage":{"@id":"https:\/\/evertonfc.cz\/index.php\/2021\/09\/18\/preview-aston-villa-everton-9\/#primaryimage"},"image":{"@id":"https:\/\/evertonfc.cz\/index.php\/2021\/09\/18\/preview-aston-villa-everton-9\/#primaryimage"},"thumbnailUrl":"https:\/\/evertonfc.cz\/wp-content\/uploads\/2021\/05\/Aston-Villa-VS-Everton.jpg","datePublished":"2021-09-18T10:04:10+00:00","dateModified":"2021-09-18T10:49:06+00:00","breadcrumb":{"@id":"https:\/\/evertonfc.cz\/index.php\/2021\/09\/18\/preview-aston-villa-everton-9\/#breadcrumb"},"inLanguage":"cs","potentialAction":[{"@type":"ReadAction","target":["https:\/\/evertonfc.cz\/index.php\/2021\/09\/18\/preview-aston-villa-everton-9\/"]}]},{"@type":"ImageObject","inLanguage":"cs","@id":"https:\/\/evertonfc.cz\/index.php\/2021\/09\/18\/preview-aston-villa-everton-9\/#primaryimage","url":"https:\/\/evertonfc.cz\/wp-content\/uploads\/2021\/05\/Aston-Villa-VS-Everton.jpg","contentUrl":"https:\/\/evertonfc.cz\/wp-content\/uploads\/2021\/05\/Aston-Villa-VS-Everton.jpg","width":720,"height":405},{"@type":"BreadcrumbList","@id":"https:\/\/evertonfc.cz\/index.php\/2021\/09\/18\/preview-aston-villa-everton-9\/#breadcrumb","itemListElement":[{"@type":"ListItem","position":1,"name":"Home","item":"https:\/\/evertonfc.cz\/"},{"@type":"ListItem","position":2,"name":"Preview: Aston Villa &#8211; Everton"}]},{"@type":"WebSite","@id":"https:\/\/evertonfc.cz\/#website","url":"https:\/\/evertonfc.cz\/","name":"Official Czech &amp; Slovak Everton Supporters&#039; Club","description":"","publisher":{"@id":"https:\/\/evertonfc.cz\/#organization"},"potentialAction":[{"@type":"SearchAction","target":{"@type":"EntryPoint","urlTemplate":"https:\/\/evertonfc.cz\/?s={search_term_string}"},"query-input":{"@type":"PropertyValueSpecification","valueRequired":true,"valueName":"search_term_string"}}],"inLanguage":"cs"},{"@type":"Organization","@id":"https:\/\/evertonfc.cz\/#organization","name":"Official Czech & Slovak Everton Supporters' Club","url":"https:\/\/evertonfc.cz\/","logo":{"@type":"ImageObject","inLanguage":"cs","@id":"https:\/\/evertonfc.cz\/#\/schema\/logo\/image\/","url":"https:\/\/evertonfc.cz\/wp-content\/uploads\/2019\/05\/logo.png","contentUrl":"https:\/\/evertonfc.cz\/wp-content\/uploads\/2019\/05\/logo.png","width":112,"height":112,"caption":"Official Czech & Slovak Everton Supporters' Club"},"image":{"@id":"https:\/\/evertonfc.cz\/#\/schema\/logo\/image\/"},"sameAs":["https:\/\/www.facebook.com\/everton.fans.cz.sk"]},{"@type":"Person","@id":"https:\/\/evertonfc.cz\/#\/schema\/person\/b30daf6a5852f4811f8207a17ec1bf78","name":"Javor","sameAs":["https:\/\/x.com\/LoudinJan"],"url":"https:\/\/evertonfc.cz\/index.php\/author\/javor\/"}]}},"_links":{"self":[{"href":"https:\/\/evertonfc.cz\/index.php\/wp-json\/wp\/v2\/posts\/16490"}],"collection":[{"href":"https:\/\/evertonfc.cz\/index.php\/wp-json\/wp\/v2\/posts"}],"about":[{"href":"https:\/\/evertonfc.cz\/index.php\/wp-json\/wp\/v2\/types\/post"}],"author":[{"embeddable":true,"href":"https:\/\/evertonfc.cz\/index.php\/wp-json\/wp\/v2\/users\/12"}],"replies":[{"embeddable":true,"href":"https:\/\/evertonfc.cz\/index.php\/wp-json\/wp\/v2\/comments?post=16490"}],"version-history":[{"count":3,"href":"https:\/\/evertonfc.cz\/index.php\/wp-json\/wp\/v2\/posts\/16490\/revisions"}],"predecessor-version":[{"id":16493,"href":"https:\/\/evertonfc.cz\/index.php\/wp-json\/wp\/v2\/posts\/16490\/revisions\/16493"}],"wp:featuredmedia":[{"embeddable":true,"href":"https:\/\/evertonfc.cz\/index.php\/wp-json\/wp\/v2\/media\/15296"}],"wp:attachment":[{"href":"https:\/\/evertonfc.cz\/index.php\/wp-json\/wp\/v2\/media?parent=16490"}],"wp:term":[{"taxonomy":"category","embeddable":true,"href":"https:\/\/evertonfc.cz\/index.php\/wp-json\/wp\/v2\/categories?post=16490"},{"taxonomy":"post_tag","embeddable":true,"href":"https:\/\/evertonfc.cz\/index.php\/wp-json\/wp\/v2\/tags?post=16490"}],"curies":[{"name":"wp","href":"https:\/\/api.w.org\/{rel}","templated":true}]}}