{"id":16504,"date":"2021-09-19T21:01:51","date_gmt":"2021-09-19T19:01:51","guid":{"rendered":"https:\/\/evertonfc.cz\/?p=16504"},"modified":"2021-09-19T21:10:22","modified_gmt":"2021-09-19T19:10:22","slug":"aston-villa-everton-30","status":"publish","type":"post","link":"https:\/\/evertonfc.cz\/index.php\/2021\/09\/19\/aston-villa-everton-30\/","title":{"rendered":"Aston Villa \u2013 Everton 3:0"},"content":{"rendered":"<h4>Prv\u00e1 tohtosez\u00f3nna prehra pri\u0161la na ligovom fronte. Vo Villa Parku sa o \u0148u postarali aj na\u0161e absentuj\u00face hviezdy v \u00fatoku. Za dom\u00e1cich \u017eiarila vysn\u00edvan\u00e1 posila Bailey.<\/h4>\n<p>Akoby nesta\u010dilo, \u017ee Calvert-Lewin bude mimo takmer na mesiac, po z\u00e1pase sme sa dozvedeli, \u017ee sa k nemu na pribli\u017ene rovnak\u00fd \u010das prid\u00e1 aj k\u013e\u00fa\u010dov\u00e1 trojica Richarlison, Coleman a Pickford. Prv\u00fd menovan\u00fd si odniesol kolenn\u00fd \u0161r\u00e1m z pondelkov\u00e9ho duelu z Burnley, zatia\u013e \u010do S\u00e9amus si v piatok natiahol zadn\u00fd stehenn\u00fd sval. Na\u0161a jednotka medzi ty\u010dami m\u00e1 probl\u00e9m s ramenom. Tie\u017e n\u00e1sledok po v\u00fdhre nad The Clarets. A na lavi\u010dku n\u00e1hradn\u00edkov si nesadol ani Gbamin, prevent\u00edvne vynechan\u00fd pre subjet\u00edvnu stuhnutos\u0165 v kvadricepse.<\/p>\n<p>Ako teda poskladal Ben\u00edtez svoj t\u00edm? Na skoro bezzub\u00fd hrot putoval Rond\u00f3n, ktor\u00fd st\u00e1le nie je \u00faplne fit. Spolo\u010dnos\u0165 v \u00fatoku mu robil Gray, a\u00a0zvy\u0161ok t\u00edmu dotvoril form\u00e1ciu 4-4-2. Na \u013eavej strane z\u00e1lohy sa objavil v\u00a0z\u00e1klade Iwobi, a\u00a0na pravej\u00a0obrane Godfrey. Br\u00e1nu kryl v\u00a0lige po prv\u00fdkr\u00e1t Begovi\u0107. Lavi\u010dka tie\u017e z\u00edvala ako kvantitou i\u00a0kvalitou. \u017diadne kr\u00eddlo, \u017eiadny James, a\u00a0len t\u00fd\u017ede\u0148 tr\u00e9nuj\u00faci Simms.<\/p>\n<h4><strong>Prv\u00fd pol\u010das<\/strong><\/h4>\n<p>Nako\u013eko n\u00e1\u0161 oponent nast\u00fapil v \u00faplne rozdielnom syst\u00e9me 5-3-2, bolo jasn\u00e9, \u017ee odli\u0161n\u00e9 pr\u00edstupy sa navz\u00e1jom nevyru\u0161ia, ale naopak, poved\u00fa k \u010dastej\u0161iemu kmitaniu lopty od \u0161estn\u00e1stky k \u0161estn\u00e1stke. Za\u010dali sme dobre. Rond\u00f3n v prv\u00fdch piatich min\u00fatach len tesne netrafil br\u00e1nu pri strele z p\u00e4\u0165ky a tie\u017e po n\u00e1slednom rohovom kope. Villans v\u0161ak odpovedali. Len so \u0161\u0165ast\u00edm sme neinkasovali po dobrej \u0161tandardke s\u00fapera, podr\u017eal n\u00e1s Begovi\u0107. K t\u00fdm \u0161tandardk\u00e1m \u2013 Aston Villa si na ne t\u00fato sez\u00f3nu najala zvl\u00e1\u0161\u0165 kou\u010da. A veru bolo to vidie\u0165 po\u010das cel\u00e9ho z\u00e1pasu. Kie\u017eby podobn\u00fd pr\u00edstup zvolilo p\u00e1r b\u00fdval\u00fdch mana\u017e\u00e9rov The Toffees, pravidelne dopl\u00e1caj\u00facich na tento aspekt.<\/p>\n<p>Everton mal menej lopty na kopa\u010dk\u00e1ch, ale v\u017edy vyzeral hrozivo, ke\u010f sa pustil do proti\u00fatoku. Pri jednom, na ktor\u00e9ho konci bol Gray, Everton takmer sk\u00f3roval, Rond\u00f3novi v\u0161ak ch\u00fdbalo pol kroka do vynikaj\u00facej prihr\u00e1vky. Apropo Gray. Ak n\u00e1s zrak a\u00a0\u00favodn\u00e1 forma novej posily neklame, Demarai sa pomaly ale isto st\u00e1va k\u013e\u00fa\u010dovou postavou ofenz\u00edvnej hry Karameliek. Modlime sa, aby sa nezranil aj on.<\/p>\n<h4><strong>Druh\u00fd pol\u010das<\/strong><\/h4>\n<p>Zo \u0161atne sme vych\u00e1dzali s\u00a0vedom\u00edm, \u017ee m\u00e1me nie tri, ale \u0161tyri striedania k\u00a0dispoz\u00edcii, nako\u013eko e\u0161te pred koncom prvej polovice z\u00e1pasu striedal McGinn, kv\u00f4li podozreniu na otras mozgu. Ak by niekto nevedel, pre tieto d\u00f4vody je vy\u010dlenen\u00e9 extra striedanie. Ak sa pre jeden t\u00edm uplatn\u00ed, druh\u00e1 strana z\u00edskava rovnak\u00fa v\u00fdhodu \u010derstv\u00fdch n\u00f4h. My sme to cez pol\u010das nevyu\u017eili, hoci viac kontroly v\u00a0dr\u017ean\u00ed lopty by sa hodilo.<\/p>\n<p>Asi po hodine sme mohli kone\u010dne \u00eds\u0165 do vedenia, Gray v\u0161ak tesne minul kr\u00ed\u017enou pr\u00edzemnou strelou. Potom pri\u0161lo striedanie tridsa\u0165mili\u00f3novej posily z\u00a0t\u00e1bora bordovo modr\u00fdch a\u00a0stretnutie nabralo u\u017e jedin\u00fd mo\u017en\u00fd smer. Najprv si nechal Digne z\u00e1js\u0165 poza chrb\u00e1t Casha, ktor\u00fd sa so zakon\u010den\u00edm nepapral. Ve\u013emi zl\u00fd defenz\u00edvny v\u00fdkon n\u00e1\u0161 Franc\u00faz potvrdil aj pri br\u00e1nen\u00ed rohu o\u00a0p\u00e1r min\u00fat nesk\u00f4r, ke\u010f si loptu hlavou nadvihol a\u017e do vlastnej br\u00e1ny. Everton nevedel, \u010do sa deje, rovnako ako Burnley pred t\u00fd\u017ed\u0148om.<\/p>\n<p>Posledn\u00e1 kvapka hork\u00e9ho kalicha bola dlh\u00e1 lopta od Ingsa, ktor\u00fd na\u0161iel unikaj\u00faceho Baileyho. Tomu na po\u010dudovanie nest\u00edhal ani Godfrey, tak\u017ee Jamaj\u010dan mal \u010das i zakon\u010di\u0165 z halfvoleja na 3:0. Po odp\u00edskan\u00ed konca m\u00f4\u017eeme kon\u0161tatova\u0165, \u017ee Ben\u00edtez a ani hr\u00e1\u010di na ihrisku nestihli reagova\u0165 u\u017e na prv\u00fd g\u00f3l, po ktorom bolo treba preru\u0161i\u0165 momentum dom\u00e1cich, hnan\u00fdch vynikaj\u00facim publikom. Po \u010fal\u0161\u00edch u\u017e bolo neskoro na \u010doko\u013evek. Najm\u00e4 pri na\u0161om lazarete. Preto je na \u010dase privies\u0165 Jamesa sp\u00e4\u0165!<\/p>\n<h4><strong>Rafael Ben\u00edtez:<\/strong><\/h4>\n<blockquote><p><span style=\"font-size: 12pt;\"><em>\u201eZ\u00e1pas sme za\u010dali dobre a\u00a0v\u00a0prvom pol\u010dase sme mali ve\u013ea proti\u00fatokov, kde fin\u00e1lna f\u00e1za nebola spr\u00e1vna. Ale boli sme ve\u013emi bl\u00edzko. V\u00a0druhom pol\u010dase sme mali p\u00e1r \u0161anc\u00ed, ktor\u00e9 mohli znamena\u0165 \u00faplne in\u00fd z\u00e1pas. Potom sme inkasovali, pr\u00edli\u0161 skoro aj druh\u00fd, a\u00a0u\u017e to bolo \u0165a\u017ek\u00e9. Spravili sme chyby a\u00a0spravili sme ich hne\u010f za sebou, \u0165a\u017eko sa na to reagovalo. Je to nie\u010do, \u010do d\u00fafam do bud\u00facna zmana\u017eujeme. Do z\u00e1pasu sme \u0161li s\u00a0pr\u00edli\u0161 ve\u013ea absenciami, ale t\u00edm naozaj bojoval. Niekedy, ak m\u00e1te hr\u00e1\u010dov k\u00a0dispoz\u00edcii, viete strieda\u0165 \u010derstv\u00e9 sily a\u00a0udr\u017ea\u0165 level. My sme na niektor\u00fdch postoch nemali tak\u00e9 mo\u017enosti a\u00a0museli sme si poradi\u0165 ako sa dalo.\u201c<\/em><\/span><\/p><\/blockquote>\n<h3 style=\"text-align: center;\"><span style=\"color: #3366ff;\"><strong><em>Up The Toffees !!!<\/em><\/strong><\/span><\/h3>\n<p style=\"text-align: right;\"><span style=\"font-size: 8pt;\">(fotozdroj: Sky Sports)<\/span><\/p>\n<p><strong>Zostrihy + z\u00e1pas:<\/strong> <a href=\"https:\/\/hdmatches.net\/2021\/09\/18\/video-aston-villa-vs-everton-highlights-full-match-18-september-2021\/#2\" target=\"_blank\" rel=\"noopener\">HDmatches.net<\/a>\u00a0 <strong>Hr\u00e1\u010d z\u00e1pasu redakcie:<\/strong> Demarai Gray<\/p>\n<p><strong>G\u00f3ly:<\/strong> 66\u00b4 Cash (Luiz), 69\u00b4 Digne (vlastn\u00fd), 75\u00b4 Bailey (Ings)<\/p>\n<p><strong>\u017dlt\u00e9 karty: <\/strong>72\u00b4 Godfrey, 76\u00b4 Bailey<\/p>\n<p><strong>Aston Villa FC:\u00a0<\/strong>Mart\u00ednez \u2013 Cash, Konsa, Tuanzebe, Mings, Targett (61\u00b4 Bailey) \u2013 Ramsey, Luiz, McGinn (40\u00b4 Nakamba) \u2013 Ings, Watkins<\/p>\n<p><strong>Everton FC:\u00a0<\/strong>Begovi\u0107 \u2013 Godfrey (80\u00b4 Kenny), Mina, Keane, Digne \u2013 Townsend, Doucour\u00e9, Allan (72\u00b4 Gordon), Iwobi (81\u00b4 Davies) \u2013 Gray, Rond\u00f3n (63\u00b4 Gomes)<\/p>\n<p><strong>Rozhodca:\u00a0<\/strong>Craig Pawson \u00a0<strong>Div\u00e1ci:<\/strong> 41 888<\/p>\n","protected":false},"excerpt":{"rendered":"<p>Prv\u00e1 tohtosez\u00f3nna prehra pri\u0161la na ligovom fronte. Vo Villa Parku sa o \u0148u postarali aj na\u0161e absentuj\u00face hviezdy v \u00fatoku. Za dom\u00e1cich \u017eiarila vysn\u00edvan\u00e1 posila Bailey.<\/p>\n","protected":false},"author":1,"featured_media":16505,"comment_status":"open","ping_status":"closed","sticky":false,"template":"","format":"standard","meta":{"_eb_attr":"","_monsterinsights_skip_tracking":false,"_monsterinsights_sitenote_active":false,"_monsterinsights_sitenote_note":"","_monsterinsights_sitenote_category":0,"footnotes":""},"categories":[4],"tags":[],"yoast_head":"<!-- This site is optimized with the Yoast SEO plugin v23.4 - https:\/\/yoast.com\/wordpress\/plugins\/seo\/ -->\n<title>Aston Villa \u2013 Everton 3:0 - Official Czech &amp; Slovak Everton Supporters&#039; Club<\/title>\n<meta name=\"robots\" content=\"index, follow, max-snippet:-1, max-image-preview:large, max-video-preview:-1\" \/>\n<link rel=\"canonical\" href=\"https:\/\/evertonfc.cz\/index.php\/2021\/09\/19\/aston-villa-everton-30\/\" \/>\n<meta property=\"og:locale\" content=\"cs_CZ\" \/>\n<meta property=\"og:type\" content=\"article\" \/>\n<meta property=\"og:title\" content=\"Aston Villa \u2013 Everton 3:0 - Official Czech &amp; Slovak Everton Supporters&#039; Club\" \/>\n<meta property=\"og:description\" content=\"Prv\u00e1 tohtosez\u00f3nna prehra pri\u0161la na ligovom fronte. Vo Villa Parku sa o \u0148u postarali aj na\u0161e absentuj\u00face hviezdy v \u00fatoku. Za dom\u00e1cich \u017eiarila vysn\u00edvan\u00e1 posila Bailey.\" \/>\n<meta property=\"og:url\" content=\"https:\/\/evertonfc.cz\/index.php\/2021\/09\/19\/aston-villa-everton-30\/\" \/>\n<meta property=\"og:site_name\" content=\"Official Czech &amp; Slovak Everton Supporters&#039; Club\" \/>\n<meta property=\"article:publisher\" content=\"https:\/\/www.facebook.com\/everton.fans.cz.sk\" \/>\n<meta property=\"article:published_time\" content=\"2021-09-19T19:01:51+00:00\" \/>\n<meta property=\"article:modified_time\" content=\"2021-09-19T19:10:22+00:00\" \/>\n<meta property=\"og:image\" content=\"https:\/\/evertonfc.cz\/wp-content\/uploads\/2021\/09\/Skysports-Leon-Bailey-vs-Everton-19-9-2021.jpg\" \/>\n\t<meta property=\"og:image:width\" content=\"720\" \/>\n\t<meta property=\"og:image:height\" content=\"405\" \/>\n\t<meta property=\"og:image:type\" content=\"image\/jpeg\" \/>\n<meta name=\"author\" content=\"BlueBlooded\" \/>\n<meta name=\"twitter:card\" content=\"summary_large_image\" \/>\n<meta name=\"twitter:label1\" content=\"Napsal(a)\" \/>\n\t<meta name=\"twitter:data1\" content=\"BlueBlooded\" \/>\n\t<meta name=\"twitter:label2\" content=\"Odhadovan\u00e1 doba \u010dten\u00ed\" \/>\n\t<meta name=\"twitter:data2\" content=\"5 minut\" \/>\n<script type=\"application\/ld+json\" class=\"yoast-schema-graph\">{\"@context\":\"https:\/\/schema.org\",\"@graph\":[{\"@type\":\"Article\",\"@id\":\"https:\/\/evertonfc.cz\/index.php\/2021\/09\/19\/aston-villa-everton-30\/#article\",\"isPartOf\":{\"@id\":\"https:\/\/evertonfc.cz\/index.php\/2021\/09\/19\/aston-villa-everton-30\/\"},\"author\":{\"name\":\"BlueBlooded\",\"@id\":\"https:\/\/evertonfc.cz\/#\/schema\/person\/d4493b8cbea51532597fbc4685698916\"},\"headline\":\"Aston Villa \u2013 Everton 3:0\",\"datePublished\":\"2021-09-19T19:01:51+00:00\",\"dateModified\":\"2021-09-19T19:10:22+00:00\",\"mainEntityOfPage\":{\"@id\":\"https:\/\/evertonfc.cz\/index.php\/2021\/09\/19\/aston-villa-everton-30\/\"},\"wordCount\":940,\"commentCount\":18,\"publisher\":{\"@id\":\"https:\/\/evertonfc.cz\/#organization\"},\"image\":{\"@id\":\"https:\/\/evertonfc.cz\/index.php\/2021\/09\/19\/aston-villa-everton-30\/#primaryimage\"},\"thumbnailUrl\":\"https:\/\/evertonfc.cz\/wp-content\/uploads\/2021\/09\/Skysports-Leon-Bailey-vs-Everton-19-9-2021.jpg\",\"articleSection\":[\"Z\u00e1pasy\"],\"inLanguage\":\"cs\",\"potentialAction\":[{\"@type\":\"CommentAction\",\"name\":\"Comment\",\"target\":[\"https:\/\/evertonfc.cz\/index.php\/2021\/09\/19\/aston-villa-everton-30\/#respond\"]}]},{\"@type\":\"WebPage\",\"@id\":\"https:\/\/evertonfc.cz\/index.php\/2021\/09\/19\/aston-villa-everton-30\/\",\"url\":\"https:\/\/evertonfc.cz\/index.php\/2021\/09\/19\/aston-villa-everton-30\/\",\"name\":\"Aston Villa \u2013 Everton 3:0 - Official Czech &amp; Slovak Everton Supporters&#039; Club\",\"isPartOf\":{\"@id\":\"https:\/\/evertonfc.cz\/#website\"},\"primaryImageOfPage\":{\"@id\":\"https:\/\/evertonfc.cz\/index.php\/2021\/09\/19\/aston-villa-everton-30\/#primaryimage\"},\"image\":{\"@id\":\"https:\/\/evertonfc.cz\/index.php\/2021\/09\/19\/aston-villa-everton-30\/#primaryimage\"},\"thumbnailUrl\":\"https:\/\/evertonfc.cz\/wp-content\/uploads\/2021\/09\/Skysports-Leon-Bailey-vs-Everton-19-9-2021.jpg\",\"datePublished\":\"2021-09-19T19:01:51+00:00\",\"dateModified\":\"2021-09-19T19:10:22+00:00\",\"breadcrumb\":{\"@id\":\"https:\/\/evertonfc.cz\/index.php\/2021\/09\/19\/aston-villa-everton-30\/#breadcrumb\"},\"inLanguage\":\"cs\",\"potentialAction\":[{\"@type\":\"ReadAction\",\"target\":[\"https:\/\/evertonfc.cz\/index.php\/2021\/09\/19\/aston-villa-everton-30\/\"]}]},{\"@type\":\"ImageObject\",\"inLanguage\":\"cs\",\"@id\":\"https:\/\/evertonfc.cz\/index.php\/2021\/09\/19\/aston-villa-everton-30\/#primaryimage\",\"url\":\"https:\/\/evertonfc.cz\/wp-content\/uploads\/2021\/09\/Skysports-Leon-Bailey-vs-Everton-19-9-2021.jpg\",\"contentUrl\":\"https:\/\/evertonfc.cz\/wp-content\/uploads\/2021\/09\/Skysports-Leon-Bailey-vs-Everton-19-9-2021.jpg\",\"width\":720,\"height\":405},{\"@type\":\"BreadcrumbList\",\"@id\":\"https:\/\/evertonfc.cz\/index.php\/2021\/09\/19\/aston-villa-everton-30\/#breadcrumb\",\"itemListElement\":[{\"@type\":\"ListItem\",\"position\":1,\"name\":\"Home\",\"item\":\"https:\/\/evertonfc.cz\/\"},{\"@type\":\"ListItem\",\"position\":2,\"name\":\"Aston Villa \u2013 Everton 3:0\"}]},{\"@type\":\"WebSite\",\"@id\":\"https:\/\/evertonfc.cz\/#website\",\"url\":\"https:\/\/evertonfc.cz\/\",\"name\":\"Official Czech &amp; Slovak Everton Supporters&#039; Club\",\"description\":\"\",\"publisher\":{\"@id\":\"https:\/\/evertonfc.cz\/#organization\"},\"potentialAction\":[{\"@type\":\"SearchAction\",\"target\":{\"@type\":\"EntryPoint\",\"urlTemplate\":\"https:\/\/evertonfc.cz\/?s={search_term_string}\"},\"query-input\":{\"@type\":\"PropertyValueSpecification\",\"valueRequired\":true,\"valueName\":\"search_term_string\"}}],\"inLanguage\":\"cs\"},{\"@type\":\"Organization\",\"@id\":\"https:\/\/evertonfc.cz\/#organization\",\"name\":\"Official Czech & Slovak Everton Supporters' Club\",\"url\":\"https:\/\/evertonfc.cz\/\",\"logo\":{\"@type\":\"ImageObject\",\"inLanguage\":\"cs\",\"@id\":\"https:\/\/evertonfc.cz\/#\/schema\/logo\/image\/\",\"url\":\"https:\/\/evertonfc.cz\/wp-content\/uploads\/2019\/05\/logo.png\",\"contentUrl\":\"https:\/\/evertonfc.cz\/wp-content\/uploads\/2019\/05\/logo.png\",\"width\":112,\"height\":112,\"caption\":\"Official Czech & Slovak Everton Supporters' Club\"},\"image\":{\"@id\":\"https:\/\/evertonfc.cz\/#\/schema\/logo\/image\/\"},\"sameAs\":[\"https:\/\/www.facebook.com\/everton.fans.cz.sk\"]},{\"@type\":\"Person\",\"@id\":\"https:\/\/evertonfc.cz\/#\/schema\/person\/d4493b8cbea51532597fbc4685698916\",\"name\":\"BlueBlooded\",\"url\":\"https:\/\/evertonfc.cz\/index.php\/author\/admin\/\"}]}<\/script>\n<!-- \/ Yoast SEO plugin. -->","yoast_head_json":{"title":"Aston Villa \u2013 Everton 3:0 - Official Czech &amp; Slovak Everton Supporters&#039; Club","robots":{"index":"index","follow":"follow","max-snippet":"max-snippet:-1","max-image-preview":"max-image-preview:large","max-video-preview":"max-video-preview:-1"},"canonical":"https:\/\/evertonfc.cz\/index.php\/2021\/09\/19\/aston-villa-everton-30\/","og_locale":"cs_CZ","og_type":"article","og_title":"Aston Villa \u2013 Everton 3:0 - Official Czech &amp; Slovak Everton Supporters&#039; Club","og_description":"Prv\u00e1 tohtosez\u00f3nna prehra pri\u0161la na ligovom fronte. Vo Villa Parku sa o \u0148u postarali aj na\u0161e absentuj\u00face hviezdy v \u00fatoku. Za dom\u00e1cich \u017eiarila vysn\u00edvan\u00e1 posila Bailey.","og_url":"https:\/\/evertonfc.cz\/index.php\/2021\/09\/19\/aston-villa-everton-30\/","og_site_name":"Official Czech &amp; Slovak Everton Supporters&#039; Club","article_publisher":"https:\/\/www.facebook.com\/everton.fans.cz.sk","article_published_time":"2021-09-19T19:01:51+00:00","article_modified_time":"2021-09-19T19:10:22+00:00","og_image":[{"width":720,"height":405,"url":"https:\/\/evertonfc.cz\/wp-content\/uploads\/2021\/09\/Skysports-Leon-Bailey-vs-Everton-19-9-2021.jpg","type":"image\/jpeg"}],"author":"BlueBlooded","twitter_card":"summary_large_image","twitter_misc":{"Napsal(a)":"BlueBlooded","Odhadovan\u00e1 doba \u010dten\u00ed":"5 minut"},"schema":{"@context":"https:\/\/schema.org","@graph":[{"@type":"Article","@id":"https:\/\/evertonfc.cz\/index.php\/2021\/09\/19\/aston-villa-everton-30\/#article","isPartOf":{"@id":"https:\/\/evertonfc.cz\/index.php\/2021\/09\/19\/aston-villa-everton-30\/"},"author":{"name":"BlueBlooded","@id":"https:\/\/evertonfc.cz\/#\/schema\/person\/d4493b8cbea51532597fbc4685698916"},"headline":"Aston Villa \u2013 Everton 3:0","datePublished":"2021-09-19T19:01:51+00:00","dateModified":"2021-09-19T19:10:22+00:00","mainEntityOfPage":{"@id":"https:\/\/evertonfc.cz\/index.php\/2021\/09\/19\/aston-villa-everton-30\/"},"wordCount":940,"commentCount":18,"publisher":{"@id":"https:\/\/evertonfc.cz\/#organization"},"image":{"@id":"https:\/\/evertonfc.cz\/index.php\/2021\/09\/19\/aston-villa-everton-30\/#primaryimage"},"thumbnailUrl":"https:\/\/evertonfc.cz\/wp-content\/uploads\/2021\/09\/Skysports-Leon-Bailey-vs-Everton-19-9-2021.jpg","articleSection":["Z\u00e1pasy"],"inLanguage":"cs","potentialAction":[{"@type":"CommentAction","name":"Comment","target":["https:\/\/evertonfc.cz\/index.php\/2021\/09\/19\/aston-villa-everton-30\/#respond"]}]},{"@type":"WebPage","@id":"https:\/\/evertonfc.cz\/index.php\/2021\/09\/19\/aston-villa-everton-30\/","url":"https:\/\/evertonfc.cz\/index.php\/2021\/09\/19\/aston-villa-everton-30\/","name":"Aston Villa \u2013 Everton 3:0 - Official Czech &amp; Slovak Everton Supporters&#039; Club","isPartOf":{"@id":"https:\/\/evertonfc.cz\/#website"},"primaryImageOfPage":{"@id":"https:\/\/evertonfc.cz\/index.php\/2021\/09\/19\/aston-villa-everton-30\/#primaryimage"},"image":{"@id":"https:\/\/evertonfc.cz\/index.php\/2021\/09\/19\/aston-villa-everton-30\/#primaryimage"},"thumbnailUrl":"https:\/\/evertonfc.cz\/wp-content\/uploads\/2021\/09\/Skysports-Leon-Bailey-vs-Everton-19-9-2021.jpg","datePublished":"2021-09-19T19:01:51+00:00","dateModified":"2021-09-19T19:10:22+00:00","breadcrumb":{"@id":"https:\/\/evertonfc.cz\/index.php\/2021\/09\/19\/aston-villa-everton-30\/#breadcrumb"},"inLanguage":"cs","potentialAction":[{"@type":"ReadAction","target":["https:\/\/evertonfc.cz\/index.php\/2021\/09\/19\/aston-villa-everton-30\/"]}]},{"@type":"ImageObject","inLanguage":"cs","@id":"https:\/\/evertonfc.cz\/index.php\/2021\/09\/19\/aston-villa-everton-30\/#primaryimage","url":"https:\/\/evertonfc.cz\/wp-content\/uploads\/2021\/09\/Skysports-Leon-Bailey-vs-Everton-19-9-2021.jpg","contentUrl":"https:\/\/evertonfc.cz\/wp-content\/uploads\/2021\/09\/Skysports-Leon-Bailey-vs-Everton-19-9-2021.jpg","width":720,"height":405},{"@type":"BreadcrumbList","@id":"https:\/\/evertonfc.cz\/index.php\/2021\/09\/19\/aston-villa-everton-30\/#breadcrumb","itemListElement":[{"@type":"ListItem","position":1,"name":"Home","item":"https:\/\/evertonfc.cz\/"},{"@type":"ListItem","position":2,"name":"Aston Villa \u2013 Everton 3:0"}]},{"@type":"WebSite","@id":"https:\/\/evertonfc.cz\/#website","url":"https:\/\/evertonfc.cz\/","name":"Official Czech &amp; Slovak Everton Supporters&#039; Club","description":"","publisher":{"@id":"https:\/\/evertonfc.cz\/#organization"},"potentialAction":[{"@type":"SearchAction","target":{"@type":"EntryPoint","urlTemplate":"https:\/\/evertonfc.cz\/?s={search_term_string}"},"query-input":{"@type":"PropertyValueSpecification","valueRequired":true,"valueName":"search_term_string"}}],"inLanguage":"cs"},{"@type":"Organization","@id":"https:\/\/evertonfc.cz\/#organization","name":"Official Czech & Slovak Everton Supporters' Club","url":"https:\/\/evertonfc.cz\/","logo":{"@type":"ImageObject","inLanguage":"cs","@id":"https:\/\/evertonfc.cz\/#\/schema\/logo\/image\/","url":"https:\/\/evertonfc.cz\/wp-content\/uploads\/2019\/05\/logo.png","contentUrl":"https:\/\/evertonfc.cz\/wp-content\/uploads\/2019\/05\/logo.png","width":112,"height":112,"caption":"Official Czech & Slovak Everton Supporters' Club"},"image":{"@id":"https:\/\/evertonfc.cz\/#\/schema\/logo\/image\/"},"sameAs":["https:\/\/www.facebook.com\/everton.fans.cz.sk"]},{"@type":"Person","@id":"https:\/\/evertonfc.cz\/#\/schema\/person\/d4493b8cbea51532597fbc4685698916","name":"BlueBlooded","url":"https:\/\/evertonfc.cz\/index.php\/author\/admin\/"}]}},"_links":{"self":[{"href":"https:\/\/evertonfc.cz\/index.php\/wp-json\/wp\/v2\/posts\/16504"}],"collection":[{"href":"https:\/\/evertonfc.cz\/index.php\/wp-json\/wp\/v2\/posts"}],"about":[{"href":"https:\/\/evertonfc.cz\/index.php\/wp-json\/wp\/v2\/types\/post"}],"author":[{"embeddable":true,"href":"https:\/\/evertonfc.cz\/index.php\/wp-json\/wp\/v2\/users\/1"}],"replies":[{"embeddable":true,"href":"https:\/\/evertonfc.cz\/index.php\/wp-json\/wp\/v2\/comments?post=16504"}],"version-history":[{"count":9,"href":"https:\/\/evertonfc.cz\/index.php\/wp-json\/wp\/v2\/posts\/16504\/revisions"}],"predecessor-version":[{"id":16514,"href":"https:\/\/evertonfc.cz\/index.php\/wp-json\/wp\/v2\/posts\/16504\/revisions\/16514"}],"wp:featuredmedia":[{"embeddable":true,"href":"https:\/\/evertonfc.cz\/index.php\/wp-json\/wp\/v2\/media\/16505"}],"wp:attachment":[{"href":"https:\/\/evertonfc.cz\/index.php\/wp-json\/wp\/v2\/media?parent=16504"}],"wp:term":[{"taxonomy":"category","embeddable":true,"href":"https:\/\/evertonfc.cz\/index.php\/wp-json\/wp\/v2\/categories?post=16504"},{"taxonomy":"post_tag","embeddable":true,"href":"https:\/\/evertonfc.cz\/index.php\/wp-json\/wp\/v2\/tags?post=16504"}],"curies":[{"name":"wp","href":"https:\/\/api.w.org\/{rel}","templated":true}]}}