{"id":16555,"date":"2021-09-22T20:44:42","date_gmt":"2021-09-22T18:44:42","guid":{"rendered":"https:\/\/evertonfc.cz\/?p=16555"},"modified":"2021-09-23T13:46:34","modified_gmt":"2021-09-23T11:46:34","slug":"konec-pohadky-superstar-james-odchazi","status":"publish","type":"post","link":"https:\/\/evertonfc.cz\/index.php\/2021\/09\/22\/konec-pohadky-superstar-james-odchazi\/","title":{"rendered":"Konec poh\u00e1dky, superstar James odch\u00e1z\u00ed"},"content":{"rendered":"<h4>Nezvratn\u00e9 se stalo skute\u010dnost\u00ed. James Rodr\u00edgez se v tichosti a bez fanf\u00e1r lou\u010d\u00ed s Evertonem po pouh\u00e9m roce, ve sv\u00e9 kari\u00e9\u0159e bude pokra\u010dovat v katarsk\u00e9m klubu Al-Rayyan.<\/h4>\n<p>30let\u00e9ho hv\u011bzdn\u00e9ho Kolumbijce si loni vysnil tehdej\u0161\u00ed mana\u017eer Toffees Carlo Ancelotti a zprvu t\u011b\u017eko p\u0159edstaviteln\u00fd p\u0159estup se Evertonu dokonce poda\u0159ilo dot\u00e1hnout zdarma. Tedy za nulovou p\u0159estupovou \u010d\u00e1stku, James\u016fv agent vyjednal pro sv\u00e9 klienta p\u011bknou mzdu ve v\u00fd\u0161i 200 tis\u00edc liber t\u00fddn\u011b. Tolik v historii Evertonu nikdo nebral (a nejsp\u00ed\u0161e ani n\u011bjak\u00fd ten m\u011bs\u00edc br\u00e1t nebude).<\/p>\n<p>Ancelottiho obl\u00edbenec ale brzy potvrdil svou extrat\u0159\u00eddu, d\u00edky sv\u00fdm vyt\u0159\u00edben\u00fdm fotbalov\u00fdm dovednostem diktoval tempo hry, vytv\u00e1\u0159el \u0161ance pro spoluhr\u00e1\u010de a tak\u00e9 byl s\u00e1m schopn\u00fd st\u0159\u00edlet branky. Bohu\u017eel se mu podle p\u0159edpoklad\u016f nevyhnula zran\u011bn\u00ed, i tak ale b\u011bhem lo\u0148sk\u00e9 sez\u00f3ny odehr\u00e1l 23 ligov\u00fdch z\u00e1pas\u016f, v nich\u017e si p\u0159ipsal solidn\u00edch \u0161est vst\u0159elen\u00fdch branek a \u010dty\u0159i g\u00f3lov\u00e9 asistence.<\/p>\n<p>Ancelotti ov\u0161em po sez\u00f3n\u011b znenad\u00e1n\u00ed prchl do slavn\u00e9ho Realu Madrid, a kdy\u017e Everton jmenoval za jeho n\u00e1stupce Rafaela Ben\u00edteze, za\u010dalo schylovat ke konci anga\u017em\u00e1 na Goodison Parku tak\u00e9 u Jamese.<\/p>\n<p>Ben\u00edtez ve sv\u00e9m k\u00e1dru preferuje pracanty, s Kolumbijcem m\u00e1 rovn\u011b\u017e neurovnan\u00e9 osobn\u00ed spory z minulosti, a nav\u00edc se klub ocitl ve finan\u010dn\u00edch probl\u00e9mem. To sta\u010dilo, aby James dostal n\u00e1lepku &#8222;na prodej&#8220;, t\u0159eba\u017ee s\u00e1m hr\u00e1\u010d cht\u011bl zkusit zabojovat o m\u00edsto v k\u00e1dru.<\/p>\n<p>\u0160pan\u011blsk\u00fd strat\u00e9g tou\u017eil d\u00edky Jamesov\u011b prodeji vyd\u011blat na p\u0159\u00edchod k\u00fd\u017een\u00e9 drah\u00e9 posily. Rodr\u00edguez se ale postupn\u011b nedohodl na podm\u00ednk\u00e1ch s AC Mil\u00e1n ani Portem, a tak na Merseyside z\u016fstal po konci p\u0159estupov\u00e9ho okna v Anglii.<\/p>\n<p>Jeho odchod se upekl a\u017e nyn\u00ed za nezve\u0159ejn\u011bnou \u010d\u00e1stku do Kataru, Everton ho p\u0159itom m\u016f\u017ee nahradit nejd\u0159\u00edve za t\u0159i m\u011bs\u00edce. Do t\u00e9 doby mus\u00ed s\u00e1zet na vlastn\u00ed soupisku, kter\u00e1 nen\u00ed zrovna synonymem pro kvalitu.<\/p>\n<p>Jamese, jednoho z nejtalentovan\u011bj\u0161\u00edch fotbalist\u016f sou\u010dasnosti, tak vlastn\u011b nikdy neza\u017eil pln\u011b bur\u00e1cej\u00edc\u00ed Goodison Park, v lo\u0148sk\u00e9 sez\u00f3n\u011b museli fanou\u0161ci a\u017e na p\u00e1r v\u00fdjimek z\u016fstat doma kv\u016fli pandemii.<\/p>\n<p>Ho\u0159k\u00fd konec evertonsk\u00e9 poh\u00e1dky o fotbalov\u00e9m princi z Kolumbie\u2026<\/p>\n","protected":false},"excerpt":{"rendered":"<p>Nezvratn\u00e9 se stalo skute\u010dnost\u00ed. James Rodr\u00edgez se v tichosti a bez fanf\u00e1r lou\u010d\u00ed s Evertonem po pouh\u00e9m roce, ve sv\u00e9 kari\u00e9\u0159e bude pokra\u010dovat v katarsk\u00e9m klubu Al-Rayyan.<\/p>\n","protected":false},"author":6,"featured_media":16554,"comment_status":"open","ping_status":"closed","sticky":false,"template":"","format":"standard","meta":{"_eb_attr":"","_monsterinsights_skip_tracking":false,"_monsterinsights_sitenote_active":false,"_monsterinsights_sitenote_note":"","_monsterinsights_sitenote_category":0,"footnotes":""},"categories":[41],"tags":[],"yoast_head":"<!-- This site is optimized with the Yoast SEO plugin v23.4 - https:\/\/yoast.com\/wordpress\/plugins\/seo\/ -->\n<title>Konec poh\u00e1dky, superstar James odch\u00e1z\u00ed - Official Czech &amp; Slovak Everton Supporters&#039; Club<\/title>\n<meta name=\"description\" content=\"Nezvratn\u00e9 se stalo skute\u010dnost\u00ed. James Rodr\u00edgez se v tichosti a bez fanf\u00e1r lou\u010d\u00ed s Evertonem po pouh\u00e9m roce, ve sv\u00e9 kari\u00e9\u0159e bude pokra\u010dovat v katarsk\u00e9m klubu Al-Rayyan.\" \/>\n<meta name=\"robots\" content=\"index, follow, max-snippet:-1, max-image-preview:large, max-video-preview:-1\" \/>\n<link rel=\"canonical\" href=\"https:\/\/evertonfc.cz\/index.php\/2021\/09\/22\/konec-pohadky-superstar-james-odchazi\/\" \/>\n<meta property=\"og:locale\" content=\"cs_CZ\" \/>\n<meta property=\"og:type\" content=\"article\" \/>\n<meta property=\"og:title\" content=\"Konec poh\u00e1dky, superstar James odch\u00e1z\u00ed - Official Czech &amp; Slovak Everton Supporters&#039; Club\" \/>\n<meta property=\"og:description\" content=\"Nezvratn\u00e9 se stalo skute\u010dnost\u00ed. James Rodr\u00edgez se v tichosti a bez fanf\u00e1r lou\u010d\u00ed s Evertonem po pouh\u00e9m roce, ve sv\u00e9 kari\u00e9\u0159e bude pokra\u010dovat v katarsk\u00e9m klubu Al-Rayyan.\" \/>\n<meta property=\"og:url\" content=\"https:\/\/evertonfc.cz\/index.php\/2021\/09\/22\/konec-pohadky-superstar-james-odchazi\/\" \/>\n<meta property=\"og:site_name\" content=\"Official Czech &amp; Slovak Everton Supporters&#039; Club\" \/>\n<meta property=\"article:publisher\" content=\"https:\/\/www.facebook.com\/everton.fans.cz.sk\" \/>\n<meta property=\"article:published_time\" content=\"2021-09-22T18:44:42+00:00\" \/>\n<meta property=\"article:modified_time\" content=\"2021-09-23T11:46:34+00:00\" \/>\n<meta property=\"og:image\" content=\"https:\/\/evertonfc.cz\/wp-content\/uploads\/2021\/09\/james_22_9_2021.jpg\" \/>\n\t<meta property=\"og:image:width\" content=\"720\" \/>\n\t<meta property=\"og:image:height\" content=\"405\" \/>\n\t<meta property=\"og:image:type\" content=\"image\/jpeg\" \/>\n<meta name=\"author\" content=\"Ri\u010di\" \/>\n<meta name=\"twitter:card\" content=\"summary_large_image\" \/>\n<meta name=\"twitter:creator\" content=\"@rbrejsa\" \/>\n<meta name=\"twitter:label1\" content=\"Napsal(a)\" \/>\n\t<meta name=\"twitter:data1\" content=\"Ri\u010di\" \/>\n\t<meta name=\"twitter:label2\" content=\"Odhadovan\u00e1 doba \u010dten\u00ed\" \/>\n\t<meta name=\"twitter:data2\" content=\"2 minuty\" \/>\n<script type=\"application\/ld+json\" class=\"yoast-schema-graph\">{\"@context\":\"https:\/\/schema.org\",\"@graph\":[{\"@type\":\"Article\",\"@id\":\"https:\/\/evertonfc.cz\/index.php\/2021\/09\/22\/konec-pohadky-superstar-james-odchazi\/#article\",\"isPartOf\":{\"@id\":\"https:\/\/evertonfc.cz\/index.php\/2021\/09\/22\/konec-pohadky-superstar-james-odchazi\/\"},\"author\":{\"name\":\"Ri\u010di\",\"@id\":\"https:\/\/evertonfc.cz\/#\/schema\/person\/f7a5daedb2ffee98480bc70e191aaef1\"},\"headline\":\"Konec poh\u00e1dky, superstar James odch\u00e1z\u00ed\",\"datePublished\":\"2021-09-22T18:44:42+00:00\",\"dateModified\":\"2021-09-23T11:46:34+00:00\",\"mainEntityOfPage\":{\"@id\":\"https:\/\/evertonfc.cz\/index.php\/2021\/09\/22\/konec-pohadky-superstar-james-odchazi\/\"},\"wordCount\":433,\"commentCount\":8,\"publisher\":{\"@id\":\"https:\/\/evertonfc.cz\/#organization\"},\"image\":{\"@id\":\"https:\/\/evertonfc.cz\/index.php\/2021\/09\/22\/konec-pohadky-superstar-james-odchazi\/#primaryimage\"},\"thumbnailUrl\":\"https:\/\/evertonfc.cz\/wp-content\/uploads\/2021\/09\/james_22_9_2021.jpg\",\"articleSection\":[\"P\u0159estupy\"],\"inLanguage\":\"cs\",\"potentialAction\":[{\"@type\":\"CommentAction\",\"name\":\"Comment\",\"target\":[\"https:\/\/evertonfc.cz\/index.php\/2021\/09\/22\/konec-pohadky-superstar-james-odchazi\/#respond\"]}]},{\"@type\":\"WebPage\",\"@id\":\"https:\/\/evertonfc.cz\/index.php\/2021\/09\/22\/konec-pohadky-superstar-james-odchazi\/\",\"url\":\"https:\/\/evertonfc.cz\/index.php\/2021\/09\/22\/konec-pohadky-superstar-james-odchazi\/\",\"name\":\"Konec poh\u00e1dky, superstar James odch\u00e1z\u00ed - Official Czech &amp; Slovak Everton Supporters&#039; Club\",\"isPartOf\":{\"@id\":\"https:\/\/evertonfc.cz\/#website\"},\"primaryImageOfPage\":{\"@id\":\"https:\/\/evertonfc.cz\/index.php\/2021\/09\/22\/konec-pohadky-superstar-james-odchazi\/#primaryimage\"},\"image\":{\"@id\":\"https:\/\/evertonfc.cz\/index.php\/2021\/09\/22\/konec-pohadky-superstar-james-odchazi\/#primaryimage\"},\"thumbnailUrl\":\"https:\/\/evertonfc.cz\/wp-content\/uploads\/2021\/09\/james_22_9_2021.jpg\",\"datePublished\":\"2021-09-22T18:44:42+00:00\",\"dateModified\":\"2021-09-23T11:46:34+00:00\",\"description\":\"Nezvratn\u00e9 se stalo skute\u010dnost\u00ed. James Rodr\u00edgez se v tichosti a bez fanf\u00e1r lou\u010d\u00ed s Evertonem po pouh\u00e9m roce, ve sv\u00e9 kari\u00e9\u0159e bude pokra\u010dovat v katarsk\u00e9m klubu Al-Rayyan.\",\"breadcrumb\":{\"@id\":\"https:\/\/evertonfc.cz\/index.php\/2021\/09\/22\/konec-pohadky-superstar-james-odchazi\/#breadcrumb\"},\"inLanguage\":\"cs\",\"potentialAction\":[{\"@type\":\"ReadAction\",\"target\":[\"https:\/\/evertonfc.cz\/index.php\/2021\/09\/22\/konec-pohadky-superstar-james-odchazi\/\"]}]},{\"@type\":\"ImageObject\",\"inLanguage\":\"cs\",\"@id\":\"https:\/\/evertonfc.cz\/index.php\/2021\/09\/22\/konec-pohadky-superstar-james-odchazi\/#primaryimage\",\"url\":\"https:\/\/evertonfc.cz\/wp-content\/uploads\/2021\/09\/james_22_9_2021.jpg\",\"contentUrl\":\"https:\/\/evertonfc.cz\/wp-content\/uploads\/2021\/09\/james_22_9_2021.jpg\",\"width\":720,\"height\":405},{\"@type\":\"BreadcrumbList\",\"@id\":\"https:\/\/evertonfc.cz\/index.php\/2021\/09\/22\/konec-pohadky-superstar-james-odchazi\/#breadcrumb\",\"itemListElement\":[{\"@type\":\"ListItem\",\"position\":1,\"name\":\"Home\",\"item\":\"https:\/\/evertonfc.cz\/\"},{\"@type\":\"ListItem\",\"position\":2,\"name\":\"Konec poh\u00e1dky, superstar James odch\u00e1z\u00ed\"}]},{\"@type\":\"WebSite\",\"@id\":\"https:\/\/evertonfc.cz\/#website\",\"url\":\"https:\/\/evertonfc.cz\/\",\"name\":\"Official Czech &amp; Slovak Everton Supporters&#039; Club\",\"description\":\"\",\"publisher\":{\"@id\":\"https:\/\/evertonfc.cz\/#organization\"},\"potentialAction\":[{\"@type\":\"SearchAction\",\"target\":{\"@type\":\"EntryPoint\",\"urlTemplate\":\"https:\/\/evertonfc.cz\/?s={search_term_string}\"},\"query-input\":{\"@type\":\"PropertyValueSpecification\",\"valueRequired\":true,\"valueName\":\"search_term_string\"}}],\"inLanguage\":\"cs\"},{\"@type\":\"Organization\",\"@id\":\"https:\/\/evertonfc.cz\/#organization\",\"name\":\"Official Czech & Slovak Everton Supporters' Club\",\"url\":\"https:\/\/evertonfc.cz\/\",\"logo\":{\"@type\":\"ImageObject\",\"inLanguage\":\"cs\",\"@id\":\"https:\/\/evertonfc.cz\/#\/schema\/logo\/image\/\",\"url\":\"https:\/\/evertonfc.cz\/wp-content\/uploads\/2019\/05\/logo.png\",\"contentUrl\":\"https:\/\/evertonfc.cz\/wp-content\/uploads\/2019\/05\/logo.png\",\"width\":112,\"height\":112,\"caption\":\"Official Czech & Slovak Everton Supporters' Club\"},\"image\":{\"@id\":\"https:\/\/evertonfc.cz\/#\/schema\/logo\/image\/\"},\"sameAs\":[\"https:\/\/www.facebook.com\/everton.fans.cz.sk\"]},{\"@type\":\"Person\",\"@id\":\"https:\/\/evertonfc.cz\/#\/schema\/person\/f7a5daedb2ffee98480bc70e191aaef1\",\"name\":\"Ri\u010di\",\"sameAs\":[\"https:\/\/x.com\/rbrejsa\"],\"url\":\"https:\/\/evertonfc.cz\/index.php\/author\/rici\/\"}]}<\/script>\n<!-- \/ Yoast SEO plugin. -->","yoast_head_json":{"title":"Konec poh\u00e1dky, superstar James odch\u00e1z\u00ed - Official Czech &amp; Slovak Everton Supporters&#039; Club","description":"Nezvratn\u00e9 se stalo skute\u010dnost\u00ed. James Rodr\u00edgez se v tichosti a bez fanf\u00e1r lou\u010d\u00ed s Evertonem po pouh\u00e9m roce, ve sv\u00e9 kari\u00e9\u0159e bude pokra\u010dovat v katarsk\u00e9m klubu Al-Rayyan.","robots":{"index":"index","follow":"follow","max-snippet":"max-snippet:-1","max-image-preview":"max-image-preview:large","max-video-preview":"max-video-preview:-1"},"canonical":"https:\/\/evertonfc.cz\/index.php\/2021\/09\/22\/konec-pohadky-superstar-james-odchazi\/","og_locale":"cs_CZ","og_type":"article","og_title":"Konec poh\u00e1dky, superstar James odch\u00e1z\u00ed - Official Czech &amp; Slovak Everton Supporters&#039; Club","og_description":"Nezvratn\u00e9 se stalo skute\u010dnost\u00ed. James Rodr\u00edgez se v tichosti a bez fanf\u00e1r lou\u010d\u00ed s Evertonem po pouh\u00e9m roce, ve sv\u00e9 kari\u00e9\u0159e bude pokra\u010dovat v katarsk\u00e9m klubu Al-Rayyan.","og_url":"https:\/\/evertonfc.cz\/index.php\/2021\/09\/22\/konec-pohadky-superstar-james-odchazi\/","og_site_name":"Official Czech &amp; Slovak Everton Supporters&#039; Club","article_publisher":"https:\/\/www.facebook.com\/everton.fans.cz.sk","article_published_time":"2021-09-22T18:44:42+00:00","article_modified_time":"2021-09-23T11:46:34+00:00","og_image":[{"width":720,"height":405,"url":"https:\/\/evertonfc.cz\/wp-content\/uploads\/2021\/09\/james_22_9_2021.jpg","type":"image\/jpeg"}],"author":"Ri\u010di","twitter_card":"summary_large_image","twitter_creator":"@rbrejsa","twitter_misc":{"Napsal(a)":"Ri\u010di","Odhadovan\u00e1 doba \u010dten\u00ed":"2 minuty"},"schema":{"@context":"https:\/\/schema.org","@graph":[{"@type":"Article","@id":"https:\/\/evertonfc.cz\/index.php\/2021\/09\/22\/konec-pohadky-superstar-james-odchazi\/#article","isPartOf":{"@id":"https:\/\/evertonfc.cz\/index.php\/2021\/09\/22\/konec-pohadky-superstar-james-odchazi\/"},"author":{"name":"Ri\u010di","@id":"https:\/\/evertonfc.cz\/#\/schema\/person\/f7a5daedb2ffee98480bc70e191aaef1"},"headline":"Konec poh\u00e1dky, superstar James odch\u00e1z\u00ed","datePublished":"2021-09-22T18:44:42+00:00","dateModified":"2021-09-23T11:46:34+00:00","mainEntityOfPage":{"@id":"https:\/\/evertonfc.cz\/index.php\/2021\/09\/22\/konec-pohadky-superstar-james-odchazi\/"},"wordCount":433,"commentCount":8,"publisher":{"@id":"https:\/\/evertonfc.cz\/#organization"},"image":{"@id":"https:\/\/evertonfc.cz\/index.php\/2021\/09\/22\/konec-pohadky-superstar-james-odchazi\/#primaryimage"},"thumbnailUrl":"https:\/\/evertonfc.cz\/wp-content\/uploads\/2021\/09\/james_22_9_2021.jpg","articleSection":["P\u0159estupy"],"inLanguage":"cs","potentialAction":[{"@type":"CommentAction","name":"Comment","target":["https:\/\/evertonfc.cz\/index.php\/2021\/09\/22\/konec-pohadky-superstar-james-odchazi\/#respond"]}]},{"@type":"WebPage","@id":"https:\/\/evertonfc.cz\/index.php\/2021\/09\/22\/konec-pohadky-superstar-james-odchazi\/","url":"https:\/\/evertonfc.cz\/index.php\/2021\/09\/22\/konec-pohadky-superstar-james-odchazi\/","name":"Konec poh\u00e1dky, superstar James odch\u00e1z\u00ed - Official Czech &amp; Slovak Everton Supporters&#039; Club","isPartOf":{"@id":"https:\/\/evertonfc.cz\/#website"},"primaryImageOfPage":{"@id":"https:\/\/evertonfc.cz\/index.php\/2021\/09\/22\/konec-pohadky-superstar-james-odchazi\/#primaryimage"},"image":{"@id":"https:\/\/evertonfc.cz\/index.php\/2021\/09\/22\/konec-pohadky-superstar-james-odchazi\/#primaryimage"},"thumbnailUrl":"https:\/\/evertonfc.cz\/wp-content\/uploads\/2021\/09\/james_22_9_2021.jpg","datePublished":"2021-09-22T18:44:42+00:00","dateModified":"2021-09-23T11:46:34+00:00","description":"Nezvratn\u00e9 se stalo skute\u010dnost\u00ed. James Rodr\u00edgez se v tichosti a bez fanf\u00e1r lou\u010d\u00ed s Evertonem po pouh\u00e9m roce, ve sv\u00e9 kari\u00e9\u0159e bude pokra\u010dovat v katarsk\u00e9m klubu Al-Rayyan.","breadcrumb":{"@id":"https:\/\/evertonfc.cz\/index.php\/2021\/09\/22\/konec-pohadky-superstar-james-odchazi\/#breadcrumb"},"inLanguage":"cs","potentialAction":[{"@type":"ReadAction","target":["https:\/\/evertonfc.cz\/index.php\/2021\/09\/22\/konec-pohadky-superstar-james-odchazi\/"]}]},{"@type":"ImageObject","inLanguage":"cs","@id":"https:\/\/evertonfc.cz\/index.php\/2021\/09\/22\/konec-pohadky-superstar-james-odchazi\/#primaryimage","url":"https:\/\/evertonfc.cz\/wp-content\/uploads\/2021\/09\/james_22_9_2021.jpg","contentUrl":"https:\/\/evertonfc.cz\/wp-content\/uploads\/2021\/09\/james_22_9_2021.jpg","width":720,"height":405},{"@type":"BreadcrumbList","@id":"https:\/\/evertonfc.cz\/index.php\/2021\/09\/22\/konec-pohadky-superstar-james-odchazi\/#breadcrumb","itemListElement":[{"@type":"ListItem","position":1,"name":"Home","item":"https:\/\/evertonfc.cz\/"},{"@type":"ListItem","position":2,"name":"Konec poh\u00e1dky, superstar James odch\u00e1z\u00ed"}]},{"@type":"WebSite","@id":"https:\/\/evertonfc.cz\/#website","url":"https:\/\/evertonfc.cz\/","name":"Official Czech &amp; Slovak Everton Supporters&#039; Club","description":"","publisher":{"@id":"https:\/\/evertonfc.cz\/#organization"},"potentialAction":[{"@type":"SearchAction","target":{"@type":"EntryPoint","urlTemplate":"https:\/\/evertonfc.cz\/?s={search_term_string}"},"query-input":{"@type":"PropertyValueSpecification","valueRequired":true,"valueName":"search_term_string"}}],"inLanguage":"cs"},{"@type":"Organization","@id":"https:\/\/evertonfc.cz\/#organization","name":"Official Czech & Slovak Everton Supporters' Club","url":"https:\/\/evertonfc.cz\/","logo":{"@type":"ImageObject","inLanguage":"cs","@id":"https:\/\/evertonfc.cz\/#\/schema\/logo\/image\/","url":"https:\/\/evertonfc.cz\/wp-content\/uploads\/2019\/05\/logo.png","contentUrl":"https:\/\/evertonfc.cz\/wp-content\/uploads\/2019\/05\/logo.png","width":112,"height":112,"caption":"Official Czech & Slovak Everton Supporters' Club"},"image":{"@id":"https:\/\/evertonfc.cz\/#\/schema\/logo\/image\/"},"sameAs":["https:\/\/www.facebook.com\/everton.fans.cz.sk"]},{"@type":"Person","@id":"https:\/\/evertonfc.cz\/#\/schema\/person\/f7a5daedb2ffee98480bc70e191aaef1","name":"Ri\u010di","sameAs":["https:\/\/x.com\/rbrejsa"],"url":"https:\/\/evertonfc.cz\/index.php\/author\/rici\/"}]}},"_links":{"self":[{"href":"https:\/\/evertonfc.cz\/index.php\/wp-json\/wp\/v2\/posts\/16555"}],"collection":[{"href":"https:\/\/evertonfc.cz\/index.php\/wp-json\/wp\/v2\/posts"}],"about":[{"href":"https:\/\/evertonfc.cz\/index.php\/wp-json\/wp\/v2\/types\/post"}],"author":[{"embeddable":true,"href":"https:\/\/evertonfc.cz\/index.php\/wp-json\/wp\/v2\/users\/6"}],"replies":[{"embeddable":true,"href":"https:\/\/evertonfc.cz\/index.php\/wp-json\/wp\/v2\/comments?post=16555"}],"version-history":[{"count":10,"href":"https:\/\/evertonfc.cz\/index.php\/wp-json\/wp\/v2\/posts\/16555\/revisions"}],"predecessor-version":[{"id":16572,"href":"https:\/\/evertonfc.cz\/index.php\/wp-json\/wp\/v2\/posts\/16555\/revisions\/16572"}],"wp:featuredmedia":[{"embeddable":true,"href":"https:\/\/evertonfc.cz\/index.php\/wp-json\/wp\/v2\/media\/16554"}],"wp:attachment":[{"href":"https:\/\/evertonfc.cz\/index.php\/wp-json\/wp\/v2\/media?parent=16555"}],"wp:term":[{"taxonomy":"category","embeddable":true,"href":"https:\/\/evertonfc.cz\/index.php\/wp-json\/wp\/v2\/categories?post=16555"},{"taxonomy":"post_tag","embeddable":true,"href":"https:\/\/evertonfc.cz\/index.php\/wp-json\/wp\/v2\/tags?post=16555"}],"curies":[{"name":"wp","href":"https:\/\/api.w.org\/{rel}","templated":true}]}}