{"id":16585,"date":"2021-09-27T08:24:53","date_gmt":"2021-09-27T06:24:53","guid":{"rendered":"https:\/\/evertonfc.cz\/?p=16585"},"modified":"2021-09-29T11:08:44","modified_gmt":"2021-09-29T09:08:44","slug":"everton-w-birmingam-city-w-31","status":"publish","type":"post","link":"https:\/\/evertonfc.cz\/index.php\/2021\/09\/27\/everton-w-birmingam-city-w-31\/","title":{"rendered":"Everton W &#8211; Birmingham City W 3:1"},"content":{"rendered":"<h4>Everton v sobotu ve sv\u00e9m dom\u00e1c\u00edm st\u00e1nku p\u0159iv\u00edtal Birmingham City. A s nimi nakonec i prvn\u00ed t\u0159i body na sv\u00e9 konto v tomto ligov\u00e9m ro\u010dn\u00edku.<\/h4>\n<p>O tom, \u017ee na\u0161e v\u00fdkony byly letos zat\u00edm nanicovat\u00e9 nen\u00ed t\u0159eba dlouze ps\u00e1t. N\u00e1v\u0161t\u011bva z West Midlands byla u\u017e p\u0159edem pova\u017eov\u00e1na za p\u0159\u00edle\u017eitost v\u011bci napravit. Birmingamsk\u00fdm se ji\u017e 16 z\u00e1pas\u016f v \u0159ad\u011b nepoda\u0159ilo zv\u00edt\u011bzit, co\u017e nad\u011bje Evertonu na bodov\u00fd zisk m\u00edrn\u011b zv\u00fd\u0161ilo. Na druhou stranu jsme nikdy na dom\u00e1c\u00ed p\u016fd\u011b Birmingham neporazili. Willie Kirk si byl tak\u00e9 v\u011bdom neudr\u017eitelnosti situace a prom\u00edchal m\u00edrn\u011b sestavu. Do z\u00e1pasu poprv\u00e9 od sv\u00e9ho p\u0159estupu nastoupila Leonie Maier, na lavi\u010dku byla posazen\u00e1 jinak st\u00e1lice obrany Meg Finnigan. Kenza Dali a Grace Clinton si zahr\u00e1ly od prvn\u00edch minut. Zran\u011bn\u00e1 Anna Anveg\u00e5rd se do nominace na z\u00e1pas neve\u0161la v\u016fbec. Pro zran\u011bn\u00ed jsme nevid\u011bli ani Simone Magill\u00a0 a bolav\u00e1 z\u00e1da tr\u00e1p\u00ed Lucy Graham.<\/p>\n<h4>Prvn\u00ed polo\u010das<\/h4>\n<p>za\u010dal lehk\u00fdm tlakem Birminghamu, kter\u00fd ale na\u0161\u00ed obran\u011b nep\u016fsobil v\u011bt\u0161\u00ed pot\u00ed\u017ee. Everton zkou\u0161el s\u00e1zet na proti\u00fatoky, ale pokusy Duggan a Clinton byly je\u0161t\u011b ne\u00fasp\u011b\u0161n\u00e9. Ve 13.minut\u011b po dlouh\u00e9m centru Dali p\u0159iklepla Christiansen m\u00ed\u010d Clinton, kter\u00e1 ale nadvakr\u00e1t obranu neprop\u00e1lila. Odra\u017een\u00fd m\u00ed\u010d ov\u0161em na hranici velk\u00e9ho v\u00e1pna zachytila Leonie Maier. Ta d\u011blovkou se dv\u011bma te\u010demi zaznamenala sv\u016fj prvn\u00ed evertonsk\u00fd g\u00f3l, a tak\u00e9 prvn\u00ed g\u00f3l karamel v t\u00e9to sez\u00f3n\u011b &#8211; <strong>1:0<\/strong>. Stejn\u00e1 akt\u00e9rka o sob\u011b dala v\u011bd\u011bt i o chv\u00edli pozd\u011bji, kdy se j\u00ed p\u0159i souboji uvolnil drdol. S nap\u011bt\u00edm tak bylo mo\u017en\u00e9 sledovat na\u0161\u00ed obr\u00e1nkyni, jak stoj\u00ed u na\u0161\u00ed branky a ob\u011bma rukama se sna\u017e\u00ed vr\u00e1tit si rozpu\u0161t\u011bn\u00e9 kade\u0159e na m\u00edsto, zat\u00edmco okolo n\u00ed zu\u0159\u00ed peklo rohov\u00e9ho kopu. O chv\u00edli pozd\u011bji se do akce dostala i MacIver, kdy\u00a0 skluzem ukon\u010dila nebezpe\u010dnou akci host\u00ed. Birmingham se hnal za vyrovn\u00e1n\u00edm, a to se mu tak\u00e9 povedlo. Ve 32. minut\u011b zleva prob\u011bhla do v\u00e1pna Jade Pennock a bylo to <strong>1:1<\/strong>.<\/p>\n<h4>Druh\u00fd polo\u010das<\/h4>\n<p>P\u0159inesl st\u0159\u00edd\u00e1n\u00ed v na\u0161ich \u0159ad\u00e1ch. Na lavi\u010dku usedla Galli a na h\u0159i\u0161t\u011b p\u0159iklusala Bennison.\u00a0 Na\u0161e hra se asi i t\u00edmto z\u00e1sahem o\u017eivila. Postupn\u011b se d\u011bn\u00ed na h\u0159i\u0161ti p\u0159esouvalo zejm\u00e9na na p\u016fli soupe\u0159ek. Prvn\u00ed pokus Bennison v 69. minut\u011b byl zblokov\u00e1n, ale v 74. minut\u011b si p\u0159i\u0165ukla m\u00ed\u010d nakr\u00e1tko s Duggan a pak leva\u010dkou vyp\u00e1lila do prav\u00e9ho rohu branky &#8211; <strong>2:1<\/strong>. N\u00e1dhern\u00fd g\u00f3l. V dal\u0161\u00edm pr\u016fb\u011bhu z\u00e1pasu za potlesku div\u00e1k\u016f ode\u0161la ze h\u0159i\u0161t\u011b Duggan a p\u0159i\u0161la S\u00f8rensen. Ta si v\u0161ak z\u00e1hy poranila koleno a nahradila ji Pattinson. V bohat\u011b nastaven\u00e9m \u010dase se po rohov\u00e9m kopu hlavi\u010dkou prosadila Sevecke a uzav\u0159ela tak sk\u00f3re z\u00e1pasu na<strong> 3:1<\/strong>.<\/p>\n<h4>Shrnut\u00ed<\/h4>\n<p style=\"text-align: left;\">Form\u00e1ln\u011b vzato za\u010d\u00ednal z\u00e1pas jako st\u0159etnut\u00ed dvou t\u00fdm\u016f na chvostu tabulky. Postupem \u010dasu se ale\u00a0 Everton dostal do role favorita. I tak ov\u0161em na\u0161e hra obsahovala v\u00edce nep\u0159esnost\u00ed, ne\u017e bylo mil\u00e9. Grace Clinton se na hrotu sice sna\u017eila, ale p\u0159es urostl\u00e9 beky soupe\u0159ek nem\u011bla p\u0159\u00edli\u0161 \u0161anci. Galli byla nejen utopen\u00e1 v hloubi pole, ale jej\u00ed p\u0159ihr\u00e1vky p\u0159esnost\u00ed ani na\u010dasov\u00e1n\u00edm zrovna neohromovaly. Bj\u00f6rn je spolehliv\u00e1 vzadu, ale ani ona patrn\u011b nem\u00e1 pr\u00e1v\u011b vysok\u00e9 procento \u00fasp\u011b\u0161n\u00fdch pas\u016f. Naopak je t\u0159eba vyzdvihnout Kenzu Dali, kter\u00e1 v sobotu byla skute\u010dnou tv\u016frkyn\u00ed hry. A velmi dob\u0159e si vedla rovn\u011b\u017e Gabby George. Tak\u00e9 premi\u00e9rov\u00e9 g\u00f3ly posil pot\u011b\u0161ily. Aktu\u00e1ln\u011b n\u00e1m pat\u0159\u00ed 9. m\u00edsto s 3 body. Na prvn\u00ed Arsenal ztr\u00e1c\u00edme bod\u016f 6. Come on, you blue girls!<\/p>\n<p style=\"text-align: right;\"><span style=\"font-size: 8pt;\"><em>Fotografie: Duggan a Bennison (Zdroj: The Sun)<\/em><\/span><\/p>\n<p><strong>Branky: <\/strong>Maier (13), Bennison (74), Sevecke (90+ 7)- Pennock (32)<\/p>\n<p><strong>Everton: <\/strong>MacIver, Turner, Bj\u00f6rn, George, Maier (Sevecke), Galli (Bennison), Dali, Christiansen, Duggan (S\u00f8rensen (Pattinson)), Clinton (Gauvin)<\/p>\n<p><strong>Birmingham:\u00a0<\/strong>Ramsey, Scott (Smith), Quinn, Lawley, Holloway, Finn, Robertson, Quinn, Pennock (Whipp), Sarri (Whelan), Ewens (Ryan-Doyle)<\/p>\n","protected":false},"excerpt":{"rendered":"<p>Everton v sobotu ve sv\u00e9m dom\u00e1c\u00edm st\u00e1nku p\u0159iv\u00edtal Birmingham City. A s nimi nakonec i prvn\u00ed t\u0159i body na sv\u00e9 konto v tomto ligov\u00e9m ro\u010dn\u00edku.<\/p>\n","protected":false},"author":26,"featured_media":16587,"comment_status":"open","ping_status":"closed","sticky":false,"template":"","format":"standard","meta":{"_eb_attr":"","_monsterinsights_skip_tracking":false,"_monsterinsights_sitenote_active":false,"_monsterinsights_sitenote_note":"","_monsterinsights_sitenote_category":0,"footnotes":""},"categories":[110],"tags":[],"yoast_head":"<!-- This site is optimized with the Yoast SEO plugin v23.4 - https:\/\/yoast.com\/wordpress\/plugins\/seo\/ -->\n<title>Everton W - Birmingham City W 3:1 - Official Czech &amp; Slovak Everton Supporters&#039; Club<\/title>\n<meta name=\"robots\" content=\"index, follow, max-snippet:-1, max-image-preview:large, max-video-preview:-1\" \/>\n<link rel=\"canonical\" href=\"https:\/\/evertonfc.cz\/index.php\/2021\/09\/27\/everton-w-birmingam-city-w-31\/\" \/>\n<meta property=\"og:locale\" content=\"cs_CZ\" \/>\n<meta property=\"og:type\" content=\"article\" \/>\n<meta property=\"og:title\" content=\"Everton W - Birmingham City W 3:1 - Official Czech &amp; Slovak Everton Supporters&#039; Club\" \/>\n<meta property=\"og:description\" content=\"Everton v sobotu ve sv\u00e9m dom\u00e1c\u00edm st\u00e1nku p\u0159iv\u00edtal Birmingham City. A s nimi nakonec i prvn\u00ed t\u0159i body na sv\u00e9 konto v tomto ligov\u00e9m ro\u010dn\u00edku.\" \/>\n<meta property=\"og:url\" content=\"https:\/\/evertonfc.cz\/index.php\/2021\/09\/27\/everton-w-birmingam-city-w-31\/\" \/>\n<meta property=\"og:site_name\" content=\"Official Czech &amp; Slovak Everton Supporters&#039; Club\" \/>\n<meta property=\"article:publisher\" content=\"https:\/\/www.facebook.com\/everton.fans.cz.sk\" \/>\n<meta property=\"article:published_time\" content=\"2021-09-27T06:24:53+00:00\" \/>\n<meta property=\"article:modified_time\" content=\"2021-09-29T09:08:44+00:00\" \/>\n<meta property=\"og:image\" content=\"https:\/\/evertonfc.cz\/wp-content\/uploads\/2021\/09\/Bennison-a-Duggan-vs.-Birmingham-web-25_9_2021.jpg\" \/>\n\t<meta property=\"og:image:width\" content=\"720\" \/>\n\t<meta property=\"og:image:height\" content=\"404\" \/>\n\t<meta property=\"og:image:type\" content=\"image\/jpeg\" \/>\n<meta name=\"author\" content=\"Karamela\" \/>\n<meta name=\"twitter:card\" content=\"summary_large_image\" \/>\n<meta name=\"twitter:label1\" content=\"Napsal(a)\" \/>\n\t<meta name=\"twitter:data1\" content=\"Karamela\" \/>\n\t<meta name=\"twitter:label2\" content=\"Odhadovan\u00e1 doba \u010dten\u00ed\" \/>\n\t<meta name=\"twitter:data2\" content=\"3 minuty\" \/>\n<script type=\"application\/ld+json\" class=\"yoast-schema-graph\">{\"@context\":\"https:\/\/schema.org\",\"@graph\":[{\"@type\":\"Article\",\"@id\":\"https:\/\/evertonfc.cz\/index.php\/2021\/09\/27\/everton-w-birmingam-city-w-31\/#article\",\"isPartOf\":{\"@id\":\"https:\/\/evertonfc.cz\/index.php\/2021\/09\/27\/everton-w-birmingam-city-w-31\/\"},\"author\":{\"name\":\"Karamela\",\"@id\":\"https:\/\/evertonfc.cz\/#\/schema\/person\/e9a24a80a32efa1344dd2c4e5882185c\"},\"headline\":\"Everton W &#8211; Birmingham City W 3:1\",\"datePublished\":\"2021-09-27T06:24:53+00:00\",\"dateModified\":\"2021-09-29T09:08:44+00:00\",\"mainEntityOfPage\":{\"@id\":\"https:\/\/evertonfc.cz\/index.php\/2021\/09\/27\/everton-w-birmingam-city-w-31\/\"},\"wordCount\":760,\"commentCount\":0,\"publisher\":{\"@id\":\"https:\/\/evertonfc.cz\/#organization\"},\"image\":{\"@id\":\"https:\/\/evertonfc.cz\/index.php\/2021\/09\/27\/everton-w-birmingam-city-w-31\/#primaryimage\"},\"thumbnailUrl\":\"https:\/\/evertonfc.cz\/wp-content\/uploads\/2021\/09\/Bennison-a-Duggan-vs.-Birmingham-web-25_9_2021.jpg\",\"articleSection\":[\"Everton Women\"],\"inLanguage\":\"cs\",\"potentialAction\":[{\"@type\":\"CommentAction\",\"name\":\"Comment\",\"target\":[\"https:\/\/evertonfc.cz\/index.php\/2021\/09\/27\/everton-w-birmingam-city-w-31\/#respond\"]}]},{\"@type\":\"WebPage\",\"@id\":\"https:\/\/evertonfc.cz\/index.php\/2021\/09\/27\/everton-w-birmingam-city-w-31\/\",\"url\":\"https:\/\/evertonfc.cz\/index.php\/2021\/09\/27\/everton-w-birmingam-city-w-31\/\",\"name\":\"Everton W - Birmingham City W 3:1 - Official Czech &amp; Slovak Everton Supporters&#039; Club\",\"isPartOf\":{\"@id\":\"https:\/\/evertonfc.cz\/#website\"},\"primaryImageOfPage\":{\"@id\":\"https:\/\/evertonfc.cz\/index.php\/2021\/09\/27\/everton-w-birmingam-city-w-31\/#primaryimage\"},\"image\":{\"@id\":\"https:\/\/evertonfc.cz\/index.php\/2021\/09\/27\/everton-w-birmingam-city-w-31\/#primaryimage\"},\"thumbnailUrl\":\"https:\/\/evertonfc.cz\/wp-content\/uploads\/2021\/09\/Bennison-a-Duggan-vs.-Birmingham-web-25_9_2021.jpg\",\"datePublished\":\"2021-09-27T06:24:53+00:00\",\"dateModified\":\"2021-09-29T09:08:44+00:00\",\"breadcrumb\":{\"@id\":\"https:\/\/evertonfc.cz\/index.php\/2021\/09\/27\/everton-w-birmingam-city-w-31\/#breadcrumb\"},\"inLanguage\":\"cs\",\"potentialAction\":[{\"@type\":\"ReadAction\",\"target\":[\"https:\/\/evertonfc.cz\/index.php\/2021\/09\/27\/everton-w-birmingam-city-w-31\/\"]}]},{\"@type\":\"ImageObject\",\"inLanguage\":\"cs\",\"@id\":\"https:\/\/evertonfc.cz\/index.php\/2021\/09\/27\/everton-w-birmingam-city-w-31\/#primaryimage\",\"url\":\"https:\/\/evertonfc.cz\/wp-content\/uploads\/2021\/09\/Bennison-a-Duggan-vs.-Birmingham-web-25_9_2021.jpg\",\"contentUrl\":\"https:\/\/evertonfc.cz\/wp-content\/uploads\/2021\/09\/Bennison-a-Duggan-vs.-Birmingham-web-25_9_2021.jpg\",\"width\":720,\"height\":404},{\"@type\":\"BreadcrumbList\",\"@id\":\"https:\/\/evertonfc.cz\/index.php\/2021\/09\/27\/everton-w-birmingam-city-w-31\/#breadcrumb\",\"itemListElement\":[{\"@type\":\"ListItem\",\"position\":1,\"name\":\"Home\",\"item\":\"https:\/\/evertonfc.cz\/\"},{\"@type\":\"ListItem\",\"position\":2,\"name\":\"Everton W &#8211; Birmingham City W 3:1\"}]},{\"@type\":\"WebSite\",\"@id\":\"https:\/\/evertonfc.cz\/#website\",\"url\":\"https:\/\/evertonfc.cz\/\",\"name\":\"Official Czech &amp; Slovak Everton Supporters&#039; Club\",\"description\":\"\",\"publisher\":{\"@id\":\"https:\/\/evertonfc.cz\/#organization\"},\"potentialAction\":[{\"@type\":\"SearchAction\",\"target\":{\"@type\":\"EntryPoint\",\"urlTemplate\":\"https:\/\/evertonfc.cz\/?s={search_term_string}\"},\"query-input\":{\"@type\":\"PropertyValueSpecification\",\"valueRequired\":true,\"valueName\":\"search_term_string\"}}],\"inLanguage\":\"cs\"},{\"@type\":\"Organization\",\"@id\":\"https:\/\/evertonfc.cz\/#organization\",\"name\":\"Official Czech & Slovak Everton Supporters' Club\",\"url\":\"https:\/\/evertonfc.cz\/\",\"logo\":{\"@type\":\"ImageObject\",\"inLanguage\":\"cs\",\"@id\":\"https:\/\/evertonfc.cz\/#\/schema\/logo\/image\/\",\"url\":\"https:\/\/evertonfc.cz\/wp-content\/uploads\/2019\/05\/logo.png\",\"contentUrl\":\"https:\/\/evertonfc.cz\/wp-content\/uploads\/2019\/05\/logo.png\",\"width\":112,\"height\":112,\"caption\":\"Official Czech & Slovak Everton Supporters' Club\"},\"image\":{\"@id\":\"https:\/\/evertonfc.cz\/#\/schema\/logo\/image\/\"},\"sameAs\":[\"https:\/\/www.facebook.com\/everton.fans.cz.sk\"]},{\"@type\":\"Person\",\"@id\":\"https:\/\/evertonfc.cz\/#\/schema\/person\/e9a24a80a32efa1344dd2c4e5882185c\",\"name\":\"Karamela\",\"url\":\"https:\/\/evertonfc.cz\/index.php\/author\/karamela\/\"}]}<\/script>\n<!-- \/ Yoast SEO plugin. -->","yoast_head_json":{"title":"Everton W - Birmingham City W 3:1 - Official Czech &amp; Slovak Everton Supporters&#039; Club","robots":{"index":"index","follow":"follow","max-snippet":"max-snippet:-1","max-image-preview":"max-image-preview:large","max-video-preview":"max-video-preview:-1"},"canonical":"https:\/\/evertonfc.cz\/index.php\/2021\/09\/27\/everton-w-birmingam-city-w-31\/","og_locale":"cs_CZ","og_type":"article","og_title":"Everton W - Birmingham City W 3:1 - Official Czech &amp; Slovak Everton Supporters&#039; Club","og_description":"Everton v sobotu ve sv\u00e9m dom\u00e1c\u00edm st\u00e1nku p\u0159iv\u00edtal Birmingham City. A s nimi nakonec i prvn\u00ed t\u0159i body na sv\u00e9 konto v tomto ligov\u00e9m ro\u010dn\u00edku.","og_url":"https:\/\/evertonfc.cz\/index.php\/2021\/09\/27\/everton-w-birmingam-city-w-31\/","og_site_name":"Official Czech &amp; Slovak Everton Supporters&#039; Club","article_publisher":"https:\/\/www.facebook.com\/everton.fans.cz.sk","article_published_time":"2021-09-27T06:24:53+00:00","article_modified_time":"2021-09-29T09:08:44+00:00","og_image":[{"width":720,"height":404,"url":"https:\/\/evertonfc.cz\/wp-content\/uploads\/2021\/09\/Bennison-a-Duggan-vs.-Birmingham-web-25_9_2021.jpg","type":"image\/jpeg"}],"author":"Karamela","twitter_card":"summary_large_image","twitter_misc":{"Napsal(a)":"Karamela","Odhadovan\u00e1 doba \u010dten\u00ed":"3 minuty"},"schema":{"@context":"https:\/\/schema.org","@graph":[{"@type":"Article","@id":"https:\/\/evertonfc.cz\/index.php\/2021\/09\/27\/everton-w-birmingam-city-w-31\/#article","isPartOf":{"@id":"https:\/\/evertonfc.cz\/index.php\/2021\/09\/27\/everton-w-birmingam-city-w-31\/"},"author":{"name":"Karamela","@id":"https:\/\/evertonfc.cz\/#\/schema\/person\/e9a24a80a32efa1344dd2c4e5882185c"},"headline":"Everton W &#8211; Birmingham City W 3:1","datePublished":"2021-09-27T06:24:53+00:00","dateModified":"2021-09-29T09:08:44+00:00","mainEntityOfPage":{"@id":"https:\/\/evertonfc.cz\/index.php\/2021\/09\/27\/everton-w-birmingam-city-w-31\/"},"wordCount":760,"commentCount":0,"publisher":{"@id":"https:\/\/evertonfc.cz\/#organization"},"image":{"@id":"https:\/\/evertonfc.cz\/index.php\/2021\/09\/27\/everton-w-birmingam-city-w-31\/#primaryimage"},"thumbnailUrl":"https:\/\/evertonfc.cz\/wp-content\/uploads\/2021\/09\/Bennison-a-Duggan-vs.-Birmingham-web-25_9_2021.jpg","articleSection":["Everton Women"],"inLanguage":"cs","potentialAction":[{"@type":"CommentAction","name":"Comment","target":["https:\/\/evertonfc.cz\/index.php\/2021\/09\/27\/everton-w-birmingam-city-w-31\/#respond"]}]},{"@type":"WebPage","@id":"https:\/\/evertonfc.cz\/index.php\/2021\/09\/27\/everton-w-birmingam-city-w-31\/","url":"https:\/\/evertonfc.cz\/index.php\/2021\/09\/27\/everton-w-birmingam-city-w-31\/","name":"Everton W - Birmingham City W 3:1 - Official Czech &amp; Slovak Everton Supporters&#039; Club","isPartOf":{"@id":"https:\/\/evertonfc.cz\/#website"},"primaryImageOfPage":{"@id":"https:\/\/evertonfc.cz\/index.php\/2021\/09\/27\/everton-w-birmingam-city-w-31\/#primaryimage"},"image":{"@id":"https:\/\/evertonfc.cz\/index.php\/2021\/09\/27\/everton-w-birmingam-city-w-31\/#primaryimage"},"thumbnailUrl":"https:\/\/evertonfc.cz\/wp-content\/uploads\/2021\/09\/Bennison-a-Duggan-vs.-Birmingham-web-25_9_2021.jpg","datePublished":"2021-09-27T06:24:53+00:00","dateModified":"2021-09-29T09:08:44+00:00","breadcrumb":{"@id":"https:\/\/evertonfc.cz\/index.php\/2021\/09\/27\/everton-w-birmingam-city-w-31\/#breadcrumb"},"inLanguage":"cs","potentialAction":[{"@type":"ReadAction","target":["https:\/\/evertonfc.cz\/index.php\/2021\/09\/27\/everton-w-birmingam-city-w-31\/"]}]},{"@type":"ImageObject","inLanguage":"cs","@id":"https:\/\/evertonfc.cz\/index.php\/2021\/09\/27\/everton-w-birmingam-city-w-31\/#primaryimage","url":"https:\/\/evertonfc.cz\/wp-content\/uploads\/2021\/09\/Bennison-a-Duggan-vs.-Birmingham-web-25_9_2021.jpg","contentUrl":"https:\/\/evertonfc.cz\/wp-content\/uploads\/2021\/09\/Bennison-a-Duggan-vs.-Birmingham-web-25_9_2021.jpg","width":720,"height":404},{"@type":"BreadcrumbList","@id":"https:\/\/evertonfc.cz\/index.php\/2021\/09\/27\/everton-w-birmingam-city-w-31\/#breadcrumb","itemListElement":[{"@type":"ListItem","position":1,"name":"Home","item":"https:\/\/evertonfc.cz\/"},{"@type":"ListItem","position":2,"name":"Everton W &#8211; Birmingham City W 3:1"}]},{"@type":"WebSite","@id":"https:\/\/evertonfc.cz\/#website","url":"https:\/\/evertonfc.cz\/","name":"Official Czech &amp; Slovak Everton Supporters&#039; Club","description":"","publisher":{"@id":"https:\/\/evertonfc.cz\/#organization"},"potentialAction":[{"@type":"SearchAction","target":{"@type":"EntryPoint","urlTemplate":"https:\/\/evertonfc.cz\/?s={search_term_string}"},"query-input":{"@type":"PropertyValueSpecification","valueRequired":true,"valueName":"search_term_string"}}],"inLanguage":"cs"},{"@type":"Organization","@id":"https:\/\/evertonfc.cz\/#organization","name":"Official Czech & Slovak Everton Supporters' Club","url":"https:\/\/evertonfc.cz\/","logo":{"@type":"ImageObject","inLanguage":"cs","@id":"https:\/\/evertonfc.cz\/#\/schema\/logo\/image\/","url":"https:\/\/evertonfc.cz\/wp-content\/uploads\/2019\/05\/logo.png","contentUrl":"https:\/\/evertonfc.cz\/wp-content\/uploads\/2019\/05\/logo.png","width":112,"height":112,"caption":"Official Czech & Slovak Everton Supporters' Club"},"image":{"@id":"https:\/\/evertonfc.cz\/#\/schema\/logo\/image\/"},"sameAs":["https:\/\/www.facebook.com\/everton.fans.cz.sk"]},{"@type":"Person","@id":"https:\/\/evertonfc.cz\/#\/schema\/person\/e9a24a80a32efa1344dd2c4e5882185c","name":"Karamela","url":"https:\/\/evertonfc.cz\/index.php\/author\/karamela\/"}]}},"_links":{"self":[{"href":"https:\/\/evertonfc.cz\/index.php\/wp-json\/wp\/v2\/posts\/16585"}],"collection":[{"href":"https:\/\/evertonfc.cz\/index.php\/wp-json\/wp\/v2\/posts"}],"about":[{"href":"https:\/\/evertonfc.cz\/index.php\/wp-json\/wp\/v2\/types\/post"}],"author":[{"embeddable":true,"href":"https:\/\/evertonfc.cz\/index.php\/wp-json\/wp\/v2\/users\/26"}],"replies":[{"embeddable":true,"href":"https:\/\/evertonfc.cz\/index.php\/wp-json\/wp\/v2\/comments?post=16585"}],"version-history":[{"count":20,"href":"https:\/\/evertonfc.cz\/index.php\/wp-json\/wp\/v2\/posts\/16585\/revisions"}],"predecessor-version":[{"id":16614,"href":"https:\/\/evertonfc.cz\/index.php\/wp-json\/wp\/v2\/posts\/16585\/revisions\/16614"}],"wp:featuredmedia":[{"embeddable":true,"href":"https:\/\/evertonfc.cz\/index.php\/wp-json\/wp\/v2\/media\/16587"}],"wp:attachment":[{"href":"https:\/\/evertonfc.cz\/index.php\/wp-json\/wp\/v2\/media?parent=16585"}],"wp:term":[{"taxonomy":"category","embeddable":true,"href":"https:\/\/evertonfc.cz\/index.php\/wp-json\/wp\/v2\/categories?post=16585"},{"taxonomy":"post_tag","embeddable":true,"href":"https:\/\/evertonfc.cz\/index.php\/wp-json\/wp\/v2\/tags?post=16585"}],"curies":[{"name":"wp","href":"https:\/\/api.w.org\/{rel}","templated":true}]}}