{"id":16592,"date":"2021-09-26T10:32:35","date_gmt":"2021-09-26T08:32:35","guid":{"rendered":"https:\/\/evertonfc.cz\/?p=16592"},"modified":"2021-09-27T07:01:52","modified_gmt":"2021-09-27T05:01:52","slug":"everton-norwich-city-20-2","status":"publish","type":"post","link":"https:\/\/evertonfc.cz\/index.php\/2021\/09\/26\/everton-norwich-city-20-2\/","title":{"rendered":"Everton \u2013 Norwich City 2:0"},"content":{"rendered":"<h4>Predv\u00e1dzan\u00e1 hra pred dom\u00e1cim publikom neoh\u00farila, no zaistila vcelku pohodln\u00e9 tri body od celku, ktor\u00fd t\u00fato sez\u00f3nu zatia\u013e nez\u00edskal \u017eiadne. Tak\u00e1to istota n\u00e1m ch\u00fdbala.<\/h4>\n<p>Ben\u00edtez moment\u00e1lne nem\u00e1 priestor na experimentovanie. Ak chce na ihrisko posla\u0165 najsilnej\u0161iu zostavu, zmeny nikdy nie s\u00fa po\u010detn\u00e9. Aj teraz jedin\u00fa oproti prehre vo Villa Parku predstavoval navr\u00e1tilec Pickford v br\u00e1ne. Inak to bolo u\u017e zn\u00e1me 4-4-2 s Grayom a Rond\u00f3nom v \u00fatoku, a s Godfreym na pravej strane obrany.<\/p>\n<h4><strong>Prv\u00fd pol\u010das<\/strong><\/h4>\n<p>Stretnutie neza\u010dalo pomp\u00e9znym tlakom, ani dych ber\u00facimi kombin\u00e1ciami. Everton u\u0161mudlal prv\u00e9 n\u00e1znaky \u0161anc\u00ed a\u017e okolo 20. min\u00faty. Iwobi aj Townsend mali svoje slab\u00e9 pokusy zmaren\u00e9 brank\u00e1rom, a\u017e sa do v\u00e1pna musel dosta\u0165 Allan, ktor\u00e9ho Kabak fauloval vysok\u00fdm \u0161\u013eap\u00e1kom do stehna. P\u00e1n Coote sa i\u0161iel presved\u010di\u0165 k monitoru, aby mohol na seba pri absencii Richarlisona a Calverta-Lewina vzia\u0165 zodpovednos\u0165 n\u00e1\u0161 u\u017e najprodukt\u00edvnej\u0161\u00ed hr\u00e1\u010d. Krul sa sna\u017eil Townsenda pred bielym bodom rozhodi\u0165, Angli\u010dan ho v\u0161ak mal na h\u00e1ku a tvrdou strelou do stredu ho poslal hanbi\u0165 sa. Kan\u00e1riky sa zmysluplne pripomenuli Normannovou strelou a\u017e pred koncom pol\u010dasu.<\/p>\n<h4><strong>Druh\u00fd pol\u010das<\/strong><\/h4>\n<p>V druhej \u0161tyridsa\u0165p\u00e4\u0165min\u00fatovke to bol op\u00e4\u0165 Normann, ktor\u00fd \u0161tip\u013eavo vypr\u00e1\u0161il Pickfordove rukavice. A vyzeralo to, \u017ee by sa sk\u00f3re mohlo aj \u010doskoro meni\u0165. Nebr\u00e1nen\u00fd Ben Gibson v\u0161ak minul zlat\u00fa pr\u00edle\u017eitos\u0165 hlavou a McLean z priameho kopu nemieril \u00faplne presne. Za\u010dalo to by\u0165 preto nerv\u00f3zne. Na\u0161\u0165astie d\u00f4sledn\u00e1 fyzick\u00e1 hra v strede n\u00e1m z\u00edskala loptu, ktor\u00fa potiahol Gray a na\u0161iel Doucour\u00e9ho v n\u00e1behu do v\u00e1pna. Ten sa ako znovuzroden\u00fd nem\u00fdlil. Ku koncu e\u0161te Godfrey zahodil tutovku z metra, ke\u010f loptu po rohovom kope nedok\u00e1zal nasmerova\u0165 mimo Krula.<\/p>\n<h4><strong>Rafael Ben\u00edtez:<\/strong><\/h4>\n<blockquote><p><span style=\"font-size: 12pt;\"><em>\u201eBol to \u0165a\u017ek\u00fd z\u00e1pas, preto\u017ee ka\u017ed\u00fd o\u010dak\u00e1va, \u017ee ho vyhr\u00e1te. Za\u010dali sme dobre, kontrolovali sme to asi 30 min\u00fat. Ve\u013ea si toho nevytvorili a\u00a0my sme \u00fato\u010dili, no nie pr\u00edli\u0161 nebezpe\u010dne. Posledn\u00fdch 15 min\u00fat si za\u010dali viac prihr\u00e1va\u0165, tak\u017ee sme v\u00a0druhom pol\u010dase museli nie\u010do zmeni\u0165. Pri stave 1:0 mali n\u00e1dej, \u017ee m\u00f4\u017eu nie\u010do urobi\u0165, av\u0161ak mysl\u00edm, \u017ee t\u00edm tvrdo pracoval. Potom sme trochu pozmenili taktiku &#8211; by\u0165 viac agres\u00edvny v\u00a0z\u00e1lohe \u2013 a\u00a0podaril sa n\u00e1m streli\u0165 druh\u00fd g\u00f3l.\u201c<\/em><\/span><\/p><\/blockquote>\n<h3 style=\"text-align: center;\"><span style=\"color: #3366ff;\"><strong><em>Up The Toffees !!!<\/em><\/strong><\/span><\/h3>\n<p style=\"text-align: right;\"><span style=\"font-size: 8pt;\">(fotozdroj: Sky Sports)<\/span><\/p>\n<p><strong>Zostrihy + z\u00e1pas:<\/strong> <a href=\"https:\/\/www.evertonfc.com\/news\/2270370\/full-90-everton-2-0-norwich-city\" target=\"_blank\" rel=\"noopener\">Everton TV<\/a> \u00a0<strong>Hr\u00e1\u010d z\u00e1pasu redakcie:<\/strong> Abdoulaye Doucour\u00e9<\/p>\n<p><strong>G\u00f3ly:<\/strong> 29\u00b4 Townsend (pen), 77\u00b4 Doucour\u00e9 (Gray)<\/p>\n<p><strong>\u017dlt\u00e9 karty: <\/strong>54\u00b4 Kabak, 56\u00b4 Digne, 80\u00b4 Lees Melou, 84\u00b4 Williams, 90+2\u00b4 Gordon<\/p>\n<p><strong>Everton FC:\u00a0<\/strong>Pickford \u2013 Godfrey, Mina, Keane, Digne \u2013 Townsend (76\u00b4 Gordon), Doucour\u00e9, Allan, Iwobi (89\u00b4 Dobbin) \u2013 Gray (83\u00b4 Davies), Rond\u00f3n<\/p>\n<p><strong>Norwich City FC:\u00a0<\/strong>Krul \u2013 Aarons, Kabak (69\u00b4 Rashica), Hanley, Gibson, Williams (86\u00b4 Giannoulis) \u2013 Lees Melou, Normann (69\u00b4 Tzolis), McLean \u2013 Sargent, Pukki<\/p>\n<p><strong>Rozhodca:\u00a0<\/strong>David Coote \u00a0<strong>Div\u00e1ci:<\/strong> 38 821<\/p>\n","protected":false},"excerpt":{"rendered":"<p>Predv\u00e1dzan\u00e1 hra pred dom\u00e1cim publikom neoh\u00farila, no zaistila vcelku pohodln\u00e9 tri body od celku, ktor\u00fd t\u00fato sez\u00f3nu zatia\u013e nez\u00edskal \u017eiadne. Tak\u00e1to istota n\u00e1m ch\u00fdbala.<\/p>\n","protected":false},"author":1,"featured_media":16591,"comment_status":"open","ping_status":"closed","sticky":false,"template":"","format":"standard","meta":{"_eb_attr":"","_monsterinsights_skip_tracking":false,"_monsterinsights_sitenote_active":false,"_monsterinsights_sitenote_note":"","_monsterinsights_sitenote_category":0,"footnotes":""},"categories":[4],"tags":[],"yoast_head":"<!-- This site is optimized with the Yoast SEO plugin v23.4 - https:\/\/yoast.com\/wordpress\/plugins\/seo\/ -->\n<title>Everton \u2013 Norwich City 2:0 - Official Czech &amp; Slovak Everton Supporters&#039; Club<\/title>\n<meta name=\"robots\" content=\"index, follow, max-snippet:-1, max-image-preview:large, max-video-preview:-1\" \/>\n<link rel=\"canonical\" href=\"https:\/\/evertonfc.cz\/index.php\/2021\/09\/26\/everton-norwich-city-20-2\/\" \/>\n<meta property=\"og:locale\" content=\"cs_CZ\" \/>\n<meta property=\"og:type\" content=\"article\" \/>\n<meta property=\"og:title\" content=\"Everton \u2013 Norwich City 2:0 - Official Czech &amp; Slovak Everton Supporters&#039; Club\" \/>\n<meta property=\"og:description\" content=\"Predv\u00e1dzan\u00e1 hra pred dom\u00e1cim publikom neoh\u00farila, no zaistila vcelku pohodln\u00e9 tri body od celku, ktor\u00fd t\u00fato sez\u00f3nu zatia\u013e nez\u00edskal \u017eiadne. Tak\u00e1to istota n\u00e1m ch\u00fdbala.\" \/>\n<meta property=\"og:url\" content=\"https:\/\/evertonfc.cz\/index.php\/2021\/09\/26\/everton-norwich-city-20-2\/\" \/>\n<meta property=\"og:site_name\" content=\"Official Czech &amp; Slovak Everton Supporters&#039; Club\" \/>\n<meta property=\"article:publisher\" content=\"https:\/\/www.facebook.com\/everton.fans.cz.sk\" \/>\n<meta property=\"article:published_time\" content=\"2021-09-26T08:32:35+00:00\" \/>\n<meta property=\"article:modified_time\" content=\"2021-09-27T05:01:52+00:00\" \/>\n<meta property=\"og:image\" content=\"https:\/\/evertonfc.cz\/wp-content\/uploads\/2021\/09\/Sky-Sports-Andros-Townsend-VS-Norwich-City-26-9-2021.jpg\" \/>\n\t<meta property=\"og:image:width\" content=\"720\" \/>\n\t<meta property=\"og:image:height\" content=\"405\" \/>\n\t<meta property=\"og:image:type\" content=\"image\/jpeg\" \/>\n<meta name=\"author\" content=\"BlueBlooded\" \/>\n<meta name=\"twitter:card\" content=\"summary_large_image\" \/>\n<meta name=\"twitter:label1\" content=\"Napsal(a)\" \/>\n\t<meta name=\"twitter:data1\" content=\"BlueBlooded\" \/>\n\t<meta name=\"twitter:label2\" content=\"Odhadovan\u00e1 doba \u010dten\u00ed\" \/>\n\t<meta name=\"twitter:data2\" content=\"3 minuty\" \/>\n<script type=\"application\/ld+json\" class=\"yoast-schema-graph\">{\"@context\":\"https:\/\/schema.org\",\"@graph\":[{\"@type\":\"Article\",\"@id\":\"https:\/\/evertonfc.cz\/index.php\/2021\/09\/26\/everton-norwich-city-20-2\/#article\",\"isPartOf\":{\"@id\":\"https:\/\/evertonfc.cz\/index.php\/2021\/09\/26\/everton-norwich-city-20-2\/\"},\"author\":{\"name\":\"BlueBlooded\",\"@id\":\"https:\/\/evertonfc.cz\/#\/schema\/person\/d4493b8cbea51532597fbc4685698916\"},\"headline\":\"Everton \u2013 Norwich City 2:0\",\"datePublished\":\"2021-09-26T08:32:35+00:00\",\"dateModified\":\"2021-09-27T05:01:52+00:00\",\"mainEntityOfPage\":{\"@id\":\"https:\/\/evertonfc.cz\/index.php\/2021\/09\/26\/everton-norwich-city-20-2\/\"},\"wordCount\":505,\"commentCount\":34,\"publisher\":{\"@id\":\"https:\/\/evertonfc.cz\/#organization\"},\"image\":{\"@id\":\"https:\/\/evertonfc.cz\/index.php\/2021\/09\/26\/everton-norwich-city-20-2\/#primaryimage\"},\"thumbnailUrl\":\"https:\/\/evertonfc.cz\/wp-content\/uploads\/2021\/09\/Sky-Sports-Andros-Townsend-VS-Norwich-City-26-9-2021.jpg\",\"articleSection\":[\"Z\u00e1pasy\"],\"inLanguage\":\"cs\",\"potentialAction\":[{\"@type\":\"CommentAction\",\"name\":\"Comment\",\"target\":[\"https:\/\/evertonfc.cz\/index.php\/2021\/09\/26\/everton-norwich-city-20-2\/#respond\"]}]},{\"@type\":\"WebPage\",\"@id\":\"https:\/\/evertonfc.cz\/index.php\/2021\/09\/26\/everton-norwich-city-20-2\/\",\"url\":\"https:\/\/evertonfc.cz\/index.php\/2021\/09\/26\/everton-norwich-city-20-2\/\",\"name\":\"Everton \u2013 Norwich City 2:0 - Official Czech &amp; Slovak Everton Supporters&#039; Club\",\"isPartOf\":{\"@id\":\"https:\/\/evertonfc.cz\/#website\"},\"primaryImageOfPage\":{\"@id\":\"https:\/\/evertonfc.cz\/index.php\/2021\/09\/26\/everton-norwich-city-20-2\/#primaryimage\"},\"image\":{\"@id\":\"https:\/\/evertonfc.cz\/index.php\/2021\/09\/26\/everton-norwich-city-20-2\/#primaryimage\"},\"thumbnailUrl\":\"https:\/\/evertonfc.cz\/wp-content\/uploads\/2021\/09\/Sky-Sports-Andros-Townsend-VS-Norwich-City-26-9-2021.jpg\",\"datePublished\":\"2021-09-26T08:32:35+00:00\",\"dateModified\":\"2021-09-27T05:01:52+00:00\",\"breadcrumb\":{\"@id\":\"https:\/\/evertonfc.cz\/index.php\/2021\/09\/26\/everton-norwich-city-20-2\/#breadcrumb\"},\"inLanguage\":\"cs\",\"potentialAction\":[{\"@type\":\"ReadAction\",\"target\":[\"https:\/\/evertonfc.cz\/index.php\/2021\/09\/26\/everton-norwich-city-20-2\/\"]}]},{\"@type\":\"ImageObject\",\"inLanguage\":\"cs\",\"@id\":\"https:\/\/evertonfc.cz\/index.php\/2021\/09\/26\/everton-norwich-city-20-2\/#primaryimage\",\"url\":\"https:\/\/evertonfc.cz\/wp-content\/uploads\/2021\/09\/Sky-Sports-Andros-Townsend-VS-Norwich-City-26-9-2021.jpg\",\"contentUrl\":\"https:\/\/evertonfc.cz\/wp-content\/uploads\/2021\/09\/Sky-Sports-Andros-Townsend-VS-Norwich-City-26-9-2021.jpg\",\"width\":720,\"height\":405},{\"@type\":\"BreadcrumbList\",\"@id\":\"https:\/\/evertonfc.cz\/index.php\/2021\/09\/26\/everton-norwich-city-20-2\/#breadcrumb\",\"itemListElement\":[{\"@type\":\"ListItem\",\"position\":1,\"name\":\"Home\",\"item\":\"https:\/\/evertonfc.cz\/\"},{\"@type\":\"ListItem\",\"position\":2,\"name\":\"Everton \u2013 Norwich City 2:0\"}]},{\"@type\":\"WebSite\",\"@id\":\"https:\/\/evertonfc.cz\/#website\",\"url\":\"https:\/\/evertonfc.cz\/\",\"name\":\"Official Czech &amp; Slovak Everton Supporters&#039; Club\",\"description\":\"\",\"publisher\":{\"@id\":\"https:\/\/evertonfc.cz\/#organization\"},\"potentialAction\":[{\"@type\":\"SearchAction\",\"target\":{\"@type\":\"EntryPoint\",\"urlTemplate\":\"https:\/\/evertonfc.cz\/?s={search_term_string}\"},\"query-input\":{\"@type\":\"PropertyValueSpecification\",\"valueRequired\":true,\"valueName\":\"search_term_string\"}}],\"inLanguage\":\"cs\"},{\"@type\":\"Organization\",\"@id\":\"https:\/\/evertonfc.cz\/#organization\",\"name\":\"Official Czech & Slovak Everton Supporters' Club\",\"url\":\"https:\/\/evertonfc.cz\/\",\"logo\":{\"@type\":\"ImageObject\",\"inLanguage\":\"cs\",\"@id\":\"https:\/\/evertonfc.cz\/#\/schema\/logo\/image\/\",\"url\":\"https:\/\/evertonfc.cz\/wp-content\/uploads\/2019\/05\/logo.png\",\"contentUrl\":\"https:\/\/evertonfc.cz\/wp-content\/uploads\/2019\/05\/logo.png\",\"width\":112,\"height\":112,\"caption\":\"Official Czech & Slovak Everton Supporters' Club\"},\"image\":{\"@id\":\"https:\/\/evertonfc.cz\/#\/schema\/logo\/image\/\"},\"sameAs\":[\"https:\/\/www.facebook.com\/everton.fans.cz.sk\"]},{\"@type\":\"Person\",\"@id\":\"https:\/\/evertonfc.cz\/#\/schema\/person\/d4493b8cbea51532597fbc4685698916\",\"name\":\"BlueBlooded\",\"url\":\"https:\/\/evertonfc.cz\/index.php\/author\/admin\/\"}]}<\/script>\n<!-- \/ Yoast SEO plugin. -->","yoast_head_json":{"title":"Everton \u2013 Norwich City 2:0 - Official Czech &amp; Slovak Everton Supporters&#039; Club","robots":{"index":"index","follow":"follow","max-snippet":"max-snippet:-1","max-image-preview":"max-image-preview:large","max-video-preview":"max-video-preview:-1"},"canonical":"https:\/\/evertonfc.cz\/index.php\/2021\/09\/26\/everton-norwich-city-20-2\/","og_locale":"cs_CZ","og_type":"article","og_title":"Everton \u2013 Norwich City 2:0 - Official Czech &amp; Slovak Everton Supporters&#039; Club","og_description":"Predv\u00e1dzan\u00e1 hra pred dom\u00e1cim publikom neoh\u00farila, no zaistila vcelku pohodln\u00e9 tri body od celku, ktor\u00fd t\u00fato sez\u00f3nu zatia\u013e nez\u00edskal \u017eiadne. Tak\u00e1to istota n\u00e1m ch\u00fdbala.","og_url":"https:\/\/evertonfc.cz\/index.php\/2021\/09\/26\/everton-norwich-city-20-2\/","og_site_name":"Official Czech &amp; Slovak Everton Supporters&#039; Club","article_publisher":"https:\/\/www.facebook.com\/everton.fans.cz.sk","article_published_time":"2021-09-26T08:32:35+00:00","article_modified_time":"2021-09-27T05:01:52+00:00","og_image":[{"width":720,"height":405,"url":"https:\/\/evertonfc.cz\/wp-content\/uploads\/2021\/09\/Sky-Sports-Andros-Townsend-VS-Norwich-City-26-9-2021.jpg","type":"image\/jpeg"}],"author":"BlueBlooded","twitter_card":"summary_large_image","twitter_misc":{"Napsal(a)":"BlueBlooded","Odhadovan\u00e1 doba \u010dten\u00ed":"3 minuty"},"schema":{"@context":"https:\/\/schema.org","@graph":[{"@type":"Article","@id":"https:\/\/evertonfc.cz\/index.php\/2021\/09\/26\/everton-norwich-city-20-2\/#article","isPartOf":{"@id":"https:\/\/evertonfc.cz\/index.php\/2021\/09\/26\/everton-norwich-city-20-2\/"},"author":{"name":"BlueBlooded","@id":"https:\/\/evertonfc.cz\/#\/schema\/person\/d4493b8cbea51532597fbc4685698916"},"headline":"Everton \u2013 Norwich City 2:0","datePublished":"2021-09-26T08:32:35+00:00","dateModified":"2021-09-27T05:01:52+00:00","mainEntityOfPage":{"@id":"https:\/\/evertonfc.cz\/index.php\/2021\/09\/26\/everton-norwich-city-20-2\/"},"wordCount":505,"commentCount":34,"publisher":{"@id":"https:\/\/evertonfc.cz\/#organization"},"image":{"@id":"https:\/\/evertonfc.cz\/index.php\/2021\/09\/26\/everton-norwich-city-20-2\/#primaryimage"},"thumbnailUrl":"https:\/\/evertonfc.cz\/wp-content\/uploads\/2021\/09\/Sky-Sports-Andros-Townsend-VS-Norwich-City-26-9-2021.jpg","articleSection":["Z\u00e1pasy"],"inLanguage":"cs","potentialAction":[{"@type":"CommentAction","name":"Comment","target":["https:\/\/evertonfc.cz\/index.php\/2021\/09\/26\/everton-norwich-city-20-2\/#respond"]}]},{"@type":"WebPage","@id":"https:\/\/evertonfc.cz\/index.php\/2021\/09\/26\/everton-norwich-city-20-2\/","url":"https:\/\/evertonfc.cz\/index.php\/2021\/09\/26\/everton-norwich-city-20-2\/","name":"Everton \u2013 Norwich City 2:0 - Official Czech &amp; Slovak Everton Supporters&#039; Club","isPartOf":{"@id":"https:\/\/evertonfc.cz\/#website"},"primaryImageOfPage":{"@id":"https:\/\/evertonfc.cz\/index.php\/2021\/09\/26\/everton-norwich-city-20-2\/#primaryimage"},"image":{"@id":"https:\/\/evertonfc.cz\/index.php\/2021\/09\/26\/everton-norwich-city-20-2\/#primaryimage"},"thumbnailUrl":"https:\/\/evertonfc.cz\/wp-content\/uploads\/2021\/09\/Sky-Sports-Andros-Townsend-VS-Norwich-City-26-9-2021.jpg","datePublished":"2021-09-26T08:32:35+00:00","dateModified":"2021-09-27T05:01:52+00:00","breadcrumb":{"@id":"https:\/\/evertonfc.cz\/index.php\/2021\/09\/26\/everton-norwich-city-20-2\/#breadcrumb"},"inLanguage":"cs","potentialAction":[{"@type":"ReadAction","target":["https:\/\/evertonfc.cz\/index.php\/2021\/09\/26\/everton-norwich-city-20-2\/"]}]},{"@type":"ImageObject","inLanguage":"cs","@id":"https:\/\/evertonfc.cz\/index.php\/2021\/09\/26\/everton-norwich-city-20-2\/#primaryimage","url":"https:\/\/evertonfc.cz\/wp-content\/uploads\/2021\/09\/Sky-Sports-Andros-Townsend-VS-Norwich-City-26-9-2021.jpg","contentUrl":"https:\/\/evertonfc.cz\/wp-content\/uploads\/2021\/09\/Sky-Sports-Andros-Townsend-VS-Norwich-City-26-9-2021.jpg","width":720,"height":405},{"@type":"BreadcrumbList","@id":"https:\/\/evertonfc.cz\/index.php\/2021\/09\/26\/everton-norwich-city-20-2\/#breadcrumb","itemListElement":[{"@type":"ListItem","position":1,"name":"Home","item":"https:\/\/evertonfc.cz\/"},{"@type":"ListItem","position":2,"name":"Everton \u2013 Norwich City 2:0"}]},{"@type":"WebSite","@id":"https:\/\/evertonfc.cz\/#website","url":"https:\/\/evertonfc.cz\/","name":"Official Czech &amp; Slovak Everton Supporters&#039; Club","description":"","publisher":{"@id":"https:\/\/evertonfc.cz\/#organization"},"potentialAction":[{"@type":"SearchAction","target":{"@type":"EntryPoint","urlTemplate":"https:\/\/evertonfc.cz\/?s={search_term_string}"},"query-input":{"@type":"PropertyValueSpecification","valueRequired":true,"valueName":"search_term_string"}}],"inLanguage":"cs"},{"@type":"Organization","@id":"https:\/\/evertonfc.cz\/#organization","name":"Official Czech & Slovak Everton Supporters' Club","url":"https:\/\/evertonfc.cz\/","logo":{"@type":"ImageObject","inLanguage":"cs","@id":"https:\/\/evertonfc.cz\/#\/schema\/logo\/image\/","url":"https:\/\/evertonfc.cz\/wp-content\/uploads\/2019\/05\/logo.png","contentUrl":"https:\/\/evertonfc.cz\/wp-content\/uploads\/2019\/05\/logo.png","width":112,"height":112,"caption":"Official Czech & Slovak Everton Supporters' Club"},"image":{"@id":"https:\/\/evertonfc.cz\/#\/schema\/logo\/image\/"},"sameAs":["https:\/\/www.facebook.com\/everton.fans.cz.sk"]},{"@type":"Person","@id":"https:\/\/evertonfc.cz\/#\/schema\/person\/d4493b8cbea51532597fbc4685698916","name":"BlueBlooded","url":"https:\/\/evertonfc.cz\/index.php\/author\/admin\/"}]}},"_links":{"self":[{"href":"https:\/\/evertonfc.cz\/index.php\/wp-json\/wp\/v2\/posts\/16592"}],"collection":[{"href":"https:\/\/evertonfc.cz\/index.php\/wp-json\/wp\/v2\/posts"}],"about":[{"href":"https:\/\/evertonfc.cz\/index.php\/wp-json\/wp\/v2\/types\/post"}],"author":[{"embeddable":true,"href":"https:\/\/evertonfc.cz\/index.php\/wp-json\/wp\/v2\/users\/1"}],"replies":[{"embeddable":true,"href":"https:\/\/evertonfc.cz\/index.php\/wp-json\/wp\/v2\/comments?post=16592"}],"version-history":[{"count":8,"href":"https:\/\/evertonfc.cz\/index.php\/wp-json\/wp\/v2\/posts\/16592\/revisions"}],"predecessor-version":[{"id":16613,"href":"https:\/\/evertonfc.cz\/index.php\/wp-json\/wp\/v2\/posts\/16592\/revisions\/16613"}],"wp:featuredmedia":[{"embeddable":true,"href":"https:\/\/evertonfc.cz\/index.php\/wp-json\/wp\/v2\/media\/16591"}],"wp:attachment":[{"href":"https:\/\/evertonfc.cz\/index.php\/wp-json\/wp\/v2\/media?parent=16592"}],"wp:term":[{"taxonomy":"category","embeddable":true,"href":"https:\/\/evertonfc.cz\/index.php\/wp-json\/wp\/v2\/categories?post=16592"},{"taxonomy":"post_tag","embeddable":true,"href":"https:\/\/evertonfc.cz\/index.php\/wp-json\/wp\/v2\/tags?post=16592"}],"curies":[{"name":"wp","href":"https:\/\/api.w.org\/{rel}","templated":true}]}}