{"id":16637,"date":"2021-10-02T10:25:23","date_gmt":"2021-10-02T08:25:23","guid":{"rendered":"https:\/\/evertonfc.cz\/?p=16637"},"modified":"2021-10-02T13:21:09","modified_gmt":"2021-10-02T11:21:09","slug":"preview-manchester-united-everton-10","status":"publish","type":"post","link":"https:\/\/evertonfc.cz\/index.php\/2021\/10\/02\/preview-manchester-united-everton-10\/","title":{"rendered":"Preview: Manchester United &#8211; Everton"},"content":{"rendered":"<h4>Prvn\u00ed utk\u00e1n\u00ed sedm\u00e9ho kola sv\u00e1d\u00ed proti sob\u011b tabulkov\u00e9 sousedy &#8211; a to se ne\u010dekalo. P\u00e1t\u00fd Everton bude h\u00e1jit poveden\u00fd start na h\u0159i\u0161ti \u010dtvrt\u00e9ho t\u00fdmu z Old Trafford, tak\u017ee p\u016fjde o prvn\u00ed skute\u010dnou prov\u011brku.<\/h4>\n<p>Manchester United m\u00e1 tentokr\u00e1t celkem jasn\u00fd \u00fakol &#8211; vyhr\u00e1t titul. Podle toho vypadala p\u0159estupov\u00e1 aktivita. V l\u00e9t\u011b podepsali \u010derven\u00e9mu t\u00fdmu Sancho z Borussie Dortmund, Varane z Realu Madrid a skute\u010dn\u00e1 bomba vybuchla na konci srpna, kdy\u017e se na dva roky upsal Cristiano Ronaldo. Start dne\u0161n\u00edm dom\u00e1c\u00edm vy\u0161el stejn\u011b jako Evertonu &#8211; 6 z\u00e1pas\u016f, 13 bod\u016f, vypadnut\u00ed z Ligov\u00e9ho poh\u00e1ru. Jen ta dom\u00e1c\u00ed prohra s Aston Villou v posledn\u00edm kole se ne\u010dekala&#8230;<\/p>\n<p>Bilance Evertonu p\u0159i ma\u010d\u00edch na Old Trafford je tristn\u00ed, od\u00a0<a href=\"https:\/\/evertonfc.cz\/index.php\/2013\/12\/05\/manchester-united-everton-01\/\">\u017eivotn\u00ed trefy Ovieda<\/a> uplynul u\u017e n\u011bjak\u00fd ten p\u00e1tek. Od t\u00e9 doby zvl\u00e1dly Karamelky uhr\u00e1t cel\u00e9 t\u0159i body, by\u0165\u00a0<a href=\"https:\/\/evertonfc.cz\/index.php\/2021\/02\/07\/manchester-united-everton-33\/\">lo\u0148sk\u00e1 p\u0159est\u0159elka byla dramatick\u00e1 a pot\u011b\u0161ila.<\/a> Je tedy \u010das na v\u00fdhru, zvl\u00e1\u0161\u0165, kdy\u017e by Everton v takov\u00e9m p\u0159\u00edpad\u011b byl katapultov\u00e1n na prvn\u00ed m\u00edsto tabulky, a\u010d nejsp\u00ed\u0161 pouze na n\u011bjakou tu hodinu. V p\u0159\u00edpad\u011b t\u00e9to nepravd\u011bpodobn\u00e9 ud\u00e1losti by se Ben\u00edtez stal prvn\u00edm mana\u017eerem v historii anglick\u00e9ho fotbalu, kter\u00fd by na tomto stadionu vyhr\u00e1l v lize se t\u0159et\u00edm klubem.<\/p>\n<p>Zran\u011bn\u00ed host\u016f se moc nel\u00e9\u010d\u00ed. \u010clov\u011bk se t\u011b\u0161\u00ed na souboje Coleman vs Ronaldo a on se dvojn\u00e1sobn\u00fd kapit\u00e1n rad\u011bji odebere na marodku&#8230; Spole\u010dnost mu tam d\u011bl\u00e1 \u010dtve\u0159ice Calvert-Lewin, Delph (st\u00e1le nedol\u00e9\u010den\u00e9 rameno), Gomes a Richarlison. Jedinou dobrou zpr\u00e1vou je tak n\u00e1vrat Gbamina, kter\u00fd ji\u017e uzdravil kvadriceps. Coleman a Calvert-Lewin u\u017e aspo\u0148 za\u010dali s tr\u00e9ninkem, nab\u00edz\u00ed se tedy, \u017ee b\u011bhem reprezenta\u010dn\u00ed pauzy naberou kondici a na dom\u00e1c\u00ed utk\u00e1n\u00ed proti West Hamu budou p\u0159ipraveni. Uvid\u00edme.<\/p>\n<p>U dom\u00e1c\u00edch je k dispozici Wan-Bissaka, kter\u00fd m\u00e1 trest v poh\u00e1rech, ale v lize samoz\u0159ejm\u011b hr\u00e1t m\u016f\u017ee. K tr\u00e9ninku se vr\u00e1til Rashford, ale stav ramene po operaci mu je\u0161t\u011b nedovol\u00ed hr\u00e1t, Shaw laboruje se stejn\u00fdm zran\u011bn\u00edm, sp\u00ed\u0161e nebude. Kv\u016fli zran\u011bn\u00ed l\u00fdtka nebude hr\u00e1t kapit\u00e1n Maguire (vid\u00edte? kapit\u00e1n obr\u00e1nce taky chyb\u00ed), absent\u00e9rem je i k\u0159\u00eddeln\u00edk Diallo.<\/p>\n<p><strong>Co:\u00a0<\/strong>Manchester United FC &#8211; Everton FC, 7. kolo Premier League<br \/>\n<strong>Kdy:\u00a0<\/strong>2. 10. 2021 od 13:30<br \/>\n<strong>Kde:\u00a0<\/strong>Old Trafford, Manchester<br \/>\n<strong>TV:\u00a0<\/strong>P\u0159\u00edm\u00fd p\u0159enos na stanici Premier Sport 1<br \/>\n<strong>Rozhod\u010d\u00ed:\u00a0<\/strong>Michael Oliver &#8211; Stuart Burt, Simon Bennett\u00a0 <strong>\u010ctvrt\u00fd rozhod\u010d\u00ed:\u00a0<\/strong>Paul Tierney<br \/>\n<strong>Videorozhod\u010d\u00ed: <\/strong>Stuart Attwell\u00a0 <strong>Asistent videorozhod\u010d\u00edho: <\/strong>Harry Lennard<\/p>\n","protected":false},"excerpt":{"rendered":"<p>Prvn\u00ed utk\u00e1n\u00ed sedm\u00e9ho kola sv\u00e1d\u00ed proti sob\u011b tabulkov\u00e9 sousedy &#8211; a to se ne\u010dekalo. P\u00e1t\u00fd Everton bude h\u00e1jit poveden\u00fd start na h\u0159i\u0161ti \u010dtvrt\u00e9ho t\u00fdmu z Old Trafford, tak\u017ee p\u016fjde o prvn\u00ed skute\u010dnou prov\u011brku.<\/p>\n","protected":false},"author":12,"featured_media":13968,"comment_status":"open","ping_status":"closed","sticky":false,"template":"","format":"standard","meta":{"_eb_attr":"","_monsterinsights_skip_tracking":false,"_monsterinsights_sitenote_active":false,"_monsterinsights_sitenote_note":"","_monsterinsights_sitenote_category":0,"footnotes":""},"categories":[4],"tags":[],"yoast_head":"<!-- This site is optimized with the Yoast SEO plugin v23.4 - https:\/\/yoast.com\/wordpress\/plugins\/seo\/ -->\n<title>Preview: Manchester United - Everton - Official Czech &amp; Slovak Everton Supporters&#039; Club<\/title>\n<meta name=\"robots\" content=\"index, follow, max-snippet:-1, max-image-preview:large, max-video-preview:-1\" \/>\n<link rel=\"canonical\" href=\"https:\/\/evertonfc.cz\/index.php\/2021\/10\/02\/preview-manchester-united-everton-10\/\" \/>\n<meta property=\"og:locale\" content=\"cs_CZ\" \/>\n<meta property=\"og:type\" content=\"article\" \/>\n<meta property=\"og:title\" content=\"Preview: Manchester United - Everton - Official Czech &amp; Slovak Everton Supporters&#039; Club\" \/>\n<meta property=\"og:description\" content=\"Prvn\u00ed utk\u00e1n\u00ed sedm\u00e9ho kola sv\u00e1d\u00ed proti sob\u011b tabulkov\u00e9 sousedy - a to se ne\u010dekalo. P\u00e1t\u00fd Everton bude h\u00e1jit poveden\u00fd start na h\u0159i\u0161ti \u010dtvrt\u00e9ho t\u00fdmu z Old Trafford, tak\u017ee p\u016fjde o prvn\u00ed skute\u010dnou prov\u011brku.\" \/>\n<meta property=\"og:url\" content=\"https:\/\/evertonfc.cz\/index.php\/2021\/10\/02\/preview-manchester-united-everton-10\/\" \/>\n<meta property=\"og:site_name\" content=\"Official Czech &amp; Slovak Everton Supporters&#039; Club\" \/>\n<meta property=\"article:publisher\" content=\"https:\/\/www.facebook.com\/everton.fans.cz.sk\" \/>\n<meta property=\"article:published_time\" content=\"2021-10-02T08:25:23+00:00\" \/>\n<meta property=\"article:modified_time\" content=\"2021-10-02T11:21:09+00:00\" \/>\n<meta property=\"og:image\" content=\"https:\/\/evertonfc.cz\/wp-content\/uploads\/2021\/02\/Manchester-United-VS-Everton.jpg\" \/>\n\t<meta property=\"og:image:width\" content=\"720\" \/>\n\t<meta property=\"og:image:height\" content=\"405\" \/>\n\t<meta property=\"og:image:type\" content=\"image\/jpeg\" \/>\n<meta name=\"author\" content=\"Javor\" \/>\n<meta name=\"twitter:card\" content=\"summary_large_image\" \/>\n<meta name=\"twitter:creator\" content=\"@LoudinJan\" \/>\n<meta name=\"twitter:label1\" content=\"Napsal(a)\" \/>\n\t<meta name=\"twitter:data1\" content=\"Javor\" \/>\n\t<meta name=\"twitter:label2\" content=\"Odhadovan\u00e1 doba \u010dten\u00ed\" \/>\n\t<meta name=\"twitter:data2\" content=\"2 minuty\" \/>\n<script type=\"application\/ld+json\" class=\"yoast-schema-graph\">{\"@context\":\"https:\/\/schema.org\",\"@graph\":[{\"@type\":\"Article\",\"@id\":\"https:\/\/evertonfc.cz\/index.php\/2021\/10\/02\/preview-manchester-united-everton-10\/#article\",\"isPartOf\":{\"@id\":\"https:\/\/evertonfc.cz\/index.php\/2021\/10\/02\/preview-manchester-united-everton-10\/\"},\"author\":{\"name\":\"Javor\",\"@id\":\"https:\/\/evertonfc.cz\/#\/schema\/person\/b30daf6a5852f4811f8207a17ec1bf78\"},\"headline\":\"Preview: Manchester United &#8211; Everton\",\"datePublished\":\"2021-10-02T08:25:23+00:00\",\"dateModified\":\"2021-10-02T11:21:09+00:00\",\"mainEntityOfPage\":{\"@id\":\"https:\/\/evertonfc.cz\/index.php\/2021\/10\/02\/preview-manchester-united-everton-10\/\"},\"wordCount\":471,\"commentCount\":12,\"publisher\":{\"@id\":\"https:\/\/evertonfc.cz\/#organization\"},\"image\":{\"@id\":\"https:\/\/evertonfc.cz\/index.php\/2021\/10\/02\/preview-manchester-united-everton-10\/#primaryimage\"},\"thumbnailUrl\":\"https:\/\/evertonfc.cz\/wp-content\/uploads\/2021\/02\/Manchester-United-VS-Everton.jpg\",\"articleSection\":[\"Z\u00e1pasy\"],\"inLanguage\":\"cs\",\"potentialAction\":[{\"@type\":\"CommentAction\",\"name\":\"Comment\",\"target\":[\"https:\/\/evertonfc.cz\/index.php\/2021\/10\/02\/preview-manchester-united-everton-10\/#respond\"]}]},{\"@type\":\"WebPage\",\"@id\":\"https:\/\/evertonfc.cz\/index.php\/2021\/10\/02\/preview-manchester-united-everton-10\/\",\"url\":\"https:\/\/evertonfc.cz\/index.php\/2021\/10\/02\/preview-manchester-united-everton-10\/\",\"name\":\"Preview: Manchester United - Everton - Official Czech &amp; Slovak Everton Supporters&#039; Club\",\"isPartOf\":{\"@id\":\"https:\/\/evertonfc.cz\/#website\"},\"primaryImageOfPage\":{\"@id\":\"https:\/\/evertonfc.cz\/index.php\/2021\/10\/02\/preview-manchester-united-everton-10\/#primaryimage\"},\"image\":{\"@id\":\"https:\/\/evertonfc.cz\/index.php\/2021\/10\/02\/preview-manchester-united-everton-10\/#primaryimage\"},\"thumbnailUrl\":\"https:\/\/evertonfc.cz\/wp-content\/uploads\/2021\/02\/Manchester-United-VS-Everton.jpg\",\"datePublished\":\"2021-10-02T08:25:23+00:00\",\"dateModified\":\"2021-10-02T11:21:09+00:00\",\"breadcrumb\":{\"@id\":\"https:\/\/evertonfc.cz\/index.php\/2021\/10\/02\/preview-manchester-united-everton-10\/#breadcrumb\"},\"inLanguage\":\"cs\",\"potentialAction\":[{\"@type\":\"ReadAction\",\"target\":[\"https:\/\/evertonfc.cz\/index.php\/2021\/10\/02\/preview-manchester-united-everton-10\/\"]}]},{\"@type\":\"ImageObject\",\"inLanguage\":\"cs\",\"@id\":\"https:\/\/evertonfc.cz\/index.php\/2021\/10\/02\/preview-manchester-united-everton-10\/#primaryimage\",\"url\":\"https:\/\/evertonfc.cz\/wp-content\/uploads\/2021\/02\/Manchester-United-VS-Everton.jpg\",\"contentUrl\":\"https:\/\/evertonfc.cz\/wp-content\/uploads\/2021\/02\/Manchester-United-VS-Everton.jpg\",\"width\":720,\"height\":405},{\"@type\":\"BreadcrumbList\",\"@id\":\"https:\/\/evertonfc.cz\/index.php\/2021\/10\/02\/preview-manchester-united-everton-10\/#breadcrumb\",\"itemListElement\":[{\"@type\":\"ListItem\",\"position\":1,\"name\":\"Home\",\"item\":\"https:\/\/evertonfc.cz\/\"},{\"@type\":\"ListItem\",\"position\":2,\"name\":\"Preview: Manchester United &#8211; Everton\"}]},{\"@type\":\"WebSite\",\"@id\":\"https:\/\/evertonfc.cz\/#website\",\"url\":\"https:\/\/evertonfc.cz\/\",\"name\":\"Official Czech &amp; Slovak Everton Supporters&#039; Club\",\"description\":\"\",\"publisher\":{\"@id\":\"https:\/\/evertonfc.cz\/#organization\"},\"potentialAction\":[{\"@type\":\"SearchAction\",\"target\":{\"@type\":\"EntryPoint\",\"urlTemplate\":\"https:\/\/evertonfc.cz\/?s={search_term_string}\"},\"query-input\":{\"@type\":\"PropertyValueSpecification\",\"valueRequired\":true,\"valueName\":\"search_term_string\"}}],\"inLanguage\":\"cs\"},{\"@type\":\"Organization\",\"@id\":\"https:\/\/evertonfc.cz\/#organization\",\"name\":\"Official Czech & Slovak Everton Supporters' Club\",\"url\":\"https:\/\/evertonfc.cz\/\",\"logo\":{\"@type\":\"ImageObject\",\"inLanguage\":\"cs\",\"@id\":\"https:\/\/evertonfc.cz\/#\/schema\/logo\/image\/\",\"url\":\"https:\/\/evertonfc.cz\/wp-content\/uploads\/2019\/05\/logo.png\",\"contentUrl\":\"https:\/\/evertonfc.cz\/wp-content\/uploads\/2019\/05\/logo.png\",\"width\":112,\"height\":112,\"caption\":\"Official Czech & Slovak Everton Supporters' Club\"},\"image\":{\"@id\":\"https:\/\/evertonfc.cz\/#\/schema\/logo\/image\/\"},\"sameAs\":[\"https:\/\/www.facebook.com\/everton.fans.cz.sk\"]},{\"@type\":\"Person\",\"@id\":\"https:\/\/evertonfc.cz\/#\/schema\/person\/b30daf6a5852f4811f8207a17ec1bf78\",\"name\":\"Javor\",\"sameAs\":[\"https:\/\/x.com\/LoudinJan\"],\"url\":\"https:\/\/evertonfc.cz\/index.php\/author\/javor\/\"}]}<\/script>\n<!-- \/ Yoast SEO plugin. -->","yoast_head_json":{"title":"Preview: Manchester United - Everton - Official Czech &amp; Slovak Everton Supporters&#039; Club","robots":{"index":"index","follow":"follow","max-snippet":"max-snippet:-1","max-image-preview":"max-image-preview:large","max-video-preview":"max-video-preview:-1"},"canonical":"https:\/\/evertonfc.cz\/index.php\/2021\/10\/02\/preview-manchester-united-everton-10\/","og_locale":"cs_CZ","og_type":"article","og_title":"Preview: Manchester United - Everton - Official Czech &amp; Slovak Everton Supporters&#039; Club","og_description":"Prvn\u00ed utk\u00e1n\u00ed sedm\u00e9ho kola sv\u00e1d\u00ed proti sob\u011b tabulkov\u00e9 sousedy - a to se ne\u010dekalo. P\u00e1t\u00fd Everton bude h\u00e1jit poveden\u00fd start na h\u0159i\u0161ti \u010dtvrt\u00e9ho t\u00fdmu z Old Trafford, tak\u017ee p\u016fjde o prvn\u00ed skute\u010dnou prov\u011brku.","og_url":"https:\/\/evertonfc.cz\/index.php\/2021\/10\/02\/preview-manchester-united-everton-10\/","og_site_name":"Official Czech &amp; Slovak Everton Supporters&#039; Club","article_publisher":"https:\/\/www.facebook.com\/everton.fans.cz.sk","article_published_time":"2021-10-02T08:25:23+00:00","article_modified_time":"2021-10-02T11:21:09+00:00","og_image":[{"width":720,"height":405,"url":"https:\/\/evertonfc.cz\/wp-content\/uploads\/2021\/02\/Manchester-United-VS-Everton.jpg","type":"image\/jpeg"}],"author":"Javor","twitter_card":"summary_large_image","twitter_creator":"@LoudinJan","twitter_misc":{"Napsal(a)":"Javor","Odhadovan\u00e1 doba \u010dten\u00ed":"2 minuty"},"schema":{"@context":"https:\/\/schema.org","@graph":[{"@type":"Article","@id":"https:\/\/evertonfc.cz\/index.php\/2021\/10\/02\/preview-manchester-united-everton-10\/#article","isPartOf":{"@id":"https:\/\/evertonfc.cz\/index.php\/2021\/10\/02\/preview-manchester-united-everton-10\/"},"author":{"name":"Javor","@id":"https:\/\/evertonfc.cz\/#\/schema\/person\/b30daf6a5852f4811f8207a17ec1bf78"},"headline":"Preview: Manchester United &#8211; Everton","datePublished":"2021-10-02T08:25:23+00:00","dateModified":"2021-10-02T11:21:09+00:00","mainEntityOfPage":{"@id":"https:\/\/evertonfc.cz\/index.php\/2021\/10\/02\/preview-manchester-united-everton-10\/"},"wordCount":471,"commentCount":12,"publisher":{"@id":"https:\/\/evertonfc.cz\/#organization"},"image":{"@id":"https:\/\/evertonfc.cz\/index.php\/2021\/10\/02\/preview-manchester-united-everton-10\/#primaryimage"},"thumbnailUrl":"https:\/\/evertonfc.cz\/wp-content\/uploads\/2021\/02\/Manchester-United-VS-Everton.jpg","articleSection":["Z\u00e1pasy"],"inLanguage":"cs","potentialAction":[{"@type":"CommentAction","name":"Comment","target":["https:\/\/evertonfc.cz\/index.php\/2021\/10\/02\/preview-manchester-united-everton-10\/#respond"]}]},{"@type":"WebPage","@id":"https:\/\/evertonfc.cz\/index.php\/2021\/10\/02\/preview-manchester-united-everton-10\/","url":"https:\/\/evertonfc.cz\/index.php\/2021\/10\/02\/preview-manchester-united-everton-10\/","name":"Preview: Manchester United - Everton - Official Czech &amp; Slovak Everton Supporters&#039; Club","isPartOf":{"@id":"https:\/\/evertonfc.cz\/#website"},"primaryImageOfPage":{"@id":"https:\/\/evertonfc.cz\/index.php\/2021\/10\/02\/preview-manchester-united-everton-10\/#primaryimage"},"image":{"@id":"https:\/\/evertonfc.cz\/index.php\/2021\/10\/02\/preview-manchester-united-everton-10\/#primaryimage"},"thumbnailUrl":"https:\/\/evertonfc.cz\/wp-content\/uploads\/2021\/02\/Manchester-United-VS-Everton.jpg","datePublished":"2021-10-02T08:25:23+00:00","dateModified":"2021-10-02T11:21:09+00:00","breadcrumb":{"@id":"https:\/\/evertonfc.cz\/index.php\/2021\/10\/02\/preview-manchester-united-everton-10\/#breadcrumb"},"inLanguage":"cs","potentialAction":[{"@type":"ReadAction","target":["https:\/\/evertonfc.cz\/index.php\/2021\/10\/02\/preview-manchester-united-everton-10\/"]}]},{"@type":"ImageObject","inLanguage":"cs","@id":"https:\/\/evertonfc.cz\/index.php\/2021\/10\/02\/preview-manchester-united-everton-10\/#primaryimage","url":"https:\/\/evertonfc.cz\/wp-content\/uploads\/2021\/02\/Manchester-United-VS-Everton.jpg","contentUrl":"https:\/\/evertonfc.cz\/wp-content\/uploads\/2021\/02\/Manchester-United-VS-Everton.jpg","width":720,"height":405},{"@type":"BreadcrumbList","@id":"https:\/\/evertonfc.cz\/index.php\/2021\/10\/02\/preview-manchester-united-everton-10\/#breadcrumb","itemListElement":[{"@type":"ListItem","position":1,"name":"Home","item":"https:\/\/evertonfc.cz\/"},{"@type":"ListItem","position":2,"name":"Preview: Manchester United &#8211; Everton"}]},{"@type":"WebSite","@id":"https:\/\/evertonfc.cz\/#website","url":"https:\/\/evertonfc.cz\/","name":"Official Czech &amp; Slovak Everton Supporters&#039; Club","description":"","publisher":{"@id":"https:\/\/evertonfc.cz\/#organization"},"potentialAction":[{"@type":"SearchAction","target":{"@type":"EntryPoint","urlTemplate":"https:\/\/evertonfc.cz\/?s={search_term_string}"},"query-input":{"@type":"PropertyValueSpecification","valueRequired":true,"valueName":"search_term_string"}}],"inLanguage":"cs"},{"@type":"Organization","@id":"https:\/\/evertonfc.cz\/#organization","name":"Official Czech & Slovak Everton Supporters' Club","url":"https:\/\/evertonfc.cz\/","logo":{"@type":"ImageObject","inLanguage":"cs","@id":"https:\/\/evertonfc.cz\/#\/schema\/logo\/image\/","url":"https:\/\/evertonfc.cz\/wp-content\/uploads\/2019\/05\/logo.png","contentUrl":"https:\/\/evertonfc.cz\/wp-content\/uploads\/2019\/05\/logo.png","width":112,"height":112,"caption":"Official Czech & Slovak Everton Supporters' Club"},"image":{"@id":"https:\/\/evertonfc.cz\/#\/schema\/logo\/image\/"},"sameAs":["https:\/\/www.facebook.com\/everton.fans.cz.sk"]},{"@type":"Person","@id":"https:\/\/evertonfc.cz\/#\/schema\/person\/b30daf6a5852f4811f8207a17ec1bf78","name":"Javor","sameAs":["https:\/\/x.com\/LoudinJan"],"url":"https:\/\/evertonfc.cz\/index.php\/author\/javor\/"}]}},"_links":{"self":[{"href":"https:\/\/evertonfc.cz\/index.php\/wp-json\/wp\/v2\/posts\/16637"}],"collection":[{"href":"https:\/\/evertonfc.cz\/index.php\/wp-json\/wp\/v2\/posts"}],"about":[{"href":"https:\/\/evertonfc.cz\/index.php\/wp-json\/wp\/v2\/types\/post"}],"author":[{"embeddable":true,"href":"https:\/\/evertonfc.cz\/index.php\/wp-json\/wp\/v2\/users\/12"}],"replies":[{"embeddable":true,"href":"https:\/\/evertonfc.cz\/index.php\/wp-json\/wp\/v2\/comments?post=16637"}],"version-history":[{"count":3,"href":"https:\/\/evertonfc.cz\/index.php\/wp-json\/wp\/v2\/posts\/16637\/revisions"}],"predecessor-version":[{"id":16640,"href":"https:\/\/evertonfc.cz\/index.php\/wp-json\/wp\/v2\/posts\/16637\/revisions\/16640"}],"wp:featuredmedia":[{"embeddable":true,"href":"https:\/\/evertonfc.cz\/index.php\/wp-json\/wp\/v2\/media\/13968"}],"wp:attachment":[{"href":"https:\/\/evertonfc.cz\/index.php\/wp-json\/wp\/v2\/media?parent=16637"}],"wp:term":[{"taxonomy":"category","embeddable":true,"href":"https:\/\/evertonfc.cz\/index.php\/wp-json\/wp\/v2\/categories?post=16637"},{"taxonomy":"post_tag","embeddable":true,"href":"https:\/\/evertonfc.cz\/index.php\/wp-json\/wp\/v2\/tags?post=16637"}],"curies":[{"name":"wp","href":"https:\/\/api.w.org\/{rel}","templated":true}]}}