{"id":16651,"date":"2021-10-03T11:31:59","date_gmt":"2021-10-03T09:31:59","guid":{"rendered":"https:\/\/evertonfc.cz\/?p=16651"},"modified":"2022-05-07T18:19:17","modified_gmt":"2022-05-07T16:19:17","slug":"projekt-bramley-moore-v-plnom-prude","status":"publish","type":"post","link":"https:\/\/evertonfc.cz\/index.php\/2021\/10\/03\/projekt-bramley-moore-v-plnom-prude\/","title":{"rendered":"Projekt Bramley-Moore v plnom pr\u00fade"},"content":{"rendered":"<h4>Pol miliardov\u00e1 invest\u00edcia Evertonu do nov\u00e9ho sv\u00e4tost\u00e1nku kone\u010dne naber\u00e1 re\u00e1lne kont\u00fary. \u010co sa udialo cez leto, a\u00a0ako postupuj\u00fa pr\u00e1ce na novom \u0161tadi\u00f3ne, sa dozviete v\u00a0\u010dl\u00e1nku.<\/h4>\n<p>Potom, \u010do klub zabezpe\u010dil financovanie tohto obrovsk\u00e9ho projektu, ktor\u00fdm sa budeme zaobera\u0165 v samostatnom \u010dl\u00e1nku nesk\u00f4r, bolo prvorad\u00e1 akviz\u00edcia pozemku od spolo\u010dnosti Peel L&amp;P\u2019s. V na\u0161om pr\u00edpade ide o pr\u00edstavn\u00fd dok. Ten dlh\u00e9 roky, konkr\u00e9tne od 19. storo\u010dia sl\u00fa\u017eil na rozsiahly obchod s uhl\u00edm. A to a\u017e do z\u00e1niku biznisu v roku 1988. Potom, \u010do sa v priebehu j\u00fana potvrdila jeho bezpe\u010dnos\u0165 a prezistili sa po\u017eiadavky na pr\u00edpadn\u00e9 opravy, bola 26. j\u00fala k\u00fapa pozemku zrealizovan\u00e1.<\/p>\n<p>Lodenice toti\u017e st\u00e1le m\u00f4\u017eu obsahova\u0165 nevybuchnut\u00fa mun\u00edciu z \u010dias druhej svetovej vojny. Plavidlo Royal Boskalis, naz\u00fdvan\u00e9 aj Norma, preto rutinne presk\u00famalo dno doku a jeho steny. Pr\u00e1ce, na ktor\u00e9 dohliadal Everton a stavebn\u00fd partner Laing O\u2019Rourke, ur\u010dili, \u010di je pred naplnen\u00edm n\u00e1dr\u017ee potrebn\u00e1 \u00fadr\u017eba steny doku. To bude jedn\u00fdm z prv\u00fdch ve\u013ek\u00fdch krokov pri budovan\u00ed nov\u00e9ho \u0161tadi\u00f3na.<\/p>\n<h4><strong>Prv\u00e1 f\u00e1za<\/strong><\/h4>\n<p>N\u00e1ro\u010dn\u00fd z\u00e1mer Evertonu vybudova\u0165 tak\u00fdto \u0161tadi\u00f3n, je uzn\u00e1van\u00fd ako najv\u00e4\u010d\u0161\u00ed rozvoj s\u00fakromn\u00e9ho sektora na jednom mieste v celej krajine. Ten pod\u013ea odhadov prispeje 1,3 miliardy libier na britsk\u00fa ekonomiku, pri\u010dom vytvor\u00ed viac ako 15 000 pracovn\u00fdch miest a pril\u00e1ka 1,4 mili\u00f3na n\u00e1v\u0161tevn\u00edkov do mesta Liverpool. Po dokon\u010den\u00ed bude sch\u00e9ma fungova\u0165 ako katalyz\u00e1tor zr\u00fdchlenej regener\u00e1cie severnej \u010dasti mesta v hodnote viac ako 650 mili\u00f3nov. Z toho bude ma\u0165 prospech najm\u00e4 projekt povodia rieky Mersey &#8222;Liverpool Waters&#8220; od spolo\u010dnosti Peel L&amp;P a ne\u010falek\u00fd rozvoj priemyselnej a dokovej oblasti Ten Streets.<\/p>\n<p>Prakticky hne\u010f po z\u00edskan\u00ed vlastn\u00edckych pr\u00e1v sa za\u010dala prv\u00e1 f\u00e1za v\u00fdstavby. Na prv\u00e9 obrysy st\u00e1nku s kapacitou 52 888 div\u00e1kov si v\u0161ak e\u0161te po\u010dk\u00e1me. Prv\u00e1 f\u00e1za bude umo\u017e\u0148ova\u0165 pr\u00e1ce na pr\u00edprave pr\u00edstaviska do stavu pripravenosti na stavbu. Pr\u00e1ce bud\u00fa zah\u0155\u0148a\u0165 opravu a konzerv\u00e1ciu m\u00faru doku uveden\u00e9ho v zozname druh\u00e9ho stup\u0148a pamiatkovej ochrany, tie\u017e stabiliz\u00e1ciu hydraulickej ve\u017ee nach\u00e1dzaj\u00facej sa v are\u00e1li doku, \u010falej rozvoj soci\u00e1lnych zariaden\u00ed pre dvan\u00e1s\u0165tis\u00edcov\u00fd stavebn\u00fd person\u00e1l, a pr\u00edpravu na demol\u00e1ciu existuj\u00facich nek\u00f3tovan\u00fdch \u0161trukt\u00far a hrabanie dna doku. Takisto bude nain\u0161talovan\u00e9 potrubie, ktor\u00e9 bude sl\u00fa\u017ei\u0165 na plnenie doku materi\u00e1lom.<\/p>\n<h4><strong>Sl\u00e1vnostn\u00e9 zah\u00e1jenie<\/strong><\/h4>\n<p>Desiateho augusta 2021 sa v Bramley-Moore konala cerem\u00f3nia pri pr\u00edle\u017eitosti prv\u00e9ho zahryznutia bagrov do doku. Z\u00e1le\u017eitosti, ktor\u00e1 ofici\u00e1lne od\u0161tartovala trojro\u010dn\u00e9 invest\u00edcie presahuj\u00face 500 mili\u00f3nov libier, sa z\u00fa\u010dastnili predseda Evertonu Bill Kenwright, gener\u00e1lna riadite\u013eka klubu Denise Barrett-Baxendale a hr\u00e1\u010dsky ambas\u00e1dor, b\u00fdval\u00fd hr\u00e1\u010d a legenda Graeme Sharp. Spolu s nimi boli prizvan\u00ed aj niektor\u00ed k\u013e\u00fa\u010dov\u00ed partneri projektu, a to v oblasti pl\u00e1novania, v\u00fdstavby a in\u017einierstva.<\/p>\n<p>Historick\u00e1 bude fotka r\u00fdpadla s logom Evertonu, ktor\u00e9 urobilo prv\u00fd z\u00e1rez do v\u00fdchodn\u00e9ho n\u00e1bre\u017eia doku Bramley-Moore, preto\u017ee pr\u00e1ce na novom n\u00e1bre\u017enom \u0161tadi\u00f3ne za\u010d\u00ednaj\u00fa nabera\u0165 na obr\u00e1tkach. Ceremoni\u00e1l pri prvom prelomen\u00ed ter\u00e9nu je tradi\u010dn\u00fd vo v\u00fdstavb\u00e1ch a je s\u00fa\u010das\u0165ou po\u017eadovan\u00fdch stavebn\u00fdch pr\u00e1c na v\u00fdchodnom n\u00e1bre\u017e\u00ed, ktor\u00e9 sa nakoniec stane domovom Fan Plaza &#8211; oblasti, ktor\u00e1 by po\u010das z\u00e1pasov mohla u\u017e v sez\u00f3ne 2024\/25 priv\u00edta\u0165 viac ako dev\u00e4\u0165 tis\u00edc fan\u00fa\u0161ikov.<\/p>\n<h4><strong>Predseda Evertonu Bill Kenwright:<\/strong><\/h4>\n<blockquote><p><span style=\"font-size: 12pt;\"><em>\u201eToto je v\u00fdznamn\u00fd de\u0148. Ten, na ktor\u00fd sme v\u0161etci \u010dakali. Vedie\u0165, \u017ee Evertonians a \u013eudia v tomto ve\u013ekom meste s\u00fa s nami na tejto ceste, je zvl\u00e1\u0161tny pocit. Teraz, ke\u010f sa pr\u00e1ce za\u010dali, m\u00f4\u017eeme v\u0161etci sledova\u0165 n\u00e1\u0161 n\u00e1dhern\u00fd domov, ako o\u017e\u00edva. Uv\u00e1dzam zrejm\u00e9, ale mus\u00edm zopakova\u0165, \u017ee tento de\u0148 by sa nemohol udia\u0165 bez pokra\u010duj\u00facej podpory Farhada na v\u0161etk\u00fdch \u00farovniach a \u00fasilia a odhodlania na\u0161ej gener\u00e1lnej riadite\u013eky Denise a jej t\u00edmu. O nieko\u013eko rokov sa samozrejme rozl\u00fa\u010dime \u010do najl\u00e1skavej\u0161ie s na\u0161\u00edm milovan\u00fdm domovom v Goodison Parku. Ten smutn\u00fd de\u0148 bude jednoduch\u0161\u00ed, preto\u017ee vieme, \u017ee ideme na \u00fa\u017easn\u00fd nov\u00fd \u0161tadi\u00f3n, ktor\u00fd bude na\u0161im fan\u00fa\u0161ikom a ich de\u0165om, a de\u0165om ich det\u00ed prin\u00e1\u0161a\u0165 rados\u0165 v celom nasleduj\u00facom storo\u010d\u00ed, o ktor\u00fa sme sa v\u0161etci v L4 delili.\u201c<\/em><\/span><\/p><\/blockquote>\n<p>V\u00a0nasleduj\u00facej \u010dasti si si rozoberieme vy\u010distenie a\u00a0utesnenie povodia doku. Tie\u017e d\u00e1vame do pozornosti, \u017ee klub bude pribli\u017eova\u0165 v\u00fdvoj \u0161tadi\u00f3na po\u010das v\u00fdstavby spusten\u00edm novej webovej str\u00e1nky v nasleduj\u00facich t\u00fd\u017ed\u0148och. T\u00e1to str\u00e1nka bude pon\u00faka\u0165 novinky a inform\u00e1cie o pokroku na Bramley-Moore a taktie\u017e poskytne priaznivcom a zainteresovan\u00fdm stran\u00e1m mo\u017enos\u0165 prezera\u0165 si aktivitu na mieste prostredn\u00edctvom webovej kamery. O\u00a0jej spusten\u00ed a presnej adrese v\u00e1s budeme informova\u0165.<\/p>\n<p style=\"text-align: right;\"><span style=\"font-size: 8pt;\">(fotozdroj: evertonfc.com)<\/span><\/p>\n","protected":false},"excerpt":{"rendered":"<p>Pol miliardov\u00e1 invest\u00edcia Evertonu do nov\u00e9ho sv\u00e4tost\u00e1nku kone\u010dne naber\u00e1 re\u00e1lne kont\u00fary. \u010co sa udialo cez leto, a\u00a0ako postupuj\u00fa pr\u00e1ce na novom \u0161tadi\u00f3ne, sa dozviete v\u00a0\u010dl\u00e1nku.<\/p>\n","protected":false},"author":1,"featured_media":16650,"comment_status":"open","ping_status":"closed","sticky":false,"template":"","format":"standard","meta":{"_eb_attr":"","_monsterinsights_skip_tracking":false,"_monsterinsights_sitenote_active":false,"_monsterinsights_sitenote_note":"","_monsterinsights_sitenote_category":0,"footnotes":""},"categories":[146],"tags":[],"yoast_head":"<!-- This site is optimized with the Yoast SEO plugin v23.4 - https:\/\/yoast.com\/wordpress\/plugins\/seo\/ -->\n<title>Projekt Bramley-Moore v plnom pr\u00fade - Official Czech &amp; Slovak Everton Supporters&#039; Club<\/title>\n<meta name=\"robots\" content=\"index, follow, max-snippet:-1, max-image-preview:large, max-video-preview:-1\" \/>\n<link rel=\"canonical\" href=\"https:\/\/evertonfc.cz\/index.php\/2021\/10\/03\/projekt-bramley-moore-v-plnom-prude\/\" \/>\n<meta property=\"og:locale\" content=\"cs_CZ\" \/>\n<meta property=\"og:type\" content=\"article\" \/>\n<meta property=\"og:title\" content=\"Projekt Bramley-Moore v plnom pr\u00fade - Official Czech &amp; Slovak Everton Supporters&#039; Club\" \/>\n<meta property=\"og:description\" content=\"Pol miliardov\u00e1 invest\u00edcia Evertonu do nov\u00e9ho sv\u00e4tost\u00e1nku kone\u010dne naber\u00e1 re\u00e1lne kont\u00fary. \u010co sa udialo cez leto, a\u00a0ako postupuj\u00fa pr\u00e1ce na novom \u0161tadi\u00f3ne, sa dozviete v\u00a0\u010dl\u00e1nku.\" \/>\n<meta property=\"og:url\" content=\"https:\/\/evertonfc.cz\/index.php\/2021\/10\/03\/projekt-bramley-moore-v-plnom-prude\/\" \/>\n<meta property=\"og:site_name\" content=\"Official Czech &amp; Slovak Everton Supporters&#039; Club\" \/>\n<meta property=\"article:publisher\" content=\"https:\/\/www.facebook.com\/everton.fans.cz.sk\" \/>\n<meta property=\"article:published_time\" content=\"2021-10-03T09:31:59+00:00\" \/>\n<meta property=\"article:modified_time\" content=\"2022-05-07T16:19:17+00:00\" \/>\n<meta property=\"og:image\" content=\"https:\/\/evertonfc.cz\/wp-content\/uploads\/2021\/10\/Everton-breaking-ground-BMD-evertonfc.com-3-10-2021.png\" \/>\n\t<meta property=\"og:image:width\" content=\"720\" \/>\n\t<meta property=\"og:image:height\" content=\"405\" \/>\n\t<meta property=\"og:image:type\" content=\"image\/png\" \/>\n<meta name=\"author\" content=\"BlueBlooded\" \/>\n<meta name=\"twitter:card\" content=\"summary_large_image\" \/>\n<meta name=\"twitter:label1\" content=\"Napsal(a)\" \/>\n\t<meta name=\"twitter:data1\" content=\"BlueBlooded\" \/>\n\t<meta name=\"twitter:label2\" content=\"Odhadovan\u00e1 doba \u010dten\u00ed\" \/>\n\t<meta name=\"twitter:data2\" content=\"4 minuty\" \/>\n<script type=\"application\/ld+json\" class=\"yoast-schema-graph\">{\"@context\":\"https:\/\/schema.org\",\"@graph\":[{\"@type\":\"Article\",\"@id\":\"https:\/\/evertonfc.cz\/index.php\/2021\/10\/03\/projekt-bramley-moore-v-plnom-prude\/#article\",\"isPartOf\":{\"@id\":\"https:\/\/evertonfc.cz\/index.php\/2021\/10\/03\/projekt-bramley-moore-v-plnom-prude\/\"},\"author\":{\"name\":\"BlueBlooded\",\"@id\":\"https:\/\/evertonfc.cz\/#\/schema\/person\/d4493b8cbea51532597fbc4685698916\"},\"headline\":\"Projekt Bramley-Moore v plnom pr\u00fade\",\"datePublished\":\"2021-10-03T09:31:59+00:00\",\"dateModified\":\"2022-05-07T16:19:17+00:00\",\"mainEntityOfPage\":{\"@id\":\"https:\/\/evertonfc.cz\/index.php\/2021\/10\/03\/projekt-bramley-moore-v-plnom-prude\/\"},\"wordCount\":898,\"commentCount\":1,\"publisher\":{\"@id\":\"https:\/\/evertonfc.cz\/#organization\"},\"image\":{\"@id\":\"https:\/\/evertonfc.cz\/index.php\/2021\/10\/03\/projekt-bramley-moore-v-plnom-prude\/#primaryimage\"},\"thumbnailUrl\":\"https:\/\/evertonfc.cz\/wp-content\/uploads\/2021\/10\/Everton-breaking-ground-BMD-evertonfc.com-3-10-2021.png\",\"articleSection\":[\"Making of Bramley-Moore\"],\"inLanguage\":\"cs\",\"potentialAction\":[{\"@type\":\"CommentAction\",\"name\":\"Comment\",\"target\":[\"https:\/\/evertonfc.cz\/index.php\/2021\/10\/03\/projekt-bramley-moore-v-plnom-prude\/#respond\"]}]},{\"@type\":\"WebPage\",\"@id\":\"https:\/\/evertonfc.cz\/index.php\/2021\/10\/03\/projekt-bramley-moore-v-plnom-prude\/\",\"url\":\"https:\/\/evertonfc.cz\/index.php\/2021\/10\/03\/projekt-bramley-moore-v-plnom-prude\/\",\"name\":\"Projekt Bramley-Moore v plnom pr\u00fade - Official Czech &amp; Slovak Everton Supporters&#039; Club\",\"isPartOf\":{\"@id\":\"https:\/\/evertonfc.cz\/#website\"},\"primaryImageOfPage\":{\"@id\":\"https:\/\/evertonfc.cz\/index.php\/2021\/10\/03\/projekt-bramley-moore-v-plnom-prude\/#primaryimage\"},\"image\":{\"@id\":\"https:\/\/evertonfc.cz\/index.php\/2021\/10\/03\/projekt-bramley-moore-v-plnom-prude\/#primaryimage\"},\"thumbnailUrl\":\"https:\/\/evertonfc.cz\/wp-content\/uploads\/2021\/10\/Everton-breaking-ground-BMD-evertonfc.com-3-10-2021.png\",\"datePublished\":\"2021-10-03T09:31:59+00:00\",\"dateModified\":\"2022-05-07T16:19:17+00:00\",\"breadcrumb\":{\"@id\":\"https:\/\/evertonfc.cz\/index.php\/2021\/10\/03\/projekt-bramley-moore-v-plnom-prude\/#breadcrumb\"},\"inLanguage\":\"cs\",\"potentialAction\":[{\"@type\":\"ReadAction\",\"target\":[\"https:\/\/evertonfc.cz\/index.php\/2021\/10\/03\/projekt-bramley-moore-v-plnom-prude\/\"]}]},{\"@type\":\"ImageObject\",\"inLanguage\":\"cs\",\"@id\":\"https:\/\/evertonfc.cz\/index.php\/2021\/10\/03\/projekt-bramley-moore-v-plnom-prude\/#primaryimage\",\"url\":\"https:\/\/evertonfc.cz\/wp-content\/uploads\/2021\/10\/Everton-breaking-ground-BMD-evertonfc.com-3-10-2021.png\",\"contentUrl\":\"https:\/\/evertonfc.cz\/wp-content\/uploads\/2021\/10\/Everton-breaking-ground-BMD-evertonfc.com-3-10-2021.png\",\"width\":720,\"height\":405},{\"@type\":\"BreadcrumbList\",\"@id\":\"https:\/\/evertonfc.cz\/index.php\/2021\/10\/03\/projekt-bramley-moore-v-plnom-prude\/#breadcrumb\",\"itemListElement\":[{\"@type\":\"ListItem\",\"position\":1,\"name\":\"Home\",\"item\":\"https:\/\/evertonfc.cz\/\"},{\"@type\":\"ListItem\",\"position\":2,\"name\":\"Projekt Bramley-Moore v plnom pr\u00fade\"}]},{\"@type\":\"WebSite\",\"@id\":\"https:\/\/evertonfc.cz\/#website\",\"url\":\"https:\/\/evertonfc.cz\/\",\"name\":\"Official Czech &amp; Slovak Everton Supporters&#039; Club\",\"description\":\"\",\"publisher\":{\"@id\":\"https:\/\/evertonfc.cz\/#organization\"},\"potentialAction\":[{\"@type\":\"SearchAction\",\"target\":{\"@type\":\"EntryPoint\",\"urlTemplate\":\"https:\/\/evertonfc.cz\/?s={search_term_string}\"},\"query-input\":{\"@type\":\"PropertyValueSpecification\",\"valueRequired\":true,\"valueName\":\"search_term_string\"}}],\"inLanguage\":\"cs\"},{\"@type\":\"Organization\",\"@id\":\"https:\/\/evertonfc.cz\/#organization\",\"name\":\"Official Czech & Slovak Everton Supporters' Club\",\"url\":\"https:\/\/evertonfc.cz\/\",\"logo\":{\"@type\":\"ImageObject\",\"inLanguage\":\"cs\",\"@id\":\"https:\/\/evertonfc.cz\/#\/schema\/logo\/image\/\",\"url\":\"https:\/\/evertonfc.cz\/wp-content\/uploads\/2019\/05\/logo.png\",\"contentUrl\":\"https:\/\/evertonfc.cz\/wp-content\/uploads\/2019\/05\/logo.png\",\"width\":112,\"height\":112,\"caption\":\"Official Czech & Slovak Everton Supporters' Club\"},\"image\":{\"@id\":\"https:\/\/evertonfc.cz\/#\/schema\/logo\/image\/\"},\"sameAs\":[\"https:\/\/www.facebook.com\/everton.fans.cz.sk\"]},{\"@type\":\"Person\",\"@id\":\"https:\/\/evertonfc.cz\/#\/schema\/person\/d4493b8cbea51532597fbc4685698916\",\"name\":\"BlueBlooded\",\"url\":\"https:\/\/evertonfc.cz\/index.php\/author\/admin\/\"}]}<\/script>\n<!-- \/ Yoast SEO plugin. -->","yoast_head_json":{"title":"Projekt Bramley-Moore v plnom pr\u00fade - Official Czech &amp; Slovak Everton Supporters&#039; Club","robots":{"index":"index","follow":"follow","max-snippet":"max-snippet:-1","max-image-preview":"max-image-preview:large","max-video-preview":"max-video-preview:-1"},"canonical":"https:\/\/evertonfc.cz\/index.php\/2021\/10\/03\/projekt-bramley-moore-v-plnom-prude\/","og_locale":"cs_CZ","og_type":"article","og_title":"Projekt Bramley-Moore v plnom pr\u00fade - Official Czech &amp; Slovak Everton Supporters&#039; Club","og_description":"Pol miliardov\u00e1 invest\u00edcia Evertonu do nov\u00e9ho sv\u00e4tost\u00e1nku kone\u010dne naber\u00e1 re\u00e1lne kont\u00fary. \u010co sa udialo cez leto, a\u00a0ako postupuj\u00fa pr\u00e1ce na novom \u0161tadi\u00f3ne, sa dozviete v\u00a0\u010dl\u00e1nku.","og_url":"https:\/\/evertonfc.cz\/index.php\/2021\/10\/03\/projekt-bramley-moore-v-plnom-prude\/","og_site_name":"Official Czech &amp; Slovak Everton Supporters&#039; Club","article_publisher":"https:\/\/www.facebook.com\/everton.fans.cz.sk","article_published_time":"2021-10-03T09:31:59+00:00","article_modified_time":"2022-05-07T16:19:17+00:00","og_image":[{"width":720,"height":405,"url":"https:\/\/evertonfc.cz\/wp-content\/uploads\/2021\/10\/Everton-breaking-ground-BMD-evertonfc.com-3-10-2021.png","type":"image\/png"}],"author":"BlueBlooded","twitter_card":"summary_large_image","twitter_misc":{"Napsal(a)":"BlueBlooded","Odhadovan\u00e1 doba \u010dten\u00ed":"4 minuty"},"schema":{"@context":"https:\/\/schema.org","@graph":[{"@type":"Article","@id":"https:\/\/evertonfc.cz\/index.php\/2021\/10\/03\/projekt-bramley-moore-v-plnom-prude\/#article","isPartOf":{"@id":"https:\/\/evertonfc.cz\/index.php\/2021\/10\/03\/projekt-bramley-moore-v-plnom-prude\/"},"author":{"name":"BlueBlooded","@id":"https:\/\/evertonfc.cz\/#\/schema\/person\/d4493b8cbea51532597fbc4685698916"},"headline":"Projekt Bramley-Moore v plnom pr\u00fade","datePublished":"2021-10-03T09:31:59+00:00","dateModified":"2022-05-07T16:19:17+00:00","mainEntityOfPage":{"@id":"https:\/\/evertonfc.cz\/index.php\/2021\/10\/03\/projekt-bramley-moore-v-plnom-prude\/"},"wordCount":898,"commentCount":1,"publisher":{"@id":"https:\/\/evertonfc.cz\/#organization"},"image":{"@id":"https:\/\/evertonfc.cz\/index.php\/2021\/10\/03\/projekt-bramley-moore-v-plnom-prude\/#primaryimage"},"thumbnailUrl":"https:\/\/evertonfc.cz\/wp-content\/uploads\/2021\/10\/Everton-breaking-ground-BMD-evertonfc.com-3-10-2021.png","articleSection":["Making of Bramley-Moore"],"inLanguage":"cs","potentialAction":[{"@type":"CommentAction","name":"Comment","target":["https:\/\/evertonfc.cz\/index.php\/2021\/10\/03\/projekt-bramley-moore-v-plnom-prude\/#respond"]}]},{"@type":"WebPage","@id":"https:\/\/evertonfc.cz\/index.php\/2021\/10\/03\/projekt-bramley-moore-v-plnom-prude\/","url":"https:\/\/evertonfc.cz\/index.php\/2021\/10\/03\/projekt-bramley-moore-v-plnom-prude\/","name":"Projekt Bramley-Moore v plnom pr\u00fade - Official Czech &amp; Slovak Everton Supporters&#039; Club","isPartOf":{"@id":"https:\/\/evertonfc.cz\/#website"},"primaryImageOfPage":{"@id":"https:\/\/evertonfc.cz\/index.php\/2021\/10\/03\/projekt-bramley-moore-v-plnom-prude\/#primaryimage"},"image":{"@id":"https:\/\/evertonfc.cz\/index.php\/2021\/10\/03\/projekt-bramley-moore-v-plnom-prude\/#primaryimage"},"thumbnailUrl":"https:\/\/evertonfc.cz\/wp-content\/uploads\/2021\/10\/Everton-breaking-ground-BMD-evertonfc.com-3-10-2021.png","datePublished":"2021-10-03T09:31:59+00:00","dateModified":"2022-05-07T16:19:17+00:00","breadcrumb":{"@id":"https:\/\/evertonfc.cz\/index.php\/2021\/10\/03\/projekt-bramley-moore-v-plnom-prude\/#breadcrumb"},"inLanguage":"cs","potentialAction":[{"@type":"ReadAction","target":["https:\/\/evertonfc.cz\/index.php\/2021\/10\/03\/projekt-bramley-moore-v-plnom-prude\/"]}]},{"@type":"ImageObject","inLanguage":"cs","@id":"https:\/\/evertonfc.cz\/index.php\/2021\/10\/03\/projekt-bramley-moore-v-plnom-prude\/#primaryimage","url":"https:\/\/evertonfc.cz\/wp-content\/uploads\/2021\/10\/Everton-breaking-ground-BMD-evertonfc.com-3-10-2021.png","contentUrl":"https:\/\/evertonfc.cz\/wp-content\/uploads\/2021\/10\/Everton-breaking-ground-BMD-evertonfc.com-3-10-2021.png","width":720,"height":405},{"@type":"BreadcrumbList","@id":"https:\/\/evertonfc.cz\/index.php\/2021\/10\/03\/projekt-bramley-moore-v-plnom-prude\/#breadcrumb","itemListElement":[{"@type":"ListItem","position":1,"name":"Home","item":"https:\/\/evertonfc.cz\/"},{"@type":"ListItem","position":2,"name":"Projekt Bramley-Moore v plnom pr\u00fade"}]},{"@type":"WebSite","@id":"https:\/\/evertonfc.cz\/#website","url":"https:\/\/evertonfc.cz\/","name":"Official Czech &amp; Slovak Everton Supporters&#039; Club","description":"","publisher":{"@id":"https:\/\/evertonfc.cz\/#organization"},"potentialAction":[{"@type":"SearchAction","target":{"@type":"EntryPoint","urlTemplate":"https:\/\/evertonfc.cz\/?s={search_term_string}"},"query-input":{"@type":"PropertyValueSpecification","valueRequired":true,"valueName":"search_term_string"}}],"inLanguage":"cs"},{"@type":"Organization","@id":"https:\/\/evertonfc.cz\/#organization","name":"Official Czech & Slovak Everton Supporters' Club","url":"https:\/\/evertonfc.cz\/","logo":{"@type":"ImageObject","inLanguage":"cs","@id":"https:\/\/evertonfc.cz\/#\/schema\/logo\/image\/","url":"https:\/\/evertonfc.cz\/wp-content\/uploads\/2019\/05\/logo.png","contentUrl":"https:\/\/evertonfc.cz\/wp-content\/uploads\/2019\/05\/logo.png","width":112,"height":112,"caption":"Official Czech & Slovak Everton Supporters' Club"},"image":{"@id":"https:\/\/evertonfc.cz\/#\/schema\/logo\/image\/"},"sameAs":["https:\/\/www.facebook.com\/everton.fans.cz.sk"]},{"@type":"Person","@id":"https:\/\/evertonfc.cz\/#\/schema\/person\/d4493b8cbea51532597fbc4685698916","name":"BlueBlooded","url":"https:\/\/evertonfc.cz\/index.php\/author\/admin\/"}]}},"_links":{"self":[{"href":"https:\/\/evertonfc.cz\/index.php\/wp-json\/wp\/v2\/posts\/16651"}],"collection":[{"href":"https:\/\/evertonfc.cz\/index.php\/wp-json\/wp\/v2\/posts"}],"about":[{"href":"https:\/\/evertonfc.cz\/index.php\/wp-json\/wp\/v2\/types\/post"}],"author":[{"embeddable":true,"href":"https:\/\/evertonfc.cz\/index.php\/wp-json\/wp\/v2\/users\/1"}],"replies":[{"embeddable":true,"href":"https:\/\/evertonfc.cz\/index.php\/wp-json\/wp\/v2\/comments?post=16651"}],"version-history":[{"count":10,"href":"https:\/\/evertonfc.cz\/index.php\/wp-json\/wp\/v2\/posts\/16651\/revisions"}],"predecessor-version":[{"id":16683,"href":"https:\/\/evertonfc.cz\/index.php\/wp-json\/wp\/v2\/posts\/16651\/revisions\/16683"}],"wp:featuredmedia":[{"embeddable":true,"href":"https:\/\/evertonfc.cz\/index.php\/wp-json\/wp\/v2\/media\/16650"}],"wp:attachment":[{"href":"https:\/\/evertonfc.cz\/index.php\/wp-json\/wp\/v2\/media?parent=16651"}],"wp:term":[{"taxonomy":"category","embeddable":true,"href":"https:\/\/evertonfc.cz\/index.php\/wp-json\/wp\/v2\/categories?post=16651"},{"taxonomy":"post_tag","embeddable":true,"href":"https:\/\/evertonfc.cz\/index.php\/wp-json\/wp\/v2\/tags?post=16651"}],"curies":[{"name":"wp","href":"https:\/\/api.w.org\/{rel}","templated":true}]}}