{"id":16661,"date":"2021-10-03T19:02:22","date_gmt":"2021-10-03T17:02:22","guid":{"rendered":"https:\/\/evertonfc.cz\/?p=16661"},"modified":"2021-10-04T10:27:50","modified_gmt":"2021-10-04T08:27:50","slug":"reading-w-everton-w","status":"publish","type":"post","link":"https:\/\/evertonfc.cz\/index.php\/2021\/10\/03\/reading-w-everton-w\/","title":{"rendered":"Reading W &#8211; Everton W 0:3"},"content":{"rendered":"<h4>Druhdy Madejski, nyn\u00ed The Select Car Leasing Stadium byl sc\u00e9nou, na kter\u00e9 se utkaly dva t\u00fdmy nal\u00e9hav\u011b pot\u0159ebuj\u00edc\u00ed body.<\/h4>\n<p>Tato pot\u0159eba byla v\u011bt\u0161\u00ed u dom\u00e1c\u00edch, kter\u00fdm se letos je\u0161t\u011b bodovat ani sk\u00f3rovat zat\u00edm nepoda\u0159ilo. Everton do starobyl\u00e9ho m\u011bsta nad Tem\u017e\u00ed dorazil bez S\u00f8rensen, kter\u00e1 si minul\u00fd v\u00edkend v z\u00e1pase proti Birminghamu p\u0159etrhla p\u0159edn\u00ed zk\u0159\u00ed\u017een\u00fd vaz. Na lavi\u010dku byla posazena Grace Clinton ve prosp\u011bch Anny Anveg\u00e5rd a Nathalia Bj\u00f6rn se do nominace na z\u00e1pas neve\u0161la v\u016fbec.<\/p>\n<h4>Prvn\u00ed polo\u010das<\/h4>\n<p>pro n\u00e1s za\u010dal t\u00edm nejlep\u0161\u00edm mo\u017en\u00fdm zp\u016fsobem: ve 2. minut\u011b vyu\u017eila Anveg\u00e5rd chybu, kterou p\u0159ed vlastn\u00ed brankou vyprodukovala kapit\u00e1nka dom\u00e1c\u00edch\u00a0 Harding a vst\u0159elila prvn\u00ed g\u00f3l z\u00e1pasu &#8211; <strong>0:1<\/strong>. Bezprost\u0159edn\u011b po g\u00f3lu se evertonsk\u00e9 hr\u00e1\u010dky vydaly k lavi\u010dce pro dres s \u010d\u00edslem 14, se kter\u00fdm g\u00f3l oslavily a v\u011bnovaly nep\u0159\u00edtomn\u00e9 S\u00f8rensen. Tento \u00favod p\u0159edznamenal dal\u0161\u00ed pr\u016fb\u011bh cel\u00e9ho z\u00e1pasu. Everton si otev\u0159el jednosm\u011brku na p\u016fli soupe\u0159ek a Reading ne\u00fa\u010dinn\u011b hrozil ze sporadick\u00fdch proti\u00fatok\u016f. Hlavn\u00ed roli v kontraakc\u00edch m\u011bla Deanne Rose, \u0161pi\u010dkov\u00e1 hr\u00e1\u010dka Kanady a \u00fa\u0159aduj\u00edc\u00ed olympijsk\u00e1 v\u00edt\u011bzka. Je t\u0159eba poznamenat, \u017ee s jej\u00ed eliminac\u00ed m\u011bla Turner pln\u00e9 ruce pr\u00e1ce a mnohdy byla nutn\u00e1 i pomoc kolegy\u0148. Na\u0161t\u011bst\u00ed pro n\u00e1s nem\u011bla obvykle Rose k ruce \u017e\u00e1dnou ze sv\u00fdch spoluhr\u00e1\u010dek, a tak k ohro\u017een\u00ed na\u0161\u00ed branky doch\u00e1zelo jen ojedin\u011ble. Nejv\u011bt\u0161\u00ed \u0161anci Readingu v prvn\u00ed p\u016fli m\u011bla Eikeland. M\u00ed\u010d p\u0159ed n\u00ed zachra\u0148ovala mimo v\u00e1pno vyb\u011bhnuv\u0161\u00ed MacIver a pravd\u011bpodobn\u011b jej odehr\u00e1la hrudn\u00edkem, i kdy\u017e Royals reklamovaly ruku. Dal\u0161\u00ed g\u00f3l Evertonu p\u0159idala po p\u011bkn\u00e9 spolupr\u00e1ci s Christiansen Emslie &#8211;\u00a0 <strong>0:2<\/strong>. T\u011bsn\u011b p\u0159ed polo\u010dasem se postavila k p\u0159\u00edm\u00e9mu kopu Turner a moc hezky zakroutila m\u00ed\u010d p\u0159\u00edmo do br\u00e1ny. Moloney v brance dom\u00e1c\u00edch se nesta\u010dila ani pohnout &#8211; <strong>0:3<\/strong>.<\/p>\n<h4>Druh\u00fd pol\u010das<\/h4>\n<p>prob\u00edhal op\u011bt v na\u0161\u00ed re\u017eii. Velmi intenzivn\u011b jsme se sna\u017eili p\u0159idat \u010dtvrt\u00fd g\u00f3l. Hlavi\u010dka Anveg\u00e5rd skon\u010dila na b\u0159evn\u011b, st\u0159elu Emslie vyrazila Moloney, a tak se nad\u011bje Evertonu na zv\u00fd\u0161en\u00ed upnuly k punt\u00edku des\u00edtky. Na n\u011bj si po faulu na svou osobu srovnala m\u00ed\u010d Christiansen. Bohu\u017eel jej\u00ed penalta nepat\u0159ila mezi ty nejl\u00e9pe kopnut\u00e9 a Moloney j\u00ed vyrazila. K dor\u00e1\u017ece se Izzy sice dostala, ale to u\u017e jej\u00ed st\u0159elu zblokovala hradba pruhovan\u00fdch dres\u016f. Reading propadal \u010d\u00edm d\u00e1l t\u00edm v\u011bt\u0161\u00ed frustraci. Jej\u00edm v\u00fdsledkem byla i situace z konce polo\u010dasu: k p\u0159\u00edm\u00e9mu kopu t\u011bsn\u011b za polovinou h\u0159i\u0161t\u011b se postavila Lily Woodman a reklamovala p\u0159\u00edli\u0161 bl\u00edzko postavenou Emslie. Kdy\u017e odkrokovala vzd\u00e1lenost od m\u00ed\u010de k na\u0161\u00ed k\u0159\u00eddelnici, vy\u0161lo j\u00ed to na dev\u011bt krok\u016f m\u00edsto deseti. P\u0159em\u011b\u0159en\u00ed bylo ohodnoceno jako zdr\u017eov\u00e1n\u00ed a ocen\u011bno \u017elutou kartou. Druhou kartu t\u00e9\u017ee barvy tasila n\u00e1sledn\u011b rozhod\u010d\u00ed i sm\u011brem k protestuj\u00edc\u00ed mana\u017eerce dom\u00e1c\u00edch Kelly Chambers. Po tomto incidentu bylo utk\u00e1n\u00ed ukon\u010deno.<\/p>\n<h4>Shrnut\u00ed<\/h4>\n<p>Reading pro\u017e\u00edv\u00e1 t\u011b\u017ek\u00fd vstup do sez\u00f3ny, ale v\u016fbec mi nevad\u00ed, \u017ee jsme k n\u011bmu dnes p\u0159isp\u011bli. Jen \u0161koda neprom\u011bn\u011bn\u00e9 penalty, ve st\u0159edu tabulky je tla\u010denice a ka\u017ed\u00fd bod ve sk\u00f3re m\u00e1 cenu zlata. Anna Anveg\u00e5rd uk\u00e1zala, \u017ee je na hrotu v\u00fdrazn\u011b \u017eiv\u011bj\u0161\u00ed ne\u017e Val\u00e9rie Gauvin. Aurora Galli dnes podala sv\u016fj zat\u00edm nejlep\u0161\u00ed leto\u0161n\u00ed v\u00fdkon a vypad\u00e1 to, \u017ee kone\u010dn\u011b z\u00edskala sebejistotu. A Dan Turner potvrdila, \u017ee je prost\u011b t\u0159\u00edda. Nicm\u00e9n\u011b chv\u00e1lu by si dnes zaslou\u017eilo v\u00edce hr\u00e1\u010dek, pro co\u017e je vhodn\u00fd prostor v diskuzi pod \u010dl\u00e1nkem.\u00a0 V tabulce jsme se dostali p\u0159ed Citizens, kter\u00e9 dnes padly s West Hamem, tak\u017ee to vypad\u00e1, \u017ee sez\u00f3na bude divok\u00e1. Stoj\u00ed za to j\u00ed podrobn\u011bji sledovat. Come on, you blue girls!<\/p>\n<p style=\"text-align: right;\"><span style=\"font-size: 8pt;\"><em>Fotografie: Claire Emslie (Gettyimages)<\/em><\/span><\/p>\n<p><strong>Branky: <\/strong>Anveg\u00e5rd, Emslie, Turner<\/p>\n<p><strong>\u017dK:<\/strong> Woodham<\/p>\n<p data-reactid=\".1afoomfb160.2.0.0.1.0.1.0.$lx-tabs0.0.$lx-commentary.$lx-commentary.2.0.1.1.1:$post-61599d34c638c12396ae3615.0.6.0.0:$post_3\"><strong>Reading (4-3-3)<\/strong>: Moloney, Bryson, Cooper (Peplow 15\u00b4), Evans, Woodham, Chaplen, Vanhaevermaet, Harding (Harries 33\u00b4), Rose, Eikeland, Dowie.<\/p>\n<p data-reactid=\".1afoomfb160.2.0.0.1.0.1.0.$lx-tabs0.0.$lx-commentary.$lx-commentary.2.0.1.1.1:$post-61599d34c638c12396ae3615.0.6.0.0:$post_7\"><strong>Everton (4-3-3)<\/strong>: MacIver, Maier (Fininnigan 63), Sevecke, George, Turner (Pattinson 76),\u00a0 Dali (Clinton 81\u00b4), Galli, Christiansen, Emslie, Anveg\u00e5rd (Gauvin 63\u00b4), Duggan (Bennison 80\u00b4)<\/p>\n<p data-reactid=\".1afoomfb160.2.0.0.1.0.1.0.$lx-tabs0.0.$lx-commentary.$lx-commentary.2.0.1.1.1:$post-61599d34c638c12396ae3615.0.6.0.0:$post_7\"><strong>Rozhod\u010d\u00ed:<\/strong> Lucy May<\/p>\n","protected":false},"excerpt":{"rendered":"<p>Druhdy Madejski, nyn\u00ed The Select Car Leasing Stadium byl sc\u00e9nou, na kter\u00e9 se utkaly dva t\u00fdmy nal\u00e9hav\u011b pot\u0159ebuj\u00edc\u00ed body.<\/p>\n","protected":false},"author":26,"featured_media":16668,"comment_status":"open","ping_status":"closed","sticky":false,"template":"","format":"standard","meta":{"_eb_attr":"","_monsterinsights_skip_tracking":false,"_monsterinsights_sitenote_active":false,"_monsterinsights_sitenote_note":"","_monsterinsights_sitenote_category":0,"footnotes":""},"categories":[110],"tags":[],"yoast_head":"<!-- This site is optimized with the Yoast SEO plugin v23.4 - https:\/\/yoast.com\/wordpress\/plugins\/seo\/ -->\n<title>Reading W - Everton W 0:3 - Official Czech &amp; Slovak Everton Supporters&#039; Club<\/title>\n<meta name=\"robots\" content=\"index, follow, max-snippet:-1, max-image-preview:large, max-video-preview:-1\" \/>\n<link rel=\"canonical\" href=\"https:\/\/evertonfc.cz\/index.php\/2021\/10\/03\/reading-w-everton-w\/\" \/>\n<meta property=\"og:locale\" content=\"cs_CZ\" \/>\n<meta property=\"og:type\" content=\"article\" \/>\n<meta property=\"og:title\" content=\"Reading W - Everton W 0:3 - Official Czech &amp; Slovak Everton Supporters&#039; Club\" \/>\n<meta property=\"og:description\" content=\"Druhdy Madejski, nyn\u00ed The Select Car Leasing Stadium byl sc\u00e9nou, na kter\u00e9 se utkaly dva t\u00fdmy nal\u00e9hav\u011b pot\u0159ebuj\u00edc\u00ed body.\" \/>\n<meta property=\"og:url\" content=\"https:\/\/evertonfc.cz\/index.php\/2021\/10\/03\/reading-w-everton-w\/\" \/>\n<meta property=\"og:site_name\" content=\"Official Czech &amp; Slovak Everton Supporters&#039; Club\" \/>\n<meta property=\"article:publisher\" content=\"https:\/\/www.facebook.com\/everton.fans.cz.sk\" \/>\n<meta property=\"article:published_time\" content=\"2021-10-03T17:02:22+00:00\" \/>\n<meta property=\"article:modified_time\" content=\"2021-10-04T08:27:50+00:00\" \/>\n<meta property=\"og:image\" content=\"https:\/\/evertonfc.cz\/wp-content\/uploads\/2021\/10\/Emslie-vs-Reading-3_10_2021_web.jpg\" \/>\n\t<meta property=\"og:image:width\" content=\"720\" \/>\n\t<meta property=\"og:image:height\" content=\"404\" \/>\n\t<meta property=\"og:image:type\" content=\"image\/jpeg\" \/>\n<meta name=\"author\" content=\"Karamela\" \/>\n<meta name=\"twitter:card\" content=\"summary_large_image\" \/>\n<meta name=\"twitter:label1\" content=\"Napsal(a)\" \/>\n\t<meta name=\"twitter:data1\" content=\"Karamela\" \/>\n\t<meta name=\"twitter:label2\" content=\"Odhadovan\u00e1 doba \u010dten\u00ed\" \/>\n\t<meta name=\"twitter:data2\" content=\"3 minuty\" \/>\n<script type=\"application\/ld+json\" class=\"yoast-schema-graph\">{\"@context\":\"https:\/\/schema.org\",\"@graph\":[{\"@type\":\"Article\",\"@id\":\"https:\/\/evertonfc.cz\/index.php\/2021\/10\/03\/reading-w-everton-w\/#article\",\"isPartOf\":{\"@id\":\"https:\/\/evertonfc.cz\/index.php\/2021\/10\/03\/reading-w-everton-w\/\"},\"author\":{\"name\":\"Karamela\",\"@id\":\"https:\/\/evertonfc.cz\/#\/schema\/person\/e9a24a80a32efa1344dd2c4e5882185c\"},\"headline\":\"Reading W &#8211; Everton W 0:3\",\"datePublished\":\"2021-10-03T17:02:22+00:00\",\"dateModified\":\"2021-10-04T08:27:50+00:00\",\"mainEntityOfPage\":{\"@id\":\"https:\/\/evertonfc.cz\/index.php\/2021\/10\/03\/reading-w-everton-w\/\"},\"wordCount\":787,\"commentCount\":2,\"publisher\":{\"@id\":\"https:\/\/evertonfc.cz\/#organization\"},\"image\":{\"@id\":\"https:\/\/evertonfc.cz\/index.php\/2021\/10\/03\/reading-w-everton-w\/#primaryimage\"},\"thumbnailUrl\":\"https:\/\/evertonfc.cz\/wp-content\/uploads\/2021\/10\/Emslie-vs-Reading-3_10_2021_web.jpg\",\"articleSection\":[\"Everton Women\"],\"inLanguage\":\"cs\",\"potentialAction\":[{\"@type\":\"CommentAction\",\"name\":\"Comment\",\"target\":[\"https:\/\/evertonfc.cz\/index.php\/2021\/10\/03\/reading-w-everton-w\/#respond\"]}]},{\"@type\":\"WebPage\",\"@id\":\"https:\/\/evertonfc.cz\/index.php\/2021\/10\/03\/reading-w-everton-w\/\",\"url\":\"https:\/\/evertonfc.cz\/index.php\/2021\/10\/03\/reading-w-everton-w\/\",\"name\":\"Reading W - Everton W 0:3 - Official Czech &amp; Slovak Everton Supporters&#039; Club\",\"isPartOf\":{\"@id\":\"https:\/\/evertonfc.cz\/#website\"},\"primaryImageOfPage\":{\"@id\":\"https:\/\/evertonfc.cz\/index.php\/2021\/10\/03\/reading-w-everton-w\/#primaryimage\"},\"image\":{\"@id\":\"https:\/\/evertonfc.cz\/index.php\/2021\/10\/03\/reading-w-everton-w\/#primaryimage\"},\"thumbnailUrl\":\"https:\/\/evertonfc.cz\/wp-content\/uploads\/2021\/10\/Emslie-vs-Reading-3_10_2021_web.jpg\",\"datePublished\":\"2021-10-03T17:02:22+00:00\",\"dateModified\":\"2021-10-04T08:27:50+00:00\",\"breadcrumb\":{\"@id\":\"https:\/\/evertonfc.cz\/index.php\/2021\/10\/03\/reading-w-everton-w\/#breadcrumb\"},\"inLanguage\":\"cs\",\"potentialAction\":[{\"@type\":\"ReadAction\",\"target\":[\"https:\/\/evertonfc.cz\/index.php\/2021\/10\/03\/reading-w-everton-w\/\"]}]},{\"@type\":\"ImageObject\",\"inLanguage\":\"cs\",\"@id\":\"https:\/\/evertonfc.cz\/index.php\/2021\/10\/03\/reading-w-everton-w\/#primaryimage\",\"url\":\"https:\/\/evertonfc.cz\/wp-content\/uploads\/2021\/10\/Emslie-vs-Reading-3_10_2021_web.jpg\",\"contentUrl\":\"https:\/\/evertonfc.cz\/wp-content\/uploads\/2021\/10\/Emslie-vs-Reading-3_10_2021_web.jpg\",\"width\":720,\"height\":404},{\"@type\":\"BreadcrumbList\",\"@id\":\"https:\/\/evertonfc.cz\/index.php\/2021\/10\/03\/reading-w-everton-w\/#breadcrumb\",\"itemListElement\":[{\"@type\":\"ListItem\",\"position\":1,\"name\":\"Home\",\"item\":\"https:\/\/evertonfc.cz\/\"},{\"@type\":\"ListItem\",\"position\":2,\"name\":\"Reading W &#8211; Everton W 0:3\"}]},{\"@type\":\"WebSite\",\"@id\":\"https:\/\/evertonfc.cz\/#website\",\"url\":\"https:\/\/evertonfc.cz\/\",\"name\":\"Official Czech &amp; Slovak Everton Supporters&#039; Club\",\"description\":\"\",\"publisher\":{\"@id\":\"https:\/\/evertonfc.cz\/#organization\"},\"potentialAction\":[{\"@type\":\"SearchAction\",\"target\":{\"@type\":\"EntryPoint\",\"urlTemplate\":\"https:\/\/evertonfc.cz\/?s={search_term_string}\"},\"query-input\":{\"@type\":\"PropertyValueSpecification\",\"valueRequired\":true,\"valueName\":\"search_term_string\"}}],\"inLanguage\":\"cs\"},{\"@type\":\"Organization\",\"@id\":\"https:\/\/evertonfc.cz\/#organization\",\"name\":\"Official Czech & Slovak Everton Supporters' Club\",\"url\":\"https:\/\/evertonfc.cz\/\",\"logo\":{\"@type\":\"ImageObject\",\"inLanguage\":\"cs\",\"@id\":\"https:\/\/evertonfc.cz\/#\/schema\/logo\/image\/\",\"url\":\"https:\/\/evertonfc.cz\/wp-content\/uploads\/2019\/05\/logo.png\",\"contentUrl\":\"https:\/\/evertonfc.cz\/wp-content\/uploads\/2019\/05\/logo.png\",\"width\":112,\"height\":112,\"caption\":\"Official Czech & Slovak Everton Supporters' Club\"},\"image\":{\"@id\":\"https:\/\/evertonfc.cz\/#\/schema\/logo\/image\/\"},\"sameAs\":[\"https:\/\/www.facebook.com\/everton.fans.cz.sk\"]},{\"@type\":\"Person\",\"@id\":\"https:\/\/evertonfc.cz\/#\/schema\/person\/e9a24a80a32efa1344dd2c4e5882185c\",\"name\":\"Karamela\",\"url\":\"https:\/\/evertonfc.cz\/index.php\/author\/karamela\/\"}]}<\/script>\n<!-- \/ Yoast SEO plugin. -->","yoast_head_json":{"title":"Reading W - Everton W 0:3 - Official Czech &amp; Slovak Everton Supporters&#039; Club","robots":{"index":"index","follow":"follow","max-snippet":"max-snippet:-1","max-image-preview":"max-image-preview:large","max-video-preview":"max-video-preview:-1"},"canonical":"https:\/\/evertonfc.cz\/index.php\/2021\/10\/03\/reading-w-everton-w\/","og_locale":"cs_CZ","og_type":"article","og_title":"Reading W - Everton W 0:3 - Official Czech &amp; Slovak Everton Supporters&#039; Club","og_description":"Druhdy Madejski, nyn\u00ed The Select Car Leasing Stadium byl sc\u00e9nou, na kter\u00e9 se utkaly dva t\u00fdmy nal\u00e9hav\u011b pot\u0159ebuj\u00edc\u00ed body.","og_url":"https:\/\/evertonfc.cz\/index.php\/2021\/10\/03\/reading-w-everton-w\/","og_site_name":"Official Czech &amp; Slovak Everton Supporters&#039; Club","article_publisher":"https:\/\/www.facebook.com\/everton.fans.cz.sk","article_published_time":"2021-10-03T17:02:22+00:00","article_modified_time":"2021-10-04T08:27:50+00:00","og_image":[{"width":720,"height":404,"url":"https:\/\/evertonfc.cz\/wp-content\/uploads\/2021\/10\/Emslie-vs-Reading-3_10_2021_web.jpg","type":"image\/jpeg"}],"author":"Karamela","twitter_card":"summary_large_image","twitter_misc":{"Napsal(a)":"Karamela","Odhadovan\u00e1 doba \u010dten\u00ed":"3 minuty"},"schema":{"@context":"https:\/\/schema.org","@graph":[{"@type":"Article","@id":"https:\/\/evertonfc.cz\/index.php\/2021\/10\/03\/reading-w-everton-w\/#article","isPartOf":{"@id":"https:\/\/evertonfc.cz\/index.php\/2021\/10\/03\/reading-w-everton-w\/"},"author":{"name":"Karamela","@id":"https:\/\/evertonfc.cz\/#\/schema\/person\/e9a24a80a32efa1344dd2c4e5882185c"},"headline":"Reading W &#8211; Everton W 0:3","datePublished":"2021-10-03T17:02:22+00:00","dateModified":"2021-10-04T08:27:50+00:00","mainEntityOfPage":{"@id":"https:\/\/evertonfc.cz\/index.php\/2021\/10\/03\/reading-w-everton-w\/"},"wordCount":787,"commentCount":2,"publisher":{"@id":"https:\/\/evertonfc.cz\/#organization"},"image":{"@id":"https:\/\/evertonfc.cz\/index.php\/2021\/10\/03\/reading-w-everton-w\/#primaryimage"},"thumbnailUrl":"https:\/\/evertonfc.cz\/wp-content\/uploads\/2021\/10\/Emslie-vs-Reading-3_10_2021_web.jpg","articleSection":["Everton Women"],"inLanguage":"cs","potentialAction":[{"@type":"CommentAction","name":"Comment","target":["https:\/\/evertonfc.cz\/index.php\/2021\/10\/03\/reading-w-everton-w\/#respond"]}]},{"@type":"WebPage","@id":"https:\/\/evertonfc.cz\/index.php\/2021\/10\/03\/reading-w-everton-w\/","url":"https:\/\/evertonfc.cz\/index.php\/2021\/10\/03\/reading-w-everton-w\/","name":"Reading W - Everton W 0:3 - Official Czech &amp; Slovak Everton Supporters&#039; Club","isPartOf":{"@id":"https:\/\/evertonfc.cz\/#website"},"primaryImageOfPage":{"@id":"https:\/\/evertonfc.cz\/index.php\/2021\/10\/03\/reading-w-everton-w\/#primaryimage"},"image":{"@id":"https:\/\/evertonfc.cz\/index.php\/2021\/10\/03\/reading-w-everton-w\/#primaryimage"},"thumbnailUrl":"https:\/\/evertonfc.cz\/wp-content\/uploads\/2021\/10\/Emslie-vs-Reading-3_10_2021_web.jpg","datePublished":"2021-10-03T17:02:22+00:00","dateModified":"2021-10-04T08:27:50+00:00","breadcrumb":{"@id":"https:\/\/evertonfc.cz\/index.php\/2021\/10\/03\/reading-w-everton-w\/#breadcrumb"},"inLanguage":"cs","potentialAction":[{"@type":"ReadAction","target":["https:\/\/evertonfc.cz\/index.php\/2021\/10\/03\/reading-w-everton-w\/"]}]},{"@type":"ImageObject","inLanguage":"cs","@id":"https:\/\/evertonfc.cz\/index.php\/2021\/10\/03\/reading-w-everton-w\/#primaryimage","url":"https:\/\/evertonfc.cz\/wp-content\/uploads\/2021\/10\/Emslie-vs-Reading-3_10_2021_web.jpg","contentUrl":"https:\/\/evertonfc.cz\/wp-content\/uploads\/2021\/10\/Emslie-vs-Reading-3_10_2021_web.jpg","width":720,"height":404},{"@type":"BreadcrumbList","@id":"https:\/\/evertonfc.cz\/index.php\/2021\/10\/03\/reading-w-everton-w\/#breadcrumb","itemListElement":[{"@type":"ListItem","position":1,"name":"Home","item":"https:\/\/evertonfc.cz\/"},{"@type":"ListItem","position":2,"name":"Reading W &#8211; Everton W 0:3"}]},{"@type":"WebSite","@id":"https:\/\/evertonfc.cz\/#website","url":"https:\/\/evertonfc.cz\/","name":"Official Czech &amp; Slovak Everton Supporters&#039; Club","description":"","publisher":{"@id":"https:\/\/evertonfc.cz\/#organization"},"potentialAction":[{"@type":"SearchAction","target":{"@type":"EntryPoint","urlTemplate":"https:\/\/evertonfc.cz\/?s={search_term_string}"},"query-input":{"@type":"PropertyValueSpecification","valueRequired":true,"valueName":"search_term_string"}}],"inLanguage":"cs"},{"@type":"Organization","@id":"https:\/\/evertonfc.cz\/#organization","name":"Official Czech & Slovak Everton Supporters' Club","url":"https:\/\/evertonfc.cz\/","logo":{"@type":"ImageObject","inLanguage":"cs","@id":"https:\/\/evertonfc.cz\/#\/schema\/logo\/image\/","url":"https:\/\/evertonfc.cz\/wp-content\/uploads\/2019\/05\/logo.png","contentUrl":"https:\/\/evertonfc.cz\/wp-content\/uploads\/2019\/05\/logo.png","width":112,"height":112,"caption":"Official Czech & Slovak Everton Supporters' Club"},"image":{"@id":"https:\/\/evertonfc.cz\/#\/schema\/logo\/image\/"},"sameAs":["https:\/\/www.facebook.com\/everton.fans.cz.sk"]},{"@type":"Person","@id":"https:\/\/evertonfc.cz\/#\/schema\/person\/e9a24a80a32efa1344dd2c4e5882185c","name":"Karamela","url":"https:\/\/evertonfc.cz\/index.php\/author\/karamela\/"}]}},"_links":{"self":[{"href":"https:\/\/evertonfc.cz\/index.php\/wp-json\/wp\/v2\/posts\/16661"}],"collection":[{"href":"https:\/\/evertonfc.cz\/index.php\/wp-json\/wp\/v2\/posts"}],"about":[{"href":"https:\/\/evertonfc.cz\/index.php\/wp-json\/wp\/v2\/types\/post"}],"author":[{"embeddable":true,"href":"https:\/\/evertonfc.cz\/index.php\/wp-json\/wp\/v2\/users\/26"}],"replies":[{"embeddable":true,"href":"https:\/\/evertonfc.cz\/index.php\/wp-json\/wp\/v2\/comments?post=16661"}],"version-history":[{"count":18,"href":"https:\/\/evertonfc.cz\/index.php\/wp-json\/wp\/v2\/posts\/16661\/revisions"}],"predecessor-version":[{"id":16685,"href":"https:\/\/evertonfc.cz\/index.php\/wp-json\/wp\/v2\/posts\/16661\/revisions\/16685"}],"wp:featuredmedia":[{"embeddable":true,"href":"https:\/\/evertonfc.cz\/index.php\/wp-json\/wp\/v2\/media\/16668"}],"wp:attachment":[{"href":"https:\/\/evertonfc.cz\/index.php\/wp-json\/wp\/v2\/media?parent=16661"}],"wp:term":[{"taxonomy":"category","embeddable":true,"href":"https:\/\/evertonfc.cz\/index.php\/wp-json\/wp\/v2\/categories?post=16661"},{"taxonomy":"post_tag","embeddable":true,"href":"https:\/\/evertonfc.cz\/index.php\/wp-json\/wp\/v2\/tags?post=16661"}],"curies":[{"name":"wp","href":"https:\/\/api.w.org\/{rel}","templated":true}]}}